{"id":4239,"date":"2022-09-02T21:10:00","date_gmt":"2022-09-03T00:10:00","guid":{"rendered":"https:\/\/fadeu.urantiacos.cl\/?p=4239"},"modified":"2023-11-14T10:43:05","modified_gmt":"2023-11-14T13:43:05","slug":"fadeu-lamenta-el-sensible-fallecimiento-del-profesor-ernesto-rodriguez","status":"publish","type":"post","link":"https:\/\/fadeu.urantiacos.cl\/en\/2022\/09\/02\/fadeu-lamenta-el-sensible-fallecimiento-del-profesor-ernesto-rodriguez\/","title":{"rendered":"FADEU lamenta el sensible fallecimiento del profesor Ernesto Rodr\u00edguez"},"content":{"rendered":"\n<p>El profesor Rodr\u00edguez lideraba, desde marzo de este a\u00f1o,&nbsp;el interesante&nbsp;ciclo de conversaciones de la Fundaci\u00f3n Cr\u00edtica y Celebraci\u00f3n en el campus Lo Contador, con la participaci\u00f3n de destacados intelectuales nacionales, instancia que logr\u00f3 consolidar tras cinco d\u00e9cadas trabajando en la academia, treinta y cinco a\u00f1os, en el Centro de Estudios P\u00fablicos.<\/p>\n\n\n\n<p><strong>Reconocimiento transversal y masivo<\/strong><\/p>\n\n\n\n<p>Luego de su fallecimiento, fueron muchos los medios de comunicaci\u00f3n que elogiaron la figura de Rodr\u00edguez, destacando su capacidad intelectual, su gesti\u00f3n para la articulaci\u00f3n del di\u00e1logo acad\u00e9mico y pol\u00edtico, y tambi\u00e9n su sensibilidad hacia los temas culturales, art\u00edsticos y el valor que siempre asign\u00f3 a la discusi\u00f3n.<\/p>\n\n\n\n<p>\u201cEntra\u00f1able y gozador. Gran conversador y maestro. Un grande. Poeta, fil\u00f3sofo, rugbista y amigo\u201d, fueron algunas de las palabras que dedicaron sus m\u00e1s cercanos, seg\u00fan consigna Diario Financiero.<\/p>\n\n\n\n<p>Diario El Mercurio tambi\u00e9n dedic\u00f3 sentidas palabras, y fue el profesor y ex Subsecretario del Patrimonio Cultural, Emilio de la Cerda, quien dedic\u00f3 un emotivo mensaje. \u201cEs una gran p\u00e9rdida para la cultura del pa\u00eds, para la cultura y el di\u00e1logo democr\u00e1tico. Fue un maestro perplejo, y desde esa perplejidad era capaz de encontrar valor en personas muy distintas en edades y pensamiento pol\u00edtico\u201d, dijo.<\/p>\n\n\n\n<p>Por su parte, el diario La Tercera lo defini\u00f3 como \u201centusiasta del di\u00e1logo y de la reuni\u00f3n, que durante su vida destac\u00f3 por participar en clubes, fundar colegios, dictar animadas c\u00e1tedras universitarias en casas de estudios como la Pontifica Universidad Cat\u00f3lica y sus memorables charlas en el CEP, donde se vincul\u00f3 por tres d\u00e9cadas\u201d.<\/p>\n\n\n\n<p>\u201cAcaso como muestra de su entusiasmo por el encuentro colectivo, Rodr\u00edguez adem\u00e1s fue fundador de instituciones como el Sporting Rugby Club de Vi\u00f1a del Mar y llev\u00f3 su inter\u00e9s por ese deporte a los patios del colegio Patmos de Vi\u00f1a del Mar, en que fue rector\u201d, agrega la nota.<\/p>\n\n\n\n<p>La Facultad de Arquitectura, Dise\u00f1o y Estudios Urbanos, expres\u00f3 su pesar por la partida de Ernesto Rodr\u00edguez, acompa\u00f1ando la valoraci\u00f3n de su legado a toda su familia, amigos y seres queridos.&nbsp;<\/p>\n\n\n\n<p>Prensa:<\/p>\n\n\n\n<p><a href=\"https:\/\/dfmas.df.cl\/df-mas\/personaje\/ernesto-rodriguez-un-eterno-entusiasta-de-la-conversacion\" target=\"_blank\" rel=\"noreferrer noopener\">Ernesto Rodr\u00edguez, un eterno entusiasta de la conversaci\u00f3n&nbsp;<\/a><\/p>\n\n\n\n<p>(c)Fotograf\u00eda: Diario Financiero \/ Ver\u00f3nica Ortiz<\/p>\n","protected":false},"excerpt":{"rendered":"<p>Lamentable fallecimiento del profesor Ernesto Rodr\u00edguez, acad\u00e9mico de la escuela de Arquitectura (donde dictaba el curso \u201cPo\u00e9tica del Habitar), intelectual, l\u00edder e inspirador para muchas generaciones a partir de la reflexi\u00f3n cr\u00edtica del pensamiento y discusi\u00f3n contempor\u00e1nea.<\/p>\n","protected":false},"author":1,"featured_media":4240,"comment_status":"open","ping_status":"open","sticky":false,"template":"","format":"standard","meta":{"_acf_changed":false,"footnotes":""},"categories":[1],"tags":[],"class_list":["post-4239","post","type-post","status-publish","format-standard","has-post-thumbnail","hentry","category-sin-categorizar"],"acf":[],"yoast_head":"<!-- This site is optimized with the Yoast SEO plugin v27.1.1 - https:\/\/yoast.com\/product\/yoast-seo-wordpress\/ -->\n<title>FADEU lamenta el sensible fallecimiento del profesor Ernesto Rodr\u00edguez - Facultad de Arquitectura, Dise\u00f1o y Estudios Urbanos<\/title>\n<meta name=\"description\" content=\"Lamentable fallecimiento del profesor Ernesto Rodr\u00edguez, acad\u00e9mico de la escuela de Arquitectura (donde dictaba el curso \u201cPo\u00e9tica del Habitar), intelectual, l\u00edder e inspirador para muchas generaciones a partir de la reflexi\u00f3n cr\u00edtica del pensamiento y discusi\u00f3n contempor\u00e1nea.\" \/>\n<meta name=\"robots\" content=\"index, follow, max-snippet:-1, max-image-preview:large, max-video-preview:-1\" \/>\n<link rel=\"canonical\" href=\"https:\/\/fadeu.urantiacos.cl\/en\/2022\/09\/02\/fadeu-lamenta-el-sensible-fallecimiento-del-profesor-ernesto-rodriguez\/\" \/>\n<meta property=\"og:locale\" content=\"en_US\" \/>\n<meta property=\"og:type\" content=\"article\" \/>\n<meta property=\"og:title\" content=\"FADEU lamenta el sensible fallecimiento del profesor Ernesto Rodr\u00edguez - Facultad de Arquitectura, Dise\u00f1o y Estudios Urbanos\" \/>\n<meta property=\"og:description\" content=\"Lamentable fallecimiento del profesor Ernesto Rodr\u00edguez, acad\u00e9mico de la escuela de Arquitectura (donde dictaba el curso \u201cPo\u00e9tica del Habitar), intelectual, l\u00edder e inspirador para muchas generaciones a partir de la reflexi\u00f3n cr\u00edtica del pensamiento y discusi\u00f3n contempor\u00e1nea.\" \/>\n<meta property=\"og:url\" content=\"https:\/\/fadeu.urantiacos.cl\/en\/2022\/09\/02\/fadeu-lamenta-el-sensible-fallecimiento-del-profesor-ernesto-rodriguez\/\" \/>\n<meta property=\"og:site_name\" content=\"Facultad de Arquitectura, Dise\u00f1o y Estudios Urbanos\" \/>\n<meta property=\"article:published_time\" content=\"2022-09-03T00:10:00+00:00\" \/>\n<meta property=\"article:modified_time\" content=\"2023-11-14T13:43:05+00:00\" \/>\n<meta property=\"og:image\" content=\"https:\/\/fadeu.urantiacos.cl\/wp-content\/uploads\/2023\/09\/ernesto_rodriguezz_fadeu.jpg\" \/>\n\t<meta property=\"og:image:width\" content=\"350\" \/>\n\t<meta property=\"og:image:height\" content=\"250\" \/>\n\t<meta property=\"og:image:type\" content=\"image\/jpeg\" \/>\n<meta name=\"author\" content=\"manadmin\" \/>\n<meta name=\"twitter:card\" content=\"summary_large_image\" \/>\n<meta name=\"twitter:label1\" content=\"Written by\" \/>\n\t<meta name=\"twitter:data1\" content=\"manadmin\" \/>\n<script type=\"application\/ld+json\" class=\"yoast-schema-graph\">{\"@context\":\"https:\/\/schema.org\",\"@graph\":[{\"@type\":\"Article\",\"@id\":\"https:\/\/fadeu.urantiacos.cl\/en\/2022\/09\/02\/fadeu-lamenta-el-sensible-fallecimiento-del-profesor-ernesto-rodriguez\/#article\",\"isPartOf\":{\"@id\":\"https:\/\/fadeu.urantiacos.cl\/en\/2022\/09\/02\/fadeu-lamenta-el-sensible-fallecimiento-del-profesor-ernesto-rodriguez\/\"},\"author\":{\"name\":\"manadmin\",\"@id\":\"https:\/\/fadeu.urantiacos.cl\/en\/#\/schema\/person\/d203e2e84b1c40275eac77b3061a19a2\"},\"headline\":\"FADEU lamenta el sensible fallecimiento del profesor Ernesto Rodr\u00edguez\",\"datePublished\":\"2022-09-03T00:10:00+00:00\",\"dateModified\":\"2023-11-14T13:43:05+00:00\",\"mainEntityOfPage\":{\"@id\":\"https:\/\/fadeu.urantiacos.cl\/en\/2022\/09\/02\/fadeu-lamenta-el-sensible-fallecimiento-del-profesor-ernesto-rodriguez\/\"},\"wordCount\":408,\"commentCount\":0,\"image\":{\"@id\":\"https:\/\/fadeu.urantiacos.cl\/en\/2022\/09\/02\/fadeu-lamenta-el-sensible-fallecimiento-del-profesor-ernesto-rodriguez\/#primaryimage\"},\"thumbnailUrl\":\"https:\/\/fadeu.urantiacos.cl\/wp-content\/uploads\/2023\/09\/ernesto_rodriguezz_fadeu.jpg\",\"articleSection\":[\"Sin categorizar\"],\"inLanguage\":\"en-US\",\"potentialAction\":[{\"@type\":\"CommentAction\",\"name\":\"Comment\",\"target\":[\"https:\/\/fadeu.urantiacos.cl\/en\/2022\/09\/02\/fadeu-lamenta-el-sensible-fallecimiento-del-profesor-ernesto-rodriguez\/#respond\"]}]},{\"@type\":\"WebPage\",\"@id\":\"https:\/\/fadeu.urantiacos.cl\/en\/2022\/09\/02\/fadeu-lamenta-el-sensible-fallecimiento-del-profesor-ernesto-rodriguez\/\",\"url\":\"https:\/\/fadeu.urantiacos.cl\/en\/2022\/09\/02\/fadeu-lamenta-el-sensible-fallecimiento-del-profesor-ernesto-rodriguez\/\",\"name\":\"FADEU lamenta el sensible fallecimiento del profesor Ernesto Rodr\u00edguez - Facultad de Arquitectura, Dise\u00f1o y Estudios Urbanos\",\"isPartOf\":{\"@id\":\"https:\/\/fadeu.urantiacos.cl\/en\/#website\"},\"primaryImageOfPage\":{\"@id\":\"https:\/\/fadeu.urantiacos.cl\/en\/2022\/09\/02\/fadeu-lamenta-el-sensible-fallecimiento-del-profesor-ernesto-rodriguez\/#primaryimage\"},\"image\":{\"@id\":\"https:\/\/fadeu.urantiacos.cl\/en\/2022\/09\/02\/fadeu-lamenta-el-sensible-fallecimiento-del-profesor-ernesto-rodriguez\/#primaryimage\"},\"thumbnailUrl\":\"https:\/\/fadeu.urantiacos.cl\/wp-content\/uploads\/2023\/09\/ernesto_rodriguezz_fadeu.jpg\",\"datePublished\":\"2022-09-03T00:10:00+00:00\",\"dateModified\":\"2023-11-14T13:43:05+00:00\",\"author\":{\"@id\":\"https:\/\/fadeu.urantiacos.cl\/en\/#\/schema\/person\/d203e2e84b1c40275eac77b3061a19a2\"},\"description\":\"Lamentable fallecimiento del profesor Ernesto Rodr\u00edguez, acad\u00e9mico de la escuela de Arquitectura (donde dictaba el curso \u201cPo\u00e9tica del Habitar), intelectual, l\u00edder e inspirador para muchas generaciones a partir de la reflexi\u00f3n cr\u00edtica del pensamiento y discusi\u00f3n contempor\u00e1nea.\",\"breadcrumb\":{\"@id\":\"https:\/\/fadeu.urantiacos.cl\/en\/2022\/09\/02\/fadeu-lamenta-el-sensible-fallecimiento-del-profesor-ernesto-rodriguez\/#breadcrumb\"},\"inLanguage\":\"en-US\",\"potentialAction\":[{\"@type\":\"ReadAction\",\"target\":[\"https:\/\/fadeu.urantiacos.cl\/en\/2022\/09\/02\/fadeu-lamenta-el-sensible-fallecimiento-del-profesor-ernesto-rodriguez\/\"]}]},{\"@type\":\"ImageObject\",\"inLanguage\":\"en-US\",\"@id\":\"https:\/\/fadeu.urantiacos.cl\/en\/2022\/09\/02\/fadeu-lamenta-el-sensible-fallecimiento-del-profesor-ernesto-rodriguez\/#primaryimage\",\"url\":\"https:\/\/fadeu.urantiacos.cl\/wp-content\/uploads\/2023\/09\/ernesto_rodriguezz_fadeu.jpg\",\"contentUrl\":\"https:\/\/fadeu.urantiacos.cl\/wp-content\/uploads\/2023\/09\/ernesto_rodriguezz_fadeu.jpg\",\"width\":350,\"height\":250},{\"@type\":\"BreadcrumbList\",\"@id\":\"https:\/\/fadeu.urantiacos.cl\/en\/2022\/09\/02\/fadeu-lamenta-el-sensible-fallecimiento-del-profesor-ernesto-rodriguez\/#breadcrumb\",\"itemListElement\":[{\"@type\":\"ListItem\",\"position\":1,\"name\":\"Portada\",\"item\":\"https:\/\/fadeu.urantiacos.cl\/en\/\"},{\"@type\":\"ListItem\",\"position\":2,\"name\":\"FADEU lamenta el sensible fallecimiento del profesor Ernesto Rodr\u00edguez\"}]},{\"@type\":\"WebSite\",\"@id\":\"https:\/\/fadeu.urantiacos.cl\/en\/#website\",\"url\":\"https:\/\/fadeu.urantiacos.cl\/en\/\",\"name\":\"Facultad de Arquitectura, Dise\u00f1o y Estudios Urbanos\",\"description\":\"Campus Lo Contador\",\"potentialAction\":[{\"@type\":\"SearchAction\",\"target\":{\"@type\":\"EntryPoint\",\"urlTemplate\":\"https:\/\/fadeu.urantiacos.cl\/en\/?s={search_term_string}\"},\"query-input\":{\"@type\":\"PropertyValueSpecification\",\"valueRequired\":true,\"valueName\":\"search_term_string\"}}],\"inLanguage\":\"en-US\"},{\"@type\":\"Person\",\"@id\":\"https:\/\/fadeu.urantiacos.cl\/en\/#\/schema\/person\/d203e2e84b1c40275eac77b3061a19a2\",\"name\":\"manadmin\",\"image\":{\"@type\":\"ImageObject\",\"inLanguage\":\"en-US\",\"@id\":\"https:\/\/fadeu.urantiacos.cl\/en\/#\/schema\/person\/image\/\",\"url\":\"https:\/\/secure.gravatar.com\/avatar\/4b1d8e3303b4a9d8968ac578947d8bc80d9aea359f388cdd4aac15cadc0e8447?s=96&d=mm&r=g\",\"contentUrl\":\"https:\/\/secure.gravatar.com\/avatar\/4b1d8e3303b4a9d8968ac578947d8bc80d9aea359f388cdd4aac15cadc0e8447?s=96&d=mm&r=g\",\"caption\":\"manadmin\"},\"sameAs\":[\"https:\/\/fadeu.urantiacos.cl\"]}]}<\/script>\n<!-- \/ Yoast SEO plugin. -->","yoast_head_json":{"title":"FADEU lamenta el sensible fallecimiento del profesor Ernesto Rodr\u00edguez - Facultad de Arquitectura, Dise\u00f1o y Estudios Urbanos","description":"Lamentable fallecimiento del profesor Ernesto Rodr\u00edguez, acad\u00e9mico de la escuela de Arquitectura (donde dictaba el curso \u201cPo\u00e9tica del Habitar), intelectual, l\u00edder e inspirador para muchas generaciones a partir de la reflexi\u00f3n cr\u00edtica del pensamiento y discusi\u00f3n contempor\u00e1nea.","robots":{"index":"index","follow":"follow","max-snippet":"max-snippet:-1","max-image-preview":"max-image-preview:large","max-video-preview":"max-video-preview:-1"},"canonical":"https:\/\/fadeu.urantiacos.cl\/en\/2022\/09\/02\/fadeu-lamenta-el-sensible-fallecimiento-del-profesor-ernesto-rodriguez\/","og_locale":"en_US","og_type":"article","og_title":"FADEU lamenta el sensible fallecimiento del profesor Ernesto Rodr\u00edguez - Facultad de Arquitectura, Dise\u00f1o y Estudios Urbanos","og_description":"Lamentable fallecimiento del profesor Ernesto Rodr\u00edguez, acad\u00e9mico de la escuela de Arquitectura (donde dictaba el curso \u201cPo\u00e9tica del Habitar), intelectual, l\u00edder e inspirador para muchas generaciones a partir de la reflexi\u00f3n cr\u00edtica del pensamiento y discusi\u00f3n contempor\u00e1nea.","og_url":"https:\/\/fadeu.urantiacos.cl\/en\/2022\/09\/02\/fadeu-lamenta-el-sensible-fallecimiento-del-profesor-ernesto-rodriguez\/","og_site_name":"Facultad de Arquitectura, Dise\u00f1o y Estudios Urbanos","article_published_time":"2022-09-03T00:10:00+00:00","article_modified_time":"2023-11-14T13:43:05+00:00","og_image":[{"width":350,"height":250,"url":"https:\/\/fadeu.urantiacos.cl\/wp-content\/uploads\/2023\/09\/ernesto_rodriguezz_fadeu.jpg","type":"image\/jpeg"}],"author":"manadmin","twitter_card":"summary_large_image","twitter_misc":{"Written by":"manadmin"},"schema":{"@context":"https:\/\/schema.org","@graph":[{"@type":"Article","@id":"https:\/\/fadeu.urantiacos.cl\/en\/2022\/09\/02\/fadeu-lamenta-el-sensible-fallecimiento-del-profesor-ernesto-rodriguez\/#article","isPartOf":{"@id":"https:\/\/fadeu.urantiacos.cl\/en\/2022\/09\/02\/fadeu-lamenta-el-sensible-fallecimiento-del-profesor-ernesto-rodriguez\/"},"author":{"name":"manadmin","@id":"https:\/\/fadeu.urantiacos.cl\/en\/#\/schema\/person\/d203e2e84b1c40275eac77b3061a19a2"},"headline":"FADEU lamenta el sensible fallecimiento del profesor Ernesto Rodr\u00edguez","datePublished":"2022-09-03T00:10:00+00:00","dateModified":"2023-11-14T13:43:05+00:00","mainEntityOfPage":{"@id":"https:\/\/fadeu.urantiacos.cl\/en\/2022\/09\/02\/fadeu-lamenta-el-sensible-fallecimiento-del-profesor-ernesto-rodriguez\/"},"wordCount":408,"commentCount":0,"image":{"@id":"https:\/\/fadeu.urantiacos.cl\/en\/2022\/09\/02\/fadeu-lamenta-el-sensible-fallecimiento-del-profesor-ernesto-rodriguez\/#primaryimage"},"thumbnailUrl":"https:\/\/fadeu.urantiacos.cl\/wp-content\/uploads\/2023\/09\/ernesto_rodriguezz_fadeu.jpg","articleSection":["Sin categorizar"],"inLanguage":"en-US","potentialAction":[{"@type":"CommentAction","name":"Comment","target":["https:\/\/fadeu.urantiacos.cl\/en\/2022\/09\/02\/fadeu-lamenta-el-sensible-fallecimiento-del-profesor-ernesto-rodriguez\/#respond"]}]},{"@type":"WebPage","@id":"https:\/\/fadeu.urantiacos.cl\/en\/2022\/09\/02\/fadeu-lamenta-el-sensible-fallecimiento-del-profesor-ernesto-rodriguez\/","url":"https:\/\/fadeu.urantiacos.cl\/en\/2022\/09\/02\/fadeu-lamenta-el-sensible-fallecimiento-del-profesor-ernesto-rodriguez\/","name":"FADEU lamenta el sensible fallecimiento del profesor Ernesto Rodr\u00edguez - Facultad de Arquitectura, Dise\u00f1o y Estudios Urbanos","isPartOf":{"@id":"https:\/\/fadeu.urantiacos.cl\/en\/#website"},"primaryImageOfPage":{"@id":"https:\/\/fadeu.urantiacos.cl\/en\/2022\/09\/02\/fadeu-lamenta-el-sensible-fallecimiento-del-profesor-ernesto-rodriguez\/#primaryimage"},"image":{"@id":"https:\/\/fadeu.urantiacos.cl\/en\/2022\/09\/02\/fadeu-lamenta-el-sensible-fallecimiento-del-profesor-ernesto-rodriguez\/#primaryimage"},"thumbnailUrl":"https:\/\/fadeu.urantiacos.cl\/wp-content\/uploads\/2023\/09\/ernesto_rodriguezz_fadeu.jpg","datePublished":"2022-09-03T00:10:00+00:00","dateModified":"2023-11-14T13:43:05+00:00","author":{"@id":"https:\/\/fadeu.urantiacos.cl\/en\/#\/schema\/person\/d203e2e84b1c40275eac77b3061a19a2"},"description":"Lamentable fallecimiento del profesor Ernesto Rodr\u00edguez, acad\u00e9mico de la escuela de Arquitectura (donde dictaba el curso \u201cPo\u00e9tica del Habitar), intelectual, l\u00edder e inspirador para muchas generaciones a partir de la reflexi\u00f3n cr\u00edtica del pensamiento y discusi\u00f3n contempor\u00e1nea.","breadcrumb":{"@id":"https:\/\/fadeu.urantiacos.cl\/en\/2022\/09\/02\/fadeu-lamenta-el-sensible-fallecimiento-del-profesor-ernesto-rodriguez\/#breadcrumb"},"inLanguage":"en-US","potentialAction":[{"@type":"ReadAction","target":["https:\/\/fadeu.urantiacos.cl\/en\/2022\/09\/02\/fadeu-lamenta-el-sensible-fallecimiento-del-profesor-ernesto-rodriguez\/"]}]},{"@type":"ImageObject","inLanguage":"en-US","@id":"https:\/\/fadeu.urantiacos.cl\/en\/2022\/09\/02\/fadeu-lamenta-el-sensible-fallecimiento-del-profesor-ernesto-rodriguez\/#primaryimage","url":"https:\/\/fadeu.urantiacos.cl\/wp-content\/uploads\/2023\/09\/ernesto_rodriguezz_fadeu.jpg","contentUrl":"https:\/\/fadeu.urantiacos.cl\/wp-content\/uploads\/2023\/09\/ernesto_rodriguezz_fadeu.jpg","width":350,"height":250},{"@type":"BreadcrumbList","@id":"https:\/\/fadeu.urantiacos.cl\/en\/2022\/09\/02\/fadeu-lamenta-el-sensible-fallecimiento-del-profesor-ernesto-rodriguez\/#breadcrumb","itemListElement":[{"@type":"ListItem","position":1,"name":"Portada","item":"https:\/\/fadeu.urantiacos.cl\/en\/"},{"@type":"ListItem","position":2,"name":"FADEU lamenta el sensible fallecimiento del profesor Ernesto Rodr\u00edguez"}]},{"@type":"WebSite","@id":"https:\/\/fadeu.urantiacos.cl\/en\/#website","url":"https:\/\/fadeu.urantiacos.cl\/en\/","name":"Facultad de Arquitectura, Dise\u00f1o y Estudios Urbanos","description":"Campus Lo Contador","potentialAction":[{"@type":"SearchAction","target":{"@type":"EntryPoint","urlTemplate":"https:\/\/fadeu.urantiacos.cl\/en\/?s={search_term_string}"},"query-input":{"@type":"PropertyValueSpecification","valueRequired":true,"valueName":"search_term_string"}}],"inLanguage":"en-US"},{"@type":"Person","@id":"https:\/\/fadeu.urantiacos.cl\/en\/#\/schema\/person\/d203e2e84b1c40275eac77b3061a19a2","name":"manadmin","image":{"@type":"ImageObject","inLanguage":"en-US","@id":"https:\/\/fadeu.urantiacos.cl\/en\/#\/schema\/person\/image\/","url":"https:\/\/secure.gravatar.com\/avatar\/4b1d8e3303b4a9d8968ac578947d8bc80d9aea359f388cdd4aac15cadc0e8447?s=96&d=mm&r=g","contentUrl":"https:\/\/secure.gravatar.com\/avatar\/4b1d8e3303b4a9d8968ac578947d8bc80d9aea359f388cdd4aac15cadc0e8447?s=96&d=mm&r=g","caption":"manadmin"},"sameAs":["https:\/\/fadeu.urantiacos.cl"]}]}},"_links":{"self":[{"href":"https:\/\/fadeu.urantiacos.cl\/en\/wp-json\/wp\/v2\/posts\/4239","targetHints":{"allow":["GET"]}}],"collection":[{"href":"https:\/\/fadeu.urantiacos.cl\/en\/wp-json\/wp\/v2\/posts"}],"about":[{"href":"https:\/\/fadeu.urantiacos.cl\/en\/wp-json\/wp\/v2\/types\/post"}],"author":[{"embeddable":true,"href":"https:\/\/fadeu.urantiacos.cl\/en\/wp-json\/wp\/v2\/users\/1"}],"replies":[{"embeddable":true,"href":"https:\/\/fadeu.urantiacos.cl\/en\/wp-json\/wp\/v2\/comments?post=4239"}],"version-history":[{"count":2,"href":"https:\/\/fadeu.urantiacos.cl\/en\/wp-json\/wp\/v2\/posts\/4239\/revisions"}],"predecessor-version":[{"id":18088,"href":"https:\/\/fadeu.urantiacos.cl\/en\/wp-json\/wp\/v2\/posts\/4239\/revisions\/18088"}],"wp:featuredmedia":[{"embeddable":true,"href":"https:\/\/fadeu.urantiacos.cl\/en\/wp-json\/wp\/v2\/media\/4240"}],"wp:attachment":[{"href":"https:\/\/fadeu.urantiacos.cl\/en\/wp-json\/wp\/v2\/media?parent=4239"}],"wp:term":[{"taxonomy":"category","embeddable":true,"href":"https:\/\/fadeu.urantiacos.cl\/en\/wp-json\/wp\/v2\/categories?post=4239"},{"taxonomy":"post_tag","embeddable":true,"href":"https:\/\/fadeu.urantiacos.cl\/en\/wp-json\/wp\/v2\/tags?post=4239"}],"curies":[{"name":"wp","href":"https:\/\/api.w.org\/{rel}","templated":true}]}}