{"id":4236,"date":"2022-09-04T21:08:00","date_gmt":"2022-09-05T00:08:00","guid":{"rendered":"https:\/\/fadeu.urantiacos.cl\/?p=4236"},"modified":"2023-10-23T09:24:55","modified_gmt":"2023-10-23T12:24:55","slug":"carolina-rojas-publico-investigacion-sobre-ecologia-evolutiva-urbana-en-revista-trend-in-ecology-and-evolution","status":"publish","type":"post","link":"https:\/\/fadeu.urantiacos.cl\/en\/2022\/09\/04\/carolina-rojas-publico-investigacion-sobre-ecologia-evolutiva-urbana-en-revista-trend-in-ecology-and-evolution\/","title":{"rendered":"Carolina Rojas public\u00f3 investigaci\u00f3n sobre ecolog\u00eda evolutiva urbana en revista \u00abTrend in Ecology and Evolution\u00bb"},"content":{"rendered":"\n<p><a rel=\"noreferrer noopener\" href=\"https:\/\/estudiosurbanos.uc.cl\/academicos\/carolina-rojas-quezada\/\" target=\"_blank\">Carolina Rojas, docente del Instituto de Estudios Urbanos y Territoriales (IEUT)<\/a>&nbsp;e investigadora asociada del&nbsp;<a rel=\"noreferrer noopener\" href=\"https:\/\/www.cedeus.cl\/\" target=\"_blank\">Centro de Desarrollo Urbano Sustentable (Cedeus),<\/a>&nbsp;acaba de publicar un art\u00edculo en la revista Trend in Ecology and Evolution titulado&nbsp;\u201cUna exploraci\u00f3n del horizonte global para la ecolog\u00eda evolutiva urbana\u201d, un trabajo internacional, realizado en conjunto por casi una treintena de investigadores con mentalidad interdisciplinaria, y cuyo objetivo estuvo puesto en&nbsp;identificar 30 preguntas para futuras investigaciones en materias de ecolog\u00eda evolutiva urbana.<\/p>\n\n\n\n<p>El art\u00edculo \u2013que ya se encuentra en l\u00ednea y disponible para su descarga en PDF\u2013 busca hacerse cargo de la insuficiente documentaci\u00f3n que existe respecto a la\u00a0compleja din\u00e1mica de los procesos ecol\u00f3gicos y evolutivos en las \u00e1reas urbanas, algo que contrasta con la avanzada investigaci\u00f3n con que ya se cuenta acerca del impacto de la urbanizaci\u00f3n en la biodiversidad.<\/p>\n\n\n\n<p>As\u00ed, al ser planteado este nuevo desaf\u00edo de investigaci\u00f3n, se decidi\u00f3 realizar un ejercicio de exploraci\u00f3n que permitiera, a trav\u00e9s de un enfoque integrado, identificar las futuras preguntas de investigaci\u00f3n que podr\u00edan influir en nuevas colaboraciones y agenda de financiaci\u00f3n.<\/p>\n\n\n\n<p>De esta forma, la investigaci\u00f3n de car\u00e1cter internacional y multidisciplinaria, logr\u00f3 identificar un total de 30 preguntas para futuras investigaciones en ecolog\u00eda evolutiva urbana que cubren temas en procesos ecol\u00f3gicos y evolutivos fundamentales, escalas temporales y espaciales, sostenibilidad, cambio clim\u00e1tico, consideraciones sociopol\u00edticas y \u00e9ticas e innovaci\u00f3n en tecnolog\u00eda.<\/p>\n\n\n\n<p class=\"has-small-font-size\">INFORMACI\u00d3N PERIOD\u00cdSTICA<br>INSTITUTO DE ESTUDIOS URBANOS<\/p>\n","protected":false},"excerpt":{"rendered":"<p>\u201cUna exploraci\u00f3n del horizonte global para la ecolog\u00eda evolutiva urbana\u201d se titula la investigaci\u00f3n, publicada en una de las revistas l\u00edderes de este \u00e1mbito, que cont\u00f3 con la participaci\u00f3n de la docente IEUT, dentro de un equipo global, cuyo trabajo identific\u00f3 30 preguntas para futuras investigaciones en materias de ecolog\u00eda evolutiva urbana. <\/p>\n","protected":false},"author":1,"featured_media":4237,"comment_status":"open","ping_status":"open","sticky":false,"template":"","format":"standard","meta":{"_acf_changed":false,"footnotes":""},"categories":[1],"tags":[],"class_list":["post-4236","post","type-post","status-publish","format-standard","has-post-thumbnail","hentry","category-sin-categorizar"],"acf":[],"yoast_head":"<!-- This site is optimized with the Yoast SEO plugin v27.1.1 - https:\/\/yoast.com\/product\/yoast-seo-wordpress\/ -->\n<title>Carolina Rojas public\u00f3 investigaci\u00f3n sobre ecolog\u00eda evolutiva urbana en revista \u00abTrend in Ecology and Evolution\u00bb - Facultad de Arquitectura, Dise\u00f1o y Estudios Urbanos<\/title>\n<meta name=\"description\" content=\"\u201cUna exploraci\u00f3n del horizonte global para la ecolog\u00eda evolutiva urbana\u201d se titula la investigaci\u00f3n, publicada en una de las revistas l\u00edderes de este \u00e1mbito, que cont\u00f3 con la participaci\u00f3n de la docente IEUT, dentro de un equipo global, cuyo trabajo identific\u00f3 30 preguntas para futuras investigaciones en materias de ecolog\u00eda evolutiva urbana.\" \/>\n<meta name=\"robots\" content=\"index, follow, max-snippet:-1, max-image-preview:large, max-video-preview:-1\" \/>\n<link rel=\"canonical\" href=\"https:\/\/fadeu.urantiacos.cl\/en\/2022\/09\/04\/carolina-rojas-publico-investigacion-sobre-ecologia-evolutiva-urbana-en-revista-trend-in-ecology-and-evolution\/\" \/>\n<meta property=\"og:locale\" content=\"en_US\" \/>\n<meta property=\"og:type\" content=\"article\" \/>\n<meta property=\"og:title\" content=\"Carolina Rojas public\u00f3 investigaci\u00f3n sobre ecolog\u00eda evolutiva urbana en revista \u00abTrend in Ecology and Evolution\u00bb - Facultad de Arquitectura, Dise\u00f1o y Estudios Urbanos\" \/>\n<meta property=\"og:description\" content=\"\u201cUna exploraci\u00f3n del horizonte global para la ecolog\u00eda evolutiva urbana\u201d se titula la investigaci\u00f3n, publicada en una de las revistas l\u00edderes de este \u00e1mbito, que cont\u00f3 con la participaci\u00f3n de la docente IEUT, dentro de un equipo global, cuyo trabajo identific\u00f3 30 preguntas para futuras investigaciones en materias de ecolog\u00eda evolutiva urbana.\" \/>\n<meta property=\"og:url\" content=\"https:\/\/fadeu.urantiacos.cl\/en\/2022\/09\/04\/carolina-rojas-publico-investigacion-sobre-ecologia-evolutiva-urbana-en-revista-trend-in-ecology-and-evolution\/\" \/>\n<meta property=\"og:site_name\" content=\"Facultad de Arquitectura, Dise\u00f1o y Estudios Urbanos\" \/>\n<meta property=\"article:published_time\" content=\"2022-09-05T00:08:00+00:00\" \/>\n<meta property=\"article:modified_time\" content=\"2023-10-23T12:24:55+00:00\" \/>\n<meta property=\"og:image\" content=\"https:\/\/fadeu.urantiacos.cl\/wp-content\/uploads\/2023\/09\/WEB_Captura_de_Pantalla_2022-09-05_a_las_09.55.06.png\" \/>\n\t<meta property=\"og:image:width\" content=\"350\" \/>\n\t<meta property=\"og:image:height\" content=\"250\" \/>\n\t<meta property=\"og:image:type\" content=\"image\/png\" \/>\n<meta name=\"author\" content=\"manadmin\" \/>\n<meta name=\"twitter:card\" content=\"summary_large_image\" \/>\n<meta name=\"twitter:label1\" content=\"Written by\" \/>\n\t<meta name=\"twitter:data1\" content=\"manadmin\" \/>\n\t<meta name=\"twitter:label2\" content=\"Est. reading time\" \/>\n\t<meta name=\"twitter:data2\" content=\"2 minutes\" \/>\n<script type=\"application\/ld+json\" class=\"yoast-schema-graph\">{\"@context\":\"https:\/\/schema.org\",\"@graph\":[{\"@type\":\"Article\",\"@id\":\"https:\/\/fadeu.urantiacos.cl\/en\/2022\/09\/04\/carolina-rojas-publico-investigacion-sobre-ecologia-evolutiva-urbana-en-revista-trend-in-ecology-and-evolution\/#article\",\"isPartOf\":{\"@id\":\"https:\/\/fadeu.urantiacos.cl\/en\/2022\/09\/04\/carolina-rojas-publico-investigacion-sobre-ecologia-evolutiva-urbana-en-revista-trend-in-ecology-and-evolution\/\"},\"author\":{\"name\":\"manadmin\",\"@id\":\"https:\/\/fadeu.urantiacos.cl\/en\/#\/schema\/person\/d203e2e84b1c40275eac77b3061a19a2\"},\"headline\":\"Carolina Rojas public\u00f3 investigaci\u00f3n sobre ecolog\u00eda evolutiva urbana en revista \u00abTrend in Ecology and Evolution\u00bb\",\"datePublished\":\"2022-09-05T00:08:00+00:00\",\"dateModified\":\"2023-10-23T12:24:55+00:00\",\"mainEntityOfPage\":{\"@id\":\"https:\/\/fadeu.urantiacos.cl\/en\/2022\/09\/04\/carolina-rojas-publico-investigacion-sobre-ecologia-evolutiva-urbana-en-revista-trend-in-ecology-and-evolution\/\"},\"wordCount\":279,\"commentCount\":0,\"image\":{\"@id\":\"https:\/\/fadeu.urantiacos.cl\/en\/2022\/09\/04\/carolina-rojas-publico-investigacion-sobre-ecologia-evolutiva-urbana-en-revista-trend-in-ecology-and-evolution\/#primaryimage\"},\"thumbnailUrl\":\"https:\/\/fadeu.urantiacos.cl\/wp-content\/uploads\/2023\/09\/WEB_Captura_de_Pantalla_2022-09-05_a_las_09.55.06.png\",\"articleSection\":[\"Sin categorizar\"],\"inLanguage\":\"en-US\",\"potentialAction\":[{\"@type\":\"CommentAction\",\"name\":\"Comment\",\"target\":[\"https:\/\/fadeu.urantiacos.cl\/en\/2022\/09\/04\/carolina-rojas-publico-investigacion-sobre-ecologia-evolutiva-urbana-en-revista-trend-in-ecology-and-evolution\/#respond\"]}]},{\"@type\":\"WebPage\",\"@id\":\"https:\/\/fadeu.urantiacos.cl\/en\/2022\/09\/04\/carolina-rojas-publico-investigacion-sobre-ecologia-evolutiva-urbana-en-revista-trend-in-ecology-and-evolution\/\",\"url\":\"https:\/\/fadeu.urantiacos.cl\/en\/2022\/09\/04\/carolina-rojas-publico-investigacion-sobre-ecologia-evolutiva-urbana-en-revista-trend-in-ecology-and-evolution\/\",\"name\":\"Carolina Rojas public\u00f3 investigaci\u00f3n sobre ecolog\u00eda evolutiva urbana en revista \u00abTrend in Ecology and Evolution\u00bb - Facultad de Arquitectura, Dise\u00f1o y Estudios Urbanos\",\"isPartOf\":{\"@id\":\"https:\/\/fadeu.urantiacos.cl\/en\/#website\"},\"primaryImageOfPage\":{\"@id\":\"https:\/\/fadeu.urantiacos.cl\/en\/2022\/09\/04\/carolina-rojas-publico-investigacion-sobre-ecologia-evolutiva-urbana-en-revista-trend-in-ecology-and-evolution\/#primaryimage\"},\"image\":{\"@id\":\"https:\/\/fadeu.urantiacos.cl\/en\/2022\/09\/04\/carolina-rojas-publico-investigacion-sobre-ecologia-evolutiva-urbana-en-revista-trend-in-ecology-and-evolution\/#primaryimage\"},\"thumbnailUrl\":\"https:\/\/fadeu.urantiacos.cl\/wp-content\/uploads\/2023\/09\/WEB_Captura_de_Pantalla_2022-09-05_a_las_09.55.06.png\",\"datePublished\":\"2022-09-05T00:08:00+00:00\",\"dateModified\":\"2023-10-23T12:24:55+00:00\",\"author\":{\"@id\":\"https:\/\/fadeu.urantiacos.cl\/en\/#\/schema\/person\/d203e2e84b1c40275eac77b3061a19a2\"},\"description\":\"\u201cUna exploraci\u00f3n del horizonte global para la ecolog\u00eda evolutiva urbana\u201d se titula la investigaci\u00f3n, publicada en una de las revistas l\u00edderes de este \u00e1mbito, que cont\u00f3 con la participaci\u00f3n de la docente IEUT, dentro de un equipo global, cuyo trabajo identific\u00f3 30 preguntas para futuras investigaciones en materias de ecolog\u00eda evolutiva urbana.\",\"breadcrumb\":{\"@id\":\"https:\/\/fadeu.urantiacos.cl\/en\/2022\/09\/04\/carolina-rojas-publico-investigacion-sobre-ecologia-evolutiva-urbana-en-revista-trend-in-ecology-and-evolution\/#breadcrumb\"},\"inLanguage\":\"en-US\",\"potentialAction\":[{\"@type\":\"ReadAction\",\"target\":[\"https:\/\/fadeu.urantiacos.cl\/en\/2022\/09\/04\/carolina-rojas-publico-investigacion-sobre-ecologia-evolutiva-urbana-en-revista-trend-in-ecology-and-evolution\/\"]}]},{\"@type\":\"ImageObject\",\"inLanguage\":\"en-US\",\"@id\":\"https:\/\/fadeu.urantiacos.cl\/en\/2022\/09\/04\/carolina-rojas-publico-investigacion-sobre-ecologia-evolutiva-urbana-en-revista-trend-in-ecology-and-evolution\/#primaryimage\",\"url\":\"https:\/\/fadeu.urantiacos.cl\/wp-content\/uploads\/2023\/09\/WEB_Captura_de_Pantalla_2022-09-05_a_las_09.55.06.png\",\"contentUrl\":\"https:\/\/fadeu.urantiacos.cl\/wp-content\/uploads\/2023\/09\/WEB_Captura_de_Pantalla_2022-09-05_a_las_09.55.06.png\",\"width\":350,\"height\":250},{\"@type\":\"BreadcrumbList\",\"@id\":\"https:\/\/fadeu.urantiacos.cl\/en\/2022\/09\/04\/carolina-rojas-publico-investigacion-sobre-ecologia-evolutiva-urbana-en-revista-trend-in-ecology-and-evolution\/#breadcrumb\",\"itemListElement\":[{\"@type\":\"ListItem\",\"position\":1,\"name\":\"Portada\",\"item\":\"https:\/\/fadeu.urantiacos.cl\/en\/\"},{\"@type\":\"ListItem\",\"position\":2,\"name\":\"Carolina Rojas public\u00f3 investigaci\u00f3n sobre ecolog\u00eda evolutiva urbana en revista \u00abTrend in Ecology and Evolution\u00bb\"}]},{\"@type\":\"WebSite\",\"@id\":\"https:\/\/fadeu.urantiacos.cl\/en\/#website\",\"url\":\"https:\/\/fadeu.urantiacos.cl\/en\/\",\"name\":\"Facultad de Arquitectura, Dise\u00f1o y Estudios Urbanos\",\"description\":\"Campus Lo Contador\",\"potentialAction\":[{\"@type\":\"SearchAction\",\"target\":{\"@type\":\"EntryPoint\",\"urlTemplate\":\"https:\/\/fadeu.urantiacos.cl\/en\/?s={search_term_string}\"},\"query-input\":{\"@type\":\"PropertyValueSpecification\",\"valueRequired\":true,\"valueName\":\"search_term_string\"}}],\"inLanguage\":\"en-US\"},{\"@type\":\"Person\",\"@id\":\"https:\/\/fadeu.urantiacos.cl\/en\/#\/schema\/person\/d203e2e84b1c40275eac77b3061a19a2\",\"name\":\"manadmin\",\"image\":{\"@type\":\"ImageObject\",\"inLanguage\":\"en-US\",\"@id\":\"https:\/\/fadeu.urantiacos.cl\/en\/#\/schema\/person\/image\/\",\"url\":\"https:\/\/secure.gravatar.com\/avatar\/4b1d8e3303b4a9d8968ac578947d8bc80d9aea359f388cdd4aac15cadc0e8447?s=96&d=mm&r=g\",\"contentUrl\":\"https:\/\/secure.gravatar.com\/avatar\/4b1d8e3303b4a9d8968ac578947d8bc80d9aea359f388cdd4aac15cadc0e8447?s=96&d=mm&r=g\",\"caption\":\"manadmin\"},\"sameAs\":[\"https:\/\/fadeu.urantiacos.cl\"]}]}<\/script>\n<!-- \/ Yoast SEO plugin. -->","yoast_head_json":{"title":"Carolina Rojas public\u00f3 investigaci\u00f3n sobre ecolog\u00eda evolutiva urbana en revista \u00abTrend in Ecology and Evolution\u00bb - Facultad de Arquitectura, Dise\u00f1o y Estudios Urbanos","description":"\u201cUna exploraci\u00f3n del horizonte global para la ecolog\u00eda evolutiva urbana\u201d se titula la investigaci\u00f3n, publicada en una de las revistas l\u00edderes de este \u00e1mbito, que cont\u00f3 con la participaci\u00f3n de la docente IEUT, dentro de un equipo global, cuyo trabajo identific\u00f3 30 preguntas para futuras investigaciones en materias de ecolog\u00eda evolutiva urbana.","robots":{"index":"index","follow":"follow","max-snippet":"max-snippet:-1","max-image-preview":"max-image-preview:large","max-video-preview":"max-video-preview:-1"},"canonical":"https:\/\/fadeu.urantiacos.cl\/en\/2022\/09\/04\/carolina-rojas-publico-investigacion-sobre-ecologia-evolutiva-urbana-en-revista-trend-in-ecology-and-evolution\/","og_locale":"en_US","og_type":"article","og_title":"Carolina Rojas public\u00f3 investigaci\u00f3n sobre ecolog\u00eda evolutiva urbana en revista \u00abTrend in Ecology and Evolution\u00bb - Facultad de Arquitectura, Dise\u00f1o y Estudios Urbanos","og_description":"\u201cUna exploraci\u00f3n del horizonte global para la ecolog\u00eda evolutiva urbana\u201d se titula la investigaci\u00f3n, publicada en una de las revistas l\u00edderes de este \u00e1mbito, que cont\u00f3 con la participaci\u00f3n de la docente IEUT, dentro de un equipo global, cuyo trabajo identific\u00f3 30 preguntas para futuras investigaciones en materias de ecolog\u00eda evolutiva urbana.","og_url":"https:\/\/fadeu.urantiacos.cl\/en\/2022\/09\/04\/carolina-rojas-publico-investigacion-sobre-ecologia-evolutiva-urbana-en-revista-trend-in-ecology-and-evolution\/","og_site_name":"Facultad de Arquitectura, Dise\u00f1o y Estudios Urbanos","article_published_time":"2022-09-05T00:08:00+00:00","article_modified_time":"2023-10-23T12:24:55+00:00","og_image":[{"width":350,"height":250,"url":"https:\/\/fadeu.urantiacos.cl\/wp-content\/uploads\/2023\/09\/WEB_Captura_de_Pantalla_2022-09-05_a_las_09.55.06.png","type":"image\/png"}],"author":"manadmin","twitter_card":"summary_large_image","twitter_misc":{"Written by":"manadmin","Est. reading time":"2 minutes"},"schema":{"@context":"https:\/\/schema.org","@graph":[{"@type":"Article","@id":"https:\/\/fadeu.urantiacos.cl\/en\/2022\/09\/04\/carolina-rojas-publico-investigacion-sobre-ecologia-evolutiva-urbana-en-revista-trend-in-ecology-and-evolution\/#article","isPartOf":{"@id":"https:\/\/fadeu.urantiacos.cl\/en\/2022\/09\/04\/carolina-rojas-publico-investigacion-sobre-ecologia-evolutiva-urbana-en-revista-trend-in-ecology-and-evolution\/"},"author":{"name":"manadmin","@id":"https:\/\/fadeu.urantiacos.cl\/en\/#\/schema\/person\/d203e2e84b1c40275eac77b3061a19a2"},"headline":"Carolina Rojas public\u00f3 investigaci\u00f3n sobre ecolog\u00eda evolutiva urbana en revista \u00abTrend in Ecology and Evolution\u00bb","datePublished":"2022-09-05T00:08:00+00:00","dateModified":"2023-10-23T12:24:55+00:00","mainEntityOfPage":{"@id":"https:\/\/fadeu.urantiacos.cl\/en\/2022\/09\/04\/carolina-rojas-publico-investigacion-sobre-ecologia-evolutiva-urbana-en-revista-trend-in-ecology-and-evolution\/"},"wordCount":279,"commentCount":0,"image":{"@id":"https:\/\/fadeu.urantiacos.cl\/en\/2022\/09\/04\/carolina-rojas-publico-investigacion-sobre-ecologia-evolutiva-urbana-en-revista-trend-in-ecology-and-evolution\/#primaryimage"},"thumbnailUrl":"https:\/\/fadeu.urantiacos.cl\/wp-content\/uploads\/2023\/09\/WEB_Captura_de_Pantalla_2022-09-05_a_las_09.55.06.png","articleSection":["Sin categorizar"],"inLanguage":"en-US","potentialAction":[{"@type":"CommentAction","name":"Comment","target":["https:\/\/fadeu.urantiacos.cl\/en\/2022\/09\/04\/carolina-rojas-publico-investigacion-sobre-ecologia-evolutiva-urbana-en-revista-trend-in-ecology-and-evolution\/#respond"]}]},{"@type":"WebPage","@id":"https:\/\/fadeu.urantiacos.cl\/en\/2022\/09\/04\/carolina-rojas-publico-investigacion-sobre-ecologia-evolutiva-urbana-en-revista-trend-in-ecology-and-evolution\/","url":"https:\/\/fadeu.urantiacos.cl\/en\/2022\/09\/04\/carolina-rojas-publico-investigacion-sobre-ecologia-evolutiva-urbana-en-revista-trend-in-ecology-and-evolution\/","name":"Carolina Rojas public\u00f3 investigaci\u00f3n sobre ecolog\u00eda evolutiva urbana en revista \u00abTrend in Ecology and Evolution\u00bb - Facultad de Arquitectura, Dise\u00f1o y Estudios Urbanos","isPartOf":{"@id":"https:\/\/fadeu.urantiacos.cl\/en\/#website"},"primaryImageOfPage":{"@id":"https:\/\/fadeu.urantiacos.cl\/en\/2022\/09\/04\/carolina-rojas-publico-investigacion-sobre-ecologia-evolutiva-urbana-en-revista-trend-in-ecology-and-evolution\/#primaryimage"},"image":{"@id":"https:\/\/fadeu.urantiacos.cl\/en\/2022\/09\/04\/carolina-rojas-publico-investigacion-sobre-ecologia-evolutiva-urbana-en-revista-trend-in-ecology-and-evolution\/#primaryimage"},"thumbnailUrl":"https:\/\/fadeu.urantiacos.cl\/wp-content\/uploads\/2023\/09\/WEB_Captura_de_Pantalla_2022-09-05_a_las_09.55.06.png","datePublished":"2022-09-05T00:08:00+00:00","dateModified":"2023-10-23T12:24:55+00:00","author":{"@id":"https:\/\/fadeu.urantiacos.cl\/en\/#\/schema\/person\/d203e2e84b1c40275eac77b3061a19a2"},"description":"\u201cUna exploraci\u00f3n del horizonte global para la ecolog\u00eda evolutiva urbana\u201d se titula la investigaci\u00f3n, publicada en una de las revistas l\u00edderes de este \u00e1mbito, que cont\u00f3 con la participaci\u00f3n de la docente IEUT, dentro de un equipo global, cuyo trabajo identific\u00f3 30 preguntas para futuras investigaciones en materias de ecolog\u00eda evolutiva urbana.","breadcrumb":{"@id":"https:\/\/fadeu.urantiacos.cl\/en\/2022\/09\/04\/carolina-rojas-publico-investigacion-sobre-ecologia-evolutiva-urbana-en-revista-trend-in-ecology-and-evolution\/#breadcrumb"},"inLanguage":"en-US","potentialAction":[{"@type":"ReadAction","target":["https:\/\/fadeu.urantiacos.cl\/en\/2022\/09\/04\/carolina-rojas-publico-investigacion-sobre-ecologia-evolutiva-urbana-en-revista-trend-in-ecology-and-evolution\/"]}]},{"@type":"ImageObject","inLanguage":"en-US","@id":"https:\/\/fadeu.urantiacos.cl\/en\/2022\/09\/04\/carolina-rojas-publico-investigacion-sobre-ecologia-evolutiva-urbana-en-revista-trend-in-ecology-and-evolution\/#primaryimage","url":"https:\/\/fadeu.urantiacos.cl\/wp-content\/uploads\/2023\/09\/WEB_Captura_de_Pantalla_2022-09-05_a_las_09.55.06.png","contentUrl":"https:\/\/fadeu.urantiacos.cl\/wp-content\/uploads\/2023\/09\/WEB_Captura_de_Pantalla_2022-09-05_a_las_09.55.06.png","width":350,"height":250},{"@type":"BreadcrumbList","@id":"https:\/\/fadeu.urantiacos.cl\/en\/2022\/09\/04\/carolina-rojas-publico-investigacion-sobre-ecologia-evolutiva-urbana-en-revista-trend-in-ecology-and-evolution\/#breadcrumb","itemListElement":[{"@type":"ListItem","position":1,"name":"Portada","item":"https:\/\/fadeu.urantiacos.cl\/en\/"},{"@type":"ListItem","position":2,"name":"Carolina Rojas public\u00f3 investigaci\u00f3n sobre ecolog\u00eda evolutiva urbana en revista \u00abTrend in Ecology and Evolution\u00bb"}]},{"@type":"WebSite","@id":"https:\/\/fadeu.urantiacos.cl\/en\/#website","url":"https:\/\/fadeu.urantiacos.cl\/en\/","name":"Facultad de Arquitectura, Dise\u00f1o y Estudios Urbanos","description":"Campus Lo Contador","potentialAction":[{"@type":"SearchAction","target":{"@type":"EntryPoint","urlTemplate":"https:\/\/fadeu.urantiacos.cl\/en\/?s={search_term_string}"},"query-input":{"@type":"PropertyValueSpecification","valueRequired":true,"valueName":"search_term_string"}}],"inLanguage":"en-US"},{"@type":"Person","@id":"https:\/\/fadeu.urantiacos.cl\/en\/#\/schema\/person\/d203e2e84b1c40275eac77b3061a19a2","name":"manadmin","image":{"@type":"ImageObject","inLanguage":"en-US","@id":"https:\/\/fadeu.urantiacos.cl\/en\/#\/schema\/person\/image\/","url":"https:\/\/secure.gravatar.com\/avatar\/4b1d8e3303b4a9d8968ac578947d8bc80d9aea359f388cdd4aac15cadc0e8447?s=96&d=mm&r=g","contentUrl":"https:\/\/secure.gravatar.com\/avatar\/4b1d8e3303b4a9d8968ac578947d8bc80d9aea359f388cdd4aac15cadc0e8447?s=96&d=mm&r=g","caption":"manadmin"},"sameAs":["https:\/\/fadeu.urantiacos.cl"]}]}},"_links":{"self":[{"href":"https:\/\/fadeu.urantiacos.cl\/en\/wp-json\/wp\/v2\/posts\/4236","targetHints":{"allow":["GET"]}}],"collection":[{"href":"https:\/\/fadeu.urantiacos.cl\/en\/wp-json\/wp\/v2\/posts"}],"about":[{"href":"https:\/\/fadeu.urantiacos.cl\/en\/wp-json\/wp\/v2\/types\/post"}],"author":[{"embeddable":true,"href":"https:\/\/fadeu.urantiacos.cl\/en\/wp-json\/wp\/v2\/users\/1"}],"replies":[{"embeddable":true,"href":"https:\/\/fadeu.urantiacos.cl\/en\/wp-json\/wp\/v2\/comments?post=4236"}],"version-history":[{"count":3,"href":"https:\/\/fadeu.urantiacos.cl\/en\/wp-json\/wp\/v2\/posts\/4236\/revisions"}],"predecessor-version":[{"id":17304,"href":"https:\/\/fadeu.urantiacos.cl\/en\/wp-json\/wp\/v2\/posts\/4236\/revisions\/17304"}],"wp:featuredmedia":[{"embeddable":true,"href":"https:\/\/fadeu.urantiacos.cl\/en\/wp-json\/wp\/v2\/media\/4237"}],"wp:attachment":[{"href":"https:\/\/fadeu.urantiacos.cl\/en\/wp-json\/wp\/v2\/media?parent=4236"}],"wp:term":[{"taxonomy":"category","embeddable":true,"href":"https:\/\/fadeu.urantiacos.cl\/en\/wp-json\/wp\/v2\/categories?post=4236"},{"taxonomy":"post_tag","embeddable":true,"href":"https:\/\/fadeu.urantiacos.cl\/en\/wp-json\/wp\/v2\/tags?post=4236"}],"curies":[{"name":"wp","href":"https:\/\/api.w.org\/{rel}","templated":true}]}}