{"id":4221,"date":"2022-09-05T21:00:00","date_gmt":"2022-09-06T00:00:00","guid":{"rendered":"https:\/\/fadeu.urantiacos.cl\/?p=4221"},"modified":"2023-11-14T09:25:50","modified_gmt":"2023-11-14T12:25:50","slug":"oficina-de-alberto-moletto-obtiene-primer-lugar-en-licitacion-para-edificio-en-la-serena","status":"publish","type":"post","link":"https:\/\/fadeu.urantiacos.cl\/en\/2022\/09\/05\/oficina-de-alberto-moletto-obtiene-primer-lugar-en-licitacion-para-edificio-en-la-serena\/","title":{"rendered":"Oficina de Alberto Moletto obtiene primer lugar en licitaci\u00f3n para edificio en La Serena"},"content":{"rendered":"\n<p>El proyecto presentado por los profesores Moletto y Paredes \u2014que tendr\u00e1 1.600 m2\u2014 intent\u00f3 modificar lo menos posible la topograf\u00eda del sitio en el que se emplaza. As\u00ed, los dos cuerpos propuestos \u2014de distintas proporciones y altura\u2014 se conectan sobre la vialidad, construyendo una terraza-mirador que podr\u00e1 ser utilizada a su vez como patio de trabajo o \u00e1rea de exposiciones exteriores. Espacialmente, el proyecto se ordena a partir de las circulaciones que construye la grilla perimetral de acero, espacio de interacci\u00f3n entre profesores y estudiantes.<\/p>\n\n\n\n<p>Equipo_<br>Arquitecto: Alberto Moletto<br>Arquitecto Asociado: Sebasti\u00e1n Paredes<br>Colaboradores: Hugo Bravo, Joaqu\u00edn D\u00edaz<\/p>\n\n\n\n<figure class=\"wp-block-image size-full\"><img decoding=\"async\" width=\"1024\" height=\"725\" src=\"https:\/\/fadeu.urantiacos.cl\/wp-content\/uploads\/2023\/09\/Moletto_31.08_E-PROPUESTA_LAMINA_1.jpg\" alt=\"\" class=\"wp-image-4223\" srcset=\"https:\/\/fadeu.urantiacos.cl\/wp-content\/uploads\/2023\/09\/Moletto_31.08_E-PROPUESTA_LAMINA_1.jpg 1024w, https:\/\/fadeu.urantiacos.cl\/wp-content\/uploads\/2023\/09\/Moletto_31.08_E-PROPUESTA_LAMINA_1-300x212.jpg 300w, https:\/\/fadeu.urantiacos.cl\/wp-content\/uploads\/2023\/09\/Moletto_31.08_E-PROPUESTA_LAMINA_1-768x544.jpg 768w\" sizes=\"(max-width: 1024px) 100vw, 1024px\" \/><\/figure>\n\n\n\n<figure class=\"wp-block-image size-full\"><img decoding=\"async\" width=\"1024\" height=\"724\" src=\"https:\/\/fadeu.urantiacos.cl\/wp-content\/uploads\/2023\/09\/Moletto_31.08_E-PROPUESTA_LAMINA_2.jpg\" alt=\"\" class=\"wp-image-4224\" srcset=\"https:\/\/fadeu.urantiacos.cl\/wp-content\/uploads\/2023\/09\/Moletto_31.08_E-PROPUESTA_LAMINA_2.jpg 1024w, https:\/\/fadeu.urantiacos.cl\/wp-content\/uploads\/2023\/09\/Moletto_31.08_E-PROPUESTA_LAMINA_2-300x212.jpg 300w, https:\/\/fadeu.urantiacos.cl\/wp-content\/uploads\/2023\/09\/Moletto_31.08_E-PROPUESTA_LAMINA_2-768x543.jpg 768w\" sizes=\"(max-width: 1024px) 100vw, 1024px\" \/><\/figure>\n\n\n\n<figure class=\"wp-block-image size-full\"><img decoding=\"async\" width=\"1024\" height=\"724\" src=\"https:\/\/fadeu.urantiacos.cl\/wp-content\/uploads\/2023\/09\/Moletto_31.08_E-PROPUESTA_LAMINA_3.jpg\" alt=\"\" class=\"wp-image-4225\" srcset=\"https:\/\/fadeu.urantiacos.cl\/wp-content\/uploads\/2023\/09\/Moletto_31.08_E-PROPUESTA_LAMINA_3.jpg 1024w, https:\/\/fadeu.urantiacos.cl\/wp-content\/uploads\/2023\/09\/Moletto_31.08_E-PROPUESTA_LAMINA_3-300x212.jpg 300w, https:\/\/fadeu.urantiacos.cl\/wp-content\/uploads\/2023\/09\/Moletto_31.08_E-PROPUESTA_LAMINA_3-768x543.jpg 768w\" sizes=\"(max-width: 1024px) 100vw, 1024px\" \/><\/figure>\n\n\n\n<figure class=\"wp-block-image size-full\"><img decoding=\"async\" width=\"1024\" height=\"724\" src=\"https:\/\/fadeu.urantiacos.cl\/wp-content\/uploads\/2023\/09\/Moletto_31.08_E-PROPUESTA_LAMINA_4.jpg\" alt=\"\" class=\"wp-image-4226\" srcset=\"https:\/\/fadeu.urantiacos.cl\/wp-content\/uploads\/2023\/09\/Moletto_31.08_E-PROPUESTA_LAMINA_4.jpg 1024w, https:\/\/fadeu.urantiacos.cl\/wp-content\/uploads\/2023\/09\/Moletto_31.08_E-PROPUESTA_LAMINA_4-300x212.jpg 300w, https:\/\/fadeu.urantiacos.cl\/wp-content\/uploads\/2023\/09\/Moletto_31.08_E-PROPUESTA_LAMINA_4-768x543.jpg 768w\" sizes=\"(max-width: 1024px) 100vw, 1024px\" \/><\/figure>\n\n\n\n<p>Noticias<br>Contacto:&nbsp;<a href=\"mailto:redesarq@uc.cl\">redesarq@uc.cl<\/a>&nbsp;| +56 2 2354 7747<br>www.arquitectura.uc.cl<\/p>\n","protected":false},"excerpt":{"rendered":"<p>El profesor ARQ UC Alberto Moletto, en asociaci\u00f3n con Sebasti\u00e1n Paredes, tambi\u00e9n profesor en nuestra escuela, obtuvo el primer lugar en la licitaci\u00f3n p\u00fablica para el dise\u00f1o del nuevo edificio de talleres de arquitectura de la Universidad de la Serena, a construirse en el Campus Andres Bello de la misma ciudad.<\/p>\n","protected":false},"author":1,"featured_media":4222,"comment_status":"open","ping_status":"open","sticky":false,"template":"","format":"standard","meta":{"_acf_changed":false,"footnotes":""},"categories":[1],"tags":[],"class_list":["post-4221","post","type-post","status-publish","format-standard","has-post-thumbnail","hentry","category-sin-categorizar"],"acf":[],"yoast_head":"<!-- This site is optimized with the Yoast SEO plugin v27.1.1 - https:\/\/yoast.com\/product\/yoast-seo-wordpress\/ -->\n<title>Oficina de Alberto Moletto obtiene primer lugar en licitaci\u00f3n para edificio en La Serena - Facultad de Arquitectura, Dise\u00f1o y Estudios Urbanos<\/title>\n<meta name=\"description\" content=\"El profesor ARQ UC Alberto Moletto, en asociaci\u00f3n con Sebasti\u00e1n Paredes, tambi\u00e9n profesor en nuestra escuela, obtuvo el primer lugar en la licitaci\u00f3n p\u00fablica para el dise\u00f1o del nuevo edificio de talleres de arquitectura de la Universidad de la Serena, a construirse en el Campus Andres Bello de la misma ciudad.\" \/>\n<meta name=\"robots\" content=\"index, follow, max-snippet:-1, max-image-preview:large, max-video-preview:-1\" \/>\n<link rel=\"canonical\" href=\"https:\/\/fadeu.urantiacos.cl\/en\/2022\/09\/05\/oficina-de-alberto-moletto-obtiene-primer-lugar-en-licitacion-para-edificio-en-la-serena\/\" \/>\n<meta property=\"og:locale\" content=\"en_US\" \/>\n<meta property=\"og:type\" content=\"article\" \/>\n<meta property=\"og:title\" content=\"Oficina de Alberto Moletto obtiene primer lugar en licitaci\u00f3n para edificio en La Serena - Facultad de Arquitectura, Dise\u00f1o y Estudios Urbanos\" \/>\n<meta property=\"og:description\" content=\"El profesor ARQ UC Alberto Moletto, en asociaci\u00f3n con Sebasti\u00e1n Paredes, tambi\u00e9n profesor en nuestra escuela, obtuvo el primer lugar en la licitaci\u00f3n p\u00fablica para el dise\u00f1o del nuevo edificio de talleres de arquitectura de la Universidad de la Serena, a construirse en el Campus Andres Bello de la misma ciudad.\" \/>\n<meta property=\"og:url\" content=\"https:\/\/fadeu.urantiacos.cl\/en\/2022\/09\/05\/oficina-de-alberto-moletto-obtiene-primer-lugar-en-licitacion-para-edificio-en-la-serena\/\" \/>\n<meta property=\"og:site_name\" content=\"Facultad de Arquitectura, Dise\u00f1o y Estudios Urbanos\" \/>\n<meta property=\"article:published_time\" content=\"2022-09-06T00:00:00+00:00\" \/>\n<meta property=\"article:modified_time\" content=\"2023-11-14T12:25:50+00:00\" \/>\n<meta property=\"og:image\" content=\"https:\/\/fadeu.urantiacos.cl\/wp-content\/uploads\/2023\/09\/web_Moletto_31.08_E-PROPUESTA_LAMINA_1.jpg\" \/>\n\t<meta property=\"og:image:width\" content=\"350\" \/>\n\t<meta property=\"og:image:height\" content=\"250\" \/>\n\t<meta property=\"og:image:type\" content=\"image\/jpeg\" \/>\n<meta name=\"author\" content=\"manadmin\" \/>\n<meta name=\"twitter:card\" content=\"summary_large_image\" \/>\n<meta name=\"twitter:label1\" content=\"Written by\" \/>\n\t<meta name=\"twitter:data1\" content=\"manadmin\" \/>\n<script type=\"application\/ld+json\" class=\"yoast-schema-graph\">{\"@context\":\"https:\/\/schema.org\",\"@graph\":[{\"@type\":\"Article\",\"@id\":\"https:\/\/fadeu.urantiacos.cl\/en\/2022\/09\/05\/oficina-de-alberto-moletto-obtiene-primer-lugar-en-licitacion-para-edificio-en-la-serena\/#article\",\"isPartOf\":{\"@id\":\"https:\/\/fadeu.urantiacos.cl\/en\/2022\/09\/05\/oficina-de-alberto-moletto-obtiene-primer-lugar-en-licitacion-para-edificio-en-la-serena\/\"},\"author\":{\"name\":\"manadmin\",\"@id\":\"https:\/\/fadeu.urantiacos.cl\/en\/#\/schema\/person\/d203e2e84b1c40275eac77b3061a19a2\"},\"headline\":\"Oficina de Alberto Moletto obtiene primer lugar en licitaci\u00f3n para edificio en La Serena\",\"datePublished\":\"2022-09-06T00:00:00+00:00\",\"dateModified\":\"2023-11-14T12:25:50+00:00\",\"mainEntityOfPage\":{\"@id\":\"https:\/\/fadeu.urantiacos.cl\/en\/2022\/09\/05\/oficina-de-alberto-moletto-obtiene-primer-lugar-en-licitacion-para-edificio-en-la-serena\/\"},\"wordCount\":125,\"commentCount\":0,\"image\":{\"@id\":\"https:\/\/fadeu.urantiacos.cl\/en\/2022\/09\/05\/oficina-de-alberto-moletto-obtiene-primer-lugar-en-licitacion-para-edificio-en-la-serena\/#primaryimage\"},\"thumbnailUrl\":\"https:\/\/fadeu.urantiacos.cl\/wp-content\/uploads\/2023\/09\/web_Moletto_31.08_E-PROPUESTA_LAMINA_1.jpg\",\"articleSection\":[\"Sin categorizar\"],\"inLanguage\":\"en-US\",\"potentialAction\":[{\"@type\":\"CommentAction\",\"name\":\"Comment\",\"target\":[\"https:\/\/fadeu.urantiacos.cl\/en\/2022\/09\/05\/oficina-de-alberto-moletto-obtiene-primer-lugar-en-licitacion-para-edificio-en-la-serena\/#respond\"]}]},{\"@type\":\"WebPage\",\"@id\":\"https:\/\/fadeu.urantiacos.cl\/en\/2022\/09\/05\/oficina-de-alberto-moletto-obtiene-primer-lugar-en-licitacion-para-edificio-en-la-serena\/\",\"url\":\"https:\/\/fadeu.urantiacos.cl\/en\/2022\/09\/05\/oficina-de-alberto-moletto-obtiene-primer-lugar-en-licitacion-para-edificio-en-la-serena\/\",\"name\":\"Oficina de Alberto Moletto obtiene primer lugar en licitaci\u00f3n para edificio en La Serena - Facultad de Arquitectura, Dise\u00f1o y Estudios Urbanos\",\"isPartOf\":{\"@id\":\"https:\/\/fadeu.urantiacos.cl\/en\/#website\"},\"primaryImageOfPage\":{\"@id\":\"https:\/\/fadeu.urantiacos.cl\/en\/2022\/09\/05\/oficina-de-alberto-moletto-obtiene-primer-lugar-en-licitacion-para-edificio-en-la-serena\/#primaryimage\"},\"image\":{\"@id\":\"https:\/\/fadeu.urantiacos.cl\/en\/2022\/09\/05\/oficina-de-alberto-moletto-obtiene-primer-lugar-en-licitacion-para-edificio-en-la-serena\/#primaryimage\"},\"thumbnailUrl\":\"https:\/\/fadeu.urantiacos.cl\/wp-content\/uploads\/2023\/09\/web_Moletto_31.08_E-PROPUESTA_LAMINA_1.jpg\",\"datePublished\":\"2022-09-06T00:00:00+00:00\",\"dateModified\":\"2023-11-14T12:25:50+00:00\",\"author\":{\"@id\":\"https:\/\/fadeu.urantiacos.cl\/en\/#\/schema\/person\/d203e2e84b1c40275eac77b3061a19a2\"},\"description\":\"El profesor ARQ UC Alberto Moletto, en asociaci\u00f3n con Sebasti\u00e1n Paredes, tambi\u00e9n profesor en nuestra escuela, obtuvo el primer lugar en la licitaci\u00f3n p\u00fablica para el dise\u00f1o del nuevo edificio de talleres de arquitectura de la Universidad de la Serena, a construirse en el Campus Andres Bello de la misma ciudad.\",\"breadcrumb\":{\"@id\":\"https:\/\/fadeu.urantiacos.cl\/en\/2022\/09\/05\/oficina-de-alberto-moletto-obtiene-primer-lugar-en-licitacion-para-edificio-en-la-serena\/#breadcrumb\"},\"inLanguage\":\"en-US\",\"potentialAction\":[{\"@type\":\"ReadAction\",\"target\":[\"https:\/\/fadeu.urantiacos.cl\/en\/2022\/09\/05\/oficina-de-alberto-moletto-obtiene-primer-lugar-en-licitacion-para-edificio-en-la-serena\/\"]}]},{\"@type\":\"ImageObject\",\"inLanguage\":\"en-US\",\"@id\":\"https:\/\/fadeu.urantiacos.cl\/en\/2022\/09\/05\/oficina-de-alberto-moletto-obtiene-primer-lugar-en-licitacion-para-edificio-en-la-serena\/#primaryimage\",\"url\":\"https:\/\/fadeu.urantiacos.cl\/wp-content\/uploads\/2023\/09\/web_Moletto_31.08_E-PROPUESTA_LAMINA_1.jpg\",\"contentUrl\":\"https:\/\/fadeu.urantiacos.cl\/wp-content\/uploads\/2023\/09\/web_Moletto_31.08_E-PROPUESTA_LAMINA_1.jpg\",\"width\":350,\"height\":250},{\"@type\":\"BreadcrumbList\",\"@id\":\"https:\/\/fadeu.urantiacos.cl\/en\/2022\/09\/05\/oficina-de-alberto-moletto-obtiene-primer-lugar-en-licitacion-para-edificio-en-la-serena\/#breadcrumb\",\"itemListElement\":[{\"@type\":\"ListItem\",\"position\":1,\"name\":\"Portada\",\"item\":\"https:\/\/fadeu.urantiacos.cl\/en\/\"},{\"@type\":\"ListItem\",\"position\":2,\"name\":\"Oficina de Alberto Moletto obtiene primer lugar en licitaci\u00f3n para edificio en La Serena\"}]},{\"@type\":\"WebSite\",\"@id\":\"https:\/\/fadeu.urantiacos.cl\/en\/#website\",\"url\":\"https:\/\/fadeu.urantiacos.cl\/en\/\",\"name\":\"Facultad de Arquitectura, Dise\u00f1o y Estudios Urbanos\",\"description\":\"Campus Lo Contador\",\"potentialAction\":[{\"@type\":\"SearchAction\",\"target\":{\"@type\":\"EntryPoint\",\"urlTemplate\":\"https:\/\/fadeu.urantiacos.cl\/en\/?s={search_term_string}\"},\"query-input\":{\"@type\":\"PropertyValueSpecification\",\"valueRequired\":true,\"valueName\":\"search_term_string\"}}],\"inLanguage\":\"en-US\"},{\"@type\":\"Person\",\"@id\":\"https:\/\/fadeu.urantiacos.cl\/en\/#\/schema\/person\/d203e2e84b1c40275eac77b3061a19a2\",\"name\":\"manadmin\",\"image\":{\"@type\":\"ImageObject\",\"inLanguage\":\"en-US\",\"@id\":\"https:\/\/fadeu.urantiacos.cl\/en\/#\/schema\/person\/image\/\",\"url\":\"https:\/\/secure.gravatar.com\/avatar\/4b1d8e3303b4a9d8968ac578947d8bc80d9aea359f388cdd4aac15cadc0e8447?s=96&d=mm&r=g\",\"contentUrl\":\"https:\/\/secure.gravatar.com\/avatar\/4b1d8e3303b4a9d8968ac578947d8bc80d9aea359f388cdd4aac15cadc0e8447?s=96&d=mm&r=g\",\"caption\":\"manadmin\"},\"sameAs\":[\"https:\/\/fadeu.urantiacos.cl\"]}]}<\/script>\n<!-- \/ Yoast SEO plugin. -->","yoast_head_json":{"title":"Oficina de Alberto Moletto obtiene primer lugar en licitaci\u00f3n para edificio en La Serena - Facultad de Arquitectura, Dise\u00f1o y Estudios Urbanos","description":"El profesor ARQ UC Alberto Moletto, en asociaci\u00f3n con Sebasti\u00e1n Paredes, tambi\u00e9n profesor en nuestra escuela, obtuvo el primer lugar en la licitaci\u00f3n p\u00fablica para el dise\u00f1o del nuevo edificio de talleres de arquitectura de la Universidad de la Serena, a construirse en el Campus Andres Bello de la misma ciudad.","robots":{"index":"index","follow":"follow","max-snippet":"max-snippet:-1","max-image-preview":"max-image-preview:large","max-video-preview":"max-video-preview:-1"},"canonical":"https:\/\/fadeu.urantiacos.cl\/en\/2022\/09\/05\/oficina-de-alberto-moletto-obtiene-primer-lugar-en-licitacion-para-edificio-en-la-serena\/","og_locale":"en_US","og_type":"article","og_title":"Oficina de Alberto Moletto obtiene primer lugar en licitaci\u00f3n para edificio en La Serena - Facultad de Arquitectura, Dise\u00f1o y Estudios Urbanos","og_description":"El profesor ARQ UC Alberto Moletto, en asociaci\u00f3n con Sebasti\u00e1n Paredes, tambi\u00e9n profesor en nuestra escuela, obtuvo el primer lugar en la licitaci\u00f3n p\u00fablica para el dise\u00f1o del nuevo edificio de talleres de arquitectura de la Universidad de la Serena, a construirse en el Campus Andres Bello de la misma ciudad.","og_url":"https:\/\/fadeu.urantiacos.cl\/en\/2022\/09\/05\/oficina-de-alberto-moletto-obtiene-primer-lugar-en-licitacion-para-edificio-en-la-serena\/","og_site_name":"Facultad de Arquitectura, Dise\u00f1o y Estudios Urbanos","article_published_time":"2022-09-06T00:00:00+00:00","article_modified_time":"2023-11-14T12:25:50+00:00","og_image":[{"width":350,"height":250,"url":"https:\/\/fadeu.urantiacos.cl\/wp-content\/uploads\/2023\/09\/web_Moletto_31.08_E-PROPUESTA_LAMINA_1.jpg","type":"image\/jpeg"}],"author":"manadmin","twitter_card":"summary_large_image","twitter_misc":{"Written by":"manadmin"},"schema":{"@context":"https:\/\/schema.org","@graph":[{"@type":"Article","@id":"https:\/\/fadeu.urantiacos.cl\/en\/2022\/09\/05\/oficina-de-alberto-moletto-obtiene-primer-lugar-en-licitacion-para-edificio-en-la-serena\/#article","isPartOf":{"@id":"https:\/\/fadeu.urantiacos.cl\/en\/2022\/09\/05\/oficina-de-alberto-moletto-obtiene-primer-lugar-en-licitacion-para-edificio-en-la-serena\/"},"author":{"name":"manadmin","@id":"https:\/\/fadeu.urantiacos.cl\/en\/#\/schema\/person\/d203e2e84b1c40275eac77b3061a19a2"},"headline":"Oficina de Alberto Moletto obtiene primer lugar en licitaci\u00f3n para edificio en La Serena","datePublished":"2022-09-06T00:00:00+00:00","dateModified":"2023-11-14T12:25:50+00:00","mainEntityOfPage":{"@id":"https:\/\/fadeu.urantiacos.cl\/en\/2022\/09\/05\/oficina-de-alberto-moletto-obtiene-primer-lugar-en-licitacion-para-edificio-en-la-serena\/"},"wordCount":125,"commentCount":0,"image":{"@id":"https:\/\/fadeu.urantiacos.cl\/en\/2022\/09\/05\/oficina-de-alberto-moletto-obtiene-primer-lugar-en-licitacion-para-edificio-en-la-serena\/#primaryimage"},"thumbnailUrl":"https:\/\/fadeu.urantiacos.cl\/wp-content\/uploads\/2023\/09\/web_Moletto_31.08_E-PROPUESTA_LAMINA_1.jpg","articleSection":["Sin categorizar"],"inLanguage":"en-US","potentialAction":[{"@type":"CommentAction","name":"Comment","target":["https:\/\/fadeu.urantiacos.cl\/en\/2022\/09\/05\/oficina-de-alberto-moletto-obtiene-primer-lugar-en-licitacion-para-edificio-en-la-serena\/#respond"]}]},{"@type":"WebPage","@id":"https:\/\/fadeu.urantiacos.cl\/en\/2022\/09\/05\/oficina-de-alberto-moletto-obtiene-primer-lugar-en-licitacion-para-edificio-en-la-serena\/","url":"https:\/\/fadeu.urantiacos.cl\/en\/2022\/09\/05\/oficina-de-alberto-moletto-obtiene-primer-lugar-en-licitacion-para-edificio-en-la-serena\/","name":"Oficina de Alberto Moletto obtiene primer lugar en licitaci\u00f3n para edificio en La Serena - Facultad de Arquitectura, Dise\u00f1o y Estudios Urbanos","isPartOf":{"@id":"https:\/\/fadeu.urantiacos.cl\/en\/#website"},"primaryImageOfPage":{"@id":"https:\/\/fadeu.urantiacos.cl\/en\/2022\/09\/05\/oficina-de-alberto-moletto-obtiene-primer-lugar-en-licitacion-para-edificio-en-la-serena\/#primaryimage"},"image":{"@id":"https:\/\/fadeu.urantiacos.cl\/en\/2022\/09\/05\/oficina-de-alberto-moletto-obtiene-primer-lugar-en-licitacion-para-edificio-en-la-serena\/#primaryimage"},"thumbnailUrl":"https:\/\/fadeu.urantiacos.cl\/wp-content\/uploads\/2023\/09\/web_Moletto_31.08_E-PROPUESTA_LAMINA_1.jpg","datePublished":"2022-09-06T00:00:00+00:00","dateModified":"2023-11-14T12:25:50+00:00","author":{"@id":"https:\/\/fadeu.urantiacos.cl\/en\/#\/schema\/person\/d203e2e84b1c40275eac77b3061a19a2"},"description":"El profesor ARQ UC Alberto Moletto, en asociaci\u00f3n con Sebasti\u00e1n Paredes, tambi\u00e9n profesor en nuestra escuela, obtuvo el primer lugar en la licitaci\u00f3n p\u00fablica para el dise\u00f1o del nuevo edificio de talleres de arquitectura de la Universidad de la Serena, a construirse en el Campus Andres Bello de la misma ciudad.","breadcrumb":{"@id":"https:\/\/fadeu.urantiacos.cl\/en\/2022\/09\/05\/oficina-de-alberto-moletto-obtiene-primer-lugar-en-licitacion-para-edificio-en-la-serena\/#breadcrumb"},"inLanguage":"en-US","potentialAction":[{"@type":"ReadAction","target":["https:\/\/fadeu.urantiacos.cl\/en\/2022\/09\/05\/oficina-de-alberto-moletto-obtiene-primer-lugar-en-licitacion-para-edificio-en-la-serena\/"]}]},{"@type":"ImageObject","inLanguage":"en-US","@id":"https:\/\/fadeu.urantiacos.cl\/en\/2022\/09\/05\/oficina-de-alberto-moletto-obtiene-primer-lugar-en-licitacion-para-edificio-en-la-serena\/#primaryimage","url":"https:\/\/fadeu.urantiacos.cl\/wp-content\/uploads\/2023\/09\/web_Moletto_31.08_E-PROPUESTA_LAMINA_1.jpg","contentUrl":"https:\/\/fadeu.urantiacos.cl\/wp-content\/uploads\/2023\/09\/web_Moletto_31.08_E-PROPUESTA_LAMINA_1.jpg","width":350,"height":250},{"@type":"BreadcrumbList","@id":"https:\/\/fadeu.urantiacos.cl\/en\/2022\/09\/05\/oficina-de-alberto-moletto-obtiene-primer-lugar-en-licitacion-para-edificio-en-la-serena\/#breadcrumb","itemListElement":[{"@type":"ListItem","position":1,"name":"Portada","item":"https:\/\/fadeu.urantiacos.cl\/en\/"},{"@type":"ListItem","position":2,"name":"Oficina de Alberto Moletto obtiene primer lugar en licitaci\u00f3n para edificio en La Serena"}]},{"@type":"WebSite","@id":"https:\/\/fadeu.urantiacos.cl\/en\/#website","url":"https:\/\/fadeu.urantiacos.cl\/en\/","name":"Facultad de Arquitectura, Dise\u00f1o y Estudios Urbanos","description":"Campus Lo Contador","potentialAction":[{"@type":"SearchAction","target":{"@type":"EntryPoint","urlTemplate":"https:\/\/fadeu.urantiacos.cl\/en\/?s={search_term_string}"},"query-input":{"@type":"PropertyValueSpecification","valueRequired":true,"valueName":"search_term_string"}}],"inLanguage":"en-US"},{"@type":"Person","@id":"https:\/\/fadeu.urantiacos.cl\/en\/#\/schema\/person\/d203e2e84b1c40275eac77b3061a19a2","name":"manadmin","image":{"@type":"ImageObject","inLanguage":"en-US","@id":"https:\/\/fadeu.urantiacos.cl\/en\/#\/schema\/person\/image\/","url":"https:\/\/secure.gravatar.com\/avatar\/4b1d8e3303b4a9d8968ac578947d8bc80d9aea359f388cdd4aac15cadc0e8447?s=96&d=mm&r=g","contentUrl":"https:\/\/secure.gravatar.com\/avatar\/4b1d8e3303b4a9d8968ac578947d8bc80d9aea359f388cdd4aac15cadc0e8447?s=96&d=mm&r=g","caption":"manadmin"},"sameAs":["https:\/\/fadeu.urantiacos.cl"]}]}},"_links":{"self":[{"href":"https:\/\/fadeu.urantiacos.cl\/en\/wp-json\/wp\/v2\/posts\/4221","targetHints":{"allow":["GET"]}}],"collection":[{"href":"https:\/\/fadeu.urantiacos.cl\/en\/wp-json\/wp\/v2\/posts"}],"about":[{"href":"https:\/\/fadeu.urantiacos.cl\/en\/wp-json\/wp\/v2\/types\/post"}],"author":[{"embeddable":true,"href":"https:\/\/fadeu.urantiacos.cl\/en\/wp-json\/wp\/v2\/users\/1"}],"replies":[{"embeddable":true,"href":"https:\/\/fadeu.urantiacos.cl\/en\/wp-json\/wp\/v2\/comments?post=4221"}],"version-history":[{"count":2,"href":"https:\/\/fadeu.urantiacos.cl\/en\/wp-json\/wp\/v2\/posts\/4221\/revisions"}],"predecessor-version":[{"id":18067,"href":"https:\/\/fadeu.urantiacos.cl\/en\/wp-json\/wp\/v2\/posts\/4221\/revisions\/18067"}],"wp:featuredmedia":[{"embeddable":true,"href":"https:\/\/fadeu.urantiacos.cl\/en\/wp-json\/wp\/v2\/media\/4222"}],"wp:attachment":[{"href":"https:\/\/fadeu.urantiacos.cl\/en\/wp-json\/wp\/v2\/media?parent=4221"}],"wp:term":[{"taxonomy":"category","embeddable":true,"href":"https:\/\/fadeu.urantiacos.cl\/en\/wp-json\/wp\/v2\/categories?post=4221"},{"taxonomy":"post_tag","embeddable":true,"href":"https:\/\/fadeu.urantiacos.cl\/en\/wp-json\/wp\/v2\/tags?post=4221"}],"curies":[{"name":"wp","href":"https:\/\/api.w.org\/{rel}","templated":true}]}}