{"id":4218,"date":"2022-09-05T20:54:00","date_gmt":"2022-09-05T23:54:00","guid":{"rendered":"https:\/\/fadeu.urantiacos.cl\/?p=4218"},"modified":"2023-09-03T20:55:41","modified_gmt":"2023-09-03T23:55:41","slug":"rocio-hidalgo-dicto-clase-abierta-sobre-el-metro-en-la-universidad-finis-terrae","status":"publish","type":"post","link":"https:\/\/fadeu.urantiacos.cl\/en\/2022\/09\/05\/rocio-hidalgo-dicto-clase-abierta-sobre-el-metro-en-la-universidad-finis-terrae\/","title":{"rendered":"Roc\u00edo Hidalgo dict\u00f3 clase abierta sobre el Metro en la Universidad Finis Terrae"},"content":{"rendered":"\n<figure class=\"wp-block-image size-full\"><img decoding=\"async\" width=\"350\" height=\"250\" src=\"https:\/\/fadeu.urantiacos.cl\/wp-content\/uploads\/2023\/09\/web_rocio_hidalgo.png\" alt=\"\" class=\"wp-image-4219\" srcset=\"https:\/\/fadeu.urantiacos.cl\/wp-content\/uploads\/2023\/09\/web_rocio_hidalgo.png 350w, https:\/\/fadeu.urantiacos.cl\/wp-content\/uploads\/2023\/09\/web_rocio_hidalgo-300x214.png 300w\" sizes=\"(max-width: 350px) 100vw, 350px\" \/><\/figure>\n\n\n\n<p>Titulada &#8220;La trama del Metro. Patrones de transformaci\u00f3n en torno a las estaciones del metro de Santiago&#8221;, la charla de la profesora ARQ UC Roc\u00edo Hidalgo trat\u00f3 sobre c\u00f3mo los sistemas de transporte subterr\u00e1neo irrumpieron en el coraz\u00f3n de las ciudades en la segunda mitad del siglo XIX, transformando de manera radical la cultura y h\u00e1bitos ciudadanos. En Santiago, el Metro aparece en la d\u00e9cada de los setenta como protagonista de un proyecto mayor de modernizaci\u00f3n de la ciudad, incidiendo en la consolidaci\u00f3n de la estructura y el car\u00e1cter del espacio p\u00fablico metropolitano.<\/p>\n\n\n\n<p>La presentaci\u00f3n contrast\u00f3 los primeros momentos del Metro de Santiago con sus proyectos m\u00e1s recientes \u2014espec\u00edficamente con la L\u00ednea 3\u2014, cuyo trazado y estaciones se analizan a modo de \u201ctransecto metropolitano\u201d. As\u00ed, examin\u00f3 y compar\u00f3 la morfolog\u00eda y car\u00e1cter de cuadrantes de 800 x 800 metros en torno a las 18 estaciones de la l\u00ednea, que van desde la ciudad jard\u00edn de la comuna de La Reina hasta los barrios obreros de Conchal\u00ed, pasando por el centro hist\u00f3rico de la ciudad.<\/p>\n\n\n\n<p>El an\u00e1lisis expuesto por la profesora ARQ UC, tambi\u00e9n directora del Laboratorio de Ciudad y Movilidad UC, revel\u00f3 la actual preferencia del sistema por actuaciones m\u00e1s herm\u00e9ticas y encapsuladas, y una intervenci\u00f3n a partir de lotes de esquina, donde se sit\u00faan los piques y nuevos accesos a profundas estaciones, como entidades aut\u00f3nomas desvinculadas de la trama urbana de cada lugar.<\/p>\n\n\n\n<p>Noticias<br>Contacto:&nbsp;<a href=\"mailto:redesarq@uc.cl\">redesarq@uc.cl<\/a>&nbsp;| +56 2 2354 7747<br>www.arquitectura.uc.cl<\/p>\n","protected":false},"excerpt":{"rendered":"<p>El Taller VI de la Escuela de Arquitectura de la Universidad Finis Terrae invit\u00f3 a la profesora ARQ UC, directora del Laboratorio de Ciudad y Movilidad UC, a dar una clase abierta en torno a la trama del Metro de Santiago.<\/p>\n","protected":false},"author":1,"featured_media":4219,"comment_status":"open","ping_status":"open","sticky":false,"template":"","format":"standard","meta":{"_acf_changed":false,"footnotes":""},"categories":[1],"tags":[],"class_list":["post-4218","post","type-post","status-publish","format-standard","has-post-thumbnail","hentry","category-sin-categorizar"],"acf":[],"yoast_head":"<!-- This site is optimized with the Yoast SEO plugin v27.1.1 - https:\/\/yoast.com\/product\/yoast-seo-wordpress\/ -->\n<title>Roc\u00edo Hidalgo dict\u00f3 clase abierta sobre el Metro en la Universidad Finis Terrae - Facultad de Arquitectura, Dise\u00f1o y Estudios Urbanos<\/title>\n<meta name=\"description\" content=\"El Taller VI de la Escuela de Arquitectura de la Universidad Finis Terrae invit\u00f3 a la profesora ARQ UC, directora del Laboratorio de Ciudad y Movilidad UC, a dar una clase abierta en torno a la trama del Metro de Santiago.\" \/>\n<meta name=\"robots\" content=\"index, follow, max-snippet:-1, max-image-preview:large, max-video-preview:-1\" \/>\n<link rel=\"canonical\" href=\"https:\/\/fadeu.urantiacos.cl\/en\/2022\/09\/05\/rocio-hidalgo-dicto-clase-abierta-sobre-el-metro-en-la-universidad-finis-terrae\/\" \/>\n<meta property=\"og:locale\" content=\"en_US\" \/>\n<meta property=\"og:type\" content=\"article\" \/>\n<meta property=\"og:title\" content=\"Roc\u00edo Hidalgo dict\u00f3 clase abierta sobre el Metro en la Universidad Finis Terrae - Facultad de Arquitectura, Dise\u00f1o y Estudios Urbanos\" \/>\n<meta property=\"og:description\" content=\"El Taller VI de la Escuela de Arquitectura de la Universidad Finis Terrae invit\u00f3 a la profesora ARQ UC, directora del Laboratorio de Ciudad y Movilidad UC, a dar una clase abierta en torno a la trama del Metro de Santiago.\" \/>\n<meta property=\"og:url\" content=\"https:\/\/fadeu.urantiacos.cl\/en\/2022\/09\/05\/rocio-hidalgo-dicto-clase-abierta-sobre-el-metro-en-la-universidad-finis-terrae\/\" \/>\n<meta property=\"og:site_name\" content=\"Facultad de Arquitectura, Dise\u00f1o y Estudios Urbanos\" \/>\n<meta property=\"article:published_time\" content=\"2022-09-05T23:54:00+00:00\" \/>\n<meta property=\"article:modified_time\" content=\"2023-09-03T23:55:41+00:00\" \/>\n<meta property=\"og:image\" content=\"https:\/\/fadeu.urantiacos.cl\/wp-content\/uploads\/2023\/09\/web_rocio_hidalgo.png\" \/>\n\t<meta property=\"og:image:width\" content=\"350\" \/>\n\t<meta property=\"og:image:height\" content=\"250\" \/>\n\t<meta property=\"og:image:type\" content=\"image\/png\" \/>\n<meta name=\"author\" content=\"manadmin\" \/>\n<meta name=\"twitter:card\" content=\"summary_large_image\" \/>\n<meta name=\"twitter:label1\" content=\"Written by\" \/>\n\t<meta name=\"twitter:data1\" content=\"manadmin\" \/>\n\t<meta name=\"twitter:label2\" content=\"Est. reading time\" \/>\n\t<meta name=\"twitter:data2\" content=\"1 minute\" \/>\n<script type=\"application\/ld+json\" class=\"yoast-schema-graph\">{\"@context\":\"https:\/\/schema.org\",\"@graph\":[{\"@type\":\"Article\",\"@id\":\"https:\/\/fadeu.urantiacos.cl\/en\/2022\/09\/05\/rocio-hidalgo-dicto-clase-abierta-sobre-el-metro-en-la-universidad-finis-terrae\/#article\",\"isPartOf\":{\"@id\":\"https:\/\/fadeu.urantiacos.cl\/en\/2022\/09\/05\/rocio-hidalgo-dicto-clase-abierta-sobre-el-metro-en-la-universidad-finis-terrae\/\"},\"author\":{\"name\":\"manadmin\",\"@id\":\"https:\/\/fadeu.urantiacos.cl\/en\/#\/schema\/person\/d203e2e84b1c40275eac77b3061a19a2\"},\"headline\":\"Roc\u00edo Hidalgo dict\u00f3 clase abierta sobre el Metro en la Universidad Finis Terrae\",\"datePublished\":\"2022-09-05T23:54:00+00:00\",\"dateModified\":\"2023-09-03T23:55:41+00:00\",\"mainEntityOfPage\":{\"@id\":\"https:\/\/fadeu.urantiacos.cl\/en\/2022\/09\/05\/rocio-hidalgo-dicto-clase-abierta-sobre-el-metro-en-la-universidad-finis-terrae\/\"},\"wordCount\":281,\"commentCount\":0,\"image\":{\"@id\":\"https:\/\/fadeu.urantiacos.cl\/en\/2022\/09\/05\/rocio-hidalgo-dicto-clase-abierta-sobre-el-metro-en-la-universidad-finis-terrae\/#primaryimage\"},\"thumbnailUrl\":\"https:\/\/fadeu.urantiacos.cl\/wp-content\/uploads\/2023\/09\/web_rocio_hidalgo.png\",\"articleSection\":[\"Sin categorizar\"],\"inLanguage\":\"en-US\",\"potentialAction\":[{\"@type\":\"CommentAction\",\"name\":\"Comment\",\"target\":[\"https:\/\/fadeu.urantiacos.cl\/en\/2022\/09\/05\/rocio-hidalgo-dicto-clase-abierta-sobre-el-metro-en-la-universidad-finis-terrae\/#respond\"]}]},{\"@type\":\"WebPage\",\"@id\":\"https:\/\/fadeu.urantiacos.cl\/en\/2022\/09\/05\/rocio-hidalgo-dicto-clase-abierta-sobre-el-metro-en-la-universidad-finis-terrae\/\",\"url\":\"https:\/\/fadeu.urantiacos.cl\/en\/2022\/09\/05\/rocio-hidalgo-dicto-clase-abierta-sobre-el-metro-en-la-universidad-finis-terrae\/\",\"name\":\"Roc\u00edo Hidalgo dict\u00f3 clase abierta sobre el Metro en la Universidad Finis Terrae - Facultad de Arquitectura, Dise\u00f1o y Estudios Urbanos\",\"isPartOf\":{\"@id\":\"https:\/\/fadeu.urantiacos.cl\/en\/#website\"},\"primaryImageOfPage\":{\"@id\":\"https:\/\/fadeu.urantiacos.cl\/en\/2022\/09\/05\/rocio-hidalgo-dicto-clase-abierta-sobre-el-metro-en-la-universidad-finis-terrae\/#primaryimage\"},\"image\":{\"@id\":\"https:\/\/fadeu.urantiacos.cl\/en\/2022\/09\/05\/rocio-hidalgo-dicto-clase-abierta-sobre-el-metro-en-la-universidad-finis-terrae\/#primaryimage\"},\"thumbnailUrl\":\"https:\/\/fadeu.urantiacos.cl\/wp-content\/uploads\/2023\/09\/web_rocio_hidalgo.png\",\"datePublished\":\"2022-09-05T23:54:00+00:00\",\"dateModified\":\"2023-09-03T23:55:41+00:00\",\"author\":{\"@id\":\"https:\/\/fadeu.urantiacos.cl\/en\/#\/schema\/person\/d203e2e84b1c40275eac77b3061a19a2\"},\"description\":\"El Taller VI de la Escuela de Arquitectura de la Universidad Finis Terrae invit\u00f3 a la profesora ARQ UC, directora del Laboratorio de Ciudad y Movilidad UC, a dar una clase abierta en torno a la trama del Metro de Santiago.\",\"breadcrumb\":{\"@id\":\"https:\/\/fadeu.urantiacos.cl\/en\/2022\/09\/05\/rocio-hidalgo-dicto-clase-abierta-sobre-el-metro-en-la-universidad-finis-terrae\/#breadcrumb\"},\"inLanguage\":\"en-US\",\"potentialAction\":[{\"@type\":\"ReadAction\",\"target\":[\"https:\/\/fadeu.urantiacos.cl\/en\/2022\/09\/05\/rocio-hidalgo-dicto-clase-abierta-sobre-el-metro-en-la-universidad-finis-terrae\/\"]}]},{\"@type\":\"ImageObject\",\"inLanguage\":\"en-US\",\"@id\":\"https:\/\/fadeu.urantiacos.cl\/en\/2022\/09\/05\/rocio-hidalgo-dicto-clase-abierta-sobre-el-metro-en-la-universidad-finis-terrae\/#primaryimage\",\"url\":\"https:\/\/fadeu.urantiacos.cl\/wp-content\/uploads\/2023\/09\/web_rocio_hidalgo.png\",\"contentUrl\":\"https:\/\/fadeu.urantiacos.cl\/wp-content\/uploads\/2023\/09\/web_rocio_hidalgo.png\",\"width\":350,\"height\":250},{\"@type\":\"BreadcrumbList\",\"@id\":\"https:\/\/fadeu.urantiacos.cl\/en\/2022\/09\/05\/rocio-hidalgo-dicto-clase-abierta-sobre-el-metro-en-la-universidad-finis-terrae\/#breadcrumb\",\"itemListElement\":[{\"@type\":\"ListItem\",\"position\":1,\"name\":\"Portada\",\"item\":\"https:\/\/fadeu.urantiacos.cl\/en\/\"},{\"@type\":\"ListItem\",\"position\":2,\"name\":\"Roc\u00edo Hidalgo dict\u00f3 clase abierta sobre el Metro en la Universidad Finis Terrae\"}]},{\"@type\":\"WebSite\",\"@id\":\"https:\/\/fadeu.urantiacos.cl\/en\/#website\",\"url\":\"https:\/\/fadeu.urantiacos.cl\/en\/\",\"name\":\"Facultad de Arquitectura, Dise\u00f1o y Estudios Urbanos\",\"description\":\"Campus Lo Contador\",\"potentialAction\":[{\"@type\":\"SearchAction\",\"target\":{\"@type\":\"EntryPoint\",\"urlTemplate\":\"https:\/\/fadeu.urantiacos.cl\/en\/?s={search_term_string}\"},\"query-input\":{\"@type\":\"PropertyValueSpecification\",\"valueRequired\":true,\"valueName\":\"search_term_string\"}}],\"inLanguage\":\"en-US\"},{\"@type\":\"Person\",\"@id\":\"https:\/\/fadeu.urantiacos.cl\/en\/#\/schema\/person\/d203e2e84b1c40275eac77b3061a19a2\",\"name\":\"manadmin\",\"image\":{\"@type\":\"ImageObject\",\"inLanguage\":\"en-US\",\"@id\":\"https:\/\/fadeu.urantiacos.cl\/en\/#\/schema\/person\/image\/\",\"url\":\"https:\/\/secure.gravatar.com\/avatar\/4b1d8e3303b4a9d8968ac578947d8bc80d9aea359f388cdd4aac15cadc0e8447?s=96&d=mm&r=g\",\"contentUrl\":\"https:\/\/secure.gravatar.com\/avatar\/4b1d8e3303b4a9d8968ac578947d8bc80d9aea359f388cdd4aac15cadc0e8447?s=96&d=mm&r=g\",\"caption\":\"manadmin\"},\"sameAs\":[\"https:\/\/fadeu.urantiacos.cl\"]}]}<\/script>\n<!-- \/ Yoast SEO plugin. -->","yoast_head_json":{"title":"Roc\u00edo Hidalgo dict\u00f3 clase abierta sobre el Metro en la Universidad Finis Terrae - Facultad de Arquitectura, Dise\u00f1o y Estudios Urbanos","description":"El Taller VI de la Escuela de Arquitectura de la Universidad Finis Terrae invit\u00f3 a la profesora ARQ UC, directora del Laboratorio de Ciudad y Movilidad UC, a dar una clase abierta en torno a la trama del Metro de Santiago.","robots":{"index":"index","follow":"follow","max-snippet":"max-snippet:-1","max-image-preview":"max-image-preview:large","max-video-preview":"max-video-preview:-1"},"canonical":"https:\/\/fadeu.urantiacos.cl\/en\/2022\/09\/05\/rocio-hidalgo-dicto-clase-abierta-sobre-el-metro-en-la-universidad-finis-terrae\/","og_locale":"en_US","og_type":"article","og_title":"Roc\u00edo Hidalgo dict\u00f3 clase abierta sobre el Metro en la Universidad Finis Terrae - Facultad de Arquitectura, Dise\u00f1o y Estudios Urbanos","og_description":"El Taller VI de la Escuela de Arquitectura de la Universidad Finis Terrae invit\u00f3 a la profesora ARQ UC, directora del Laboratorio de Ciudad y Movilidad UC, a dar una clase abierta en torno a la trama del Metro de Santiago.","og_url":"https:\/\/fadeu.urantiacos.cl\/en\/2022\/09\/05\/rocio-hidalgo-dicto-clase-abierta-sobre-el-metro-en-la-universidad-finis-terrae\/","og_site_name":"Facultad de Arquitectura, Dise\u00f1o y Estudios Urbanos","article_published_time":"2022-09-05T23:54:00+00:00","article_modified_time":"2023-09-03T23:55:41+00:00","og_image":[{"width":350,"height":250,"url":"https:\/\/fadeu.urantiacos.cl\/wp-content\/uploads\/2023\/09\/web_rocio_hidalgo.png","type":"image\/png"}],"author":"manadmin","twitter_card":"summary_large_image","twitter_misc":{"Written by":"manadmin","Est. reading time":"1 minute"},"schema":{"@context":"https:\/\/schema.org","@graph":[{"@type":"Article","@id":"https:\/\/fadeu.urantiacos.cl\/en\/2022\/09\/05\/rocio-hidalgo-dicto-clase-abierta-sobre-el-metro-en-la-universidad-finis-terrae\/#article","isPartOf":{"@id":"https:\/\/fadeu.urantiacos.cl\/en\/2022\/09\/05\/rocio-hidalgo-dicto-clase-abierta-sobre-el-metro-en-la-universidad-finis-terrae\/"},"author":{"name":"manadmin","@id":"https:\/\/fadeu.urantiacos.cl\/en\/#\/schema\/person\/d203e2e84b1c40275eac77b3061a19a2"},"headline":"Roc\u00edo Hidalgo dict\u00f3 clase abierta sobre el Metro en la Universidad Finis Terrae","datePublished":"2022-09-05T23:54:00+00:00","dateModified":"2023-09-03T23:55:41+00:00","mainEntityOfPage":{"@id":"https:\/\/fadeu.urantiacos.cl\/en\/2022\/09\/05\/rocio-hidalgo-dicto-clase-abierta-sobre-el-metro-en-la-universidad-finis-terrae\/"},"wordCount":281,"commentCount":0,"image":{"@id":"https:\/\/fadeu.urantiacos.cl\/en\/2022\/09\/05\/rocio-hidalgo-dicto-clase-abierta-sobre-el-metro-en-la-universidad-finis-terrae\/#primaryimage"},"thumbnailUrl":"https:\/\/fadeu.urantiacos.cl\/wp-content\/uploads\/2023\/09\/web_rocio_hidalgo.png","articleSection":["Sin categorizar"],"inLanguage":"en-US","potentialAction":[{"@type":"CommentAction","name":"Comment","target":["https:\/\/fadeu.urantiacos.cl\/en\/2022\/09\/05\/rocio-hidalgo-dicto-clase-abierta-sobre-el-metro-en-la-universidad-finis-terrae\/#respond"]}]},{"@type":"WebPage","@id":"https:\/\/fadeu.urantiacos.cl\/en\/2022\/09\/05\/rocio-hidalgo-dicto-clase-abierta-sobre-el-metro-en-la-universidad-finis-terrae\/","url":"https:\/\/fadeu.urantiacos.cl\/en\/2022\/09\/05\/rocio-hidalgo-dicto-clase-abierta-sobre-el-metro-en-la-universidad-finis-terrae\/","name":"Roc\u00edo Hidalgo dict\u00f3 clase abierta sobre el Metro en la Universidad Finis Terrae - Facultad de Arquitectura, Dise\u00f1o y Estudios Urbanos","isPartOf":{"@id":"https:\/\/fadeu.urantiacos.cl\/en\/#website"},"primaryImageOfPage":{"@id":"https:\/\/fadeu.urantiacos.cl\/en\/2022\/09\/05\/rocio-hidalgo-dicto-clase-abierta-sobre-el-metro-en-la-universidad-finis-terrae\/#primaryimage"},"image":{"@id":"https:\/\/fadeu.urantiacos.cl\/en\/2022\/09\/05\/rocio-hidalgo-dicto-clase-abierta-sobre-el-metro-en-la-universidad-finis-terrae\/#primaryimage"},"thumbnailUrl":"https:\/\/fadeu.urantiacos.cl\/wp-content\/uploads\/2023\/09\/web_rocio_hidalgo.png","datePublished":"2022-09-05T23:54:00+00:00","dateModified":"2023-09-03T23:55:41+00:00","author":{"@id":"https:\/\/fadeu.urantiacos.cl\/en\/#\/schema\/person\/d203e2e84b1c40275eac77b3061a19a2"},"description":"El Taller VI de la Escuela de Arquitectura de la Universidad Finis Terrae invit\u00f3 a la profesora ARQ UC, directora del Laboratorio de Ciudad y Movilidad UC, a dar una clase abierta en torno a la trama del Metro de Santiago.","breadcrumb":{"@id":"https:\/\/fadeu.urantiacos.cl\/en\/2022\/09\/05\/rocio-hidalgo-dicto-clase-abierta-sobre-el-metro-en-la-universidad-finis-terrae\/#breadcrumb"},"inLanguage":"en-US","potentialAction":[{"@type":"ReadAction","target":["https:\/\/fadeu.urantiacos.cl\/en\/2022\/09\/05\/rocio-hidalgo-dicto-clase-abierta-sobre-el-metro-en-la-universidad-finis-terrae\/"]}]},{"@type":"ImageObject","inLanguage":"en-US","@id":"https:\/\/fadeu.urantiacos.cl\/en\/2022\/09\/05\/rocio-hidalgo-dicto-clase-abierta-sobre-el-metro-en-la-universidad-finis-terrae\/#primaryimage","url":"https:\/\/fadeu.urantiacos.cl\/wp-content\/uploads\/2023\/09\/web_rocio_hidalgo.png","contentUrl":"https:\/\/fadeu.urantiacos.cl\/wp-content\/uploads\/2023\/09\/web_rocio_hidalgo.png","width":350,"height":250},{"@type":"BreadcrumbList","@id":"https:\/\/fadeu.urantiacos.cl\/en\/2022\/09\/05\/rocio-hidalgo-dicto-clase-abierta-sobre-el-metro-en-la-universidad-finis-terrae\/#breadcrumb","itemListElement":[{"@type":"ListItem","position":1,"name":"Portada","item":"https:\/\/fadeu.urantiacos.cl\/en\/"},{"@type":"ListItem","position":2,"name":"Roc\u00edo Hidalgo dict\u00f3 clase abierta sobre el Metro en la Universidad Finis Terrae"}]},{"@type":"WebSite","@id":"https:\/\/fadeu.urantiacos.cl\/en\/#website","url":"https:\/\/fadeu.urantiacos.cl\/en\/","name":"Facultad de Arquitectura, Dise\u00f1o y Estudios Urbanos","description":"Campus Lo Contador","potentialAction":[{"@type":"SearchAction","target":{"@type":"EntryPoint","urlTemplate":"https:\/\/fadeu.urantiacos.cl\/en\/?s={search_term_string}"},"query-input":{"@type":"PropertyValueSpecification","valueRequired":true,"valueName":"search_term_string"}}],"inLanguage":"en-US"},{"@type":"Person","@id":"https:\/\/fadeu.urantiacos.cl\/en\/#\/schema\/person\/d203e2e84b1c40275eac77b3061a19a2","name":"manadmin","image":{"@type":"ImageObject","inLanguage":"en-US","@id":"https:\/\/fadeu.urantiacos.cl\/en\/#\/schema\/person\/image\/","url":"https:\/\/secure.gravatar.com\/avatar\/4b1d8e3303b4a9d8968ac578947d8bc80d9aea359f388cdd4aac15cadc0e8447?s=96&d=mm&r=g","contentUrl":"https:\/\/secure.gravatar.com\/avatar\/4b1d8e3303b4a9d8968ac578947d8bc80d9aea359f388cdd4aac15cadc0e8447?s=96&d=mm&r=g","caption":"manadmin"},"sameAs":["https:\/\/fadeu.urantiacos.cl"]}]}},"_links":{"self":[{"href":"https:\/\/fadeu.urantiacos.cl\/en\/wp-json\/wp\/v2\/posts\/4218","targetHints":{"allow":["GET"]}}],"collection":[{"href":"https:\/\/fadeu.urantiacos.cl\/en\/wp-json\/wp\/v2\/posts"}],"about":[{"href":"https:\/\/fadeu.urantiacos.cl\/en\/wp-json\/wp\/v2\/types\/post"}],"author":[{"embeddable":true,"href":"https:\/\/fadeu.urantiacos.cl\/en\/wp-json\/wp\/v2\/users\/1"}],"replies":[{"embeddable":true,"href":"https:\/\/fadeu.urantiacos.cl\/en\/wp-json\/wp\/v2\/comments?post=4218"}],"version-history":[{"count":1,"href":"https:\/\/fadeu.urantiacos.cl\/en\/wp-json\/wp\/v2\/posts\/4218\/revisions"}],"predecessor-version":[{"id":4220,"href":"https:\/\/fadeu.urantiacos.cl\/en\/wp-json\/wp\/v2\/posts\/4218\/revisions\/4220"}],"wp:featuredmedia":[{"embeddable":true,"href":"https:\/\/fadeu.urantiacos.cl\/en\/wp-json\/wp\/v2\/media\/4219"}],"wp:attachment":[{"href":"https:\/\/fadeu.urantiacos.cl\/en\/wp-json\/wp\/v2\/media?parent=4218"}],"wp:term":[{"taxonomy":"category","embeddable":true,"href":"https:\/\/fadeu.urantiacos.cl\/en\/wp-json\/wp\/v2\/categories?post=4218"},{"taxonomy":"post_tag","embeddable":true,"href":"https:\/\/fadeu.urantiacos.cl\/en\/wp-json\/wp\/v2\/tags?post=4218"}],"curies":[{"name":"wp","href":"https:\/\/api.w.org\/{rel}","templated":true}]}}