{"id":4209,"date":"2022-09-05T20:44:00","date_gmt":"2022-09-05T23:44:00","guid":{"rendered":"https:\/\/fadeu.urantiacos.cl\/?p=4209"},"modified":"2023-09-03T20:54:03","modified_gmt":"2023-09-03T23:54:03","slug":"se-realizo-ciclo-de-debates-constitucionales-en-lo-contador","status":"publish","type":"post","link":"https:\/\/fadeu.urantiacos.cl\/en\/2022\/09\/05\/se-realizo-ciclo-de-debates-constitucionales-en-lo-contador\/","title":{"rendered":"Se realiz\u00f3 ciclo de debates constitucionales en Lo Contador"},"content":{"rendered":"\n<figure class=\"wp-block-image size-full\"><img decoding=\"async\" width=\"350\" height=\"250\" src=\"https:\/\/fadeu.urantiacos.cl\/wp-content\/uploads\/2023\/09\/WEB_220816_Foro_Constitucional_sesion_1_02.jpg\" alt=\"\" class=\"wp-image-4210\" srcset=\"https:\/\/fadeu.urantiacos.cl\/wp-content\/uploads\/2023\/09\/WEB_220816_Foro_Constitucional_sesion_1_02.jpg 350w, https:\/\/fadeu.urantiacos.cl\/wp-content\/uploads\/2023\/09\/WEB_220816_Foro_Constitucional_sesion_1_02-300x214.jpg 300w\" sizes=\"(max-width: 350px) 100vw, 350px\" \/><\/figure>\n\n\n\n<p>Bajo el t\u00edtulo \u201cForo Constitucional\u201d, el ciclo en el Campus Lo Contador tuvo tres instancias: primero &#8220;Ciudad y gobiernos locales&#8221;, luego &#8220;Marco constitucional&#8221; y, finalmente, &#8220;Derecho a la ciudad y la vivienda&#8221;. En esa l\u00ednea, tanto la selecci\u00f3n de panelistas \u2014paritaria, con tres mujeres y tres hombres\u2014 como las tem\u00e1ticas levantadas buscaron generar un debate informado en torno a materias como la propuesta de Estado, la gobernanza, el medio ambiente, la ciudad y la vivienda, no s\u00f3lo con miras al apruebo o rechazo de la nueva propuesta constitucional, sino tambi\u00e9n como una forma para profundizar en los desaf\u00edos que enfrentar\u00e1 el pa\u00eds post 04 de septiembre de 2022.<\/p>\n\n\n\n<p>As\u00ed, la primera sesi\u00f3n \u2014enfocada en los gobiernos locales\u2014 tuvo como invitadas a Carolina Leitao, alcaldesa de la Municipalidad de Pe\u00f1alol\u00e9n y presidenta de la Asociaci\u00f3n Chilena de Municipalidades, y a Daniela Pe\u00f1aloza, alcaldesa de la Municipalidad de Las Condes. Entendiendo el importante efecto que la Constituci\u00f3n y las leyes han tenido hist\u00f3ricamente sobre el entorno construido, la conversaci\u00f3n se centr\u00f3 en dos aspectos fundamentales: las prioridades de los barrios de ciudades chilenas desde una visi\u00f3n local y municipal, y las necesidades y desaf\u00edos de los municipios para dar respuesta a esas demandas. Ambas alcaldesas se centraron en la importancia de la seguridad. En ese marco, Leitao la defini\u00f3 como la primera prioridad ciudadana \u2014destacando la importancia del desarrollo urbano adem\u00e1s de lo policial\u2014, se\u00f1alando las configuraciones de los barrios como algo crucial: &#8220;Cuando hablo de seguridad, estoy hablando del concepto de \u2018seguridad humana\u2019, mucho m\u00e1s integral que s\u00f3lo el vinculado a los temas policiales, sino que al desarrollo, a la expresi\u00f3n de las personas, poder caminar, poder desenvolverse, que los ni\u00f1os puedan salir a jugar libremente, la utilizaci\u00f3n del espacio p\u00fablico, la iluminaci\u00f3n&#8221;. Pe\u00f1aloza, por su lado, habl\u00f3 de la seguridad m\u00e1s all\u00e1 de la delincuencia y la prevenci\u00f3n del delito: &#8220;Hablamos del concepto de seguridad para que esa comuna o ese barrio sean seguros para todo aquello que t\u00fa quieras hacer (&#8230;) la seguridad pensada en la tranquilidad&#8221;.<\/p>\n\n\n\n<p>La segunda sesi\u00f3n tuvo como tema el marco constitucional, convocando a los abogados constitucionalistas Arturo Fermandois, profesor de Derecho UC y Javier Couso, profesor de la Universidad Diego Portales, como invitados. Considerando el funcionamiento, las potestades y la organizaci\u00f3n del Estado y del R\u00e9gimen Pol\u00edtico, entre otras cosas, la instancia abord\u00f3 la descentralizaci\u00f3n, el equilibrio de poderes, y la propuesta en general en t\u00e9rminos legales y jur\u00eddicos. De esta forma, Fermandois se\u00f1al\u00f3 sus preocupaciones en t\u00e9rminos de la falta de contrapesos y la inefectividad de la C\u00e1mara de las Regiones, la ausencia de permisolog\u00eda y los problemas t\u00e9cnicos que presenta el nuevo texto constitucional, por ejemplo, en cuanto a la ausencia de definici\u00f3n en relaci\u00f3n con las limitaciones y transiciones en ciertas \u00e1reas. En ese sentido y teniendo en cuenta los procesos anteriores como el de la presidenta Bachelet, se\u00f1al\u00f3: &#8220;Creo que se est\u00e1 hiper-constitucionalizando la vida nacional&#8221;, agregando, &#8220;el proyecto de la presidenta Bachelet\u2014que hemos tenido que leer varias veces de nuevo\u2014 ten\u00eda un 85% de normas aceptadas, sino un 90%, mientras que \u00e9ste, en mi opini\u00f3n, s\u00f3lo tiene un 30%, quiz\u00e1s s\u00f3lo un 25%&#8221; . Couso, por su parte, se\u00f1al\u00f3 lo contrario, y estimando que la propuesta de la nueva Constituci\u00f3n realiza avances significativos en gran parte de las materias, precisando en torno a los sistemas de control y contrapeso, y comparando con sistemas y mecanismos similares al propuesto en otros pa\u00edses, entre ellos, Costa Rica. Para \u00e9l, &#8220;hay un 80% del texto que es razonable y un 20% que est\u00e1 mal&#8221;, agregando que junto a un grupo de constitucionalistas hicieron una propuesta de cambios, los que gran parte fueron acogidos por los partidos.<\/p>\n\n\n\n<p>Por \u00faltimo, la tercera sesi\u00f3n, dedicada al derecho a la ciudad y a la vivienda, cont\u00f3 con la participaci\u00f3n de los ex ministros de vivienda Paulina Saball y Cristi\u00e1n Monckeberg y establecieron tres l\u00edneas a conversar: el derecho a una vivienda digna y adecuada, el derecho a la ciudad y el territorio, y los temas en torno a la gobernanza del territorio. Saball estableci\u00f3 tres aspectos por los cu\u00e1les valoraba la propuesta constitucional: El Estado de derecho, el derecho a la vivienda digna y adecuada, y las oportunidades de construir acuerdos sociales que abre la implementaci\u00f3n de la constituci\u00f3n, en caso de aprobarse. Para la ex ministra, &#8220;parte importante de los desgarros que hoy en d\u00eda tenemos como pa\u00eds est\u00e1n relacionados con la falta de cohesi\u00f3n social y fundamentalmente a los temas de desigualdad&#8221; estableciendo que la nueva constituci\u00f3n establece \u201cun cambio trascendental en la manera de articular nuestro pa\u00eds&#8221;. Monckeberg, por su lado, mostr\u00f3 una esperanza ante cualquier resultado: &#8220;Yo creo, y estoy muy convencido de esto, de que todo este proceso va a servir para llegar a una soluci\u00f3n constitucional ya sea en uno o en otro sentido: algunos dicen que la alternativa es el apruebo otros dicen que es el rechazo&#8221;. Sobre vivienda, el ex ministro se\u00f1al\u00f3 que en la convenci\u00f3n &#8220;todo iba en la l\u00f3gica del derecho a la vivienda&#8221; destacando que era una idea transversal. En ese sentido, habr\u00eda que preguntarse qu\u00e9 implica que sea &#8220;digna y adecuada&#8221;. Para \u00e9l lo novedoso, que dar\u00eda para hablar, &#8220;es el rol del Estado en materia de levantar proyectos de vivienda&#8221;, y tambi\u00e9n &#8220;c\u00f3mo participa el Estado en la captura de la plusval\u00eda&#8221;.<\/p>\n\n\n\n<p>Las sesiones se realizaron los d\u00edas 16, 26 y 29 de agosto en el Auditorio Fernando Castillo Velasco del edificio de Arquitectura y fueron transmitidas por el&nbsp;<a href=\"https:\/\/www.facebook.com\/extensionarquitecturauc\" target=\"_blank\" rel=\"noreferrer noopener\">Facebook ARQ UC<\/a>.<\/p>\n\n\n\n<figure class=\"wp-block-image size-full\"><img decoding=\"async\" width=\"1024\" height=\"683\" src=\"https:\/\/fadeu.urantiacos.cl\/wp-content\/uploads\/2023\/09\/220816_Foro_Constitucional_sesion_1_01.jpg\" alt=\"\" class=\"wp-image-4211\" srcset=\"https:\/\/fadeu.urantiacos.cl\/wp-content\/uploads\/2023\/09\/220816_Foro_Constitucional_sesion_1_01.jpg 1024w, https:\/\/fadeu.urantiacos.cl\/wp-content\/uploads\/2023\/09\/220816_Foro_Constitucional_sesion_1_01-300x200.jpg 300w, https:\/\/fadeu.urantiacos.cl\/wp-content\/uploads\/2023\/09\/220816_Foro_Constitucional_sesion_1_01-768x512.jpg 768w\" sizes=\"(max-width: 1024px) 100vw, 1024px\" \/><\/figure>\n\n\n\n<figure class=\"wp-block-image size-full\"><img decoding=\"async\" width=\"1024\" height=\"683\" src=\"https:\/\/fadeu.urantiacos.cl\/wp-content\/uploads\/2023\/09\/220816_Foro_Constitucional_sesion_1_02.jpg\" alt=\"\" class=\"wp-image-4212\" srcset=\"https:\/\/fadeu.urantiacos.cl\/wp-content\/uploads\/2023\/09\/220816_Foro_Constitucional_sesion_1_02.jpg 1024w, https:\/\/fadeu.urantiacos.cl\/wp-content\/uploads\/2023\/09\/220816_Foro_Constitucional_sesion_1_02-300x200.jpg 300w, https:\/\/fadeu.urantiacos.cl\/wp-content\/uploads\/2023\/09\/220816_Foro_Constitucional_sesion_1_02-768x512.jpg 768w\" sizes=\"(max-width: 1024px) 100vw, 1024px\" \/><\/figure>\n\n\n\n<figure class=\"wp-block-image size-full\"><img decoding=\"async\" width=\"1024\" height=\"683\" src=\"https:\/\/fadeu.urantiacos.cl\/wp-content\/uploads\/2023\/09\/220826_Foro_Constitucional_sesion_1_01.jpg\" alt=\"\" class=\"wp-image-4213\" srcset=\"https:\/\/fadeu.urantiacos.cl\/wp-content\/uploads\/2023\/09\/220826_Foro_Constitucional_sesion_1_01.jpg 1024w, https:\/\/fadeu.urantiacos.cl\/wp-content\/uploads\/2023\/09\/220826_Foro_Constitucional_sesion_1_01-300x200.jpg 300w, https:\/\/fadeu.urantiacos.cl\/wp-content\/uploads\/2023\/09\/220826_Foro_Constitucional_sesion_1_01-768x512.jpg 768w\" sizes=\"(max-width: 1024px) 100vw, 1024px\" \/><\/figure>\n\n\n\n<figure class=\"wp-block-image size-full\"><img decoding=\"async\" width=\"1024\" height=\"683\" src=\"https:\/\/fadeu.urantiacos.cl\/wp-content\/uploads\/2023\/09\/220826_Foro_Constitucional_sesion_1_02.jpg\" alt=\"\" class=\"wp-image-4214\" srcset=\"https:\/\/fadeu.urantiacos.cl\/wp-content\/uploads\/2023\/09\/220826_Foro_Constitucional_sesion_1_02.jpg 1024w, https:\/\/fadeu.urantiacos.cl\/wp-content\/uploads\/2023\/09\/220826_Foro_Constitucional_sesion_1_02-300x200.jpg 300w, https:\/\/fadeu.urantiacos.cl\/wp-content\/uploads\/2023\/09\/220826_Foro_Constitucional_sesion_1_02-768x512.jpg 768w\" sizes=\"(max-width: 1024px) 100vw, 1024px\" \/><\/figure>\n\n\n\n<figure class=\"wp-block-image size-full\"><img decoding=\"async\" width=\"1024\" height=\"683\" src=\"https:\/\/fadeu.urantiacos.cl\/wp-content\/uploads\/2023\/09\/220829_Foro_Constitucional_sesion_3_02.jpg\" alt=\"\" class=\"wp-image-4215\" srcset=\"https:\/\/fadeu.urantiacos.cl\/wp-content\/uploads\/2023\/09\/220829_Foro_Constitucional_sesion_3_02.jpg 1024w, https:\/\/fadeu.urantiacos.cl\/wp-content\/uploads\/2023\/09\/220829_Foro_Constitucional_sesion_3_02-300x200.jpg 300w, https:\/\/fadeu.urantiacos.cl\/wp-content\/uploads\/2023\/09\/220829_Foro_Constitucional_sesion_3_02-768x512.jpg 768w\" sizes=\"(max-width: 1024px) 100vw, 1024px\" \/><\/figure>\n\n\n\n<figure class=\"wp-block-image size-full\"><img decoding=\"async\" width=\"1024\" height=\"683\" src=\"https:\/\/fadeu.urantiacos.cl\/wp-content\/uploads\/2023\/09\/220829_Foro_Constitucional_sesion_3_01.jpg\" alt=\"\" class=\"wp-image-4216\" srcset=\"https:\/\/fadeu.urantiacos.cl\/wp-content\/uploads\/2023\/09\/220829_Foro_Constitucional_sesion_3_01.jpg 1024w, https:\/\/fadeu.urantiacos.cl\/wp-content\/uploads\/2023\/09\/220829_Foro_Constitucional_sesion_3_01-300x200.jpg 300w, https:\/\/fadeu.urantiacos.cl\/wp-content\/uploads\/2023\/09\/220829_Foro_Constitucional_sesion_3_01-768x512.jpg 768w\" sizes=\"(max-width: 1024px) 100vw, 1024px\" \/><\/figure>\n\n\n\n<p>Noticias<br>Contacto:&nbsp;<a href=\"mailto:redesarq@uc.cl\">redesarq@uc.cl<\/a>&nbsp;| +56 2 2354 7747<br>www.arquitectura.uc.cl<\/p>\n","protected":false},"excerpt":{"rendered":"<p>La Escuela de Arquitectura \u2014en conjunto con la Escuela de Dise\u00f1o y el Instituto de Estudios Urbanos\u2014 organiz\u00f3 durante agosto debates con miras al Plebiscito Constitucional, invitando a autoridades y expertos a discutir diferentes materias, explicando por qu\u00e9 aprobar o rechazar.<\/p>\n","protected":false},"author":1,"featured_media":4210,"comment_status":"open","ping_status":"open","sticky":false,"template":"","format":"standard","meta":{"_acf_changed":false,"footnotes":""},"categories":[1],"tags":[],"class_list":["post-4209","post","type-post","status-publish","format-standard","has-post-thumbnail","hentry","category-sin-categorizar"],"acf":[],"yoast_head":"<!-- This site is optimized with the Yoast SEO plugin v27.1.1 - https:\/\/yoast.com\/product\/yoast-seo-wordpress\/ -->\n<title>Se realiz\u00f3 ciclo de debates constitucionales en Lo Contador - Facultad de Arquitectura, Dise\u00f1o y Estudios Urbanos<\/title>\n<meta name=\"description\" content=\"La Escuela de Arquitectura \u2014en conjunto con la Escuela de Dise\u00f1o y el Instituto de Estudios Urbanos\u2014 organiz\u00f3 durante agosto debates con miras al Plebiscito Constitucional, invitando a autoridades y expertos a discutir diferentes materias, explicando por qu\u00e9 aprobar o rechazar.\" \/>\n<meta name=\"robots\" content=\"index, follow, max-snippet:-1, max-image-preview:large, max-video-preview:-1\" \/>\n<link rel=\"canonical\" href=\"https:\/\/fadeu.urantiacos.cl\/en\/2022\/09\/05\/se-realizo-ciclo-de-debates-constitucionales-en-lo-contador\/\" \/>\n<meta property=\"og:locale\" content=\"en_US\" \/>\n<meta property=\"og:type\" content=\"article\" \/>\n<meta property=\"og:title\" content=\"Se realiz\u00f3 ciclo de debates constitucionales en Lo Contador - Facultad de Arquitectura, Dise\u00f1o y Estudios Urbanos\" \/>\n<meta property=\"og:description\" content=\"La Escuela de Arquitectura \u2014en conjunto con la Escuela de Dise\u00f1o y el Instituto de Estudios Urbanos\u2014 organiz\u00f3 durante agosto debates con miras al Plebiscito Constitucional, invitando a autoridades y expertos a discutir diferentes materias, explicando por qu\u00e9 aprobar o rechazar.\" \/>\n<meta property=\"og:url\" content=\"https:\/\/fadeu.urantiacos.cl\/en\/2022\/09\/05\/se-realizo-ciclo-de-debates-constitucionales-en-lo-contador\/\" \/>\n<meta property=\"og:site_name\" content=\"Facultad de Arquitectura, Dise\u00f1o y Estudios Urbanos\" \/>\n<meta property=\"article:published_time\" content=\"2022-09-05T23:44:00+00:00\" \/>\n<meta property=\"article:modified_time\" content=\"2023-09-03T23:54:03+00:00\" \/>\n<meta property=\"og:image\" content=\"https:\/\/fadeu.urantiacos.cl\/wp-content\/uploads\/2023\/09\/WEB_220816_Foro_Constitucional_sesion_1_02.jpg\" \/>\n\t<meta property=\"og:image:width\" content=\"350\" \/>\n\t<meta property=\"og:image:height\" content=\"250\" \/>\n\t<meta property=\"og:image:type\" content=\"image\/jpeg\" \/>\n<meta name=\"author\" content=\"manadmin\" \/>\n<meta name=\"twitter:card\" content=\"summary_large_image\" \/>\n<meta name=\"twitter:label1\" content=\"Written by\" \/>\n\t<meta name=\"twitter:data1\" content=\"manadmin\" \/>\n\t<meta name=\"twitter:label2\" content=\"Est. reading time\" \/>\n\t<meta name=\"twitter:data2\" content=\"5 minutes\" \/>\n<script type=\"application\/ld+json\" class=\"yoast-schema-graph\">{\"@context\":\"https:\/\/schema.org\",\"@graph\":[{\"@type\":\"Article\",\"@id\":\"https:\/\/fadeu.urantiacos.cl\/en\/2022\/09\/05\/se-realizo-ciclo-de-debates-constitucionales-en-lo-contador\/#article\",\"isPartOf\":{\"@id\":\"https:\/\/fadeu.urantiacos.cl\/en\/2022\/09\/05\/se-realizo-ciclo-de-debates-constitucionales-en-lo-contador\/\"},\"author\":{\"name\":\"manadmin\",\"@id\":\"https:\/\/fadeu.urantiacos.cl\/en\/#\/schema\/person\/d203e2e84b1c40275eac77b3061a19a2\"},\"headline\":\"Se realiz\u00f3 ciclo de debates constitucionales en Lo Contador\",\"datePublished\":\"2022-09-05T23:44:00+00:00\",\"dateModified\":\"2023-09-03T23:54:03+00:00\",\"mainEntityOfPage\":{\"@id\":\"https:\/\/fadeu.urantiacos.cl\/en\/2022\/09\/05\/se-realizo-ciclo-de-debates-constitucionales-en-lo-contador\/\"},\"wordCount\":1003,\"commentCount\":0,\"image\":{\"@id\":\"https:\/\/fadeu.urantiacos.cl\/en\/2022\/09\/05\/se-realizo-ciclo-de-debates-constitucionales-en-lo-contador\/#primaryimage\"},\"thumbnailUrl\":\"https:\/\/fadeu.urantiacos.cl\/wp-content\/uploads\/2023\/09\/WEB_220816_Foro_Constitucional_sesion_1_02.jpg\",\"articleSection\":[\"Sin categorizar\"],\"inLanguage\":\"en-US\",\"potentialAction\":[{\"@type\":\"CommentAction\",\"name\":\"Comment\",\"target\":[\"https:\/\/fadeu.urantiacos.cl\/en\/2022\/09\/05\/se-realizo-ciclo-de-debates-constitucionales-en-lo-contador\/#respond\"]}]},{\"@type\":\"WebPage\",\"@id\":\"https:\/\/fadeu.urantiacos.cl\/en\/2022\/09\/05\/se-realizo-ciclo-de-debates-constitucionales-en-lo-contador\/\",\"url\":\"https:\/\/fadeu.urantiacos.cl\/en\/2022\/09\/05\/se-realizo-ciclo-de-debates-constitucionales-en-lo-contador\/\",\"name\":\"Se realiz\u00f3 ciclo de debates constitucionales en Lo Contador - Facultad de Arquitectura, Dise\u00f1o y Estudios Urbanos\",\"isPartOf\":{\"@id\":\"https:\/\/fadeu.urantiacos.cl\/en\/#website\"},\"primaryImageOfPage\":{\"@id\":\"https:\/\/fadeu.urantiacos.cl\/en\/2022\/09\/05\/se-realizo-ciclo-de-debates-constitucionales-en-lo-contador\/#primaryimage\"},\"image\":{\"@id\":\"https:\/\/fadeu.urantiacos.cl\/en\/2022\/09\/05\/se-realizo-ciclo-de-debates-constitucionales-en-lo-contador\/#primaryimage\"},\"thumbnailUrl\":\"https:\/\/fadeu.urantiacos.cl\/wp-content\/uploads\/2023\/09\/WEB_220816_Foro_Constitucional_sesion_1_02.jpg\",\"datePublished\":\"2022-09-05T23:44:00+00:00\",\"dateModified\":\"2023-09-03T23:54:03+00:00\",\"author\":{\"@id\":\"https:\/\/fadeu.urantiacos.cl\/en\/#\/schema\/person\/d203e2e84b1c40275eac77b3061a19a2\"},\"description\":\"La Escuela de Arquitectura \u2014en conjunto con la Escuela de Dise\u00f1o y el Instituto de Estudios Urbanos\u2014 organiz\u00f3 durante agosto debates con miras al Plebiscito Constitucional, invitando a autoridades y expertos a discutir diferentes materias, explicando por qu\u00e9 aprobar o rechazar.\",\"breadcrumb\":{\"@id\":\"https:\/\/fadeu.urantiacos.cl\/en\/2022\/09\/05\/se-realizo-ciclo-de-debates-constitucionales-en-lo-contador\/#breadcrumb\"},\"inLanguage\":\"en-US\",\"potentialAction\":[{\"@type\":\"ReadAction\",\"target\":[\"https:\/\/fadeu.urantiacos.cl\/en\/2022\/09\/05\/se-realizo-ciclo-de-debates-constitucionales-en-lo-contador\/\"]}]},{\"@type\":\"ImageObject\",\"inLanguage\":\"en-US\",\"@id\":\"https:\/\/fadeu.urantiacos.cl\/en\/2022\/09\/05\/se-realizo-ciclo-de-debates-constitucionales-en-lo-contador\/#primaryimage\",\"url\":\"https:\/\/fadeu.urantiacos.cl\/wp-content\/uploads\/2023\/09\/WEB_220816_Foro_Constitucional_sesion_1_02.jpg\",\"contentUrl\":\"https:\/\/fadeu.urantiacos.cl\/wp-content\/uploads\/2023\/09\/WEB_220816_Foro_Constitucional_sesion_1_02.jpg\",\"width\":350,\"height\":250},{\"@type\":\"BreadcrumbList\",\"@id\":\"https:\/\/fadeu.urantiacos.cl\/en\/2022\/09\/05\/se-realizo-ciclo-de-debates-constitucionales-en-lo-contador\/#breadcrumb\",\"itemListElement\":[{\"@type\":\"ListItem\",\"position\":1,\"name\":\"Portada\",\"item\":\"https:\/\/fadeu.urantiacos.cl\/en\/\"},{\"@type\":\"ListItem\",\"position\":2,\"name\":\"Se realiz\u00f3 ciclo de debates constitucionales en Lo Contador\"}]},{\"@type\":\"WebSite\",\"@id\":\"https:\/\/fadeu.urantiacos.cl\/en\/#website\",\"url\":\"https:\/\/fadeu.urantiacos.cl\/en\/\",\"name\":\"Facultad de Arquitectura, Dise\u00f1o y Estudios Urbanos\",\"description\":\"Campus Lo Contador\",\"potentialAction\":[{\"@type\":\"SearchAction\",\"target\":{\"@type\":\"EntryPoint\",\"urlTemplate\":\"https:\/\/fadeu.urantiacos.cl\/en\/?s={search_term_string}\"},\"query-input\":{\"@type\":\"PropertyValueSpecification\",\"valueRequired\":true,\"valueName\":\"search_term_string\"}}],\"inLanguage\":\"en-US\"},{\"@type\":\"Person\",\"@id\":\"https:\/\/fadeu.urantiacos.cl\/en\/#\/schema\/person\/d203e2e84b1c40275eac77b3061a19a2\",\"name\":\"manadmin\",\"image\":{\"@type\":\"ImageObject\",\"inLanguage\":\"en-US\",\"@id\":\"https:\/\/fadeu.urantiacos.cl\/en\/#\/schema\/person\/image\/\",\"url\":\"https:\/\/secure.gravatar.com\/avatar\/4b1d8e3303b4a9d8968ac578947d8bc80d9aea359f388cdd4aac15cadc0e8447?s=96&d=mm&r=g\",\"contentUrl\":\"https:\/\/secure.gravatar.com\/avatar\/4b1d8e3303b4a9d8968ac578947d8bc80d9aea359f388cdd4aac15cadc0e8447?s=96&d=mm&r=g\",\"caption\":\"manadmin\"},\"sameAs\":[\"https:\/\/fadeu.urantiacos.cl\"]}]}<\/script>\n<!-- \/ Yoast SEO plugin. -->","yoast_head_json":{"title":"Se realiz\u00f3 ciclo de debates constitucionales en Lo Contador - Facultad de Arquitectura, Dise\u00f1o y Estudios Urbanos","description":"La Escuela de Arquitectura \u2014en conjunto con la Escuela de Dise\u00f1o y el Instituto de Estudios Urbanos\u2014 organiz\u00f3 durante agosto debates con miras al Plebiscito Constitucional, invitando a autoridades y expertos a discutir diferentes materias, explicando por qu\u00e9 aprobar o rechazar.","robots":{"index":"index","follow":"follow","max-snippet":"max-snippet:-1","max-image-preview":"max-image-preview:large","max-video-preview":"max-video-preview:-1"},"canonical":"https:\/\/fadeu.urantiacos.cl\/en\/2022\/09\/05\/se-realizo-ciclo-de-debates-constitucionales-en-lo-contador\/","og_locale":"en_US","og_type":"article","og_title":"Se realiz\u00f3 ciclo de debates constitucionales en Lo Contador - Facultad de Arquitectura, Dise\u00f1o y Estudios Urbanos","og_description":"La Escuela de Arquitectura \u2014en conjunto con la Escuela de Dise\u00f1o y el Instituto de Estudios Urbanos\u2014 organiz\u00f3 durante agosto debates con miras al Plebiscito Constitucional, invitando a autoridades y expertos a discutir diferentes materias, explicando por qu\u00e9 aprobar o rechazar.","og_url":"https:\/\/fadeu.urantiacos.cl\/en\/2022\/09\/05\/se-realizo-ciclo-de-debates-constitucionales-en-lo-contador\/","og_site_name":"Facultad de Arquitectura, Dise\u00f1o y Estudios Urbanos","article_published_time":"2022-09-05T23:44:00+00:00","article_modified_time":"2023-09-03T23:54:03+00:00","og_image":[{"width":350,"height":250,"url":"https:\/\/fadeu.urantiacos.cl\/wp-content\/uploads\/2023\/09\/WEB_220816_Foro_Constitucional_sesion_1_02.jpg","type":"image\/jpeg"}],"author":"manadmin","twitter_card":"summary_large_image","twitter_misc":{"Written by":"manadmin","Est. reading time":"5 minutes"},"schema":{"@context":"https:\/\/schema.org","@graph":[{"@type":"Article","@id":"https:\/\/fadeu.urantiacos.cl\/en\/2022\/09\/05\/se-realizo-ciclo-de-debates-constitucionales-en-lo-contador\/#article","isPartOf":{"@id":"https:\/\/fadeu.urantiacos.cl\/en\/2022\/09\/05\/se-realizo-ciclo-de-debates-constitucionales-en-lo-contador\/"},"author":{"name":"manadmin","@id":"https:\/\/fadeu.urantiacos.cl\/en\/#\/schema\/person\/d203e2e84b1c40275eac77b3061a19a2"},"headline":"Se realiz\u00f3 ciclo de debates constitucionales en Lo Contador","datePublished":"2022-09-05T23:44:00+00:00","dateModified":"2023-09-03T23:54:03+00:00","mainEntityOfPage":{"@id":"https:\/\/fadeu.urantiacos.cl\/en\/2022\/09\/05\/se-realizo-ciclo-de-debates-constitucionales-en-lo-contador\/"},"wordCount":1003,"commentCount":0,"image":{"@id":"https:\/\/fadeu.urantiacos.cl\/en\/2022\/09\/05\/se-realizo-ciclo-de-debates-constitucionales-en-lo-contador\/#primaryimage"},"thumbnailUrl":"https:\/\/fadeu.urantiacos.cl\/wp-content\/uploads\/2023\/09\/WEB_220816_Foro_Constitucional_sesion_1_02.jpg","articleSection":["Sin categorizar"],"inLanguage":"en-US","potentialAction":[{"@type":"CommentAction","name":"Comment","target":["https:\/\/fadeu.urantiacos.cl\/en\/2022\/09\/05\/se-realizo-ciclo-de-debates-constitucionales-en-lo-contador\/#respond"]}]},{"@type":"WebPage","@id":"https:\/\/fadeu.urantiacos.cl\/en\/2022\/09\/05\/se-realizo-ciclo-de-debates-constitucionales-en-lo-contador\/","url":"https:\/\/fadeu.urantiacos.cl\/en\/2022\/09\/05\/se-realizo-ciclo-de-debates-constitucionales-en-lo-contador\/","name":"Se realiz\u00f3 ciclo de debates constitucionales en Lo Contador - Facultad de Arquitectura, Dise\u00f1o y Estudios Urbanos","isPartOf":{"@id":"https:\/\/fadeu.urantiacos.cl\/en\/#website"},"primaryImageOfPage":{"@id":"https:\/\/fadeu.urantiacos.cl\/en\/2022\/09\/05\/se-realizo-ciclo-de-debates-constitucionales-en-lo-contador\/#primaryimage"},"image":{"@id":"https:\/\/fadeu.urantiacos.cl\/en\/2022\/09\/05\/se-realizo-ciclo-de-debates-constitucionales-en-lo-contador\/#primaryimage"},"thumbnailUrl":"https:\/\/fadeu.urantiacos.cl\/wp-content\/uploads\/2023\/09\/WEB_220816_Foro_Constitucional_sesion_1_02.jpg","datePublished":"2022-09-05T23:44:00+00:00","dateModified":"2023-09-03T23:54:03+00:00","author":{"@id":"https:\/\/fadeu.urantiacos.cl\/en\/#\/schema\/person\/d203e2e84b1c40275eac77b3061a19a2"},"description":"La Escuela de Arquitectura \u2014en conjunto con la Escuela de Dise\u00f1o y el Instituto de Estudios Urbanos\u2014 organiz\u00f3 durante agosto debates con miras al Plebiscito Constitucional, invitando a autoridades y expertos a discutir diferentes materias, explicando por qu\u00e9 aprobar o rechazar.","breadcrumb":{"@id":"https:\/\/fadeu.urantiacos.cl\/en\/2022\/09\/05\/se-realizo-ciclo-de-debates-constitucionales-en-lo-contador\/#breadcrumb"},"inLanguage":"en-US","potentialAction":[{"@type":"ReadAction","target":["https:\/\/fadeu.urantiacos.cl\/en\/2022\/09\/05\/se-realizo-ciclo-de-debates-constitucionales-en-lo-contador\/"]}]},{"@type":"ImageObject","inLanguage":"en-US","@id":"https:\/\/fadeu.urantiacos.cl\/en\/2022\/09\/05\/se-realizo-ciclo-de-debates-constitucionales-en-lo-contador\/#primaryimage","url":"https:\/\/fadeu.urantiacos.cl\/wp-content\/uploads\/2023\/09\/WEB_220816_Foro_Constitucional_sesion_1_02.jpg","contentUrl":"https:\/\/fadeu.urantiacos.cl\/wp-content\/uploads\/2023\/09\/WEB_220816_Foro_Constitucional_sesion_1_02.jpg","width":350,"height":250},{"@type":"BreadcrumbList","@id":"https:\/\/fadeu.urantiacos.cl\/en\/2022\/09\/05\/se-realizo-ciclo-de-debates-constitucionales-en-lo-contador\/#breadcrumb","itemListElement":[{"@type":"ListItem","position":1,"name":"Portada","item":"https:\/\/fadeu.urantiacos.cl\/en\/"},{"@type":"ListItem","position":2,"name":"Se realiz\u00f3 ciclo de debates constitucionales en Lo Contador"}]},{"@type":"WebSite","@id":"https:\/\/fadeu.urantiacos.cl\/en\/#website","url":"https:\/\/fadeu.urantiacos.cl\/en\/","name":"Facultad de Arquitectura, Dise\u00f1o y Estudios Urbanos","description":"Campus Lo Contador","potentialAction":[{"@type":"SearchAction","target":{"@type":"EntryPoint","urlTemplate":"https:\/\/fadeu.urantiacos.cl\/en\/?s={search_term_string}"},"query-input":{"@type":"PropertyValueSpecification","valueRequired":true,"valueName":"search_term_string"}}],"inLanguage":"en-US"},{"@type":"Person","@id":"https:\/\/fadeu.urantiacos.cl\/en\/#\/schema\/person\/d203e2e84b1c40275eac77b3061a19a2","name":"manadmin","image":{"@type":"ImageObject","inLanguage":"en-US","@id":"https:\/\/fadeu.urantiacos.cl\/en\/#\/schema\/person\/image\/","url":"https:\/\/secure.gravatar.com\/avatar\/4b1d8e3303b4a9d8968ac578947d8bc80d9aea359f388cdd4aac15cadc0e8447?s=96&d=mm&r=g","contentUrl":"https:\/\/secure.gravatar.com\/avatar\/4b1d8e3303b4a9d8968ac578947d8bc80d9aea359f388cdd4aac15cadc0e8447?s=96&d=mm&r=g","caption":"manadmin"},"sameAs":["https:\/\/fadeu.urantiacos.cl"]}]}},"_links":{"self":[{"href":"https:\/\/fadeu.urantiacos.cl\/en\/wp-json\/wp\/v2\/posts\/4209","targetHints":{"allow":["GET"]}}],"collection":[{"href":"https:\/\/fadeu.urantiacos.cl\/en\/wp-json\/wp\/v2\/posts"}],"about":[{"href":"https:\/\/fadeu.urantiacos.cl\/en\/wp-json\/wp\/v2\/types\/post"}],"author":[{"embeddable":true,"href":"https:\/\/fadeu.urantiacos.cl\/en\/wp-json\/wp\/v2\/users\/1"}],"replies":[{"embeddable":true,"href":"https:\/\/fadeu.urantiacos.cl\/en\/wp-json\/wp\/v2\/comments?post=4209"}],"version-history":[{"count":1,"href":"https:\/\/fadeu.urantiacos.cl\/en\/wp-json\/wp\/v2\/posts\/4209\/revisions"}],"predecessor-version":[{"id":4217,"href":"https:\/\/fadeu.urantiacos.cl\/en\/wp-json\/wp\/v2\/posts\/4209\/revisions\/4217"}],"wp:featuredmedia":[{"embeddable":true,"href":"https:\/\/fadeu.urantiacos.cl\/en\/wp-json\/wp\/v2\/media\/4210"}],"wp:attachment":[{"href":"https:\/\/fadeu.urantiacos.cl\/en\/wp-json\/wp\/v2\/media?parent=4209"}],"wp:term":[{"taxonomy":"category","embeddable":true,"href":"https:\/\/fadeu.urantiacos.cl\/en\/wp-json\/wp\/v2\/categories?post=4209"},{"taxonomy":"post_tag","embeddable":true,"href":"https:\/\/fadeu.urantiacos.cl\/en\/wp-json\/wp\/v2\/tags?post=4209"}],"curies":[{"name":"wp","href":"https:\/\/api.w.org\/{rel}","templated":true}]}}