{"id":4205,"date":"2022-09-05T20:41:00","date_gmt":"2022-09-05T23:41:00","guid":{"rendered":"https:\/\/fadeu.urantiacos.cl\/?p=4205"},"modified":"2023-09-03T20:43:54","modified_gmt":"2023-09-03T23:43:54","slug":"rodrigo-perez-de-arce-recibe-galardon-en-los-premios-y-distinciones-ca-2022","status":"publish","type":"post","link":"https:\/\/fadeu.urantiacos.cl\/en\/2022\/09\/05\/rodrigo-perez-de-arce-recibe-galardon-en-los-premios-y-distinciones-ca-2022\/","title":{"rendered":"Rodrigo P\u00e9rez de Arce recibe galard\u00f3n en los Premios y Distinciones CA 2022"},"content":{"rendered":"\n<figure class=\"wp-block-image size-full\"><img decoding=\"async\" width=\"350\" height=\"250\" src=\"https:\/\/fadeu.urantiacos.cl\/wp-content\/uploads\/2023\/09\/web_01.9.22_Perezdearce1_1.jpg\" alt=\"\" class=\"wp-image-4206\" srcset=\"https:\/\/fadeu.urantiacos.cl\/wp-content\/uploads\/2023\/09\/web_01.9.22_Perezdearce1_1.jpg 350w, https:\/\/fadeu.urantiacos.cl\/wp-content\/uploads\/2023\/09\/web_01.9.22_Perezdearce1_1-300x214.jpg 300w\" sizes=\"(max-width: 350px) 100vw, 350px\" \/><\/figure>\n\n\n\n<p>Luego del proceso de postulaci\u00f3n de candidatos y selecci\u00f3n por parte del jurado, el jueves 25 de agosto de 2022 se realiz\u00f3 la ceremonia en la que se anunciaron los ganadores de los Premios y Distinciones CA 2022, entre los que estuvo el profesor ARQ UC Rodrigo P\u00e9rez de Arce. La instancia se dio en el marco del aniversario n\u00famero 80 del Colegio de Arquitectos de Chile (CA) y a modo de cierre de la celebraci\u00f3n del mes de la arquitectura a nivel nacional.<\/p>\n\n\n\n<p>Galardonado con el Premio Sergio Larra\u00edn Garc\u00eda-Moreno \u2014que destaca una figura que se haya distinguido en el \u00e1mbito acad\u00e9mico o de investigaci\u00f3n\u2014, la distinci\u00f3n a P\u00e9rez de Arce fue entregada por Francisco Herrera, vicepresidente de Asuntos Internos del CA. Entre las razones para este reconocimiento, se destac\u00f3 el trabajo \u201cmultifac\u00e9tico y diverso\u201d del profesor ARQ UC, reconociendo su labor en la formaci\u00f3n y ense\u00f1anza, la calidad de sus investigaciones y publicaciones, su rol como jurado de concursos nacionales e internacionales y su extenso trabajo en el \u00e1mbito profesional.<\/p>\n\n\n\n<p>En esa l\u00ednea, desde el CA expresaron: \u201cPara nosotros es un privilegio presentar a Rodrigo como candidato al Premio Sergio Larra\u00edn Garc\u00eda-Moreno, dada su extensa y nutrida trayectoria acad\u00e9mica, su diverso trabajo como investigador, y su destacada obra construida, lo que ha contribuido a formar a cientos de arquitectos en Chile y el mundo\u201d.<\/p>\n\n\n\n<p>Sobre los Premios CA_<br>En sus diferentes categor\u00edas, los galardones entregados por el CA son uno de los principales reconocimientos a los arquitectos y arquitectas del pa\u00eds. A trav\u00e9s de ellos, la instituci\u00f3n destaca a doce colegiados o colegiadas por su excelencia, trabajo y aporte a la arquitectura.<\/p>\n\n\n\n<p>Ver todos los ganadores en el siguiente&nbsp;<a href=\"https:\/\/colegioarquitectos.com\/noticias\/?p=29002\" target=\"_blank\" rel=\"noreferrer noopener\">link<\/a>&nbsp;<\/p>\n\n\n\n<figure class=\"wp-block-embed is-type-video is-provider-youtube wp-block-embed-youtube wp-embed-aspect-16-9 wp-has-aspect-ratio\"><div class=\"wp-block-embed__wrapper\">\n<iframe loading=\"lazy\" title=\"Ceremonia de Entrega Premios y Distinciones Colegio de Arquitectos\" width=\"500\" height=\"281\" src=\"https:\/\/www.youtube.com\/embed\/BjqcHkZqImc?feature=oembed\" frameborder=\"0\" allow=\"accelerometer; autoplay; clipboard-write; encrypted-media; gyroscope; picture-in-picture; web-share\" referrerpolicy=\"strict-origin-when-cross-origin\" allowfullscreen><\/iframe>\n<\/div><\/figure>\n\n\n\n<figure class=\"wp-block-image size-full\"><img decoding=\"async\" width=\"683\" height=\"1024\" src=\"https:\/\/fadeu.urantiacos.cl\/wp-content\/uploads\/2023\/09\/01.9.22_Perezdearce1_1.jpeg\" alt=\"\" class=\"wp-image-4207\" srcset=\"https:\/\/fadeu.urantiacos.cl\/wp-content\/uploads\/2023\/09\/01.9.22_Perezdearce1_1.jpeg 683w, https:\/\/fadeu.urantiacos.cl\/wp-content\/uploads\/2023\/09\/01.9.22_Perezdearce1_1-200x300.jpeg 200w\" sizes=\"(max-width: 683px) 100vw, 683px\" \/><\/figure>\n\n\n\n<p>Noticias<br>Contacto:&nbsp;<a href=\"mailto:redesarq@uc.cl\">redesarq@uc.cl<\/a>&nbsp;| +56 2 2354 7747<br>www.arquitectura.uc.cl<\/p>\n","protected":false},"excerpt":{"rendered":"<p>El profesor ARQ UC fue galardonado con el premio Sergio Larra\u00edn Garc\u00eda-Moreno, reconocimiento que el Colegio de Arquitectos de Chile entrega &#8220;al arquitecto o arquitecta que se haya distinguido en el campo acad\u00e9mico o de investigaci\u00f3n&#8221;.<\/p>\n","protected":false},"author":1,"featured_media":4206,"comment_status":"open","ping_status":"open","sticky":false,"template":"","format":"standard","meta":{"_acf_changed":false,"footnotes":""},"categories":[1],"tags":[],"class_list":["post-4205","post","type-post","status-publish","format-standard","has-post-thumbnail","hentry","category-sin-categorizar"],"acf":[],"yoast_head":"<!-- This site is optimized with the Yoast SEO plugin v27.1.1 - https:\/\/yoast.com\/product\/yoast-seo-wordpress\/ -->\n<title>Rodrigo P\u00e9rez de Arce recibe galard\u00f3n en los Premios y Distinciones CA 2022 - Facultad de Arquitectura, Dise\u00f1o y Estudios Urbanos<\/title>\n<meta name=\"description\" content=\"El profesor ARQ UC fue galardonado con el premio Sergio Larra\u00edn Garc\u00eda-Moreno, reconocimiento que el Colegio de Arquitectos de Chile entrega &quot;al arquitecto o arquitecta que se haya distinguido en el campo acad\u00e9mico o de investigaci\u00f3n&quot;.\" \/>\n<meta name=\"robots\" content=\"index, follow, max-snippet:-1, max-image-preview:large, max-video-preview:-1\" \/>\n<link rel=\"canonical\" href=\"https:\/\/fadeu.urantiacos.cl\/en\/2022\/09\/05\/rodrigo-perez-de-arce-recibe-galardon-en-los-premios-y-distinciones-ca-2022\/\" \/>\n<meta property=\"og:locale\" content=\"en_US\" \/>\n<meta property=\"og:type\" content=\"article\" \/>\n<meta property=\"og:title\" content=\"Rodrigo P\u00e9rez de Arce recibe galard\u00f3n en los Premios y Distinciones CA 2022 - Facultad de Arquitectura, Dise\u00f1o y Estudios Urbanos\" \/>\n<meta property=\"og:description\" content=\"El profesor ARQ UC fue galardonado con el premio Sergio Larra\u00edn Garc\u00eda-Moreno, reconocimiento que el Colegio de Arquitectos de Chile entrega &quot;al arquitecto o arquitecta que se haya distinguido en el campo acad\u00e9mico o de investigaci\u00f3n&quot;.\" \/>\n<meta property=\"og:url\" content=\"https:\/\/fadeu.urantiacos.cl\/en\/2022\/09\/05\/rodrigo-perez-de-arce-recibe-galardon-en-los-premios-y-distinciones-ca-2022\/\" \/>\n<meta property=\"og:site_name\" content=\"Facultad de Arquitectura, Dise\u00f1o y Estudios Urbanos\" \/>\n<meta property=\"article:published_time\" content=\"2022-09-05T23:41:00+00:00\" \/>\n<meta property=\"article:modified_time\" content=\"2023-09-03T23:43:54+00:00\" \/>\n<meta property=\"og:image\" content=\"https:\/\/fadeu.urantiacos.cl\/wp-content\/uploads\/2023\/09\/web_01.9.22_Perezdearce1_1.jpg\" \/>\n\t<meta property=\"og:image:width\" content=\"350\" \/>\n\t<meta property=\"og:image:height\" content=\"250\" \/>\n\t<meta property=\"og:image:type\" content=\"image\/jpeg\" \/>\n<meta name=\"author\" content=\"manadmin\" \/>\n<meta name=\"twitter:card\" content=\"summary_large_image\" \/>\n<meta name=\"twitter:label1\" content=\"Written by\" \/>\n\t<meta name=\"twitter:data1\" content=\"manadmin\" \/>\n\t<meta name=\"twitter:label2\" content=\"Est. reading time\" \/>\n\t<meta name=\"twitter:data2\" content=\"2 minutes\" \/>\n<script type=\"application\/ld+json\" class=\"yoast-schema-graph\">{\"@context\":\"https:\/\/schema.org\",\"@graph\":[{\"@type\":\"Article\",\"@id\":\"https:\/\/fadeu.urantiacos.cl\/en\/2022\/09\/05\/rodrigo-perez-de-arce-recibe-galardon-en-los-premios-y-distinciones-ca-2022\/#article\",\"isPartOf\":{\"@id\":\"https:\/\/fadeu.urantiacos.cl\/en\/2022\/09\/05\/rodrigo-perez-de-arce-recibe-galardon-en-los-premios-y-distinciones-ca-2022\/\"},\"author\":{\"name\":\"manadmin\",\"@id\":\"https:\/\/fadeu.urantiacos.cl\/en\/#\/schema\/person\/d203e2e84b1c40275eac77b3061a19a2\"},\"headline\":\"Rodrigo P\u00e9rez de Arce recibe galard\u00f3n en los Premios y Distinciones CA 2022\",\"datePublished\":\"2022-09-05T23:41:00+00:00\",\"dateModified\":\"2023-09-03T23:43:54+00:00\",\"mainEntityOfPage\":{\"@id\":\"https:\/\/fadeu.urantiacos.cl\/en\/2022\/09\/05\/rodrigo-perez-de-arce-recibe-galardon-en-los-premios-y-distinciones-ca-2022\/\"},\"wordCount\":330,\"commentCount\":0,\"image\":{\"@id\":\"https:\/\/fadeu.urantiacos.cl\/en\/2022\/09\/05\/rodrigo-perez-de-arce-recibe-galardon-en-los-premios-y-distinciones-ca-2022\/#primaryimage\"},\"thumbnailUrl\":\"https:\/\/fadeu.urantiacos.cl\/wp-content\/uploads\/2023\/09\/web_01.9.22_Perezdearce1_1.jpg\",\"articleSection\":[\"Sin categorizar\"],\"inLanguage\":\"en-US\",\"potentialAction\":[{\"@type\":\"CommentAction\",\"name\":\"Comment\",\"target\":[\"https:\/\/fadeu.urantiacos.cl\/en\/2022\/09\/05\/rodrigo-perez-de-arce-recibe-galardon-en-los-premios-y-distinciones-ca-2022\/#respond\"]}]},{\"@type\":\"WebPage\",\"@id\":\"https:\/\/fadeu.urantiacos.cl\/en\/2022\/09\/05\/rodrigo-perez-de-arce-recibe-galardon-en-los-premios-y-distinciones-ca-2022\/\",\"url\":\"https:\/\/fadeu.urantiacos.cl\/en\/2022\/09\/05\/rodrigo-perez-de-arce-recibe-galardon-en-los-premios-y-distinciones-ca-2022\/\",\"name\":\"Rodrigo P\u00e9rez de Arce recibe galard\u00f3n en los Premios y Distinciones CA 2022 - Facultad de Arquitectura, Dise\u00f1o y Estudios Urbanos\",\"isPartOf\":{\"@id\":\"https:\/\/fadeu.urantiacos.cl\/en\/#website\"},\"primaryImageOfPage\":{\"@id\":\"https:\/\/fadeu.urantiacos.cl\/en\/2022\/09\/05\/rodrigo-perez-de-arce-recibe-galardon-en-los-premios-y-distinciones-ca-2022\/#primaryimage\"},\"image\":{\"@id\":\"https:\/\/fadeu.urantiacos.cl\/en\/2022\/09\/05\/rodrigo-perez-de-arce-recibe-galardon-en-los-premios-y-distinciones-ca-2022\/#primaryimage\"},\"thumbnailUrl\":\"https:\/\/fadeu.urantiacos.cl\/wp-content\/uploads\/2023\/09\/web_01.9.22_Perezdearce1_1.jpg\",\"datePublished\":\"2022-09-05T23:41:00+00:00\",\"dateModified\":\"2023-09-03T23:43:54+00:00\",\"author\":{\"@id\":\"https:\/\/fadeu.urantiacos.cl\/en\/#\/schema\/person\/d203e2e84b1c40275eac77b3061a19a2\"},\"description\":\"El profesor ARQ UC fue galardonado con el premio Sergio Larra\u00edn Garc\u00eda-Moreno, reconocimiento que el Colegio de Arquitectos de Chile entrega \\\"al arquitecto o arquitecta que se haya distinguido en el campo acad\u00e9mico o de investigaci\u00f3n\\\".\",\"breadcrumb\":{\"@id\":\"https:\/\/fadeu.urantiacos.cl\/en\/2022\/09\/05\/rodrigo-perez-de-arce-recibe-galardon-en-los-premios-y-distinciones-ca-2022\/#breadcrumb\"},\"inLanguage\":\"en-US\",\"potentialAction\":[{\"@type\":\"ReadAction\",\"target\":[\"https:\/\/fadeu.urantiacos.cl\/en\/2022\/09\/05\/rodrigo-perez-de-arce-recibe-galardon-en-los-premios-y-distinciones-ca-2022\/\"]}]},{\"@type\":\"ImageObject\",\"inLanguage\":\"en-US\",\"@id\":\"https:\/\/fadeu.urantiacos.cl\/en\/2022\/09\/05\/rodrigo-perez-de-arce-recibe-galardon-en-los-premios-y-distinciones-ca-2022\/#primaryimage\",\"url\":\"https:\/\/fadeu.urantiacos.cl\/wp-content\/uploads\/2023\/09\/web_01.9.22_Perezdearce1_1.jpg\",\"contentUrl\":\"https:\/\/fadeu.urantiacos.cl\/wp-content\/uploads\/2023\/09\/web_01.9.22_Perezdearce1_1.jpg\",\"width\":350,\"height\":250},{\"@type\":\"BreadcrumbList\",\"@id\":\"https:\/\/fadeu.urantiacos.cl\/en\/2022\/09\/05\/rodrigo-perez-de-arce-recibe-galardon-en-los-premios-y-distinciones-ca-2022\/#breadcrumb\",\"itemListElement\":[{\"@type\":\"ListItem\",\"position\":1,\"name\":\"Portada\",\"item\":\"https:\/\/fadeu.urantiacos.cl\/en\/\"},{\"@type\":\"ListItem\",\"position\":2,\"name\":\"Rodrigo P\u00e9rez de Arce recibe galard\u00f3n en los Premios y Distinciones CA 2022\"}]},{\"@type\":\"WebSite\",\"@id\":\"https:\/\/fadeu.urantiacos.cl\/en\/#website\",\"url\":\"https:\/\/fadeu.urantiacos.cl\/en\/\",\"name\":\"Facultad de Arquitectura, Dise\u00f1o y Estudios Urbanos\",\"description\":\"Campus Lo Contador\",\"potentialAction\":[{\"@type\":\"SearchAction\",\"target\":{\"@type\":\"EntryPoint\",\"urlTemplate\":\"https:\/\/fadeu.urantiacos.cl\/en\/?s={search_term_string}\"},\"query-input\":{\"@type\":\"PropertyValueSpecification\",\"valueRequired\":true,\"valueName\":\"search_term_string\"}}],\"inLanguage\":\"en-US\"},{\"@type\":\"Person\",\"@id\":\"https:\/\/fadeu.urantiacos.cl\/en\/#\/schema\/person\/d203e2e84b1c40275eac77b3061a19a2\",\"name\":\"manadmin\",\"image\":{\"@type\":\"ImageObject\",\"inLanguage\":\"en-US\",\"@id\":\"https:\/\/fadeu.urantiacos.cl\/en\/#\/schema\/person\/image\/\",\"url\":\"https:\/\/secure.gravatar.com\/avatar\/4b1d8e3303b4a9d8968ac578947d8bc80d9aea359f388cdd4aac15cadc0e8447?s=96&d=mm&r=g\",\"contentUrl\":\"https:\/\/secure.gravatar.com\/avatar\/4b1d8e3303b4a9d8968ac578947d8bc80d9aea359f388cdd4aac15cadc0e8447?s=96&d=mm&r=g\",\"caption\":\"manadmin\"},\"sameAs\":[\"https:\/\/fadeu.urantiacos.cl\"]}]}<\/script>\n<!-- \/ Yoast SEO plugin. -->","yoast_head_json":{"title":"Rodrigo P\u00e9rez de Arce recibe galard\u00f3n en los Premios y Distinciones CA 2022 - Facultad de Arquitectura, Dise\u00f1o y Estudios Urbanos","description":"El profesor ARQ UC fue galardonado con el premio Sergio Larra\u00edn Garc\u00eda-Moreno, reconocimiento que el Colegio de Arquitectos de Chile entrega \"al arquitecto o arquitecta que se haya distinguido en el campo acad\u00e9mico o de investigaci\u00f3n\".","robots":{"index":"index","follow":"follow","max-snippet":"max-snippet:-1","max-image-preview":"max-image-preview:large","max-video-preview":"max-video-preview:-1"},"canonical":"https:\/\/fadeu.urantiacos.cl\/en\/2022\/09\/05\/rodrigo-perez-de-arce-recibe-galardon-en-los-premios-y-distinciones-ca-2022\/","og_locale":"en_US","og_type":"article","og_title":"Rodrigo P\u00e9rez de Arce recibe galard\u00f3n en los Premios y Distinciones CA 2022 - Facultad de Arquitectura, Dise\u00f1o y Estudios Urbanos","og_description":"El profesor ARQ UC fue galardonado con el premio Sergio Larra\u00edn Garc\u00eda-Moreno, reconocimiento que el Colegio de Arquitectos de Chile entrega \"al arquitecto o arquitecta que se haya distinguido en el campo acad\u00e9mico o de investigaci\u00f3n\".","og_url":"https:\/\/fadeu.urantiacos.cl\/en\/2022\/09\/05\/rodrigo-perez-de-arce-recibe-galardon-en-los-premios-y-distinciones-ca-2022\/","og_site_name":"Facultad de Arquitectura, Dise\u00f1o y Estudios Urbanos","article_published_time":"2022-09-05T23:41:00+00:00","article_modified_time":"2023-09-03T23:43:54+00:00","og_image":[{"width":350,"height":250,"url":"https:\/\/fadeu.urantiacos.cl\/wp-content\/uploads\/2023\/09\/web_01.9.22_Perezdearce1_1.jpg","type":"image\/jpeg"}],"author":"manadmin","twitter_card":"summary_large_image","twitter_misc":{"Written by":"manadmin","Est. reading time":"2 minutes"},"schema":{"@context":"https:\/\/schema.org","@graph":[{"@type":"Article","@id":"https:\/\/fadeu.urantiacos.cl\/en\/2022\/09\/05\/rodrigo-perez-de-arce-recibe-galardon-en-los-premios-y-distinciones-ca-2022\/#article","isPartOf":{"@id":"https:\/\/fadeu.urantiacos.cl\/en\/2022\/09\/05\/rodrigo-perez-de-arce-recibe-galardon-en-los-premios-y-distinciones-ca-2022\/"},"author":{"name":"manadmin","@id":"https:\/\/fadeu.urantiacos.cl\/en\/#\/schema\/person\/d203e2e84b1c40275eac77b3061a19a2"},"headline":"Rodrigo P\u00e9rez de Arce recibe galard\u00f3n en los Premios y Distinciones CA 2022","datePublished":"2022-09-05T23:41:00+00:00","dateModified":"2023-09-03T23:43:54+00:00","mainEntityOfPage":{"@id":"https:\/\/fadeu.urantiacos.cl\/en\/2022\/09\/05\/rodrigo-perez-de-arce-recibe-galardon-en-los-premios-y-distinciones-ca-2022\/"},"wordCount":330,"commentCount":0,"image":{"@id":"https:\/\/fadeu.urantiacos.cl\/en\/2022\/09\/05\/rodrigo-perez-de-arce-recibe-galardon-en-los-premios-y-distinciones-ca-2022\/#primaryimage"},"thumbnailUrl":"https:\/\/fadeu.urantiacos.cl\/wp-content\/uploads\/2023\/09\/web_01.9.22_Perezdearce1_1.jpg","articleSection":["Sin categorizar"],"inLanguage":"en-US","potentialAction":[{"@type":"CommentAction","name":"Comment","target":["https:\/\/fadeu.urantiacos.cl\/en\/2022\/09\/05\/rodrigo-perez-de-arce-recibe-galardon-en-los-premios-y-distinciones-ca-2022\/#respond"]}]},{"@type":"WebPage","@id":"https:\/\/fadeu.urantiacos.cl\/en\/2022\/09\/05\/rodrigo-perez-de-arce-recibe-galardon-en-los-premios-y-distinciones-ca-2022\/","url":"https:\/\/fadeu.urantiacos.cl\/en\/2022\/09\/05\/rodrigo-perez-de-arce-recibe-galardon-en-los-premios-y-distinciones-ca-2022\/","name":"Rodrigo P\u00e9rez de Arce recibe galard\u00f3n en los Premios y Distinciones CA 2022 - Facultad de Arquitectura, Dise\u00f1o y Estudios Urbanos","isPartOf":{"@id":"https:\/\/fadeu.urantiacos.cl\/en\/#website"},"primaryImageOfPage":{"@id":"https:\/\/fadeu.urantiacos.cl\/en\/2022\/09\/05\/rodrigo-perez-de-arce-recibe-galardon-en-los-premios-y-distinciones-ca-2022\/#primaryimage"},"image":{"@id":"https:\/\/fadeu.urantiacos.cl\/en\/2022\/09\/05\/rodrigo-perez-de-arce-recibe-galardon-en-los-premios-y-distinciones-ca-2022\/#primaryimage"},"thumbnailUrl":"https:\/\/fadeu.urantiacos.cl\/wp-content\/uploads\/2023\/09\/web_01.9.22_Perezdearce1_1.jpg","datePublished":"2022-09-05T23:41:00+00:00","dateModified":"2023-09-03T23:43:54+00:00","author":{"@id":"https:\/\/fadeu.urantiacos.cl\/en\/#\/schema\/person\/d203e2e84b1c40275eac77b3061a19a2"},"description":"El profesor ARQ UC fue galardonado con el premio Sergio Larra\u00edn Garc\u00eda-Moreno, reconocimiento que el Colegio de Arquitectos de Chile entrega \"al arquitecto o arquitecta que se haya distinguido en el campo acad\u00e9mico o de investigaci\u00f3n\".","breadcrumb":{"@id":"https:\/\/fadeu.urantiacos.cl\/en\/2022\/09\/05\/rodrigo-perez-de-arce-recibe-galardon-en-los-premios-y-distinciones-ca-2022\/#breadcrumb"},"inLanguage":"en-US","potentialAction":[{"@type":"ReadAction","target":["https:\/\/fadeu.urantiacos.cl\/en\/2022\/09\/05\/rodrigo-perez-de-arce-recibe-galardon-en-los-premios-y-distinciones-ca-2022\/"]}]},{"@type":"ImageObject","inLanguage":"en-US","@id":"https:\/\/fadeu.urantiacos.cl\/en\/2022\/09\/05\/rodrigo-perez-de-arce-recibe-galardon-en-los-premios-y-distinciones-ca-2022\/#primaryimage","url":"https:\/\/fadeu.urantiacos.cl\/wp-content\/uploads\/2023\/09\/web_01.9.22_Perezdearce1_1.jpg","contentUrl":"https:\/\/fadeu.urantiacos.cl\/wp-content\/uploads\/2023\/09\/web_01.9.22_Perezdearce1_1.jpg","width":350,"height":250},{"@type":"BreadcrumbList","@id":"https:\/\/fadeu.urantiacos.cl\/en\/2022\/09\/05\/rodrigo-perez-de-arce-recibe-galardon-en-los-premios-y-distinciones-ca-2022\/#breadcrumb","itemListElement":[{"@type":"ListItem","position":1,"name":"Portada","item":"https:\/\/fadeu.urantiacos.cl\/en\/"},{"@type":"ListItem","position":2,"name":"Rodrigo P\u00e9rez de Arce recibe galard\u00f3n en los Premios y Distinciones CA 2022"}]},{"@type":"WebSite","@id":"https:\/\/fadeu.urantiacos.cl\/en\/#website","url":"https:\/\/fadeu.urantiacos.cl\/en\/","name":"Facultad de Arquitectura, Dise\u00f1o y Estudios Urbanos","description":"Campus Lo Contador","potentialAction":[{"@type":"SearchAction","target":{"@type":"EntryPoint","urlTemplate":"https:\/\/fadeu.urantiacos.cl\/en\/?s={search_term_string}"},"query-input":{"@type":"PropertyValueSpecification","valueRequired":true,"valueName":"search_term_string"}}],"inLanguage":"en-US"},{"@type":"Person","@id":"https:\/\/fadeu.urantiacos.cl\/en\/#\/schema\/person\/d203e2e84b1c40275eac77b3061a19a2","name":"manadmin","image":{"@type":"ImageObject","inLanguage":"en-US","@id":"https:\/\/fadeu.urantiacos.cl\/en\/#\/schema\/person\/image\/","url":"https:\/\/secure.gravatar.com\/avatar\/4b1d8e3303b4a9d8968ac578947d8bc80d9aea359f388cdd4aac15cadc0e8447?s=96&d=mm&r=g","contentUrl":"https:\/\/secure.gravatar.com\/avatar\/4b1d8e3303b4a9d8968ac578947d8bc80d9aea359f388cdd4aac15cadc0e8447?s=96&d=mm&r=g","caption":"manadmin"},"sameAs":["https:\/\/fadeu.urantiacos.cl"]}]}},"_links":{"self":[{"href":"https:\/\/fadeu.urantiacos.cl\/en\/wp-json\/wp\/v2\/posts\/4205","targetHints":{"allow":["GET"]}}],"collection":[{"href":"https:\/\/fadeu.urantiacos.cl\/en\/wp-json\/wp\/v2\/posts"}],"about":[{"href":"https:\/\/fadeu.urantiacos.cl\/en\/wp-json\/wp\/v2\/types\/post"}],"author":[{"embeddable":true,"href":"https:\/\/fadeu.urantiacos.cl\/en\/wp-json\/wp\/v2\/users\/1"}],"replies":[{"embeddable":true,"href":"https:\/\/fadeu.urantiacos.cl\/en\/wp-json\/wp\/v2\/comments?post=4205"}],"version-history":[{"count":1,"href":"https:\/\/fadeu.urantiacos.cl\/en\/wp-json\/wp\/v2\/posts\/4205\/revisions"}],"predecessor-version":[{"id":4208,"href":"https:\/\/fadeu.urantiacos.cl\/en\/wp-json\/wp\/v2\/posts\/4205\/revisions\/4208"}],"wp:featuredmedia":[{"embeddable":true,"href":"https:\/\/fadeu.urantiacos.cl\/en\/wp-json\/wp\/v2\/media\/4206"}],"wp:attachment":[{"href":"https:\/\/fadeu.urantiacos.cl\/en\/wp-json\/wp\/v2\/media?parent=4205"}],"wp:term":[{"taxonomy":"category","embeddable":true,"href":"https:\/\/fadeu.urantiacos.cl\/en\/wp-json\/wp\/v2\/categories?post=4205"},{"taxonomy":"post_tag","embeddable":true,"href":"https:\/\/fadeu.urantiacos.cl\/en\/wp-json\/wp\/v2\/tags?post=4205"}],"curies":[{"name":"wp","href":"https:\/\/api.w.org\/{rel}","templated":true}]}}