{"id":4201,"date":"2022-09-05T20:38:00","date_gmt":"2022-09-05T23:38:00","guid":{"rendered":"https:\/\/fadeu.urantiacos.cl\/?p=4201"},"modified":"2023-09-03T20:41:15","modified_gmt":"2023-09-03T23:41:15","slug":"estudiantes-del-taller-integrado-de-planificacion-visitan-municipios-de-la-cuenca-del-lago-llanquihue-en-visita-a-terreno","status":"publish","type":"post","link":"https:\/\/fadeu.urantiacos.cl\/en\/2022\/09\/05\/estudiantes-del-taller-integrado-de-planificacion-visitan-municipios-de-la-cuenca-del-lago-llanquihue-en-visita-a-terreno\/","title":{"rendered":"Estudiantes del Taller Integrado de Planificaci\u00f3n visitan municipios de la cuenca del Lago Llanquihue en visita a terreno"},"content":{"rendered":"\n<figure class=\"wp-block-image size-full\"><img decoding=\"async\" width=\"350\" height=\"250\" src=\"https:\/\/fadeu.urantiacos.cl\/wp-content\/uploads\/2023\/09\/8-Puerto-Octay_WEB.jpg\" alt=\"\" class=\"wp-image-4202\" srcset=\"https:\/\/fadeu.urantiacos.cl\/wp-content\/uploads\/2023\/09\/8-Puerto-Octay_WEB.jpg 350w, https:\/\/fadeu.urantiacos.cl\/wp-content\/uploads\/2023\/09\/8-Puerto-Octay_WEB-300x214.jpg 300w\" sizes=\"(max-width: 350px) 100vw, 350px\" \/><\/figure>\n\n\n\n<p>El taller se enfoca este a\u00f1o en cuatro comunas de la&nbsp;Regi\u00f3n de Los Lagos&nbsp;(Puerto Varas, Llanquihue, Frutillar, Puerto Octay), donde se observan importantes procesos de transformaci\u00f3n de los espacios urbanos y rurales que, con la pandemia, han aumentado de intensidad. Al igual que en otras zonas del pa\u00eds, la posibilidad de subdividir y comercializar predios rurales fuera de los l\u00edmites urbanos ha fomentado la creaci\u00f3n de nuevas parcelas de agrado, y la pandemia ha aumentado el inter\u00e9s en \u00e9stas, generando tambi\u00e9n un aumento de la presi\u00f3n en los territorios que las albergan.<\/p>\n\n\n\n<p>\u00abPara personas en b\u00fasqueda de una mejor calidad de vida, las ciudades intermedias se han vuelto atractivas por la posibilidad de vivir en un entorno m\u00e1s pr\u00f3ximo a la naturaleza (sobre todo en parcelas) sin perder el acceso a servicios urbanos de buena calidad y pudiendo mantener las relaciones con Santiago el sistema urbano principal. Como resultado, se ha generado una migraci\u00f3n explosiva frente a la que las ciudades intermedias no estaban preparadas, a los que se suman los m\u00faltiples problemas que las parcelas generan en t\u00e9rminos de sustentabilidad.&nbsp;Frente a los importantes impactos que genera la nueva urbanizaci\u00f3n de espacios rurales y considerando los l\u00edmites de la planificaci\u00f3n, a nivel comunal, intercomunal y regional, es esencial identificar estrategias que, en territorios cada vez m\u00e1s urbanos, reorienten las din\u00e1micas territoriales actuales hacia escenarios de desarrollo m\u00e1s sustentables\u00ab, coment\u00f3 el profesor&nbsp;<a href=\"https:\/\/estudiosurbanos.uc.cl\/academicos\/giovanni-vecchio\/\" target=\"_blank\" rel=\"noreferrer noopener\">Giovanni Vecchio<\/a>.<\/p>\n\n\n\n<p>La visita, que dur\u00f3 tres d\u00edas, comenz\u00f3 el d\u00eda mi\u00e9rcoles con una reuni\u00f3n junto a la Secretar\u00eda de Planificaci\u00f3n de&nbsp;Frutillar, luego visitaron los&nbsp;humedales urbanos de Llanquihue&nbsp;y la&nbsp;F\u00e1brica de Nestl\u00e9. Por la tarde, se reunieron con el equipo en terreno del&nbsp;<a href=\"https:\/\/observatoriodeciudades.com\/\" target=\"_blank\" rel=\"noreferrer noopener\">Observatorio de Ciudades UC (OCUC<\/a>), con quienes compartieron el trabajo realizado en estudios para servicios de&nbsp;agua potable pural&nbsp;(APR).<\/p>\n\n\n\n<p>En&nbsp;Puerto Varas&nbsp;fueron recibidos por la municipalidad y visitaron loteos de parcelas de agrado. Adem\u00e1s, tuvieron la oportunidad de conversar con el equipo territorial de la&nbsp;<a href=\"https:\/\/urbanismosocial.cl\/\" target=\"_blank\" rel=\"noreferrer noopener\">Fundaci\u00f3n Urbanismo Social<\/a>, compuesto por dos egresados de los programas de magister del Instituto, Mart\u00edn Montes y Patricio Vega, quienes est\u00e1n trabajando actualmente en la zona por medio de la Fundaci\u00f3n.<\/p>\n\n\n\n<p>El terreno finaliz\u00f3 el d\u00eda viernes en&nbsp;Puerto Octay, donde fueron recibidos por la Municipalidad, teniendo la oportunidad de conversar con diferentes sectores del gobierno local, como Secplan, Educaci\u00f3n, Salud y la Direcci\u00f3n de Obras Municipales. Adem\u00e1s recorrieron junto a representantes del Municipio, la Planta de tratamiento de aguas servidas, Villa Alto Octay y el Hotel Centinela.<\/p>\n\n\n\n<p>El objetivo de este semestre es que el curso pueda sostener la interacci\u00f3n con los territorios y municipios visitados y contar con una devoluci\u00f3n al cierre del Taller, tanto con la informaci\u00f3n levantada como con los planes que se generen.<\/p>\n\n\n\n<figure class=\"wp-block-image size-large\"><img decoding=\"async\" width=\"1024\" height=\"768\" src=\"https:\/\/fadeu.urantiacos.cl\/wp-content\/uploads\/2023\/09\/8-Puerto-Octay-1024x768.jpeg\" alt=\"\" class=\"wp-image-4203\" srcset=\"https:\/\/fadeu.urantiacos.cl\/wp-content\/uploads\/2023\/09\/8-Puerto-Octay-1024x768.jpeg 1024w, https:\/\/fadeu.urantiacos.cl\/wp-content\/uploads\/2023\/09\/8-Puerto-Octay-300x225.jpeg 300w, https:\/\/fadeu.urantiacos.cl\/wp-content\/uploads\/2023\/09\/8-Puerto-Octay-768x576.jpeg 768w, https:\/\/fadeu.urantiacos.cl\/wp-content\/uploads\/2023\/09\/8-Puerto-Octay-1536x1152.jpeg 1536w, https:\/\/fadeu.urantiacos.cl\/wp-content\/uploads\/2023\/09\/8-Puerto-Octay.jpeg 1600w\" sizes=\"(max-width: 1024px) 100vw, 1024px\" \/><\/figure>\n\n\n\n<p>INFORMACI\u00d3N PERIOD\u00cdSTICA<br>INSTITUTO DE ESTUDIOS URBANOS<\/p>\n","protected":false},"excerpt":{"rendered":"<p>El Taller Integrado est\u00e1 compuesto por estudiantes del Mag\u00edster en Desarrollo Urbano y Mag\u00edster en Asentamientos Humanos y Medio Ambiente, quienes a trav\u00e9s de equipos interdisciplinarios, desarrollar\u00e1n lineamientos y estrategias de Planificaci\u00f3n Territorial durante el semestre. En la visita, se reunieron con los municipios de Puerto Octay, Frutillar y Puerto Varas. <\/p>\n","protected":false},"author":1,"featured_media":4202,"comment_status":"open","ping_status":"open","sticky":false,"template":"","format":"standard","meta":{"_acf_changed":false,"footnotes":""},"categories":[1],"tags":[],"class_list":["post-4201","post","type-post","status-publish","format-standard","has-post-thumbnail","hentry","category-sin-categorizar"],"acf":[],"yoast_head":"<!-- This site is optimized with the Yoast SEO plugin v27.1.1 - https:\/\/yoast.com\/product\/yoast-seo-wordpress\/ -->\n<title>Estudiantes del Taller Integrado de Planificaci\u00f3n visitan municipios de la cuenca del Lago Llanquihue en visita a terreno - Facultad de Arquitectura, Dise\u00f1o y Estudios Urbanos<\/title>\n<meta name=\"description\" content=\"El Taller Integrado est\u00e1 compuesto por estudiantes del Mag\u00edster en Desarrollo Urbano y Mag\u00edster en Asentamientos Humanos y Medio Ambiente, quienes a trav\u00e9s de equipos interdisciplinarios, desarrollar\u00e1n lineamientos y estrategias de Planificaci\u00f3n Territorial durante el semestre. En la visita, se reunieron con los municipios de Puerto Octay, Frutillar y Puerto Varas.\" \/>\n<meta name=\"robots\" content=\"index, follow, max-snippet:-1, max-image-preview:large, max-video-preview:-1\" \/>\n<link rel=\"canonical\" href=\"https:\/\/fadeu.urantiacos.cl\/en\/2022\/09\/05\/estudiantes-del-taller-integrado-de-planificacion-visitan-municipios-de-la-cuenca-del-lago-llanquihue-en-visita-a-terreno\/\" \/>\n<meta property=\"og:locale\" content=\"en_US\" \/>\n<meta property=\"og:type\" content=\"article\" \/>\n<meta property=\"og:title\" content=\"Estudiantes del Taller Integrado de Planificaci\u00f3n visitan municipios de la cuenca del Lago Llanquihue en visita a terreno - Facultad de Arquitectura, Dise\u00f1o y Estudios Urbanos\" \/>\n<meta property=\"og:description\" content=\"El Taller Integrado est\u00e1 compuesto por estudiantes del Mag\u00edster en Desarrollo Urbano y Mag\u00edster en Asentamientos Humanos y Medio Ambiente, quienes a trav\u00e9s de equipos interdisciplinarios, desarrollar\u00e1n lineamientos y estrategias de Planificaci\u00f3n Territorial durante el semestre. En la visita, se reunieron con los municipios de Puerto Octay, Frutillar y Puerto Varas.\" \/>\n<meta property=\"og:url\" content=\"https:\/\/fadeu.urantiacos.cl\/en\/2022\/09\/05\/estudiantes-del-taller-integrado-de-planificacion-visitan-municipios-de-la-cuenca-del-lago-llanquihue-en-visita-a-terreno\/\" \/>\n<meta property=\"og:site_name\" content=\"Facultad de Arquitectura, Dise\u00f1o y Estudios Urbanos\" \/>\n<meta property=\"article:published_time\" content=\"2022-09-05T23:38:00+00:00\" \/>\n<meta property=\"article:modified_time\" content=\"2023-09-03T23:41:15+00:00\" \/>\n<meta property=\"og:image\" content=\"https:\/\/fadeu.urantiacos.cl\/wp-content\/uploads\/2023\/09\/8-Puerto-Octay_WEB.jpg\" \/>\n\t<meta property=\"og:image:width\" content=\"350\" \/>\n\t<meta property=\"og:image:height\" content=\"250\" \/>\n\t<meta property=\"og:image:type\" content=\"image\/jpeg\" \/>\n<meta name=\"author\" content=\"manadmin\" \/>\n<meta name=\"twitter:card\" content=\"summary_large_image\" \/>\n<meta name=\"twitter:label1\" content=\"Written by\" \/>\n\t<meta name=\"twitter:data1\" content=\"manadmin\" \/>\n\t<meta name=\"twitter:label2\" content=\"Est. reading time\" \/>\n\t<meta name=\"twitter:data2\" content=\"3 minutes\" \/>\n<script type=\"application\/ld+json\" class=\"yoast-schema-graph\">{\"@context\":\"https:\/\/schema.org\",\"@graph\":[{\"@type\":\"Article\",\"@id\":\"https:\/\/fadeu.urantiacos.cl\/en\/2022\/09\/05\/estudiantes-del-taller-integrado-de-planificacion-visitan-municipios-de-la-cuenca-del-lago-llanquihue-en-visita-a-terreno\/#article\",\"isPartOf\":{\"@id\":\"https:\/\/fadeu.urantiacos.cl\/en\/2022\/09\/05\/estudiantes-del-taller-integrado-de-planificacion-visitan-municipios-de-la-cuenca-del-lago-llanquihue-en-visita-a-terreno\/\"},\"author\":{\"name\":\"manadmin\",\"@id\":\"https:\/\/fadeu.urantiacos.cl\/en\/#\/schema\/person\/d203e2e84b1c40275eac77b3061a19a2\"},\"headline\":\"Estudiantes del Taller Integrado de Planificaci\u00f3n visitan municipios de la cuenca del Lago Llanquihue en visita a terreno\",\"datePublished\":\"2022-09-05T23:38:00+00:00\",\"dateModified\":\"2023-09-03T23:41:15+00:00\",\"mainEntityOfPage\":{\"@id\":\"https:\/\/fadeu.urantiacos.cl\/en\/2022\/09\/05\/estudiantes-del-taller-integrado-de-planificacion-visitan-municipios-de-la-cuenca-del-lago-llanquihue-en-visita-a-terreno\/\"},\"wordCount\":536,\"commentCount\":0,\"image\":{\"@id\":\"https:\/\/fadeu.urantiacos.cl\/en\/2022\/09\/05\/estudiantes-del-taller-integrado-de-planificacion-visitan-municipios-de-la-cuenca-del-lago-llanquihue-en-visita-a-terreno\/#primaryimage\"},\"thumbnailUrl\":\"https:\/\/fadeu.urantiacos.cl\/wp-content\/uploads\/2023\/09\/8-Puerto-Octay_WEB.jpg\",\"articleSection\":[\"Sin categorizar\"],\"inLanguage\":\"en-US\",\"potentialAction\":[{\"@type\":\"CommentAction\",\"name\":\"Comment\",\"target\":[\"https:\/\/fadeu.urantiacos.cl\/en\/2022\/09\/05\/estudiantes-del-taller-integrado-de-planificacion-visitan-municipios-de-la-cuenca-del-lago-llanquihue-en-visita-a-terreno\/#respond\"]}]},{\"@type\":\"WebPage\",\"@id\":\"https:\/\/fadeu.urantiacos.cl\/en\/2022\/09\/05\/estudiantes-del-taller-integrado-de-planificacion-visitan-municipios-de-la-cuenca-del-lago-llanquihue-en-visita-a-terreno\/\",\"url\":\"https:\/\/fadeu.urantiacos.cl\/en\/2022\/09\/05\/estudiantes-del-taller-integrado-de-planificacion-visitan-municipios-de-la-cuenca-del-lago-llanquihue-en-visita-a-terreno\/\",\"name\":\"Estudiantes del Taller Integrado de Planificaci\u00f3n visitan municipios de la cuenca del Lago Llanquihue en visita a terreno - Facultad de Arquitectura, Dise\u00f1o y Estudios Urbanos\",\"isPartOf\":{\"@id\":\"https:\/\/fadeu.urantiacos.cl\/en\/#website\"},\"primaryImageOfPage\":{\"@id\":\"https:\/\/fadeu.urantiacos.cl\/en\/2022\/09\/05\/estudiantes-del-taller-integrado-de-planificacion-visitan-municipios-de-la-cuenca-del-lago-llanquihue-en-visita-a-terreno\/#primaryimage\"},\"image\":{\"@id\":\"https:\/\/fadeu.urantiacos.cl\/en\/2022\/09\/05\/estudiantes-del-taller-integrado-de-planificacion-visitan-municipios-de-la-cuenca-del-lago-llanquihue-en-visita-a-terreno\/#primaryimage\"},\"thumbnailUrl\":\"https:\/\/fadeu.urantiacos.cl\/wp-content\/uploads\/2023\/09\/8-Puerto-Octay_WEB.jpg\",\"datePublished\":\"2022-09-05T23:38:00+00:00\",\"dateModified\":\"2023-09-03T23:41:15+00:00\",\"author\":{\"@id\":\"https:\/\/fadeu.urantiacos.cl\/en\/#\/schema\/person\/d203e2e84b1c40275eac77b3061a19a2\"},\"description\":\"El Taller Integrado est\u00e1 compuesto por estudiantes del Mag\u00edster en Desarrollo Urbano y Mag\u00edster en Asentamientos Humanos y Medio Ambiente, quienes a trav\u00e9s de equipos interdisciplinarios, desarrollar\u00e1n lineamientos y estrategias de Planificaci\u00f3n Territorial durante el semestre. En la visita, se reunieron con los municipios de Puerto Octay, Frutillar y Puerto Varas.\",\"breadcrumb\":{\"@id\":\"https:\/\/fadeu.urantiacos.cl\/en\/2022\/09\/05\/estudiantes-del-taller-integrado-de-planificacion-visitan-municipios-de-la-cuenca-del-lago-llanquihue-en-visita-a-terreno\/#breadcrumb\"},\"inLanguage\":\"en-US\",\"potentialAction\":[{\"@type\":\"ReadAction\",\"target\":[\"https:\/\/fadeu.urantiacos.cl\/en\/2022\/09\/05\/estudiantes-del-taller-integrado-de-planificacion-visitan-municipios-de-la-cuenca-del-lago-llanquihue-en-visita-a-terreno\/\"]}]},{\"@type\":\"ImageObject\",\"inLanguage\":\"en-US\",\"@id\":\"https:\/\/fadeu.urantiacos.cl\/en\/2022\/09\/05\/estudiantes-del-taller-integrado-de-planificacion-visitan-municipios-de-la-cuenca-del-lago-llanquihue-en-visita-a-terreno\/#primaryimage\",\"url\":\"https:\/\/fadeu.urantiacos.cl\/wp-content\/uploads\/2023\/09\/8-Puerto-Octay_WEB.jpg\",\"contentUrl\":\"https:\/\/fadeu.urantiacos.cl\/wp-content\/uploads\/2023\/09\/8-Puerto-Octay_WEB.jpg\",\"width\":350,\"height\":250},{\"@type\":\"BreadcrumbList\",\"@id\":\"https:\/\/fadeu.urantiacos.cl\/en\/2022\/09\/05\/estudiantes-del-taller-integrado-de-planificacion-visitan-municipios-de-la-cuenca-del-lago-llanquihue-en-visita-a-terreno\/#breadcrumb\",\"itemListElement\":[{\"@type\":\"ListItem\",\"position\":1,\"name\":\"Portada\",\"item\":\"https:\/\/fadeu.urantiacos.cl\/en\/\"},{\"@type\":\"ListItem\",\"position\":2,\"name\":\"Estudiantes del Taller Integrado de Planificaci\u00f3n visitan municipios de la cuenca del Lago Llanquihue en visita a terreno\"}]},{\"@type\":\"WebSite\",\"@id\":\"https:\/\/fadeu.urantiacos.cl\/en\/#website\",\"url\":\"https:\/\/fadeu.urantiacos.cl\/en\/\",\"name\":\"Facultad de Arquitectura, Dise\u00f1o y Estudios Urbanos\",\"description\":\"Campus Lo Contador\",\"potentialAction\":[{\"@type\":\"SearchAction\",\"target\":{\"@type\":\"EntryPoint\",\"urlTemplate\":\"https:\/\/fadeu.urantiacos.cl\/en\/?s={search_term_string}\"},\"query-input\":{\"@type\":\"PropertyValueSpecification\",\"valueRequired\":true,\"valueName\":\"search_term_string\"}}],\"inLanguage\":\"en-US\"},{\"@type\":\"Person\",\"@id\":\"https:\/\/fadeu.urantiacos.cl\/en\/#\/schema\/person\/d203e2e84b1c40275eac77b3061a19a2\",\"name\":\"manadmin\",\"image\":{\"@type\":\"ImageObject\",\"inLanguage\":\"en-US\",\"@id\":\"https:\/\/fadeu.urantiacos.cl\/en\/#\/schema\/person\/image\/\",\"url\":\"https:\/\/secure.gravatar.com\/avatar\/4b1d8e3303b4a9d8968ac578947d8bc80d9aea359f388cdd4aac15cadc0e8447?s=96&d=mm&r=g\",\"contentUrl\":\"https:\/\/secure.gravatar.com\/avatar\/4b1d8e3303b4a9d8968ac578947d8bc80d9aea359f388cdd4aac15cadc0e8447?s=96&d=mm&r=g\",\"caption\":\"manadmin\"},\"sameAs\":[\"https:\/\/fadeu.urantiacos.cl\"]}]}<\/script>\n<!-- \/ Yoast SEO plugin. -->","yoast_head_json":{"title":"Estudiantes del Taller Integrado de Planificaci\u00f3n visitan municipios de la cuenca del Lago Llanquihue en visita a terreno - Facultad de Arquitectura, Dise\u00f1o y Estudios Urbanos","description":"El Taller Integrado est\u00e1 compuesto por estudiantes del Mag\u00edster en Desarrollo Urbano y Mag\u00edster en Asentamientos Humanos y Medio Ambiente, quienes a trav\u00e9s de equipos interdisciplinarios, desarrollar\u00e1n lineamientos y estrategias de Planificaci\u00f3n Territorial durante el semestre. En la visita, se reunieron con los municipios de Puerto Octay, Frutillar y Puerto Varas.","robots":{"index":"index","follow":"follow","max-snippet":"max-snippet:-1","max-image-preview":"max-image-preview:large","max-video-preview":"max-video-preview:-1"},"canonical":"https:\/\/fadeu.urantiacos.cl\/en\/2022\/09\/05\/estudiantes-del-taller-integrado-de-planificacion-visitan-municipios-de-la-cuenca-del-lago-llanquihue-en-visita-a-terreno\/","og_locale":"en_US","og_type":"article","og_title":"Estudiantes del Taller Integrado de Planificaci\u00f3n visitan municipios de la cuenca del Lago Llanquihue en visita a terreno - Facultad de Arquitectura, Dise\u00f1o y Estudios Urbanos","og_description":"El Taller Integrado est\u00e1 compuesto por estudiantes del Mag\u00edster en Desarrollo Urbano y Mag\u00edster en Asentamientos Humanos y Medio Ambiente, quienes a trav\u00e9s de equipos interdisciplinarios, desarrollar\u00e1n lineamientos y estrategias de Planificaci\u00f3n Territorial durante el semestre. En la visita, se reunieron con los municipios de Puerto Octay, Frutillar y Puerto Varas.","og_url":"https:\/\/fadeu.urantiacos.cl\/en\/2022\/09\/05\/estudiantes-del-taller-integrado-de-planificacion-visitan-municipios-de-la-cuenca-del-lago-llanquihue-en-visita-a-terreno\/","og_site_name":"Facultad de Arquitectura, Dise\u00f1o y Estudios Urbanos","article_published_time":"2022-09-05T23:38:00+00:00","article_modified_time":"2023-09-03T23:41:15+00:00","og_image":[{"width":350,"height":250,"url":"https:\/\/fadeu.urantiacos.cl\/wp-content\/uploads\/2023\/09\/8-Puerto-Octay_WEB.jpg","type":"image\/jpeg"}],"author":"manadmin","twitter_card":"summary_large_image","twitter_misc":{"Written by":"manadmin","Est. reading time":"3 minutes"},"schema":{"@context":"https:\/\/schema.org","@graph":[{"@type":"Article","@id":"https:\/\/fadeu.urantiacos.cl\/en\/2022\/09\/05\/estudiantes-del-taller-integrado-de-planificacion-visitan-municipios-de-la-cuenca-del-lago-llanquihue-en-visita-a-terreno\/#article","isPartOf":{"@id":"https:\/\/fadeu.urantiacos.cl\/en\/2022\/09\/05\/estudiantes-del-taller-integrado-de-planificacion-visitan-municipios-de-la-cuenca-del-lago-llanquihue-en-visita-a-terreno\/"},"author":{"name":"manadmin","@id":"https:\/\/fadeu.urantiacos.cl\/en\/#\/schema\/person\/d203e2e84b1c40275eac77b3061a19a2"},"headline":"Estudiantes del Taller Integrado de Planificaci\u00f3n visitan municipios de la cuenca del Lago Llanquihue en visita a terreno","datePublished":"2022-09-05T23:38:00+00:00","dateModified":"2023-09-03T23:41:15+00:00","mainEntityOfPage":{"@id":"https:\/\/fadeu.urantiacos.cl\/en\/2022\/09\/05\/estudiantes-del-taller-integrado-de-planificacion-visitan-municipios-de-la-cuenca-del-lago-llanquihue-en-visita-a-terreno\/"},"wordCount":536,"commentCount":0,"image":{"@id":"https:\/\/fadeu.urantiacos.cl\/en\/2022\/09\/05\/estudiantes-del-taller-integrado-de-planificacion-visitan-municipios-de-la-cuenca-del-lago-llanquihue-en-visita-a-terreno\/#primaryimage"},"thumbnailUrl":"https:\/\/fadeu.urantiacos.cl\/wp-content\/uploads\/2023\/09\/8-Puerto-Octay_WEB.jpg","articleSection":["Sin categorizar"],"inLanguage":"en-US","potentialAction":[{"@type":"CommentAction","name":"Comment","target":["https:\/\/fadeu.urantiacos.cl\/en\/2022\/09\/05\/estudiantes-del-taller-integrado-de-planificacion-visitan-municipios-de-la-cuenca-del-lago-llanquihue-en-visita-a-terreno\/#respond"]}]},{"@type":"WebPage","@id":"https:\/\/fadeu.urantiacos.cl\/en\/2022\/09\/05\/estudiantes-del-taller-integrado-de-planificacion-visitan-municipios-de-la-cuenca-del-lago-llanquihue-en-visita-a-terreno\/","url":"https:\/\/fadeu.urantiacos.cl\/en\/2022\/09\/05\/estudiantes-del-taller-integrado-de-planificacion-visitan-municipios-de-la-cuenca-del-lago-llanquihue-en-visita-a-terreno\/","name":"Estudiantes del Taller Integrado de Planificaci\u00f3n visitan municipios de la cuenca del Lago Llanquihue en visita a terreno - Facultad de Arquitectura, Dise\u00f1o y Estudios Urbanos","isPartOf":{"@id":"https:\/\/fadeu.urantiacos.cl\/en\/#website"},"primaryImageOfPage":{"@id":"https:\/\/fadeu.urantiacos.cl\/en\/2022\/09\/05\/estudiantes-del-taller-integrado-de-planificacion-visitan-municipios-de-la-cuenca-del-lago-llanquihue-en-visita-a-terreno\/#primaryimage"},"image":{"@id":"https:\/\/fadeu.urantiacos.cl\/en\/2022\/09\/05\/estudiantes-del-taller-integrado-de-planificacion-visitan-municipios-de-la-cuenca-del-lago-llanquihue-en-visita-a-terreno\/#primaryimage"},"thumbnailUrl":"https:\/\/fadeu.urantiacos.cl\/wp-content\/uploads\/2023\/09\/8-Puerto-Octay_WEB.jpg","datePublished":"2022-09-05T23:38:00+00:00","dateModified":"2023-09-03T23:41:15+00:00","author":{"@id":"https:\/\/fadeu.urantiacos.cl\/en\/#\/schema\/person\/d203e2e84b1c40275eac77b3061a19a2"},"description":"El Taller Integrado est\u00e1 compuesto por estudiantes del Mag\u00edster en Desarrollo Urbano y Mag\u00edster en Asentamientos Humanos y Medio Ambiente, quienes a trav\u00e9s de equipos interdisciplinarios, desarrollar\u00e1n lineamientos y estrategias de Planificaci\u00f3n Territorial durante el semestre. En la visita, se reunieron con los municipios de Puerto Octay, Frutillar y Puerto Varas.","breadcrumb":{"@id":"https:\/\/fadeu.urantiacos.cl\/en\/2022\/09\/05\/estudiantes-del-taller-integrado-de-planificacion-visitan-municipios-de-la-cuenca-del-lago-llanquihue-en-visita-a-terreno\/#breadcrumb"},"inLanguage":"en-US","potentialAction":[{"@type":"ReadAction","target":["https:\/\/fadeu.urantiacos.cl\/en\/2022\/09\/05\/estudiantes-del-taller-integrado-de-planificacion-visitan-municipios-de-la-cuenca-del-lago-llanquihue-en-visita-a-terreno\/"]}]},{"@type":"ImageObject","inLanguage":"en-US","@id":"https:\/\/fadeu.urantiacos.cl\/en\/2022\/09\/05\/estudiantes-del-taller-integrado-de-planificacion-visitan-municipios-de-la-cuenca-del-lago-llanquihue-en-visita-a-terreno\/#primaryimage","url":"https:\/\/fadeu.urantiacos.cl\/wp-content\/uploads\/2023\/09\/8-Puerto-Octay_WEB.jpg","contentUrl":"https:\/\/fadeu.urantiacos.cl\/wp-content\/uploads\/2023\/09\/8-Puerto-Octay_WEB.jpg","width":350,"height":250},{"@type":"BreadcrumbList","@id":"https:\/\/fadeu.urantiacos.cl\/en\/2022\/09\/05\/estudiantes-del-taller-integrado-de-planificacion-visitan-municipios-de-la-cuenca-del-lago-llanquihue-en-visita-a-terreno\/#breadcrumb","itemListElement":[{"@type":"ListItem","position":1,"name":"Portada","item":"https:\/\/fadeu.urantiacos.cl\/en\/"},{"@type":"ListItem","position":2,"name":"Estudiantes del Taller Integrado de Planificaci\u00f3n visitan municipios de la cuenca del Lago Llanquihue en visita a terreno"}]},{"@type":"WebSite","@id":"https:\/\/fadeu.urantiacos.cl\/en\/#website","url":"https:\/\/fadeu.urantiacos.cl\/en\/","name":"Facultad de Arquitectura, Dise\u00f1o y Estudios Urbanos","description":"Campus Lo Contador","potentialAction":[{"@type":"SearchAction","target":{"@type":"EntryPoint","urlTemplate":"https:\/\/fadeu.urantiacos.cl\/en\/?s={search_term_string}"},"query-input":{"@type":"PropertyValueSpecification","valueRequired":true,"valueName":"search_term_string"}}],"inLanguage":"en-US"},{"@type":"Person","@id":"https:\/\/fadeu.urantiacos.cl\/en\/#\/schema\/person\/d203e2e84b1c40275eac77b3061a19a2","name":"manadmin","image":{"@type":"ImageObject","inLanguage":"en-US","@id":"https:\/\/fadeu.urantiacos.cl\/en\/#\/schema\/person\/image\/","url":"https:\/\/secure.gravatar.com\/avatar\/4b1d8e3303b4a9d8968ac578947d8bc80d9aea359f388cdd4aac15cadc0e8447?s=96&d=mm&r=g","contentUrl":"https:\/\/secure.gravatar.com\/avatar\/4b1d8e3303b4a9d8968ac578947d8bc80d9aea359f388cdd4aac15cadc0e8447?s=96&d=mm&r=g","caption":"manadmin"},"sameAs":["https:\/\/fadeu.urantiacos.cl"]}]}},"_links":{"self":[{"href":"https:\/\/fadeu.urantiacos.cl\/en\/wp-json\/wp\/v2\/posts\/4201","targetHints":{"allow":["GET"]}}],"collection":[{"href":"https:\/\/fadeu.urantiacos.cl\/en\/wp-json\/wp\/v2\/posts"}],"about":[{"href":"https:\/\/fadeu.urantiacos.cl\/en\/wp-json\/wp\/v2\/types\/post"}],"author":[{"embeddable":true,"href":"https:\/\/fadeu.urantiacos.cl\/en\/wp-json\/wp\/v2\/users\/1"}],"replies":[{"embeddable":true,"href":"https:\/\/fadeu.urantiacos.cl\/en\/wp-json\/wp\/v2\/comments?post=4201"}],"version-history":[{"count":1,"href":"https:\/\/fadeu.urantiacos.cl\/en\/wp-json\/wp\/v2\/posts\/4201\/revisions"}],"predecessor-version":[{"id":4204,"href":"https:\/\/fadeu.urantiacos.cl\/en\/wp-json\/wp\/v2\/posts\/4201\/revisions\/4204"}],"wp:featuredmedia":[{"embeddable":true,"href":"https:\/\/fadeu.urantiacos.cl\/en\/wp-json\/wp\/v2\/media\/4202"}],"wp:attachment":[{"href":"https:\/\/fadeu.urantiacos.cl\/en\/wp-json\/wp\/v2\/media?parent=4201"}],"wp:term":[{"taxonomy":"category","embeddable":true,"href":"https:\/\/fadeu.urantiacos.cl\/en\/wp-json\/wp\/v2\/categories?post=4201"},{"taxonomy":"post_tag","embeddable":true,"href":"https:\/\/fadeu.urantiacos.cl\/en\/wp-json\/wp\/v2\/tags?post=4201"}],"curies":[{"name":"wp","href":"https:\/\/api.w.org\/{rel}","templated":true}]}}