{"id":4180,"date":"2022-09-06T20:20:00","date_gmt":"2022-09-06T23:20:00","guid":{"rendered":"https:\/\/fadeu.urantiacos.cl\/?p=4180"},"modified":"2023-09-03T20:25:02","modified_gmt":"2023-09-03T23:25:02","slug":"profesores-umberto-bonomo-y-emilio-de-la-cerda-participan-en-jornadas-ampliadas-del-honorable-consejo-superior-uc","status":"publish","type":"post","link":"https:\/\/fadeu.urantiacos.cl\/en\/2022\/09\/06\/profesores-umberto-bonomo-y-emilio-de-la-cerda-participan-en-jornadas-ampliadas-del-honorable-consejo-superior-uc\/","title":{"rendered":"Profesores Umberto Bonomo y Emilio de la Cerda participan en jornadas ampliadas del Honorable Consejo Superior UC"},"content":{"rendered":"\n<figure class=\"wp-block-image size-full\"><img decoding=\"async\" width=\"350\" height=\"250\" src=\"https:\/\/fadeu.urantiacos.cl\/wp-content\/uploads\/2023\/09\/web_WhatsApp_Image_2022-08-23_at_4.20.03_PM.jpg\" alt=\"\" class=\"wp-image-4181\" srcset=\"https:\/\/fadeu.urantiacos.cl\/wp-content\/uploads\/2023\/09\/web_WhatsApp_Image_2022-08-23_at_4.20.03_PM.jpg 350w, https:\/\/fadeu.urantiacos.cl\/wp-content\/uploads\/2023\/09\/web_WhatsApp_Image_2022-08-23_at_4.20.03_PM-300x214.jpg 300w\" sizes=\"(max-width: 350px) 100vw, 350px\" \/><\/figure>\n\n\n\n<p>La instancia consider\u00f3 la participaci\u00f3n de todos los directores y directoras de la casa de estudios superiores, instancia a la que asistieron el director del Centro del Patrimonio Cultural, Umberto Bonomo, y el director del N\u00facleo Colecciones UC, Emilio de la Cerda, ambos profesores de la escuela de Arquitectura.<\/p>\n\n\n\n<p>La primera sesi\u00f3n se realiz\u00f3 en el Centro de Extensi\u00f3n de Pirque y el foco estuvo en la cultura. Durante la ma\u00f1ana fue el turno de Umberto Bonomo, director del Centro del Patrimonio Cultural, Miryam Singer, directora de Artes y Cultura, y Evelyn Didier, directora de Bibliotecas UC, quienes expusieron los alcances del acervo cultural desde la perspectiva patrimonial, la investigaci\u00f3n y formaci\u00f3n de nuevas audiencias y el patrimonio bibliogr\u00e1fico.<\/p>\n\n\n\n<p>En el segundo d\u00eda de trabajo, que tuvo lugar en San Carlos de Apoquindo, se present\u00f3 un extenso panorama de lo que la universidad desarrolla y entiende como vinculaci\u00f3n con el medio, como aporte p\u00fablico al pa\u00eds, tanto desde el compromiso territorial, regional, la relaci\u00f3n con los vecinos, la relaci\u00f3n con nuestras comunidades locales y el aporte al pa\u00eds y a la sociedad en general.&nbsp;<\/p>\n\n\n\n<p><strong>Cultura y Patrimonio<\/strong><\/p>\n\n\n\n<p>El director del Centro del Patrimonio Cultural, Umberto Bonomo, sostuvo que \u201cme parece muy significativo que este a\u00f1o el Honorable Consejo Superior se haya reunido con directores y directoras de la universidad para tocar un tema muy importante para la sociedad, como lo es la cultura y el patrimonio.\u201d.<\/p>\n\n\n\n<p>\u201cLo que qued\u00f3 claro del encuentro es que la Universidad asume e interpreta la cultura como un bien p\u00fablico, por ende, debemos destacar y valorar lo que la Direcci\u00f3n Superior y la UC ha dado a la cultura durante los \u00faltimos a\u00f1os, con iniciativas diversas como la recuperaci\u00f3n de la casona de Pirque, el desarrollo del proyecto Catedral, el Observatorio Manuel Foster, la recuperaci\u00f3n de radio Beethoven, y la promoci\u00f3n de proyectos interesantes como las Gu\u00edas de Arquitectura, Arte e Historia, realizadas en conjunto con la Facultad de Arquitectura, Dise\u00f1o y Estudios Urbanos, que celebran la riqueza del patrimonio de nuestra universidad\u201d, agreg\u00f3.<\/p>\n\n\n\n<p>Por su parte, el director del N\u00facleo Colecciones UC, Emilio de la Cerda, afirm\u00f3 que \u201cla participaci\u00f3n de diversas instancias en el Honorable Consejo Superior fue muy significativa porque dedic\u00f3 un d\u00eda completo a analizar lo que hace la Universidad en materia de patrimonio cultural, contexto en el cual nos toc\u00f3 presentar el N\u00facleo de Colecciones UC, que viene a trabajar con todas las entidades de la universidad para generar l\u00edneas de trabajo que tienen que ver con una estrategia para tratar y gestionar las colecciones que recibe, generando v\u00ednculos con la investigaci\u00f3n, la docencia y la conservaci\u00f3n de los materiales\u201d.<\/p>\n\n\n\n<p>\u201cDe aqu\u00ed a seis meses la Universidad deber\u00e1 armar una propuesta en materia de patrimonio cultural, para consolidar los esfuerzos que se han registrado hasta el momento, para poder tener un proyecto com\u00fan y muy bien articulado, lo que resulta muy decidor para la Facultad de Arquitectura, Dise\u00f1o y Estudios Urbanos, que tiene una voz relevante para aportar en este proyecto, con todo el aporte disciplinar que supone la propia Facultad y sus programas acad\u00e9micos, y tambi\u00e9n considerando los quince a\u00f1os que est\u00e1 cumpliendo el centro del Patrimonio Cultural\u201d, agreg\u00f3 de la Cerda.<\/p>\n\n\n\n<p><strong>Invitados<\/strong><\/p>\n\n\n\n<p>Junto a estos grandes temas de conversaci\u00f3n, hubo dos espacios con invitados externos que permitieron a los asistentes entrar en tem\u00e1ticas de contingencia y profundizar en la humanidad que se requiere en nuestras relaciones para volver a encontrarnos como sociedad.<\/p>\n\n\n\n<p>A cargo de ese cap\u00edtulo, estuvieron en primera instancia la historiadora y premio nacional de Historia, Sol Serrano, quien entrevist\u00f3 al intelectual Cristi\u00e1n Warnken. De pol\u00edtica, escenarios posibles, trayectoria y literatura fue el espacio que tuvieron en Pirque y que levant\u00f3 comentarios positivos y preguntas entre los presentes.<\/p>\n\n\n\n<p>El segundo d\u00eda fue el turno del artista Claudio Di Gir\u00f3lamo, quien fue el encargado de entregar una mirada desde la cultura, la sabidur\u00eda y la trayectoria. Con su testimonio y respondiendo a varias reflexiones, mostr\u00f3 su mirada sobre nuestra convivencia nacional, sobre lo esencial de las relaciones humanas, que tiene que ver con lo que proviene del coraz\u00f3n, del conocimiento del otro, del tiempo que se le dedica a escuchar al diferente y del valor de la amistad.&nbsp;<\/p>\n\n\n\n<p>Al t\u00e9rmino de la jornada, la presentaci\u00f3n de la Orquesta Interfacultades, conformado por cerca de 60 estudiantes de pr\u00e1cticamente todas las carreras de la universidad, bajo la direcci\u00f3n del profesor Eduardo Jahnke deleit\u00f3 al p\u00fablico con un concierto que pase\u00f3 desde los compositores consagrados como Beethoven, hasta la conmovedora m\u00fasica de la pel\u00edcula La Misi\u00f3n, compuesta por Ennio Morricone. Un pasaje por la m\u00fasica que dej\u00f3 en alto el esp\u00edritu, despu\u00e9s de dos jornadas de intenso trabajo y conversaci\u00f3n.<\/p>\n\n\n\n<p>En la instancia participaron tambi\u00e9n la profesora de la escuela de Arquitectura, Romy Hecht (en calidad de Directora de College) y la profesora de la escuela de Dise\u00f1o, Paz Cox, en su calidad de representante de los Docentes en el Honorable Consejo Superior.<\/p>\n\n\n\n<p>INVITACI\u00d3N PERIOD\u00cdSTICA<br><br>Comunicaciones Casa Central UC<br>Juan Andr\u00e9s Inzunza<\/p>\n\n\n\n<figure class=\"wp-block-image size-large\"><img decoding=\"async\" width=\"1024\" height=\"682\" src=\"https:\/\/fadeu.urantiacos.cl\/wp-content\/uploads\/2023\/09\/WhatsApp_Image_2022-08-23_at_4.20.03_PM-1024x682.jpeg\" alt=\"\" class=\"wp-image-4182\" srcset=\"https:\/\/fadeu.urantiacos.cl\/wp-content\/uploads\/2023\/09\/WhatsApp_Image_2022-08-23_at_4.20.03_PM-1024x682.jpeg 1024w, https:\/\/fadeu.urantiacos.cl\/wp-content\/uploads\/2023\/09\/WhatsApp_Image_2022-08-23_at_4.20.03_PM-300x200.jpeg 300w, https:\/\/fadeu.urantiacos.cl\/wp-content\/uploads\/2023\/09\/WhatsApp_Image_2022-08-23_at_4.20.03_PM-768x511.jpeg 768w, https:\/\/fadeu.urantiacos.cl\/wp-content\/uploads\/2023\/09\/WhatsApp_Image_2022-08-23_at_4.20.03_PM.jpeg 1280w\" sizes=\"(max-width: 1024px) 100vw, 1024px\" \/><\/figure>\n","protected":false},"excerpt":{"rendered":"<p>Durante los d\u00edas 22 y 23 de agosto pasado se realizaron las jornadas ampliadas del Honorable Consejo Superior (HCS) de la Universidad Cat\u00f3lica. En esta oportunidad, los temas en tabla introducidos por el rector Ignacio S\u00e1nchez y presentados por la vicerrectora de Comunicaciones y Extensi\u00f3n Cultural, Magdalena Amen\u00e1bar, y el prorrector de Gesti\u00f3n Institucional, Patricio Donoso, fueron \u201cCultura, extensi\u00f3n y patrimonio: aportes de la UC\u201d y \u201cVinculaci\u00f3n con el medio en la UC\u201d.<\/p>\n","protected":false},"author":1,"featured_media":4181,"comment_status":"open","ping_status":"open","sticky":false,"template":"","format":"standard","meta":{"_acf_changed":false,"footnotes":""},"categories":[1],"tags":[],"class_list":["post-4180","post","type-post","status-publish","format-standard","has-post-thumbnail","hentry","category-sin-categorizar"],"acf":[],"yoast_head":"<!-- This site is optimized with the Yoast SEO plugin v27.1.1 - https:\/\/yoast.com\/product\/yoast-seo-wordpress\/ -->\n<title>Profesores Umberto Bonomo y Emilio de la Cerda participan en jornadas ampliadas del Honorable Consejo Superior UC - Facultad de Arquitectura, Dise\u00f1o y Estudios Urbanos<\/title>\n<meta name=\"description\" content=\"Durante los d\u00edas 22 y 23 de agosto pasado se realizaron las jornadas ampliadas del Honorable Consejo Superior (HCS) de la Universidad Cat\u00f3lica. En esta oportunidad, los temas en tabla introducidos por el rector Ignacio S\u00e1nchez y presentados por la vicerrectora de Comunicaciones y Extensi\u00f3n Cultural, Magdalena Amen\u00e1bar, y el prorrector de Gesti\u00f3n Institucional, Patricio Donoso, fueron \u201cCultura, extensi\u00f3n y patrimonio: aportes de la UC\u201d y \u201cVinculaci\u00f3n con el medio en la UC\u201d.\" \/>\n<meta name=\"robots\" content=\"index, follow, max-snippet:-1, max-image-preview:large, max-video-preview:-1\" \/>\n<link rel=\"canonical\" href=\"https:\/\/fadeu.urantiacos.cl\/en\/2022\/09\/06\/profesores-umberto-bonomo-y-emilio-de-la-cerda-participan-en-jornadas-ampliadas-del-honorable-consejo-superior-uc\/\" \/>\n<meta property=\"og:locale\" content=\"en_US\" \/>\n<meta property=\"og:type\" content=\"article\" \/>\n<meta property=\"og:title\" content=\"Profesores Umberto Bonomo y Emilio de la Cerda participan en jornadas ampliadas del Honorable Consejo Superior UC - Facultad de Arquitectura, Dise\u00f1o y Estudios Urbanos\" \/>\n<meta property=\"og:description\" content=\"Durante los d\u00edas 22 y 23 de agosto pasado se realizaron las jornadas ampliadas del Honorable Consejo Superior (HCS) de la Universidad Cat\u00f3lica. En esta oportunidad, los temas en tabla introducidos por el rector Ignacio S\u00e1nchez y presentados por la vicerrectora de Comunicaciones y Extensi\u00f3n Cultural, Magdalena Amen\u00e1bar, y el prorrector de Gesti\u00f3n Institucional, Patricio Donoso, fueron \u201cCultura, extensi\u00f3n y patrimonio: aportes de la UC\u201d y \u201cVinculaci\u00f3n con el medio en la UC\u201d.\" \/>\n<meta property=\"og:url\" content=\"https:\/\/fadeu.urantiacos.cl\/en\/2022\/09\/06\/profesores-umberto-bonomo-y-emilio-de-la-cerda-participan-en-jornadas-ampliadas-del-honorable-consejo-superior-uc\/\" \/>\n<meta property=\"og:site_name\" content=\"Facultad de Arquitectura, Dise\u00f1o y Estudios Urbanos\" \/>\n<meta property=\"article:published_time\" content=\"2022-09-06T23:20:00+00:00\" \/>\n<meta property=\"article:modified_time\" content=\"2023-09-03T23:25:02+00:00\" \/>\n<meta property=\"og:image\" content=\"https:\/\/fadeu.urantiacos.cl\/wp-content\/uploads\/2023\/09\/web_WhatsApp_Image_2022-08-23_at_4.20.03_PM.jpg\" \/>\n\t<meta property=\"og:image:width\" content=\"350\" \/>\n\t<meta property=\"og:image:height\" content=\"250\" \/>\n\t<meta property=\"og:image:type\" content=\"image\/jpeg\" \/>\n<meta name=\"author\" content=\"manadmin\" \/>\n<meta name=\"twitter:card\" content=\"summary_large_image\" \/>\n<meta name=\"twitter:label1\" content=\"Written by\" \/>\n\t<meta name=\"twitter:data1\" content=\"manadmin\" \/>\n\t<meta name=\"twitter:label2\" content=\"Est. reading time\" \/>\n\t<meta name=\"twitter:data2\" content=\"4 minutes\" \/>\n<script type=\"application\/ld+json\" class=\"yoast-schema-graph\">{\"@context\":\"https:\/\/schema.org\",\"@graph\":[{\"@type\":\"Article\",\"@id\":\"https:\/\/fadeu.urantiacos.cl\/en\/2022\/09\/06\/profesores-umberto-bonomo-y-emilio-de-la-cerda-participan-en-jornadas-ampliadas-del-honorable-consejo-superior-uc\/#article\",\"isPartOf\":{\"@id\":\"https:\/\/fadeu.urantiacos.cl\/en\/2022\/09\/06\/profesores-umberto-bonomo-y-emilio-de-la-cerda-participan-en-jornadas-ampliadas-del-honorable-consejo-superior-uc\/\"},\"author\":{\"name\":\"manadmin\",\"@id\":\"https:\/\/fadeu.urantiacos.cl\/en\/#\/schema\/person\/d203e2e84b1c40275eac77b3061a19a2\"},\"headline\":\"Profesores Umberto Bonomo y Emilio de la Cerda participan en jornadas ampliadas del Honorable Consejo Superior UC\",\"datePublished\":\"2022-09-06T23:20:00+00:00\",\"dateModified\":\"2023-09-03T23:25:02+00:00\",\"mainEntityOfPage\":{\"@id\":\"https:\/\/fadeu.urantiacos.cl\/en\/2022\/09\/06\/profesores-umberto-bonomo-y-emilio-de-la-cerda-participan-en-jornadas-ampliadas-del-honorable-consejo-superior-uc\/\"},\"wordCount\":912,\"commentCount\":0,\"image\":{\"@id\":\"https:\/\/fadeu.urantiacos.cl\/en\/2022\/09\/06\/profesores-umberto-bonomo-y-emilio-de-la-cerda-participan-en-jornadas-ampliadas-del-honorable-consejo-superior-uc\/#primaryimage\"},\"thumbnailUrl\":\"https:\/\/fadeu.urantiacos.cl\/wp-content\/uploads\/2023\/09\/web_WhatsApp_Image_2022-08-23_at_4.20.03_PM.jpg\",\"articleSection\":[\"Sin categorizar\"],\"inLanguage\":\"en-US\",\"potentialAction\":[{\"@type\":\"CommentAction\",\"name\":\"Comment\",\"target\":[\"https:\/\/fadeu.urantiacos.cl\/en\/2022\/09\/06\/profesores-umberto-bonomo-y-emilio-de-la-cerda-participan-en-jornadas-ampliadas-del-honorable-consejo-superior-uc\/#respond\"]}]},{\"@type\":\"WebPage\",\"@id\":\"https:\/\/fadeu.urantiacos.cl\/en\/2022\/09\/06\/profesores-umberto-bonomo-y-emilio-de-la-cerda-participan-en-jornadas-ampliadas-del-honorable-consejo-superior-uc\/\",\"url\":\"https:\/\/fadeu.urantiacos.cl\/en\/2022\/09\/06\/profesores-umberto-bonomo-y-emilio-de-la-cerda-participan-en-jornadas-ampliadas-del-honorable-consejo-superior-uc\/\",\"name\":\"Profesores Umberto Bonomo y Emilio de la Cerda participan en jornadas ampliadas del Honorable Consejo Superior UC - Facultad de Arquitectura, Dise\u00f1o y Estudios Urbanos\",\"isPartOf\":{\"@id\":\"https:\/\/fadeu.urantiacos.cl\/en\/#website\"},\"primaryImageOfPage\":{\"@id\":\"https:\/\/fadeu.urantiacos.cl\/en\/2022\/09\/06\/profesores-umberto-bonomo-y-emilio-de-la-cerda-participan-en-jornadas-ampliadas-del-honorable-consejo-superior-uc\/#primaryimage\"},\"image\":{\"@id\":\"https:\/\/fadeu.urantiacos.cl\/en\/2022\/09\/06\/profesores-umberto-bonomo-y-emilio-de-la-cerda-participan-en-jornadas-ampliadas-del-honorable-consejo-superior-uc\/#primaryimage\"},\"thumbnailUrl\":\"https:\/\/fadeu.urantiacos.cl\/wp-content\/uploads\/2023\/09\/web_WhatsApp_Image_2022-08-23_at_4.20.03_PM.jpg\",\"datePublished\":\"2022-09-06T23:20:00+00:00\",\"dateModified\":\"2023-09-03T23:25:02+00:00\",\"author\":{\"@id\":\"https:\/\/fadeu.urantiacos.cl\/en\/#\/schema\/person\/d203e2e84b1c40275eac77b3061a19a2\"},\"description\":\"Durante los d\u00edas 22 y 23 de agosto pasado se realizaron las jornadas ampliadas del Honorable Consejo Superior (HCS) de la Universidad Cat\u00f3lica. En esta oportunidad, los temas en tabla introducidos por el rector Ignacio S\u00e1nchez y presentados por la vicerrectora de Comunicaciones y Extensi\u00f3n Cultural, Magdalena Amen\u00e1bar, y el prorrector de Gesti\u00f3n Institucional, Patricio Donoso, fueron \u201cCultura, extensi\u00f3n y patrimonio: aportes de la UC\u201d y \u201cVinculaci\u00f3n con el medio en la UC\u201d.\",\"breadcrumb\":{\"@id\":\"https:\/\/fadeu.urantiacos.cl\/en\/2022\/09\/06\/profesores-umberto-bonomo-y-emilio-de-la-cerda-participan-en-jornadas-ampliadas-del-honorable-consejo-superior-uc\/#breadcrumb\"},\"inLanguage\":\"en-US\",\"potentialAction\":[{\"@type\":\"ReadAction\",\"target\":[\"https:\/\/fadeu.urantiacos.cl\/en\/2022\/09\/06\/profesores-umberto-bonomo-y-emilio-de-la-cerda-participan-en-jornadas-ampliadas-del-honorable-consejo-superior-uc\/\"]}]},{\"@type\":\"ImageObject\",\"inLanguage\":\"en-US\",\"@id\":\"https:\/\/fadeu.urantiacos.cl\/en\/2022\/09\/06\/profesores-umberto-bonomo-y-emilio-de-la-cerda-participan-en-jornadas-ampliadas-del-honorable-consejo-superior-uc\/#primaryimage\",\"url\":\"https:\/\/fadeu.urantiacos.cl\/wp-content\/uploads\/2023\/09\/web_WhatsApp_Image_2022-08-23_at_4.20.03_PM.jpg\",\"contentUrl\":\"https:\/\/fadeu.urantiacos.cl\/wp-content\/uploads\/2023\/09\/web_WhatsApp_Image_2022-08-23_at_4.20.03_PM.jpg\",\"width\":350,\"height\":250},{\"@type\":\"BreadcrumbList\",\"@id\":\"https:\/\/fadeu.urantiacos.cl\/en\/2022\/09\/06\/profesores-umberto-bonomo-y-emilio-de-la-cerda-participan-en-jornadas-ampliadas-del-honorable-consejo-superior-uc\/#breadcrumb\",\"itemListElement\":[{\"@type\":\"ListItem\",\"position\":1,\"name\":\"Portada\",\"item\":\"https:\/\/fadeu.urantiacos.cl\/en\/\"},{\"@type\":\"ListItem\",\"position\":2,\"name\":\"Profesores Umberto Bonomo y Emilio de la Cerda participan en jornadas ampliadas del Honorable Consejo Superior UC\"}]},{\"@type\":\"WebSite\",\"@id\":\"https:\/\/fadeu.urantiacos.cl\/en\/#website\",\"url\":\"https:\/\/fadeu.urantiacos.cl\/en\/\",\"name\":\"Facultad de Arquitectura, Dise\u00f1o y Estudios Urbanos\",\"description\":\"Campus Lo Contador\",\"potentialAction\":[{\"@type\":\"SearchAction\",\"target\":{\"@type\":\"EntryPoint\",\"urlTemplate\":\"https:\/\/fadeu.urantiacos.cl\/en\/?s={search_term_string}\"},\"query-input\":{\"@type\":\"PropertyValueSpecification\",\"valueRequired\":true,\"valueName\":\"search_term_string\"}}],\"inLanguage\":\"en-US\"},{\"@type\":\"Person\",\"@id\":\"https:\/\/fadeu.urantiacos.cl\/en\/#\/schema\/person\/d203e2e84b1c40275eac77b3061a19a2\",\"name\":\"manadmin\",\"image\":{\"@type\":\"ImageObject\",\"inLanguage\":\"en-US\",\"@id\":\"https:\/\/fadeu.urantiacos.cl\/en\/#\/schema\/person\/image\/\",\"url\":\"https:\/\/secure.gravatar.com\/avatar\/4b1d8e3303b4a9d8968ac578947d8bc80d9aea359f388cdd4aac15cadc0e8447?s=96&d=mm&r=g\",\"contentUrl\":\"https:\/\/secure.gravatar.com\/avatar\/4b1d8e3303b4a9d8968ac578947d8bc80d9aea359f388cdd4aac15cadc0e8447?s=96&d=mm&r=g\",\"caption\":\"manadmin\"},\"sameAs\":[\"https:\/\/fadeu.urantiacos.cl\"]}]}<\/script>\n<!-- \/ Yoast SEO plugin. -->","yoast_head_json":{"title":"Profesores Umberto Bonomo y Emilio de la Cerda participan en jornadas ampliadas del Honorable Consejo Superior UC - Facultad de Arquitectura, Dise\u00f1o y Estudios Urbanos","description":"Durante los d\u00edas 22 y 23 de agosto pasado se realizaron las jornadas ampliadas del Honorable Consejo Superior (HCS) de la Universidad Cat\u00f3lica. En esta oportunidad, los temas en tabla introducidos por el rector Ignacio S\u00e1nchez y presentados por la vicerrectora de Comunicaciones y Extensi\u00f3n Cultural, Magdalena Amen\u00e1bar, y el prorrector de Gesti\u00f3n Institucional, Patricio Donoso, fueron \u201cCultura, extensi\u00f3n y patrimonio: aportes de la UC\u201d y \u201cVinculaci\u00f3n con el medio en la UC\u201d.","robots":{"index":"index","follow":"follow","max-snippet":"max-snippet:-1","max-image-preview":"max-image-preview:large","max-video-preview":"max-video-preview:-1"},"canonical":"https:\/\/fadeu.urantiacos.cl\/en\/2022\/09\/06\/profesores-umberto-bonomo-y-emilio-de-la-cerda-participan-en-jornadas-ampliadas-del-honorable-consejo-superior-uc\/","og_locale":"en_US","og_type":"article","og_title":"Profesores Umberto Bonomo y Emilio de la Cerda participan en jornadas ampliadas del Honorable Consejo Superior UC - Facultad de Arquitectura, Dise\u00f1o y Estudios Urbanos","og_description":"Durante los d\u00edas 22 y 23 de agosto pasado se realizaron las jornadas ampliadas del Honorable Consejo Superior (HCS) de la Universidad Cat\u00f3lica. En esta oportunidad, los temas en tabla introducidos por el rector Ignacio S\u00e1nchez y presentados por la vicerrectora de Comunicaciones y Extensi\u00f3n Cultural, Magdalena Amen\u00e1bar, y el prorrector de Gesti\u00f3n Institucional, Patricio Donoso, fueron \u201cCultura, extensi\u00f3n y patrimonio: aportes de la UC\u201d y \u201cVinculaci\u00f3n con el medio en la UC\u201d.","og_url":"https:\/\/fadeu.urantiacos.cl\/en\/2022\/09\/06\/profesores-umberto-bonomo-y-emilio-de-la-cerda-participan-en-jornadas-ampliadas-del-honorable-consejo-superior-uc\/","og_site_name":"Facultad de Arquitectura, Dise\u00f1o y Estudios Urbanos","article_published_time":"2022-09-06T23:20:00+00:00","article_modified_time":"2023-09-03T23:25:02+00:00","og_image":[{"width":350,"height":250,"url":"https:\/\/fadeu.urantiacos.cl\/wp-content\/uploads\/2023\/09\/web_WhatsApp_Image_2022-08-23_at_4.20.03_PM.jpg","type":"image\/jpeg"}],"author":"manadmin","twitter_card":"summary_large_image","twitter_misc":{"Written by":"manadmin","Est. reading time":"4 minutes"},"schema":{"@context":"https:\/\/schema.org","@graph":[{"@type":"Article","@id":"https:\/\/fadeu.urantiacos.cl\/en\/2022\/09\/06\/profesores-umberto-bonomo-y-emilio-de-la-cerda-participan-en-jornadas-ampliadas-del-honorable-consejo-superior-uc\/#article","isPartOf":{"@id":"https:\/\/fadeu.urantiacos.cl\/en\/2022\/09\/06\/profesores-umberto-bonomo-y-emilio-de-la-cerda-participan-en-jornadas-ampliadas-del-honorable-consejo-superior-uc\/"},"author":{"name":"manadmin","@id":"https:\/\/fadeu.urantiacos.cl\/en\/#\/schema\/person\/d203e2e84b1c40275eac77b3061a19a2"},"headline":"Profesores Umberto Bonomo y Emilio de la Cerda participan en jornadas ampliadas del Honorable Consejo Superior UC","datePublished":"2022-09-06T23:20:00+00:00","dateModified":"2023-09-03T23:25:02+00:00","mainEntityOfPage":{"@id":"https:\/\/fadeu.urantiacos.cl\/en\/2022\/09\/06\/profesores-umberto-bonomo-y-emilio-de-la-cerda-participan-en-jornadas-ampliadas-del-honorable-consejo-superior-uc\/"},"wordCount":912,"commentCount":0,"image":{"@id":"https:\/\/fadeu.urantiacos.cl\/en\/2022\/09\/06\/profesores-umberto-bonomo-y-emilio-de-la-cerda-participan-en-jornadas-ampliadas-del-honorable-consejo-superior-uc\/#primaryimage"},"thumbnailUrl":"https:\/\/fadeu.urantiacos.cl\/wp-content\/uploads\/2023\/09\/web_WhatsApp_Image_2022-08-23_at_4.20.03_PM.jpg","articleSection":["Sin categorizar"],"inLanguage":"en-US","potentialAction":[{"@type":"CommentAction","name":"Comment","target":["https:\/\/fadeu.urantiacos.cl\/en\/2022\/09\/06\/profesores-umberto-bonomo-y-emilio-de-la-cerda-participan-en-jornadas-ampliadas-del-honorable-consejo-superior-uc\/#respond"]}]},{"@type":"WebPage","@id":"https:\/\/fadeu.urantiacos.cl\/en\/2022\/09\/06\/profesores-umberto-bonomo-y-emilio-de-la-cerda-participan-en-jornadas-ampliadas-del-honorable-consejo-superior-uc\/","url":"https:\/\/fadeu.urantiacos.cl\/en\/2022\/09\/06\/profesores-umberto-bonomo-y-emilio-de-la-cerda-participan-en-jornadas-ampliadas-del-honorable-consejo-superior-uc\/","name":"Profesores Umberto Bonomo y Emilio de la Cerda participan en jornadas ampliadas del Honorable Consejo Superior UC - Facultad de Arquitectura, Dise\u00f1o y Estudios Urbanos","isPartOf":{"@id":"https:\/\/fadeu.urantiacos.cl\/en\/#website"},"primaryImageOfPage":{"@id":"https:\/\/fadeu.urantiacos.cl\/en\/2022\/09\/06\/profesores-umberto-bonomo-y-emilio-de-la-cerda-participan-en-jornadas-ampliadas-del-honorable-consejo-superior-uc\/#primaryimage"},"image":{"@id":"https:\/\/fadeu.urantiacos.cl\/en\/2022\/09\/06\/profesores-umberto-bonomo-y-emilio-de-la-cerda-participan-en-jornadas-ampliadas-del-honorable-consejo-superior-uc\/#primaryimage"},"thumbnailUrl":"https:\/\/fadeu.urantiacos.cl\/wp-content\/uploads\/2023\/09\/web_WhatsApp_Image_2022-08-23_at_4.20.03_PM.jpg","datePublished":"2022-09-06T23:20:00+00:00","dateModified":"2023-09-03T23:25:02+00:00","author":{"@id":"https:\/\/fadeu.urantiacos.cl\/en\/#\/schema\/person\/d203e2e84b1c40275eac77b3061a19a2"},"description":"Durante los d\u00edas 22 y 23 de agosto pasado se realizaron las jornadas ampliadas del Honorable Consejo Superior (HCS) de la Universidad Cat\u00f3lica. En esta oportunidad, los temas en tabla introducidos por el rector Ignacio S\u00e1nchez y presentados por la vicerrectora de Comunicaciones y Extensi\u00f3n Cultural, Magdalena Amen\u00e1bar, y el prorrector de Gesti\u00f3n Institucional, Patricio Donoso, fueron \u201cCultura, extensi\u00f3n y patrimonio: aportes de la UC\u201d y \u201cVinculaci\u00f3n con el medio en la UC\u201d.","breadcrumb":{"@id":"https:\/\/fadeu.urantiacos.cl\/en\/2022\/09\/06\/profesores-umberto-bonomo-y-emilio-de-la-cerda-participan-en-jornadas-ampliadas-del-honorable-consejo-superior-uc\/#breadcrumb"},"inLanguage":"en-US","potentialAction":[{"@type":"ReadAction","target":["https:\/\/fadeu.urantiacos.cl\/en\/2022\/09\/06\/profesores-umberto-bonomo-y-emilio-de-la-cerda-participan-en-jornadas-ampliadas-del-honorable-consejo-superior-uc\/"]}]},{"@type":"ImageObject","inLanguage":"en-US","@id":"https:\/\/fadeu.urantiacos.cl\/en\/2022\/09\/06\/profesores-umberto-bonomo-y-emilio-de-la-cerda-participan-en-jornadas-ampliadas-del-honorable-consejo-superior-uc\/#primaryimage","url":"https:\/\/fadeu.urantiacos.cl\/wp-content\/uploads\/2023\/09\/web_WhatsApp_Image_2022-08-23_at_4.20.03_PM.jpg","contentUrl":"https:\/\/fadeu.urantiacos.cl\/wp-content\/uploads\/2023\/09\/web_WhatsApp_Image_2022-08-23_at_4.20.03_PM.jpg","width":350,"height":250},{"@type":"BreadcrumbList","@id":"https:\/\/fadeu.urantiacos.cl\/en\/2022\/09\/06\/profesores-umberto-bonomo-y-emilio-de-la-cerda-participan-en-jornadas-ampliadas-del-honorable-consejo-superior-uc\/#breadcrumb","itemListElement":[{"@type":"ListItem","position":1,"name":"Portada","item":"https:\/\/fadeu.urantiacos.cl\/en\/"},{"@type":"ListItem","position":2,"name":"Profesores Umberto Bonomo y Emilio de la Cerda participan en jornadas ampliadas del Honorable Consejo Superior UC"}]},{"@type":"WebSite","@id":"https:\/\/fadeu.urantiacos.cl\/en\/#website","url":"https:\/\/fadeu.urantiacos.cl\/en\/","name":"Facultad de Arquitectura, Dise\u00f1o y Estudios Urbanos","description":"Campus Lo Contador","potentialAction":[{"@type":"SearchAction","target":{"@type":"EntryPoint","urlTemplate":"https:\/\/fadeu.urantiacos.cl\/en\/?s={search_term_string}"},"query-input":{"@type":"PropertyValueSpecification","valueRequired":true,"valueName":"search_term_string"}}],"inLanguage":"en-US"},{"@type":"Person","@id":"https:\/\/fadeu.urantiacos.cl\/en\/#\/schema\/person\/d203e2e84b1c40275eac77b3061a19a2","name":"manadmin","image":{"@type":"ImageObject","inLanguage":"en-US","@id":"https:\/\/fadeu.urantiacos.cl\/en\/#\/schema\/person\/image\/","url":"https:\/\/secure.gravatar.com\/avatar\/4b1d8e3303b4a9d8968ac578947d8bc80d9aea359f388cdd4aac15cadc0e8447?s=96&d=mm&r=g","contentUrl":"https:\/\/secure.gravatar.com\/avatar\/4b1d8e3303b4a9d8968ac578947d8bc80d9aea359f388cdd4aac15cadc0e8447?s=96&d=mm&r=g","caption":"manadmin"},"sameAs":["https:\/\/fadeu.urantiacos.cl"]}]}},"_links":{"self":[{"href":"https:\/\/fadeu.urantiacos.cl\/en\/wp-json\/wp\/v2\/posts\/4180","targetHints":{"allow":["GET"]}}],"collection":[{"href":"https:\/\/fadeu.urantiacos.cl\/en\/wp-json\/wp\/v2\/posts"}],"about":[{"href":"https:\/\/fadeu.urantiacos.cl\/en\/wp-json\/wp\/v2\/types\/post"}],"author":[{"embeddable":true,"href":"https:\/\/fadeu.urantiacos.cl\/en\/wp-json\/wp\/v2\/users\/1"}],"replies":[{"embeddable":true,"href":"https:\/\/fadeu.urantiacos.cl\/en\/wp-json\/wp\/v2\/comments?post=4180"}],"version-history":[{"count":1,"href":"https:\/\/fadeu.urantiacos.cl\/en\/wp-json\/wp\/v2\/posts\/4180\/revisions"}],"predecessor-version":[{"id":4183,"href":"https:\/\/fadeu.urantiacos.cl\/en\/wp-json\/wp\/v2\/posts\/4180\/revisions\/4183"}],"wp:featuredmedia":[{"embeddable":true,"href":"https:\/\/fadeu.urantiacos.cl\/en\/wp-json\/wp\/v2\/media\/4181"}],"wp:attachment":[{"href":"https:\/\/fadeu.urantiacos.cl\/en\/wp-json\/wp\/v2\/media?parent=4180"}],"wp:term":[{"taxonomy":"category","embeddable":true,"href":"https:\/\/fadeu.urantiacos.cl\/en\/wp-json\/wp\/v2\/categories?post=4180"},{"taxonomy":"post_tag","embeddable":true,"href":"https:\/\/fadeu.urantiacos.cl\/en\/wp-json\/wp\/v2\/tags?post=4180"}],"curies":[{"name":"wp","href":"https:\/\/api.w.org\/{rel}","templated":true}]}}