{"id":4170,"date":"2022-09-11T20:11:00","date_gmt":"2022-09-11T23:11:00","guid":{"rendered":"https:\/\/fadeu.urantiacos.cl\/?p=4170"},"modified":"2023-09-03T20:13:34","modified_gmt":"2023-09-03T23:13:34","slug":"sebastian-irarrazaval-dicto-conferencia-en-italia","status":"publish","type":"post","link":"https:\/\/fadeu.urantiacos.cl\/en\/2022\/09\/11\/sebastian-irarrazaval-dicto-conferencia-en-italia\/","title":{"rendered":"Sebasti\u00e1n Irarr\u00e1zaval dict\u00f3 conferencia en Italia"},"content":{"rendered":"\n<figure class=\"wp-block-image size-full\"><img decoding=\"async\" width=\"350\" height=\"250\" src=\"https:\/\/fadeu.urantiacos.cl\/wp-content\/uploads\/2023\/09\/web_Captura_de_Pantalla_2022-09-11_a_las_22.10.47.png\" alt=\"\" class=\"wp-image-4171\" srcset=\"https:\/\/fadeu.urantiacos.cl\/wp-content\/uploads\/2023\/09\/web_Captura_de_Pantalla_2022-09-11_a_las_22.10.47.png 350w, https:\/\/fadeu.urantiacos.cl\/wp-content\/uploads\/2023\/09\/web_Captura_de_Pantalla_2022-09-11_a_las_22.10.47-300x214.png 300w\" sizes=\"(max-width: 350px) 100vw, 350px\" \/><\/figure>\n\n\n\n<p>La quinta versi\u00f3n del ILS Scientific School (Escuela Cient\u00edfica) se realiz\u00f3 entre el 28 de agosto y 04 de septiembre del 2022, instancia en la que el profesor ARQ UC Sebasti\u00e1n Irarr\u00e1zaval \u2014junto con dictar una de las dos conferencias inaugurales\u2014 dirigi\u00f3 tambi\u00e9n un workshop. La presentaci\u00f3n del profesor ARQ UC gir\u00f3 en torno al bienestar f\u00edsico, emocional y social como pasaporte para el aprendizaje y sus ra\u00edces en el movimiento higienista y el movimiento escuelas al aire libre del 1900. As\u00ed, Irarr\u00e1zaval abord\u00f3, entre otros casos, su proyecto \u201cCentro de estimulaci\u00f3n integral Juan Luis Undurraga\u201d en Talagante.<\/p>\n\n\n\n<p>Junto a Irarr\u00e1zaval, en esta edici\u00f3n participaron tambi\u00e9n Joe Noero de Sud\u00e1frica, Noahh Architects de Los Pa\u00edses Bajos, Lacaton &amp; Vassal de Francia, el Equipo Mazzanti de Colombia, adem\u00e1s de investigadores locales como Massimo Faiferri, director cient\u00edfico de la iniciativa, entre otros.<\/p>\n\n\n\n<p>Sobre Summer School ILS_<br>Organizado desde 2016, ILS Innovative Learning Spaces \u201cSchools to be live\u201d es la quinta edici\u00f3n de la Escuela Cient\u00edfica organizada por el Departamento de Ingenier\u00eda Civil, Ambiental y Arquitectura de la Universidad de Cagliari junto al Departamento de Arquitectura, Dise\u00f1o y Planificaci\u00f3n de la Universidad de Sassari y la red PRIN &#8211; ProSE &#8211; Prototypes of schools to be lived (IUAV, UNICA, Polimi, UNIVPM, Uni Campania, INDIRE), que adem\u00e1s cuenta con la contribuci\u00f3n de Sardegna Ricerche y la Fondazione di Sardegna. En esta versi\u00f3n 2022 se busc\u00f3 profundizar en la escuela del futuro, intentando anular o acortar las brechas entre la dimensi\u00f3n del espacio escolar y las del mundo real, de la vida cotidiana, del intercambio de informaci\u00f3n, de las nuevas tecnolog\u00edas, de las redes sociales, de los entornos virtuales, del dise\u00f1o BIM y de la sostenibilidad energ\u00e9tica.<\/p>\n\n\n\n<p>Ver p\u00e1gina web del ILS en el siguiente&nbsp;<a href=\"https:\/\/ils2022.wixsite.com\/unica?fbclid=IwAR04KbLgVXjzw6GGZAaF7d0U5xqsZAPprFe_LxmZP55GIF0eDdiyhHXOlSg\" target=\"_blank\" rel=\"noreferrer noopener\">enlace<\/a>&nbsp;<\/p>\n\n\n\n<p>Noticias<br>Contacto:&nbsp;<a href=\"mailto:redesarq@uc.cl\">redesarq@uc.cl<\/a>&nbsp;| +56 2 2354 7747<br>www.arquitectura.uc.cl<\/p>\n","protected":false},"excerpt":{"rendered":"<p>El profesor ARQ UC dict\u00f3 una charla titulada \u201cBeyond the classroom and the classroom beyond\u201d como parte del Summer School ILS Innovative Learning Spaces en el Parque Cient\u00edfico y Tecnol\u00f3gico de Cerde\u00f1a, Italia.<\/p>\n","protected":false},"author":1,"featured_media":4171,"comment_status":"open","ping_status":"open","sticky":false,"template":"","format":"standard","meta":{"_acf_changed":false,"footnotes":""},"categories":[1],"tags":[],"class_list":["post-4170","post","type-post","status-publish","format-standard","has-post-thumbnail","hentry","category-sin-categorizar"],"acf":[],"yoast_head":"<!-- This site is optimized with the Yoast SEO plugin v27.1.1 - https:\/\/yoast.com\/product\/yoast-seo-wordpress\/ -->\n<title>Sebasti\u00e1n Irarr\u00e1zaval dict\u00f3 conferencia en Italia - Facultad de Arquitectura, Dise\u00f1o y Estudios Urbanos<\/title>\n<meta name=\"description\" content=\"El profesor ARQ UC dict\u00f3 una charla titulada \u201cBeyond the classroom and the classroom beyond\u201d como parte del Summer School ILS Innovative Learning Spaces en el Parque Cient\u00edfico y Tecnol\u00f3gico de Cerde\u00f1a, Italia.\" \/>\n<meta name=\"robots\" content=\"index, follow, max-snippet:-1, max-image-preview:large, max-video-preview:-1\" \/>\n<link rel=\"canonical\" href=\"https:\/\/fadeu.urantiacos.cl\/en\/2022\/09\/11\/sebastian-irarrazaval-dicto-conferencia-en-italia\/\" \/>\n<meta property=\"og:locale\" content=\"en_US\" \/>\n<meta property=\"og:type\" content=\"article\" \/>\n<meta property=\"og:title\" content=\"Sebasti\u00e1n Irarr\u00e1zaval dict\u00f3 conferencia en Italia - Facultad de Arquitectura, Dise\u00f1o y Estudios Urbanos\" \/>\n<meta property=\"og:description\" content=\"El profesor ARQ UC dict\u00f3 una charla titulada \u201cBeyond the classroom and the classroom beyond\u201d como parte del Summer School ILS Innovative Learning Spaces en el Parque Cient\u00edfico y Tecnol\u00f3gico de Cerde\u00f1a, Italia.\" \/>\n<meta property=\"og:url\" content=\"https:\/\/fadeu.urantiacos.cl\/en\/2022\/09\/11\/sebastian-irarrazaval-dicto-conferencia-en-italia\/\" \/>\n<meta property=\"og:site_name\" content=\"Facultad de Arquitectura, Dise\u00f1o y Estudios Urbanos\" \/>\n<meta property=\"article:published_time\" content=\"2022-09-11T23:11:00+00:00\" \/>\n<meta property=\"article:modified_time\" content=\"2023-09-03T23:13:34+00:00\" \/>\n<meta property=\"og:image\" content=\"https:\/\/fadeu.urantiacos.cl\/wp-content\/uploads\/2023\/09\/web_Captura_de_Pantalla_2022-09-11_a_las_22.10.47.png\" \/>\n\t<meta property=\"og:image:width\" content=\"350\" \/>\n\t<meta property=\"og:image:height\" content=\"250\" \/>\n\t<meta property=\"og:image:type\" content=\"image\/png\" \/>\n<meta name=\"author\" content=\"manadmin\" \/>\n<meta name=\"twitter:card\" content=\"summary_large_image\" \/>\n<meta name=\"twitter:label1\" content=\"Written by\" \/>\n\t<meta name=\"twitter:data1\" content=\"manadmin\" \/>\n\t<meta name=\"twitter:label2\" content=\"Est. reading time\" \/>\n\t<meta name=\"twitter:data2\" content=\"2 minutes\" \/>\n<script type=\"application\/ld+json\" class=\"yoast-schema-graph\">{\"@context\":\"https:\/\/schema.org\",\"@graph\":[{\"@type\":\"Article\",\"@id\":\"https:\/\/fadeu.urantiacos.cl\/en\/2022\/09\/11\/sebastian-irarrazaval-dicto-conferencia-en-italia\/#article\",\"isPartOf\":{\"@id\":\"https:\/\/fadeu.urantiacos.cl\/en\/2022\/09\/11\/sebastian-irarrazaval-dicto-conferencia-en-italia\/\"},\"author\":{\"name\":\"manadmin\",\"@id\":\"https:\/\/fadeu.urantiacos.cl\/en\/#\/schema\/person\/d203e2e84b1c40275eac77b3061a19a2\"},\"headline\":\"Sebasti\u00e1n Irarr\u00e1zaval dict\u00f3 conferencia en Italia\",\"datePublished\":\"2022-09-11T23:11:00+00:00\",\"dateModified\":\"2023-09-03T23:13:34+00:00\",\"mainEntityOfPage\":{\"@id\":\"https:\/\/fadeu.urantiacos.cl\/en\/2022\/09\/11\/sebastian-irarrazaval-dicto-conferencia-en-italia\/\"},\"wordCount\":336,\"commentCount\":0,\"image\":{\"@id\":\"https:\/\/fadeu.urantiacos.cl\/en\/2022\/09\/11\/sebastian-irarrazaval-dicto-conferencia-en-italia\/#primaryimage\"},\"thumbnailUrl\":\"https:\/\/fadeu.urantiacos.cl\/wp-content\/uploads\/2023\/09\/web_Captura_de_Pantalla_2022-09-11_a_las_22.10.47.png\",\"articleSection\":[\"Sin categorizar\"],\"inLanguage\":\"en-US\",\"potentialAction\":[{\"@type\":\"CommentAction\",\"name\":\"Comment\",\"target\":[\"https:\/\/fadeu.urantiacos.cl\/en\/2022\/09\/11\/sebastian-irarrazaval-dicto-conferencia-en-italia\/#respond\"]}]},{\"@type\":\"WebPage\",\"@id\":\"https:\/\/fadeu.urantiacos.cl\/en\/2022\/09\/11\/sebastian-irarrazaval-dicto-conferencia-en-italia\/\",\"url\":\"https:\/\/fadeu.urantiacos.cl\/en\/2022\/09\/11\/sebastian-irarrazaval-dicto-conferencia-en-italia\/\",\"name\":\"Sebasti\u00e1n Irarr\u00e1zaval dict\u00f3 conferencia en Italia - Facultad de Arquitectura, Dise\u00f1o y Estudios Urbanos\",\"isPartOf\":{\"@id\":\"https:\/\/fadeu.urantiacos.cl\/en\/#website\"},\"primaryImageOfPage\":{\"@id\":\"https:\/\/fadeu.urantiacos.cl\/en\/2022\/09\/11\/sebastian-irarrazaval-dicto-conferencia-en-italia\/#primaryimage\"},\"image\":{\"@id\":\"https:\/\/fadeu.urantiacos.cl\/en\/2022\/09\/11\/sebastian-irarrazaval-dicto-conferencia-en-italia\/#primaryimage\"},\"thumbnailUrl\":\"https:\/\/fadeu.urantiacos.cl\/wp-content\/uploads\/2023\/09\/web_Captura_de_Pantalla_2022-09-11_a_las_22.10.47.png\",\"datePublished\":\"2022-09-11T23:11:00+00:00\",\"dateModified\":\"2023-09-03T23:13:34+00:00\",\"author\":{\"@id\":\"https:\/\/fadeu.urantiacos.cl\/en\/#\/schema\/person\/d203e2e84b1c40275eac77b3061a19a2\"},\"description\":\"El profesor ARQ UC dict\u00f3 una charla titulada \u201cBeyond the classroom and the classroom beyond\u201d como parte del Summer School ILS Innovative Learning Spaces en el Parque Cient\u00edfico y Tecnol\u00f3gico de Cerde\u00f1a, Italia.\",\"breadcrumb\":{\"@id\":\"https:\/\/fadeu.urantiacos.cl\/en\/2022\/09\/11\/sebastian-irarrazaval-dicto-conferencia-en-italia\/#breadcrumb\"},\"inLanguage\":\"en-US\",\"potentialAction\":[{\"@type\":\"ReadAction\",\"target\":[\"https:\/\/fadeu.urantiacos.cl\/en\/2022\/09\/11\/sebastian-irarrazaval-dicto-conferencia-en-italia\/\"]}]},{\"@type\":\"ImageObject\",\"inLanguage\":\"en-US\",\"@id\":\"https:\/\/fadeu.urantiacos.cl\/en\/2022\/09\/11\/sebastian-irarrazaval-dicto-conferencia-en-italia\/#primaryimage\",\"url\":\"https:\/\/fadeu.urantiacos.cl\/wp-content\/uploads\/2023\/09\/web_Captura_de_Pantalla_2022-09-11_a_las_22.10.47.png\",\"contentUrl\":\"https:\/\/fadeu.urantiacos.cl\/wp-content\/uploads\/2023\/09\/web_Captura_de_Pantalla_2022-09-11_a_las_22.10.47.png\",\"width\":350,\"height\":250},{\"@type\":\"BreadcrumbList\",\"@id\":\"https:\/\/fadeu.urantiacos.cl\/en\/2022\/09\/11\/sebastian-irarrazaval-dicto-conferencia-en-italia\/#breadcrumb\",\"itemListElement\":[{\"@type\":\"ListItem\",\"position\":1,\"name\":\"Portada\",\"item\":\"https:\/\/fadeu.urantiacos.cl\/en\/\"},{\"@type\":\"ListItem\",\"position\":2,\"name\":\"Sebasti\u00e1n Irarr\u00e1zaval dict\u00f3 conferencia en Italia\"}]},{\"@type\":\"WebSite\",\"@id\":\"https:\/\/fadeu.urantiacos.cl\/en\/#website\",\"url\":\"https:\/\/fadeu.urantiacos.cl\/en\/\",\"name\":\"Facultad de Arquitectura, Dise\u00f1o y Estudios Urbanos\",\"description\":\"Campus Lo Contador\",\"potentialAction\":[{\"@type\":\"SearchAction\",\"target\":{\"@type\":\"EntryPoint\",\"urlTemplate\":\"https:\/\/fadeu.urantiacos.cl\/en\/?s={search_term_string}\"},\"query-input\":{\"@type\":\"PropertyValueSpecification\",\"valueRequired\":true,\"valueName\":\"search_term_string\"}}],\"inLanguage\":\"en-US\"},{\"@type\":\"Person\",\"@id\":\"https:\/\/fadeu.urantiacos.cl\/en\/#\/schema\/person\/d203e2e84b1c40275eac77b3061a19a2\",\"name\":\"manadmin\",\"image\":{\"@type\":\"ImageObject\",\"inLanguage\":\"en-US\",\"@id\":\"https:\/\/fadeu.urantiacos.cl\/en\/#\/schema\/person\/image\/\",\"url\":\"https:\/\/secure.gravatar.com\/avatar\/4b1d8e3303b4a9d8968ac578947d8bc80d9aea359f388cdd4aac15cadc0e8447?s=96&d=mm&r=g\",\"contentUrl\":\"https:\/\/secure.gravatar.com\/avatar\/4b1d8e3303b4a9d8968ac578947d8bc80d9aea359f388cdd4aac15cadc0e8447?s=96&d=mm&r=g\",\"caption\":\"manadmin\"},\"sameAs\":[\"https:\/\/fadeu.urantiacos.cl\"]}]}<\/script>\n<!-- \/ Yoast SEO plugin. -->","yoast_head_json":{"title":"Sebasti\u00e1n Irarr\u00e1zaval dict\u00f3 conferencia en Italia - Facultad de Arquitectura, Dise\u00f1o y Estudios Urbanos","description":"El profesor ARQ UC dict\u00f3 una charla titulada \u201cBeyond the classroom and the classroom beyond\u201d como parte del Summer School ILS Innovative Learning Spaces en el Parque Cient\u00edfico y Tecnol\u00f3gico de Cerde\u00f1a, Italia.","robots":{"index":"index","follow":"follow","max-snippet":"max-snippet:-1","max-image-preview":"max-image-preview:large","max-video-preview":"max-video-preview:-1"},"canonical":"https:\/\/fadeu.urantiacos.cl\/en\/2022\/09\/11\/sebastian-irarrazaval-dicto-conferencia-en-italia\/","og_locale":"en_US","og_type":"article","og_title":"Sebasti\u00e1n Irarr\u00e1zaval dict\u00f3 conferencia en Italia - Facultad de Arquitectura, Dise\u00f1o y Estudios Urbanos","og_description":"El profesor ARQ UC dict\u00f3 una charla titulada \u201cBeyond the classroom and the classroom beyond\u201d como parte del Summer School ILS Innovative Learning Spaces en el Parque Cient\u00edfico y Tecnol\u00f3gico de Cerde\u00f1a, Italia.","og_url":"https:\/\/fadeu.urantiacos.cl\/en\/2022\/09\/11\/sebastian-irarrazaval-dicto-conferencia-en-italia\/","og_site_name":"Facultad de Arquitectura, Dise\u00f1o y Estudios Urbanos","article_published_time":"2022-09-11T23:11:00+00:00","article_modified_time":"2023-09-03T23:13:34+00:00","og_image":[{"width":350,"height":250,"url":"https:\/\/fadeu.urantiacos.cl\/wp-content\/uploads\/2023\/09\/web_Captura_de_Pantalla_2022-09-11_a_las_22.10.47.png","type":"image\/png"}],"author":"manadmin","twitter_card":"summary_large_image","twitter_misc":{"Written by":"manadmin","Est. reading time":"2 minutes"},"schema":{"@context":"https:\/\/schema.org","@graph":[{"@type":"Article","@id":"https:\/\/fadeu.urantiacos.cl\/en\/2022\/09\/11\/sebastian-irarrazaval-dicto-conferencia-en-italia\/#article","isPartOf":{"@id":"https:\/\/fadeu.urantiacos.cl\/en\/2022\/09\/11\/sebastian-irarrazaval-dicto-conferencia-en-italia\/"},"author":{"name":"manadmin","@id":"https:\/\/fadeu.urantiacos.cl\/en\/#\/schema\/person\/d203e2e84b1c40275eac77b3061a19a2"},"headline":"Sebasti\u00e1n Irarr\u00e1zaval dict\u00f3 conferencia en Italia","datePublished":"2022-09-11T23:11:00+00:00","dateModified":"2023-09-03T23:13:34+00:00","mainEntityOfPage":{"@id":"https:\/\/fadeu.urantiacos.cl\/en\/2022\/09\/11\/sebastian-irarrazaval-dicto-conferencia-en-italia\/"},"wordCount":336,"commentCount":0,"image":{"@id":"https:\/\/fadeu.urantiacos.cl\/en\/2022\/09\/11\/sebastian-irarrazaval-dicto-conferencia-en-italia\/#primaryimage"},"thumbnailUrl":"https:\/\/fadeu.urantiacos.cl\/wp-content\/uploads\/2023\/09\/web_Captura_de_Pantalla_2022-09-11_a_las_22.10.47.png","articleSection":["Sin categorizar"],"inLanguage":"en-US","potentialAction":[{"@type":"CommentAction","name":"Comment","target":["https:\/\/fadeu.urantiacos.cl\/en\/2022\/09\/11\/sebastian-irarrazaval-dicto-conferencia-en-italia\/#respond"]}]},{"@type":"WebPage","@id":"https:\/\/fadeu.urantiacos.cl\/en\/2022\/09\/11\/sebastian-irarrazaval-dicto-conferencia-en-italia\/","url":"https:\/\/fadeu.urantiacos.cl\/en\/2022\/09\/11\/sebastian-irarrazaval-dicto-conferencia-en-italia\/","name":"Sebasti\u00e1n Irarr\u00e1zaval dict\u00f3 conferencia en Italia - Facultad de Arquitectura, Dise\u00f1o y Estudios Urbanos","isPartOf":{"@id":"https:\/\/fadeu.urantiacos.cl\/en\/#website"},"primaryImageOfPage":{"@id":"https:\/\/fadeu.urantiacos.cl\/en\/2022\/09\/11\/sebastian-irarrazaval-dicto-conferencia-en-italia\/#primaryimage"},"image":{"@id":"https:\/\/fadeu.urantiacos.cl\/en\/2022\/09\/11\/sebastian-irarrazaval-dicto-conferencia-en-italia\/#primaryimage"},"thumbnailUrl":"https:\/\/fadeu.urantiacos.cl\/wp-content\/uploads\/2023\/09\/web_Captura_de_Pantalla_2022-09-11_a_las_22.10.47.png","datePublished":"2022-09-11T23:11:00+00:00","dateModified":"2023-09-03T23:13:34+00:00","author":{"@id":"https:\/\/fadeu.urantiacos.cl\/en\/#\/schema\/person\/d203e2e84b1c40275eac77b3061a19a2"},"description":"El profesor ARQ UC dict\u00f3 una charla titulada \u201cBeyond the classroom and the classroom beyond\u201d como parte del Summer School ILS Innovative Learning Spaces en el Parque Cient\u00edfico y Tecnol\u00f3gico de Cerde\u00f1a, Italia.","breadcrumb":{"@id":"https:\/\/fadeu.urantiacos.cl\/en\/2022\/09\/11\/sebastian-irarrazaval-dicto-conferencia-en-italia\/#breadcrumb"},"inLanguage":"en-US","potentialAction":[{"@type":"ReadAction","target":["https:\/\/fadeu.urantiacos.cl\/en\/2022\/09\/11\/sebastian-irarrazaval-dicto-conferencia-en-italia\/"]}]},{"@type":"ImageObject","inLanguage":"en-US","@id":"https:\/\/fadeu.urantiacos.cl\/en\/2022\/09\/11\/sebastian-irarrazaval-dicto-conferencia-en-italia\/#primaryimage","url":"https:\/\/fadeu.urantiacos.cl\/wp-content\/uploads\/2023\/09\/web_Captura_de_Pantalla_2022-09-11_a_las_22.10.47.png","contentUrl":"https:\/\/fadeu.urantiacos.cl\/wp-content\/uploads\/2023\/09\/web_Captura_de_Pantalla_2022-09-11_a_las_22.10.47.png","width":350,"height":250},{"@type":"BreadcrumbList","@id":"https:\/\/fadeu.urantiacos.cl\/en\/2022\/09\/11\/sebastian-irarrazaval-dicto-conferencia-en-italia\/#breadcrumb","itemListElement":[{"@type":"ListItem","position":1,"name":"Portada","item":"https:\/\/fadeu.urantiacos.cl\/en\/"},{"@type":"ListItem","position":2,"name":"Sebasti\u00e1n Irarr\u00e1zaval dict\u00f3 conferencia en Italia"}]},{"@type":"WebSite","@id":"https:\/\/fadeu.urantiacos.cl\/en\/#website","url":"https:\/\/fadeu.urantiacos.cl\/en\/","name":"Facultad de Arquitectura, Dise\u00f1o y Estudios Urbanos","description":"Campus Lo Contador","potentialAction":[{"@type":"SearchAction","target":{"@type":"EntryPoint","urlTemplate":"https:\/\/fadeu.urantiacos.cl\/en\/?s={search_term_string}"},"query-input":{"@type":"PropertyValueSpecification","valueRequired":true,"valueName":"search_term_string"}}],"inLanguage":"en-US"},{"@type":"Person","@id":"https:\/\/fadeu.urantiacos.cl\/en\/#\/schema\/person\/d203e2e84b1c40275eac77b3061a19a2","name":"manadmin","image":{"@type":"ImageObject","inLanguage":"en-US","@id":"https:\/\/fadeu.urantiacos.cl\/en\/#\/schema\/person\/image\/","url":"https:\/\/secure.gravatar.com\/avatar\/4b1d8e3303b4a9d8968ac578947d8bc80d9aea359f388cdd4aac15cadc0e8447?s=96&d=mm&r=g","contentUrl":"https:\/\/secure.gravatar.com\/avatar\/4b1d8e3303b4a9d8968ac578947d8bc80d9aea359f388cdd4aac15cadc0e8447?s=96&d=mm&r=g","caption":"manadmin"},"sameAs":["https:\/\/fadeu.urantiacos.cl"]}]}},"_links":{"self":[{"href":"https:\/\/fadeu.urantiacos.cl\/en\/wp-json\/wp\/v2\/posts\/4170","targetHints":{"allow":["GET"]}}],"collection":[{"href":"https:\/\/fadeu.urantiacos.cl\/en\/wp-json\/wp\/v2\/posts"}],"about":[{"href":"https:\/\/fadeu.urantiacos.cl\/en\/wp-json\/wp\/v2\/types\/post"}],"author":[{"embeddable":true,"href":"https:\/\/fadeu.urantiacos.cl\/en\/wp-json\/wp\/v2\/users\/1"}],"replies":[{"embeddable":true,"href":"https:\/\/fadeu.urantiacos.cl\/en\/wp-json\/wp\/v2\/comments?post=4170"}],"version-history":[{"count":1,"href":"https:\/\/fadeu.urantiacos.cl\/en\/wp-json\/wp\/v2\/posts\/4170\/revisions"}],"predecessor-version":[{"id":4172,"href":"https:\/\/fadeu.urantiacos.cl\/en\/wp-json\/wp\/v2\/posts\/4170\/revisions\/4172"}],"wp:featuredmedia":[{"embeddable":true,"href":"https:\/\/fadeu.urantiacos.cl\/en\/wp-json\/wp\/v2\/media\/4171"}],"wp:attachment":[{"href":"https:\/\/fadeu.urantiacos.cl\/en\/wp-json\/wp\/v2\/media?parent=4170"}],"wp:term":[{"taxonomy":"category","embeddable":true,"href":"https:\/\/fadeu.urantiacos.cl\/en\/wp-json\/wp\/v2\/categories?post=4170"},{"taxonomy":"post_tag","embeddable":true,"href":"https:\/\/fadeu.urantiacos.cl\/en\/wp-json\/wp\/v2\/tags?post=4170"}],"curies":[{"name":"wp","href":"https:\/\/api.w.org\/{rel}","templated":true}]}}