{"id":4162,"date":"2022-09-11T20:06:00","date_gmt":"2022-09-11T23:06:00","guid":{"rendered":"https:\/\/fadeu.urantiacos.cl\/?p=4162"},"modified":"2023-09-03T20:08:07","modified_gmt":"2023-09-03T23:08:07","slug":"ciudades-de-octubre-expondra-su-trabajo-en-buenos-aires","status":"publish","type":"post","link":"https:\/\/fadeu.urantiacos.cl\/en\/2022\/09\/11\/ciudades-de-octubre-expondra-su-trabajo-en-buenos-aires\/","title":{"rendered":"Ciudades de Octubre expondr\u00e1 su trabajo en Buenos Aires"},"content":{"rendered":"\n<figure class=\"wp-block-image size-full\"><img decoding=\"async\" width=\"350\" height=\"250\" src=\"https:\/\/fadeu.urantiacos.cl\/wp-content\/uploads\/2023\/09\/web_ciudades_oct_grupos_800.png\" alt=\"\" class=\"wp-image-4163\" srcset=\"https:\/\/fadeu.urantiacos.cl\/wp-content\/uploads\/2023\/09\/web_ciudades_oct_grupos_800.png 350w, https:\/\/fadeu.urantiacos.cl\/wp-content\/uploads\/2023\/09\/web_ciudades_oct_grupos_800-300x214.png 300w\" sizes=\"(max-width: 350px) 100vw, 350px\" \/><\/figure>\n\n\n\n<p>Tras adjudicarse el Fondo Semilla ARQ UC 2020 con el proyecto \u201cPlataforma de investigaci\u00f3n cr\u00edtica y difusi\u00f3n ampliada sobre la ciudad, el territorio y sus historias\u201d (<a href=\"https:\/\/arquitectura.uc.cl\/proyectos\/noticias\/5599-resultados-fondo-semilla-arq-uc-2020.html\" target=\"_blank\" rel=\"noreferrer noopener\">ver nota<\/a>) el grupo Ciudades de Octubre se adjudic\u00f3 tres fondos del Fondart Nacional, en las l\u00edneas de Investigaci\u00f3n, Difusi\u00f3n y Econom\u00edas Creativas.<\/p>\n\n\n\n<p>El grupo \u2014conformado por arquitectos y acad\u00e9micos, y alojado en la Escuela de Arquitectura UC\u2014 est\u00e1 trabajando activamente en las tres l\u00edneas antes mencionadas desarrollando c\u00e1psulas multimediales (m\u00e1s&nbsp;<a href=\"https:\/\/arquitectura.uc.cl\/investigacion\/investigaciones-vigentes.html?view=investigaciones&amp;invId=145\" target=\"_blank\" rel=\"noreferrer noopener\">aqu\u00ed<\/a>) en paralelo a una investigaci\u00f3n titulada \u201cLa ciudad de las f\u00e1bricas\u201d (m\u00e1s&nbsp;<a href=\"https:\/\/arquitectura.uc.cl\/investigacion\/grupos.html?view=investigaciones&amp;invId=135\" target=\"_blank\" rel=\"noreferrer noopener\">aqu\u00ed<\/a>), un estudio que vincula la vivienda y la industria a trav\u00e9s del caso de la Industria Indus Lever (actual Unilever) y la poblaci\u00f3n Nueva Matucana, ambas ubicadas en Quinta Normal, Santiago. De igual manera, junto con participar en diferentes eventos, talleres y cursos, est\u00e1n dise\u00f1ando una plataforma web de difusi\u00f3n cr\u00edtica en torno a las historias de la ciudad y el territorio (m\u00e1s&nbsp;<a href=\"https:\/\/arquitectura.uc.cl\/investigacion\/investigaciones-vigentes.html?view=investigaciones&amp;invId=155\" target=\"_blank\" rel=\"noreferrer noopener\">aqu\u00ed<\/a>).<\/p>\n\n\n\n<p>Para su pr\u00f3xima colaboraci\u00f3n, han sido invitados por la iniciativa La Violencia \u2014plataforma de investigaci\u00f3n y discusi\u00f3n sobre pol\u00edticas urbanas y territoriales\u2014 a exponer en exESMA Espacio de Memoria y Derechos Humanos, Buenos Aires, Argentina. Ciudades de Octubre participar\u00e1 con la muestra \u201cLa ciudad de los muros\u201d junto a otros colectivos y proyectos chilenos como Cartograf\u00edas de la Memoria, C\u00f3mo se recuerda un crimen, Stadium (curado tambi\u00e9n por la profesora ARQ UC Alejandra Celed\u00f3n,&nbsp;<a href=\"https:\/\/arquitectura.uc.cl\/proyectos\/noticias\/3701-exhibicion-stadium-un-edificio-que-visualiza-la-imagen-de-una-ciudad-en-el-museo-de-arte-contemporaneo.html\" target=\"_blank\" rel=\"noreferrer noopener\">ver nota<\/a>), Tecnolog\u00edas Pol\u00edticas de la Memoria, entre otros.<\/p>\n\n\n\n<p>El trabajo del grupo es el resultado de diferentes investigaciones, proyectos y talleres desarrollados en la Escuela de Arquitectura UC desde 2016, los que le permitieron consolidarse como colectivo en 2019. La iniciativa est\u00e1 compuesta por Francisco Cardemil, Alejandra Celed\u00f3n, Consuelo Contreras, Nicol\u00e1s Navarrete, Felipe Pizarro y Francisca Quezada.<\/p>\n\n\n\n<p>M\u00e1s sobre Ciudades de Octubre en el siguiente&nbsp;<a href=\"https:\/\/arquitectura.uc.cl\/investigacion\/grupos.html?view=grupos&amp;groupId=17\" target=\"_blank\" rel=\"noreferrer noopener\">link<\/a><br>Ver art\u00edculo del grupo en&nbsp;ARQ&nbsp;#104 en el siguiente&nbsp;<a href=\"https:\/\/www.scielo.cl\/pdf\/arq\/n104\/0717-6996-arq-104-118.pdf\" target=\"_blank\" rel=\"noreferrer noopener\">link<\/a><a href=\"https:\/\/www.scielo.cl\/pdf\/arq\/n104\/0717-6996-arq-104-118.pdf\"><\/a><\/p>\n\n\n\n<p>Noticias<br>Contacto:&nbsp;<a href=\"mailto:redesarq@uc.cl\">redesarq@uc.cl<\/a>&nbsp;| +56 2 2354 7747<br>www.arquitectura.uc.cl<\/p>\n","protected":false},"excerpt":{"rendered":"<p>El proyecto \u2014cofundado por la profesora ARQ UC Alejandra Celed\u00f3n, jefa del Mag\u00edster en Arquitectura UC (MARQ)\u2014 ser\u00e1 parte de una muestra en el exESMA Espacio de Memoria y Derechos Humanos de Buenos Aires, Argentina, en octubre de 2022.<\/p>\n","protected":false},"author":1,"featured_media":4163,"comment_status":"open","ping_status":"open","sticky":false,"template":"","format":"standard","meta":{"_acf_changed":false,"footnotes":""},"categories":[1],"tags":[],"class_list":["post-4162","post","type-post","status-publish","format-standard","has-post-thumbnail","hentry","category-sin-categorizar"],"acf":[],"yoast_head":"<!-- This site is optimized with the Yoast SEO plugin v27.1.1 - https:\/\/yoast.com\/product\/yoast-seo-wordpress\/ -->\n<title>Ciudades de Octubre expondr\u00e1 su trabajo en Buenos Aires - Facultad de Arquitectura, Dise\u00f1o y Estudios Urbanos<\/title>\n<meta name=\"description\" content=\"El proyecto \u2014cofundado por la profesora ARQ UC Alejandra Celed\u00f3n, jefa del Mag\u00edster en Arquitectura UC (MARQ)\u2014 ser\u00e1 parte de una muestra en el exESMA Espacio de Memoria y Derechos Humanos de Buenos Aires, Argentina, en octubre de 2022.\" \/>\n<meta name=\"robots\" content=\"index, follow, max-snippet:-1, max-image-preview:large, max-video-preview:-1\" \/>\n<link rel=\"canonical\" href=\"https:\/\/fadeu.urantiacos.cl\/en\/2022\/09\/11\/ciudades-de-octubre-expondra-su-trabajo-en-buenos-aires\/\" \/>\n<meta property=\"og:locale\" content=\"en_US\" \/>\n<meta property=\"og:type\" content=\"article\" \/>\n<meta property=\"og:title\" content=\"Ciudades de Octubre expondr\u00e1 su trabajo en Buenos Aires - Facultad de Arquitectura, Dise\u00f1o y Estudios Urbanos\" \/>\n<meta property=\"og:description\" content=\"El proyecto \u2014cofundado por la profesora ARQ UC Alejandra Celed\u00f3n, jefa del Mag\u00edster en Arquitectura UC (MARQ)\u2014 ser\u00e1 parte de una muestra en el exESMA Espacio de Memoria y Derechos Humanos de Buenos Aires, Argentina, en octubre de 2022.\" \/>\n<meta property=\"og:url\" content=\"https:\/\/fadeu.urantiacos.cl\/en\/2022\/09\/11\/ciudades-de-octubre-expondra-su-trabajo-en-buenos-aires\/\" \/>\n<meta property=\"og:site_name\" content=\"Facultad de Arquitectura, Dise\u00f1o y Estudios Urbanos\" \/>\n<meta property=\"article:published_time\" content=\"2022-09-11T23:06:00+00:00\" \/>\n<meta property=\"article:modified_time\" content=\"2023-09-03T23:08:07+00:00\" \/>\n<meta property=\"og:image\" content=\"https:\/\/fadeu.urantiacos.cl\/wp-content\/uploads\/2023\/09\/web_ciudades_oct_grupos_800.png\" \/>\n\t<meta property=\"og:image:width\" content=\"350\" \/>\n\t<meta property=\"og:image:height\" content=\"250\" \/>\n\t<meta property=\"og:image:type\" content=\"image\/png\" \/>\n<meta name=\"author\" content=\"manadmin\" \/>\n<meta name=\"twitter:card\" content=\"summary_large_image\" \/>\n<meta name=\"twitter:label1\" content=\"Written by\" \/>\n\t<meta name=\"twitter:data1\" content=\"manadmin\" \/>\n\t<meta name=\"twitter:label2\" content=\"Est. reading time\" \/>\n\t<meta name=\"twitter:data2\" content=\"2 minutes\" \/>\n<script type=\"application\/ld+json\" class=\"yoast-schema-graph\">{\"@context\":\"https:\/\/schema.org\",\"@graph\":[{\"@type\":\"Article\",\"@id\":\"https:\/\/fadeu.urantiacos.cl\/en\/2022\/09\/11\/ciudades-de-octubre-expondra-su-trabajo-en-buenos-aires\/#article\",\"isPartOf\":{\"@id\":\"https:\/\/fadeu.urantiacos.cl\/en\/2022\/09\/11\/ciudades-de-octubre-expondra-su-trabajo-en-buenos-aires\/\"},\"author\":{\"name\":\"manadmin\",\"@id\":\"https:\/\/fadeu.urantiacos.cl\/en\/#\/schema\/person\/d203e2e84b1c40275eac77b3061a19a2\"},\"headline\":\"Ciudades de Octubre expondr\u00e1 su trabajo en Buenos Aires\",\"datePublished\":\"2022-09-11T23:06:00+00:00\",\"dateModified\":\"2023-09-03T23:08:07+00:00\",\"mainEntityOfPage\":{\"@id\":\"https:\/\/fadeu.urantiacos.cl\/en\/2022\/09\/11\/ciudades-de-octubre-expondra-su-trabajo-en-buenos-aires\/\"},\"wordCount\":366,\"commentCount\":0,\"image\":{\"@id\":\"https:\/\/fadeu.urantiacos.cl\/en\/2022\/09\/11\/ciudades-de-octubre-expondra-su-trabajo-en-buenos-aires\/#primaryimage\"},\"thumbnailUrl\":\"https:\/\/fadeu.urantiacos.cl\/wp-content\/uploads\/2023\/09\/web_ciudades_oct_grupos_800.png\",\"articleSection\":[\"Sin categorizar\"],\"inLanguage\":\"en-US\",\"potentialAction\":[{\"@type\":\"CommentAction\",\"name\":\"Comment\",\"target\":[\"https:\/\/fadeu.urantiacos.cl\/en\/2022\/09\/11\/ciudades-de-octubre-expondra-su-trabajo-en-buenos-aires\/#respond\"]}]},{\"@type\":\"WebPage\",\"@id\":\"https:\/\/fadeu.urantiacos.cl\/en\/2022\/09\/11\/ciudades-de-octubre-expondra-su-trabajo-en-buenos-aires\/\",\"url\":\"https:\/\/fadeu.urantiacos.cl\/en\/2022\/09\/11\/ciudades-de-octubre-expondra-su-trabajo-en-buenos-aires\/\",\"name\":\"Ciudades de Octubre expondr\u00e1 su trabajo en Buenos Aires - Facultad de Arquitectura, Dise\u00f1o y Estudios Urbanos\",\"isPartOf\":{\"@id\":\"https:\/\/fadeu.urantiacos.cl\/en\/#website\"},\"primaryImageOfPage\":{\"@id\":\"https:\/\/fadeu.urantiacos.cl\/en\/2022\/09\/11\/ciudades-de-octubre-expondra-su-trabajo-en-buenos-aires\/#primaryimage\"},\"image\":{\"@id\":\"https:\/\/fadeu.urantiacos.cl\/en\/2022\/09\/11\/ciudades-de-octubre-expondra-su-trabajo-en-buenos-aires\/#primaryimage\"},\"thumbnailUrl\":\"https:\/\/fadeu.urantiacos.cl\/wp-content\/uploads\/2023\/09\/web_ciudades_oct_grupos_800.png\",\"datePublished\":\"2022-09-11T23:06:00+00:00\",\"dateModified\":\"2023-09-03T23:08:07+00:00\",\"author\":{\"@id\":\"https:\/\/fadeu.urantiacos.cl\/en\/#\/schema\/person\/d203e2e84b1c40275eac77b3061a19a2\"},\"description\":\"El proyecto \u2014cofundado por la profesora ARQ UC Alejandra Celed\u00f3n, jefa del Mag\u00edster en Arquitectura UC (MARQ)\u2014 ser\u00e1 parte de una muestra en el exESMA Espacio de Memoria y Derechos Humanos de Buenos Aires, Argentina, en octubre de 2022.\",\"breadcrumb\":{\"@id\":\"https:\/\/fadeu.urantiacos.cl\/en\/2022\/09\/11\/ciudades-de-octubre-expondra-su-trabajo-en-buenos-aires\/#breadcrumb\"},\"inLanguage\":\"en-US\",\"potentialAction\":[{\"@type\":\"ReadAction\",\"target\":[\"https:\/\/fadeu.urantiacos.cl\/en\/2022\/09\/11\/ciudades-de-octubre-expondra-su-trabajo-en-buenos-aires\/\"]}]},{\"@type\":\"ImageObject\",\"inLanguage\":\"en-US\",\"@id\":\"https:\/\/fadeu.urantiacos.cl\/en\/2022\/09\/11\/ciudades-de-octubre-expondra-su-trabajo-en-buenos-aires\/#primaryimage\",\"url\":\"https:\/\/fadeu.urantiacos.cl\/wp-content\/uploads\/2023\/09\/web_ciudades_oct_grupos_800.png\",\"contentUrl\":\"https:\/\/fadeu.urantiacos.cl\/wp-content\/uploads\/2023\/09\/web_ciudades_oct_grupos_800.png\",\"width\":350,\"height\":250},{\"@type\":\"BreadcrumbList\",\"@id\":\"https:\/\/fadeu.urantiacos.cl\/en\/2022\/09\/11\/ciudades-de-octubre-expondra-su-trabajo-en-buenos-aires\/#breadcrumb\",\"itemListElement\":[{\"@type\":\"ListItem\",\"position\":1,\"name\":\"Portada\",\"item\":\"https:\/\/fadeu.urantiacos.cl\/en\/\"},{\"@type\":\"ListItem\",\"position\":2,\"name\":\"Ciudades de Octubre expondr\u00e1 su trabajo en Buenos Aires\"}]},{\"@type\":\"WebSite\",\"@id\":\"https:\/\/fadeu.urantiacos.cl\/en\/#website\",\"url\":\"https:\/\/fadeu.urantiacos.cl\/en\/\",\"name\":\"Facultad de Arquitectura, Dise\u00f1o y Estudios Urbanos\",\"description\":\"Campus Lo Contador\",\"potentialAction\":[{\"@type\":\"SearchAction\",\"target\":{\"@type\":\"EntryPoint\",\"urlTemplate\":\"https:\/\/fadeu.urantiacos.cl\/en\/?s={search_term_string}\"},\"query-input\":{\"@type\":\"PropertyValueSpecification\",\"valueRequired\":true,\"valueName\":\"search_term_string\"}}],\"inLanguage\":\"en-US\"},{\"@type\":\"Person\",\"@id\":\"https:\/\/fadeu.urantiacos.cl\/en\/#\/schema\/person\/d203e2e84b1c40275eac77b3061a19a2\",\"name\":\"manadmin\",\"image\":{\"@type\":\"ImageObject\",\"inLanguage\":\"en-US\",\"@id\":\"https:\/\/fadeu.urantiacos.cl\/en\/#\/schema\/person\/image\/\",\"url\":\"https:\/\/secure.gravatar.com\/avatar\/4b1d8e3303b4a9d8968ac578947d8bc80d9aea359f388cdd4aac15cadc0e8447?s=96&d=mm&r=g\",\"contentUrl\":\"https:\/\/secure.gravatar.com\/avatar\/4b1d8e3303b4a9d8968ac578947d8bc80d9aea359f388cdd4aac15cadc0e8447?s=96&d=mm&r=g\",\"caption\":\"manadmin\"},\"sameAs\":[\"https:\/\/fadeu.urantiacos.cl\"]}]}<\/script>\n<!-- \/ Yoast SEO plugin. -->","yoast_head_json":{"title":"Ciudades de Octubre expondr\u00e1 su trabajo en Buenos Aires - Facultad de Arquitectura, Dise\u00f1o y Estudios Urbanos","description":"El proyecto \u2014cofundado por la profesora ARQ UC Alejandra Celed\u00f3n, jefa del Mag\u00edster en Arquitectura UC (MARQ)\u2014 ser\u00e1 parte de una muestra en el exESMA Espacio de Memoria y Derechos Humanos de Buenos Aires, Argentina, en octubre de 2022.","robots":{"index":"index","follow":"follow","max-snippet":"max-snippet:-1","max-image-preview":"max-image-preview:large","max-video-preview":"max-video-preview:-1"},"canonical":"https:\/\/fadeu.urantiacos.cl\/en\/2022\/09\/11\/ciudades-de-octubre-expondra-su-trabajo-en-buenos-aires\/","og_locale":"en_US","og_type":"article","og_title":"Ciudades de Octubre expondr\u00e1 su trabajo en Buenos Aires - Facultad de Arquitectura, Dise\u00f1o y Estudios Urbanos","og_description":"El proyecto \u2014cofundado por la profesora ARQ UC Alejandra Celed\u00f3n, jefa del Mag\u00edster en Arquitectura UC (MARQ)\u2014 ser\u00e1 parte de una muestra en el exESMA Espacio de Memoria y Derechos Humanos de Buenos Aires, Argentina, en octubre de 2022.","og_url":"https:\/\/fadeu.urantiacos.cl\/en\/2022\/09\/11\/ciudades-de-octubre-expondra-su-trabajo-en-buenos-aires\/","og_site_name":"Facultad de Arquitectura, Dise\u00f1o y Estudios Urbanos","article_published_time":"2022-09-11T23:06:00+00:00","article_modified_time":"2023-09-03T23:08:07+00:00","og_image":[{"width":350,"height":250,"url":"https:\/\/fadeu.urantiacos.cl\/wp-content\/uploads\/2023\/09\/web_ciudades_oct_grupos_800.png","type":"image\/png"}],"author":"manadmin","twitter_card":"summary_large_image","twitter_misc":{"Written by":"manadmin","Est. reading time":"2 minutes"},"schema":{"@context":"https:\/\/schema.org","@graph":[{"@type":"Article","@id":"https:\/\/fadeu.urantiacos.cl\/en\/2022\/09\/11\/ciudades-de-octubre-expondra-su-trabajo-en-buenos-aires\/#article","isPartOf":{"@id":"https:\/\/fadeu.urantiacos.cl\/en\/2022\/09\/11\/ciudades-de-octubre-expondra-su-trabajo-en-buenos-aires\/"},"author":{"name":"manadmin","@id":"https:\/\/fadeu.urantiacos.cl\/en\/#\/schema\/person\/d203e2e84b1c40275eac77b3061a19a2"},"headline":"Ciudades de Octubre expondr\u00e1 su trabajo en Buenos Aires","datePublished":"2022-09-11T23:06:00+00:00","dateModified":"2023-09-03T23:08:07+00:00","mainEntityOfPage":{"@id":"https:\/\/fadeu.urantiacos.cl\/en\/2022\/09\/11\/ciudades-de-octubre-expondra-su-trabajo-en-buenos-aires\/"},"wordCount":366,"commentCount":0,"image":{"@id":"https:\/\/fadeu.urantiacos.cl\/en\/2022\/09\/11\/ciudades-de-octubre-expondra-su-trabajo-en-buenos-aires\/#primaryimage"},"thumbnailUrl":"https:\/\/fadeu.urantiacos.cl\/wp-content\/uploads\/2023\/09\/web_ciudades_oct_grupos_800.png","articleSection":["Sin categorizar"],"inLanguage":"en-US","potentialAction":[{"@type":"CommentAction","name":"Comment","target":["https:\/\/fadeu.urantiacos.cl\/en\/2022\/09\/11\/ciudades-de-octubre-expondra-su-trabajo-en-buenos-aires\/#respond"]}]},{"@type":"WebPage","@id":"https:\/\/fadeu.urantiacos.cl\/en\/2022\/09\/11\/ciudades-de-octubre-expondra-su-trabajo-en-buenos-aires\/","url":"https:\/\/fadeu.urantiacos.cl\/en\/2022\/09\/11\/ciudades-de-octubre-expondra-su-trabajo-en-buenos-aires\/","name":"Ciudades de Octubre expondr\u00e1 su trabajo en Buenos Aires - Facultad de Arquitectura, Dise\u00f1o y Estudios Urbanos","isPartOf":{"@id":"https:\/\/fadeu.urantiacos.cl\/en\/#website"},"primaryImageOfPage":{"@id":"https:\/\/fadeu.urantiacos.cl\/en\/2022\/09\/11\/ciudades-de-octubre-expondra-su-trabajo-en-buenos-aires\/#primaryimage"},"image":{"@id":"https:\/\/fadeu.urantiacos.cl\/en\/2022\/09\/11\/ciudades-de-octubre-expondra-su-trabajo-en-buenos-aires\/#primaryimage"},"thumbnailUrl":"https:\/\/fadeu.urantiacos.cl\/wp-content\/uploads\/2023\/09\/web_ciudades_oct_grupos_800.png","datePublished":"2022-09-11T23:06:00+00:00","dateModified":"2023-09-03T23:08:07+00:00","author":{"@id":"https:\/\/fadeu.urantiacos.cl\/en\/#\/schema\/person\/d203e2e84b1c40275eac77b3061a19a2"},"description":"El proyecto \u2014cofundado por la profesora ARQ UC Alejandra Celed\u00f3n, jefa del Mag\u00edster en Arquitectura UC (MARQ)\u2014 ser\u00e1 parte de una muestra en el exESMA Espacio de Memoria y Derechos Humanos de Buenos Aires, Argentina, en octubre de 2022.","breadcrumb":{"@id":"https:\/\/fadeu.urantiacos.cl\/en\/2022\/09\/11\/ciudades-de-octubre-expondra-su-trabajo-en-buenos-aires\/#breadcrumb"},"inLanguage":"en-US","potentialAction":[{"@type":"ReadAction","target":["https:\/\/fadeu.urantiacos.cl\/en\/2022\/09\/11\/ciudades-de-octubre-expondra-su-trabajo-en-buenos-aires\/"]}]},{"@type":"ImageObject","inLanguage":"en-US","@id":"https:\/\/fadeu.urantiacos.cl\/en\/2022\/09\/11\/ciudades-de-octubre-expondra-su-trabajo-en-buenos-aires\/#primaryimage","url":"https:\/\/fadeu.urantiacos.cl\/wp-content\/uploads\/2023\/09\/web_ciudades_oct_grupos_800.png","contentUrl":"https:\/\/fadeu.urantiacos.cl\/wp-content\/uploads\/2023\/09\/web_ciudades_oct_grupos_800.png","width":350,"height":250},{"@type":"BreadcrumbList","@id":"https:\/\/fadeu.urantiacos.cl\/en\/2022\/09\/11\/ciudades-de-octubre-expondra-su-trabajo-en-buenos-aires\/#breadcrumb","itemListElement":[{"@type":"ListItem","position":1,"name":"Portada","item":"https:\/\/fadeu.urantiacos.cl\/en\/"},{"@type":"ListItem","position":2,"name":"Ciudades de Octubre expondr\u00e1 su trabajo en Buenos Aires"}]},{"@type":"WebSite","@id":"https:\/\/fadeu.urantiacos.cl\/en\/#website","url":"https:\/\/fadeu.urantiacos.cl\/en\/","name":"Facultad de Arquitectura, Dise\u00f1o y Estudios Urbanos","description":"Campus Lo Contador","potentialAction":[{"@type":"SearchAction","target":{"@type":"EntryPoint","urlTemplate":"https:\/\/fadeu.urantiacos.cl\/en\/?s={search_term_string}"},"query-input":{"@type":"PropertyValueSpecification","valueRequired":true,"valueName":"search_term_string"}}],"inLanguage":"en-US"},{"@type":"Person","@id":"https:\/\/fadeu.urantiacos.cl\/en\/#\/schema\/person\/d203e2e84b1c40275eac77b3061a19a2","name":"manadmin","image":{"@type":"ImageObject","inLanguage":"en-US","@id":"https:\/\/fadeu.urantiacos.cl\/en\/#\/schema\/person\/image\/","url":"https:\/\/secure.gravatar.com\/avatar\/4b1d8e3303b4a9d8968ac578947d8bc80d9aea359f388cdd4aac15cadc0e8447?s=96&d=mm&r=g","contentUrl":"https:\/\/secure.gravatar.com\/avatar\/4b1d8e3303b4a9d8968ac578947d8bc80d9aea359f388cdd4aac15cadc0e8447?s=96&d=mm&r=g","caption":"manadmin"},"sameAs":["https:\/\/fadeu.urantiacos.cl"]}]}},"_links":{"self":[{"href":"https:\/\/fadeu.urantiacos.cl\/en\/wp-json\/wp\/v2\/posts\/4162","targetHints":{"allow":["GET"]}}],"collection":[{"href":"https:\/\/fadeu.urantiacos.cl\/en\/wp-json\/wp\/v2\/posts"}],"about":[{"href":"https:\/\/fadeu.urantiacos.cl\/en\/wp-json\/wp\/v2\/types\/post"}],"author":[{"embeddable":true,"href":"https:\/\/fadeu.urantiacos.cl\/en\/wp-json\/wp\/v2\/users\/1"}],"replies":[{"embeddable":true,"href":"https:\/\/fadeu.urantiacos.cl\/en\/wp-json\/wp\/v2\/comments?post=4162"}],"version-history":[{"count":1,"href":"https:\/\/fadeu.urantiacos.cl\/en\/wp-json\/wp\/v2\/posts\/4162\/revisions"}],"predecessor-version":[{"id":4164,"href":"https:\/\/fadeu.urantiacos.cl\/en\/wp-json\/wp\/v2\/posts\/4162\/revisions\/4164"}],"wp:featuredmedia":[{"embeddable":true,"href":"https:\/\/fadeu.urantiacos.cl\/en\/wp-json\/wp\/v2\/media\/4163"}],"wp:attachment":[{"href":"https:\/\/fadeu.urantiacos.cl\/en\/wp-json\/wp\/v2\/media?parent=4162"}],"wp:term":[{"taxonomy":"category","embeddable":true,"href":"https:\/\/fadeu.urantiacos.cl\/en\/wp-json\/wp\/v2\/categories?post=4162"},{"taxonomy":"post_tag","embeddable":true,"href":"https:\/\/fadeu.urantiacos.cl\/en\/wp-json\/wp\/v2\/tags?post=4162"}],"curies":[{"name":"wp","href":"https:\/\/api.w.org\/{rel}","templated":true}]}}