{"id":4154,"date":"2022-09-11T19:58:00","date_gmt":"2022-09-11T22:58:00","guid":{"rendered":"https:\/\/fadeu.urantiacos.cl\/?p=4154"},"modified":"2023-11-14T11:30:26","modified_gmt":"2023-11-14T14:30:26","slug":"denise-montt-obtiene-nota-maxima-con-su-proyecto-de-investigacion-en-el-ambito-de-la-diabetes","status":"publish","type":"post","link":"https:\/\/fadeu.urantiacos.cl\/en\/2022\/09\/11\/denise-montt-obtiene-nota-maxima-con-su-proyecto-de-investigacion-en-el-ambito-de-la-diabetes\/","title":{"rendered":"Denise Montt obtiene nota m\u00e1xima con su proyecto de investigaci\u00f3n en el \u00e1mbito de la diabetes"},"content":{"rendered":"\n<p>Su investigaci\u00f3n,&nbsp;Glycemic variability of patients with type 1 diabetes with lower and higher physical activity loads in real world conditions, le permiti\u00f3 levantar hallazgos cient\u00edficos que pueden orientar intervenciones para que pacientes puedan disminuir las barreras que la condici\u00f3n de diabetes les impone para ejecutar actividad f\u00edsica. Paralelamente Montt se encuentra evaluando cualitativamente el mismo fen\u00f3meno para la elaboraci\u00f3n de material de educaci\u00f3n en diabetes.<\/p>\n\n\n\n<p>\u201cEste reconocimiento permite fortalecer la colaboraci\u00f3n desde dise\u00f1o hacia el \u00e1mbito de la salud, y nos permite seguir demostrando c\u00f3mo el trabajo interdisciplinar en la UC moviliza avances en el conocimiento\u201d, coment\u00f3 la docente Denise Montt.<\/p>\n\n\n\n<p>INFORMACI\u00d3N PERIOD\u00cdSTICA<br>ESCUELA DE DISE\u00d1O<\/p>\n","protected":false},"excerpt":{"rendered":"<p>La acad\u00e9mica y docente de Dise\u00f1o UC, Denise Montt, obtuvo un siete en su tesis de Mag\u00edster en Investigaci\u00f3n en Ciencias de la Salud UC, programa cursado como requisito para el desarrollo de su doctorado en Ciencias M\u00e9dicas.<\/p>\n","protected":false},"author":1,"featured_media":4156,"comment_status":"open","ping_status":"open","sticky":false,"template":"","format":"standard","meta":{"_acf_changed":false,"footnotes":""},"categories":[1],"tags":[],"class_list":["post-4154","post","type-post","status-publish","format-standard","has-post-thumbnail","hentry","category-sin-categorizar"],"acf":[],"yoast_head":"<!-- This site is optimized with the Yoast SEO plugin v27.1.1 - https:\/\/yoast.com\/product\/yoast-seo-wordpress\/ -->\n<title>Denise Montt obtiene nota m\u00e1xima con su proyecto de investigaci\u00f3n en el \u00e1mbito de la diabetes - Facultad de Arquitectura, Dise\u00f1o y Estudios Urbanos<\/title>\n<meta name=\"description\" content=\"La acad\u00e9mica y docente de Dise\u00f1o UC, Denise Montt, obtuvo un siete en su tesis de Mag\u00edster en Investigaci\u00f3n en Ciencias de la Salud UC, programa cursado como requisito para el desarrollo de su doctorado en Ciencias M\u00e9dicas.\" \/>\n<meta name=\"robots\" content=\"index, follow, max-snippet:-1, max-image-preview:large, max-video-preview:-1\" \/>\n<link rel=\"canonical\" href=\"https:\/\/fadeu.urantiacos.cl\/en\/2022\/09\/11\/denise-montt-obtiene-nota-maxima-con-su-proyecto-de-investigacion-en-el-ambito-de-la-diabetes\/\" \/>\n<meta property=\"og:locale\" content=\"en_US\" \/>\n<meta property=\"og:type\" content=\"article\" \/>\n<meta property=\"og:title\" content=\"Denise Montt obtiene nota m\u00e1xima con su proyecto de investigaci\u00f3n en el \u00e1mbito de la diabetes - Facultad de Arquitectura, Dise\u00f1o y Estudios Urbanos\" \/>\n<meta property=\"og:description\" content=\"La acad\u00e9mica y docente de Dise\u00f1o UC, Denise Montt, obtuvo un siete en su tesis de Mag\u00edster en Investigaci\u00f3n en Ciencias de la Salud UC, programa cursado como requisito para el desarrollo de su doctorado en Ciencias M\u00e9dicas.\" \/>\n<meta property=\"og:url\" content=\"https:\/\/fadeu.urantiacos.cl\/en\/2022\/09\/11\/denise-montt-obtiene-nota-maxima-con-su-proyecto-de-investigacion-en-el-ambito-de-la-diabetes\/\" \/>\n<meta property=\"og:site_name\" content=\"Facultad de Arquitectura, Dise\u00f1o y Estudios Urbanos\" \/>\n<meta property=\"article:published_time\" content=\"2022-09-11T22:58:00+00:00\" \/>\n<meta property=\"article:modified_time\" content=\"2023-11-14T14:30:26+00:00\" \/>\n<meta property=\"og:image\" content=\"https:\/\/fadeu.urantiacos.cl\/wp-content\/uploads\/2023\/09\/WEB_Denise-Montt-1-1-scaled-1.jpg\" \/>\n\t<meta property=\"og:image:width\" content=\"350\" \/>\n\t<meta property=\"og:image:height\" content=\"250\" \/>\n\t<meta property=\"og:image:type\" content=\"image\/jpeg\" \/>\n<meta name=\"author\" content=\"manadmin\" \/>\n<meta name=\"twitter:card\" content=\"summary_large_image\" \/>\n<meta name=\"twitter:label1\" content=\"Written by\" \/>\n\t<meta name=\"twitter:data1\" content=\"manadmin\" \/>\n<script type=\"application\/ld+json\" class=\"yoast-schema-graph\">{\"@context\":\"https:\/\/schema.org\",\"@graph\":[{\"@type\":\"Article\",\"@id\":\"https:\/\/fadeu.urantiacos.cl\/en\/2022\/09\/11\/denise-montt-obtiene-nota-maxima-con-su-proyecto-de-investigacion-en-el-ambito-de-la-diabetes\/#article\",\"isPartOf\":{\"@id\":\"https:\/\/fadeu.urantiacos.cl\/en\/2022\/09\/11\/denise-montt-obtiene-nota-maxima-con-su-proyecto-de-investigacion-en-el-ambito-de-la-diabetes\/\"},\"author\":{\"name\":\"manadmin\",\"@id\":\"https:\/\/fadeu.urantiacos.cl\/en\/#\/schema\/person\/d203e2e84b1c40275eac77b3061a19a2\"},\"headline\":\"Denise Montt obtiene nota m\u00e1xima con su proyecto de investigaci\u00f3n en el \u00e1mbito de la diabetes\",\"datePublished\":\"2022-09-11T22:58:00+00:00\",\"dateModified\":\"2023-11-14T14:30:26+00:00\",\"mainEntityOfPage\":{\"@id\":\"https:\/\/fadeu.urantiacos.cl\/en\/2022\/09\/11\/denise-montt-obtiene-nota-maxima-con-su-proyecto-de-investigacion-en-el-ambito-de-la-diabetes\/\"},\"wordCount\":137,\"commentCount\":0,\"image\":{\"@id\":\"https:\/\/fadeu.urantiacos.cl\/en\/2022\/09\/11\/denise-montt-obtiene-nota-maxima-con-su-proyecto-de-investigacion-en-el-ambito-de-la-diabetes\/#primaryimage\"},\"thumbnailUrl\":\"https:\/\/fadeu.urantiacos.cl\/wp-content\/uploads\/2023\/09\/WEB_Denise-Montt-1-1-scaled-1.jpg\",\"articleSection\":[\"Sin categorizar\"],\"inLanguage\":\"en-US\",\"potentialAction\":[{\"@type\":\"CommentAction\",\"name\":\"Comment\",\"target\":[\"https:\/\/fadeu.urantiacos.cl\/en\/2022\/09\/11\/denise-montt-obtiene-nota-maxima-con-su-proyecto-de-investigacion-en-el-ambito-de-la-diabetes\/#respond\"]}]},{\"@type\":\"WebPage\",\"@id\":\"https:\/\/fadeu.urantiacos.cl\/en\/2022\/09\/11\/denise-montt-obtiene-nota-maxima-con-su-proyecto-de-investigacion-en-el-ambito-de-la-diabetes\/\",\"url\":\"https:\/\/fadeu.urantiacos.cl\/en\/2022\/09\/11\/denise-montt-obtiene-nota-maxima-con-su-proyecto-de-investigacion-en-el-ambito-de-la-diabetes\/\",\"name\":\"Denise Montt obtiene nota m\u00e1xima con su proyecto de investigaci\u00f3n en el \u00e1mbito de la diabetes - Facultad de Arquitectura, Dise\u00f1o y Estudios Urbanos\",\"isPartOf\":{\"@id\":\"https:\/\/fadeu.urantiacos.cl\/en\/#website\"},\"primaryImageOfPage\":{\"@id\":\"https:\/\/fadeu.urantiacos.cl\/en\/2022\/09\/11\/denise-montt-obtiene-nota-maxima-con-su-proyecto-de-investigacion-en-el-ambito-de-la-diabetes\/#primaryimage\"},\"image\":{\"@id\":\"https:\/\/fadeu.urantiacos.cl\/en\/2022\/09\/11\/denise-montt-obtiene-nota-maxima-con-su-proyecto-de-investigacion-en-el-ambito-de-la-diabetes\/#primaryimage\"},\"thumbnailUrl\":\"https:\/\/fadeu.urantiacos.cl\/wp-content\/uploads\/2023\/09\/WEB_Denise-Montt-1-1-scaled-1.jpg\",\"datePublished\":\"2022-09-11T22:58:00+00:00\",\"dateModified\":\"2023-11-14T14:30:26+00:00\",\"author\":{\"@id\":\"https:\/\/fadeu.urantiacos.cl\/en\/#\/schema\/person\/d203e2e84b1c40275eac77b3061a19a2\"},\"description\":\"La acad\u00e9mica y docente de Dise\u00f1o UC, Denise Montt, obtuvo un siete en su tesis de Mag\u00edster en Investigaci\u00f3n en Ciencias de la Salud UC, programa cursado como requisito para el desarrollo de su doctorado en Ciencias M\u00e9dicas.\",\"breadcrumb\":{\"@id\":\"https:\/\/fadeu.urantiacos.cl\/en\/2022\/09\/11\/denise-montt-obtiene-nota-maxima-con-su-proyecto-de-investigacion-en-el-ambito-de-la-diabetes\/#breadcrumb\"},\"inLanguage\":\"en-US\",\"potentialAction\":[{\"@type\":\"ReadAction\",\"target\":[\"https:\/\/fadeu.urantiacos.cl\/en\/2022\/09\/11\/denise-montt-obtiene-nota-maxima-con-su-proyecto-de-investigacion-en-el-ambito-de-la-diabetes\/\"]}]},{\"@type\":\"ImageObject\",\"inLanguage\":\"en-US\",\"@id\":\"https:\/\/fadeu.urantiacos.cl\/en\/2022\/09\/11\/denise-montt-obtiene-nota-maxima-con-su-proyecto-de-investigacion-en-el-ambito-de-la-diabetes\/#primaryimage\",\"url\":\"https:\/\/fadeu.urantiacos.cl\/wp-content\/uploads\/2023\/09\/WEB_Denise-Montt-1-1-scaled-1.jpg\",\"contentUrl\":\"https:\/\/fadeu.urantiacos.cl\/wp-content\/uploads\/2023\/09\/WEB_Denise-Montt-1-1-scaled-1.jpg\",\"width\":350,\"height\":250},{\"@type\":\"BreadcrumbList\",\"@id\":\"https:\/\/fadeu.urantiacos.cl\/en\/2022\/09\/11\/denise-montt-obtiene-nota-maxima-con-su-proyecto-de-investigacion-en-el-ambito-de-la-diabetes\/#breadcrumb\",\"itemListElement\":[{\"@type\":\"ListItem\",\"position\":1,\"name\":\"Portada\",\"item\":\"https:\/\/fadeu.urantiacos.cl\/en\/\"},{\"@type\":\"ListItem\",\"position\":2,\"name\":\"Denise Montt obtiene nota m\u00e1xima con su proyecto de investigaci\u00f3n en el \u00e1mbito de la diabetes\"}]},{\"@type\":\"WebSite\",\"@id\":\"https:\/\/fadeu.urantiacos.cl\/en\/#website\",\"url\":\"https:\/\/fadeu.urantiacos.cl\/en\/\",\"name\":\"Facultad de Arquitectura, Dise\u00f1o y Estudios Urbanos\",\"description\":\"Campus Lo Contador\",\"potentialAction\":[{\"@type\":\"SearchAction\",\"target\":{\"@type\":\"EntryPoint\",\"urlTemplate\":\"https:\/\/fadeu.urantiacos.cl\/en\/?s={search_term_string}\"},\"query-input\":{\"@type\":\"PropertyValueSpecification\",\"valueRequired\":true,\"valueName\":\"search_term_string\"}}],\"inLanguage\":\"en-US\"},{\"@type\":\"Person\",\"@id\":\"https:\/\/fadeu.urantiacos.cl\/en\/#\/schema\/person\/d203e2e84b1c40275eac77b3061a19a2\",\"name\":\"manadmin\",\"image\":{\"@type\":\"ImageObject\",\"inLanguage\":\"en-US\",\"@id\":\"https:\/\/fadeu.urantiacos.cl\/en\/#\/schema\/person\/image\/\",\"url\":\"https:\/\/secure.gravatar.com\/avatar\/4b1d8e3303b4a9d8968ac578947d8bc80d9aea359f388cdd4aac15cadc0e8447?s=96&d=mm&r=g\",\"contentUrl\":\"https:\/\/secure.gravatar.com\/avatar\/4b1d8e3303b4a9d8968ac578947d8bc80d9aea359f388cdd4aac15cadc0e8447?s=96&d=mm&r=g\",\"caption\":\"manadmin\"},\"sameAs\":[\"https:\/\/fadeu.urantiacos.cl\"]}]}<\/script>\n<!-- \/ Yoast SEO plugin. -->","yoast_head_json":{"title":"Denise Montt obtiene nota m\u00e1xima con su proyecto de investigaci\u00f3n en el \u00e1mbito de la diabetes - Facultad de Arquitectura, Dise\u00f1o y Estudios Urbanos","description":"La acad\u00e9mica y docente de Dise\u00f1o UC, Denise Montt, obtuvo un siete en su tesis de Mag\u00edster en Investigaci\u00f3n en Ciencias de la Salud UC, programa cursado como requisito para el desarrollo de su doctorado en Ciencias M\u00e9dicas.","robots":{"index":"index","follow":"follow","max-snippet":"max-snippet:-1","max-image-preview":"max-image-preview:large","max-video-preview":"max-video-preview:-1"},"canonical":"https:\/\/fadeu.urantiacos.cl\/en\/2022\/09\/11\/denise-montt-obtiene-nota-maxima-con-su-proyecto-de-investigacion-en-el-ambito-de-la-diabetes\/","og_locale":"en_US","og_type":"article","og_title":"Denise Montt obtiene nota m\u00e1xima con su proyecto de investigaci\u00f3n en el \u00e1mbito de la diabetes - Facultad de Arquitectura, Dise\u00f1o y Estudios Urbanos","og_description":"La acad\u00e9mica y docente de Dise\u00f1o UC, Denise Montt, obtuvo un siete en su tesis de Mag\u00edster en Investigaci\u00f3n en Ciencias de la Salud UC, programa cursado como requisito para el desarrollo de su doctorado en Ciencias M\u00e9dicas.","og_url":"https:\/\/fadeu.urantiacos.cl\/en\/2022\/09\/11\/denise-montt-obtiene-nota-maxima-con-su-proyecto-de-investigacion-en-el-ambito-de-la-diabetes\/","og_site_name":"Facultad de Arquitectura, Dise\u00f1o y Estudios Urbanos","article_published_time":"2022-09-11T22:58:00+00:00","article_modified_time":"2023-11-14T14:30:26+00:00","og_image":[{"width":350,"height":250,"url":"https:\/\/fadeu.urantiacos.cl\/wp-content\/uploads\/2023\/09\/WEB_Denise-Montt-1-1-scaled-1.jpg","type":"image\/jpeg"}],"author":"manadmin","twitter_card":"summary_large_image","twitter_misc":{"Written by":"manadmin"},"schema":{"@context":"https:\/\/schema.org","@graph":[{"@type":"Article","@id":"https:\/\/fadeu.urantiacos.cl\/en\/2022\/09\/11\/denise-montt-obtiene-nota-maxima-con-su-proyecto-de-investigacion-en-el-ambito-de-la-diabetes\/#article","isPartOf":{"@id":"https:\/\/fadeu.urantiacos.cl\/en\/2022\/09\/11\/denise-montt-obtiene-nota-maxima-con-su-proyecto-de-investigacion-en-el-ambito-de-la-diabetes\/"},"author":{"name":"manadmin","@id":"https:\/\/fadeu.urantiacos.cl\/en\/#\/schema\/person\/d203e2e84b1c40275eac77b3061a19a2"},"headline":"Denise Montt obtiene nota m\u00e1xima con su proyecto de investigaci\u00f3n en el \u00e1mbito de la diabetes","datePublished":"2022-09-11T22:58:00+00:00","dateModified":"2023-11-14T14:30:26+00:00","mainEntityOfPage":{"@id":"https:\/\/fadeu.urantiacos.cl\/en\/2022\/09\/11\/denise-montt-obtiene-nota-maxima-con-su-proyecto-de-investigacion-en-el-ambito-de-la-diabetes\/"},"wordCount":137,"commentCount":0,"image":{"@id":"https:\/\/fadeu.urantiacos.cl\/en\/2022\/09\/11\/denise-montt-obtiene-nota-maxima-con-su-proyecto-de-investigacion-en-el-ambito-de-la-diabetes\/#primaryimage"},"thumbnailUrl":"https:\/\/fadeu.urantiacos.cl\/wp-content\/uploads\/2023\/09\/WEB_Denise-Montt-1-1-scaled-1.jpg","articleSection":["Sin categorizar"],"inLanguage":"en-US","potentialAction":[{"@type":"CommentAction","name":"Comment","target":["https:\/\/fadeu.urantiacos.cl\/en\/2022\/09\/11\/denise-montt-obtiene-nota-maxima-con-su-proyecto-de-investigacion-en-el-ambito-de-la-diabetes\/#respond"]}]},{"@type":"WebPage","@id":"https:\/\/fadeu.urantiacos.cl\/en\/2022\/09\/11\/denise-montt-obtiene-nota-maxima-con-su-proyecto-de-investigacion-en-el-ambito-de-la-diabetes\/","url":"https:\/\/fadeu.urantiacos.cl\/en\/2022\/09\/11\/denise-montt-obtiene-nota-maxima-con-su-proyecto-de-investigacion-en-el-ambito-de-la-diabetes\/","name":"Denise Montt obtiene nota m\u00e1xima con su proyecto de investigaci\u00f3n en el \u00e1mbito de la diabetes - Facultad de Arquitectura, Dise\u00f1o y Estudios Urbanos","isPartOf":{"@id":"https:\/\/fadeu.urantiacos.cl\/en\/#website"},"primaryImageOfPage":{"@id":"https:\/\/fadeu.urantiacos.cl\/en\/2022\/09\/11\/denise-montt-obtiene-nota-maxima-con-su-proyecto-de-investigacion-en-el-ambito-de-la-diabetes\/#primaryimage"},"image":{"@id":"https:\/\/fadeu.urantiacos.cl\/en\/2022\/09\/11\/denise-montt-obtiene-nota-maxima-con-su-proyecto-de-investigacion-en-el-ambito-de-la-diabetes\/#primaryimage"},"thumbnailUrl":"https:\/\/fadeu.urantiacos.cl\/wp-content\/uploads\/2023\/09\/WEB_Denise-Montt-1-1-scaled-1.jpg","datePublished":"2022-09-11T22:58:00+00:00","dateModified":"2023-11-14T14:30:26+00:00","author":{"@id":"https:\/\/fadeu.urantiacos.cl\/en\/#\/schema\/person\/d203e2e84b1c40275eac77b3061a19a2"},"description":"La acad\u00e9mica y docente de Dise\u00f1o UC, Denise Montt, obtuvo un siete en su tesis de Mag\u00edster en Investigaci\u00f3n en Ciencias de la Salud UC, programa cursado como requisito para el desarrollo de su doctorado en Ciencias M\u00e9dicas.","breadcrumb":{"@id":"https:\/\/fadeu.urantiacos.cl\/en\/2022\/09\/11\/denise-montt-obtiene-nota-maxima-con-su-proyecto-de-investigacion-en-el-ambito-de-la-diabetes\/#breadcrumb"},"inLanguage":"en-US","potentialAction":[{"@type":"ReadAction","target":["https:\/\/fadeu.urantiacos.cl\/en\/2022\/09\/11\/denise-montt-obtiene-nota-maxima-con-su-proyecto-de-investigacion-en-el-ambito-de-la-diabetes\/"]}]},{"@type":"ImageObject","inLanguage":"en-US","@id":"https:\/\/fadeu.urantiacos.cl\/en\/2022\/09\/11\/denise-montt-obtiene-nota-maxima-con-su-proyecto-de-investigacion-en-el-ambito-de-la-diabetes\/#primaryimage","url":"https:\/\/fadeu.urantiacos.cl\/wp-content\/uploads\/2023\/09\/WEB_Denise-Montt-1-1-scaled-1.jpg","contentUrl":"https:\/\/fadeu.urantiacos.cl\/wp-content\/uploads\/2023\/09\/WEB_Denise-Montt-1-1-scaled-1.jpg","width":350,"height":250},{"@type":"BreadcrumbList","@id":"https:\/\/fadeu.urantiacos.cl\/en\/2022\/09\/11\/denise-montt-obtiene-nota-maxima-con-su-proyecto-de-investigacion-en-el-ambito-de-la-diabetes\/#breadcrumb","itemListElement":[{"@type":"ListItem","position":1,"name":"Portada","item":"https:\/\/fadeu.urantiacos.cl\/en\/"},{"@type":"ListItem","position":2,"name":"Denise Montt obtiene nota m\u00e1xima con su proyecto de investigaci\u00f3n en el \u00e1mbito de la diabetes"}]},{"@type":"WebSite","@id":"https:\/\/fadeu.urantiacos.cl\/en\/#website","url":"https:\/\/fadeu.urantiacos.cl\/en\/","name":"Facultad de Arquitectura, Dise\u00f1o y Estudios Urbanos","description":"Campus Lo Contador","potentialAction":[{"@type":"SearchAction","target":{"@type":"EntryPoint","urlTemplate":"https:\/\/fadeu.urantiacos.cl\/en\/?s={search_term_string}"},"query-input":{"@type":"PropertyValueSpecification","valueRequired":true,"valueName":"search_term_string"}}],"inLanguage":"en-US"},{"@type":"Person","@id":"https:\/\/fadeu.urantiacos.cl\/en\/#\/schema\/person\/d203e2e84b1c40275eac77b3061a19a2","name":"manadmin","image":{"@type":"ImageObject","inLanguage":"en-US","@id":"https:\/\/fadeu.urantiacos.cl\/en\/#\/schema\/person\/image\/","url":"https:\/\/secure.gravatar.com\/avatar\/4b1d8e3303b4a9d8968ac578947d8bc80d9aea359f388cdd4aac15cadc0e8447?s=96&d=mm&r=g","contentUrl":"https:\/\/secure.gravatar.com\/avatar\/4b1d8e3303b4a9d8968ac578947d8bc80d9aea359f388cdd4aac15cadc0e8447?s=96&d=mm&r=g","caption":"manadmin"},"sameAs":["https:\/\/fadeu.urantiacos.cl"]}]}},"_links":{"self":[{"href":"https:\/\/fadeu.urantiacos.cl\/en\/wp-json\/wp\/v2\/posts\/4154","targetHints":{"allow":["GET"]}}],"collection":[{"href":"https:\/\/fadeu.urantiacos.cl\/en\/wp-json\/wp\/v2\/posts"}],"about":[{"href":"https:\/\/fadeu.urantiacos.cl\/en\/wp-json\/wp\/v2\/types\/post"}],"author":[{"embeddable":true,"href":"https:\/\/fadeu.urantiacos.cl\/en\/wp-json\/wp\/v2\/users\/1"}],"replies":[{"embeddable":true,"href":"https:\/\/fadeu.urantiacos.cl\/en\/wp-json\/wp\/v2\/comments?post=4154"}],"version-history":[{"count":2,"href":"https:\/\/fadeu.urantiacos.cl\/en\/wp-json\/wp\/v2\/posts\/4154\/revisions"}],"predecessor-version":[{"id":18112,"href":"https:\/\/fadeu.urantiacos.cl\/en\/wp-json\/wp\/v2\/posts\/4154\/revisions\/18112"}],"wp:featuredmedia":[{"embeddable":true,"href":"https:\/\/fadeu.urantiacos.cl\/en\/wp-json\/wp\/v2\/media\/4156"}],"wp:attachment":[{"href":"https:\/\/fadeu.urantiacos.cl\/en\/wp-json\/wp\/v2\/media?parent=4154"}],"wp:term":[{"taxonomy":"category","embeddable":true,"href":"https:\/\/fadeu.urantiacos.cl\/en\/wp-json\/wp\/v2\/categories?post=4154"},{"taxonomy":"post_tag","embeddable":true,"href":"https:\/\/fadeu.urantiacos.cl\/en\/wp-json\/wp\/v2\/tags?post=4154"}],"curies":[{"name":"wp","href":"https:\/\/api.w.org\/{rel}","templated":true}]}}