{"id":4151,"date":"2022-09-11T19:56:00","date_gmt":"2022-09-11T22:56:00","guid":{"rendered":"https:\/\/fadeu.urantiacos.cl\/?p=4151"},"modified":"2023-09-03T19:57:59","modified_gmt":"2023-09-03T22:57:59","slug":"academicos-de-diseno-firman-con-routledge-para-publicacion-sobre-diseno-post-antropocentrico-y-decolonial","status":"publish","type":"post","link":"https:\/\/fadeu.urantiacos.cl\/en\/2022\/09\/11\/academicos-de-diseno-firman-con-routledge-para-publicacion-sobre-diseno-post-antropocentrico-y-decolonial\/","title":{"rendered":"Acad\u00e9micos de dise\u00f1o firman con Routledge para publicaci\u00f3n sobre dise\u00f1o post-antropoc\u00e9ntrico y decolonial"},"content":{"rendered":"\n<figure class=\"wp-block-image size-full\"><img decoding=\"async\" width=\"350\" height=\"250\" src=\"https:\/\/fadeu.urantiacos.cl\/wp-content\/uploads\/2023\/09\/WEB_WhatsApp-Image-2022-08-24-at-10.05.54-AM.jpg\" alt=\"\" class=\"wp-image-4152\" srcset=\"https:\/\/fadeu.urantiacos.cl\/wp-content\/uploads\/2023\/09\/WEB_WhatsApp-Image-2022-08-24-at-10.05.54-AM.jpg 350w, https:\/\/fadeu.urantiacos.cl\/wp-content\/uploads\/2023\/09\/WEB_WhatsApp-Image-2022-08-24-at-10.05.54-AM-300x214.jpg 300w\" sizes=\"(max-width: 350px) 100vw, 350px\" \/><\/figure>\n\n\n\n<p>Publicaci\u00f3n que re\u00fane trabajo de diversos investigadores que est\u00e1n buscando abrir los paradigmas del Dise\u00f1o, desde enfoques cr\u00edticos, ecol\u00f3gicos y decoloniales. En particular, los diferentes cap\u00edtulos abordan perspectivas te\u00f3ricas y pr\u00e1cticas orientadas a desarrollar las bases para un dise\u00f1o post-antropoc\u00e9ntrica.&nbsp;<\/p>\n\n\n\n<p>Para lograr esto los editores han invitado a crear textos in\u00e9ditos a una lista de autores con enorme influencia en las discusiones contempor\u00e1neas, tales c\u00f3mo; Arturo Escobar, Ezio Manzini, Marisol de la Cadena, Laura Forlano y Carl DiSalvo, Alex Wilkie, entre otros.<br><br>Se espera que la publicaci\u00f3n est\u00e9 disponible con distribuci\u00f3n global el a\u00f1o 2023.<\/p>\n\n\n\n<p>INFORMACI\u00d3N PERIOD\u00cdSTICA<br>ESCUELA DE DISE\u00d1O<\/p>\n","protected":false},"excerpt":{"rendered":"<p>Los acad\u00e9micos Mart\u00edn Tironi, Marcos Chilet, Pablo Hermansen y la dise\u00f1adora UC Carola Ureta, firmaron con el grupo Taylor &#038; Francis \u2013propietarios de la editorial Routledge\u2013 un acuerdo para publicar el libro \u201cDesign for more than human futures: Towards post-anthropocentric and decolonial perspectives\u201d.<\/p>\n","protected":false},"author":1,"featured_media":4152,"comment_status":"open","ping_status":"open","sticky":false,"template":"","format":"standard","meta":{"_acf_changed":false,"footnotes":""},"categories":[1],"tags":[],"class_list":["post-4151","post","type-post","status-publish","format-standard","has-post-thumbnail","hentry","category-sin-categorizar"],"acf":[],"yoast_head":"<!-- This site is optimized with the Yoast SEO plugin v27.1.1 - https:\/\/yoast.com\/product\/yoast-seo-wordpress\/ -->\n<title>Acad\u00e9micos de dise\u00f1o firman con Routledge para publicaci\u00f3n sobre dise\u00f1o post-antropoc\u00e9ntrico y decolonial - Facultad de Arquitectura, Dise\u00f1o y Estudios Urbanos<\/title>\n<meta name=\"description\" content=\"Los acad\u00e9micos Mart\u00edn Tironi, Marcos Chilet, Pablo Hermansen y la dise\u00f1adora UC Carola Ureta, firmaron con el grupo Taylor &amp; Francis \u2013propietarios de la editorial Routledge\u2013 un acuerdo para publicar el libro \u201cDesign for more than human futures: Towards post-anthropocentric and decolonial perspectives\u201d.\" \/>\n<meta name=\"robots\" content=\"index, follow, max-snippet:-1, max-image-preview:large, max-video-preview:-1\" \/>\n<link rel=\"canonical\" href=\"https:\/\/fadeu.urantiacos.cl\/en\/2022\/09\/11\/academicos-de-diseno-firman-con-routledge-para-publicacion-sobre-diseno-post-antropocentrico-y-decolonial\/\" \/>\n<meta property=\"og:locale\" content=\"en_US\" \/>\n<meta property=\"og:type\" content=\"article\" \/>\n<meta property=\"og:title\" content=\"Acad\u00e9micos de dise\u00f1o firman con Routledge para publicaci\u00f3n sobre dise\u00f1o post-antropoc\u00e9ntrico y decolonial - Facultad de Arquitectura, Dise\u00f1o y Estudios Urbanos\" \/>\n<meta property=\"og:description\" content=\"Los acad\u00e9micos Mart\u00edn Tironi, Marcos Chilet, Pablo Hermansen y la dise\u00f1adora UC Carola Ureta, firmaron con el grupo Taylor &amp; Francis \u2013propietarios de la editorial Routledge\u2013 un acuerdo para publicar el libro \u201cDesign for more than human futures: Towards post-anthropocentric and decolonial perspectives\u201d.\" \/>\n<meta property=\"og:url\" content=\"https:\/\/fadeu.urantiacos.cl\/en\/2022\/09\/11\/academicos-de-diseno-firman-con-routledge-para-publicacion-sobre-diseno-post-antropocentrico-y-decolonial\/\" \/>\n<meta property=\"og:site_name\" content=\"Facultad de Arquitectura, Dise\u00f1o y Estudios Urbanos\" \/>\n<meta property=\"article:published_time\" content=\"2022-09-11T22:56:00+00:00\" \/>\n<meta property=\"article:modified_time\" content=\"2023-09-03T22:57:59+00:00\" \/>\n<meta property=\"og:image\" content=\"https:\/\/fadeu.urantiacos.cl\/wp-content\/uploads\/2023\/09\/WEB_WhatsApp-Image-2022-08-24-at-10.05.54-AM.jpg\" \/>\n\t<meta property=\"og:image:width\" content=\"350\" \/>\n\t<meta property=\"og:image:height\" content=\"250\" \/>\n\t<meta property=\"og:image:type\" content=\"image\/jpeg\" \/>\n<meta name=\"author\" content=\"manadmin\" \/>\n<meta name=\"twitter:card\" content=\"summary_large_image\" \/>\n<meta name=\"twitter:label1\" content=\"Written by\" \/>\n\t<meta name=\"twitter:data1\" content=\"manadmin\" \/>\n\t<meta name=\"twitter:label2\" content=\"Est. reading time\" \/>\n\t<meta name=\"twitter:data2\" content=\"1 minute\" \/>\n<script type=\"application\/ld+json\" class=\"yoast-schema-graph\">{\"@context\":\"https:\/\/schema.org\",\"@graph\":[{\"@type\":\"Article\",\"@id\":\"https:\/\/fadeu.urantiacos.cl\/en\/2022\/09\/11\/academicos-de-diseno-firman-con-routledge-para-publicacion-sobre-diseno-post-antropocentrico-y-decolonial\/#article\",\"isPartOf\":{\"@id\":\"https:\/\/fadeu.urantiacos.cl\/en\/2022\/09\/11\/academicos-de-diseno-firman-con-routledge-para-publicacion-sobre-diseno-post-antropocentrico-y-decolonial\/\"},\"author\":{\"name\":\"manadmin\",\"@id\":\"https:\/\/fadeu.urantiacos.cl\/en\/#\/schema\/person\/d203e2e84b1c40275eac77b3061a19a2\"},\"headline\":\"Acad\u00e9micos de dise\u00f1o firman con Routledge para publicaci\u00f3n sobre dise\u00f1o post-antropoc\u00e9ntrico y decolonial\",\"datePublished\":\"2022-09-11T22:56:00+00:00\",\"dateModified\":\"2023-09-03T22:57:59+00:00\",\"mainEntityOfPage\":{\"@id\":\"https:\/\/fadeu.urantiacos.cl\/en\/2022\/09\/11\/academicos-de-diseno-firman-con-routledge-para-publicacion-sobre-diseno-post-antropocentrico-y-decolonial\/\"},\"wordCount\":137,\"commentCount\":0,\"image\":{\"@id\":\"https:\/\/fadeu.urantiacos.cl\/en\/2022\/09\/11\/academicos-de-diseno-firman-con-routledge-para-publicacion-sobre-diseno-post-antropocentrico-y-decolonial\/#primaryimage\"},\"thumbnailUrl\":\"https:\/\/fadeu.urantiacos.cl\/wp-content\/uploads\/2023\/09\/WEB_WhatsApp-Image-2022-08-24-at-10.05.54-AM.jpg\",\"articleSection\":[\"Sin categorizar\"],\"inLanguage\":\"en-US\",\"potentialAction\":[{\"@type\":\"CommentAction\",\"name\":\"Comment\",\"target\":[\"https:\/\/fadeu.urantiacos.cl\/en\/2022\/09\/11\/academicos-de-diseno-firman-con-routledge-para-publicacion-sobre-diseno-post-antropocentrico-y-decolonial\/#respond\"]}]},{\"@type\":\"WebPage\",\"@id\":\"https:\/\/fadeu.urantiacos.cl\/en\/2022\/09\/11\/academicos-de-diseno-firman-con-routledge-para-publicacion-sobre-diseno-post-antropocentrico-y-decolonial\/\",\"url\":\"https:\/\/fadeu.urantiacos.cl\/en\/2022\/09\/11\/academicos-de-diseno-firman-con-routledge-para-publicacion-sobre-diseno-post-antropocentrico-y-decolonial\/\",\"name\":\"Acad\u00e9micos de dise\u00f1o firman con Routledge para publicaci\u00f3n sobre dise\u00f1o post-antropoc\u00e9ntrico y decolonial - Facultad de Arquitectura, Dise\u00f1o y Estudios Urbanos\",\"isPartOf\":{\"@id\":\"https:\/\/fadeu.urantiacos.cl\/en\/#website\"},\"primaryImageOfPage\":{\"@id\":\"https:\/\/fadeu.urantiacos.cl\/en\/2022\/09\/11\/academicos-de-diseno-firman-con-routledge-para-publicacion-sobre-diseno-post-antropocentrico-y-decolonial\/#primaryimage\"},\"image\":{\"@id\":\"https:\/\/fadeu.urantiacos.cl\/en\/2022\/09\/11\/academicos-de-diseno-firman-con-routledge-para-publicacion-sobre-diseno-post-antropocentrico-y-decolonial\/#primaryimage\"},\"thumbnailUrl\":\"https:\/\/fadeu.urantiacos.cl\/wp-content\/uploads\/2023\/09\/WEB_WhatsApp-Image-2022-08-24-at-10.05.54-AM.jpg\",\"datePublished\":\"2022-09-11T22:56:00+00:00\",\"dateModified\":\"2023-09-03T22:57:59+00:00\",\"author\":{\"@id\":\"https:\/\/fadeu.urantiacos.cl\/en\/#\/schema\/person\/d203e2e84b1c40275eac77b3061a19a2\"},\"description\":\"Los acad\u00e9micos Mart\u00edn Tironi, Marcos Chilet, Pablo Hermansen y la dise\u00f1adora UC Carola Ureta, firmaron con el grupo Taylor & Francis \u2013propietarios de la editorial Routledge\u2013 un acuerdo para publicar el libro \u201cDesign for more than human futures: Towards post-anthropocentric and decolonial perspectives\u201d.\",\"breadcrumb\":{\"@id\":\"https:\/\/fadeu.urantiacos.cl\/en\/2022\/09\/11\/academicos-de-diseno-firman-con-routledge-para-publicacion-sobre-diseno-post-antropocentrico-y-decolonial\/#breadcrumb\"},\"inLanguage\":\"en-US\",\"potentialAction\":[{\"@type\":\"ReadAction\",\"target\":[\"https:\/\/fadeu.urantiacos.cl\/en\/2022\/09\/11\/academicos-de-diseno-firman-con-routledge-para-publicacion-sobre-diseno-post-antropocentrico-y-decolonial\/\"]}]},{\"@type\":\"ImageObject\",\"inLanguage\":\"en-US\",\"@id\":\"https:\/\/fadeu.urantiacos.cl\/en\/2022\/09\/11\/academicos-de-diseno-firman-con-routledge-para-publicacion-sobre-diseno-post-antropocentrico-y-decolonial\/#primaryimage\",\"url\":\"https:\/\/fadeu.urantiacos.cl\/wp-content\/uploads\/2023\/09\/WEB_WhatsApp-Image-2022-08-24-at-10.05.54-AM.jpg\",\"contentUrl\":\"https:\/\/fadeu.urantiacos.cl\/wp-content\/uploads\/2023\/09\/WEB_WhatsApp-Image-2022-08-24-at-10.05.54-AM.jpg\",\"width\":350,\"height\":250},{\"@type\":\"BreadcrumbList\",\"@id\":\"https:\/\/fadeu.urantiacos.cl\/en\/2022\/09\/11\/academicos-de-diseno-firman-con-routledge-para-publicacion-sobre-diseno-post-antropocentrico-y-decolonial\/#breadcrumb\",\"itemListElement\":[{\"@type\":\"ListItem\",\"position\":1,\"name\":\"Portada\",\"item\":\"https:\/\/fadeu.urantiacos.cl\/en\/\"},{\"@type\":\"ListItem\",\"position\":2,\"name\":\"Acad\u00e9micos de dise\u00f1o firman con Routledge para publicaci\u00f3n sobre dise\u00f1o post-antropoc\u00e9ntrico y decolonial\"}]},{\"@type\":\"WebSite\",\"@id\":\"https:\/\/fadeu.urantiacos.cl\/en\/#website\",\"url\":\"https:\/\/fadeu.urantiacos.cl\/en\/\",\"name\":\"Facultad de Arquitectura, Dise\u00f1o y Estudios Urbanos\",\"description\":\"Campus Lo Contador\",\"potentialAction\":[{\"@type\":\"SearchAction\",\"target\":{\"@type\":\"EntryPoint\",\"urlTemplate\":\"https:\/\/fadeu.urantiacos.cl\/en\/?s={search_term_string}\"},\"query-input\":{\"@type\":\"PropertyValueSpecification\",\"valueRequired\":true,\"valueName\":\"search_term_string\"}}],\"inLanguage\":\"en-US\"},{\"@type\":\"Person\",\"@id\":\"https:\/\/fadeu.urantiacos.cl\/en\/#\/schema\/person\/d203e2e84b1c40275eac77b3061a19a2\",\"name\":\"manadmin\",\"image\":{\"@type\":\"ImageObject\",\"inLanguage\":\"en-US\",\"@id\":\"https:\/\/fadeu.urantiacos.cl\/en\/#\/schema\/person\/image\/\",\"url\":\"https:\/\/secure.gravatar.com\/avatar\/4b1d8e3303b4a9d8968ac578947d8bc80d9aea359f388cdd4aac15cadc0e8447?s=96&d=mm&r=g\",\"contentUrl\":\"https:\/\/secure.gravatar.com\/avatar\/4b1d8e3303b4a9d8968ac578947d8bc80d9aea359f388cdd4aac15cadc0e8447?s=96&d=mm&r=g\",\"caption\":\"manadmin\"},\"sameAs\":[\"https:\/\/fadeu.urantiacos.cl\"]}]}<\/script>\n<!-- \/ Yoast SEO plugin. -->","yoast_head_json":{"title":"Acad\u00e9micos de dise\u00f1o firman con Routledge para publicaci\u00f3n sobre dise\u00f1o post-antropoc\u00e9ntrico y decolonial - Facultad de Arquitectura, Dise\u00f1o y Estudios Urbanos","description":"Los acad\u00e9micos Mart\u00edn Tironi, Marcos Chilet, Pablo Hermansen y la dise\u00f1adora UC Carola Ureta, firmaron con el grupo Taylor & Francis \u2013propietarios de la editorial Routledge\u2013 un acuerdo para publicar el libro \u201cDesign for more than human futures: Towards post-anthropocentric and decolonial perspectives\u201d.","robots":{"index":"index","follow":"follow","max-snippet":"max-snippet:-1","max-image-preview":"max-image-preview:large","max-video-preview":"max-video-preview:-1"},"canonical":"https:\/\/fadeu.urantiacos.cl\/en\/2022\/09\/11\/academicos-de-diseno-firman-con-routledge-para-publicacion-sobre-diseno-post-antropocentrico-y-decolonial\/","og_locale":"en_US","og_type":"article","og_title":"Acad\u00e9micos de dise\u00f1o firman con Routledge para publicaci\u00f3n sobre dise\u00f1o post-antropoc\u00e9ntrico y decolonial - Facultad de Arquitectura, Dise\u00f1o y Estudios Urbanos","og_description":"Los acad\u00e9micos Mart\u00edn Tironi, Marcos Chilet, Pablo Hermansen y la dise\u00f1adora UC Carola Ureta, firmaron con el grupo Taylor & Francis \u2013propietarios de la editorial Routledge\u2013 un acuerdo para publicar el libro \u201cDesign for more than human futures: Towards post-anthropocentric and decolonial perspectives\u201d.","og_url":"https:\/\/fadeu.urantiacos.cl\/en\/2022\/09\/11\/academicos-de-diseno-firman-con-routledge-para-publicacion-sobre-diseno-post-antropocentrico-y-decolonial\/","og_site_name":"Facultad de Arquitectura, Dise\u00f1o y Estudios Urbanos","article_published_time":"2022-09-11T22:56:00+00:00","article_modified_time":"2023-09-03T22:57:59+00:00","og_image":[{"width":350,"height":250,"url":"https:\/\/fadeu.urantiacos.cl\/wp-content\/uploads\/2023\/09\/WEB_WhatsApp-Image-2022-08-24-at-10.05.54-AM.jpg","type":"image\/jpeg"}],"author":"manadmin","twitter_card":"summary_large_image","twitter_misc":{"Written by":"manadmin","Est. reading time":"1 minute"},"schema":{"@context":"https:\/\/schema.org","@graph":[{"@type":"Article","@id":"https:\/\/fadeu.urantiacos.cl\/en\/2022\/09\/11\/academicos-de-diseno-firman-con-routledge-para-publicacion-sobre-diseno-post-antropocentrico-y-decolonial\/#article","isPartOf":{"@id":"https:\/\/fadeu.urantiacos.cl\/en\/2022\/09\/11\/academicos-de-diseno-firman-con-routledge-para-publicacion-sobre-diseno-post-antropocentrico-y-decolonial\/"},"author":{"name":"manadmin","@id":"https:\/\/fadeu.urantiacos.cl\/en\/#\/schema\/person\/d203e2e84b1c40275eac77b3061a19a2"},"headline":"Acad\u00e9micos de dise\u00f1o firman con Routledge para publicaci\u00f3n sobre dise\u00f1o post-antropoc\u00e9ntrico y decolonial","datePublished":"2022-09-11T22:56:00+00:00","dateModified":"2023-09-03T22:57:59+00:00","mainEntityOfPage":{"@id":"https:\/\/fadeu.urantiacos.cl\/en\/2022\/09\/11\/academicos-de-diseno-firman-con-routledge-para-publicacion-sobre-diseno-post-antropocentrico-y-decolonial\/"},"wordCount":137,"commentCount":0,"image":{"@id":"https:\/\/fadeu.urantiacos.cl\/en\/2022\/09\/11\/academicos-de-diseno-firman-con-routledge-para-publicacion-sobre-diseno-post-antropocentrico-y-decolonial\/#primaryimage"},"thumbnailUrl":"https:\/\/fadeu.urantiacos.cl\/wp-content\/uploads\/2023\/09\/WEB_WhatsApp-Image-2022-08-24-at-10.05.54-AM.jpg","articleSection":["Sin categorizar"],"inLanguage":"en-US","potentialAction":[{"@type":"CommentAction","name":"Comment","target":["https:\/\/fadeu.urantiacos.cl\/en\/2022\/09\/11\/academicos-de-diseno-firman-con-routledge-para-publicacion-sobre-diseno-post-antropocentrico-y-decolonial\/#respond"]}]},{"@type":"WebPage","@id":"https:\/\/fadeu.urantiacos.cl\/en\/2022\/09\/11\/academicos-de-diseno-firman-con-routledge-para-publicacion-sobre-diseno-post-antropocentrico-y-decolonial\/","url":"https:\/\/fadeu.urantiacos.cl\/en\/2022\/09\/11\/academicos-de-diseno-firman-con-routledge-para-publicacion-sobre-diseno-post-antropocentrico-y-decolonial\/","name":"Acad\u00e9micos de dise\u00f1o firman con Routledge para publicaci\u00f3n sobre dise\u00f1o post-antropoc\u00e9ntrico y decolonial - Facultad de Arquitectura, Dise\u00f1o y Estudios Urbanos","isPartOf":{"@id":"https:\/\/fadeu.urantiacos.cl\/en\/#website"},"primaryImageOfPage":{"@id":"https:\/\/fadeu.urantiacos.cl\/en\/2022\/09\/11\/academicos-de-diseno-firman-con-routledge-para-publicacion-sobre-diseno-post-antropocentrico-y-decolonial\/#primaryimage"},"image":{"@id":"https:\/\/fadeu.urantiacos.cl\/en\/2022\/09\/11\/academicos-de-diseno-firman-con-routledge-para-publicacion-sobre-diseno-post-antropocentrico-y-decolonial\/#primaryimage"},"thumbnailUrl":"https:\/\/fadeu.urantiacos.cl\/wp-content\/uploads\/2023\/09\/WEB_WhatsApp-Image-2022-08-24-at-10.05.54-AM.jpg","datePublished":"2022-09-11T22:56:00+00:00","dateModified":"2023-09-03T22:57:59+00:00","author":{"@id":"https:\/\/fadeu.urantiacos.cl\/en\/#\/schema\/person\/d203e2e84b1c40275eac77b3061a19a2"},"description":"Los acad\u00e9micos Mart\u00edn Tironi, Marcos Chilet, Pablo Hermansen y la dise\u00f1adora UC Carola Ureta, firmaron con el grupo Taylor & Francis \u2013propietarios de la editorial Routledge\u2013 un acuerdo para publicar el libro \u201cDesign for more than human futures: Towards post-anthropocentric and decolonial perspectives\u201d.","breadcrumb":{"@id":"https:\/\/fadeu.urantiacos.cl\/en\/2022\/09\/11\/academicos-de-diseno-firman-con-routledge-para-publicacion-sobre-diseno-post-antropocentrico-y-decolonial\/#breadcrumb"},"inLanguage":"en-US","potentialAction":[{"@type":"ReadAction","target":["https:\/\/fadeu.urantiacos.cl\/en\/2022\/09\/11\/academicos-de-diseno-firman-con-routledge-para-publicacion-sobre-diseno-post-antropocentrico-y-decolonial\/"]}]},{"@type":"ImageObject","inLanguage":"en-US","@id":"https:\/\/fadeu.urantiacos.cl\/en\/2022\/09\/11\/academicos-de-diseno-firman-con-routledge-para-publicacion-sobre-diseno-post-antropocentrico-y-decolonial\/#primaryimage","url":"https:\/\/fadeu.urantiacos.cl\/wp-content\/uploads\/2023\/09\/WEB_WhatsApp-Image-2022-08-24-at-10.05.54-AM.jpg","contentUrl":"https:\/\/fadeu.urantiacos.cl\/wp-content\/uploads\/2023\/09\/WEB_WhatsApp-Image-2022-08-24-at-10.05.54-AM.jpg","width":350,"height":250},{"@type":"BreadcrumbList","@id":"https:\/\/fadeu.urantiacos.cl\/en\/2022\/09\/11\/academicos-de-diseno-firman-con-routledge-para-publicacion-sobre-diseno-post-antropocentrico-y-decolonial\/#breadcrumb","itemListElement":[{"@type":"ListItem","position":1,"name":"Portada","item":"https:\/\/fadeu.urantiacos.cl\/en\/"},{"@type":"ListItem","position":2,"name":"Acad\u00e9micos de dise\u00f1o firman con Routledge para publicaci\u00f3n sobre dise\u00f1o post-antropoc\u00e9ntrico y decolonial"}]},{"@type":"WebSite","@id":"https:\/\/fadeu.urantiacos.cl\/en\/#website","url":"https:\/\/fadeu.urantiacos.cl\/en\/","name":"Facultad de Arquitectura, Dise\u00f1o y Estudios Urbanos","description":"Campus Lo Contador","potentialAction":[{"@type":"SearchAction","target":{"@type":"EntryPoint","urlTemplate":"https:\/\/fadeu.urantiacos.cl\/en\/?s={search_term_string}"},"query-input":{"@type":"PropertyValueSpecification","valueRequired":true,"valueName":"search_term_string"}}],"inLanguage":"en-US"},{"@type":"Person","@id":"https:\/\/fadeu.urantiacos.cl\/en\/#\/schema\/person\/d203e2e84b1c40275eac77b3061a19a2","name":"manadmin","image":{"@type":"ImageObject","inLanguage":"en-US","@id":"https:\/\/fadeu.urantiacos.cl\/en\/#\/schema\/person\/image\/","url":"https:\/\/secure.gravatar.com\/avatar\/4b1d8e3303b4a9d8968ac578947d8bc80d9aea359f388cdd4aac15cadc0e8447?s=96&d=mm&r=g","contentUrl":"https:\/\/secure.gravatar.com\/avatar\/4b1d8e3303b4a9d8968ac578947d8bc80d9aea359f388cdd4aac15cadc0e8447?s=96&d=mm&r=g","caption":"manadmin"},"sameAs":["https:\/\/fadeu.urantiacos.cl"]}]}},"_links":{"self":[{"href":"https:\/\/fadeu.urantiacos.cl\/en\/wp-json\/wp\/v2\/posts\/4151","targetHints":{"allow":["GET"]}}],"collection":[{"href":"https:\/\/fadeu.urantiacos.cl\/en\/wp-json\/wp\/v2\/posts"}],"about":[{"href":"https:\/\/fadeu.urantiacos.cl\/en\/wp-json\/wp\/v2\/types\/post"}],"author":[{"embeddable":true,"href":"https:\/\/fadeu.urantiacos.cl\/en\/wp-json\/wp\/v2\/users\/1"}],"replies":[{"embeddable":true,"href":"https:\/\/fadeu.urantiacos.cl\/en\/wp-json\/wp\/v2\/comments?post=4151"}],"version-history":[{"count":1,"href":"https:\/\/fadeu.urantiacos.cl\/en\/wp-json\/wp\/v2\/posts\/4151\/revisions"}],"predecessor-version":[{"id":4153,"href":"https:\/\/fadeu.urantiacos.cl\/en\/wp-json\/wp\/v2\/posts\/4151\/revisions\/4153"}],"wp:featuredmedia":[{"embeddable":true,"href":"https:\/\/fadeu.urantiacos.cl\/en\/wp-json\/wp\/v2\/media\/4152"}],"wp:attachment":[{"href":"https:\/\/fadeu.urantiacos.cl\/en\/wp-json\/wp\/v2\/media?parent=4151"}],"wp:term":[{"taxonomy":"category","embeddable":true,"href":"https:\/\/fadeu.urantiacos.cl\/en\/wp-json\/wp\/v2\/categories?post=4151"},{"taxonomy":"post_tag","embeddable":true,"href":"https:\/\/fadeu.urantiacos.cl\/en\/wp-json\/wp\/v2\/tags?post=4151"}],"curies":[{"name":"wp","href":"https:\/\/api.w.org\/{rel}","templated":true}]}}