{"id":4147,"date":"2022-09-11T19:54:00","date_gmt":"2022-09-11T22:54:00","guid":{"rendered":"https:\/\/fadeu.urantiacos.cl\/?p=4147"},"modified":"2023-09-03T19:56:20","modified_gmt":"2023-09-03T22:56:20","slug":"begona-julia-se-adjudica-fondo-interdisciplinario-vri-con-trabajo-social-y-programa-de-adulto-mayor-uc","status":"publish","type":"post","link":"https:\/\/fadeu.urantiacos.cl\/en\/2022\/09\/11\/begona-julia-se-adjudica-fondo-interdisciplinario-vri-con-trabajo-social-y-programa-de-adulto-mayor-uc\/","title":{"rendered":"Bego\u00f1a Julia se adjudica fondo interdisciplinario VRI con trabajo social y Programa de Adulto Mayor UC"},"content":{"rendered":"\n<figure class=\"wp-block-image size-full\"><img decoding=\"async\" width=\"350\" height=\"250\" src=\"https:\/\/fadeu.urantiacos.cl\/wp-content\/uploads\/2023\/09\/WEB_BEGONA_JULIA.png\" alt=\"\" class=\"wp-image-4149\" srcset=\"https:\/\/fadeu.urantiacos.cl\/wp-content\/uploads\/2023\/09\/WEB_BEGONA_JULIA.png 350w, https:\/\/fadeu.urantiacos.cl\/wp-content\/uploads\/2023\/09\/WEB_BEGONA_JULIA-300x214.png 300w\" sizes=\"(max-width: 350px) 100vw, 350px\" \/><\/figure>\n\n\n\n<p>El proyecto,&nbsp;\u201cAplicaciones de delivery como una herramienta para la autonom\u00eda y la independencia de personas mayores\u201d, tiene como objetivo evaluar&nbsp;obstaculizadores y facilitadores para la adopci\u00f3n e interacci\u00f3n con aplicaciones de delivery en personas mayores.&nbsp;<\/p>\n\n\n\n<p>\u201cBuscamos explorar el valor que las personas mayores le otorgan a las aplicaciones de delivery, identificar comportamientos de uso asociados a ellas y problemas de usabilidad. La metodolog\u00eda propuesta considera la aplicaci\u00f3n de una encuesta de percepci\u00f3n y h\u00e1bitos y desarrollo de un estudio de usabilidad. Esperamos que nuestros resultados puedan inspirar el ajuste y desarrollo de aplicaciones de delivery amigables y accesibles para favorecer la autonom\u00eda y vida independiente de personas mayores\u201d, explic\u00f3 Bego\u00f1a Juli\u00e1.&nbsp;<\/p>\n\n\n\n<p>Con frecuencia, las personas mayores&nbsp;eligen permanecer en sus hogares el mayor tiempo posible, apoyados por sus familias y asistencia a domicilio. La pandemia por COVID-19 dio lugar a una situaci\u00f3n extrema debido a las restricciones sanitarias, las que fueron especialmente estrictas para las personas mayores. En este contexto, las aplicaciones de delivery aparecieron como una soluci\u00f3n de f\u00e1cil acceso para proveer de insumos b\u00e1sicos a las familias. Sin embargo, muchas personas mayores tienen dificultades para interactuar con tecnolog\u00edas que no les son familiares.<\/p>\n\n\n\n<p>INFORMAC\u00cdON PERIOD\u00cdSTICA<br>ESCUELA DE DISE\u00d1O<\/p>\n","protected":false},"excerpt":{"rendered":"<p>La acad\u00e9mica de Dise\u00f1o UC, Bego\u00f1a Juli\u00e1, se adjudic\u00f3 los fondos de investigaci\u00f3n interdisciplinaria de la Vicerrector\u00eda de Investigaci\u00f3n, en conjunto con Sara Caro de la escuela de Trabajo Social y Javiera Rosell del Programa Adulto Mayor, UC, profesora de la Escuela de Psicolog\u00eda y del diplomado Innovaci\u00f3n para la Inclusi\u00f3n de Dise\u00f1o UC.<\/p>\n","protected":false},"author":1,"featured_media":4149,"comment_status":"open","ping_status":"open","sticky":false,"template":"","format":"standard","meta":{"_acf_changed":false,"footnotes":""},"categories":[1],"tags":[],"class_list":["post-4147","post","type-post","status-publish","format-standard","has-post-thumbnail","hentry","category-sin-categorizar"],"acf":[],"yoast_head":"<!-- This site is optimized with the Yoast SEO plugin v27.1.1 - https:\/\/yoast.com\/product\/yoast-seo-wordpress\/ -->\n<title>Bego\u00f1a Julia se adjudica fondo interdisciplinario VRI con trabajo social y Programa de Adulto Mayor UC - Facultad de Arquitectura, Dise\u00f1o y Estudios Urbanos<\/title>\n<meta name=\"description\" content=\"La acad\u00e9mica de Dise\u00f1o UC, Bego\u00f1a Juli\u00e1, se adjudic\u00f3 los fondos de investigaci\u00f3n interdisciplinaria de la Vicerrector\u00eda de Investigaci\u00f3n, en conjunto con Sara Caro de la escuela de Trabajo Social y Javiera Rosell del Programa Adulto Mayor, UC, profesora de la Escuela de Psicolog\u00eda y del diplomado Innovaci\u00f3n para la Inclusi\u00f3n de Dise\u00f1o UC.\" \/>\n<meta name=\"robots\" content=\"index, follow, max-snippet:-1, max-image-preview:large, max-video-preview:-1\" \/>\n<link rel=\"canonical\" href=\"https:\/\/fadeu.urantiacos.cl\/en\/2022\/09\/11\/begona-julia-se-adjudica-fondo-interdisciplinario-vri-con-trabajo-social-y-programa-de-adulto-mayor-uc\/\" \/>\n<meta property=\"og:locale\" content=\"en_US\" \/>\n<meta property=\"og:type\" content=\"article\" \/>\n<meta property=\"og:title\" content=\"Bego\u00f1a Julia se adjudica fondo interdisciplinario VRI con trabajo social y Programa de Adulto Mayor UC - Facultad de Arquitectura, Dise\u00f1o y Estudios Urbanos\" \/>\n<meta property=\"og:description\" content=\"La acad\u00e9mica de Dise\u00f1o UC, Bego\u00f1a Juli\u00e1, se adjudic\u00f3 los fondos de investigaci\u00f3n interdisciplinaria de la Vicerrector\u00eda de Investigaci\u00f3n, en conjunto con Sara Caro de la escuela de Trabajo Social y Javiera Rosell del Programa Adulto Mayor, UC, profesora de la Escuela de Psicolog\u00eda y del diplomado Innovaci\u00f3n para la Inclusi\u00f3n de Dise\u00f1o UC.\" \/>\n<meta property=\"og:url\" content=\"https:\/\/fadeu.urantiacos.cl\/en\/2022\/09\/11\/begona-julia-se-adjudica-fondo-interdisciplinario-vri-con-trabajo-social-y-programa-de-adulto-mayor-uc\/\" \/>\n<meta property=\"og:site_name\" content=\"Facultad de Arquitectura, Dise\u00f1o y Estudios Urbanos\" \/>\n<meta property=\"article:published_time\" content=\"2022-09-11T22:54:00+00:00\" \/>\n<meta property=\"article:modified_time\" content=\"2023-09-03T22:56:20+00:00\" \/>\n<meta property=\"og:image\" content=\"https:\/\/fadeu.urantiacos.cl\/wp-content\/uploads\/2023\/09\/WEB_BEGONA_JULIA.png\" \/>\n\t<meta property=\"og:image:width\" content=\"350\" \/>\n\t<meta property=\"og:image:height\" content=\"250\" \/>\n\t<meta property=\"og:image:type\" content=\"image\/png\" \/>\n<meta name=\"author\" content=\"manadmin\" \/>\n<meta name=\"twitter:card\" content=\"summary_large_image\" \/>\n<meta name=\"twitter:label1\" content=\"Written by\" \/>\n\t<meta name=\"twitter:data1\" content=\"manadmin\" \/>\n\t<meta name=\"twitter:label2\" content=\"Est. reading time\" \/>\n\t<meta name=\"twitter:data2\" content=\"1 minute\" \/>\n<script type=\"application\/ld+json\" class=\"yoast-schema-graph\">{\"@context\":\"https:\/\/schema.org\",\"@graph\":[{\"@type\":\"Article\",\"@id\":\"https:\/\/fadeu.urantiacos.cl\/en\/2022\/09\/11\/begona-julia-se-adjudica-fondo-interdisciplinario-vri-con-trabajo-social-y-programa-de-adulto-mayor-uc\/#article\",\"isPartOf\":{\"@id\":\"https:\/\/fadeu.urantiacos.cl\/en\/2022\/09\/11\/begona-julia-se-adjudica-fondo-interdisciplinario-vri-con-trabajo-social-y-programa-de-adulto-mayor-uc\/\"},\"author\":{\"name\":\"manadmin\",\"@id\":\"https:\/\/fadeu.urantiacos.cl\/en\/#\/schema\/person\/d203e2e84b1c40275eac77b3061a19a2\"},\"headline\":\"Bego\u00f1a Julia se adjudica fondo interdisciplinario VRI con trabajo social y Programa de Adulto Mayor UC\",\"datePublished\":\"2022-09-11T22:54:00+00:00\",\"dateModified\":\"2023-09-03T22:56:20+00:00\",\"mainEntityOfPage\":{\"@id\":\"https:\/\/fadeu.urantiacos.cl\/en\/2022\/09\/11\/begona-julia-se-adjudica-fondo-interdisciplinario-vri-con-trabajo-social-y-programa-de-adulto-mayor-uc\/\"},\"wordCount\":239,\"commentCount\":0,\"image\":{\"@id\":\"https:\/\/fadeu.urantiacos.cl\/en\/2022\/09\/11\/begona-julia-se-adjudica-fondo-interdisciplinario-vri-con-trabajo-social-y-programa-de-adulto-mayor-uc\/#primaryimage\"},\"thumbnailUrl\":\"https:\/\/fadeu.urantiacos.cl\/wp-content\/uploads\/2023\/09\/WEB_BEGONA_JULIA.png\",\"articleSection\":[\"Sin categorizar\"],\"inLanguage\":\"en-US\",\"potentialAction\":[{\"@type\":\"CommentAction\",\"name\":\"Comment\",\"target\":[\"https:\/\/fadeu.urantiacos.cl\/en\/2022\/09\/11\/begona-julia-se-adjudica-fondo-interdisciplinario-vri-con-trabajo-social-y-programa-de-adulto-mayor-uc\/#respond\"]}]},{\"@type\":\"WebPage\",\"@id\":\"https:\/\/fadeu.urantiacos.cl\/en\/2022\/09\/11\/begona-julia-se-adjudica-fondo-interdisciplinario-vri-con-trabajo-social-y-programa-de-adulto-mayor-uc\/\",\"url\":\"https:\/\/fadeu.urantiacos.cl\/en\/2022\/09\/11\/begona-julia-se-adjudica-fondo-interdisciplinario-vri-con-trabajo-social-y-programa-de-adulto-mayor-uc\/\",\"name\":\"Bego\u00f1a Julia se adjudica fondo interdisciplinario VRI con trabajo social y Programa de Adulto Mayor UC - Facultad de Arquitectura, Dise\u00f1o y Estudios Urbanos\",\"isPartOf\":{\"@id\":\"https:\/\/fadeu.urantiacos.cl\/en\/#website\"},\"primaryImageOfPage\":{\"@id\":\"https:\/\/fadeu.urantiacos.cl\/en\/2022\/09\/11\/begona-julia-se-adjudica-fondo-interdisciplinario-vri-con-trabajo-social-y-programa-de-adulto-mayor-uc\/#primaryimage\"},\"image\":{\"@id\":\"https:\/\/fadeu.urantiacos.cl\/en\/2022\/09\/11\/begona-julia-se-adjudica-fondo-interdisciplinario-vri-con-trabajo-social-y-programa-de-adulto-mayor-uc\/#primaryimage\"},\"thumbnailUrl\":\"https:\/\/fadeu.urantiacos.cl\/wp-content\/uploads\/2023\/09\/WEB_BEGONA_JULIA.png\",\"datePublished\":\"2022-09-11T22:54:00+00:00\",\"dateModified\":\"2023-09-03T22:56:20+00:00\",\"author\":{\"@id\":\"https:\/\/fadeu.urantiacos.cl\/en\/#\/schema\/person\/d203e2e84b1c40275eac77b3061a19a2\"},\"description\":\"La acad\u00e9mica de Dise\u00f1o UC, Bego\u00f1a Juli\u00e1, se adjudic\u00f3 los fondos de investigaci\u00f3n interdisciplinaria de la Vicerrector\u00eda de Investigaci\u00f3n, en conjunto con Sara Caro de la escuela de Trabajo Social y Javiera Rosell del Programa Adulto Mayor, UC, profesora de la Escuela de Psicolog\u00eda y del diplomado Innovaci\u00f3n para la Inclusi\u00f3n de Dise\u00f1o UC.\",\"breadcrumb\":{\"@id\":\"https:\/\/fadeu.urantiacos.cl\/en\/2022\/09\/11\/begona-julia-se-adjudica-fondo-interdisciplinario-vri-con-trabajo-social-y-programa-de-adulto-mayor-uc\/#breadcrumb\"},\"inLanguage\":\"en-US\",\"potentialAction\":[{\"@type\":\"ReadAction\",\"target\":[\"https:\/\/fadeu.urantiacos.cl\/en\/2022\/09\/11\/begona-julia-se-adjudica-fondo-interdisciplinario-vri-con-trabajo-social-y-programa-de-adulto-mayor-uc\/\"]}]},{\"@type\":\"ImageObject\",\"inLanguage\":\"en-US\",\"@id\":\"https:\/\/fadeu.urantiacos.cl\/en\/2022\/09\/11\/begona-julia-se-adjudica-fondo-interdisciplinario-vri-con-trabajo-social-y-programa-de-adulto-mayor-uc\/#primaryimage\",\"url\":\"https:\/\/fadeu.urantiacos.cl\/wp-content\/uploads\/2023\/09\/WEB_BEGONA_JULIA.png\",\"contentUrl\":\"https:\/\/fadeu.urantiacos.cl\/wp-content\/uploads\/2023\/09\/WEB_BEGONA_JULIA.png\",\"width\":350,\"height\":250},{\"@type\":\"BreadcrumbList\",\"@id\":\"https:\/\/fadeu.urantiacos.cl\/en\/2022\/09\/11\/begona-julia-se-adjudica-fondo-interdisciplinario-vri-con-trabajo-social-y-programa-de-adulto-mayor-uc\/#breadcrumb\",\"itemListElement\":[{\"@type\":\"ListItem\",\"position\":1,\"name\":\"Portada\",\"item\":\"https:\/\/fadeu.urantiacos.cl\/en\/\"},{\"@type\":\"ListItem\",\"position\":2,\"name\":\"Bego\u00f1a Julia se adjudica fondo interdisciplinario VRI con trabajo social y Programa de Adulto Mayor UC\"}]},{\"@type\":\"WebSite\",\"@id\":\"https:\/\/fadeu.urantiacos.cl\/en\/#website\",\"url\":\"https:\/\/fadeu.urantiacos.cl\/en\/\",\"name\":\"Facultad de Arquitectura, Dise\u00f1o y Estudios Urbanos\",\"description\":\"Campus Lo Contador\",\"potentialAction\":[{\"@type\":\"SearchAction\",\"target\":{\"@type\":\"EntryPoint\",\"urlTemplate\":\"https:\/\/fadeu.urantiacos.cl\/en\/?s={search_term_string}\"},\"query-input\":{\"@type\":\"PropertyValueSpecification\",\"valueRequired\":true,\"valueName\":\"search_term_string\"}}],\"inLanguage\":\"en-US\"},{\"@type\":\"Person\",\"@id\":\"https:\/\/fadeu.urantiacos.cl\/en\/#\/schema\/person\/d203e2e84b1c40275eac77b3061a19a2\",\"name\":\"manadmin\",\"image\":{\"@type\":\"ImageObject\",\"inLanguage\":\"en-US\",\"@id\":\"https:\/\/fadeu.urantiacos.cl\/en\/#\/schema\/person\/image\/\",\"url\":\"https:\/\/secure.gravatar.com\/avatar\/4b1d8e3303b4a9d8968ac578947d8bc80d9aea359f388cdd4aac15cadc0e8447?s=96&d=mm&r=g\",\"contentUrl\":\"https:\/\/secure.gravatar.com\/avatar\/4b1d8e3303b4a9d8968ac578947d8bc80d9aea359f388cdd4aac15cadc0e8447?s=96&d=mm&r=g\",\"caption\":\"manadmin\"},\"sameAs\":[\"https:\/\/fadeu.urantiacos.cl\"]}]}<\/script>\n<!-- \/ Yoast SEO plugin. -->","yoast_head_json":{"title":"Bego\u00f1a Julia se adjudica fondo interdisciplinario VRI con trabajo social y Programa de Adulto Mayor UC - Facultad de Arquitectura, Dise\u00f1o y Estudios Urbanos","description":"La acad\u00e9mica de Dise\u00f1o UC, Bego\u00f1a Juli\u00e1, se adjudic\u00f3 los fondos de investigaci\u00f3n interdisciplinaria de la Vicerrector\u00eda de Investigaci\u00f3n, en conjunto con Sara Caro de la escuela de Trabajo Social y Javiera Rosell del Programa Adulto Mayor, UC, profesora de la Escuela de Psicolog\u00eda y del diplomado Innovaci\u00f3n para la Inclusi\u00f3n de Dise\u00f1o UC.","robots":{"index":"index","follow":"follow","max-snippet":"max-snippet:-1","max-image-preview":"max-image-preview:large","max-video-preview":"max-video-preview:-1"},"canonical":"https:\/\/fadeu.urantiacos.cl\/en\/2022\/09\/11\/begona-julia-se-adjudica-fondo-interdisciplinario-vri-con-trabajo-social-y-programa-de-adulto-mayor-uc\/","og_locale":"en_US","og_type":"article","og_title":"Bego\u00f1a Julia se adjudica fondo interdisciplinario VRI con trabajo social y Programa de Adulto Mayor UC - Facultad de Arquitectura, Dise\u00f1o y Estudios Urbanos","og_description":"La acad\u00e9mica de Dise\u00f1o UC, Bego\u00f1a Juli\u00e1, se adjudic\u00f3 los fondos de investigaci\u00f3n interdisciplinaria de la Vicerrector\u00eda de Investigaci\u00f3n, en conjunto con Sara Caro de la escuela de Trabajo Social y Javiera Rosell del Programa Adulto Mayor, UC, profesora de la Escuela de Psicolog\u00eda y del diplomado Innovaci\u00f3n para la Inclusi\u00f3n de Dise\u00f1o UC.","og_url":"https:\/\/fadeu.urantiacos.cl\/en\/2022\/09\/11\/begona-julia-se-adjudica-fondo-interdisciplinario-vri-con-trabajo-social-y-programa-de-adulto-mayor-uc\/","og_site_name":"Facultad de Arquitectura, Dise\u00f1o y Estudios Urbanos","article_published_time":"2022-09-11T22:54:00+00:00","article_modified_time":"2023-09-03T22:56:20+00:00","og_image":[{"width":350,"height":250,"url":"https:\/\/fadeu.urantiacos.cl\/wp-content\/uploads\/2023\/09\/WEB_BEGONA_JULIA.png","type":"image\/png"}],"author":"manadmin","twitter_card":"summary_large_image","twitter_misc":{"Written by":"manadmin","Est. reading time":"1 minute"},"schema":{"@context":"https:\/\/schema.org","@graph":[{"@type":"Article","@id":"https:\/\/fadeu.urantiacos.cl\/en\/2022\/09\/11\/begona-julia-se-adjudica-fondo-interdisciplinario-vri-con-trabajo-social-y-programa-de-adulto-mayor-uc\/#article","isPartOf":{"@id":"https:\/\/fadeu.urantiacos.cl\/en\/2022\/09\/11\/begona-julia-se-adjudica-fondo-interdisciplinario-vri-con-trabajo-social-y-programa-de-adulto-mayor-uc\/"},"author":{"name":"manadmin","@id":"https:\/\/fadeu.urantiacos.cl\/en\/#\/schema\/person\/d203e2e84b1c40275eac77b3061a19a2"},"headline":"Bego\u00f1a Julia se adjudica fondo interdisciplinario VRI con trabajo social y Programa de Adulto Mayor UC","datePublished":"2022-09-11T22:54:00+00:00","dateModified":"2023-09-03T22:56:20+00:00","mainEntityOfPage":{"@id":"https:\/\/fadeu.urantiacos.cl\/en\/2022\/09\/11\/begona-julia-se-adjudica-fondo-interdisciplinario-vri-con-trabajo-social-y-programa-de-adulto-mayor-uc\/"},"wordCount":239,"commentCount":0,"image":{"@id":"https:\/\/fadeu.urantiacos.cl\/en\/2022\/09\/11\/begona-julia-se-adjudica-fondo-interdisciplinario-vri-con-trabajo-social-y-programa-de-adulto-mayor-uc\/#primaryimage"},"thumbnailUrl":"https:\/\/fadeu.urantiacos.cl\/wp-content\/uploads\/2023\/09\/WEB_BEGONA_JULIA.png","articleSection":["Sin categorizar"],"inLanguage":"en-US","potentialAction":[{"@type":"CommentAction","name":"Comment","target":["https:\/\/fadeu.urantiacos.cl\/en\/2022\/09\/11\/begona-julia-se-adjudica-fondo-interdisciplinario-vri-con-trabajo-social-y-programa-de-adulto-mayor-uc\/#respond"]}]},{"@type":"WebPage","@id":"https:\/\/fadeu.urantiacos.cl\/en\/2022\/09\/11\/begona-julia-se-adjudica-fondo-interdisciplinario-vri-con-trabajo-social-y-programa-de-adulto-mayor-uc\/","url":"https:\/\/fadeu.urantiacos.cl\/en\/2022\/09\/11\/begona-julia-se-adjudica-fondo-interdisciplinario-vri-con-trabajo-social-y-programa-de-adulto-mayor-uc\/","name":"Bego\u00f1a Julia se adjudica fondo interdisciplinario VRI con trabajo social y Programa de Adulto Mayor UC - Facultad de Arquitectura, Dise\u00f1o y Estudios Urbanos","isPartOf":{"@id":"https:\/\/fadeu.urantiacos.cl\/en\/#website"},"primaryImageOfPage":{"@id":"https:\/\/fadeu.urantiacos.cl\/en\/2022\/09\/11\/begona-julia-se-adjudica-fondo-interdisciplinario-vri-con-trabajo-social-y-programa-de-adulto-mayor-uc\/#primaryimage"},"image":{"@id":"https:\/\/fadeu.urantiacos.cl\/en\/2022\/09\/11\/begona-julia-se-adjudica-fondo-interdisciplinario-vri-con-trabajo-social-y-programa-de-adulto-mayor-uc\/#primaryimage"},"thumbnailUrl":"https:\/\/fadeu.urantiacos.cl\/wp-content\/uploads\/2023\/09\/WEB_BEGONA_JULIA.png","datePublished":"2022-09-11T22:54:00+00:00","dateModified":"2023-09-03T22:56:20+00:00","author":{"@id":"https:\/\/fadeu.urantiacos.cl\/en\/#\/schema\/person\/d203e2e84b1c40275eac77b3061a19a2"},"description":"La acad\u00e9mica de Dise\u00f1o UC, Bego\u00f1a Juli\u00e1, se adjudic\u00f3 los fondos de investigaci\u00f3n interdisciplinaria de la Vicerrector\u00eda de Investigaci\u00f3n, en conjunto con Sara Caro de la escuela de Trabajo Social y Javiera Rosell del Programa Adulto Mayor, UC, profesora de la Escuela de Psicolog\u00eda y del diplomado Innovaci\u00f3n para la Inclusi\u00f3n de Dise\u00f1o UC.","breadcrumb":{"@id":"https:\/\/fadeu.urantiacos.cl\/en\/2022\/09\/11\/begona-julia-se-adjudica-fondo-interdisciplinario-vri-con-trabajo-social-y-programa-de-adulto-mayor-uc\/#breadcrumb"},"inLanguage":"en-US","potentialAction":[{"@type":"ReadAction","target":["https:\/\/fadeu.urantiacos.cl\/en\/2022\/09\/11\/begona-julia-se-adjudica-fondo-interdisciplinario-vri-con-trabajo-social-y-programa-de-adulto-mayor-uc\/"]}]},{"@type":"ImageObject","inLanguage":"en-US","@id":"https:\/\/fadeu.urantiacos.cl\/en\/2022\/09\/11\/begona-julia-se-adjudica-fondo-interdisciplinario-vri-con-trabajo-social-y-programa-de-adulto-mayor-uc\/#primaryimage","url":"https:\/\/fadeu.urantiacos.cl\/wp-content\/uploads\/2023\/09\/WEB_BEGONA_JULIA.png","contentUrl":"https:\/\/fadeu.urantiacos.cl\/wp-content\/uploads\/2023\/09\/WEB_BEGONA_JULIA.png","width":350,"height":250},{"@type":"BreadcrumbList","@id":"https:\/\/fadeu.urantiacos.cl\/en\/2022\/09\/11\/begona-julia-se-adjudica-fondo-interdisciplinario-vri-con-trabajo-social-y-programa-de-adulto-mayor-uc\/#breadcrumb","itemListElement":[{"@type":"ListItem","position":1,"name":"Portada","item":"https:\/\/fadeu.urantiacos.cl\/en\/"},{"@type":"ListItem","position":2,"name":"Bego\u00f1a Julia se adjudica fondo interdisciplinario VRI con trabajo social y Programa de Adulto Mayor UC"}]},{"@type":"WebSite","@id":"https:\/\/fadeu.urantiacos.cl\/en\/#website","url":"https:\/\/fadeu.urantiacos.cl\/en\/","name":"Facultad de Arquitectura, Dise\u00f1o y Estudios Urbanos","description":"Campus Lo Contador","potentialAction":[{"@type":"SearchAction","target":{"@type":"EntryPoint","urlTemplate":"https:\/\/fadeu.urantiacos.cl\/en\/?s={search_term_string}"},"query-input":{"@type":"PropertyValueSpecification","valueRequired":true,"valueName":"search_term_string"}}],"inLanguage":"en-US"},{"@type":"Person","@id":"https:\/\/fadeu.urantiacos.cl\/en\/#\/schema\/person\/d203e2e84b1c40275eac77b3061a19a2","name":"manadmin","image":{"@type":"ImageObject","inLanguage":"en-US","@id":"https:\/\/fadeu.urantiacos.cl\/en\/#\/schema\/person\/image\/","url":"https:\/\/secure.gravatar.com\/avatar\/4b1d8e3303b4a9d8968ac578947d8bc80d9aea359f388cdd4aac15cadc0e8447?s=96&d=mm&r=g","contentUrl":"https:\/\/secure.gravatar.com\/avatar\/4b1d8e3303b4a9d8968ac578947d8bc80d9aea359f388cdd4aac15cadc0e8447?s=96&d=mm&r=g","caption":"manadmin"},"sameAs":["https:\/\/fadeu.urantiacos.cl"]}]}},"_links":{"self":[{"href":"https:\/\/fadeu.urantiacos.cl\/en\/wp-json\/wp\/v2\/posts\/4147","targetHints":{"allow":["GET"]}}],"collection":[{"href":"https:\/\/fadeu.urantiacos.cl\/en\/wp-json\/wp\/v2\/posts"}],"about":[{"href":"https:\/\/fadeu.urantiacos.cl\/en\/wp-json\/wp\/v2\/types\/post"}],"author":[{"embeddable":true,"href":"https:\/\/fadeu.urantiacos.cl\/en\/wp-json\/wp\/v2\/users\/1"}],"replies":[{"embeddable":true,"href":"https:\/\/fadeu.urantiacos.cl\/en\/wp-json\/wp\/v2\/comments?post=4147"}],"version-history":[{"count":1,"href":"https:\/\/fadeu.urantiacos.cl\/en\/wp-json\/wp\/v2\/posts\/4147\/revisions"}],"predecessor-version":[{"id":4150,"href":"https:\/\/fadeu.urantiacos.cl\/en\/wp-json\/wp\/v2\/posts\/4147\/revisions\/4150"}],"wp:featuredmedia":[{"embeddable":true,"href":"https:\/\/fadeu.urantiacos.cl\/en\/wp-json\/wp\/v2\/media\/4149"}],"wp:attachment":[{"href":"https:\/\/fadeu.urantiacos.cl\/en\/wp-json\/wp\/v2\/media?parent=4147"}],"wp:term":[{"taxonomy":"category","embeddable":true,"href":"https:\/\/fadeu.urantiacos.cl\/en\/wp-json\/wp\/v2\/categories?post=4147"},{"taxonomy":"post_tag","embeddable":true,"href":"https:\/\/fadeu.urantiacos.cl\/en\/wp-json\/wp\/v2\/tags?post=4147"}],"curies":[{"name":"wp","href":"https:\/\/api.w.org\/{rel}","templated":true}]}}