{"id":4144,"date":"2022-09-11T19:52:00","date_gmt":"2022-09-11T22:52:00","guid":{"rendered":"https:\/\/fadeu.urantiacos.cl\/?p=4144"},"modified":"2023-09-03T19:54:17","modified_gmt":"2023-09-03T22:54:17","slug":"decano-mario-ubilla-presento-ante-el-honorable-consejo-superior-uc","status":"publish","type":"post","link":"https:\/\/fadeu.urantiacos.cl\/en\/2022\/09\/11\/decano-mario-ubilla-presento-ante-el-honorable-consejo-superior-uc\/","title":{"rendered":"Decano Mario Ubilla present\u00f3 ante el Honorable Consejo Superior UC"},"content":{"rendered":"\n<figure class=\"wp-block-image size-full\"><img decoding=\"async\" width=\"350\" height=\"250\" src=\"https:\/\/fadeu.urantiacos.cl\/wp-content\/uploads\/2023\/09\/web_IMG_8321_2.jpg\" alt=\"\" class=\"wp-image-4145\" srcset=\"https:\/\/fadeu.urantiacos.cl\/wp-content\/uploads\/2023\/09\/web_IMG_8321_2.jpg 350w, https:\/\/fadeu.urantiacos.cl\/wp-content\/uploads\/2023\/09\/web_IMG_8321_2-300x214.jpg 300w\" sizes=\"(max-width: 350px) 100vw, 350px\" \/><\/figure>\n\n\n\n<p>\u201cEl Honorable Consejo Superior tiene como tradici\u00f3n, cada cierto tiempo, invitar a los decanos y decanas de las distintas facultades a presentar el estado actual de sus respectivas facultades\u201d, asever\u00f3 el Decano Ubilla, agregando que \u201ces una instancia para presentar avances y desaf\u00edos, pero tambi\u00e9n para recibir retroalimentaci\u00f3n de quienes pueden aportar de manera muy interesante, con ideas dotadas de bastante luz, desde fuera del contexto de la facultad, pero siempre dentro del contexto universitario\u201d.<\/p>\n\n\n\n<p>Ubilla agreg\u00f3 que \u201cpor ejemplo, la preocupaci\u00f3n que tenemos nosotros por la planta acad\u00e9mica no solo recibe la empat\u00eda del Consejo, sino tambi\u00e9n asignan valor al aporte que tienen otros profesores, adem\u00e1s de la fundamental docencia e investigaci\u00f3n, apuntado a la creaci\u00f3n y a los v\u00ednculos con el medio, lo que hace que cobren mucho valor otras expresiones que tienen los profesores y profesoras\u201d.<\/p>\n\n\n\n<p><strong>Escuela de Arquitectura<\/strong><\/p>\n\n\n\n<p>Sobre la escuela de Arquitectura, Ubilla hizo un repaso, mostrando la existencia de 30 docentes de Planta Ordinaria, 13 de Planta Especial y 107 de Planta Adjunta, adem\u00e1s de tener un aproximado de 1135 estudiantes de pregrado, contando el hecho de que se titulan v\u00eda Mag\u00edster.<\/p>\n\n\n\n<p>Asimismo, sobre el estado actual de sus seis programas de mag\u00edster, el Decano advirti\u00f3 que todos se encuentran acreditados por plazos que van desde los tres hasta los diez a\u00f1os, con un total de 1046 estudiantes postgraduados hasta la fecha.<\/p>\n\n\n\n<p><strong>Escuela de Dise\u00f1o<\/strong><\/p>\n\n\n\n<p>En el caso de la escuela de Dise\u00f1o, hay 21 docentes de Planta Ordinaria, 7 de Planta Especial y 51 de Planta Adjunta. Tiene un promedio anual de 935 estudiantes de pregrado.<\/p>\n\n\n\n<p>En el caso de su programa de Postgrado (Mag\u00edster en Dise\u00f1o Avanzado, MADA), se encuentra acreditado por 4 a\u00f1os, y han egresado a la fecha 77 estudiantes.<\/p>\n\n\n\n<p><strong>Instituto de Estudios Urbanos y Territoriales<\/strong><\/p>\n\n\n\n<p>El Instituto tiene 7 docentes de Planta Ordinaria, 1 de Planta Especial, y 26 de Planta Adjunta. Funciona con alrededor de 24 estudiantes en el pregrado en Planificaci\u00f3n Urbana (v\u00eda College), y m\u00e1s de 1000 en todo el programa de College, y tiene a 549 egresados y egresadas de los Mag\u00edster en Desarrollo Urbano, y en Asentamientos Humanos y Medio Ambiente.<\/p>\n\n\n\n<p>Pr\u00f3ximamente, el Instituto impartir\u00e1 el -ya aprobado por casa central- Mag\u00edster Profesional en Planificaci\u00f3n Urbana.<\/p>\n\n\n\n<p><strong>Investigaci\u00f3n<\/strong><\/p>\n\n\n\n<p>En el \u00e1rea de investigaci\u00f3n, durante 2022 existen 89 procesos de investigaci\u00f3n en curso con participaci\u00f3n de profesores y profesoras FADEU: 3 Fondecyt de Iniciaci\u00f3n; 9 Fondecyt Regular; 2 Fondef; 1 proyecto de Bien P\u00fablico; 1 proyecto de Ciencia P\u00fablica; 17 Fondart; 15 Patentes; 31 Patentes en Tr\u00e1mite; y la gesti\u00f3n de 10 licencias (que se vienen trabajando desde 2007).<\/p>\n\n\n\n<p>Adem\u00e1s, durante 2020 y 2021, desde la Facultad se han publicado 28 libros; 85 art\u00edculos WoS; 47 art\u00edculos Scopus; 48 cap\u00edtulos de libros; y 21 art\u00edculos con otras indexaciones.<\/p>\n\n\n\n<p>Respecto del Doctorado en Arquitectura y Estudios Urbanos, acreditado por los pr\u00f3ximos 3 a\u00f1os, se han graduado 81 estudiantes desde su puesta en marcha en 2004. Se ha reformulado el equipo con la llegada del profesor Pedro Alonso como Jefe de Programa, y Arturo Orellana como Jefe de Gesti\u00f3n Acad\u00e9mica.<\/p>\n\n\n\n<p>Se est\u00e1 gestionando la incorporaci\u00f3n de la escuela de Dise\u00f1o al Doctorado, y estudiando nuevas l\u00edneas de investigaci\u00f3n y tesis proyectuales; adem\u00e1s se est\u00e1 diversificando la b\u00fasqueda de fuentes de financiamiento y ajustando el Curr\u00edculo del programa.<\/p>\n\n\n\n<p>\u201cSobre lo anterior, caus\u00f3 inter\u00e9s el proceso de incorporaci\u00f3n de la escuela de Dise\u00f1o al Doctorado en Arquitectura y Estudios Urbanos, no solo porque se incorporan nuevas l\u00edneas de investigaci\u00f3n, sino adem\u00e1s porque se transforma en un programa profunda y eminentemente interdisciplinario\u201d, advirti\u00f3 el Decano.<\/p>\n\n\n\n<p><strong>Novedades<\/strong><\/p>\n\n\n\n<p>Algo que visto con inter\u00e9s por los miembros del Honorable Consejo Superior fue la creaci\u00f3n de la Unidad de Equidad de G\u00e9nero y Buen Trato (DEGY). La instancia, explic\u00f3 el Decano, \u201ctiene por objetivo hacerse cargo de aspectos relativos al buen trato, la inclusi\u00f3n y la equidad de g\u00e9nero de la comunidad de la Facultad, y est\u00e1 a cargo de la profesora Pilar Garc\u00eda\u201d.<\/p>\n\n\n\n<p>Es labor de esta unidad Promover una cultura organizacional de buenas pr\u00e1cticas, respeto y buen trato; proponer medidas internas y evaluar resultados; ser un espacio de informaci\u00f3n, apoyo y seguimiento, en relaci\u00f3n a las pol\u00edticas, normas y procedimientos que la universidad ha implementado al respecto; identificar y evaluar factores o \u00e1reas en que la facultad deba hacer cambios, respecto a acciones que atenten contra la equidad, el respeto y buen trato de sus integrantes; proponer medidas y\/o pol\u00edticas internas; representar en la facultad a la UPVS, para acoger, apoyar y aconsejar a v\u00edctimas de abuso o acoso sexual; y apoyar a la secretar\u00eda acad\u00e9mica de la facultad, para promover una carrera acad\u00e9mica con igualdad de oportunidades.<\/p>\n\n\n\n<p>En lo que respecta a la vinculaci\u00f3n con el medio, el Decano recalc\u00f3 el Ciclo \u201cReflexiones de Futuro\u201d, realizado en conjunto con Las Condes Design, la Facultad y las \u00e1reas de educaci\u00f3n continua de las escuelas de Arquitectura y Dise\u00f1o, realizando 12 charlas en 2020, 11 en 2021 y 8 en lo que va de 2022.<\/p>\n\n\n\n<p>Tambi\u00e9n relev\u00f3 la gesti\u00f3n de las Gu\u00edas de Arquitectura, Arte e Historia, trabajo conjunto entre la Facultad, el Centro del Patrimonio Cultura, Ediciones UC y Ediciones ARQ; La inauguraci\u00f3n de la Galer\u00eda GALLO; y tambi\u00e9n la gesti\u00f3n de una publicaci\u00f3n de Facultad que destacar\u00e1 proyectos de las unidades acad\u00e9micas (9 de Arquitectura, 13 de Dise\u00f1o y 6 del Instituto de Estudios Urbanos y Territoriales) que se gestaron en pandemia y a prop\u00f3sito de la pandemia por COVID-19.<\/p>\n\n\n\n<p>Asimismo, destac\u00f3 la participaci\u00f3n de acad\u00e9micos y acad\u00e9micas FADEU en prensa nacional e internacional, totalizando 705 apariciones en medios de comunicaci\u00f3n (radio, televisi\u00f3n, prensa escrita e Internet), entre enero de 2020 y septiembre de 2022.<\/p>\n\n\n\n<p>INFORMACI\u00d3N PERIOD\u00cdSTICA<br>Juan Andr\u00e9s Inzunza<\/p>\n","protected":false},"excerpt":{"rendered":"<p>Con motivo de presentar el estado actual de la Facultad de Arquitectura, Dise\u00f1o y Estudios Urbanos, el decano Mario Ubilla expuso ante el Honorable Consejo Superior de la Pontificia Universidad Cat\u00f3lica, los principales hitos de la facultad en sus 128 a\u00f1os de existencia.<\/p>\n","protected":false},"author":1,"featured_media":4145,"comment_status":"open","ping_status":"open","sticky":false,"template":"","format":"standard","meta":{"_acf_changed":false,"footnotes":""},"categories":[1],"tags":[],"class_list":["post-4144","post","type-post","status-publish","format-standard","has-post-thumbnail","hentry","category-sin-categorizar"],"acf":[],"yoast_head":"<!-- This site is optimized with the Yoast SEO plugin v27.1.1 - https:\/\/yoast.com\/product\/yoast-seo-wordpress\/ -->\n<title>Decano Mario Ubilla present\u00f3 ante el Honorable Consejo Superior UC - Facultad de Arquitectura, Dise\u00f1o y Estudios Urbanos<\/title>\n<meta name=\"description\" content=\"Con motivo de presentar el estado actual de la Facultad de Arquitectura, Dise\u00f1o y Estudios Urbanos, el decano Mario Ubilla expuso ante el Honorable Consejo Superior de la Pontificia Universidad Cat\u00f3lica, los principales hitos de la facultad en sus 128 a\u00f1os de existencia.\" \/>\n<meta name=\"robots\" content=\"index, follow, max-snippet:-1, max-image-preview:large, max-video-preview:-1\" \/>\n<link rel=\"canonical\" href=\"https:\/\/fadeu.urantiacos.cl\/en\/2022\/09\/11\/decano-mario-ubilla-presento-ante-el-honorable-consejo-superior-uc\/\" \/>\n<meta property=\"og:locale\" content=\"en_US\" \/>\n<meta property=\"og:type\" content=\"article\" \/>\n<meta property=\"og:title\" content=\"Decano Mario Ubilla present\u00f3 ante el Honorable Consejo Superior UC - Facultad de Arquitectura, Dise\u00f1o y Estudios Urbanos\" \/>\n<meta property=\"og:description\" content=\"Con motivo de presentar el estado actual de la Facultad de Arquitectura, Dise\u00f1o y Estudios Urbanos, el decano Mario Ubilla expuso ante el Honorable Consejo Superior de la Pontificia Universidad Cat\u00f3lica, los principales hitos de la facultad en sus 128 a\u00f1os de existencia.\" \/>\n<meta property=\"og:url\" content=\"https:\/\/fadeu.urantiacos.cl\/en\/2022\/09\/11\/decano-mario-ubilla-presento-ante-el-honorable-consejo-superior-uc\/\" \/>\n<meta property=\"og:site_name\" content=\"Facultad de Arquitectura, Dise\u00f1o y Estudios Urbanos\" \/>\n<meta property=\"article:published_time\" content=\"2022-09-11T22:52:00+00:00\" \/>\n<meta property=\"article:modified_time\" content=\"2023-09-03T22:54:17+00:00\" \/>\n<meta property=\"og:image\" content=\"https:\/\/fadeu.urantiacos.cl\/wp-content\/uploads\/2023\/09\/web_IMG_8321_2.jpg\" \/>\n\t<meta property=\"og:image:width\" content=\"350\" \/>\n\t<meta property=\"og:image:height\" content=\"250\" \/>\n\t<meta property=\"og:image:type\" content=\"image\/jpeg\" \/>\n<meta name=\"author\" content=\"manadmin\" \/>\n<meta name=\"twitter:card\" content=\"summary_large_image\" \/>\n<meta name=\"twitter:label1\" content=\"Written by\" \/>\n\t<meta name=\"twitter:data1\" content=\"manadmin\" \/>\n\t<meta name=\"twitter:label2\" content=\"Est. reading time\" \/>\n\t<meta name=\"twitter:data2\" content=\"5 minutes\" \/>\n<script type=\"application\/ld+json\" class=\"yoast-schema-graph\">{\"@context\":\"https:\/\/schema.org\",\"@graph\":[{\"@type\":\"Article\",\"@id\":\"https:\/\/fadeu.urantiacos.cl\/en\/2022\/09\/11\/decano-mario-ubilla-presento-ante-el-honorable-consejo-superior-uc\/#article\",\"isPartOf\":{\"@id\":\"https:\/\/fadeu.urantiacos.cl\/en\/2022\/09\/11\/decano-mario-ubilla-presento-ante-el-honorable-consejo-superior-uc\/\"},\"author\":{\"name\":\"manadmin\",\"@id\":\"https:\/\/fadeu.urantiacos.cl\/en\/#\/schema\/person\/d203e2e84b1c40275eac77b3061a19a2\"},\"headline\":\"Decano Mario Ubilla present\u00f3 ante el Honorable Consejo Superior UC\",\"datePublished\":\"2022-09-11T22:52:00+00:00\",\"dateModified\":\"2023-09-03T22:54:17+00:00\",\"mainEntityOfPage\":{\"@id\":\"https:\/\/fadeu.urantiacos.cl\/en\/2022\/09\/11\/decano-mario-ubilla-presento-ante-el-honorable-consejo-superior-uc\/\"},\"wordCount\":1004,\"commentCount\":0,\"image\":{\"@id\":\"https:\/\/fadeu.urantiacos.cl\/en\/2022\/09\/11\/decano-mario-ubilla-presento-ante-el-honorable-consejo-superior-uc\/#primaryimage\"},\"thumbnailUrl\":\"https:\/\/fadeu.urantiacos.cl\/wp-content\/uploads\/2023\/09\/web_IMG_8321_2.jpg\",\"articleSection\":[\"Sin categorizar\"],\"inLanguage\":\"en-US\",\"potentialAction\":[{\"@type\":\"CommentAction\",\"name\":\"Comment\",\"target\":[\"https:\/\/fadeu.urantiacos.cl\/en\/2022\/09\/11\/decano-mario-ubilla-presento-ante-el-honorable-consejo-superior-uc\/#respond\"]}]},{\"@type\":\"WebPage\",\"@id\":\"https:\/\/fadeu.urantiacos.cl\/en\/2022\/09\/11\/decano-mario-ubilla-presento-ante-el-honorable-consejo-superior-uc\/\",\"url\":\"https:\/\/fadeu.urantiacos.cl\/en\/2022\/09\/11\/decano-mario-ubilla-presento-ante-el-honorable-consejo-superior-uc\/\",\"name\":\"Decano Mario Ubilla present\u00f3 ante el Honorable Consejo Superior UC - Facultad de Arquitectura, Dise\u00f1o y Estudios Urbanos\",\"isPartOf\":{\"@id\":\"https:\/\/fadeu.urantiacos.cl\/en\/#website\"},\"primaryImageOfPage\":{\"@id\":\"https:\/\/fadeu.urantiacos.cl\/en\/2022\/09\/11\/decano-mario-ubilla-presento-ante-el-honorable-consejo-superior-uc\/#primaryimage\"},\"image\":{\"@id\":\"https:\/\/fadeu.urantiacos.cl\/en\/2022\/09\/11\/decano-mario-ubilla-presento-ante-el-honorable-consejo-superior-uc\/#primaryimage\"},\"thumbnailUrl\":\"https:\/\/fadeu.urantiacos.cl\/wp-content\/uploads\/2023\/09\/web_IMG_8321_2.jpg\",\"datePublished\":\"2022-09-11T22:52:00+00:00\",\"dateModified\":\"2023-09-03T22:54:17+00:00\",\"author\":{\"@id\":\"https:\/\/fadeu.urantiacos.cl\/en\/#\/schema\/person\/d203e2e84b1c40275eac77b3061a19a2\"},\"description\":\"Con motivo de presentar el estado actual de la Facultad de Arquitectura, Dise\u00f1o y Estudios Urbanos, el decano Mario Ubilla expuso ante el Honorable Consejo Superior de la Pontificia Universidad Cat\u00f3lica, los principales hitos de la facultad en sus 128 a\u00f1os de existencia.\",\"breadcrumb\":{\"@id\":\"https:\/\/fadeu.urantiacos.cl\/en\/2022\/09\/11\/decano-mario-ubilla-presento-ante-el-honorable-consejo-superior-uc\/#breadcrumb\"},\"inLanguage\":\"en-US\",\"potentialAction\":[{\"@type\":\"ReadAction\",\"target\":[\"https:\/\/fadeu.urantiacos.cl\/en\/2022\/09\/11\/decano-mario-ubilla-presento-ante-el-honorable-consejo-superior-uc\/\"]}]},{\"@type\":\"ImageObject\",\"inLanguage\":\"en-US\",\"@id\":\"https:\/\/fadeu.urantiacos.cl\/en\/2022\/09\/11\/decano-mario-ubilla-presento-ante-el-honorable-consejo-superior-uc\/#primaryimage\",\"url\":\"https:\/\/fadeu.urantiacos.cl\/wp-content\/uploads\/2023\/09\/web_IMG_8321_2.jpg\",\"contentUrl\":\"https:\/\/fadeu.urantiacos.cl\/wp-content\/uploads\/2023\/09\/web_IMG_8321_2.jpg\",\"width\":350,\"height\":250},{\"@type\":\"BreadcrumbList\",\"@id\":\"https:\/\/fadeu.urantiacos.cl\/en\/2022\/09\/11\/decano-mario-ubilla-presento-ante-el-honorable-consejo-superior-uc\/#breadcrumb\",\"itemListElement\":[{\"@type\":\"ListItem\",\"position\":1,\"name\":\"Portada\",\"item\":\"https:\/\/fadeu.urantiacos.cl\/en\/\"},{\"@type\":\"ListItem\",\"position\":2,\"name\":\"Decano Mario Ubilla present\u00f3 ante el Honorable Consejo Superior UC\"}]},{\"@type\":\"WebSite\",\"@id\":\"https:\/\/fadeu.urantiacos.cl\/en\/#website\",\"url\":\"https:\/\/fadeu.urantiacos.cl\/en\/\",\"name\":\"Facultad de Arquitectura, Dise\u00f1o y Estudios Urbanos\",\"description\":\"Campus Lo Contador\",\"potentialAction\":[{\"@type\":\"SearchAction\",\"target\":{\"@type\":\"EntryPoint\",\"urlTemplate\":\"https:\/\/fadeu.urantiacos.cl\/en\/?s={search_term_string}\"},\"query-input\":{\"@type\":\"PropertyValueSpecification\",\"valueRequired\":true,\"valueName\":\"search_term_string\"}}],\"inLanguage\":\"en-US\"},{\"@type\":\"Person\",\"@id\":\"https:\/\/fadeu.urantiacos.cl\/en\/#\/schema\/person\/d203e2e84b1c40275eac77b3061a19a2\",\"name\":\"manadmin\",\"image\":{\"@type\":\"ImageObject\",\"inLanguage\":\"en-US\",\"@id\":\"https:\/\/fadeu.urantiacos.cl\/en\/#\/schema\/person\/image\/\",\"url\":\"https:\/\/secure.gravatar.com\/avatar\/4b1d8e3303b4a9d8968ac578947d8bc80d9aea359f388cdd4aac15cadc0e8447?s=96&d=mm&r=g\",\"contentUrl\":\"https:\/\/secure.gravatar.com\/avatar\/4b1d8e3303b4a9d8968ac578947d8bc80d9aea359f388cdd4aac15cadc0e8447?s=96&d=mm&r=g\",\"caption\":\"manadmin\"},\"sameAs\":[\"https:\/\/fadeu.urantiacos.cl\"]}]}<\/script>\n<!-- \/ Yoast SEO plugin. -->","yoast_head_json":{"title":"Decano Mario Ubilla present\u00f3 ante el Honorable Consejo Superior UC - Facultad de Arquitectura, Dise\u00f1o y Estudios Urbanos","description":"Con motivo de presentar el estado actual de la Facultad de Arquitectura, Dise\u00f1o y Estudios Urbanos, el decano Mario Ubilla expuso ante el Honorable Consejo Superior de la Pontificia Universidad Cat\u00f3lica, los principales hitos de la facultad en sus 128 a\u00f1os de existencia.","robots":{"index":"index","follow":"follow","max-snippet":"max-snippet:-1","max-image-preview":"max-image-preview:large","max-video-preview":"max-video-preview:-1"},"canonical":"https:\/\/fadeu.urantiacos.cl\/en\/2022\/09\/11\/decano-mario-ubilla-presento-ante-el-honorable-consejo-superior-uc\/","og_locale":"en_US","og_type":"article","og_title":"Decano Mario Ubilla present\u00f3 ante el Honorable Consejo Superior UC - Facultad de Arquitectura, Dise\u00f1o y Estudios Urbanos","og_description":"Con motivo de presentar el estado actual de la Facultad de Arquitectura, Dise\u00f1o y Estudios Urbanos, el decano Mario Ubilla expuso ante el Honorable Consejo Superior de la Pontificia Universidad Cat\u00f3lica, los principales hitos de la facultad en sus 128 a\u00f1os de existencia.","og_url":"https:\/\/fadeu.urantiacos.cl\/en\/2022\/09\/11\/decano-mario-ubilla-presento-ante-el-honorable-consejo-superior-uc\/","og_site_name":"Facultad de Arquitectura, Dise\u00f1o y Estudios Urbanos","article_published_time":"2022-09-11T22:52:00+00:00","article_modified_time":"2023-09-03T22:54:17+00:00","og_image":[{"width":350,"height":250,"url":"https:\/\/fadeu.urantiacos.cl\/wp-content\/uploads\/2023\/09\/web_IMG_8321_2.jpg","type":"image\/jpeg"}],"author":"manadmin","twitter_card":"summary_large_image","twitter_misc":{"Written by":"manadmin","Est. reading time":"5 minutes"},"schema":{"@context":"https:\/\/schema.org","@graph":[{"@type":"Article","@id":"https:\/\/fadeu.urantiacos.cl\/en\/2022\/09\/11\/decano-mario-ubilla-presento-ante-el-honorable-consejo-superior-uc\/#article","isPartOf":{"@id":"https:\/\/fadeu.urantiacos.cl\/en\/2022\/09\/11\/decano-mario-ubilla-presento-ante-el-honorable-consejo-superior-uc\/"},"author":{"name":"manadmin","@id":"https:\/\/fadeu.urantiacos.cl\/en\/#\/schema\/person\/d203e2e84b1c40275eac77b3061a19a2"},"headline":"Decano Mario Ubilla present\u00f3 ante el Honorable Consejo Superior UC","datePublished":"2022-09-11T22:52:00+00:00","dateModified":"2023-09-03T22:54:17+00:00","mainEntityOfPage":{"@id":"https:\/\/fadeu.urantiacos.cl\/en\/2022\/09\/11\/decano-mario-ubilla-presento-ante-el-honorable-consejo-superior-uc\/"},"wordCount":1004,"commentCount":0,"image":{"@id":"https:\/\/fadeu.urantiacos.cl\/en\/2022\/09\/11\/decano-mario-ubilla-presento-ante-el-honorable-consejo-superior-uc\/#primaryimage"},"thumbnailUrl":"https:\/\/fadeu.urantiacos.cl\/wp-content\/uploads\/2023\/09\/web_IMG_8321_2.jpg","articleSection":["Sin categorizar"],"inLanguage":"en-US","potentialAction":[{"@type":"CommentAction","name":"Comment","target":["https:\/\/fadeu.urantiacos.cl\/en\/2022\/09\/11\/decano-mario-ubilla-presento-ante-el-honorable-consejo-superior-uc\/#respond"]}]},{"@type":"WebPage","@id":"https:\/\/fadeu.urantiacos.cl\/en\/2022\/09\/11\/decano-mario-ubilla-presento-ante-el-honorable-consejo-superior-uc\/","url":"https:\/\/fadeu.urantiacos.cl\/en\/2022\/09\/11\/decano-mario-ubilla-presento-ante-el-honorable-consejo-superior-uc\/","name":"Decano Mario Ubilla present\u00f3 ante el Honorable Consejo Superior UC - Facultad de Arquitectura, Dise\u00f1o y Estudios Urbanos","isPartOf":{"@id":"https:\/\/fadeu.urantiacos.cl\/en\/#website"},"primaryImageOfPage":{"@id":"https:\/\/fadeu.urantiacos.cl\/en\/2022\/09\/11\/decano-mario-ubilla-presento-ante-el-honorable-consejo-superior-uc\/#primaryimage"},"image":{"@id":"https:\/\/fadeu.urantiacos.cl\/en\/2022\/09\/11\/decano-mario-ubilla-presento-ante-el-honorable-consejo-superior-uc\/#primaryimage"},"thumbnailUrl":"https:\/\/fadeu.urantiacos.cl\/wp-content\/uploads\/2023\/09\/web_IMG_8321_2.jpg","datePublished":"2022-09-11T22:52:00+00:00","dateModified":"2023-09-03T22:54:17+00:00","author":{"@id":"https:\/\/fadeu.urantiacos.cl\/en\/#\/schema\/person\/d203e2e84b1c40275eac77b3061a19a2"},"description":"Con motivo de presentar el estado actual de la Facultad de Arquitectura, Dise\u00f1o y Estudios Urbanos, el decano Mario Ubilla expuso ante el Honorable Consejo Superior de la Pontificia Universidad Cat\u00f3lica, los principales hitos de la facultad en sus 128 a\u00f1os de existencia.","breadcrumb":{"@id":"https:\/\/fadeu.urantiacos.cl\/en\/2022\/09\/11\/decano-mario-ubilla-presento-ante-el-honorable-consejo-superior-uc\/#breadcrumb"},"inLanguage":"en-US","potentialAction":[{"@type":"ReadAction","target":["https:\/\/fadeu.urantiacos.cl\/en\/2022\/09\/11\/decano-mario-ubilla-presento-ante-el-honorable-consejo-superior-uc\/"]}]},{"@type":"ImageObject","inLanguage":"en-US","@id":"https:\/\/fadeu.urantiacos.cl\/en\/2022\/09\/11\/decano-mario-ubilla-presento-ante-el-honorable-consejo-superior-uc\/#primaryimage","url":"https:\/\/fadeu.urantiacos.cl\/wp-content\/uploads\/2023\/09\/web_IMG_8321_2.jpg","contentUrl":"https:\/\/fadeu.urantiacos.cl\/wp-content\/uploads\/2023\/09\/web_IMG_8321_2.jpg","width":350,"height":250},{"@type":"BreadcrumbList","@id":"https:\/\/fadeu.urantiacos.cl\/en\/2022\/09\/11\/decano-mario-ubilla-presento-ante-el-honorable-consejo-superior-uc\/#breadcrumb","itemListElement":[{"@type":"ListItem","position":1,"name":"Portada","item":"https:\/\/fadeu.urantiacos.cl\/en\/"},{"@type":"ListItem","position":2,"name":"Decano Mario Ubilla present\u00f3 ante el Honorable Consejo Superior UC"}]},{"@type":"WebSite","@id":"https:\/\/fadeu.urantiacos.cl\/en\/#website","url":"https:\/\/fadeu.urantiacos.cl\/en\/","name":"Facultad de Arquitectura, Dise\u00f1o y Estudios Urbanos","description":"Campus Lo Contador","potentialAction":[{"@type":"SearchAction","target":{"@type":"EntryPoint","urlTemplate":"https:\/\/fadeu.urantiacos.cl\/en\/?s={search_term_string}"},"query-input":{"@type":"PropertyValueSpecification","valueRequired":true,"valueName":"search_term_string"}}],"inLanguage":"en-US"},{"@type":"Person","@id":"https:\/\/fadeu.urantiacos.cl\/en\/#\/schema\/person\/d203e2e84b1c40275eac77b3061a19a2","name":"manadmin","image":{"@type":"ImageObject","inLanguage":"en-US","@id":"https:\/\/fadeu.urantiacos.cl\/en\/#\/schema\/person\/image\/","url":"https:\/\/secure.gravatar.com\/avatar\/4b1d8e3303b4a9d8968ac578947d8bc80d9aea359f388cdd4aac15cadc0e8447?s=96&d=mm&r=g","contentUrl":"https:\/\/secure.gravatar.com\/avatar\/4b1d8e3303b4a9d8968ac578947d8bc80d9aea359f388cdd4aac15cadc0e8447?s=96&d=mm&r=g","caption":"manadmin"},"sameAs":["https:\/\/fadeu.urantiacos.cl"]}]}},"_links":{"self":[{"href":"https:\/\/fadeu.urantiacos.cl\/en\/wp-json\/wp\/v2\/posts\/4144","targetHints":{"allow":["GET"]}}],"collection":[{"href":"https:\/\/fadeu.urantiacos.cl\/en\/wp-json\/wp\/v2\/posts"}],"about":[{"href":"https:\/\/fadeu.urantiacos.cl\/en\/wp-json\/wp\/v2\/types\/post"}],"author":[{"embeddable":true,"href":"https:\/\/fadeu.urantiacos.cl\/en\/wp-json\/wp\/v2\/users\/1"}],"replies":[{"embeddable":true,"href":"https:\/\/fadeu.urantiacos.cl\/en\/wp-json\/wp\/v2\/comments?post=4144"}],"version-history":[{"count":1,"href":"https:\/\/fadeu.urantiacos.cl\/en\/wp-json\/wp\/v2\/posts\/4144\/revisions"}],"predecessor-version":[{"id":4146,"href":"https:\/\/fadeu.urantiacos.cl\/en\/wp-json\/wp\/v2\/posts\/4144\/revisions\/4146"}],"wp:featuredmedia":[{"embeddable":true,"href":"https:\/\/fadeu.urantiacos.cl\/en\/wp-json\/wp\/v2\/media\/4145"}],"wp:attachment":[{"href":"https:\/\/fadeu.urantiacos.cl\/en\/wp-json\/wp\/v2\/media?parent=4144"}],"wp:term":[{"taxonomy":"category","embeddable":true,"href":"https:\/\/fadeu.urantiacos.cl\/en\/wp-json\/wp\/v2\/categories?post=4144"},{"taxonomy":"post_tag","embeddable":true,"href":"https:\/\/fadeu.urantiacos.cl\/en\/wp-json\/wp\/v2\/tags?post=4144"}],"curies":[{"name":"wp","href":"https:\/\/api.w.org\/{rel}","templated":true}]}}