{"id":4041,"date":"2022-10-03T18:00:00","date_gmt":"2022-10-03T21:00:00","guid":{"rendered":"https:\/\/fadeu.urantiacos.cl\/?p=4041"},"modified":"2023-09-03T18:04:49","modified_gmt":"2023-09-03T21:04:49","slug":"profesores-arq-uc-fueron-seleccionados-por-la-xvii-bienal-de-buenos-aires","status":"publish","type":"post","link":"https:\/\/fadeu.urantiacos.cl\/en\/2022\/10\/03\/profesores-arq-uc-fueron-seleccionados-por-la-xvii-bienal-de-buenos-aires\/","title":{"rendered":"Profesores ARQ UC fueron seleccionados por la XVII Bienal de Buenos Aires"},"content":{"rendered":"\n<figure class=\"wp-block-image size-full\"><img decoding=\"async\" width=\"350\" height=\"250\" src=\"https:\/\/fadeu.urantiacos.cl\/wp-content\/uploads\/2023\/09\/web_CP-MolettoParedes-EPEM-0154.jpg\" alt=\"\" class=\"wp-image-4042\" srcset=\"https:\/\/fadeu.urantiacos.cl\/wp-content\/uploads\/2023\/09\/web_CP-MolettoParedes-EPEM-0154.jpg 350w, https:\/\/fadeu.urantiacos.cl\/wp-content\/uploads\/2023\/09\/web_CP-MolettoParedes-EPEM-0154-300x214.jpg 300w\" sizes=\"(max-width: 350px) 100vw, 350px\" \/><\/figure>\n\n\n\n<p>A cargo de la Asociaci\u00f3n BienalBA, el Centro de Arte y Comunicaci\u00f3n (CAYC) y la plataforma de producci\u00f3n cultural 90_20, la Bienal Internacional de Arquitectura de Buenos Aires anunci\u00f3 recientemente los proyectos seleccionados por el jurado para la versi\u00f3n n\u00famero dieciocho del evento. Las obras fueron seleccionadas a partir de una convocatoria abierta que, de acuerdo con comunicado de la instituci\u00f3n, \u201crecibi\u00f3 un n\u00famero in\u00e9dito de aplicaciones\u201d, entre los que est\u00e1n el Centro de estimulaci\u00f3n integral Juan Luis Undurraga del profesor Sebasti\u00e1n Irarr\u00e1zaval y el edificio de la Escuela de Pedagog\u00eda en Educaci\u00f3n Media del Campus San Joaqu\u00edn UC del profesor Alberto Moletto en asociaci\u00f3n con el profesor Sebasti\u00e1n Paredes.<\/p>\n\n\n\n<p>La selecci\u00f3n comprende proyectos realizados durante los \u00faltimos cuatro a\u00f1os en todo el mundo, incluyendo as\u00ed obras de Alemania, Brasil, Colombia, Ecuador, Espa\u00f1a, M\u00e9xico, Per\u00fa y Suiza, entre otros pa\u00edses. En ese contexto, los respectivos edificios seleccionados de los profesores ARQ UC \u2014ambos en la categor\u00eda \u201cEquipamiento p\u00fablico\u201d\u2014 formar\u00e1n parte de la exposici\u00f3n digital que tendr\u00e1 el evento, adem\u00e1s de competir por los dos reconocimientos que entrega la organizaci\u00f3n: el Premio Bienal por categor\u00edas y el Gran Premio Bienal, los que ser\u00e1n definidos por un jurado internacional junto a miembros del comit\u00e9 directivo de la bienal. Asimismo, participar\u00e1n autom\u00e1ticamente de la quinta versi\u00f3n del Premio Oscar Niemeyer, galard\u00f3n otorgado por la Red de Bienales de Arquitectura de Am\u00e9rica Latina (Red BAAL).<\/p>\n\n\n\n<p>Son 122 obras las que incluye el listado de seleccionados entre las siete categor\u00edas que tiene ese evento internacional trasandino \u2014que abarcan desde el paisajismo hasta el interiorismo\u2014 y 22 las obras de la categor\u00eda \u201cEquipamiento p\u00fablico\u201d\u2014 en la que participan los profesores ARQ UC.<\/p>\n\n\n\n<p>La XVIII Bienal Internacional de Arquitectura de Buenos Aires se realizar\u00e1 \u2014de manera presencial\u2014 entre los d\u00edas 28 de septiembre y 2 de octubre de 2022 y tendr\u00e1 el Faena Art Center como sede central.<\/p>\n\n\n\n<p>Ver la lista completa de seleccionados en el siguiente&nbsp;<a href=\"http:\/\/labienalarq.com.ar\/premio-bienal\/\" target=\"_blank\" rel=\"noreferrer noopener\">link<\/a>&nbsp;<br>M\u00e1s sobre la BienalBA 2022 en el siguiente&nbsp;<a href=\"https:\/\/labienalarq.com.ar\/\" target=\"_blank\" rel=\"noreferrer noopener\">enlace<\/a>&nbsp;<br>M\u00e1s sobre el Centro de estimulaci\u00f3n en el siguiente&nbsp;<a href=\"https:\/\/www.scielo.cl\/pdf\/arq\/n106\/0717-6996-arq-106-72.pdf\" target=\"_blank\" rel=\"noreferrer noopener\">link<\/a>&nbsp;<br>M\u00e1s sobre el edificio de la Escuela de Pedagog\u00eda en en el siguiente&nbsp;<a href=\"https:\/\/www.archdaily.cl\/cl\/969983\/escuela-pedagogia-en-educacion-media-universidad-catolica-alberto-moletto\" target=\"_blank\" rel=\"noreferrer noopener\">link<\/a>&nbsp;<\/p>\n\n\n\n<figure class=\"wp-block-image size-large\"><img decoding=\"async\" width=\"1024\" height=\"406\" src=\"https:\/\/fadeu.urantiacos.cl\/wp-content\/uploads\/2023\/09\/IRARRAZAVAL_2022-09-29_11.04.59-1024x406.png\" alt=\"\" class=\"wp-image-4043\" srcset=\"https:\/\/fadeu.urantiacos.cl\/wp-content\/uploads\/2023\/09\/IRARRAZAVAL_2022-09-29_11.04.59-1024x406.png 1024w, https:\/\/fadeu.urantiacos.cl\/wp-content\/uploads\/2023\/09\/IRARRAZAVAL_2022-09-29_11.04.59-300x119.png 300w, https:\/\/fadeu.urantiacos.cl\/wp-content\/uploads\/2023\/09\/IRARRAZAVAL_2022-09-29_11.04.59-768x304.png 768w, https:\/\/fadeu.urantiacos.cl\/wp-content\/uploads\/2023\/09\/IRARRAZAVAL_2022-09-29_11.04.59-1536x609.png 1536w, https:\/\/fadeu.urantiacos.cl\/wp-content\/uploads\/2023\/09\/IRARRAZAVAL_2022-09-29_11.04.59.png 1600w\" sizes=\"(max-width: 1024px) 100vw, 1024px\" \/><\/figure>\n\n\n\n<p>Centro de estimulaci\u00f3n integral Juan Luis Undurraga. Fotograf\u00eda\u00a0Crist\u00f3bal Palma<\/p>\n\n\n\n<figure class=\"wp-block-image size-large\"><img decoding=\"async\" width=\"1024\" height=\"683\" src=\"https:\/\/fadeu.urantiacos.cl\/wp-content\/uploads\/2023\/09\/CP-MolettoParedes-EPEM-0154-1024x683.jpeg\" alt=\"\" class=\"wp-image-4044\" srcset=\"https:\/\/fadeu.urantiacos.cl\/wp-content\/uploads\/2023\/09\/CP-MolettoParedes-EPEM-0154-1024x683.jpeg 1024w, https:\/\/fadeu.urantiacos.cl\/wp-content\/uploads\/2023\/09\/CP-MolettoParedes-EPEM-0154-300x200.jpeg 300w, https:\/\/fadeu.urantiacos.cl\/wp-content\/uploads\/2023\/09\/CP-MolettoParedes-EPEM-0154-768x512.jpeg 768w, https:\/\/fadeu.urantiacos.cl\/wp-content\/uploads\/2023\/09\/CP-MolettoParedes-EPEM-0154.jpeg 1280w\" sizes=\"(max-width: 1024px) 100vw, 1024px\" \/><\/figure>\n\n\n\n<p>Escuela Pedagog\u00eda en Educaci\u00f3n Media Universidad Cat\u00f3lica. Fotograf\u00eda Crist\u00f3bal Palma<\/p>\n\n\n\n<p>Noticias<br>Contacto:&nbsp;<a href=\"mailto:redesarq@uc.cl\">redesarq@uc.cl<\/a>&nbsp;| +56 2 2354 7747<br>www.arquitectura.uc.cl<\/p>\n","protected":false},"excerpt":{"rendered":"<p>Obras de Sebasti\u00e1n Irarr\u00e1zaval y Alberto Moletto \u2014en asociaci\u00f3n con Sebasti\u00e1n Paredes, tambi\u00e9n profesor de nuestra escuela\u2014 ser\u00e1n parte de la edici\u00f3n 2022 del evento internacional trasandino.<\/p>\n","protected":false},"author":1,"featured_media":4042,"comment_status":"open","ping_status":"open","sticky":false,"template":"","format":"standard","meta":{"_acf_changed":false,"footnotes":""},"categories":[1],"tags":[],"class_list":["post-4041","post","type-post","status-publish","format-standard","has-post-thumbnail","hentry","category-sin-categorizar"],"acf":[],"yoast_head":"<!-- This site is optimized with the Yoast SEO plugin v27.1.1 - https:\/\/yoast.com\/product\/yoast-seo-wordpress\/ -->\n<title>Profesores ARQ UC fueron seleccionados por la XVII Bienal de Buenos Aires - Facultad de Arquitectura, Dise\u00f1o y Estudios Urbanos<\/title>\n<meta name=\"description\" content=\"Obras de Sebasti\u00e1n Irarr\u00e1zaval y Alberto Moletto \u2014en asociaci\u00f3n con Sebasti\u00e1n Paredes, tambi\u00e9n profesor de nuestra escuela\u2014 ser\u00e1n parte de la edici\u00f3n 2022 del evento internacional trasandino.\" \/>\n<meta name=\"robots\" content=\"index, follow, max-snippet:-1, max-image-preview:large, max-video-preview:-1\" \/>\n<link rel=\"canonical\" href=\"https:\/\/fadeu.urantiacos.cl\/en\/2022\/10\/03\/profesores-arq-uc-fueron-seleccionados-por-la-xvii-bienal-de-buenos-aires\/\" \/>\n<meta property=\"og:locale\" content=\"en_US\" \/>\n<meta property=\"og:type\" content=\"article\" \/>\n<meta property=\"og:title\" content=\"Profesores ARQ UC fueron seleccionados por la XVII Bienal de Buenos Aires - Facultad de Arquitectura, Dise\u00f1o y Estudios Urbanos\" \/>\n<meta property=\"og:description\" content=\"Obras de Sebasti\u00e1n Irarr\u00e1zaval y Alberto Moletto \u2014en asociaci\u00f3n con Sebasti\u00e1n Paredes, tambi\u00e9n profesor de nuestra escuela\u2014 ser\u00e1n parte de la edici\u00f3n 2022 del evento internacional trasandino.\" \/>\n<meta property=\"og:url\" content=\"https:\/\/fadeu.urantiacos.cl\/en\/2022\/10\/03\/profesores-arq-uc-fueron-seleccionados-por-la-xvii-bienal-de-buenos-aires\/\" \/>\n<meta property=\"og:site_name\" content=\"Facultad de Arquitectura, Dise\u00f1o y Estudios Urbanos\" \/>\n<meta property=\"article:published_time\" content=\"2022-10-03T21:00:00+00:00\" \/>\n<meta property=\"article:modified_time\" content=\"2023-09-03T21:04:49+00:00\" \/>\n<meta property=\"og:image\" content=\"https:\/\/fadeu.urantiacos.cl\/wp-content\/uploads\/2023\/09\/web_CP-MolettoParedes-EPEM-0154.jpg\" \/>\n\t<meta property=\"og:image:width\" content=\"350\" \/>\n\t<meta property=\"og:image:height\" content=\"250\" \/>\n\t<meta property=\"og:image:type\" content=\"image\/jpeg\" \/>\n<meta name=\"author\" content=\"manadmin\" \/>\n<meta name=\"twitter:card\" content=\"summary_large_image\" \/>\n<meta name=\"twitter:label1\" content=\"Written by\" \/>\n\t<meta name=\"twitter:data1\" content=\"manadmin\" \/>\n\t<meta name=\"twitter:label2\" content=\"Est. reading time\" \/>\n\t<meta name=\"twitter:data2\" content=\"2 minutes\" \/>\n<script type=\"application\/ld+json\" class=\"yoast-schema-graph\">{\"@context\":\"https:\/\/schema.org\",\"@graph\":[{\"@type\":\"Article\",\"@id\":\"https:\/\/fadeu.urantiacos.cl\/en\/2022\/10\/03\/profesores-arq-uc-fueron-seleccionados-por-la-xvii-bienal-de-buenos-aires\/#article\",\"isPartOf\":{\"@id\":\"https:\/\/fadeu.urantiacos.cl\/en\/2022\/10\/03\/profesores-arq-uc-fueron-seleccionados-por-la-xvii-bienal-de-buenos-aires\/\"},\"author\":{\"name\":\"manadmin\",\"@id\":\"https:\/\/fadeu.urantiacos.cl\/en\/#\/schema\/person\/d203e2e84b1c40275eac77b3061a19a2\"},\"headline\":\"Profesores ARQ UC fueron seleccionados por la XVII Bienal de Buenos Aires\",\"datePublished\":\"2022-10-03T21:00:00+00:00\",\"dateModified\":\"2023-09-03T21:04:49+00:00\",\"mainEntityOfPage\":{\"@id\":\"https:\/\/fadeu.urantiacos.cl\/en\/2022\/10\/03\/profesores-arq-uc-fueron-seleccionados-por-la-xvii-bienal-de-buenos-aires\/\"},\"wordCount\":449,\"commentCount\":0,\"image\":{\"@id\":\"https:\/\/fadeu.urantiacos.cl\/en\/2022\/10\/03\/profesores-arq-uc-fueron-seleccionados-por-la-xvii-bienal-de-buenos-aires\/#primaryimage\"},\"thumbnailUrl\":\"https:\/\/fadeu.urantiacos.cl\/wp-content\/uploads\/2023\/09\/web_CP-MolettoParedes-EPEM-0154.jpg\",\"articleSection\":[\"Sin categorizar\"],\"inLanguage\":\"en-US\",\"potentialAction\":[{\"@type\":\"CommentAction\",\"name\":\"Comment\",\"target\":[\"https:\/\/fadeu.urantiacos.cl\/en\/2022\/10\/03\/profesores-arq-uc-fueron-seleccionados-por-la-xvii-bienal-de-buenos-aires\/#respond\"]}]},{\"@type\":\"WebPage\",\"@id\":\"https:\/\/fadeu.urantiacos.cl\/en\/2022\/10\/03\/profesores-arq-uc-fueron-seleccionados-por-la-xvii-bienal-de-buenos-aires\/\",\"url\":\"https:\/\/fadeu.urantiacos.cl\/en\/2022\/10\/03\/profesores-arq-uc-fueron-seleccionados-por-la-xvii-bienal-de-buenos-aires\/\",\"name\":\"Profesores ARQ UC fueron seleccionados por la XVII Bienal de Buenos Aires - Facultad de Arquitectura, Dise\u00f1o y Estudios Urbanos\",\"isPartOf\":{\"@id\":\"https:\/\/fadeu.urantiacos.cl\/en\/#website\"},\"primaryImageOfPage\":{\"@id\":\"https:\/\/fadeu.urantiacos.cl\/en\/2022\/10\/03\/profesores-arq-uc-fueron-seleccionados-por-la-xvii-bienal-de-buenos-aires\/#primaryimage\"},\"image\":{\"@id\":\"https:\/\/fadeu.urantiacos.cl\/en\/2022\/10\/03\/profesores-arq-uc-fueron-seleccionados-por-la-xvii-bienal-de-buenos-aires\/#primaryimage\"},\"thumbnailUrl\":\"https:\/\/fadeu.urantiacos.cl\/wp-content\/uploads\/2023\/09\/web_CP-MolettoParedes-EPEM-0154.jpg\",\"datePublished\":\"2022-10-03T21:00:00+00:00\",\"dateModified\":\"2023-09-03T21:04:49+00:00\",\"author\":{\"@id\":\"https:\/\/fadeu.urantiacos.cl\/en\/#\/schema\/person\/d203e2e84b1c40275eac77b3061a19a2\"},\"description\":\"Obras de Sebasti\u00e1n Irarr\u00e1zaval y Alberto Moletto \u2014en asociaci\u00f3n con Sebasti\u00e1n Paredes, tambi\u00e9n profesor de nuestra escuela\u2014 ser\u00e1n parte de la edici\u00f3n 2022 del evento internacional trasandino.\",\"breadcrumb\":{\"@id\":\"https:\/\/fadeu.urantiacos.cl\/en\/2022\/10\/03\/profesores-arq-uc-fueron-seleccionados-por-la-xvii-bienal-de-buenos-aires\/#breadcrumb\"},\"inLanguage\":\"en-US\",\"potentialAction\":[{\"@type\":\"ReadAction\",\"target\":[\"https:\/\/fadeu.urantiacos.cl\/en\/2022\/10\/03\/profesores-arq-uc-fueron-seleccionados-por-la-xvii-bienal-de-buenos-aires\/\"]}]},{\"@type\":\"ImageObject\",\"inLanguage\":\"en-US\",\"@id\":\"https:\/\/fadeu.urantiacos.cl\/en\/2022\/10\/03\/profesores-arq-uc-fueron-seleccionados-por-la-xvii-bienal-de-buenos-aires\/#primaryimage\",\"url\":\"https:\/\/fadeu.urantiacos.cl\/wp-content\/uploads\/2023\/09\/web_CP-MolettoParedes-EPEM-0154.jpg\",\"contentUrl\":\"https:\/\/fadeu.urantiacos.cl\/wp-content\/uploads\/2023\/09\/web_CP-MolettoParedes-EPEM-0154.jpg\",\"width\":350,\"height\":250},{\"@type\":\"BreadcrumbList\",\"@id\":\"https:\/\/fadeu.urantiacos.cl\/en\/2022\/10\/03\/profesores-arq-uc-fueron-seleccionados-por-la-xvii-bienal-de-buenos-aires\/#breadcrumb\",\"itemListElement\":[{\"@type\":\"ListItem\",\"position\":1,\"name\":\"Portada\",\"item\":\"https:\/\/fadeu.urantiacos.cl\/en\/\"},{\"@type\":\"ListItem\",\"position\":2,\"name\":\"Profesores ARQ UC fueron seleccionados por la XVII Bienal de Buenos Aires\"}]},{\"@type\":\"WebSite\",\"@id\":\"https:\/\/fadeu.urantiacos.cl\/en\/#website\",\"url\":\"https:\/\/fadeu.urantiacos.cl\/en\/\",\"name\":\"Facultad de Arquitectura, Dise\u00f1o y Estudios Urbanos\",\"description\":\"Campus Lo Contador\",\"potentialAction\":[{\"@type\":\"SearchAction\",\"target\":{\"@type\":\"EntryPoint\",\"urlTemplate\":\"https:\/\/fadeu.urantiacos.cl\/en\/?s={search_term_string}\"},\"query-input\":{\"@type\":\"PropertyValueSpecification\",\"valueRequired\":true,\"valueName\":\"search_term_string\"}}],\"inLanguage\":\"en-US\"},{\"@type\":\"Person\",\"@id\":\"https:\/\/fadeu.urantiacos.cl\/en\/#\/schema\/person\/d203e2e84b1c40275eac77b3061a19a2\",\"name\":\"manadmin\",\"image\":{\"@type\":\"ImageObject\",\"inLanguage\":\"en-US\",\"@id\":\"https:\/\/fadeu.urantiacos.cl\/en\/#\/schema\/person\/image\/\",\"url\":\"https:\/\/secure.gravatar.com\/avatar\/4b1d8e3303b4a9d8968ac578947d8bc80d9aea359f388cdd4aac15cadc0e8447?s=96&d=mm&r=g\",\"contentUrl\":\"https:\/\/secure.gravatar.com\/avatar\/4b1d8e3303b4a9d8968ac578947d8bc80d9aea359f388cdd4aac15cadc0e8447?s=96&d=mm&r=g\",\"caption\":\"manadmin\"},\"sameAs\":[\"https:\/\/fadeu.urantiacos.cl\"]}]}<\/script>\n<!-- \/ Yoast SEO plugin. -->","yoast_head_json":{"title":"Profesores ARQ UC fueron seleccionados por la XVII Bienal de Buenos Aires - Facultad de Arquitectura, Dise\u00f1o y Estudios Urbanos","description":"Obras de Sebasti\u00e1n Irarr\u00e1zaval y Alberto Moletto \u2014en asociaci\u00f3n con Sebasti\u00e1n Paredes, tambi\u00e9n profesor de nuestra escuela\u2014 ser\u00e1n parte de la edici\u00f3n 2022 del evento internacional trasandino.","robots":{"index":"index","follow":"follow","max-snippet":"max-snippet:-1","max-image-preview":"max-image-preview:large","max-video-preview":"max-video-preview:-1"},"canonical":"https:\/\/fadeu.urantiacos.cl\/en\/2022\/10\/03\/profesores-arq-uc-fueron-seleccionados-por-la-xvii-bienal-de-buenos-aires\/","og_locale":"en_US","og_type":"article","og_title":"Profesores ARQ UC fueron seleccionados por la XVII Bienal de Buenos Aires - Facultad de Arquitectura, Dise\u00f1o y Estudios Urbanos","og_description":"Obras de Sebasti\u00e1n Irarr\u00e1zaval y Alberto Moletto \u2014en asociaci\u00f3n con Sebasti\u00e1n Paredes, tambi\u00e9n profesor de nuestra escuela\u2014 ser\u00e1n parte de la edici\u00f3n 2022 del evento internacional trasandino.","og_url":"https:\/\/fadeu.urantiacos.cl\/en\/2022\/10\/03\/profesores-arq-uc-fueron-seleccionados-por-la-xvii-bienal-de-buenos-aires\/","og_site_name":"Facultad de Arquitectura, Dise\u00f1o y Estudios Urbanos","article_published_time":"2022-10-03T21:00:00+00:00","article_modified_time":"2023-09-03T21:04:49+00:00","og_image":[{"width":350,"height":250,"url":"https:\/\/fadeu.urantiacos.cl\/wp-content\/uploads\/2023\/09\/web_CP-MolettoParedes-EPEM-0154.jpg","type":"image\/jpeg"}],"author":"manadmin","twitter_card":"summary_large_image","twitter_misc":{"Written by":"manadmin","Est. reading time":"2 minutes"},"schema":{"@context":"https:\/\/schema.org","@graph":[{"@type":"Article","@id":"https:\/\/fadeu.urantiacos.cl\/en\/2022\/10\/03\/profesores-arq-uc-fueron-seleccionados-por-la-xvii-bienal-de-buenos-aires\/#article","isPartOf":{"@id":"https:\/\/fadeu.urantiacos.cl\/en\/2022\/10\/03\/profesores-arq-uc-fueron-seleccionados-por-la-xvii-bienal-de-buenos-aires\/"},"author":{"name":"manadmin","@id":"https:\/\/fadeu.urantiacos.cl\/en\/#\/schema\/person\/d203e2e84b1c40275eac77b3061a19a2"},"headline":"Profesores ARQ UC fueron seleccionados por la XVII Bienal de Buenos Aires","datePublished":"2022-10-03T21:00:00+00:00","dateModified":"2023-09-03T21:04:49+00:00","mainEntityOfPage":{"@id":"https:\/\/fadeu.urantiacos.cl\/en\/2022\/10\/03\/profesores-arq-uc-fueron-seleccionados-por-la-xvii-bienal-de-buenos-aires\/"},"wordCount":449,"commentCount":0,"image":{"@id":"https:\/\/fadeu.urantiacos.cl\/en\/2022\/10\/03\/profesores-arq-uc-fueron-seleccionados-por-la-xvii-bienal-de-buenos-aires\/#primaryimage"},"thumbnailUrl":"https:\/\/fadeu.urantiacos.cl\/wp-content\/uploads\/2023\/09\/web_CP-MolettoParedes-EPEM-0154.jpg","articleSection":["Sin categorizar"],"inLanguage":"en-US","potentialAction":[{"@type":"CommentAction","name":"Comment","target":["https:\/\/fadeu.urantiacos.cl\/en\/2022\/10\/03\/profesores-arq-uc-fueron-seleccionados-por-la-xvii-bienal-de-buenos-aires\/#respond"]}]},{"@type":"WebPage","@id":"https:\/\/fadeu.urantiacos.cl\/en\/2022\/10\/03\/profesores-arq-uc-fueron-seleccionados-por-la-xvii-bienal-de-buenos-aires\/","url":"https:\/\/fadeu.urantiacos.cl\/en\/2022\/10\/03\/profesores-arq-uc-fueron-seleccionados-por-la-xvii-bienal-de-buenos-aires\/","name":"Profesores ARQ UC fueron seleccionados por la XVII Bienal de Buenos Aires - Facultad de Arquitectura, Dise\u00f1o y Estudios Urbanos","isPartOf":{"@id":"https:\/\/fadeu.urantiacos.cl\/en\/#website"},"primaryImageOfPage":{"@id":"https:\/\/fadeu.urantiacos.cl\/en\/2022\/10\/03\/profesores-arq-uc-fueron-seleccionados-por-la-xvii-bienal-de-buenos-aires\/#primaryimage"},"image":{"@id":"https:\/\/fadeu.urantiacos.cl\/en\/2022\/10\/03\/profesores-arq-uc-fueron-seleccionados-por-la-xvii-bienal-de-buenos-aires\/#primaryimage"},"thumbnailUrl":"https:\/\/fadeu.urantiacos.cl\/wp-content\/uploads\/2023\/09\/web_CP-MolettoParedes-EPEM-0154.jpg","datePublished":"2022-10-03T21:00:00+00:00","dateModified":"2023-09-03T21:04:49+00:00","author":{"@id":"https:\/\/fadeu.urantiacos.cl\/en\/#\/schema\/person\/d203e2e84b1c40275eac77b3061a19a2"},"description":"Obras de Sebasti\u00e1n Irarr\u00e1zaval y Alberto Moletto \u2014en asociaci\u00f3n con Sebasti\u00e1n Paredes, tambi\u00e9n profesor de nuestra escuela\u2014 ser\u00e1n parte de la edici\u00f3n 2022 del evento internacional trasandino.","breadcrumb":{"@id":"https:\/\/fadeu.urantiacos.cl\/en\/2022\/10\/03\/profesores-arq-uc-fueron-seleccionados-por-la-xvii-bienal-de-buenos-aires\/#breadcrumb"},"inLanguage":"en-US","potentialAction":[{"@type":"ReadAction","target":["https:\/\/fadeu.urantiacos.cl\/en\/2022\/10\/03\/profesores-arq-uc-fueron-seleccionados-por-la-xvii-bienal-de-buenos-aires\/"]}]},{"@type":"ImageObject","inLanguage":"en-US","@id":"https:\/\/fadeu.urantiacos.cl\/en\/2022\/10\/03\/profesores-arq-uc-fueron-seleccionados-por-la-xvii-bienal-de-buenos-aires\/#primaryimage","url":"https:\/\/fadeu.urantiacos.cl\/wp-content\/uploads\/2023\/09\/web_CP-MolettoParedes-EPEM-0154.jpg","contentUrl":"https:\/\/fadeu.urantiacos.cl\/wp-content\/uploads\/2023\/09\/web_CP-MolettoParedes-EPEM-0154.jpg","width":350,"height":250},{"@type":"BreadcrumbList","@id":"https:\/\/fadeu.urantiacos.cl\/en\/2022\/10\/03\/profesores-arq-uc-fueron-seleccionados-por-la-xvii-bienal-de-buenos-aires\/#breadcrumb","itemListElement":[{"@type":"ListItem","position":1,"name":"Portada","item":"https:\/\/fadeu.urantiacos.cl\/en\/"},{"@type":"ListItem","position":2,"name":"Profesores ARQ UC fueron seleccionados por la XVII Bienal de Buenos Aires"}]},{"@type":"WebSite","@id":"https:\/\/fadeu.urantiacos.cl\/en\/#website","url":"https:\/\/fadeu.urantiacos.cl\/en\/","name":"Facultad de Arquitectura, Dise\u00f1o y Estudios Urbanos","description":"Campus Lo Contador","potentialAction":[{"@type":"SearchAction","target":{"@type":"EntryPoint","urlTemplate":"https:\/\/fadeu.urantiacos.cl\/en\/?s={search_term_string}"},"query-input":{"@type":"PropertyValueSpecification","valueRequired":true,"valueName":"search_term_string"}}],"inLanguage":"en-US"},{"@type":"Person","@id":"https:\/\/fadeu.urantiacos.cl\/en\/#\/schema\/person\/d203e2e84b1c40275eac77b3061a19a2","name":"manadmin","image":{"@type":"ImageObject","inLanguage":"en-US","@id":"https:\/\/fadeu.urantiacos.cl\/en\/#\/schema\/person\/image\/","url":"https:\/\/secure.gravatar.com\/avatar\/4b1d8e3303b4a9d8968ac578947d8bc80d9aea359f388cdd4aac15cadc0e8447?s=96&d=mm&r=g","contentUrl":"https:\/\/secure.gravatar.com\/avatar\/4b1d8e3303b4a9d8968ac578947d8bc80d9aea359f388cdd4aac15cadc0e8447?s=96&d=mm&r=g","caption":"manadmin"},"sameAs":["https:\/\/fadeu.urantiacos.cl"]}]}},"_links":{"self":[{"href":"https:\/\/fadeu.urantiacos.cl\/en\/wp-json\/wp\/v2\/posts\/4041","targetHints":{"allow":["GET"]}}],"collection":[{"href":"https:\/\/fadeu.urantiacos.cl\/en\/wp-json\/wp\/v2\/posts"}],"about":[{"href":"https:\/\/fadeu.urantiacos.cl\/en\/wp-json\/wp\/v2\/types\/post"}],"author":[{"embeddable":true,"href":"https:\/\/fadeu.urantiacos.cl\/en\/wp-json\/wp\/v2\/users\/1"}],"replies":[{"embeddable":true,"href":"https:\/\/fadeu.urantiacos.cl\/en\/wp-json\/wp\/v2\/comments?post=4041"}],"version-history":[{"count":1,"href":"https:\/\/fadeu.urantiacos.cl\/en\/wp-json\/wp\/v2\/posts\/4041\/revisions"}],"predecessor-version":[{"id":4045,"href":"https:\/\/fadeu.urantiacos.cl\/en\/wp-json\/wp\/v2\/posts\/4041\/revisions\/4045"}],"wp:featuredmedia":[{"embeddable":true,"href":"https:\/\/fadeu.urantiacos.cl\/en\/wp-json\/wp\/v2\/media\/4042"}],"wp:attachment":[{"href":"https:\/\/fadeu.urantiacos.cl\/en\/wp-json\/wp\/v2\/media?parent=4041"}],"wp:term":[{"taxonomy":"category","embeddable":true,"href":"https:\/\/fadeu.urantiacos.cl\/en\/wp-json\/wp\/v2\/categories?post=4041"},{"taxonomy":"post_tag","embeddable":true,"href":"https:\/\/fadeu.urantiacos.cl\/en\/wp-json\/wp\/v2\/tags?post=4041"}],"curies":[{"name":"wp","href":"https:\/\/api.w.org\/{rel}","templated":true}]}}