{"id":4026,"date":"2022-10-04T17:48:00","date_gmt":"2022-10-04T20:48:00","guid":{"rendered":"https:\/\/fadeu.urantiacos.cl\/?p=4026"},"modified":"2023-09-03T17:49:52","modified_gmt":"2023-09-03T20:49:52","slug":"osvaldo-moreno-y-emilia-roman-fueron-premiados-por-la-bienal-latinoamericana-de-arquitectura-del-paisaje","status":"publish","type":"post","link":"https:\/\/fadeu.urantiacos.cl\/en\/2022\/10\/04\/osvaldo-moreno-y-emilia-roman-fueron-premiados-por-la-bienal-latinoamericana-de-arquitectura-del-paisaje\/","title":{"rendered":"Osvaldo Moreno y Emilia Roman fueron premiados por la Bienal Latinoamericana de Arquitectura del Paisaje"},"content":{"rendered":"\n<figure class=\"wp-block-image size-full\"><img decoding=\"async\" width=\"350\" height=\"250\" src=\"https:\/\/fadeu.urantiacos.cl\/wp-content\/uploads\/2023\/09\/ER_libro.jpg\" alt=\"\" class=\"wp-image-4027\" srcset=\"https:\/\/fadeu.urantiacos.cl\/wp-content\/uploads\/2023\/09\/ER_libro.jpg 350w, https:\/\/fadeu.urantiacos.cl\/wp-content\/uploads\/2023\/09\/ER_libro-300x214.jpg 300w\" sizes=\"(max-width: 350px) 100vw, 350px\" \/><\/figure>\n\n\n\n<p>La quinta edici\u00f3n de la Bienal Latinoamericana de Arquitectura del Paisaje (BLAP) anunci\u00f3 a fines de septiembre de 2022 los premiados de las tres categor\u00edas que comprende el evento: \u201cObra construida\u201d, \u201cProyectos\u201d y \u201cTrabajos te\u00f3ricos y de investigaci\u00f3n\u201d. En esta \u00faltima secci\u00f3n, el libro Paisajes de la sal en Iberoam\u00e9rica: Cultura, territorio, patrimonio , editado por Ovsaldo Moreno, profesor ARQ UC y subdirector de nuestra escuela, junto a Emilia Rom\u00e1n, profesora de la Universidad Polit\u00e9cnica de Madrid (UPM), fue destacado con una menci\u00f3n honor\u00edfica, siendo adem\u00e1s la \u00fanica iniciativa de Chile premiada por la bienal.<\/p>\n\n\n\n<p>El libro \u2014que estudia y pone en valor los paisajes de sal\u2014, es una iniciativa de investigaci\u00f3n y divulgaci\u00f3n desarrollada conjuntamente entre la UC y la UPM, dirigida por Moreno y Rom\u00e1n. Constituye, a su vez, un producto derivado del proyecto de investigaci\u00f3n \u201cCartograf\u00eda del paisaje cultural de la sal artesanal en Chile, instrumento para la planificaci\u00f3n y gesti\u00f3n del patrimonio\u201d, financiado por la Vicerrector\u00eda de Investigaci\u00f3n UC por medio del Concurso de Investigaci\u00f3n Interdisciplinaria de 2018.<\/p>\n\n\n\n<p>Asimismo, este premio de la BLAP se suma al reconocimiento recibido tambi\u00e9n este a\u00f1o por parte de la Direcci\u00f3n de Investigaci\u00f3n y Postgrado (DIRIP) de la Facultad de Arquitectura, Dise\u00f1o y Estudios Urbanos UC (FADEU) como &#8220;publicaci\u00f3n de alto impacto disciplinar&#8221; (<a href=\"https:\/\/fadeu.urantiacos.cl\/noticias\/5541-resultados-34-concurso-dirip-incentivo-a-la-publicacion-de-relevancia-disciplinar-y-alto-impacto\" target=\"_blank\" rel=\"noreferrer noopener\">ver nota<\/a>).<\/p>\n\n\n\n<p>Esta nueva edici\u00f3n de la BLAP \u2014a realizarse durante octubre de 2022 en formato virtual\u2014 es organizada por la Sociedad de Arquitectos Paisajistas de M\u00e9xico, en conjunto con la International Federation of Landscape Architects (IFLA), IFLA Americas Region (IFLA AR), la Universidad Aut\u00f3noma Metropolitana Unidad Azcapotzalco y la Universidad An\u00e1huac, Campus M\u00e9xico.<\/p>\n\n\n\n<p>Sobre \u201cPaisajes de la sal en Iberoam\u00e9rica\u201d_<br>Ampliando el horizonte de reflexi\u00f3n sobre los valores culturales y ambientales de los paisajes salados en Iberoam\u00e9rica, la publicaci\u00f3n convoca a investigadores y salineros de Espa\u00f1a, Colombia, Per\u00fa, Argentina y Chile a compartir sus estudios y visiones multidisciplinares con diversos casos que, en suma, conforman una verdadera red de paisajes culturales con la presencia de la sal como denominador com\u00fan.<\/p>\n\n\n\n<p>Ver p\u00e1gina web de la BLAP en el siguiente&nbsp;<a href=\"https:\/\/www.blappaisaje.com\/\" target=\"_blank\" rel=\"noreferrer noopener\">enlace<\/a>&nbsp;<\/p>\n\n\n\n<p>Noticias<br>Contacto:&nbsp;<a href=\"mailto:redesarq@uc.cl\">redesarq@uc.cl<\/a>&nbsp;| +56 2 2354 7747<br>www.arquitectura.uc.cl<\/p>\n","protected":false},"excerpt":{"rendered":"<p>La publicaci\u00f3n Paisajes de la sal en Iberoam\u00e9rica (Editorial Instituto Juan de Herrera, 2021), editada por el profesor ARQ UC Osvaldo Moreno y la profesora de la Universidad Polit\u00e9cnica de Madrid Emilia Rom\u00e1n, recibi\u00f3 una menci\u00f3n honor\u00edfica en la categor\u00eda de trabajos te\u00f3ricos y de investigaci\u00f3n.<\/p>\n","protected":false},"author":1,"featured_media":4027,"comment_status":"open","ping_status":"open","sticky":false,"template":"","format":"standard","meta":{"_acf_changed":false,"footnotes":""},"categories":[1],"tags":[],"class_list":["post-4026","post","type-post","status-publish","format-standard","has-post-thumbnail","hentry","category-sin-categorizar"],"acf":[],"yoast_head":"<!-- This site is optimized with the Yoast SEO plugin v27.1.1 - https:\/\/yoast.com\/product\/yoast-seo-wordpress\/ -->\n<title>Osvaldo Moreno y Emilia Roman fueron premiados por la Bienal Latinoamericana de Arquitectura del Paisaje - Facultad de Arquitectura, Dise\u00f1o y Estudios Urbanos<\/title>\n<meta name=\"description\" content=\"La publicaci\u00f3n Paisajes de la sal en Iberoam\u00e9rica (Editorial Instituto Juan de Herrera, 2021), editada por el profesor ARQ UC Osvaldo Moreno y la profesora de la Universidad Polit\u00e9cnica de Madrid Emilia Rom\u00e1n, recibi\u00f3 una menci\u00f3n honor\u00edfica en la categor\u00eda de trabajos te\u00f3ricos y de investigaci\u00f3n.\" \/>\n<meta name=\"robots\" content=\"index, follow, max-snippet:-1, max-image-preview:large, max-video-preview:-1\" \/>\n<link rel=\"canonical\" href=\"https:\/\/fadeu.urantiacos.cl\/en\/2022\/10\/04\/osvaldo-moreno-y-emilia-roman-fueron-premiados-por-la-bienal-latinoamericana-de-arquitectura-del-paisaje\/\" \/>\n<meta property=\"og:locale\" content=\"en_US\" \/>\n<meta property=\"og:type\" content=\"article\" \/>\n<meta property=\"og:title\" content=\"Osvaldo Moreno y Emilia Roman fueron premiados por la Bienal Latinoamericana de Arquitectura del Paisaje - Facultad de Arquitectura, Dise\u00f1o y Estudios Urbanos\" \/>\n<meta property=\"og:description\" content=\"La publicaci\u00f3n Paisajes de la sal en Iberoam\u00e9rica (Editorial Instituto Juan de Herrera, 2021), editada por el profesor ARQ UC Osvaldo Moreno y la profesora de la Universidad Polit\u00e9cnica de Madrid Emilia Rom\u00e1n, recibi\u00f3 una menci\u00f3n honor\u00edfica en la categor\u00eda de trabajos te\u00f3ricos y de investigaci\u00f3n.\" \/>\n<meta property=\"og:url\" content=\"https:\/\/fadeu.urantiacos.cl\/en\/2022\/10\/04\/osvaldo-moreno-y-emilia-roman-fueron-premiados-por-la-bienal-latinoamericana-de-arquitectura-del-paisaje\/\" \/>\n<meta property=\"og:site_name\" content=\"Facultad de Arquitectura, Dise\u00f1o y Estudios Urbanos\" \/>\n<meta property=\"article:published_time\" content=\"2022-10-04T20:48:00+00:00\" \/>\n<meta property=\"article:modified_time\" content=\"2023-09-03T20:49:52+00:00\" \/>\n<meta property=\"og:image\" content=\"https:\/\/fadeu.urantiacos.cl\/wp-content\/uploads\/2023\/09\/ER_libro.jpg\" \/>\n\t<meta property=\"og:image:width\" content=\"350\" \/>\n\t<meta property=\"og:image:height\" content=\"250\" \/>\n\t<meta property=\"og:image:type\" content=\"image\/jpeg\" \/>\n<meta name=\"author\" content=\"manadmin\" \/>\n<meta name=\"twitter:card\" content=\"summary_large_image\" \/>\n<meta name=\"twitter:label1\" content=\"Written by\" \/>\n\t<meta name=\"twitter:data1\" content=\"manadmin\" \/>\n\t<meta name=\"twitter:label2\" content=\"Est. reading time\" \/>\n\t<meta name=\"twitter:data2\" content=\"2 minutes\" \/>\n<script type=\"application\/ld+json\" class=\"yoast-schema-graph\">{\"@context\":\"https:\/\/schema.org\",\"@graph\":[{\"@type\":\"Article\",\"@id\":\"https:\/\/fadeu.urantiacos.cl\/en\/2022\/10\/04\/osvaldo-moreno-y-emilia-roman-fueron-premiados-por-la-bienal-latinoamericana-de-arquitectura-del-paisaje\/#article\",\"isPartOf\":{\"@id\":\"https:\/\/fadeu.urantiacos.cl\/en\/2022\/10\/04\/osvaldo-moreno-y-emilia-roman-fueron-premiados-por-la-bienal-latinoamericana-de-arquitectura-del-paisaje\/\"},\"author\":{\"name\":\"manadmin\",\"@id\":\"https:\/\/fadeu.urantiacos.cl\/en\/#\/schema\/person\/d203e2e84b1c40275eac77b3061a19a2\"},\"headline\":\"Osvaldo Moreno y Emilia Roman fueron premiados por la Bienal Latinoamericana de Arquitectura del Paisaje\",\"datePublished\":\"2022-10-04T20:48:00+00:00\",\"dateModified\":\"2023-09-03T20:49:52+00:00\",\"mainEntityOfPage\":{\"@id\":\"https:\/\/fadeu.urantiacos.cl\/en\/2022\/10\/04\/osvaldo-moreno-y-emilia-roman-fueron-premiados-por-la-bienal-latinoamericana-de-arquitectura-del-paisaje\/\"},\"wordCount\":406,\"commentCount\":0,\"image\":{\"@id\":\"https:\/\/fadeu.urantiacos.cl\/en\/2022\/10\/04\/osvaldo-moreno-y-emilia-roman-fueron-premiados-por-la-bienal-latinoamericana-de-arquitectura-del-paisaje\/#primaryimage\"},\"thumbnailUrl\":\"https:\/\/fadeu.urantiacos.cl\/wp-content\/uploads\/2023\/09\/ER_libro.jpg\",\"articleSection\":[\"Sin categorizar\"],\"inLanguage\":\"en-US\",\"potentialAction\":[{\"@type\":\"CommentAction\",\"name\":\"Comment\",\"target\":[\"https:\/\/fadeu.urantiacos.cl\/en\/2022\/10\/04\/osvaldo-moreno-y-emilia-roman-fueron-premiados-por-la-bienal-latinoamericana-de-arquitectura-del-paisaje\/#respond\"]}]},{\"@type\":\"WebPage\",\"@id\":\"https:\/\/fadeu.urantiacos.cl\/en\/2022\/10\/04\/osvaldo-moreno-y-emilia-roman-fueron-premiados-por-la-bienal-latinoamericana-de-arquitectura-del-paisaje\/\",\"url\":\"https:\/\/fadeu.urantiacos.cl\/en\/2022\/10\/04\/osvaldo-moreno-y-emilia-roman-fueron-premiados-por-la-bienal-latinoamericana-de-arquitectura-del-paisaje\/\",\"name\":\"Osvaldo Moreno y Emilia Roman fueron premiados por la Bienal Latinoamericana de Arquitectura del Paisaje - Facultad de Arquitectura, Dise\u00f1o y Estudios Urbanos\",\"isPartOf\":{\"@id\":\"https:\/\/fadeu.urantiacos.cl\/en\/#website\"},\"primaryImageOfPage\":{\"@id\":\"https:\/\/fadeu.urantiacos.cl\/en\/2022\/10\/04\/osvaldo-moreno-y-emilia-roman-fueron-premiados-por-la-bienal-latinoamericana-de-arquitectura-del-paisaje\/#primaryimage\"},\"image\":{\"@id\":\"https:\/\/fadeu.urantiacos.cl\/en\/2022\/10\/04\/osvaldo-moreno-y-emilia-roman-fueron-premiados-por-la-bienal-latinoamericana-de-arquitectura-del-paisaje\/#primaryimage\"},\"thumbnailUrl\":\"https:\/\/fadeu.urantiacos.cl\/wp-content\/uploads\/2023\/09\/ER_libro.jpg\",\"datePublished\":\"2022-10-04T20:48:00+00:00\",\"dateModified\":\"2023-09-03T20:49:52+00:00\",\"author\":{\"@id\":\"https:\/\/fadeu.urantiacos.cl\/en\/#\/schema\/person\/d203e2e84b1c40275eac77b3061a19a2\"},\"description\":\"La publicaci\u00f3n Paisajes de la sal en Iberoam\u00e9rica (Editorial Instituto Juan de Herrera, 2021), editada por el profesor ARQ UC Osvaldo Moreno y la profesora de la Universidad Polit\u00e9cnica de Madrid Emilia Rom\u00e1n, recibi\u00f3 una menci\u00f3n honor\u00edfica en la categor\u00eda de trabajos te\u00f3ricos y de investigaci\u00f3n.\",\"breadcrumb\":{\"@id\":\"https:\/\/fadeu.urantiacos.cl\/en\/2022\/10\/04\/osvaldo-moreno-y-emilia-roman-fueron-premiados-por-la-bienal-latinoamericana-de-arquitectura-del-paisaje\/#breadcrumb\"},\"inLanguage\":\"en-US\",\"potentialAction\":[{\"@type\":\"ReadAction\",\"target\":[\"https:\/\/fadeu.urantiacos.cl\/en\/2022\/10\/04\/osvaldo-moreno-y-emilia-roman-fueron-premiados-por-la-bienal-latinoamericana-de-arquitectura-del-paisaje\/\"]}]},{\"@type\":\"ImageObject\",\"inLanguage\":\"en-US\",\"@id\":\"https:\/\/fadeu.urantiacos.cl\/en\/2022\/10\/04\/osvaldo-moreno-y-emilia-roman-fueron-premiados-por-la-bienal-latinoamericana-de-arquitectura-del-paisaje\/#primaryimage\",\"url\":\"https:\/\/fadeu.urantiacos.cl\/wp-content\/uploads\/2023\/09\/ER_libro.jpg\",\"contentUrl\":\"https:\/\/fadeu.urantiacos.cl\/wp-content\/uploads\/2023\/09\/ER_libro.jpg\",\"width\":350,\"height\":250},{\"@type\":\"BreadcrumbList\",\"@id\":\"https:\/\/fadeu.urantiacos.cl\/en\/2022\/10\/04\/osvaldo-moreno-y-emilia-roman-fueron-premiados-por-la-bienal-latinoamericana-de-arquitectura-del-paisaje\/#breadcrumb\",\"itemListElement\":[{\"@type\":\"ListItem\",\"position\":1,\"name\":\"Portada\",\"item\":\"https:\/\/fadeu.urantiacos.cl\/en\/\"},{\"@type\":\"ListItem\",\"position\":2,\"name\":\"Osvaldo Moreno y Emilia Roman fueron premiados por la Bienal Latinoamericana de Arquitectura del Paisaje\"}]},{\"@type\":\"WebSite\",\"@id\":\"https:\/\/fadeu.urantiacos.cl\/en\/#website\",\"url\":\"https:\/\/fadeu.urantiacos.cl\/en\/\",\"name\":\"Facultad de Arquitectura, Dise\u00f1o y Estudios Urbanos\",\"description\":\"Campus Lo Contador\",\"potentialAction\":[{\"@type\":\"SearchAction\",\"target\":{\"@type\":\"EntryPoint\",\"urlTemplate\":\"https:\/\/fadeu.urantiacos.cl\/en\/?s={search_term_string}\"},\"query-input\":{\"@type\":\"PropertyValueSpecification\",\"valueRequired\":true,\"valueName\":\"search_term_string\"}}],\"inLanguage\":\"en-US\"},{\"@type\":\"Person\",\"@id\":\"https:\/\/fadeu.urantiacos.cl\/en\/#\/schema\/person\/d203e2e84b1c40275eac77b3061a19a2\",\"name\":\"manadmin\",\"image\":{\"@type\":\"ImageObject\",\"inLanguage\":\"en-US\",\"@id\":\"https:\/\/fadeu.urantiacos.cl\/en\/#\/schema\/person\/image\/\",\"url\":\"https:\/\/secure.gravatar.com\/avatar\/4b1d8e3303b4a9d8968ac578947d8bc80d9aea359f388cdd4aac15cadc0e8447?s=96&d=mm&r=g\",\"contentUrl\":\"https:\/\/secure.gravatar.com\/avatar\/4b1d8e3303b4a9d8968ac578947d8bc80d9aea359f388cdd4aac15cadc0e8447?s=96&d=mm&r=g\",\"caption\":\"manadmin\"},\"sameAs\":[\"https:\/\/fadeu.urantiacos.cl\"]}]}<\/script>\n<!-- \/ Yoast SEO plugin. -->","yoast_head_json":{"title":"Osvaldo Moreno y Emilia Roman fueron premiados por la Bienal Latinoamericana de Arquitectura del Paisaje - Facultad de Arquitectura, Dise\u00f1o y Estudios Urbanos","description":"La publicaci\u00f3n Paisajes de la sal en Iberoam\u00e9rica (Editorial Instituto Juan de Herrera, 2021), editada por el profesor ARQ UC Osvaldo Moreno y la profesora de la Universidad Polit\u00e9cnica de Madrid Emilia Rom\u00e1n, recibi\u00f3 una menci\u00f3n honor\u00edfica en la categor\u00eda de trabajos te\u00f3ricos y de investigaci\u00f3n.","robots":{"index":"index","follow":"follow","max-snippet":"max-snippet:-1","max-image-preview":"max-image-preview:large","max-video-preview":"max-video-preview:-1"},"canonical":"https:\/\/fadeu.urantiacos.cl\/en\/2022\/10\/04\/osvaldo-moreno-y-emilia-roman-fueron-premiados-por-la-bienal-latinoamericana-de-arquitectura-del-paisaje\/","og_locale":"en_US","og_type":"article","og_title":"Osvaldo Moreno y Emilia Roman fueron premiados por la Bienal Latinoamericana de Arquitectura del Paisaje - Facultad de Arquitectura, Dise\u00f1o y Estudios Urbanos","og_description":"La publicaci\u00f3n Paisajes de la sal en Iberoam\u00e9rica (Editorial Instituto Juan de Herrera, 2021), editada por el profesor ARQ UC Osvaldo Moreno y la profesora de la Universidad Polit\u00e9cnica de Madrid Emilia Rom\u00e1n, recibi\u00f3 una menci\u00f3n honor\u00edfica en la categor\u00eda de trabajos te\u00f3ricos y de investigaci\u00f3n.","og_url":"https:\/\/fadeu.urantiacos.cl\/en\/2022\/10\/04\/osvaldo-moreno-y-emilia-roman-fueron-premiados-por-la-bienal-latinoamericana-de-arquitectura-del-paisaje\/","og_site_name":"Facultad de Arquitectura, Dise\u00f1o y Estudios Urbanos","article_published_time":"2022-10-04T20:48:00+00:00","article_modified_time":"2023-09-03T20:49:52+00:00","og_image":[{"width":350,"height":250,"url":"https:\/\/fadeu.urantiacos.cl\/wp-content\/uploads\/2023\/09\/ER_libro.jpg","type":"image\/jpeg"}],"author":"manadmin","twitter_card":"summary_large_image","twitter_misc":{"Written by":"manadmin","Est. reading time":"2 minutes"},"schema":{"@context":"https:\/\/schema.org","@graph":[{"@type":"Article","@id":"https:\/\/fadeu.urantiacos.cl\/en\/2022\/10\/04\/osvaldo-moreno-y-emilia-roman-fueron-premiados-por-la-bienal-latinoamericana-de-arquitectura-del-paisaje\/#article","isPartOf":{"@id":"https:\/\/fadeu.urantiacos.cl\/en\/2022\/10\/04\/osvaldo-moreno-y-emilia-roman-fueron-premiados-por-la-bienal-latinoamericana-de-arquitectura-del-paisaje\/"},"author":{"name":"manadmin","@id":"https:\/\/fadeu.urantiacos.cl\/en\/#\/schema\/person\/d203e2e84b1c40275eac77b3061a19a2"},"headline":"Osvaldo Moreno y Emilia Roman fueron premiados por la Bienal Latinoamericana de Arquitectura del Paisaje","datePublished":"2022-10-04T20:48:00+00:00","dateModified":"2023-09-03T20:49:52+00:00","mainEntityOfPage":{"@id":"https:\/\/fadeu.urantiacos.cl\/en\/2022\/10\/04\/osvaldo-moreno-y-emilia-roman-fueron-premiados-por-la-bienal-latinoamericana-de-arquitectura-del-paisaje\/"},"wordCount":406,"commentCount":0,"image":{"@id":"https:\/\/fadeu.urantiacos.cl\/en\/2022\/10\/04\/osvaldo-moreno-y-emilia-roman-fueron-premiados-por-la-bienal-latinoamericana-de-arquitectura-del-paisaje\/#primaryimage"},"thumbnailUrl":"https:\/\/fadeu.urantiacos.cl\/wp-content\/uploads\/2023\/09\/ER_libro.jpg","articleSection":["Sin categorizar"],"inLanguage":"en-US","potentialAction":[{"@type":"CommentAction","name":"Comment","target":["https:\/\/fadeu.urantiacos.cl\/en\/2022\/10\/04\/osvaldo-moreno-y-emilia-roman-fueron-premiados-por-la-bienal-latinoamericana-de-arquitectura-del-paisaje\/#respond"]}]},{"@type":"WebPage","@id":"https:\/\/fadeu.urantiacos.cl\/en\/2022\/10\/04\/osvaldo-moreno-y-emilia-roman-fueron-premiados-por-la-bienal-latinoamericana-de-arquitectura-del-paisaje\/","url":"https:\/\/fadeu.urantiacos.cl\/en\/2022\/10\/04\/osvaldo-moreno-y-emilia-roman-fueron-premiados-por-la-bienal-latinoamericana-de-arquitectura-del-paisaje\/","name":"Osvaldo Moreno y Emilia Roman fueron premiados por la Bienal Latinoamericana de Arquitectura del Paisaje - Facultad de Arquitectura, Dise\u00f1o y Estudios Urbanos","isPartOf":{"@id":"https:\/\/fadeu.urantiacos.cl\/en\/#website"},"primaryImageOfPage":{"@id":"https:\/\/fadeu.urantiacos.cl\/en\/2022\/10\/04\/osvaldo-moreno-y-emilia-roman-fueron-premiados-por-la-bienal-latinoamericana-de-arquitectura-del-paisaje\/#primaryimage"},"image":{"@id":"https:\/\/fadeu.urantiacos.cl\/en\/2022\/10\/04\/osvaldo-moreno-y-emilia-roman-fueron-premiados-por-la-bienal-latinoamericana-de-arquitectura-del-paisaje\/#primaryimage"},"thumbnailUrl":"https:\/\/fadeu.urantiacos.cl\/wp-content\/uploads\/2023\/09\/ER_libro.jpg","datePublished":"2022-10-04T20:48:00+00:00","dateModified":"2023-09-03T20:49:52+00:00","author":{"@id":"https:\/\/fadeu.urantiacos.cl\/en\/#\/schema\/person\/d203e2e84b1c40275eac77b3061a19a2"},"description":"La publicaci\u00f3n Paisajes de la sal en Iberoam\u00e9rica (Editorial Instituto Juan de Herrera, 2021), editada por el profesor ARQ UC Osvaldo Moreno y la profesora de la Universidad Polit\u00e9cnica de Madrid Emilia Rom\u00e1n, recibi\u00f3 una menci\u00f3n honor\u00edfica en la categor\u00eda de trabajos te\u00f3ricos y de investigaci\u00f3n.","breadcrumb":{"@id":"https:\/\/fadeu.urantiacos.cl\/en\/2022\/10\/04\/osvaldo-moreno-y-emilia-roman-fueron-premiados-por-la-bienal-latinoamericana-de-arquitectura-del-paisaje\/#breadcrumb"},"inLanguage":"en-US","potentialAction":[{"@type":"ReadAction","target":["https:\/\/fadeu.urantiacos.cl\/en\/2022\/10\/04\/osvaldo-moreno-y-emilia-roman-fueron-premiados-por-la-bienal-latinoamericana-de-arquitectura-del-paisaje\/"]}]},{"@type":"ImageObject","inLanguage":"en-US","@id":"https:\/\/fadeu.urantiacos.cl\/en\/2022\/10\/04\/osvaldo-moreno-y-emilia-roman-fueron-premiados-por-la-bienal-latinoamericana-de-arquitectura-del-paisaje\/#primaryimage","url":"https:\/\/fadeu.urantiacos.cl\/wp-content\/uploads\/2023\/09\/ER_libro.jpg","contentUrl":"https:\/\/fadeu.urantiacos.cl\/wp-content\/uploads\/2023\/09\/ER_libro.jpg","width":350,"height":250},{"@type":"BreadcrumbList","@id":"https:\/\/fadeu.urantiacos.cl\/en\/2022\/10\/04\/osvaldo-moreno-y-emilia-roman-fueron-premiados-por-la-bienal-latinoamericana-de-arquitectura-del-paisaje\/#breadcrumb","itemListElement":[{"@type":"ListItem","position":1,"name":"Portada","item":"https:\/\/fadeu.urantiacos.cl\/en\/"},{"@type":"ListItem","position":2,"name":"Osvaldo Moreno y Emilia Roman fueron premiados por la Bienal Latinoamericana de Arquitectura del Paisaje"}]},{"@type":"WebSite","@id":"https:\/\/fadeu.urantiacos.cl\/en\/#website","url":"https:\/\/fadeu.urantiacos.cl\/en\/","name":"Facultad de Arquitectura, Dise\u00f1o y Estudios Urbanos","description":"Campus Lo Contador","potentialAction":[{"@type":"SearchAction","target":{"@type":"EntryPoint","urlTemplate":"https:\/\/fadeu.urantiacos.cl\/en\/?s={search_term_string}"},"query-input":{"@type":"PropertyValueSpecification","valueRequired":true,"valueName":"search_term_string"}}],"inLanguage":"en-US"},{"@type":"Person","@id":"https:\/\/fadeu.urantiacos.cl\/en\/#\/schema\/person\/d203e2e84b1c40275eac77b3061a19a2","name":"manadmin","image":{"@type":"ImageObject","inLanguage":"en-US","@id":"https:\/\/fadeu.urantiacos.cl\/en\/#\/schema\/person\/image\/","url":"https:\/\/secure.gravatar.com\/avatar\/4b1d8e3303b4a9d8968ac578947d8bc80d9aea359f388cdd4aac15cadc0e8447?s=96&d=mm&r=g","contentUrl":"https:\/\/secure.gravatar.com\/avatar\/4b1d8e3303b4a9d8968ac578947d8bc80d9aea359f388cdd4aac15cadc0e8447?s=96&d=mm&r=g","caption":"manadmin"},"sameAs":["https:\/\/fadeu.urantiacos.cl"]}]}},"_links":{"self":[{"href":"https:\/\/fadeu.urantiacos.cl\/en\/wp-json\/wp\/v2\/posts\/4026","targetHints":{"allow":["GET"]}}],"collection":[{"href":"https:\/\/fadeu.urantiacos.cl\/en\/wp-json\/wp\/v2\/posts"}],"about":[{"href":"https:\/\/fadeu.urantiacos.cl\/en\/wp-json\/wp\/v2\/types\/post"}],"author":[{"embeddable":true,"href":"https:\/\/fadeu.urantiacos.cl\/en\/wp-json\/wp\/v2\/users\/1"}],"replies":[{"embeddable":true,"href":"https:\/\/fadeu.urantiacos.cl\/en\/wp-json\/wp\/v2\/comments?post=4026"}],"version-history":[{"count":1,"href":"https:\/\/fadeu.urantiacos.cl\/en\/wp-json\/wp\/v2\/posts\/4026\/revisions"}],"predecessor-version":[{"id":4028,"href":"https:\/\/fadeu.urantiacos.cl\/en\/wp-json\/wp\/v2\/posts\/4026\/revisions\/4028"}],"wp:featuredmedia":[{"embeddable":true,"href":"https:\/\/fadeu.urantiacos.cl\/en\/wp-json\/wp\/v2\/media\/4027"}],"wp:attachment":[{"href":"https:\/\/fadeu.urantiacos.cl\/en\/wp-json\/wp\/v2\/media?parent=4026"}],"wp:term":[{"taxonomy":"category","embeddable":true,"href":"https:\/\/fadeu.urantiacos.cl\/en\/wp-json\/wp\/v2\/categories?post=4026"},{"taxonomy":"post_tag","embeddable":true,"href":"https:\/\/fadeu.urantiacos.cl\/en\/wp-json\/wp\/v2\/tags?post=4026"}],"curies":[{"name":"wp","href":"https:\/\/api.w.org\/{rel}","templated":true}]}}