{"id":4011,"date":"2022-10-06T17:36:00","date_gmt":"2022-10-06T20:36:00","guid":{"rendered":"https:\/\/fadeu.urantiacos.cl\/?p=4011"},"modified":"2023-10-23T09:15:11","modified_gmt":"2023-10-23T12:15:11","slug":"en-la-uc-se-vive-el-festival-de-las-ciencias","status":"publish","type":"post","link":"https:\/\/fadeu.urantiacos.cl\/en\/2022\/10\/06\/en-la-uc-se-vive-el-festival-de-las-ciencias\/","title":{"rendered":"\u00a1En la UC se vive el Festival de las Ciencias!"},"content":{"rendered":"\n<p>Desde el a\u00f1o 2018 que en Chile se conmemora el&nbsp;D\u00eda Nacional de la Ciencia, Tecnolog\u00eda, Conocimiento e Innovaci\u00f3n (CTCI). La&nbsp;<a href=\"https:\/\/www.bcn.cl\/leychile\/navegar?idNorma=1120362\" target=\"_blank\" rel=\"noreferrer noopener\">ley 21.097<\/a>&nbsp;define que \u00e9ste se conmemora el primer domingo de octubre. As\u00ed que&nbsp;este domingo 2 de octubre comienzan las celebraciones, las cuales se extender\u00e1n por toda una semana y en todo el pa\u00eds. Es el&nbsp;<a href=\"https:\/\/festivaldelasciencias.cl\/\" target=\"_blank\" rel=\"noreferrer noopener\">Festival de las Ciencias (FECI)<\/a>, organizado por el&nbsp;programa Ciencia P\u00fablica&nbsp;del&nbsp;<a href=\"https:\/\/www.minciencia.gob.cl\/\" target=\"_blank\" rel=\"noreferrer noopener\">Ministerio de Ciencia, Tecnolog\u00eda, Conocimiento e Innovaci\u00f3n (MinCiencia)<\/a>&nbsp;y&nbsp;la UC&nbsp; tambi\u00e9n se ha sumado a los festejos.<\/p>\n\n\n\n<p>\u201cUna parte esencial de nuestro quehacer en la universidad es impulsar el desarrollo de la investigaci\u00f3n y la creaci\u00f3n en todas sus formas, y su transferencia a la sociedad. Por esto,&nbsp;debemos ser capaces de traducir el conocimiento para acercarlo a la ciudadan\u00eda, ayudando a comprender el entorno, nuestros desaf\u00edos como sociedad, nutrir las pol\u00edticas p\u00fablicas y la toma de decisiones.&nbsp;El conocimiento no s\u00f3lo alimenta nuestro intelecto y nuestra cultura, sino que tambi\u00e9n nos hace mejores ciudadanos. Por lo mismo,&nbsp;es fundamental la comunicaci\u00f3n de la ciencia y, en ese sentido, el Festival de las Ciencias es una gran plataforma\u201d, comenta&nbsp;<a href=\"https:\/\/www.uc.cl\/universidad\/vicerrectorias\/vicerrectoria-de-investigacion\/vicerrector-de-investigacion\/\" target=\"_blank\" rel=\"noreferrer noopener\">Pedro Bouchon, vicerrector de Investigaci\u00f3n<\/a>.&nbsp;<\/p>\n\n\n\n<p>FECI es una celebraci\u00f3n nacional que comenz\u00f3 en 2019 -anteriormente conocida como Semana Nacional de la Ciencia y la Tecnolog\u00eda- y es organizada por la Divisi\u00f3n de Ciencia y Sociedad de MinCiencia (a la cual pertenece el&nbsp;<a rel=\"noreferrer noopener\" href=\"https:\/\/www.explora.cl\/\" target=\"_blank\">Programa Explora<\/a>). Se trata de una&nbsp;celebraci\u00f3n p\u00fablica, gratuita y nacional, que invita a todas las personas a acercarse, apropiarse y disfrutar de los temas y fen\u00f3menos de la Ciencia, Tecnolog\u00eda, Conocimiento e Innovaci\u00f3n (CTCI). Este a\u00f1o, el tema central del evento -sin excluir otras tem\u00e1ticas- es&nbsp;\u201cRegeneraci\u00f3n y cambio clim\u00e1tico: agua\u201d.<\/p>\n\n\n\n<p>Desde la UC, uno de los protagonistas de FECI ser\u00e1&nbsp;<a href=\"https:\/\/www.explora.cl\/araucania\/\" target=\"_blank\" rel=\"noreferrer noopener\">Explora La Araucan\u00eda<\/a>. Este proyecto es ejecutado por el&nbsp;<a href=\"https:\/\/centrodesarrollolocal.uc.cl\/el-centro\/cedel\" target=\"_blank\" rel=\"noreferrer noopener\">Centro de Desarrollo Local (CEDEL-UC)<\/a>, desde el campus UC Villarrica, y busca promover la socializaci\u00f3n del conocimiento dentro de la comunidad -existen 18 Proyectos Asociativos Regionales o PAR Explora desplegados a lo largo de Chile-.<\/p>\n\n\n\n<h3 class=\"wp-block-heading\">\u00a1Celebremos en los territorios!<\/h3>\n\n\n\n<figure class=\"wp-block-image size-full\"><img decoding=\"async\" width=\"700\" height=\"532\" src=\"https:\/\/fadeu.urantiacos.cl\/wp-content\/uploads\/2023\/09\/feci_explora_araucania.jpg\" alt=\"\" class=\"wp-image-4013\" srcset=\"https:\/\/fadeu.urantiacos.cl\/wp-content\/uploads\/2023\/09\/feci_explora_araucania.jpg 700w, https:\/\/fadeu.urantiacos.cl\/wp-content\/uploads\/2023\/09\/feci_explora_araucania-300x228.jpg 300w\" sizes=\"(max-width: 700px) 100vw, 700px\" \/><\/figure>\n\n\n\n<p>Explora la Araucan\u00eda ha organizado una serie de&nbsp;charlas, exposiciones, experiencias y talleres para celebrar las ciencias en Temuco; tambi\u00e9n se realizar\u00e1n actividades en toda la regi\u00f3n junto a 35 establecimientos educacionales. (Cr\u00e9dito fotogr\u00e1fico: Par Explora Araucan\u00eda)<\/p>\n\n\n\n<p>El plato fuerte de las celebraciones ser\u00e1 el s\u00e1bado 8 de octubre en el Museo Ferroviario Pablo Neruda de Temuco, con la gran fiesta&nbsp;<a href=\"https:\/\/www.explora.cl\/araucania\/feci\/\" target=\"_blank\" rel=\"noreferrer noopener\">\u201cFECI La Araucan\u00eda: \u00a1Celebremos en TemuKO!\u201d<\/a>, invitaci\u00f3n abierta a toda la familia para disfrutar el cine, experimentaci\u00f3n y realidad virtual.&nbsp;<\/p>\n\n\n\n<p>Entre charlas, exposiciones, experiencias y talleres, las y los&nbsp; asistentes podr\u00e1n participar de los&nbsp;stands&nbsp;interactivos que les permitir\u00e1n&nbsp;conocer soluciones para disminuir la huella h\u00eddrica o&nbsp; c\u00f3mo se comportan los glaciares en los volcanes, observar microorganismos que habitan en el ecosistema acu\u00e1tico, y viajar al centro del volc\u00e1n a trav\u00e9s de la realidad virtual.&nbsp;Habr\u00e1 talleres de indagaci\u00f3n cient\u00edfica para las primeras infancias, de reconocimiento e identificaci\u00f3n de procesos ecosist\u00e9micos de sus entornos.&nbsp;<\/p>\n\n\n\n<p>Adem\u00e1s de la fiesta en Temuco,&nbsp;FECI La Araucan\u00eda se extender\u00e1 desde el 3 al 8 de octubre con actividades en todo el territorio. A trav\u00e9s de la iniciativa&nbsp;\u201cCelebremos en tu comunidad\u201d, se contar\u00e1 con la participaci\u00f3n de&nbsp;35 establecimientos educacionales, que pertenecen a 20 comunas de la regi\u00f3n, abarcando 12 mil estudiantes junto a sus familias.&nbsp;<\/p>\n\n\n\n<p>\u201cFECI es un evento imperdible para todas las edades. Es una gran oportunidad para acercar las ciencias, artes y conocimientos a todas las personas,&nbsp;democratizando y promoviendo la participaci\u00f3n social, ya que la ciudadan\u00eda podr\u00e1 interactuar directamente con los avances y temas cient\u00edficos relevantes para la regi\u00f3n y su desarrollo sostenible, de manera cercana y entretenida\u201d, explica&nbsp;Daniel Opazo, director de Explora La Araucan\u00eda.<\/p>\n\n\n\n<h3 class=\"wp-block-heading\">Di\u00e1logos sobre sustentabilidad y al rescate de la cuenca del Loa<\/h3>\n\n\n\n<figure class=\"wp-block-image size-full\"><img decoding=\"async\" width=\"700\" height=\"532\" src=\"https:\/\/fadeu.urantiacos.cl\/wp-content\/uploads\/2023\/09\/ciencia_loa.jpg\" alt=\"\" class=\"wp-image-4014\" srcset=\"https:\/\/fadeu.urantiacos.cl\/wp-content\/uploads\/2023\/09\/ciencia_loa.jpg 700w, https:\/\/fadeu.urantiacos.cl\/wp-content\/uploads\/2023\/09\/ciencia_loa-300x228.jpg 300w\" sizes=\"(max-width: 700px) 100vw, 700px\" \/><\/figure>\n\n\n\n<p>&#8220;Al rescate de la cuenca del Loa&#8221; es el nombre del primer cap\u00edtulo de la serie &#8220;La ciencia que se comunica&#8221;, disponible en el canal YouTube de la UC. (Cr\u00e9dito fotogr\u00e1fico: C\u00e9sar Cort\u00e9s)<\/p>\n\n\n\n<p>En el marco del tema central del festival, el&nbsp;<a href=\"https:\/\/desarrollosustentable.uc.cl\/\" target=\"_blank\" rel=\"noreferrer noopener\">Instituto&nbsp;para el Desarrollo Sustentable (IDS)<\/a>&nbsp;ofrecer\u00e1 a la comunidad una sesi\u00f3n especial de sus&nbsp;Di\u00e1logos para la Sustentabilidad: \u201cCada gota cuenta: \u00bfC\u00f3mo adaptarnos a la megasequ\u00eda?\u201d, espacio de conversaci\u00f3n que reflexionar\u00e1 sobre los desaf\u00edos que est\u00e1 generando la crisis h\u00eddrica en diversas localidades del pa\u00eds, para explorar c\u00f3mo adaptarnos y generar comunidades resilientes al cambio clim\u00e1tico.&nbsp;<\/p>\n\n\n\n<p>El di\u00e1logo ser\u00e1 moderado por&nbsp;<a href=\"https:\/\/www.ing.uc.cl\/academicos-e-investigadores\/jorge-alfredo-gironas-leon\/\" target=\"_blank\" rel=\"noreferrer noopener\">Jorge Giron\u00e1s,<\/a>&nbsp;director del departamento de Ingenier\u00eda Hidr\u00e1ulica&nbsp;e integrante de la&nbsp;<a href=\"https:\/\/iniciativasequia.uc.cl\/\" target=\"_blank\" rel=\"noreferrer noopener\">Iniciativa UC Frente a la Sequ\u00eda.<\/a>&nbsp;Adem\u00e1s, contar\u00e1 con la participaci\u00f3n de&nbsp;<a href=\"https:\/\/derecho.uc.cl\/en\/profesores\/nomina-por-departamento\/departamento-de-derecho-publico\/6691-rivera-bravo-daniela\" target=\"_blank\" rel=\"noreferrer noopener\">Daniela Rivera<\/a>, directora del&nbsp;<a href=\"http:\/\/derechoygestionaguas.uc.cl\/es\/\" target=\"_blank\" rel=\"noreferrer noopener\">Centro de Derecho y Gesti\u00f3n de Aguas UC<\/a>; y&nbsp;Anah\u00ed Ocampo,&nbsp;acad\u00e9mica de la&nbsp;<a href=\"https:\/\/forestal.uchile.cl\/\" target=\"_blank\" rel=\"noreferrer noopener\">Facultad de Ciencias Forestales y de la Conservaci\u00f3n de la Naturaleza<\/a>&nbsp;de la Universidad de Chile.<\/p>\n\n\n\n<p>\u201cEl di\u00e1logo te recuerda que un tema es importante, que hay brechas y desaf\u00edos sin resolver.&nbsp;Tal vez en Chile no conversamos lo suficiente sobre la escasez h\u00eddrica y despu\u00e9s nos dimos cuenta de que tenemos severos problemas.&nbsp;El di\u00e1logo tambi\u00e9n&nbsp;recuerda que hay distintas disciplinas y necesidades involucradas&nbsp;en un problema complejo y que tenemos que apuntar a soluciones que aborden varias dimensiones y para eso el di\u00e1logo es relevante\u201d, comenta Jorge Giron\u00e1s.<\/p>\n\n\n\n<p>La cita es para el viernes 7 de octubre, a las 15:30 horas, en la Facultad de Econom\u00eda y Administraci\u00f3n, en el campus San Joaqu\u00edn.&nbsp;<a href=\"https:\/\/desarrollosustentable.uc.cl\/2022\/09\/28\/cada-gota-cuenta-como-adaptarnos-a-la-megasequia-inscripciones-abiertas-al-dialogo-de-octubre\/\" target=\"_blank\" rel=\"noreferrer noopener\">Ac\u00e1 puedes inscribirte y tener m\u00e1s detalles sobre la actividad<\/a>.<\/p>\n\n\n\n<p>Adem\u00e1s,&nbsp;<a href=\"https:\/\/www.youtube.com\/watch?v=d23OkdxYGa0&amp;ab_channel=ucatolica\" target=\"_blank\" rel=\"noreferrer noopener\">el canal de YouTube de la UC<\/a>&nbsp;est\u00e1 exhibiendo&nbsp;\u201cAl rescate de la cuenca del Loa\u201d, el primer cap\u00edtulo de la serie&nbsp;\u201cLa Ciencia que se Comunica\u201d, que ya va en su tercera temporada. Este cap\u00edtulo aborda las&nbsp;diversas problem\u00e1ticas que conviven en la desembocadura del R\u00edo Loa, como abandono y deterioro de sitios arqueol\u00f3gicos, y migraci\u00f3n y contaminaci\u00f3n.&nbsp;Es en este ecosistema \u00fanico en el desierto que se est\u00e1 emplazando una estaci\u00f3n de investigaci\u00f3n de la UC, que busca darle valor a este lugar y servir de ejemplo para otras cuencas que podr\u00edan estar atravesando por situaciones similares. Esta, como parte de la&nbsp;<a href=\"https:\/\/investigacion.uc.cl\/estaciones\/\" target=\"_blank\" rel=\"noreferrer noopener\">Red de Centros y Estaciones Regionales, RCER UC<\/a>, que cuenta con siete puntos desplegados entre Iquique y Puerto Williams-.&nbsp;<\/p>\n\n\n\n<p>Tras la exhibici\u00f3n de este primer episodio, la comunicadora cient\u00edfica&nbsp;Macarena Rojas \u00c1balos&nbsp;genera un enriquecedor di\u00e1logo con&nbsp;<a href=\"https:\/\/antropologia.uc.cl\/quienes-somos\/academicos\/virginia-mcrostie\" target=\"_blank\" rel=\"noreferrer noopener\">Virginia McRostie, acad\u00e9mica de la Escuela de Antropolog\u00eda y directora de la futura Estaci\u00f3n UC Loa<\/a>&nbsp;y&nbsp;Cristina Dorador, investigadora y profesora asociada de la Universidad de Antofagasta.<br><br>Mientras que la&nbsp;<a href=\"https:\/\/www.mat.uc.cl\/~mariel\/\" target=\"_blank\" rel=\"noreferrer noopener\">acad\u00e9mica de la Facultad de Matem\u00e1ticas Mariel S\u00e1ez<\/a>&nbsp;participar\u00e1 con la charla&nbsp;\u201cLa belleza de las formas del agua y su matem\u00e1tica\u201d&nbsp;en la&nbsp;Fiesta Ciudadana por el Agua, que est\u00e1 organizando el&nbsp;<a href=\"https:\/\/www.explora.cl\/rmsuroriente\/quienes-somos\/\" target=\"_blank\" rel=\"noreferrer noopener\">Proyecto Explora Regi\u00f3n Metropolitana Sur Oriente<\/a>. La cita es este s\u00e1bado 8 de octubre a partir de las 10 horas en el Parque Mapuhue, comuna de La Pintana. Adem\u00e1s de stands, la actividad dispondr\u00e1 de juegos de agua, un espacio para&nbsp;foodtrucks, exhibici\u00f3n de documentales y cortometrajes, cuentacuentos y un escenario central en el que se realizar\u00e1n presentaciones art\u00edsticas relacionadas con el tema h\u00eddrico y donde los asistentes podr\u00e1n&nbsp;escuchar a la profesora&nbsp;S\u00e1ez a las 13:40 horas.<\/p>\n\n\n\n<p>\u201cLa Ciencia que se comunica forma parte de una preciosa iniciativa que creamos en 2019, Cientifica la UC.&nbsp;Para nosotros es muy relevante que los chilenos y chilenas conozcan el trabajo que realizamos como universidad. Pero quiz\u00e1s m\u00e1s importante que eso, que interioricen que gran parte de esa investigaci\u00f3n busca comprender y solucionar problemas de nuestra sociedad actual\u201d, reflexiona&nbsp;Mar\u00eda Elena Boisier,&nbsp;<a href=\"https:\/\/investigacion.uc.cl\/\" target=\"_blank\" rel=\"noreferrer noopener\">directora de Investigaci\u00f3n<\/a>, de la Vicerrector\u00eda de Investigaci\u00f3n de la UC.<\/p>\n\n\n\n<h3 class=\"wp-block-heading\">Promoviendo el emprendimiento basado en ciencias<\/h3>\n\n\n\n<figure class=\"wp-block-image size-full\"><img decoding=\"async\" width=\"700\" height=\"532\" src=\"https:\/\/fadeu.urantiacos.cl\/wp-content\/uploads\/2023\/09\/luyef.jpg\" alt=\"\" class=\"wp-image-4015\" srcset=\"https:\/\/fadeu.urantiacos.cl\/wp-content\/uploads\/2023\/09\/luyef.jpg 700w, https:\/\/fadeu.urantiacos.cl\/wp-content\/uploads\/2023\/09\/luyef-300x228.jpg 300w\" sizes=\"(max-width: 700px) 100vw, 700px\" \/><\/figure>\n\n\n\n<p>La empresa chilena Luyef compartir\u00e1 su experiencia en la charla &#8220;El desaf\u00edo de cultivar carne en el laboratorio&#8221;, el 5 de octubre, en la Facultad de Ciencias Biol\u00f3ogicas. (Imagen: Luyef)<\/p>\n\n\n\n<p>Mientras que&nbsp;<a href=\"https:\/\/ciencia2030.uc.cl\/\" target=\"_blank\" rel=\"noreferrer noopener\">Ciencia 2030, iniciativa integrada por cinco facultades cient\u00edficas de la UC<\/a>, est\u00e1 organizando&nbsp;\u201cM\u00e1s all\u00e1 de la ciencia\u201d, una serie de charlas y actividades que buscan fomentar la vinculaci\u00f3n entre la academia, los estudiantes y el sector productivo, con el fin de promover la innovaci\u00f3n y el emprendimiento de base cient\u00edfico tecnol\u00f3gico en nuestro pa\u00eds.<\/p>\n\n\n\n<p>\u00bfCu\u00e1les son los mitos m\u00e1s recurrentes sobre el patentamiento?&nbsp; Para responder a esta pregunta, la&nbsp;<a href=\"https:\/\/transferenciaydesarrollo.uc.cl\/\" target=\"_blank\" rel=\"noreferrer noopener\">Direcci\u00f3n de Transferencia y Desarrollo<\/a>&nbsp;de la Vicerrector\u00eda de Investigaci\u00f3n est\u00e1 coordinando el conversatorio v\u00eda Zoom:&nbsp;<a href=\"https:\/\/docs.google.com\/forms\/d\/e\/1FAIpQLScQwyNzIKr1AE-KThMO3N2S9c9l_vukLDiP19wHSO_cWO4FFw\/viewform\" target=\"_blank\" rel=\"noreferrer noopener\">\u201c\u00bfPatentar o publicar?: creando valor a trav\u00e9s de mis resultados de investigaci\u00f3n\u201d<\/a>, que abordar\u00e1 algunas de las dudas m\u00e1s frecuentes relacionadas a la protecci\u00f3n intelectual de los resultados de investigaci\u00f3n. La actividad se realizar\u00e1 el&nbsp;mi\u00e9rcoles 5 de octubre&nbsp;y estar\u00e1 a cargo de&nbsp;B\u00e1rbara Ribbeck, subdirectora de transferencia y propiedad intelectual.<\/p>\n\n\n\n<p>\u201c<a href=\"https:\/\/airtable.com\/shrFIQyiRjrY5Tbe8\" target=\"_blank\" rel=\"noreferrer noopener\">El desaf\u00edo de cultivar carne en el laboratorio<\/a>\u201d es el nombre de la charla que dar\u00e1n los fundadores de la empresa chilena&nbsp;<a href=\"https:\/\/luyef.com\/\" target=\"_blank\" rel=\"noreferrer noopener\">Luyef<\/a>,&nbsp;Kris Blanchard y Pamela Barroso, para contar su experiencia desarrollando su producto biotecnol\u00f3gico llamado&nbsp;Tamee, que permite una experiencia sensorial id\u00e9ntica a la carne convencional a\u00f1adi\u00e9ndolo a otros productos. La cita ser\u00e1 en la Facultad de Ciencias Biol\u00f3gicas, en Casa Central, el jueves 6 de octubre, desde las 12:50 horas.&nbsp;<a href=\"https:\/\/airtable.com\/shrFIQyiRjrY5Tbe8\" target=\"_blank\" rel=\"noreferrer noopener\">\u00a1Inscr\u00edbete!<\/a>&nbsp;<\/p>\n\n\n\n<h3 class=\"wp-block-heading\">Desde el conf\u00edn&nbsp;del mundo<\/h3>\n\n\n\n<figure class=\"wp-block-image size-full\"><img decoding=\"async\" width=\"700\" height=\"532\" src=\"https:\/\/fadeu.urantiacos.cl\/wp-content\/uploads\/2023\/09\/fablab.jpg\" alt=\"\" class=\"wp-image-4016\" srcset=\"https:\/\/fadeu.urantiacos.cl\/wp-content\/uploads\/2023\/09\/fablab.jpg 700w, https:\/\/fadeu.urantiacos.cl\/wp-content\/uploads\/2023\/09\/fablab-300x228.jpg 300w\" sizes=\"(max-width: 700px) 100vw, 700px\" \/><\/figure>\n\n\n\n<p>En el FabLab Austral en Puerto Williams, se ofrecer\u00e1n talleres para los estudiantes del&nbsp;Liceo Donald Mc Intyre Griffiths, con foco en el uso de microcontroladores a trav\u00e9s de tecnolog\u00edas intuitivas y de f\u00e1cil configuraci\u00f3n. (Cr\u00e9dito fotogr\u00e1fico: FabLab Austral\/Nicole Saffie)<\/p>\n\n\n\n<p>Un Fab Lab es un taller de fabricaci\u00f3n con tecnolog\u00edas de \u00faltima generaci\u00f3n, como impresoras y esc\u00e1ner en 3D, m\u00e1quinas con cortadores l\u00e1ser de gran precisi\u00f3n y estaciones de electr\u00f3nica, con todos los elementos para hacer chips y peque\u00f1os motores. La UC cuenta con una red de Laboratorios de Fabricaci\u00f3n en sus tres campus de la capital, para que sus estudiantes y acad\u00e9micos puedan desarrollar proyectos de su inter\u00e9s, y tambi\u00e9n cuenta con el&nbsp;<a href=\"https:\/\/www.uc.cl\/noticias\/inauguran-taller-de-fabricacion-mas-austral-del-mundo\/\" target=\"_blank\" rel=\"noreferrer noopener\">FabLab Austral<\/a>, ubicado en Puerto Williams.<\/p>\n\n\n\n<p>Desde el campus Lo Contador hasta la isla de Navarino\u00a0viajar\u00e1\u00a0Pablo Guti\u00e9rrez, encargado del\u00a0<a href=\"https:\/\/fadeu.urantiacos.cl\/lo-contador\/laboratorios\/laboratorio-de-modelos-y-prototipos\/\" target=\"_blank\" rel=\"noreferrer noopener\">Laboratorio de Modelos y Prototipos de la Facultad de Arquitectura, Dise\u00f1o y Estudios Urbanos (FADEU)<\/a>, para impartir\u00a0tres talleres a estudiantes del Liceo Donald Mc Intyre Griffiths de Puerto Williams, entre el martes 4 y el jueves 6 de octubre.\u00a0El foco estar\u00e1 en el uso de microcontroladores (circuito integrado programable capaz de ejecutar \u00f3rdenes desde su memoria), empleando tecnolog\u00edas intuitivas y de f\u00e1cil configuraci\u00f3n, para dos niveles de estudiantes, 6\u00b0-7\u00b0 b\u00e1sico y 1\u00b0-2\u00b0 medio.\u00a0<\/p>\n\n\n\n<p>\u201cEstas experiencias son de alta relevancia para los ni\u00f1os y ni\u00f1as que quieran acercarse al mundo de la tecnolog\u00eda, en especial al \u00e1rea de la electr\u00f3nica, y que a\u00fan no han tenido un encuentro con la programaci\u00f3n por computador. Utilizando estas placas intuitivas y divertidas, tendr\u00e1n una base para poder entender lo que es electr\u00f3nica b\u00e1sica\u201d, comenta entusiasmado Pablo Guti\u00e9rrez.<\/p>\n\n\n\n<h3 class=\"wp-block-heading\">Cierre de FECI en el Parque de La Familia<\/h3>\n\n\n\n<figure class=\"wp-block-image size-full\"><img decoding=\"async\" width=\"690\" height=\"600\" src=\"https:\/\/fadeu.urantiacos.cl\/wp-content\/uploads\/2023\/09\/compromiso_publico_aves_2.jpg\" alt=\"\" class=\"wp-image-4017\" srcset=\"https:\/\/fadeu.urantiacos.cl\/wp-content\/uploads\/2023\/09\/compromiso_publico_aves_2.jpg 690w, https:\/\/fadeu.urantiacos.cl\/wp-content\/uploads\/2023\/09\/compromiso_publico_aves_2-300x261.jpg 300w\" sizes=\"(max-width: 690px) 100vw, 690px\" \/><\/figure>\n\n\n\n<p>CAPES exhibir\u00e1 las aves empleadas en el taller &#8220;Vecinos con plumas: comprendiendo la ecolog\u00eda urbana a trav\u00e9s de la inclusi\u00f3n&#8221;, adem\u00e1s de contar con acuarios y microscopios. (Cr\u00e9dito fotogr\u00e1fico: CAPES)<\/p>\n\n\n\n<p>Diversos centros de excelencia vinculados con la UC est\u00e1n participando de las diferentes actividades organizadas por los PAR Explora a lo largo de Chile. Tal es el caso del&nbsp;<a href=\"https:\/\/www.cedeus.cl\/\" target=\"_blank\" rel=\"noreferrer noopener\">Centro de Desarrollo Urbano Sustentable (CEDEUS)<\/a>, que desplegar\u00e1 su juego&nbsp;\u201cEcoluche: salta por tu ciudad\u201d&nbsp;en el norte (Antofagasta), centro (Santiago, San Bernardo y La Pintana) y sur del pa\u00eds (Concepci\u00f3n y Temuco), entre el 6 y 9 de octubre.<br><br>EcoLuche es un juego que intenta&nbsp;generar un espacio de reflexi\u00f3n respecto de nuestras acciones cotidianas y su impacto en el planeta, se juega similar al luche tradicional, pero para avanzar por el tablero es necesario responder preguntas asociadas a los 17 Objetivos de Desarrollo Sostenible.&nbsp;<\/p>\n\n\n\n<p>Finalmente, el MinCiencia est\u00e1 organizando el gran cierre de FECI en Santiago para el domingo 9 de octubre en el Parque de La Familia (comuna de Quinta Normal), entre las 15:00 y 19:00 horas. El&nbsp;<a href=\"https:\/\/desarrollosustentable.uc.cl\/\" target=\"_blank\" rel=\"noreferrer noopener\">Instituto UC para el Desarrollo Sustentable&nbsp;<\/a>se \u201crepite el plato\u201d celebrando FECI y contar\u00e1 con un stand en este espacio donde dar\u00e1 a conocer a la comunidad sus cursos, programas de formaci\u00f3n, l\u00edneas de investigaci\u00f3n acad\u00e9mica, y proyectos de vinculaci\u00f3n con pol\u00edtica p\u00fablica al servicio de un desarrollo sustentable para el pa\u00eds y el planeta.<\/p>\n\n\n\n<p>&#8220;Si queremos asegurar nuestra sobrevivencia en el planeta, tenemos que conocer el patrimonio natural que hemos recibido y que eventualmente vamos a heredar a nuestros descendientes.&nbsp;Tal como dice el dicho: lo que no se conoce, rara vez se aprecia. Los invito entonces a conocer y apreciar el fascinante mundo de las algas, compa\u00f1eras de ruta en el viaje que hacemos todos nosotros, la humanidad, por el cosmos&#8221;, con esas palabras&nbsp;<a href=\"https:\/\/www.uc.cl\/universidad\/premios-nacionales\/fabian-jaksic-andrade\/\" target=\"_blank\" rel=\"noreferrer noopener\">Fabi\u00e1n Jaksic, acad\u00e9mico de la UC y Premio Nacional de Ciencias Naturales 2018<\/a>, nos invita a visitar el stand de FECI al Parque del&nbsp;<a href=\"https:\/\/capes.cl\/\" target=\"_blank\" rel=\"noreferrer noopener\">Centro de Ecolog\u00eda Aplicada y Sustentabilidad<\/a>&nbsp;(CAPES), iniciativa colaborativa liderada por la UC junto a 10 universidades nacionales.&nbsp;<\/p>\n\n\n\n<p>Para lo m\u00e1s curiosos, el stand de CAPES contar\u00e1 con una exhibici\u00f3n interactiva con acuarios con macroalgas vivas y dos microscopios para la observaci\u00f3n de microalgas, adem\u00e1s de muestras de alimentos y bioproductos a base de algas. Tambi\u00e9n exhibir\u00e1n aves talladas en madera que fueron empleadas para el taller&nbsp;<a href=\"https:\/\/biologia.uc.cl\/proyecto-vecinos-con-plumas\/\" target=\"_blank\" rel=\"noreferrer noopener\">\u201cVecinos con plumas: comprendiendo la ecolog\u00eda urbana a trav\u00e9s de la inclusi\u00f3n\u201d<\/a>, l\u00e1minas pertenecientes al herbario de algas chilenas de la&nbsp;<a href=\"https:\/\/www.youtube.com\/watch?v=WQt_WrjmaIw\" target=\"_blank\" rel=\"noreferrer noopener\">Colecci\u00f3n de Flora y Fauna Profesor UC Patricio S\u00e1nchez<\/a>, y una serie de publicaciones y material de divulgaci\u00f3n del centro. \u00a1Imperdible!<\/p>\n\n\n\n<p>INFORMACI\u00d3N PERIOD\u00cdSTICA<\/p>\n\n\n\n<p>Eliette Angel, Constanza Figueroa y Ricardo Acevedo<\/p>\n\n\n\n<p>Coordinadora Unidad de Divulgaci\u00f3n de la Ciencia,<br>Vicerrector\u00eda de Investigaci\u00f3n UC<br>Comunicaciones y dise\u00f1o de Explora La Araucan\u00eda&nbsp;<\/p>\n","protected":false},"excerpt":{"rendered":"<p>Desde Antofagasta a Puerto Williams, nuestra universidad celebra y pone sus conocimientos al servicio de la comunidad en una gran fiesta gratuita de las ciencias, con charlas presenciales y online, talleres, exhibiciones audiovisuales, y stands interactivos. \u00bfQuieres sumarte? Revisa las actividades e inscr\u00edbete.<\/p>\n","protected":false},"author":1,"featured_media":4012,"comment_status":"open","ping_status":"open","sticky":false,"template":"","format":"standard","meta":{"_acf_changed":false,"footnotes":""},"categories":[1],"tags":[],"class_list":["post-4011","post","type-post","status-publish","format-standard","has-post-thumbnail","hentry","category-sin-categorizar"],"acf":[],"yoast_head":"<!-- This site is optimized with the Yoast SEO plugin v27.1.1 - https:\/\/yoast.com\/product\/yoast-seo-wordpress\/ -->\n<title>\u00a1En la UC se vive el Festival de las Ciencias! - Facultad de Arquitectura, Dise\u00f1o y Estudios Urbanos<\/title>\n<meta name=\"description\" content=\"Desde Antofagasta a Puerto Williams, nuestra universidad celebra y pone sus conocimientos al servicio de la comunidad en una gran fiesta gratuita de las ciencias, con charlas presenciales y online, talleres, exhibiciones audiovisuales, y stands interactivos. \u00bfQuieres sumarte? Revisa las actividades e inscr\u00edbete.\" \/>\n<meta name=\"robots\" content=\"index, follow, max-snippet:-1, max-image-preview:large, max-video-preview:-1\" \/>\n<link rel=\"canonical\" href=\"https:\/\/fadeu.urantiacos.cl\/en\/2022\/10\/06\/en-la-uc-se-vive-el-festival-de-las-ciencias\/\" \/>\n<meta property=\"og:locale\" content=\"en_US\" \/>\n<meta property=\"og:type\" content=\"article\" \/>\n<meta property=\"og:title\" content=\"\u00a1En la UC se vive el Festival de las Ciencias! - Facultad de Arquitectura, Dise\u00f1o y Estudios Urbanos\" \/>\n<meta property=\"og:description\" content=\"Desde Antofagasta a Puerto Williams, nuestra universidad celebra y pone sus conocimientos al servicio de la comunidad en una gran fiesta gratuita de las ciencias, con charlas presenciales y online, talleres, exhibiciones audiovisuales, y stands interactivos. \u00bfQuieres sumarte? Revisa las actividades e inscr\u00edbete.\" \/>\n<meta property=\"og:url\" content=\"https:\/\/fadeu.urantiacos.cl\/en\/2022\/10\/06\/en-la-uc-se-vive-el-festival-de-las-ciencias\/\" \/>\n<meta property=\"og:site_name\" content=\"Facultad de Arquitectura, Dise\u00f1o y Estudios Urbanos\" \/>\n<meta property=\"article:published_time\" content=\"2022-10-06T20:36:00+00:00\" \/>\n<meta property=\"article:modified_time\" content=\"2023-10-23T12:15:11+00:00\" \/>\n<meta property=\"og:image\" content=\"https:\/\/fadeu.urantiacos.cl\/wp-content\/uploads\/2023\/09\/fablab_WEB.jpg\" \/>\n\t<meta property=\"og:image:width\" content=\"350\" \/>\n\t<meta property=\"og:image:height\" content=\"250\" \/>\n\t<meta property=\"og:image:type\" content=\"image\/jpeg\" \/>\n<meta name=\"author\" content=\"manadmin\" \/>\n<meta name=\"twitter:card\" content=\"summary_large_image\" \/>\n<meta name=\"twitter:label1\" content=\"Written by\" \/>\n\t<meta name=\"twitter:data1\" content=\"manadmin\" \/>\n\t<meta name=\"twitter:label2\" content=\"Est. reading time\" \/>\n\t<meta name=\"twitter:data2\" content=\"12 minutes\" \/>\n<script type=\"application\/ld+json\" class=\"yoast-schema-graph\">{\"@context\":\"https:\/\/schema.org\",\"@graph\":[{\"@type\":\"Article\",\"@id\":\"https:\/\/fadeu.urantiacos.cl\/en\/2022\/10\/06\/en-la-uc-se-vive-el-festival-de-las-ciencias\/#article\",\"isPartOf\":{\"@id\":\"https:\/\/fadeu.urantiacos.cl\/en\/2022\/10\/06\/en-la-uc-se-vive-el-festival-de-las-ciencias\/\"},\"author\":{\"name\":\"manadmin\",\"@id\":\"https:\/\/fadeu.urantiacos.cl\/en\/#\/schema\/person\/d203e2e84b1c40275eac77b3061a19a2\"},\"headline\":\"\u00a1En la UC se vive el Festival de las Ciencias!\",\"datePublished\":\"2022-10-06T20:36:00+00:00\",\"dateModified\":\"2023-10-23T12:15:11+00:00\",\"mainEntityOfPage\":{\"@id\":\"https:\/\/fadeu.urantiacos.cl\/en\/2022\/10\/06\/en-la-uc-se-vive-el-festival-de-las-ciencias\/\"},\"wordCount\":2600,\"commentCount\":0,\"image\":{\"@id\":\"https:\/\/fadeu.urantiacos.cl\/en\/2022\/10\/06\/en-la-uc-se-vive-el-festival-de-las-ciencias\/#primaryimage\"},\"thumbnailUrl\":\"https:\/\/fadeu.urantiacos.cl\/wp-content\/uploads\/2023\/09\/fablab_WEB.jpg\",\"articleSection\":[\"Sin categorizar\"],\"inLanguage\":\"en-US\",\"potentialAction\":[{\"@type\":\"CommentAction\",\"name\":\"Comment\",\"target\":[\"https:\/\/fadeu.urantiacos.cl\/en\/2022\/10\/06\/en-la-uc-se-vive-el-festival-de-las-ciencias\/#respond\"]}]},{\"@type\":\"WebPage\",\"@id\":\"https:\/\/fadeu.urantiacos.cl\/en\/2022\/10\/06\/en-la-uc-se-vive-el-festival-de-las-ciencias\/\",\"url\":\"https:\/\/fadeu.urantiacos.cl\/en\/2022\/10\/06\/en-la-uc-se-vive-el-festival-de-las-ciencias\/\",\"name\":\"\u00a1En la UC se vive el Festival de las Ciencias! - Facultad de Arquitectura, Dise\u00f1o y Estudios Urbanos\",\"isPartOf\":{\"@id\":\"https:\/\/fadeu.urantiacos.cl\/en\/#website\"},\"primaryImageOfPage\":{\"@id\":\"https:\/\/fadeu.urantiacos.cl\/en\/2022\/10\/06\/en-la-uc-se-vive-el-festival-de-las-ciencias\/#primaryimage\"},\"image\":{\"@id\":\"https:\/\/fadeu.urantiacos.cl\/en\/2022\/10\/06\/en-la-uc-se-vive-el-festival-de-las-ciencias\/#primaryimage\"},\"thumbnailUrl\":\"https:\/\/fadeu.urantiacos.cl\/wp-content\/uploads\/2023\/09\/fablab_WEB.jpg\",\"datePublished\":\"2022-10-06T20:36:00+00:00\",\"dateModified\":\"2023-10-23T12:15:11+00:00\",\"author\":{\"@id\":\"https:\/\/fadeu.urantiacos.cl\/en\/#\/schema\/person\/d203e2e84b1c40275eac77b3061a19a2\"},\"description\":\"Desde Antofagasta a Puerto Williams, nuestra universidad celebra y pone sus conocimientos al servicio de la comunidad en una gran fiesta gratuita de las ciencias, con charlas presenciales y online, talleres, exhibiciones audiovisuales, y stands interactivos. \u00bfQuieres sumarte? Revisa las actividades e inscr\u00edbete.\",\"breadcrumb\":{\"@id\":\"https:\/\/fadeu.urantiacos.cl\/en\/2022\/10\/06\/en-la-uc-se-vive-el-festival-de-las-ciencias\/#breadcrumb\"},\"inLanguage\":\"en-US\",\"potentialAction\":[{\"@type\":\"ReadAction\",\"target\":[\"https:\/\/fadeu.urantiacos.cl\/en\/2022\/10\/06\/en-la-uc-se-vive-el-festival-de-las-ciencias\/\"]}]},{\"@type\":\"ImageObject\",\"inLanguage\":\"en-US\",\"@id\":\"https:\/\/fadeu.urantiacos.cl\/en\/2022\/10\/06\/en-la-uc-se-vive-el-festival-de-las-ciencias\/#primaryimage\",\"url\":\"https:\/\/fadeu.urantiacos.cl\/wp-content\/uploads\/2023\/09\/fablab_WEB.jpg\",\"contentUrl\":\"https:\/\/fadeu.urantiacos.cl\/wp-content\/uploads\/2023\/09\/fablab_WEB.jpg\",\"width\":350,\"height\":250},{\"@type\":\"BreadcrumbList\",\"@id\":\"https:\/\/fadeu.urantiacos.cl\/en\/2022\/10\/06\/en-la-uc-se-vive-el-festival-de-las-ciencias\/#breadcrumb\",\"itemListElement\":[{\"@type\":\"ListItem\",\"position\":1,\"name\":\"Portada\",\"item\":\"https:\/\/fadeu.urantiacos.cl\/en\/\"},{\"@type\":\"ListItem\",\"position\":2,\"name\":\"\u00a1En la UC se vive el Festival de las Ciencias!\"}]},{\"@type\":\"WebSite\",\"@id\":\"https:\/\/fadeu.urantiacos.cl\/en\/#website\",\"url\":\"https:\/\/fadeu.urantiacos.cl\/en\/\",\"name\":\"Facultad de Arquitectura, Dise\u00f1o y Estudios Urbanos\",\"description\":\"Campus Lo Contador\",\"potentialAction\":[{\"@type\":\"SearchAction\",\"target\":{\"@type\":\"EntryPoint\",\"urlTemplate\":\"https:\/\/fadeu.urantiacos.cl\/en\/?s={search_term_string}\"},\"query-input\":{\"@type\":\"PropertyValueSpecification\",\"valueRequired\":true,\"valueName\":\"search_term_string\"}}],\"inLanguage\":\"en-US\"},{\"@type\":\"Person\",\"@id\":\"https:\/\/fadeu.urantiacos.cl\/en\/#\/schema\/person\/d203e2e84b1c40275eac77b3061a19a2\",\"name\":\"manadmin\",\"image\":{\"@type\":\"ImageObject\",\"inLanguage\":\"en-US\",\"@id\":\"https:\/\/fadeu.urantiacos.cl\/en\/#\/schema\/person\/image\/\",\"url\":\"https:\/\/secure.gravatar.com\/avatar\/4b1d8e3303b4a9d8968ac578947d8bc80d9aea359f388cdd4aac15cadc0e8447?s=96&d=mm&r=g\",\"contentUrl\":\"https:\/\/secure.gravatar.com\/avatar\/4b1d8e3303b4a9d8968ac578947d8bc80d9aea359f388cdd4aac15cadc0e8447?s=96&d=mm&r=g\",\"caption\":\"manadmin\"},\"sameAs\":[\"https:\/\/fadeu.urantiacos.cl\"]}]}<\/script>\n<!-- \/ Yoast SEO plugin. -->","yoast_head_json":{"title":"\u00a1En la UC se vive el Festival de las Ciencias! - Facultad de Arquitectura, Dise\u00f1o y Estudios Urbanos","description":"Desde Antofagasta a Puerto Williams, nuestra universidad celebra y pone sus conocimientos al servicio de la comunidad en una gran fiesta gratuita de las ciencias, con charlas presenciales y online, talleres, exhibiciones audiovisuales, y stands interactivos. \u00bfQuieres sumarte? Revisa las actividades e inscr\u00edbete.","robots":{"index":"index","follow":"follow","max-snippet":"max-snippet:-1","max-image-preview":"max-image-preview:large","max-video-preview":"max-video-preview:-1"},"canonical":"https:\/\/fadeu.urantiacos.cl\/en\/2022\/10\/06\/en-la-uc-se-vive-el-festival-de-las-ciencias\/","og_locale":"en_US","og_type":"article","og_title":"\u00a1En la UC se vive el Festival de las Ciencias! - Facultad de Arquitectura, Dise\u00f1o y Estudios Urbanos","og_description":"Desde Antofagasta a Puerto Williams, nuestra universidad celebra y pone sus conocimientos al servicio de la comunidad en una gran fiesta gratuita de las ciencias, con charlas presenciales y online, talleres, exhibiciones audiovisuales, y stands interactivos. \u00bfQuieres sumarte? Revisa las actividades e inscr\u00edbete.","og_url":"https:\/\/fadeu.urantiacos.cl\/en\/2022\/10\/06\/en-la-uc-se-vive-el-festival-de-las-ciencias\/","og_site_name":"Facultad de Arquitectura, Dise\u00f1o y Estudios Urbanos","article_published_time":"2022-10-06T20:36:00+00:00","article_modified_time":"2023-10-23T12:15:11+00:00","og_image":[{"width":350,"height":250,"url":"https:\/\/fadeu.urantiacos.cl\/wp-content\/uploads\/2023\/09\/fablab_WEB.jpg","type":"image\/jpeg"}],"author":"manadmin","twitter_card":"summary_large_image","twitter_misc":{"Written by":"manadmin","Est. reading time":"12 minutes"},"schema":{"@context":"https:\/\/schema.org","@graph":[{"@type":"Article","@id":"https:\/\/fadeu.urantiacos.cl\/en\/2022\/10\/06\/en-la-uc-se-vive-el-festival-de-las-ciencias\/#article","isPartOf":{"@id":"https:\/\/fadeu.urantiacos.cl\/en\/2022\/10\/06\/en-la-uc-se-vive-el-festival-de-las-ciencias\/"},"author":{"name":"manadmin","@id":"https:\/\/fadeu.urantiacos.cl\/en\/#\/schema\/person\/d203e2e84b1c40275eac77b3061a19a2"},"headline":"\u00a1En la UC se vive el Festival de las Ciencias!","datePublished":"2022-10-06T20:36:00+00:00","dateModified":"2023-10-23T12:15:11+00:00","mainEntityOfPage":{"@id":"https:\/\/fadeu.urantiacos.cl\/en\/2022\/10\/06\/en-la-uc-se-vive-el-festival-de-las-ciencias\/"},"wordCount":2600,"commentCount":0,"image":{"@id":"https:\/\/fadeu.urantiacos.cl\/en\/2022\/10\/06\/en-la-uc-se-vive-el-festival-de-las-ciencias\/#primaryimage"},"thumbnailUrl":"https:\/\/fadeu.urantiacos.cl\/wp-content\/uploads\/2023\/09\/fablab_WEB.jpg","articleSection":["Sin categorizar"],"inLanguage":"en-US","potentialAction":[{"@type":"CommentAction","name":"Comment","target":["https:\/\/fadeu.urantiacos.cl\/en\/2022\/10\/06\/en-la-uc-se-vive-el-festival-de-las-ciencias\/#respond"]}]},{"@type":"WebPage","@id":"https:\/\/fadeu.urantiacos.cl\/en\/2022\/10\/06\/en-la-uc-se-vive-el-festival-de-las-ciencias\/","url":"https:\/\/fadeu.urantiacos.cl\/en\/2022\/10\/06\/en-la-uc-se-vive-el-festival-de-las-ciencias\/","name":"\u00a1En la UC se vive el Festival de las Ciencias! - Facultad de Arquitectura, Dise\u00f1o y Estudios Urbanos","isPartOf":{"@id":"https:\/\/fadeu.urantiacos.cl\/en\/#website"},"primaryImageOfPage":{"@id":"https:\/\/fadeu.urantiacos.cl\/en\/2022\/10\/06\/en-la-uc-se-vive-el-festival-de-las-ciencias\/#primaryimage"},"image":{"@id":"https:\/\/fadeu.urantiacos.cl\/en\/2022\/10\/06\/en-la-uc-se-vive-el-festival-de-las-ciencias\/#primaryimage"},"thumbnailUrl":"https:\/\/fadeu.urantiacos.cl\/wp-content\/uploads\/2023\/09\/fablab_WEB.jpg","datePublished":"2022-10-06T20:36:00+00:00","dateModified":"2023-10-23T12:15:11+00:00","author":{"@id":"https:\/\/fadeu.urantiacos.cl\/en\/#\/schema\/person\/d203e2e84b1c40275eac77b3061a19a2"},"description":"Desde Antofagasta a Puerto Williams, nuestra universidad celebra y pone sus conocimientos al servicio de la comunidad en una gran fiesta gratuita de las ciencias, con charlas presenciales y online, talleres, exhibiciones audiovisuales, y stands interactivos. \u00bfQuieres sumarte? Revisa las actividades e inscr\u00edbete.","breadcrumb":{"@id":"https:\/\/fadeu.urantiacos.cl\/en\/2022\/10\/06\/en-la-uc-se-vive-el-festival-de-las-ciencias\/#breadcrumb"},"inLanguage":"en-US","potentialAction":[{"@type":"ReadAction","target":["https:\/\/fadeu.urantiacos.cl\/en\/2022\/10\/06\/en-la-uc-se-vive-el-festival-de-las-ciencias\/"]}]},{"@type":"ImageObject","inLanguage":"en-US","@id":"https:\/\/fadeu.urantiacos.cl\/en\/2022\/10\/06\/en-la-uc-se-vive-el-festival-de-las-ciencias\/#primaryimage","url":"https:\/\/fadeu.urantiacos.cl\/wp-content\/uploads\/2023\/09\/fablab_WEB.jpg","contentUrl":"https:\/\/fadeu.urantiacos.cl\/wp-content\/uploads\/2023\/09\/fablab_WEB.jpg","width":350,"height":250},{"@type":"BreadcrumbList","@id":"https:\/\/fadeu.urantiacos.cl\/en\/2022\/10\/06\/en-la-uc-se-vive-el-festival-de-las-ciencias\/#breadcrumb","itemListElement":[{"@type":"ListItem","position":1,"name":"Portada","item":"https:\/\/fadeu.urantiacos.cl\/en\/"},{"@type":"ListItem","position":2,"name":"\u00a1En la UC se vive el Festival de las Ciencias!"}]},{"@type":"WebSite","@id":"https:\/\/fadeu.urantiacos.cl\/en\/#website","url":"https:\/\/fadeu.urantiacos.cl\/en\/","name":"Facultad de Arquitectura, Dise\u00f1o y Estudios Urbanos","description":"Campus Lo Contador","potentialAction":[{"@type":"SearchAction","target":{"@type":"EntryPoint","urlTemplate":"https:\/\/fadeu.urantiacos.cl\/en\/?s={search_term_string}"},"query-input":{"@type":"PropertyValueSpecification","valueRequired":true,"valueName":"search_term_string"}}],"inLanguage":"en-US"},{"@type":"Person","@id":"https:\/\/fadeu.urantiacos.cl\/en\/#\/schema\/person\/d203e2e84b1c40275eac77b3061a19a2","name":"manadmin","image":{"@type":"ImageObject","inLanguage":"en-US","@id":"https:\/\/fadeu.urantiacos.cl\/en\/#\/schema\/person\/image\/","url":"https:\/\/secure.gravatar.com\/avatar\/4b1d8e3303b4a9d8968ac578947d8bc80d9aea359f388cdd4aac15cadc0e8447?s=96&d=mm&r=g","contentUrl":"https:\/\/secure.gravatar.com\/avatar\/4b1d8e3303b4a9d8968ac578947d8bc80d9aea359f388cdd4aac15cadc0e8447?s=96&d=mm&r=g","caption":"manadmin"},"sameAs":["https:\/\/fadeu.urantiacos.cl"]}]}},"_links":{"self":[{"href":"https:\/\/fadeu.urantiacos.cl\/en\/wp-json\/wp\/v2\/posts\/4011","targetHints":{"allow":["GET"]}}],"collection":[{"href":"https:\/\/fadeu.urantiacos.cl\/en\/wp-json\/wp\/v2\/posts"}],"about":[{"href":"https:\/\/fadeu.urantiacos.cl\/en\/wp-json\/wp\/v2\/types\/post"}],"author":[{"embeddable":true,"href":"https:\/\/fadeu.urantiacos.cl\/en\/wp-json\/wp\/v2\/users\/1"}],"replies":[{"embeddable":true,"href":"https:\/\/fadeu.urantiacos.cl\/en\/wp-json\/wp\/v2\/comments?post=4011"}],"version-history":[{"count":3,"href":"https:\/\/fadeu.urantiacos.cl\/en\/wp-json\/wp\/v2\/posts\/4011\/revisions"}],"predecessor-version":[{"id":17302,"href":"https:\/\/fadeu.urantiacos.cl\/en\/wp-json\/wp\/v2\/posts\/4011\/revisions\/17302"}],"wp:featuredmedia":[{"embeddable":true,"href":"https:\/\/fadeu.urantiacos.cl\/en\/wp-json\/wp\/v2\/media\/4012"}],"wp:attachment":[{"href":"https:\/\/fadeu.urantiacos.cl\/en\/wp-json\/wp\/v2\/media?parent=4011"}],"wp:term":[{"taxonomy":"category","embeddable":true,"href":"https:\/\/fadeu.urantiacos.cl\/en\/wp-json\/wp\/v2\/categories?post=4011"},{"taxonomy":"post_tag","embeddable":true,"href":"https:\/\/fadeu.urantiacos.cl\/en\/wp-json\/wp\/v2\/tags?post=4011"}],"curies":[{"name":"wp","href":"https:\/\/api.w.org\/{rel}","templated":true}]}}