{"id":3999,"date":"2022-10-06T17:26:00","date_gmt":"2022-10-06T20:26:00","guid":{"rendered":"https:\/\/fadeu.urantiacos.cl\/?p=3999"},"modified":"2023-09-03T17:27:53","modified_gmt":"2023-09-03T20:27:53","slug":"pedro-alvarez-participa-en-dhs","status":"publish","type":"post","link":"https:\/\/fadeu.urantiacos.cl\/en\/2022\/10\/06\/pedro-alvarez-participa-en-dhs\/","title":{"rendered":"Pedro \u00c1lvarez participa en DHS"},"content":{"rendered":"\n<figure class=\"wp-block-image size-full\"><img decoding=\"async\" width=\"350\" height=\"250\" src=\"https:\/\/fadeu.urantiacos.cl\/wp-content\/uploads\/2023\/09\/web_Captura-de-Pantalla-2022-10-04-a-las-10.48.22_1.png\" alt=\"\" class=\"wp-image-4000\" srcset=\"https:\/\/fadeu.urantiacos.cl\/wp-content\/uploads\/2023\/09\/web_Captura-de-Pantalla-2022-10-04-a-las-10.48.22_1.png 350w, https:\/\/fadeu.urantiacos.cl\/wp-content\/uploads\/2023\/09\/web_Captura-de-Pantalla-2022-10-04-a-las-10.48.22_1-300x214.png 300w\" sizes=\"(max-width: 350px) 100vw, 350px\" \/><\/figure>\n\n\n\n<p id=\"tw-target-text\">\u201cEl momento actual nos obliga a replantearnos si la fugacidad ha de ocupar un lugar tan importante como el de la permanencia en la historia del dise\u00f1o. La conferencia tiene la intenci\u00f3n de abrir un espacio para discusiones sobre las formas en que el dise\u00f1o y la historia del dise\u00f1o tratar\u00edan\/ha tratado con la fugacidad y las lecciones que se pueden aprender del encuentro del dise\u00f1o con la fugacidad\u201d, explican desde la organizaci\u00f3n.<\/p>\n\n\n\n<p>En la conferencia, realizada en Izmir, Turqu\u00eda, en septiembre reci\u00e9n pasado, \u00c1lvarez present\u00f3 la ponencia&nbsp;\u201cEditora Nacional Quimant\u00fa: When a Political Emergency and Rapid Social Transformation Shape an Editorial Project\u201d&nbsp;que&nbsp;analiza los cruces entre el dise\u00f1o y las directrices del cat\u00e1logo (libros y revistas) y la trayectoria de la empresa editorial m\u00e1s grande llevada a cabo en el pa\u00eds, en un breve per\u00edodo de funcionamiento de dos a\u00f1os y medio&nbsp;durante la Unidad Popular.<\/p>\n\n\n\n<p><a href=\"http:\/\/www.designandtransience.com\/\">www.designandtransience.com<\/a><a href=\"http:\/\/www.designandtransience.com\/\" target=\"_blank\" rel=\"noreferrer noopener\"><\/a><\/p>\n\n\n\n<p>INFORMACI\u00d3N PERIOD\u00cdSTICA<br>ESCUELA DE DISE\u00d1O&nbsp;<\/p>\n","protected":false},"excerpt":{"rendered":"<p>El acad\u00e9mico Pedro \u00c1lvarez particip\u00f3 de la conferencia anual de la Design History Society, DHS, que este a\u00f1o tuvo como tem\u00e1tica Design &#038; Transience.<\/p>\n","protected":false},"author":1,"featured_media":4000,"comment_status":"open","ping_status":"open","sticky":false,"template":"","format":"standard","meta":{"_acf_changed":false,"footnotes":""},"categories":[1],"tags":[],"class_list":["post-3999","post","type-post","status-publish","format-standard","has-post-thumbnail","hentry","category-sin-categorizar"],"acf":[],"yoast_head":"<!-- This site is optimized with the Yoast SEO plugin v27.1.1 - https:\/\/yoast.com\/product\/yoast-seo-wordpress\/ -->\n<title>Pedro \u00c1lvarez participa en DHS - Facultad de Arquitectura, Dise\u00f1o y Estudios Urbanos<\/title>\n<meta name=\"description\" content=\"El acad\u00e9mico Pedro \u00c1lvarez particip\u00f3 de la conferencia anual de la Design History Society, DHS, que este a\u00f1o tuvo como tem\u00e1tica Design &amp; Transience.\" \/>\n<meta name=\"robots\" content=\"index, follow, max-snippet:-1, max-image-preview:large, max-video-preview:-1\" \/>\n<link rel=\"canonical\" href=\"https:\/\/fadeu.urantiacos.cl\/en\/2022\/10\/06\/pedro-alvarez-participa-en-dhs\/\" \/>\n<meta property=\"og:locale\" content=\"en_US\" \/>\n<meta property=\"og:type\" content=\"article\" \/>\n<meta property=\"og:title\" content=\"Pedro \u00c1lvarez participa en DHS - Facultad de Arquitectura, Dise\u00f1o y Estudios Urbanos\" \/>\n<meta property=\"og:description\" content=\"El acad\u00e9mico Pedro \u00c1lvarez particip\u00f3 de la conferencia anual de la Design History Society, DHS, que este a\u00f1o tuvo como tem\u00e1tica Design &amp; Transience.\" \/>\n<meta property=\"og:url\" content=\"https:\/\/fadeu.urantiacos.cl\/en\/2022\/10\/06\/pedro-alvarez-participa-en-dhs\/\" \/>\n<meta property=\"og:site_name\" content=\"Facultad de Arquitectura, Dise\u00f1o y Estudios Urbanos\" \/>\n<meta property=\"article:published_time\" content=\"2022-10-06T20:26:00+00:00\" \/>\n<meta property=\"article:modified_time\" content=\"2023-09-03T20:27:53+00:00\" \/>\n<meta property=\"og:image\" content=\"https:\/\/fadeu.urantiacos.cl\/wp-content\/uploads\/2023\/09\/web_Captura-de-Pantalla-2022-10-04-a-las-10.48.22_1.png\" \/>\n\t<meta property=\"og:image:width\" content=\"350\" \/>\n\t<meta property=\"og:image:height\" content=\"250\" \/>\n\t<meta property=\"og:image:type\" content=\"image\/png\" \/>\n<meta name=\"author\" content=\"manadmin\" \/>\n<meta name=\"twitter:card\" content=\"summary_large_image\" \/>\n<meta name=\"twitter:label1\" content=\"Written by\" \/>\n\t<meta name=\"twitter:data1\" content=\"manadmin\" \/>\n\t<meta name=\"twitter:label2\" content=\"Est. reading time\" \/>\n\t<meta name=\"twitter:data2\" content=\"1 minute\" \/>\n<script type=\"application\/ld+json\" class=\"yoast-schema-graph\">{\"@context\":\"https:\/\/schema.org\",\"@graph\":[{\"@type\":\"Article\",\"@id\":\"https:\/\/fadeu.urantiacos.cl\/en\/2022\/10\/06\/pedro-alvarez-participa-en-dhs\/#article\",\"isPartOf\":{\"@id\":\"https:\/\/fadeu.urantiacos.cl\/en\/2022\/10\/06\/pedro-alvarez-participa-en-dhs\/\"},\"author\":{\"name\":\"manadmin\",\"@id\":\"https:\/\/fadeu.urantiacos.cl\/en\/#\/schema\/person\/d203e2e84b1c40275eac77b3061a19a2\"},\"headline\":\"Pedro \u00c1lvarez participa en DHS\",\"datePublished\":\"2022-10-06T20:26:00+00:00\",\"dateModified\":\"2023-09-03T20:27:53+00:00\",\"mainEntityOfPage\":{\"@id\":\"https:\/\/fadeu.urantiacos.cl\/en\/2022\/10\/06\/pedro-alvarez-participa-en-dhs\/\"},\"wordCount\":184,\"commentCount\":0,\"image\":{\"@id\":\"https:\/\/fadeu.urantiacos.cl\/en\/2022\/10\/06\/pedro-alvarez-participa-en-dhs\/#primaryimage\"},\"thumbnailUrl\":\"https:\/\/fadeu.urantiacos.cl\/wp-content\/uploads\/2023\/09\/web_Captura-de-Pantalla-2022-10-04-a-las-10.48.22_1.png\",\"articleSection\":[\"Sin categorizar\"],\"inLanguage\":\"en-US\",\"potentialAction\":[{\"@type\":\"CommentAction\",\"name\":\"Comment\",\"target\":[\"https:\/\/fadeu.urantiacos.cl\/en\/2022\/10\/06\/pedro-alvarez-participa-en-dhs\/#respond\"]}]},{\"@type\":\"WebPage\",\"@id\":\"https:\/\/fadeu.urantiacos.cl\/en\/2022\/10\/06\/pedro-alvarez-participa-en-dhs\/\",\"url\":\"https:\/\/fadeu.urantiacos.cl\/en\/2022\/10\/06\/pedro-alvarez-participa-en-dhs\/\",\"name\":\"Pedro \u00c1lvarez participa en DHS - Facultad de Arquitectura, Dise\u00f1o y Estudios Urbanos\",\"isPartOf\":{\"@id\":\"https:\/\/fadeu.urantiacos.cl\/en\/#website\"},\"primaryImageOfPage\":{\"@id\":\"https:\/\/fadeu.urantiacos.cl\/en\/2022\/10\/06\/pedro-alvarez-participa-en-dhs\/#primaryimage\"},\"image\":{\"@id\":\"https:\/\/fadeu.urantiacos.cl\/en\/2022\/10\/06\/pedro-alvarez-participa-en-dhs\/#primaryimage\"},\"thumbnailUrl\":\"https:\/\/fadeu.urantiacos.cl\/wp-content\/uploads\/2023\/09\/web_Captura-de-Pantalla-2022-10-04-a-las-10.48.22_1.png\",\"datePublished\":\"2022-10-06T20:26:00+00:00\",\"dateModified\":\"2023-09-03T20:27:53+00:00\",\"author\":{\"@id\":\"https:\/\/fadeu.urantiacos.cl\/en\/#\/schema\/person\/d203e2e84b1c40275eac77b3061a19a2\"},\"description\":\"El acad\u00e9mico Pedro \u00c1lvarez particip\u00f3 de la conferencia anual de la Design History Society, DHS, que este a\u00f1o tuvo como tem\u00e1tica Design & Transience.\",\"breadcrumb\":{\"@id\":\"https:\/\/fadeu.urantiacos.cl\/en\/2022\/10\/06\/pedro-alvarez-participa-en-dhs\/#breadcrumb\"},\"inLanguage\":\"en-US\",\"potentialAction\":[{\"@type\":\"ReadAction\",\"target\":[\"https:\/\/fadeu.urantiacos.cl\/en\/2022\/10\/06\/pedro-alvarez-participa-en-dhs\/\"]}]},{\"@type\":\"ImageObject\",\"inLanguage\":\"en-US\",\"@id\":\"https:\/\/fadeu.urantiacos.cl\/en\/2022\/10\/06\/pedro-alvarez-participa-en-dhs\/#primaryimage\",\"url\":\"https:\/\/fadeu.urantiacos.cl\/wp-content\/uploads\/2023\/09\/web_Captura-de-Pantalla-2022-10-04-a-las-10.48.22_1.png\",\"contentUrl\":\"https:\/\/fadeu.urantiacos.cl\/wp-content\/uploads\/2023\/09\/web_Captura-de-Pantalla-2022-10-04-a-las-10.48.22_1.png\",\"width\":350,\"height\":250},{\"@type\":\"BreadcrumbList\",\"@id\":\"https:\/\/fadeu.urantiacos.cl\/en\/2022\/10\/06\/pedro-alvarez-participa-en-dhs\/#breadcrumb\",\"itemListElement\":[{\"@type\":\"ListItem\",\"position\":1,\"name\":\"Portada\",\"item\":\"https:\/\/fadeu.urantiacos.cl\/en\/\"},{\"@type\":\"ListItem\",\"position\":2,\"name\":\"Pedro \u00c1lvarez participa en DHS\"}]},{\"@type\":\"WebSite\",\"@id\":\"https:\/\/fadeu.urantiacos.cl\/en\/#website\",\"url\":\"https:\/\/fadeu.urantiacos.cl\/en\/\",\"name\":\"Facultad de Arquitectura, Dise\u00f1o y Estudios Urbanos\",\"description\":\"Campus Lo Contador\",\"potentialAction\":[{\"@type\":\"SearchAction\",\"target\":{\"@type\":\"EntryPoint\",\"urlTemplate\":\"https:\/\/fadeu.urantiacos.cl\/en\/?s={search_term_string}\"},\"query-input\":{\"@type\":\"PropertyValueSpecification\",\"valueRequired\":true,\"valueName\":\"search_term_string\"}}],\"inLanguage\":\"en-US\"},{\"@type\":\"Person\",\"@id\":\"https:\/\/fadeu.urantiacos.cl\/en\/#\/schema\/person\/d203e2e84b1c40275eac77b3061a19a2\",\"name\":\"manadmin\",\"image\":{\"@type\":\"ImageObject\",\"inLanguage\":\"en-US\",\"@id\":\"https:\/\/fadeu.urantiacos.cl\/en\/#\/schema\/person\/image\/\",\"url\":\"https:\/\/secure.gravatar.com\/avatar\/4b1d8e3303b4a9d8968ac578947d8bc80d9aea359f388cdd4aac15cadc0e8447?s=96&d=mm&r=g\",\"contentUrl\":\"https:\/\/secure.gravatar.com\/avatar\/4b1d8e3303b4a9d8968ac578947d8bc80d9aea359f388cdd4aac15cadc0e8447?s=96&d=mm&r=g\",\"caption\":\"manadmin\"},\"sameAs\":[\"https:\/\/fadeu.urantiacos.cl\"]}]}<\/script>\n<!-- \/ Yoast SEO plugin. -->","yoast_head_json":{"title":"Pedro \u00c1lvarez participa en DHS - Facultad de Arquitectura, Dise\u00f1o y Estudios Urbanos","description":"El acad\u00e9mico Pedro \u00c1lvarez particip\u00f3 de la conferencia anual de la Design History Society, DHS, que este a\u00f1o tuvo como tem\u00e1tica Design & Transience.","robots":{"index":"index","follow":"follow","max-snippet":"max-snippet:-1","max-image-preview":"max-image-preview:large","max-video-preview":"max-video-preview:-1"},"canonical":"https:\/\/fadeu.urantiacos.cl\/en\/2022\/10\/06\/pedro-alvarez-participa-en-dhs\/","og_locale":"en_US","og_type":"article","og_title":"Pedro \u00c1lvarez participa en DHS - Facultad de Arquitectura, Dise\u00f1o y Estudios Urbanos","og_description":"El acad\u00e9mico Pedro \u00c1lvarez particip\u00f3 de la conferencia anual de la Design History Society, DHS, que este a\u00f1o tuvo como tem\u00e1tica Design & Transience.","og_url":"https:\/\/fadeu.urantiacos.cl\/en\/2022\/10\/06\/pedro-alvarez-participa-en-dhs\/","og_site_name":"Facultad de Arquitectura, Dise\u00f1o y Estudios Urbanos","article_published_time":"2022-10-06T20:26:00+00:00","article_modified_time":"2023-09-03T20:27:53+00:00","og_image":[{"width":350,"height":250,"url":"https:\/\/fadeu.urantiacos.cl\/wp-content\/uploads\/2023\/09\/web_Captura-de-Pantalla-2022-10-04-a-las-10.48.22_1.png","type":"image\/png"}],"author":"manadmin","twitter_card":"summary_large_image","twitter_misc":{"Written by":"manadmin","Est. reading time":"1 minute"},"schema":{"@context":"https:\/\/schema.org","@graph":[{"@type":"Article","@id":"https:\/\/fadeu.urantiacos.cl\/en\/2022\/10\/06\/pedro-alvarez-participa-en-dhs\/#article","isPartOf":{"@id":"https:\/\/fadeu.urantiacos.cl\/en\/2022\/10\/06\/pedro-alvarez-participa-en-dhs\/"},"author":{"name":"manadmin","@id":"https:\/\/fadeu.urantiacos.cl\/en\/#\/schema\/person\/d203e2e84b1c40275eac77b3061a19a2"},"headline":"Pedro \u00c1lvarez participa en DHS","datePublished":"2022-10-06T20:26:00+00:00","dateModified":"2023-09-03T20:27:53+00:00","mainEntityOfPage":{"@id":"https:\/\/fadeu.urantiacos.cl\/en\/2022\/10\/06\/pedro-alvarez-participa-en-dhs\/"},"wordCount":184,"commentCount":0,"image":{"@id":"https:\/\/fadeu.urantiacos.cl\/en\/2022\/10\/06\/pedro-alvarez-participa-en-dhs\/#primaryimage"},"thumbnailUrl":"https:\/\/fadeu.urantiacos.cl\/wp-content\/uploads\/2023\/09\/web_Captura-de-Pantalla-2022-10-04-a-las-10.48.22_1.png","articleSection":["Sin categorizar"],"inLanguage":"en-US","potentialAction":[{"@type":"CommentAction","name":"Comment","target":["https:\/\/fadeu.urantiacos.cl\/en\/2022\/10\/06\/pedro-alvarez-participa-en-dhs\/#respond"]}]},{"@type":"WebPage","@id":"https:\/\/fadeu.urantiacos.cl\/en\/2022\/10\/06\/pedro-alvarez-participa-en-dhs\/","url":"https:\/\/fadeu.urantiacos.cl\/en\/2022\/10\/06\/pedro-alvarez-participa-en-dhs\/","name":"Pedro \u00c1lvarez participa en DHS - Facultad de Arquitectura, Dise\u00f1o y Estudios Urbanos","isPartOf":{"@id":"https:\/\/fadeu.urantiacos.cl\/en\/#website"},"primaryImageOfPage":{"@id":"https:\/\/fadeu.urantiacos.cl\/en\/2022\/10\/06\/pedro-alvarez-participa-en-dhs\/#primaryimage"},"image":{"@id":"https:\/\/fadeu.urantiacos.cl\/en\/2022\/10\/06\/pedro-alvarez-participa-en-dhs\/#primaryimage"},"thumbnailUrl":"https:\/\/fadeu.urantiacos.cl\/wp-content\/uploads\/2023\/09\/web_Captura-de-Pantalla-2022-10-04-a-las-10.48.22_1.png","datePublished":"2022-10-06T20:26:00+00:00","dateModified":"2023-09-03T20:27:53+00:00","author":{"@id":"https:\/\/fadeu.urantiacos.cl\/en\/#\/schema\/person\/d203e2e84b1c40275eac77b3061a19a2"},"description":"El acad\u00e9mico Pedro \u00c1lvarez particip\u00f3 de la conferencia anual de la Design History Society, DHS, que este a\u00f1o tuvo como tem\u00e1tica Design & Transience.","breadcrumb":{"@id":"https:\/\/fadeu.urantiacos.cl\/en\/2022\/10\/06\/pedro-alvarez-participa-en-dhs\/#breadcrumb"},"inLanguage":"en-US","potentialAction":[{"@type":"ReadAction","target":["https:\/\/fadeu.urantiacos.cl\/en\/2022\/10\/06\/pedro-alvarez-participa-en-dhs\/"]}]},{"@type":"ImageObject","inLanguage":"en-US","@id":"https:\/\/fadeu.urantiacos.cl\/en\/2022\/10\/06\/pedro-alvarez-participa-en-dhs\/#primaryimage","url":"https:\/\/fadeu.urantiacos.cl\/wp-content\/uploads\/2023\/09\/web_Captura-de-Pantalla-2022-10-04-a-las-10.48.22_1.png","contentUrl":"https:\/\/fadeu.urantiacos.cl\/wp-content\/uploads\/2023\/09\/web_Captura-de-Pantalla-2022-10-04-a-las-10.48.22_1.png","width":350,"height":250},{"@type":"BreadcrumbList","@id":"https:\/\/fadeu.urantiacos.cl\/en\/2022\/10\/06\/pedro-alvarez-participa-en-dhs\/#breadcrumb","itemListElement":[{"@type":"ListItem","position":1,"name":"Portada","item":"https:\/\/fadeu.urantiacos.cl\/en\/"},{"@type":"ListItem","position":2,"name":"Pedro \u00c1lvarez participa en DHS"}]},{"@type":"WebSite","@id":"https:\/\/fadeu.urantiacos.cl\/en\/#website","url":"https:\/\/fadeu.urantiacos.cl\/en\/","name":"Facultad de Arquitectura, Dise\u00f1o y Estudios Urbanos","description":"Campus Lo Contador","potentialAction":[{"@type":"SearchAction","target":{"@type":"EntryPoint","urlTemplate":"https:\/\/fadeu.urantiacos.cl\/en\/?s={search_term_string}"},"query-input":{"@type":"PropertyValueSpecification","valueRequired":true,"valueName":"search_term_string"}}],"inLanguage":"en-US"},{"@type":"Person","@id":"https:\/\/fadeu.urantiacos.cl\/en\/#\/schema\/person\/d203e2e84b1c40275eac77b3061a19a2","name":"manadmin","image":{"@type":"ImageObject","inLanguage":"en-US","@id":"https:\/\/fadeu.urantiacos.cl\/en\/#\/schema\/person\/image\/","url":"https:\/\/secure.gravatar.com\/avatar\/4b1d8e3303b4a9d8968ac578947d8bc80d9aea359f388cdd4aac15cadc0e8447?s=96&d=mm&r=g","contentUrl":"https:\/\/secure.gravatar.com\/avatar\/4b1d8e3303b4a9d8968ac578947d8bc80d9aea359f388cdd4aac15cadc0e8447?s=96&d=mm&r=g","caption":"manadmin"},"sameAs":["https:\/\/fadeu.urantiacos.cl"]}]}},"_links":{"self":[{"href":"https:\/\/fadeu.urantiacos.cl\/en\/wp-json\/wp\/v2\/posts\/3999","targetHints":{"allow":["GET"]}}],"collection":[{"href":"https:\/\/fadeu.urantiacos.cl\/en\/wp-json\/wp\/v2\/posts"}],"about":[{"href":"https:\/\/fadeu.urantiacos.cl\/en\/wp-json\/wp\/v2\/types\/post"}],"author":[{"embeddable":true,"href":"https:\/\/fadeu.urantiacos.cl\/en\/wp-json\/wp\/v2\/users\/1"}],"replies":[{"embeddable":true,"href":"https:\/\/fadeu.urantiacos.cl\/en\/wp-json\/wp\/v2\/comments?post=3999"}],"version-history":[{"count":1,"href":"https:\/\/fadeu.urantiacos.cl\/en\/wp-json\/wp\/v2\/posts\/3999\/revisions"}],"predecessor-version":[{"id":4001,"href":"https:\/\/fadeu.urantiacos.cl\/en\/wp-json\/wp\/v2\/posts\/3999\/revisions\/4001"}],"wp:featuredmedia":[{"embeddable":true,"href":"https:\/\/fadeu.urantiacos.cl\/en\/wp-json\/wp\/v2\/media\/4000"}],"wp:attachment":[{"href":"https:\/\/fadeu.urantiacos.cl\/en\/wp-json\/wp\/v2\/media?parent=3999"}],"wp:term":[{"taxonomy":"category","embeddable":true,"href":"https:\/\/fadeu.urantiacos.cl\/en\/wp-json\/wp\/v2\/categories?post=3999"},{"taxonomy":"post_tag","embeddable":true,"href":"https:\/\/fadeu.urantiacos.cl\/en\/wp-json\/wp\/v2\/tags?post=3999"}],"curies":[{"name":"wp","href":"https:\/\/api.w.org\/{rel}","templated":true}]}}