{"id":3973,"date":"2022-10-09T17:04:00","date_gmt":"2022-10-09T20:04:00","guid":{"rendered":"https:\/\/fadeu.urantiacos.cl\/?p=3973"},"modified":"2023-09-03T17:06:28","modified_gmt":"2023-09-03T20:06:28","slug":"con-gran-exito-se-realizo-la-jornada-anual-de-planificacion-interna-del-ieut","status":"publish","type":"post","link":"https:\/\/fadeu.urantiacos.cl\/en\/2022\/10\/09\/con-gran-exito-se-realizo-la-jornada-anual-de-planificacion-interna-del-ieut\/","title":{"rendered":"Con gran \u00e9xito se realiz\u00f3 la \u00abJornada anual de planificaci\u00f3n interna\u00bb del IEUT"},"content":{"rendered":"\n<figure class=\"wp-block-image size-full\"><img decoding=\"async\" width=\"350\" height=\"250\" src=\"https:\/\/fadeu.urantiacos.cl\/wp-content\/uploads\/2023\/09\/web_WhatsApp-Image-2022-10-06-at-5.16.34-PM.jpg\" alt=\"\" class=\"wp-image-3974\" srcset=\"https:\/\/fadeu.urantiacos.cl\/wp-content\/uploads\/2023\/09\/web_WhatsApp-Image-2022-10-06-at-5.16.34-PM.jpg 350w, https:\/\/fadeu.urantiacos.cl\/wp-content\/uploads\/2023\/09\/web_WhatsApp-Image-2022-10-06-at-5.16.34-PM-300x214.jpg 300w\" sizes=\"(max-width: 350px) 100vw, 350px\" \/><\/figure>\n\n\n\n<p>A la convocatoria asistieron 20 profesores y profesoras del equipo acad\u00e9mico y 11 personas del equipo administrativo, adem\u00e1s del Decano de la Facultad, Don&nbsp;Mario Ubilla. La actividad se realiz\u00f3 fuera del Campus Lo Contador, en el en Centro de Eventos UC, comenzando con un desayuno de bienvenida.<\/p>\n\n\n\n<p>Durante la ma\u00f1ana se profundiz\u00f3 en los principales desaf\u00edos que enfrentar\u00e1 el&nbsp;<a href=\"https:\/\/estudiosurbanos.uc.cl\/programas\/pregrado\/\" target=\"_blank\" rel=\"noreferrer noopener\">pregrado en Planificaci\u00f3n Urbana<\/a>&nbsp;frente al lanzamiento del nuevo&nbsp;<a href=\"https:\/\/estudiosurbanos.uc.cl\/programas\/magister\/\" target=\"_blank\" rel=\"noreferrer noopener\">Mag\u00edster en Planificaci\u00f3n Urbana<\/a>.<\/p>\n\n\n\n<p>El Director,&nbsp;<a href=\"https:\/\/estudiosurbanos.uc.cl\/academicos\/luis-fuentes-arce\/\" target=\"_blank\" rel=\"noreferrer noopener\">Luis Fuentes<\/a>, destac\u00f3 la importancia de este acontecimiento anual, el cual \u201cse enmarca en la constante revisi\u00f3n de los objetivos y estrategias del IEUT para el desarrollo institucional\u201d.<\/p>\n\n\n\n<p>En la jornada de la tarde se present\u00f3 una mirada general de la gesti\u00f3n interna del Instituto en relaci\u00f3n a sus diferentes \u00e1reas de desarrollo: estructura y gobierno, docencia, captaci\u00f3n y transferencia, educaci\u00f3n continua y publicaciones.<\/p>\n\n\n\n<p>El d\u00eda cerr\u00f3 con un plenario de conversaci\u00f3n acerca de los proyectos y estrategias presentadas.<\/p>\n\n\n\n<p>Para el Subdirector de investigaci\u00f3n,&nbsp;<a href=\"https:\/\/estudiosurbanos.uc.cl\/academicos\/felipe-link-lazo\/\" target=\"_blank\" rel=\"noreferrer noopener\">Felipe Link<\/a>, la actividad \u201ccumpli\u00f3 con el objetivo propuesto, logrando transmitir los procesos y responsabilidades de cada \u00e1rea de gesti\u00f3n del IEUT, recoger opiniones y acercar el trabajo permanente del equipo de gesti\u00f3n a las y los profesores\u201d.<\/p>\n\n\n\n<figure class=\"wp-block-image size-large\"><img decoding=\"async\" width=\"1024\" height=\"768\" src=\"https:\/\/fadeu.urantiacos.cl\/wp-content\/uploads\/2023\/09\/WhatsApp-Image-2022-10-06-at-3.11.33-PM-1024x768.jpeg\" alt=\"\" class=\"wp-image-3975\" srcset=\"https:\/\/fadeu.urantiacos.cl\/wp-content\/uploads\/2023\/09\/WhatsApp-Image-2022-10-06-at-3.11.33-PM-1024x768.jpeg 1024w, https:\/\/fadeu.urantiacos.cl\/wp-content\/uploads\/2023\/09\/WhatsApp-Image-2022-10-06-at-3.11.33-PM-300x225.jpeg 300w, https:\/\/fadeu.urantiacos.cl\/wp-content\/uploads\/2023\/09\/WhatsApp-Image-2022-10-06-at-3.11.33-PM-768x576.jpeg 768w, https:\/\/fadeu.urantiacos.cl\/wp-content\/uploads\/2023\/09\/WhatsApp-Image-2022-10-06-at-3.11.33-PM-1536x1152.jpeg 1536w, https:\/\/fadeu.urantiacos.cl\/wp-content\/uploads\/2023\/09\/WhatsApp-Image-2022-10-06-at-3.11.33-PM.jpeg 1600w\" sizes=\"(max-width: 1024px) 100vw, 1024px\" \/><\/figure>\n\n\n\n<p>INFORMACI\u00d3N PERIOD\u00cdSTICA<br>INSTITUTO DE ESTUDIOS URBANOS<\/p>\n","protected":false},"excerpt":{"rendered":"<p>El Mi\u00e9rcoles 5 de Octubre realiz\u00f3 la \u00abJornada anual de planificaci\u00f3n\u00bb del Instituto de Estudios Urbanos y Territoriales. El objetivo de esta instancia es abordar los principales desaf\u00edos de desarrollo de la Instituci\u00f3n.<\/p>\n","protected":false},"author":1,"featured_media":3974,"comment_status":"open","ping_status":"open","sticky":false,"template":"","format":"standard","meta":{"_acf_changed":false,"footnotes":""},"categories":[1],"tags":[],"class_list":["post-3973","post","type-post","status-publish","format-standard","has-post-thumbnail","hentry","category-sin-categorizar"],"acf":[],"yoast_head":"<!-- This site is optimized with the Yoast SEO plugin v27.1.1 - https:\/\/yoast.com\/product\/yoast-seo-wordpress\/ -->\n<title>Con gran \u00e9xito se realiz\u00f3 la \u00abJornada anual de planificaci\u00f3n interna\u00bb del IEUT - Facultad de Arquitectura, Dise\u00f1o y Estudios Urbanos<\/title>\n<meta name=\"description\" content=\"El Mi\u00e9rcoles 5 de Octubre realiz\u00f3 la \u00abJornada anual de planificaci\u00f3n\u00bb del Instituto de Estudios Urbanos y Territoriales. El objetivo de esta instancia es abordar los principales desaf\u00edos de desarrollo de la Instituci\u00f3n.\" \/>\n<meta name=\"robots\" content=\"index, follow, max-snippet:-1, max-image-preview:large, max-video-preview:-1\" \/>\n<link rel=\"canonical\" href=\"https:\/\/fadeu.urantiacos.cl\/en\/2022\/10\/09\/con-gran-exito-se-realizo-la-jornada-anual-de-planificacion-interna-del-ieut\/\" \/>\n<meta property=\"og:locale\" content=\"en_US\" \/>\n<meta property=\"og:type\" content=\"article\" \/>\n<meta property=\"og:title\" content=\"Con gran \u00e9xito se realiz\u00f3 la \u00abJornada anual de planificaci\u00f3n interna\u00bb del IEUT - Facultad de Arquitectura, Dise\u00f1o y Estudios Urbanos\" \/>\n<meta property=\"og:description\" content=\"El Mi\u00e9rcoles 5 de Octubre realiz\u00f3 la \u00abJornada anual de planificaci\u00f3n\u00bb del Instituto de Estudios Urbanos y Territoriales. El objetivo de esta instancia es abordar los principales desaf\u00edos de desarrollo de la Instituci\u00f3n.\" \/>\n<meta property=\"og:url\" content=\"https:\/\/fadeu.urantiacos.cl\/en\/2022\/10\/09\/con-gran-exito-se-realizo-la-jornada-anual-de-planificacion-interna-del-ieut\/\" \/>\n<meta property=\"og:site_name\" content=\"Facultad de Arquitectura, Dise\u00f1o y Estudios Urbanos\" \/>\n<meta property=\"article:published_time\" content=\"2022-10-09T20:04:00+00:00\" \/>\n<meta property=\"article:modified_time\" content=\"2023-09-03T20:06:28+00:00\" \/>\n<meta property=\"og:image\" content=\"https:\/\/fadeu.urantiacos.cl\/wp-content\/uploads\/2023\/09\/web_WhatsApp-Image-2022-10-06-at-5.16.34-PM.jpg\" \/>\n\t<meta property=\"og:image:width\" content=\"350\" \/>\n\t<meta property=\"og:image:height\" content=\"250\" \/>\n\t<meta property=\"og:image:type\" content=\"image\/jpeg\" \/>\n<meta name=\"author\" content=\"manadmin\" \/>\n<meta name=\"twitter:card\" content=\"summary_large_image\" \/>\n<meta name=\"twitter:label1\" content=\"Written by\" \/>\n\t<meta name=\"twitter:data1\" content=\"manadmin\" \/>\n\t<meta name=\"twitter:label2\" content=\"Est. reading time\" \/>\n\t<meta name=\"twitter:data2\" content=\"1 minute\" \/>\n<script type=\"application\/ld+json\" class=\"yoast-schema-graph\">{\"@context\":\"https:\/\/schema.org\",\"@graph\":[{\"@type\":\"Article\",\"@id\":\"https:\/\/fadeu.urantiacos.cl\/en\/2022\/10\/09\/con-gran-exito-se-realizo-la-jornada-anual-de-planificacion-interna-del-ieut\/#article\",\"isPartOf\":{\"@id\":\"https:\/\/fadeu.urantiacos.cl\/en\/2022\/10\/09\/con-gran-exito-se-realizo-la-jornada-anual-de-planificacion-interna-del-ieut\/\"},\"author\":{\"name\":\"manadmin\",\"@id\":\"https:\/\/fadeu.urantiacos.cl\/en\/#\/schema\/person\/d203e2e84b1c40275eac77b3061a19a2\"},\"headline\":\"Con gran \u00e9xito se realiz\u00f3 la \u00abJornada anual de planificaci\u00f3n interna\u00bb del IEUT\",\"datePublished\":\"2022-10-09T20:04:00+00:00\",\"dateModified\":\"2023-09-03T20:06:28+00:00\",\"mainEntityOfPage\":{\"@id\":\"https:\/\/fadeu.urantiacos.cl\/en\/2022\/10\/09\/con-gran-exito-se-realizo-la-jornada-anual-de-planificacion-interna-del-ieut\/\"},\"wordCount\":239,\"commentCount\":0,\"image\":{\"@id\":\"https:\/\/fadeu.urantiacos.cl\/en\/2022\/10\/09\/con-gran-exito-se-realizo-la-jornada-anual-de-planificacion-interna-del-ieut\/#primaryimage\"},\"thumbnailUrl\":\"https:\/\/fadeu.urantiacos.cl\/wp-content\/uploads\/2023\/09\/web_WhatsApp-Image-2022-10-06-at-5.16.34-PM.jpg\",\"articleSection\":[\"Sin categorizar\"],\"inLanguage\":\"en-US\",\"potentialAction\":[{\"@type\":\"CommentAction\",\"name\":\"Comment\",\"target\":[\"https:\/\/fadeu.urantiacos.cl\/en\/2022\/10\/09\/con-gran-exito-se-realizo-la-jornada-anual-de-planificacion-interna-del-ieut\/#respond\"]}]},{\"@type\":\"WebPage\",\"@id\":\"https:\/\/fadeu.urantiacos.cl\/en\/2022\/10\/09\/con-gran-exito-se-realizo-la-jornada-anual-de-planificacion-interna-del-ieut\/\",\"url\":\"https:\/\/fadeu.urantiacos.cl\/en\/2022\/10\/09\/con-gran-exito-se-realizo-la-jornada-anual-de-planificacion-interna-del-ieut\/\",\"name\":\"Con gran \u00e9xito se realiz\u00f3 la \u00abJornada anual de planificaci\u00f3n interna\u00bb del IEUT - Facultad de Arquitectura, Dise\u00f1o y Estudios Urbanos\",\"isPartOf\":{\"@id\":\"https:\/\/fadeu.urantiacos.cl\/en\/#website\"},\"primaryImageOfPage\":{\"@id\":\"https:\/\/fadeu.urantiacos.cl\/en\/2022\/10\/09\/con-gran-exito-se-realizo-la-jornada-anual-de-planificacion-interna-del-ieut\/#primaryimage\"},\"image\":{\"@id\":\"https:\/\/fadeu.urantiacos.cl\/en\/2022\/10\/09\/con-gran-exito-se-realizo-la-jornada-anual-de-planificacion-interna-del-ieut\/#primaryimage\"},\"thumbnailUrl\":\"https:\/\/fadeu.urantiacos.cl\/wp-content\/uploads\/2023\/09\/web_WhatsApp-Image-2022-10-06-at-5.16.34-PM.jpg\",\"datePublished\":\"2022-10-09T20:04:00+00:00\",\"dateModified\":\"2023-09-03T20:06:28+00:00\",\"author\":{\"@id\":\"https:\/\/fadeu.urantiacos.cl\/en\/#\/schema\/person\/d203e2e84b1c40275eac77b3061a19a2\"},\"description\":\"El Mi\u00e9rcoles 5 de Octubre realiz\u00f3 la \u00abJornada anual de planificaci\u00f3n\u00bb del Instituto de Estudios Urbanos y Territoriales. El objetivo de esta instancia es abordar los principales desaf\u00edos de desarrollo de la Instituci\u00f3n.\",\"breadcrumb\":{\"@id\":\"https:\/\/fadeu.urantiacos.cl\/en\/2022\/10\/09\/con-gran-exito-se-realizo-la-jornada-anual-de-planificacion-interna-del-ieut\/#breadcrumb\"},\"inLanguage\":\"en-US\",\"potentialAction\":[{\"@type\":\"ReadAction\",\"target\":[\"https:\/\/fadeu.urantiacos.cl\/en\/2022\/10\/09\/con-gran-exito-se-realizo-la-jornada-anual-de-planificacion-interna-del-ieut\/\"]}]},{\"@type\":\"ImageObject\",\"inLanguage\":\"en-US\",\"@id\":\"https:\/\/fadeu.urantiacos.cl\/en\/2022\/10\/09\/con-gran-exito-se-realizo-la-jornada-anual-de-planificacion-interna-del-ieut\/#primaryimage\",\"url\":\"https:\/\/fadeu.urantiacos.cl\/wp-content\/uploads\/2023\/09\/web_WhatsApp-Image-2022-10-06-at-5.16.34-PM.jpg\",\"contentUrl\":\"https:\/\/fadeu.urantiacos.cl\/wp-content\/uploads\/2023\/09\/web_WhatsApp-Image-2022-10-06-at-5.16.34-PM.jpg\",\"width\":350,\"height\":250},{\"@type\":\"BreadcrumbList\",\"@id\":\"https:\/\/fadeu.urantiacos.cl\/en\/2022\/10\/09\/con-gran-exito-se-realizo-la-jornada-anual-de-planificacion-interna-del-ieut\/#breadcrumb\",\"itemListElement\":[{\"@type\":\"ListItem\",\"position\":1,\"name\":\"Portada\",\"item\":\"https:\/\/fadeu.urantiacos.cl\/en\/\"},{\"@type\":\"ListItem\",\"position\":2,\"name\":\"Con gran \u00e9xito se realiz\u00f3 la \u00abJornada anual de planificaci\u00f3n interna\u00bb del IEUT\"}]},{\"@type\":\"WebSite\",\"@id\":\"https:\/\/fadeu.urantiacos.cl\/en\/#website\",\"url\":\"https:\/\/fadeu.urantiacos.cl\/en\/\",\"name\":\"Facultad de Arquitectura, Dise\u00f1o y Estudios Urbanos\",\"description\":\"Campus Lo Contador\",\"potentialAction\":[{\"@type\":\"SearchAction\",\"target\":{\"@type\":\"EntryPoint\",\"urlTemplate\":\"https:\/\/fadeu.urantiacos.cl\/en\/?s={search_term_string}\"},\"query-input\":{\"@type\":\"PropertyValueSpecification\",\"valueRequired\":true,\"valueName\":\"search_term_string\"}}],\"inLanguage\":\"en-US\"},{\"@type\":\"Person\",\"@id\":\"https:\/\/fadeu.urantiacos.cl\/en\/#\/schema\/person\/d203e2e84b1c40275eac77b3061a19a2\",\"name\":\"manadmin\",\"image\":{\"@type\":\"ImageObject\",\"inLanguage\":\"en-US\",\"@id\":\"https:\/\/fadeu.urantiacos.cl\/en\/#\/schema\/person\/image\/\",\"url\":\"https:\/\/secure.gravatar.com\/avatar\/4b1d8e3303b4a9d8968ac578947d8bc80d9aea359f388cdd4aac15cadc0e8447?s=96&d=mm&r=g\",\"contentUrl\":\"https:\/\/secure.gravatar.com\/avatar\/4b1d8e3303b4a9d8968ac578947d8bc80d9aea359f388cdd4aac15cadc0e8447?s=96&d=mm&r=g\",\"caption\":\"manadmin\"},\"sameAs\":[\"https:\/\/fadeu.urantiacos.cl\"]}]}<\/script>\n<!-- \/ Yoast SEO plugin. -->","yoast_head_json":{"title":"Con gran \u00e9xito se realiz\u00f3 la \u00abJornada anual de planificaci\u00f3n interna\u00bb del IEUT - Facultad de Arquitectura, Dise\u00f1o y Estudios Urbanos","description":"El Mi\u00e9rcoles 5 de Octubre realiz\u00f3 la \u00abJornada anual de planificaci\u00f3n\u00bb del Instituto de Estudios Urbanos y Territoriales. El objetivo de esta instancia es abordar los principales desaf\u00edos de desarrollo de la Instituci\u00f3n.","robots":{"index":"index","follow":"follow","max-snippet":"max-snippet:-1","max-image-preview":"max-image-preview:large","max-video-preview":"max-video-preview:-1"},"canonical":"https:\/\/fadeu.urantiacos.cl\/en\/2022\/10\/09\/con-gran-exito-se-realizo-la-jornada-anual-de-planificacion-interna-del-ieut\/","og_locale":"en_US","og_type":"article","og_title":"Con gran \u00e9xito se realiz\u00f3 la \u00abJornada anual de planificaci\u00f3n interna\u00bb del IEUT - Facultad de Arquitectura, Dise\u00f1o y Estudios Urbanos","og_description":"El Mi\u00e9rcoles 5 de Octubre realiz\u00f3 la \u00abJornada anual de planificaci\u00f3n\u00bb del Instituto de Estudios Urbanos y Territoriales. El objetivo de esta instancia es abordar los principales desaf\u00edos de desarrollo de la Instituci\u00f3n.","og_url":"https:\/\/fadeu.urantiacos.cl\/en\/2022\/10\/09\/con-gran-exito-se-realizo-la-jornada-anual-de-planificacion-interna-del-ieut\/","og_site_name":"Facultad de Arquitectura, Dise\u00f1o y Estudios Urbanos","article_published_time":"2022-10-09T20:04:00+00:00","article_modified_time":"2023-09-03T20:06:28+00:00","og_image":[{"width":350,"height":250,"url":"https:\/\/fadeu.urantiacos.cl\/wp-content\/uploads\/2023\/09\/web_WhatsApp-Image-2022-10-06-at-5.16.34-PM.jpg","type":"image\/jpeg"}],"author":"manadmin","twitter_card":"summary_large_image","twitter_misc":{"Written by":"manadmin","Est. reading time":"1 minute"},"schema":{"@context":"https:\/\/schema.org","@graph":[{"@type":"Article","@id":"https:\/\/fadeu.urantiacos.cl\/en\/2022\/10\/09\/con-gran-exito-se-realizo-la-jornada-anual-de-planificacion-interna-del-ieut\/#article","isPartOf":{"@id":"https:\/\/fadeu.urantiacos.cl\/en\/2022\/10\/09\/con-gran-exito-se-realizo-la-jornada-anual-de-planificacion-interna-del-ieut\/"},"author":{"name":"manadmin","@id":"https:\/\/fadeu.urantiacos.cl\/en\/#\/schema\/person\/d203e2e84b1c40275eac77b3061a19a2"},"headline":"Con gran \u00e9xito se realiz\u00f3 la \u00abJornada anual de planificaci\u00f3n interna\u00bb del IEUT","datePublished":"2022-10-09T20:04:00+00:00","dateModified":"2023-09-03T20:06:28+00:00","mainEntityOfPage":{"@id":"https:\/\/fadeu.urantiacos.cl\/en\/2022\/10\/09\/con-gran-exito-se-realizo-la-jornada-anual-de-planificacion-interna-del-ieut\/"},"wordCount":239,"commentCount":0,"image":{"@id":"https:\/\/fadeu.urantiacos.cl\/en\/2022\/10\/09\/con-gran-exito-se-realizo-la-jornada-anual-de-planificacion-interna-del-ieut\/#primaryimage"},"thumbnailUrl":"https:\/\/fadeu.urantiacos.cl\/wp-content\/uploads\/2023\/09\/web_WhatsApp-Image-2022-10-06-at-5.16.34-PM.jpg","articleSection":["Sin categorizar"],"inLanguage":"en-US","potentialAction":[{"@type":"CommentAction","name":"Comment","target":["https:\/\/fadeu.urantiacos.cl\/en\/2022\/10\/09\/con-gran-exito-se-realizo-la-jornada-anual-de-planificacion-interna-del-ieut\/#respond"]}]},{"@type":"WebPage","@id":"https:\/\/fadeu.urantiacos.cl\/en\/2022\/10\/09\/con-gran-exito-se-realizo-la-jornada-anual-de-planificacion-interna-del-ieut\/","url":"https:\/\/fadeu.urantiacos.cl\/en\/2022\/10\/09\/con-gran-exito-se-realizo-la-jornada-anual-de-planificacion-interna-del-ieut\/","name":"Con gran \u00e9xito se realiz\u00f3 la \u00abJornada anual de planificaci\u00f3n interna\u00bb del IEUT - Facultad de Arquitectura, Dise\u00f1o y Estudios Urbanos","isPartOf":{"@id":"https:\/\/fadeu.urantiacos.cl\/en\/#website"},"primaryImageOfPage":{"@id":"https:\/\/fadeu.urantiacos.cl\/en\/2022\/10\/09\/con-gran-exito-se-realizo-la-jornada-anual-de-planificacion-interna-del-ieut\/#primaryimage"},"image":{"@id":"https:\/\/fadeu.urantiacos.cl\/en\/2022\/10\/09\/con-gran-exito-se-realizo-la-jornada-anual-de-planificacion-interna-del-ieut\/#primaryimage"},"thumbnailUrl":"https:\/\/fadeu.urantiacos.cl\/wp-content\/uploads\/2023\/09\/web_WhatsApp-Image-2022-10-06-at-5.16.34-PM.jpg","datePublished":"2022-10-09T20:04:00+00:00","dateModified":"2023-09-03T20:06:28+00:00","author":{"@id":"https:\/\/fadeu.urantiacos.cl\/en\/#\/schema\/person\/d203e2e84b1c40275eac77b3061a19a2"},"description":"El Mi\u00e9rcoles 5 de Octubre realiz\u00f3 la \u00abJornada anual de planificaci\u00f3n\u00bb del Instituto de Estudios Urbanos y Territoriales. El objetivo de esta instancia es abordar los principales desaf\u00edos de desarrollo de la Instituci\u00f3n.","breadcrumb":{"@id":"https:\/\/fadeu.urantiacos.cl\/en\/2022\/10\/09\/con-gran-exito-se-realizo-la-jornada-anual-de-planificacion-interna-del-ieut\/#breadcrumb"},"inLanguage":"en-US","potentialAction":[{"@type":"ReadAction","target":["https:\/\/fadeu.urantiacos.cl\/en\/2022\/10\/09\/con-gran-exito-se-realizo-la-jornada-anual-de-planificacion-interna-del-ieut\/"]}]},{"@type":"ImageObject","inLanguage":"en-US","@id":"https:\/\/fadeu.urantiacos.cl\/en\/2022\/10\/09\/con-gran-exito-se-realizo-la-jornada-anual-de-planificacion-interna-del-ieut\/#primaryimage","url":"https:\/\/fadeu.urantiacos.cl\/wp-content\/uploads\/2023\/09\/web_WhatsApp-Image-2022-10-06-at-5.16.34-PM.jpg","contentUrl":"https:\/\/fadeu.urantiacos.cl\/wp-content\/uploads\/2023\/09\/web_WhatsApp-Image-2022-10-06-at-5.16.34-PM.jpg","width":350,"height":250},{"@type":"BreadcrumbList","@id":"https:\/\/fadeu.urantiacos.cl\/en\/2022\/10\/09\/con-gran-exito-se-realizo-la-jornada-anual-de-planificacion-interna-del-ieut\/#breadcrumb","itemListElement":[{"@type":"ListItem","position":1,"name":"Portada","item":"https:\/\/fadeu.urantiacos.cl\/en\/"},{"@type":"ListItem","position":2,"name":"Con gran \u00e9xito se realiz\u00f3 la \u00abJornada anual de planificaci\u00f3n interna\u00bb del IEUT"}]},{"@type":"WebSite","@id":"https:\/\/fadeu.urantiacos.cl\/en\/#website","url":"https:\/\/fadeu.urantiacos.cl\/en\/","name":"Facultad de Arquitectura, Dise\u00f1o y Estudios Urbanos","description":"Campus Lo Contador","potentialAction":[{"@type":"SearchAction","target":{"@type":"EntryPoint","urlTemplate":"https:\/\/fadeu.urantiacos.cl\/en\/?s={search_term_string}"},"query-input":{"@type":"PropertyValueSpecification","valueRequired":true,"valueName":"search_term_string"}}],"inLanguage":"en-US"},{"@type":"Person","@id":"https:\/\/fadeu.urantiacos.cl\/en\/#\/schema\/person\/d203e2e84b1c40275eac77b3061a19a2","name":"manadmin","image":{"@type":"ImageObject","inLanguage":"en-US","@id":"https:\/\/fadeu.urantiacos.cl\/en\/#\/schema\/person\/image\/","url":"https:\/\/secure.gravatar.com\/avatar\/4b1d8e3303b4a9d8968ac578947d8bc80d9aea359f388cdd4aac15cadc0e8447?s=96&d=mm&r=g","contentUrl":"https:\/\/secure.gravatar.com\/avatar\/4b1d8e3303b4a9d8968ac578947d8bc80d9aea359f388cdd4aac15cadc0e8447?s=96&d=mm&r=g","caption":"manadmin"},"sameAs":["https:\/\/fadeu.urantiacos.cl"]}]}},"_links":{"self":[{"href":"https:\/\/fadeu.urantiacos.cl\/en\/wp-json\/wp\/v2\/posts\/3973","targetHints":{"allow":["GET"]}}],"collection":[{"href":"https:\/\/fadeu.urantiacos.cl\/en\/wp-json\/wp\/v2\/posts"}],"about":[{"href":"https:\/\/fadeu.urantiacos.cl\/en\/wp-json\/wp\/v2\/types\/post"}],"author":[{"embeddable":true,"href":"https:\/\/fadeu.urantiacos.cl\/en\/wp-json\/wp\/v2\/users\/1"}],"replies":[{"embeddable":true,"href":"https:\/\/fadeu.urantiacos.cl\/en\/wp-json\/wp\/v2\/comments?post=3973"}],"version-history":[{"count":1,"href":"https:\/\/fadeu.urantiacos.cl\/en\/wp-json\/wp\/v2\/posts\/3973\/revisions"}],"predecessor-version":[{"id":3976,"href":"https:\/\/fadeu.urantiacos.cl\/en\/wp-json\/wp\/v2\/posts\/3973\/revisions\/3976"}],"wp:featuredmedia":[{"embeddable":true,"href":"https:\/\/fadeu.urantiacos.cl\/en\/wp-json\/wp\/v2\/media\/3974"}],"wp:attachment":[{"href":"https:\/\/fadeu.urantiacos.cl\/en\/wp-json\/wp\/v2\/media?parent=3973"}],"wp:term":[{"taxonomy":"category","embeddable":true,"href":"https:\/\/fadeu.urantiacos.cl\/en\/wp-json\/wp\/v2\/categories?post=3973"},{"taxonomy":"post_tag","embeddable":true,"href":"https:\/\/fadeu.urantiacos.cl\/en\/wp-json\/wp\/v2\/tags?post=3973"}],"curies":[{"name":"wp","href":"https:\/\/api.w.org\/{rel}","templated":true}]}}