{"id":3778,"date":"2022-11-07T21:01:00","date_gmt":"2022-11-08T00:01:00","guid":{"rendered":"https:\/\/fadeu.urantiacos.cl\/?p=3778"},"modified":"2023-09-02T21:03:26","modified_gmt":"2023-09-03T00:03:26","slug":"magdalena-vicuna-presidenta-de-alepu-inaugura-xvi-congreso-internacional-en-mexico","status":"publish","type":"post","link":"https:\/\/fadeu.urantiacos.cl\/en\/2022\/11\/07\/magdalena-vicuna-presidenta-de-alepu-inaugura-xvi-congreso-internacional-en-mexico\/","title":{"rendered":"Magdalena Vicu\u00f1a, Presidenta de Alepu inaugura XVI Congreso Internacional en M\u00e9xico"},"content":{"rendered":"\n<figure class=\"wp-block-image size-full\"><img decoding=\"async\" width=\"350\" height=\"250\" src=\"https:\/\/fadeu.urantiacos.cl\/wp-content\/uploads\/2023\/09\/web_20221027_093259-768x576-1.jpeg\" alt=\"\" class=\"wp-image-3779\" srcset=\"https:\/\/fadeu.urantiacos.cl\/wp-content\/uploads\/2023\/09\/web_20221027_093259-768x576-1.jpeg 350w, https:\/\/fadeu.urantiacos.cl\/wp-content\/uploads\/2023\/09\/web_20221027_093259-768x576-1-300x214.jpeg 300w\" sizes=\"(max-width: 350px) 100vw, 350px\" \/><\/figure>\n\n\n\n<p>La edici\u00f3n de este a\u00f1o, llevada a cabo en el Centro Universitario de Arte, Arquitectura y Dise\u00f1o de la Universidad de Guadalajara, M\u00e9xico, tuvo como lema \u201cLa ense\u00f1anza y la pr\u00e1ctica profesional de la planificaci\u00f3n y el ordenamiento territorial contempor\u00e1neo en Am\u00e9rica Latina y el Caribe: retos y realidades\u201d, y convoc\u00f3 a acad\u00e9micos, investigadores y profesionales de Chile, Argentina, Brasil, Venezuela, Colombia y M\u00e9xico.<\/p>\n\n\n\n<p>La Presidenta pronunci\u00f3 los discursos, inaugural y de cierre del Congreso, y dirigi\u00f3 las sesiones de trabajo de la Asociaci\u00f3n, junto al profesor del IEUT y subdirector del Pregrado en Planificaci\u00f3n Urbana UC, Kay Bergamini (quien es secretario de ALEUP). Por otra parte, present\u00f3 su libro \u201cPlanes Metropolitanos en Iberoam\u00e9rica\u201d y expuso algunos avances de su proyecto FONDECYT, entre otras actividades desarrolladas en el Congreso.<\/p>\n\n\n\n<p>La Asociaci\u00f3n, en palabras de Magdalena Vicu\u00f1a, \u201cse ha constituido en una plataforma para consolidar diversas iniciativas, mediante el contacto entre escuelas similares en Latinoam\u00e9rica, y la retro-alimentaci\u00f3n y reflexi\u00f3n conjunta en t\u00e9rminos de estructuras curriculares y formaci\u00f3n en competencias\u201d.<\/p>\n\n\n\n<p>Conversamos con la presidenta de ALEPU sobre los desaf\u00edos, temas pendientes y la formaci\u00f3n profesional en planificaci\u00f3n urbana:<\/p>\n\n\n\n<p>JA: Magdalena, \u00bfcu\u00e1les son las conclusiones macro que se establecieron en el Congreso en materia de docencia, investigaci\u00f3n y reflexi\u00f3n profesional de la Planificaci\u00f3n Urbana en el contexto Latinoamericano?<\/p>\n\n\n\n<p>MV: No tenemos formalmente a\u00fan un acta formal de las conclusiones del Congreso, pero s\u00ed destacar\u00eda algunos puntos que me parecieron importantes, sobre todo de lo que escuch\u00e9 de las dos conferencistas magistrales, Carmen Miralles y Beatriz Rave, respecto de los desaf\u00edos inmediatos y futuros.<\/p>\n\n\n\n<p>Carmen, por ejemplo, plantea que el gran desaf\u00edo de la formaci\u00f3n de futuros planificadores urbanos es adecuarse a un proceso de transformaciones y cambio de paradigmas respecto de la sustentabilidad y la sostenibilidad, en su mirada y an\u00e1lisis m\u00e1s amplio, pasando por los temas ambientales, de g\u00e9nero, integraci\u00f3n socio-urbana y movilidad. Se trata de un proceso a\u00fan en conversaci\u00f3n, discusi\u00f3n y debate para construir un relato com\u00fan, por lo que se transforma en un desaf\u00edo demasiado importante y relevante para la planificaci\u00f3n urbana actual.<\/p>\n\n\n\n<p>Beatriz Rave dijo tambi\u00e9n cosas que me parecieron muy interesantes, por ejemplo, cuando plantea la siguiente reflexi\u00f3n: \u201cno dejar que la planificaci\u00f3n se transforme en un g\u00e9nero literario\u201d, en el sentido de que tengamos conciencia de que la formaci\u00f3n de los planificadores urbanos est\u00e9 centrada en la gesti\u00f3n, en la inversi\u00f3n y en la concreci\u00f3n de lo planificado, y no solamente en la generaci\u00f3n de una visi\u00f3n compartida de ciudad. Esto nos plantea desaf\u00edos inmediatos, en t\u00e9rminos de aterrizar la formaci\u00f3n a la pol\u00edtica p\u00fablica y a la implementaci\u00f3n de planes y programas concretos.<\/p>\n\n\n\n<p>JA: \u00bfC\u00f3mo est\u00e1 Chile, y particularmente la UC (como \u00fanica Universidad en impartir esta disciplina), en materia de formaci\u00f3n de profesionales de la Planificaci\u00f3n Urbana respecto del contexto regional?<\/p>\n\n\n\n<p>MV: En Chile estamos muy en l\u00ednea respecto de una formaci\u00f3n 100% en terreno. De hecho, Beatriz se\u00f1al\u00f3 que \u201clas ciudades son libros que se leen con los pies\u201d, y eso me parece muy pertinente, en t\u00e9rminos de encausar la formaci\u00f3n profesional a la gesti\u00f3n pura, de manera tal de iniciar la formaci\u00f3n pensando en la concreci\u00f3n de ideas, planes y proyectos, m\u00e1s all\u00e1 de la teor\u00eda.<\/p>\n\n\n\n<p>Tenemos una formaci\u00f3n muy enfocada en el trabajo en terreno, bajo paradigmas de sostenibilidad, que est\u00e1n en el centro de nuestra ense\u00f1anza y de la gesti\u00f3n acad\u00e9mica en la formaci\u00f3n en planificaci\u00f3n urbana, lo que nos pone a tono con lo que se est\u00e1 haciendo en Latinoam\u00e9rica.<\/p>\n\n\n\n<p>El desaf\u00edo pa\u00eds es entender y asumir que estamos en un momento de inflexi\u00f3n, teniendo, por ejemplo, una Ley de Aportes al Espacio P\u00fablico, y una Ley de Integraci\u00f3n Social, y nos vamos dando cuenta de que tenemos un aparataje normativo y legal que de alguna manera se pone al d\u00eda con muchas demandas, pero que debe ser aterrizado a la pr\u00e1ctica, y ese aterrizaje debe ser empujado por las universidades, aprendiendo de las experiencias, por ejemplo, de Brasil o Colombia, aprovechando la red que ofrece ALEUP, para nutrirnos de otros pa\u00edses que quiz\u00e1s van unos pasos adelante en materia de planificaci\u00f3n y gesti\u00f3n urbana, en temas espec\u00edficos, como, por ejemplo, lo referido a captaci\u00f3n de plusval\u00edas, cuotas de vivienda social y otros.<\/p>\n\n\n\n<p>Otro desaf\u00edo muy importante es darnos cuenta de que debemos incentivar la innovaci\u00f3n en los futuros profesionales de la planificaci\u00f3n urbana. No basta con formarse para insertarse en el contexto t\u00e9cnico laboral para dejarse llevar por la inercia, sino se deben buscar mecanismos que permitan hacer las cosas de otras maneras, con m\u00e1s participaci\u00f3n y pertinencia, y ah\u00ed como universidad tenemos harto trabajo, que permita construir miradas inclusivas, creativas y pensamiento cr\u00edtico que permita combatir esas inercias, y siendo parte de ALEUP es un activo que nos permite tener referencias de c\u00f3mo se hacen las cosas en otras partes de la regi\u00f3n, con un sentido realista y de colaboraci\u00f3n mutua.<\/p>\n\n\n\n<p>JA: \u00bfCu\u00e1les son los desaf\u00edos futuros para la FADEU, y para el IEUT, pensando en la consolidaci\u00f3n del Mag\u00edster en Planificaci\u00f3n Urbana, con miras a robustecer una disciplina que ser\u00e1 clave para la gesti\u00f3n futura de las ciudades y los territorios?<\/p>\n\n\n\n<p>MV: Aprovechar y potenciar el liderazgo internacional que tiene la Pontificia Universidad Cat\u00f3lica de Chile. Podemos y debemos consolidar un liderazgo que se ha instalado, gracias al cual nos miran con buenos ojos desde otras partes del contexto latinoamericano, y debemos ser capaces de saber capitalizar ese liderazgo.<\/p>\n\n\n\n<p>Tambi\u00e9n debemos empujar iniciativas y sacarle mucho provecho a la red que propone ALEUP, estableciendo iniciativas de colaboraci\u00f3n mutua, como, por ejemplo, premiar tesis en planificaci\u00f3n urbana en la regi\u00f3n; dar cursos con intercambio docente y estudiantil incluido; y tantas cosas que se pueden hacer aprovechando la red de contactos que ofrece ALEUP.<\/p>\n\n\n\n<p>INFORMACI\u00d3N PERIOD\u00cdSTICA<br>JUAN ANDR\u00c9S INZUNZA<\/p>\n","protected":false},"excerpt":{"rendered":"<p>Magdalena Vicu\u00f1a, Directora de Investigaci\u00f3n y Postgrado FADEU y acad\u00e9mica del Instituto de Estudios Urbanos y Territoriales (IEUT), dio por inaugurado el XVI Congreso de la Asociaci\u00f3n Latinoamericana de Escuelas de Urbanismo y Planificaci\u00f3n, ALEUP (de la cual es presidenta desde octubre de 2021). En su discurso inaugural se\u00f1al\u00f3: \u201cComo universidades, enfrentamos el reto de formar profesionales del urbanismo y la planificaci\u00f3n urbana y territorial que piensen, dise\u00f1en y cuestionen cr\u00edticamente ciudades y territorios, hoy en permanente cambio, y que demandan soluciones para una sociedad m\u00e1s equitativa, inclusiva y sustentable\u201d.<\/p>\n","protected":false},"author":1,"featured_media":3779,"comment_status":"open","ping_status":"open","sticky":false,"template":"","format":"standard","meta":{"_acf_changed":false,"footnotes":""},"categories":[1],"tags":[],"class_list":["post-3778","post","type-post","status-publish","format-standard","has-post-thumbnail","hentry","category-sin-categorizar"],"acf":[],"yoast_head":"<!-- This site is optimized with the Yoast SEO plugin v27.1.1 - https:\/\/yoast.com\/product\/yoast-seo-wordpress\/ -->\n<title>Magdalena Vicu\u00f1a, Presidenta de Alepu inaugura XVI Congreso Internacional en M\u00e9xico - Facultad de Arquitectura, Dise\u00f1o y Estudios Urbanos<\/title>\n<meta name=\"description\" content=\"Magdalena Vicu\u00f1a, Directora de Investigaci\u00f3n y Postgrado FADEU y acad\u00e9mica del Instituto de Estudios Urbanos y Territoriales (IEUT), dio por inaugurado el XVI Congreso de la Asociaci\u00f3n Latinoamericana de Escuelas de Urbanismo y Planificaci\u00f3n, ALEUP (de la cual es presidenta desde octubre de 2021). En su discurso inaugural se\u00f1al\u00f3: \u201cComo universidades, enfrentamos el reto de formar profesionales del urbanismo y la planificaci\u00f3n urbana y territorial que piensen, dise\u00f1en y cuestionen cr\u00edticamente ciudades y territorios, hoy en permanente cambio, y que demandan soluciones para una sociedad m\u00e1s equitativa, inclusiva y sustentable\u201d.\" \/>\n<meta name=\"robots\" content=\"index, follow, max-snippet:-1, max-image-preview:large, max-video-preview:-1\" \/>\n<link rel=\"canonical\" href=\"https:\/\/fadeu.urantiacos.cl\/en\/2022\/11\/07\/magdalena-vicuna-presidenta-de-alepu-inaugura-xvi-congreso-internacional-en-mexico\/\" \/>\n<meta property=\"og:locale\" content=\"en_US\" \/>\n<meta property=\"og:type\" content=\"article\" \/>\n<meta property=\"og:title\" content=\"Magdalena Vicu\u00f1a, Presidenta de Alepu inaugura XVI Congreso Internacional en M\u00e9xico - Facultad de Arquitectura, Dise\u00f1o y Estudios Urbanos\" \/>\n<meta property=\"og:description\" content=\"Magdalena Vicu\u00f1a, Directora de Investigaci\u00f3n y Postgrado FADEU y acad\u00e9mica del Instituto de Estudios Urbanos y Territoriales (IEUT), dio por inaugurado el XVI Congreso de la Asociaci\u00f3n Latinoamericana de Escuelas de Urbanismo y Planificaci\u00f3n, ALEUP (de la cual es presidenta desde octubre de 2021). En su discurso inaugural se\u00f1al\u00f3: \u201cComo universidades, enfrentamos el reto de formar profesionales del urbanismo y la planificaci\u00f3n urbana y territorial que piensen, dise\u00f1en y cuestionen cr\u00edticamente ciudades y territorios, hoy en permanente cambio, y que demandan soluciones para una sociedad m\u00e1s equitativa, inclusiva y sustentable\u201d.\" \/>\n<meta property=\"og:url\" content=\"https:\/\/fadeu.urantiacos.cl\/en\/2022\/11\/07\/magdalena-vicuna-presidenta-de-alepu-inaugura-xvi-congreso-internacional-en-mexico\/\" \/>\n<meta property=\"og:site_name\" content=\"Facultad de Arquitectura, Dise\u00f1o y Estudios Urbanos\" \/>\n<meta property=\"article:published_time\" content=\"2022-11-08T00:01:00+00:00\" \/>\n<meta property=\"article:modified_time\" content=\"2023-09-03T00:03:26+00:00\" \/>\n<meta property=\"og:image\" content=\"https:\/\/fadeu.urantiacos.cl\/wp-content\/uploads\/2023\/09\/web_20221027_093259-768x576-1.jpeg\" \/>\n\t<meta property=\"og:image:width\" content=\"350\" \/>\n\t<meta property=\"og:image:height\" content=\"250\" \/>\n\t<meta property=\"og:image:type\" content=\"image\/jpeg\" \/>\n<meta name=\"author\" content=\"manadmin\" \/>\n<meta name=\"twitter:card\" content=\"summary_large_image\" \/>\n<meta name=\"twitter:label1\" content=\"Written by\" \/>\n\t<meta name=\"twitter:data1\" content=\"manadmin\" \/>\n\t<meta name=\"twitter:label2\" content=\"Est. reading time\" \/>\n\t<meta name=\"twitter:data2\" content=\"5 minutes\" \/>\n<script type=\"application\/ld+json\" class=\"yoast-schema-graph\">{\"@context\":\"https:\/\/schema.org\",\"@graph\":[{\"@type\":\"Article\",\"@id\":\"https:\/\/fadeu.urantiacos.cl\/en\/2022\/11\/07\/magdalena-vicuna-presidenta-de-alepu-inaugura-xvi-congreso-internacional-en-mexico\/#article\",\"isPartOf\":{\"@id\":\"https:\/\/fadeu.urantiacos.cl\/en\/2022\/11\/07\/magdalena-vicuna-presidenta-de-alepu-inaugura-xvi-congreso-internacional-en-mexico\/\"},\"author\":{\"name\":\"manadmin\",\"@id\":\"https:\/\/fadeu.urantiacos.cl\/en\/#\/schema\/person\/d203e2e84b1c40275eac77b3061a19a2\"},\"headline\":\"Magdalena Vicu\u00f1a, Presidenta de Alepu inaugura XVI Congreso Internacional en M\u00e9xico\",\"datePublished\":\"2022-11-08T00:01:00+00:00\",\"dateModified\":\"2023-09-03T00:03:26+00:00\",\"mainEntityOfPage\":{\"@id\":\"https:\/\/fadeu.urantiacos.cl\/en\/2022\/11\/07\/magdalena-vicuna-presidenta-de-alepu-inaugura-xvi-congreso-internacional-en-mexico\/\"},\"wordCount\":1091,\"commentCount\":0,\"image\":{\"@id\":\"https:\/\/fadeu.urantiacos.cl\/en\/2022\/11\/07\/magdalena-vicuna-presidenta-de-alepu-inaugura-xvi-congreso-internacional-en-mexico\/#primaryimage\"},\"thumbnailUrl\":\"https:\/\/fadeu.urantiacos.cl\/wp-content\/uploads\/2023\/09\/web_20221027_093259-768x576-1.jpeg\",\"articleSection\":[\"Sin categorizar\"],\"inLanguage\":\"en-US\",\"potentialAction\":[{\"@type\":\"CommentAction\",\"name\":\"Comment\",\"target\":[\"https:\/\/fadeu.urantiacos.cl\/en\/2022\/11\/07\/magdalena-vicuna-presidenta-de-alepu-inaugura-xvi-congreso-internacional-en-mexico\/#respond\"]}]},{\"@type\":\"WebPage\",\"@id\":\"https:\/\/fadeu.urantiacos.cl\/en\/2022\/11\/07\/magdalena-vicuna-presidenta-de-alepu-inaugura-xvi-congreso-internacional-en-mexico\/\",\"url\":\"https:\/\/fadeu.urantiacos.cl\/en\/2022\/11\/07\/magdalena-vicuna-presidenta-de-alepu-inaugura-xvi-congreso-internacional-en-mexico\/\",\"name\":\"Magdalena Vicu\u00f1a, Presidenta de Alepu inaugura XVI Congreso Internacional en M\u00e9xico - Facultad de Arquitectura, Dise\u00f1o y Estudios Urbanos\",\"isPartOf\":{\"@id\":\"https:\/\/fadeu.urantiacos.cl\/en\/#website\"},\"primaryImageOfPage\":{\"@id\":\"https:\/\/fadeu.urantiacos.cl\/en\/2022\/11\/07\/magdalena-vicuna-presidenta-de-alepu-inaugura-xvi-congreso-internacional-en-mexico\/#primaryimage\"},\"image\":{\"@id\":\"https:\/\/fadeu.urantiacos.cl\/en\/2022\/11\/07\/magdalena-vicuna-presidenta-de-alepu-inaugura-xvi-congreso-internacional-en-mexico\/#primaryimage\"},\"thumbnailUrl\":\"https:\/\/fadeu.urantiacos.cl\/wp-content\/uploads\/2023\/09\/web_20221027_093259-768x576-1.jpeg\",\"datePublished\":\"2022-11-08T00:01:00+00:00\",\"dateModified\":\"2023-09-03T00:03:26+00:00\",\"author\":{\"@id\":\"https:\/\/fadeu.urantiacos.cl\/en\/#\/schema\/person\/d203e2e84b1c40275eac77b3061a19a2\"},\"description\":\"Magdalena Vicu\u00f1a, Directora de Investigaci\u00f3n y Postgrado FADEU y acad\u00e9mica del Instituto de Estudios Urbanos y Territoriales (IEUT), dio por inaugurado el XVI Congreso de la Asociaci\u00f3n Latinoamericana de Escuelas de Urbanismo y Planificaci\u00f3n, ALEUP (de la cual es presidenta desde octubre de 2021). En su discurso inaugural se\u00f1al\u00f3: \u201cComo universidades, enfrentamos el reto de formar profesionales del urbanismo y la planificaci\u00f3n urbana y territorial que piensen, dise\u00f1en y cuestionen cr\u00edticamente ciudades y territorios, hoy en permanente cambio, y que demandan soluciones para una sociedad m\u00e1s equitativa, inclusiva y sustentable\u201d.\",\"breadcrumb\":{\"@id\":\"https:\/\/fadeu.urantiacos.cl\/en\/2022\/11\/07\/magdalena-vicuna-presidenta-de-alepu-inaugura-xvi-congreso-internacional-en-mexico\/#breadcrumb\"},\"inLanguage\":\"en-US\",\"potentialAction\":[{\"@type\":\"ReadAction\",\"target\":[\"https:\/\/fadeu.urantiacos.cl\/en\/2022\/11\/07\/magdalena-vicuna-presidenta-de-alepu-inaugura-xvi-congreso-internacional-en-mexico\/\"]}]},{\"@type\":\"ImageObject\",\"inLanguage\":\"en-US\",\"@id\":\"https:\/\/fadeu.urantiacos.cl\/en\/2022\/11\/07\/magdalena-vicuna-presidenta-de-alepu-inaugura-xvi-congreso-internacional-en-mexico\/#primaryimage\",\"url\":\"https:\/\/fadeu.urantiacos.cl\/wp-content\/uploads\/2023\/09\/web_20221027_093259-768x576-1.jpeg\",\"contentUrl\":\"https:\/\/fadeu.urantiacos.cl\/wp-content\/uploads\/2023\/09\/web_20221027_093259-768x576-1.jpeg\",\"width\":350,\"height\":250},{\"@type\":\"BreadcrumbList\",\"@id\":\"https:\/\/fadeu.urantiacos.cl\/en\/2022\/11\/07\/magdalena-vicuna-presidenta-de-alepu-inaugura-xvi-congreso-internacional-en-mexico\/#breadcrumb\",\"itemListElement\":[{\"@type\":\"ListItem\",\"position\":1,\"name\":\"Portada\",\"item\":\"https:\/\/fadeu.urantiacos.cl\/en\/\"},{\"@type\":\"ListItem\",\"position\":2,\"name\":\"Magdalena Vicu\u00f1a, Presidenta de Alepu inaugura XVI Congreso Internacional en M\u00e9xico\"}]},{\"@type\":\"WebSite\",\"@id\":\"https:\/\/fadeu.urantiacos.cl\/en\/#website\",\"url\":\"https:\/\/fadeu.urantiacos.cl\/en\/\",\"name\":\"Facultad de Arquitectura, Dise\u00f1o y Estudios Urbanos\",\"description\":\"Campus Lo Contador\",\"potentialAction\":[{\"@type\":\"SearchAction\",\"target\":{\"@type\":\"EntryPoint\",\"urlTemplate\":\"https:\/\/fadeu.urantiacos.cl\/en\/?s={search_term_string}\"},\"query-input\":{\"@type\":\"PropertyValueSpecification\",\"valueRequired\":true,\"valueName\":\"search_term_string\"}}],\"inLanguage\":\"en-US\"},{\"@type\":\"Person\",\"@id\":\"https:\/\/fadeu.urantiacos.cl\/en\/#\/schema\/person\/d203e2e84b1c40275eac77b3061a19a2\",\"name\":\"manadmin\",\"image\":{\"@type\":\"ImageObject\",\"inLanguage\":\"en-US\",\"@id\":\"https:\/\/fadeu.urantiacos.cl\/en\/#\/schema\/person\/image\/\",\"url\":\"https:\/\/secure.gravatar.com\/avatar\/4b1d8e3303b4a9d8968ac578947d8bc80d9aea359f388cdd4aac15cadc0e8447?s=96&d=mm&r=g\",\"contentUrl\":\"https:\/\/secure.gravatar.com\/avatar\/4b1d8e3303b4a9d8968ac578947d8bc80d9aea359f388cdd4aac15cadc0e8447?s=96&d=mm&r=g\",\"caption\":\"manadmin\"},\"sameAs\":[\"https:\/\/fadeu.urantiacos.cl\"]}]}<\/script>\n<!-- \/ Yoast SEO plugin. -->","yoast_head_json":{"title":"Magdalena Vicu\u00f1a, Presidenta de Alepu inaugura XVI Congreso Internacional en M\u00e9xico - Facultad de Arquitectura, Dise\u00f1o y Estudios Urbanos","description":"Magdalena Vicu\u00f1a, Directora de Investigaci\u00f3n y Postgrado FADEU y acad\u00e9mica del Instituto de Estudios Urbanos y Territoriales (IEUT), dio por inaugurado el XVI Congreso de la Asociaci\u00f3n Latinoamericana de Escuelas de Urbanismo y Planificaci\u00f3n, ALEUP (de la cual es presidenta desde octubre de 2021). En su discurso inaugural se\u00f1al\u00f3: \u201cComo universidades, enfrentamos el reto de formar profesionales del urbanismo y la planificaci\u00f3n urbana y territorial que piensen, dise\u00f1en y cuestionen cr\u00edticamente ciudades y territorios, hoy en permanente cambio, y que demandan soluciones para una sociedad m\u00e1s equitativa, inclusiva y sustentable\u201d.","robots":{"index":"index","follow":"follow","max-snippet":"max-snippet:-1","max-image-preview":"max-image-preview:large","max-video-preview":"max-video-preview:-1"},"canonical":"https:\/\/fadeu.urantiacos.cl\/en\/2022\/11\/07\/magdalena-vicuna-presidenta-de-alepu-inaugura-xvi-congreso-internacional-en-mexico\/","og_locale":"en_US","og_type":"article","og_title":"Magdalena Vicu\u00f1a, Presidenta de Alepu inaugura XVI Congreso Internacional en M\u00e9xico - Facultad de Arquitectura, Dise\u00f1o y Estudios Urbanos","og_description":"Magdalena Vicu\u00f1a, Directora de Investigaci\u00f3n y Postgrado FADEU y acad\u00e9mica del Instituto de Estudios Urbanos y Territoriales (IEUT), dio por inaugurado el XVI Congreso de la Asociaci\u00f3n Latinoamericana de Escuelas de Urbanismo y Planificaci\u00f3n, ALEUP (de la cual es presidenta desde octubre de 2021). En su discurso inaugural se\u00f1al\u00f3: \u201cComo universidades, enfrentamos el reto de formar profesionales del urbanismo y la planificaci\u00f3n urbana y territorial que piensen, dise\u00f1en y cuestionen cr\u00edticamente ciudades y territorios, hoy en permanente cambio, y que demandan soluciones para una sociedad m\u00e1s equitativa, inclusiva y sustentable\u201d.","og_url":"https:\/\/fadeu.urantiacos.cl\/en\/2022\/11\/07\/magdalena-vicuna-presidenta-de-alepu-inaugura-xvi-congreso-internacional-en-mexico\/","og_site_name":"Facultad de Arquitectura, Dise\u00f1o y Estudios Urbanos","article_published_time":"2022-11-08T00:01:00+00:00","article_modified_time":"2023-09-03T00:03:26+00:00","og_image":[{"width":350,"height":250,"url":"https:\/\/fadeu.urantiacos.cl\/wp-content\/uploads\/2023\/09\/web_20221027_093259-768x576-1.jpeg","type":"image\/jpeg"}],"author":"manadmin","twitter_card":"summary_large_image","twitter_misc":{"Written by":"manadmin","Est. reading time":"5 minutes"},"schema":{"@context":"https:\/\/schema.org","@graph":[{"@type":"Article","@id":"https:\/\/fadeu.urantiacos.cl\/en\/2022\/11\/07\/magdalena-vicuna-presidenta-de-alepu-inaugura-xvi-congreso-internacional-en-mexico\/#article","isPartOf":{"@id":"https:\/\/fadeu.urantiacos.cl\/en\/2022\/11\/07\/magdalena-vicuna-presidenta-de-alepu-inaugura-xvi-congreso-internacional-en-mexico\/"},"author":{"name":"manadmin","@id":"https:\/\/fadeu.urantiacos.cl\/en\/#\/schema\/person\/d203e2e84b1c40275eac77b3061a19a2"},"headline":"Magdalena Vicu\u00f1a, Presidenta de Alepu inaugura XVI Congreso Internacional en M\u00e9xico","datePublished":"2022-11-08T00:01:00+00:00","dateModified":"2023-09-03T00:03:26+00:00","mainEntityOfPage":{"@id":"https:\/\/fadeu.urantiacos.cl\/en\/2022\/11\/07\/magdalena-vicuna-presidenta-de-alepu-inaugura-xvi-congreso-internacional-en-mexico\/"},"wordCount":1091,"commentCount":0,"image":{"@id":"https:\/\/fadeu.urantiacos.cl\/en\/2022\/11\/07\/magdalena-vicuna-presidenta-de-alepu-inaugura-xvi-congreso-internacional-en-mexico\/#primaryimage"},"thumbnailUrl":"https:\/\/fadeu.urantiacos.cl\/wp-content\/uploads\/2023\/09\/web_20221027_093259-768x576-1.jpeg","articleSection":["Sin categorizar"],"inLanguage":"en-US","potentialAction":[{"@type":"CommentAction","name":"Comment","target":["https:\/\/fadeu.urantiacos.cl\/en\/2022\/11\/07\/magdalena-vicuna-presidenta-de-alepu-inaugura-xvi-congreso-internacional-en-mexico\/#respond"]}]},{"@type":"WebPage","@id":"https:\/\/fadeu.urantiacos.cl\/en\/2022\/11\/07\/magdalena-vicuna-presidenta-de-alepu-inaugura-xvi-congreso-internacional-en-mexico\/","url":"https:\/\/fadeu.urantiacos.cl\/en\/2022\/11\/07\/magdalena-vicuna-presidenta-de-alepu-inaugura-xvi-congreso-internacional-en-mexico\/","name":"Magdalena Vicu\u00f1a, Presidenta de Alepu inaugura XVI Congreso Internacional en M\u00e9xico - Facultad de Arquitectura, Dise\u00f1o y Estudios Urbanos","isPartOf":{"@id":"https:\/\/fadeu.urantiacos.cl\/en\/#website"},"primaryImageOfPage":{"@id":"https:\/\/fadeu.urantiacos.cl\/en\/2022\/11\/07\/magdalena-vicuna-presidenta-de-alepu-inaugura-xvi-congreso-internacional-en-mexico\/#primaryimage"},"image":{"@id":"https:\/\/fadeu.urantiacos.cl\/en\/2022\/11\/07\/magdalena-vicuna-presidenta-de-alepu-inaugura-xvi-congreso-internacional-en-mexico\/#primaryimage"},"thumbnailUrl":"https:\/\/fadeu.urantiacos.cl\/wp-content\/uploads\/2023\/09\/web_20221027_093259-768x576-1.jpeg","datePublished":"2022-11-08T00:01:00+00:00","dateModified":"2023-09-03T00:03:26+00:00","author":{"@id":"https:\/\/fadeu.urantiacos.cl\/en\/#\/schema\/person\/d203e2e84b1c40275eac77b3061a19a2"},"description":"Magdalena Vicu\u00f1a, Directora de Investigaci\u00f3n y Postgrado FADEU y acad\u00e9mica del Instituto de Estudios Urbanos y Territoriales (IEUT), dio por inaugurado el XVI Congreso de la Asociaci\u00f3n Latinoamericana de Escuelas de Urbanismo y Planificaci\u00f3n, ALEUP (de la cual es presidenta desde octubre de 2021). En su discurso inaugural se\u00f1al\u00f3: \u201cComo universidades, enfrentamos el reto de formar profesionales del urbanismo y la planificaci\u00f3n urbana y territorial que piensen, dise\u00f1en y cuestionen cr\u00edticamente ciudades y territorios, hoy en permanente cambio, y que demandan soluciones para una sociedad m\u00e1s equitativa, inclusiva y sustentable\u201d.","breadcrumb":{"@id":"https:\/\/fadeu.urantiacos.cl\/en\/2022\/11\/07\/magdalena-vicuna-presidenta-de-alepu-inaugura-xvi-congreso-internacional-en-mexico\/#breadcrumb"},"inLanguage":"en-US","potentialAction":[{"@type":"ReadAction","target":["https:\/\/fadeu.urantiacos.cl\/en\/2022\/11\/07\/magdalena-vicuna-presidenta-de-alepu-inaugura-xvi-congreso-internacional-en-mexico\/"]}]},{"@type":"ImageObject","inLanguage":"en-US","@id":"https:\/\/fadeu.urantiacos.cl\/en\/2022\/11\/07\/magdalena-vicuna-presidenta-de-alepu-inaugura-xvi-congreso-internacional-en-mexico\/#primaryimage","url":"https:\/\/fadeu.urantiacos.cl\/wp-content\/uploads\/2023\/09\/web_20221027_093259-768x576-1.jpeg","contentUrl":"https:\/\/fadeu.urantiacos.cl\/wp-content\/uploads\/2023\/09\/web_20221027_093259-768x576-1.jpeg","width":350,"height":250},{"@type":"BreadcrumbList","@id":"https:\/\/fadeu.urantiacos.cl\/en\/2022\/11\/07\/magdalena-vicuna-presidenta-de-alepu-inaugura-xvi-congreso-internacional-en-mexico\/#breadcrumb","itemListElement":[{"@type":"ListItem","position":1,"name":"Portada","item":"https:\/\/fadeu.urantiacos.cl\/en\/"},{"@type":"ListItem","position":2,"name":"Magdalena Vicu\u00f1a, Presidenta de Alepu inaugura XVI Congreso Internacional en M\u00e9xico"}]},{"@type":"WebSite","@id":"https:\/\/fadeu.urantiacos.cl\/en\/#website","url":"https:\/\/fadeu.urantiacos.cl\/en\/","name":"Facultad de Arquitectura, Dise\u00f1o y Estudios Urbanos","description":"Campus Lo Contador","potentialAction":[{"@type":"SearchAction","target":{"@type":"EntryPoint","urlTemplate":"https:\/\/fadeu.urantiacos.cl\/en\/?s={search_term_string}"},"query-input":{"@type":"PropertyValueSpecification","valueRequired":true,"valueName":"search_term_string"}}],"inLanguage":"en-US"},{"@type":"Person","@id":"https:\/\/fadeu.urantiacos.cl\/en\/#\/schema\/person\/d203e2e84b1c40275eac77b3061a19a2","name":"manadmin","image":{"@type":"ImageObject","inLanguage":"en-US","@id":"https:\/\/fadeu.urantiacos.cl\/en\/#\/schema\/person\/image\/","url":"https:\/\/secure.gravatar.com\/avatar\/4b1d8e3303b4a9d8968ac578947d8bc80d9aea359f388cdd4aac15cadc0e8447?s=96&d=mm&r=g","contentUrl":"https:\/\/secure.gravatar.com\/avatar\/4b1d8e3303b4a9d8968ac578947d8bc80d9aea359f388cdd4aac15cadc0e8447?s=96&d=mm&r=g","caption":"manadmin"},"sameAs":["https:\/\/fadeu.urantiacos.cl"]}]}},"_links":{"self":[{"href":"https:\/\/fadeu.urantiacos.cl\/en\/wp-json\/wp\/v2\/posts\/3778","targetHints":{"allow":["GET"]}}],"collection":[{"href":"https:\/\/fadeu.urantiacos.cl\/en\/wp-json\/wp\/v2\/posts"}],"about":[{"href":"https:\/\/fadeu.urantiacos.cl\/en\/wp-json\/wp\/v2\/types\/post"}],"author":[{"embeddable":true,"href":"https:\/\/fadeu.urantiacos.cl\/en\/wp-json\/wp\/v2\/users\/1"}],"replies":[{"embeddable":true,"href":"https:\/\/fadeu.urantiacos.cl\/en\/wp-json\/wp\/v2\/comments?post=3778"}],"version-history":[{"count":1,"href":"https:\/\/fadeu.urantiacos.cl\/en\/wp-json\/wp\/v2\/posts\/3778\/revisions"}],"predecessor-version":[{"id":3780,"href":"https:\/\/fadeu.urantiacos.cl\/en\/wp-json\/wp\/v2\/posts\/3778\/revisions\/3780"}],"wp:featuredmedia":[{"embeddable":true,"href":"https:\/\/fadeu.urantiacos.cl\/en\/wp-json\/wp\/v2\/media\/3779"}],"wp:attachment":[{"href":"https:\/\/fadeu.urantiacos.cl\/en\/wp-json\/wp\/v2\/media?parent=3778"}],"wp:term":[{"taxonomy":"category","embeddable":true,"href":"https:\/\/fadeu.urantiacos.cl\/en\/wp-json\/wp\/v2\/categories?post=3778"},{"taxonomy":"post_tag","embeddable":true,"href":"https:\/\/fadeu.urantiacos.cl\/en\/wp-json\/wp\/v2\/tags?post=3778"}],"curies":[{"name":"wp","href":"https:\/\/api.w.org\/{rel}","templated":true}]}}