{"id":3775,"date":"2022-11-07T20:59:00","date_gmt":"2022-11-07T23:59:00","guid":{"rendered":"https:\/\/fadeu.urantiacos.cl\/?p=3775"},"modified":"2023-11-15T10:13:07","modified_gmt":"2023-11-15T13:13:07","slug":"escuelas-de-arquitectura-y-diseno-llevaron-a-cabo-sus-ceremonias-de-graduacion-2022","status":"publish","type":"post","link":"https:\/\/fadeu.urantiacos.cl\/en\/2022\/11\/07\/escuelas-de-arquitectura-y-diseno-llevaron-a-cabo-sus-ceremonias-de-graduacion-2022\/","title":{"rendered":"Escuelas de Arquitectura y Dise\u00f1o llevaron a cabo sus ceremonias de graduaci\u00f3n 2022"},"content":{"rendered":"\n<p>Ambas ceremonias fueron presididas por el decano de la Facultad de Arquitectura, Dise\u00f1o y Estudios Urbanos, Mario Ubilla; los directores de las escuelas de Arquitectura y Dise\u00f1o, Luis Eduardo Bresciani y Mart\u00edn Tironi, respectivamente; autoridades del decanato, profesores y tambi\u00e9n autoridades de otros estamentos de la Universidad.<\/p>\n\n\n\n<p><strong>Arquitectura<\/strong><\/p>\n\n\n\n<p>La escuela de Arquitectura reconoci\u00f3 a 192 estudiantes titulados (de pre y postgrado). \u201cEste siempre ha sido el momento de mayor significaci\u00f3n de nuestro ciclo acad\u00e9mico\u201d, sostuvo el director de la escuela, Luis Eduardo Bresciani, agregando que \u201ceste es un momento en que uno retoma el compromiso con el valor de lo que significa el compromiso con la vocaci\u00f3n de transformar los espacios que habitamos, en todas sus escalas y dimensiones\u201d.<\/p>\n\n\n\n<p>\u201cAnte las m\u00faltiples inquietudes y esperanzas de nuestras ciudades, paisajes y comunidades, la arquitectura juega un rol important\u00edsimo, sobre todo considerando que estamos en tiempo de crisis y, por ende, en tiempos de b\u00fasqueda de nuevas respuestas, con mayor reflexi\u00f3n, m\u00e1s ideas y, sobre todo, m\u00e1s proyectos. Como arquitectos tenemos un rol fundamental para contribuir a soluciones frente a las crisis ambientales, urbanas, territoriales, sociales y de otra \u00edndole\u201d, agreg\u00f3.<\/p>\n\n\n\n<p><strong>Premiaciones<\/strong><\/p>\n\n\n\n<p>Los premios a \u201cmejor tesis\u201d en los postgrados recayeron en los\/as siguientes estudiantes:<\/p>\n\n\n\n<p>&#8211;&nbsp;&nbsp;&nbsp;&nbsp;&nbsp;&nbsp; Mag\u00edster en Arquitectura: Antonia Ocares Y\u00e1\u00f1ez.<\/p>\n\n\n\n<p>&#8211;&nbsp;&nbsp;&nbsp;&nbsp;&nbsp;&nbsp; Mag\u00edster en Arquitectura del Paisaje: Carlos Mart\u00ednez Valencia.<\/p>\n\n\n\n<p>&#8211;&nbsp;&nbsp;&nbsp;&nbsp;&nbsp;&nbsp; Mag\u00edster en Arquitectura Sustentable y Energ\u00eda: Camila Da Rocha Hendzel.<\/p>\n\n\n\n<p>&#8211;&nbsp;&nbsp;&nbsp;&nbsp;&nbsp;&nbsp; Mag\u00edster en Proyecto Urbano: Daniel Cea Cuevas.<\/p>\n\n\n\n<p>&#8211;&nbsp;&nbsp;&nbsp;&nbsp;&nbsp;&nbsp; Mag\u00edster en Patrimonio Cultural: Marjolaine Neely Delgueil.<\/p>\n\n\n\n<p>Se premi\u00f3 adem\u00e1s con el \u201cPremio Titulaci\u00f3n\u201d al autor o autora del proyecto de t\u00edtulo que se distingui\u00f3 entre sus pares, por su gran calidad arquitect\u00f3nica, la coherencia e integralidad en la reflexi\u00f3n cr\u00edtica y el oficio demostrado en su desarrollo. El proyecto premiado se titula \u201cDe figura-fondo a figura-figura : reconversi\u00f3n de la conjunci\u00f3n edificio-vac\u00edo en la Maestranza San Eugenio a trav\u00e9s del encuentro de figuras notables\u201d, de la Arquitecta y Mag\u00edster en Arquitectura Antonia Ocares Y\u00e1\u00f1ez.<\/p>\n\n\n\n<p>Se entreg\u00f3, adem\u00e1s, el premio \u201cArquitecto Fernando Castillo Velasco\u201d, reconociendo al titulado o titulada que se ha destacado por sus capacidades acad\u00e9micas y entrega durante toda la carrera, obteniendo la mejor nota de su generaci\u00f3n. En esta oportunidad, la graduada, Arquitecta Camila Da Rocha Hendzel, finaliza su carrera con nota 6,5<\/p>\n\n\n\n<p>Tambi\u00e9n se entreg\u00f3 el premio \u201cArquitecto Hern\u00e1n Riesgo Grez\u201d, homenaje al distinguido acad\u00e9mico y vicerrector de nuestra universidad, profesor Hern\u00e1n Riesco Grez, y reconoce a la titulada o titulado cuyo paso por la universidad dej\u00f3 una huella marcada por su compromiso como estudiante en los distintos \u00e1mbitos de la vida universitaria, mostrando valores que le permitieron liderar diversas actividades dentro de nuestra facultad. Se trata del Arquitecto Pablo Brito Ithurralde.<\/p>\n\n\n\n<p><strong>Dise\u00f1o<\/strong><\/p>\n\n\n\n<p>En el caso de la escuela de Dise\u00f1o, se graduaron 147 estudiantes de pregrado y 15 de postgrado (Mag\u00edster en Dise\u00f1o Avanzado).<\/p>\n\n\n\n<p>Mart\u00edn Tironi, director de la escuela de Dise\u00f1o, sostuvo que \u201cpara nadie es sorpresa que vivimos en un momento complejo. Un conjunto de crisis a nivel planetario (crisis clim\u00e1tica, guerra en Ucrania, crisis energ\u00e9tica, revoluci\u00f3n digital, etc.) se\u00f1alan cierta inseguridad y confusi\u00f3n respecto al futuro. Y como si fuera poco, el paso del tiempo dej\u00f3 de ser garant\u00eda de progreso y desarrollo\u201d.<\/p>\n\n\n\n<p>\u201cEntonces, se volver\u00e1n a preguntar, al igual que todos nosotros que estamos en este viaje, \u00bfC\u00f3mo redireccionar el dise\u00f1o en un mundo de certezas inestables? \u00bfQu\u00e9 significa dise\u00f1ar hoy en d\u00eda? O m\u00e1s radicalmente, \u00bfPor qu\u00e9 seguir dise\u00f1ando en un mundo sobredise\u00f1ado, y sobrecargado de objetos?\u201d, dijo.<\/p>\n\n\n\n<p>Y este, advirti\u00f3, \u201ces el foco de mis palabras: una invitaci\u00f3n a tomarse en serio el proyecto de dise\u00f1o, entendi\u00e9ndolo como un laboratorio abierto para la construcci\u00f3n de futuros m\u00e1s habitables\u201d.<\/p>\n\n\n\n<p><strong>Premiaciones<\/strong><\/p>\n\n\n\n<p>La escuela de Dise\u00f1o reconoci\u00f3 al graduado que se ha destacado como estudiante por su rendimiento acad\u00e9mico otorgando un premio a la excelencia acad\u00e9mica. Esta distinci\u00f3n ha reca\u00eddo este a\u00f1o en la dise\u00f1adora Francisca Josefa Torres Mu\u00f1oz.<\/p>\n\n\n\n<p>Tambi\u00e9n se otorg\u00f3 el premio a la Excelencia Acad\u00e9mica en el Mag\u00edster en Dise\u00f1o Avanzado, que este a\u00f1o recay\u00f3 en Jacob Adri\u00e1n N\u00fa\u00f1ez Cavieres.<\/p>\n\n\n\n<p>Los premios a Mejores Proyectos Finales de Graduaci\u00f3n del Mag\u00edster en Dise\u00f1o Avanzado fueron otorgados a Guillermo Daniel Fon Krestchmann Rojas, Fernanda Luz Avenda\u00f1o Soler y Catalina Andrea Besser Kerrigan.<\/p>\n\n\n\n<p>Los Mejores Proyectos de T\u00edtulo de la promoci\u00f3n de la escuela de Dise\u00f1o recayeron en Daniela Beatriz Chac\u00f3n Guti\u00e9rrez, Mar\u00eda Fernanda Ort\u00fazar Tornero, Josefina Andrea Peirano Prada, Cristian Hern\u00e1n Risco Guti\u00e9rrez y Francisca Josefa Torres Mu\u00f1oz.<\/p>\n\n\n\n<p>El premio \u201cEscuela de Dise\u00f1o\u201d fue entregado a Cristian Risco; y el premio \u201cIsabel Baixas Figueras\u201d fue entregado a Dominique Djmanic.<\/p>\n\n\n\n<p><strong>Palabras del decano<\/strong><\/p>\n\n\n\n<p>En su discurso, el decano FADEU, Mario Ubilla, salud\u00f3 y felicit\u00f3 a los\/as estudiantes y a sus familias, destacando el cumplimiento de un ciclo y advirtiendo los nuevos escenarios profesionales y disciplinares a los que se enfrentar\u00e1n en adelante.<\/p>\n\n\n\n<p>\u201cEsta a\u00f1osa casona ha constituido otro hogar, un \u00e1mbito com\u00fan para la formaci\u00f3n, para aprender y atesorar conocimientos. En su condici\u00f3n de estudiantes los ha acogido como hermanos en la vocaci\u00f3n y se ha transformado en un territorio familiar, que probablemente dio cabida a variados di\u00e1logos fraternos sobre arquitectura, y a tantas otras cosas, que supone la vida joven del que estudia un oficio, una carrera, una profesi\u00f3n\u201d, advirti\u00f3.<\/p>\n\n\n\n<p>A lo anterior, Ubilla agreg\u00f3 que \u201choy celebramos con alegr\u00eda y expectaci\u00f3n otra vez a nuevas generaciones de profesionales, y se trata de una concreci\u00f3n; quiz\u00e1s, de una de las etapas m\u00e1s bellas de la vida, porque ha sido conducida por ustedes mismos, ha sido gobernada por la vocaci\u00f3n; y poder ejercer la vocaci\u00f3n es una acci\u00f3n de libertad. Tambi\u00e9n; supone un privilegio, que desde nuestra impronta como universidad que se ocupa de la condici\u00f3n humana desde la protecci\u00f3n de la fe, nos obliga a una responsabilidad intransable con las personas, la ciudad y el paisaje\u201d.<\/p>\n\n\n\n<p>Si tienes inter\u00e9s en estudiar Arquitectura en la UC, puedes ver el siguiente link:&nbsp;<a href=\"https:\/\/arquitectura.uc.cl\/index.php\">https:\/\/arquitectura.uc.cl\/index.php<\/a><\/p>\n\n\n\n<p>Si tienes inter\u00e9s en estudiar Dise\u00f1o en la UC, puedes ver el siguiente link:&nbsp;<a href=\"https:\/\/diseno.uc.cl\/\">https:\/\/diseno.uc.cl\/<\/a><a href=\"https:\/\/diseno.uc.cl\/\"><\/a><\/p>\n\n\n\n<p>INFORMACI\u00d3N PERIOD\u00cdSTICA<br>JUAN ANDR\u00c9S INZUNZA<\/p>\n","protected":false},"excerpt":{"rendered":"<p>Emotivas y muy concurridas. As\u00ed fueron las ceremonias de graduaci\u00f3n llevadas a cabo, en el campus Lo Contador, por las escuelas de Arquitectura y Dise\u00f1o, instancia desarrollada en compa\u00f1\u00eda de los acad\u00e9micos, estudiantes y familiares.<\/p>\n","protected":false},"author":1,"featured_media":3776,"comment_status":"open","ping_status":"open","sticky":false,"template":"","format":"standard","meta":{"_acf_changed":false,"footnotes":""},"categories":[1],"tags":[],"class_list":["post-3775","post","type-post","status-publish","format-standard","has-post-thumbnail","hentry","category-sin-categorizar"],"acf":[],"yoast_head":"<!-- This site is optimized with the Yoast SEO plugin v27.1.1 - https:\/\/yoast.com\/product\/yoast-seo-wordpress\/ -->\n<title>Escuelas de Arquitectura y Dise\u00f1o llevaron a cabo sus ceremonias de graduaci\u00f3n 2022 - Facultad de Arquitectura, Dise\u00f1o y Estudios Urbanos<\/title>\n<meta name=\"description\" content=\"Emotivas y muy concurridas. As\u00ed fueron las ceremonias de graduaci\u00f3n llevadas a cabo, en el campus Lo Contador, por las escuelas de Arquitectura y Dise\u00f1o, instancia desarrollada en compa\u00f1\u00eda de los acad\u00e9micos, estudiantes y familiares.\" \/>\n<meta name=\"robots\" content=\"index, follow, max-snippet:-1, max-image-preview:large, max-video-preview:-1\" \/>\n<link rel=\"canonical\" href=\"https:\/\/fadeu.urantiacos.cl\/en\/2022\/11\/07\/escuelas-de-arquitectura-y-diseno-llevaron-a-cabo-sus-ceremonias-de-graduacion-2022\/\" \/>\n<meta property=\"og:locale\" content=\"en_US\" \/>\n<meta property=\"og:type\" content=\"article\" \/>\n<meta property=\"og:title\" content=\"Escuelas de Arquitectura y Dise\u00f1o llevaron a cabo sus ceremonias de graduaci\u00f3n 2022 - Facultad de Arquitectura, Dise\u00f1o y Estudios Urbanos\" \/>\n<meta property=\"og:description\" content=\"Emotivas y muy concurridas. As\u00ed fueron las ceremonias de graduaci\u00f3n llevadas a cabo, en el campus Lo Contador, por las escuelas de Arquitectura y Dise\u00f1o, instancia desarrollada en compa\u00f1\u00eda de los acad\u00e9micos, estudiantes y familiares.\" \/>\n<meta property=\"og:url\" content=\"https:\/\/fadeu.urantiacos.cl\/en\/2022\/11\/07\/escuelas-de-arquitectura-y-diseno-llevaron-a-cabo-sus-ceremonias-de-graduacion-2022\/\" \/>\n<meta property=\"og:site_name\" content=\"Facultad de Arquitectura, Dise\u00f1o y Estudios Urbanos\" \/>\n<meta property=\"article:published_time\" content=\"2022-11-07T23:59:00+00:00\" \/>\n<meta property=\"article:modified_time\" content=\"2023-11-15T13:13:07+00:00\" \/>\n<meta property=\"og:image\" content=\"https:\/\/fadeu.urantiacos.cl\/wp-content\/uploads\/2023\/09\/web_WhatsApp_Image_2022-11-07_at_12.56.26_PM.jpg\" \/>\n\t<meta property=\"og:image:width\" content=\"350\" \/>\n\t<meta property=\"og:image:height\" content=\"250\" \/>\n\t<meta property=\"og:image:type\" content=\"image\/jpeg\" \/>\n<meta name=\"author\" content=\"manadmin\" \/>\n<meta name=\"twitter:card\" content=\"summary_large_image\" \/>\n<meta name=\"twitter:label1\" content=\"Written by\" \/>\n\t<meta name=\"twitter:data1\" content=\"manadmin\" \/>\n<script type=\"application\/ld+json\" class=\"yoast-schema-graph\">{\"@context\":\"https:\/\/schema.org\",\"@graph\":[{\"@type\":\"Article\",\"@id\":\"https:\/\/fadeu.urantiacos.cl\/en\/2022\/11\/07\/escuelas-de-arquitectura-y-diseno-llevaron-a-cabo-sus-ceremonias-de-graduacion-2022\/#article\",\"isPartOf\":{\"@id\":\"https:\/\/fadeu.urantiacos.cl\/en\/2022\/11\/07\/escuelas-de-arquitectura-y-diseno-llevaron-a-cabo-sus-ceremonias-de-graduacion-2022\/\"},\"author\":{\"name\":\"manadmin\",\"@id\":\"https:\/\/fadeu.urantiacos.cl\/en\/#\/schema\/person\/d203e2e84b1c40275eac77b3061a19a2\"},\"headline\":\"Escuelas de Arquitectura y Dise\u00f1o llevaron a cabo sus ceremonias de graduaci\u00f3n 2022\",\"datePublished\":\"2022-11-07T23:59:00+00:00\",\"dateModified\":\"2023-11-15T13:13:07+00:00\",\"mainEntityOfPage\":{\"@id\":\"https:\/\/fadeu.urantiacos.cl\/en\/2022\/11\/07\/escuelas-de-arquitectura-y-diseno-llevaron-a-cabo-sus-ceremonias-de-graduacion-2022\/\"},\"wordCount\":1169,\"commentCount\":0,\"image\":{\"@id\":\"https:\/\/fadeu.urantiacos.cl\/en\/2022\/11\/07\/escuelas-de-arquitectura-y-diseno-llevaron-a-cabo-sus-ceremonias-de-graduacion-2022\/#primaryimage\"},\"thumbnailUrl\":\"https:\/\/fadeu.urantiacos.cl\/wp-content\/uploads\/2023\/09\/web_WhatsApp_Image_2022-11-07_at_12.56.26_PM.jpg\",\"articleSection\":[\"Sin categorizar\"],\"inLanguage\":\"en-US\",\"potentialAction\":[{\"@type\":\"CommentAction\",\"name\":\"Comment\",\"target\":[\"https:\/\/fadeu.urantiacos.cl\/en\/2022\/11\/07\/escuelas-de-arquitectura-y-diseno-llevaron-a-cabo-sus-ceremonias-de-graduacion-2022\/#respond\"]}]},{\"@type\":\"WebPage\",\"@id\":\"https:\/\/fadeu.urantiacos.cl\/en\/2022\/11\/07\/escuelas-de-arquitectura-y-diseno-llevaron-a-cabo-sus-ceremonias-de-graduacion-2022\/\",\"url\":\"https:\/\/fadeu.urantiacos.cl\/en\/2022\/11\/07\/escuelas-de-arquitectura-y-diseno-llevaron-a-cabo-sus-ceremonias-de-graduacion-2022\/\",\"name\":\"Escuelas de Arquitectura y Dise\u00f1o llevaron a cabo sus ceremonias de graduaci\u00f3n 2022 - Facultad de Arquitectura, Dise\u00f1o y Estudios Urbanos\",\"isPartOf\":{\"@id\":\"https:\/\/fadeu.urantiacos.cl\/en\/#website\"},\"primaryImageOfPage\":{\"@id\":\"https:\/\/fadeu.urantiacos.cl\/en\/2022\/11\/07\/escuelas-de-arquitectura-y-diseno-llevaron-a-cabo-sus-ceremonias-de-graduacion-2022\/#primaryimage\"},\"image\":{\"@id\":\"https:\/\/fadeu.urantiacos.cl\/en\/2022\/11\/07\/escuelas-de-arquitectura-y-diseno-llevaron-a-cabo-sus-ceremonias-de-graduacion-2022\/#primaryimage\"},\"thumbnailUrl\":\"https:\/\/fadeu.urantiacos.cl\/wp-content\/uploads\/2023\/09\/web_WhatsApp_Image_2022-11-07_at_12.56.26_PM.jpg\",\"datePublished\":\"2022-11-07T23:59:00+00:00\",\"dateModified\":\"2023-11-15T13:13:07+00:00\",\"author\":{\"@id\":\"https:\/\/fadeu.urantiacos.cl\/en\/#\/schema\/person\/d203e2e84b1c40275eac77b3061a19a2\"},\"description\":\"Emotivas y muy concurridas. As\u00ed fueron las ceremonias de graduaci\u00f3n llevadas a cabo, en el campus Lo Contador, por las escuelas de Arquitectura y Dise\u00f1o, instancia desarrollada en compa\u00f1\u00eda de los acad\u00e9micos, estudiantes y familiares.\",\"breadcrumb\":{\"@id\":\"https:\/\/fadeu.urantiacos.cl\/en\/2022\/11\/07\/escuelas-de-arquitectura-y-diseno-llevaron-a-cabo-sus-ceremonias-de-graduacion-2022\/#breadcrumb\"},\"inLanguage\":\"en-US\",\"potentialAction\":[{\"@type\":\"ReadAction\",\"target\":[\"https:\/\/fadeu.urantiacos.cl\/en\/2022\/11\/07\/escuelas-de-arquitectura-y-diseno-llevaron-a-cabo-sus-ceremonias-de-graduacion-2022\/\"]}]},{\"@type\":\"ImageObject\",\"inLanguage\":\"en-US\",\"@id\":\"https:\/\/fadeu.urantiacos.cl\/en\/2022\/11\/07\/escuelas-de-arquitectura-y-diseno-llevaron-a-cabo-sus-ceremonias-de-graduacion-2022\/#primaryimage\",\"url\":\"https:\/\/fadeu.urantiacos.cl\/wp-content\/uploads\/2023\/09\/web_WhatsApp_Image_2022-11-07_at_12.56.26_PM.jpg\",\"contentUrl\":\"https:\/\/fadeu.urantiacos.cl\/wp-content\/uploads\/2023\/09\/web_WhatsApp_Image_2022-11-07_at_12.56.26_PM.jpg\",\"width\":350,\"height\":250},{\"@type\":\"BreadcrumbList\",\"@id\":\"https:\/\/fadeu.urantiacos.cl\/en\/2022\/11\/07\/escuelas-de-arquitectura-y-diseno-llevaron-a-cabo-sus-ceremonias-de-graduacion-2022\/#breadcrumb\",\"itemListElement\":[{\"@type\":\"ListItem\",\"position\":1,\"name\":\"Portada\",\"item\":\"https:\/\/fadeu.urantiacos.cl\/en\/\"},{\"@type\":\"ListItem\",\"position\":2,\"name\":\"Escuelas de Arquitectura y Dise\u00f1o llevaron a cabo sus ceremonias de graduaci\u00f3n 2022\"}]},{\"@type\":\"WebSite\",\"@id\":\"https:\/\/fadeu.urantiacos.cl\/en\/#website\",\"url\":\"https:\/\/fadeu.urantiacos.cl\/en\/\",\"name\":\"Facultad de Arquitectura, Dise\u00f1o y Estudios Urbanos\",\"description\":\"Campus Lo Contador\",\"potentialAction\":[{\"@type\":\"SearchAction\",\"target\":{\"@type\":\"EntryPoint\",\"urlTemplate\":\"https:\/\/fadeu.urantiacos.cl\/en\/?s={search_term_string}\"},\"query-input\":{\"@type\":\"PropertyValueSpecification\",\"valueRequired\":true,\"valueName\":\"search_term_string\"}}],\"inLanguage\":\"en-US\"},{\"@type\":\"Person\",\"@id\":\"https:\/\/fadeu.urantiacos.cl\/en\/#\/schema\/person\/d203e2e84b1c40275eac77b3061a19a2\",\"name\":\"manadmin\",\"image\":{\"@type\":\"ImageObject\",\"inLanguage\":\"en-US\",\"@id\":\"https:\/\/fadeu.urantiacos.cl\/en\/#\/schema\/person\/image\/\",\"url\":\"https:\/\/secure.gravatar.com\/avatar\/4b1d8e3303b4a9d8968ac578947d8bc80d9aea359f388cdd4aac15cadc0e8447?s=96&d=mm&r=g\",\"contentUrl\":\"https:\/\/secure.gravatar.com\/avatar\/4b1d8e3303b4a9d8968ac578947d8bc80d9aea359f388cdd4aac15cadc0e8447?s=96&d=mm&r=g\",\"caption\":\"manadmin\"},\"sameAs\":[\"https:\/\/fadeu.urantiacos.cl\"]}]}<\/script>\n<!-- \/ Yoast SEO plugin. -->","yoast_head_json":{"title":"Escuelas de Arquitectura y Dise\u00f1o llevaron a cabo sus ceremonias de graduaci\u00f3n 2022 - Facultad de Arquitectura, Dise\u00f1o y Estudios Urbanos","description":"Emotivas y muy concurridas. As\u00ed fueron las ceremonias de graduaci\u00f3n llevadas a cabo, en el campus Lo Contador, por las escuelas de Arquitectura y Dise\u00f1o, instancia desarrollada en compa\u00f1\u00eda de los acad\u00e9micos, estudiantes y familiares.","robots":{"index":"index","follow":"follow","max-snippet":"max-snippet:-1","max-image-preview":"max-image-preview:large","max-video-preview":"max-video-preview:-1"},"canonical":"https:\/\/fadeu.urantiacos.cl\/en\/2022\/11\/07\/escuelas-de-arquitectura-y-diseno-llevaron-a-cabo-sus-ceremonias-de-graduacion-2022\/","og_locale":"en_US","og_type":"article","og_title":"Escuelas de Arquitectura y Dise\u00f1o llevaron a cabo sus ceremonias de graduaci\u00f3n 2022 - Facultad de Arquitectura, Dise\u00f1o y Estudios Urbanos","og_description":"Emotivas y muy concurridas. As\u00ed fueron las ceremonias de graduaci\u00f3n llevadas a cabo, en el campus Lo Contador, por las escuelas de Arquitectura y Dise\u00f1o, instancia desarrollada en compa\u00f1\u00eda de los acad\u00e9micos, estudiantes y familiares.","og_url":"https:\/\/fadeu.urantiacos.cl\/en\/2022\/11\/07\/escuelas-de-arquitectura-y-diseno-llevaron-a-cabo-sus-ceremonias-de-graduacion-2022\/","og_site_name":"Facultad de Arquitectura, Dise\u00f1o y Estudios Urbanos","article_published_time":"2022-11-07T23:59:00+00:00","article_modified_time":"2023-11-15T13:13:07+00:00","og_image":[{"width":350,"height":250,"url":"https:\/\/fadeu.urantiacos.cl\/wp-content\/uploads\/2023\/09\/web_WhatsApp_Image_2022-11-07_at_12.56.26_PM.jpg","type":"image\/jpeg"}],"author":"manadmin","twitter_card":"summary_large_image","twitter_misc":{"Written by":"manadmin"},"schema":{"@context":"https:\/\/schema.org","@graph":[{"@type":"Article","@id":"https:\/\/fadeu.urantiacos.cl\/en\/2022\/11\/07\/escuelas-de-arquitectura-y-diseno-llevaron-a-cabo-sus-ceremonias-de-graduacion-2022\/#article","isPartOf":{"@id":"https:\/\/fadeu.urantiacos.cl\/en\/2022\/11\/07\/escuelas-de-arquitectura-y-diseno-llevaron-a-cabo-sus-ceremonias-de-graduacion-2022\/"},"author":{"name":"manadmin","@id":"https:\/\/fadeu.urantiacos.cl\/en\/#\/schema\/person\/d203e2e84b1c40275eac77b3061a19a2"},"headline":"Escuelas de Arquitectura y Dise\u00f1o llevaron a cabo sus ceremonias de graduaci\u00f3n 2022","datePublished":"2022-11-07T23:59:00+00:00","dateModified":"2023-11-15T13:13:07+00:00","mainEntityOfPage":{"@id":"https:\/\/fadeu.urantiacos.cl\/en\/2022\/11\/07\/escuelas-de-arquitectura-y-diseno-llevaron-a-cabo-sus-ceremonias-de-graduacion-2022\/"},"wordCount":1169,"commentCount":0,"image":{"@id":"https:\/\/fadeu.urantiacos.cl\/en\/2022\/11\/07\/escuelas-de-arquitectura-y-diseno-llevaron-a-cabo-sus-ceremonias-de-graduacion-2022\/#primaryimage"},"thumbnailUrl":"https:\/\/fadeu.urantiacos.cl\/wp-content\/uploads\/2023\/09\/web_WhatsApp_Image_2022-11-07_at_12.56.26_PM.jpg","articleSection":["Sin categorizar"],"inLanguage":"en-US","potentialAction":[{"@type":"CommentAction","name":"Comment","target":["https:\/\/fadeu.urantiacos.cl\/en\/2022\/11\/07\/escuelas-de-arquitectura-y-diseno-llevaron-a-cabo-sus-ceremonias-de-graduacion-2022\/#respond"]}]},{"@type":"WebPage","@id":"https:\/\/fadeu.urantiacos.cl\/en\/2022\/11\/07\/escuelas-de-arquitectura-y-diseno-llevaron-a-cabo-sus-ceremonias-de-graduacion-2022\/","url":"https:\/\/fadeu.urantiacos.cl\/en\/2022\/11\/07\/escuelas-de-arquitectura-y-diseno-llevaron-a-cabo-sus-ceremonias-de-graduacion-2022\/","name":"Escuelas de Arquitectura y Dise\u00f1o llevaron a cabo sus ceremonias de graduaci\u00f3n 2022 - Facultad de Arquitectura, Dise\u00f1o y Estudios Urbanos","isPartOf":{"@id":"https:\/\/fadeu.urantiacos.cl\/en\/#website"},"primaryImageOfPage":{"@id":"https:\/\/fadeu.urantiacos.cl\/en\/2022\/11\/07\/escuelas-de-arquitectura-y-diseno-llevaron-a-cabo-sus-ceremonias-de-graduacion-2022\/#primaryimage"},"image":{"@id":"https:\/\/fadeu.urantiacos.cl\/en\/2022\/11\/07\/escuelas-de-arquitectura-y-diseno-llevaron-a-cabo-sus-ceremonias-de-graduacion-2022\/#primaryimage"},"thumbnailUrl":"https:\/\/fadeu.urantiacos.cl\/wp-content\/uploads\/2023\/09\/web_WhatsApp_Image_2022-11-07_at_12.56.26_PM.jpg","datePublished":"2022-11-07T23:59:00+00:00","dateModified":"2023-11-15T13:13:07+00:00","author":{"@id":"https:\/\/fadeu.urantiacos.cl\/en\/#\/schema\/person\/d203e2e84b1c40275eac77b3061a19a2"},"description":"Emotivas y muy concurridas. As\u00ed fueron las ceremonias de graduaci\u00f3n llevadas a cabo, en el campus Lo Contador, por las escuelas de Arquitectura y Dise\u00f1o, instancia desarrollada en compa\u00f1\u00eda de los acad\u00e9micos, estudiantes y familiares.","breadcrumb":{"@id":"https:\/\/fadeu.urantiacos.cl\/en\/2022\/11\/07\/escuelas-de-arquitectura-y-diseno-llevaron-a-cabo-sus-ceremonias-de-graduacion-2022\/#breadcrumb"},"inLanguage":"en-US","potentialAction":[{"@type":"ReadAction","target":["https:\/\/fadeu.urantiacos.cl\/en\/2022\/11\/07\/escuelas-de-arquitectura-y-diseno-llevaron-a-cabo-sus-ceremonias-de-graduacion-2022\/"]}]},{"@type":"ImageObject","inLanguage":"en-US","@id":"https:\/\/fadeu.urantiacos.cl\/en\/2022\/11\/07\/escuelas-de-arquitectura-y-diseno-llevaron-a-cabo-sus-ceremonias-de-graduacion-2022\/#primaryimage","url":"https:\/\/fadeu.urantiacos.cl\/wp-content\/uploads\/2023\/09\/web_WhatsApp_Image_2022-11-07_at_12.56.26_PM.jpg","contentUrl":"https:\/\/fadeu.urantiacos.cl\/wp-content\/uploads\/2023\/09\/web_WhatsApp_Image_2022-11-07_at_12.56.26_PM.jpg","width":350,"height":250},{"@type":"BreadcrumbList","@id":"https:\/\/fadeu.urantiacos.cl\/en\/2022\/11\/07\/escuelas-de-arquitectura-y-diseno-llevaron-a-cabo-sus-ceremonias-de-graduacion-2022\/#breadcrumb","itemListElement":[{"@type":"ListItem","position":1,"name":"Portada","item":"https:\/\/fadeu.urantiacos.cl\/en\/"},{"@type":"ListItem","position":2,"name":"Escuelas de Arquitectura y Dise\u00f1o llevaron a cabo sus ceremonias de graduaci\u00f3n 2022"}]},{"@type":"WebSite","@id":"https:\/\/fadeu.urantiacos.cl\/en\/#website","url":"https:\/\/fadeu.urantiacos.cl\/en\/","name":"Facultad de Arquitectura, Dise\u00f1o y Estudios Urbanos","description":"Campus Lo Contador","potentialAction":[{"@type":"SearchAction","target":{"@type":"EntryPoint","urlTemplate":"https:\/\/fadeu.urantiacos.cl\/en\/?s={search_term_string}"},"query-input":{"@type":"PropertyValueSpecification","valueRequired":true,"valueName":"search_term_string"}}],"inLanguage":"en-US"},{"@type":"Person","@id":"https:\/\/fadeu.urantiacos.cl\/en\/#\/schema\/person\/d203e2e84b1c40275eac77b3061a19a2","name":"manadmin","image":{"@type":"ImageObject","inLanguage":"en-US","@id":"https:\/\/fadeu.urantiacos.cl\/en\/#\/schema\/person\/image\/","url":"https:\/\/secure.gravatar.com\/avatar\/4b1d8e3303b4a9d8968ac578947d8bc80d9aea359f388cdd4aac15cadc0e8447?s=96&d=mm&r=g","contentUrl":"https:\/\/secure.gravatar.com\/avatar\/4b1d8e3303b4a9d8968ac578947d8bc80d9aea359f388cdd4aac15cadc0e8447?s=96&d=mm&r=g","caption":"manadmin"},"sameAs":["https:\/\/fadeu.urantiacos.cl"]}]}},"_links":{"self":[{"href":"https:\/\/fadeu.urantiacos.cl\/en\/wp-json\/wp\/v2\/posts\/3775","targetHints":{"allow":["GET"]}}],"collection":[{"href":"https:\/\/fadeu.urantiacos.cl\/en\/wp-json\/wp\/v2\/posts"}],"about":[{"href":"https:\/\/fadeu.urantiacos.cl\/en\/wp-json\/wp\/v2\/types\/post"}],"author":[{"embeddable":true,"href":"https:\/\/fadeu.urantiacos.cl\/en\/wp-json\/wp\/v2\/users\/1"}],"replies":[{"embeddable":true,"href":"https:\/\/fadeu.urantiacos.cl\/en\/wp-json\/wp\/v2\/comments?post=3775"}],"version-history":[{"count":2,"href":"https:\/\/fadeu.urantiacos.cl\/en\/wp-json\/wp\/v2\/posts\/3775\/revisions"}],"predecessor-version":[{"id":18143,"href":"https:\/\/fadeu.urantiacos.cl\/en\/wp-json\/wp\/v2\/posts\/3775\/revisions\/18143"}],"wp:featuredmedia":[{"embeddable":true,"href":"https:\/\/fadeu.urantiacos.cl\/en\/wp-json\/wp\/v2\/media\/3776"}],"wp:attachment":[{"href":"https:\/\/fadeu.urantiacos.cl\/en\/wp-json\/wp\/v2\/media?parent=3775"}],"wp:term":[{"taxonomy":"category","embeddable":true,"href":"https:\/\/fadeu.urantiacos.cl\/en\/wp-json\/wp\/v2\/categories?post=3775"},{"taxonomy":"post_tag","embeddable":true,"href":"https:\/\/fadeu.urantiacos.cl\/en\/wp-json\/wp\/v2\/tags?post=3775"}],"curies":[{"name":"wp","href":"https:\/\/api.w.org\/{rel}","templated":true}]}}