{"id":3496,"date":"2022-12-19T16:31:00","date_gmt":"2022-12-19T19:31:00","guid":{"rendered":"https:\/\/fadeu.urantiacos.cl\/?p=3496"},"modified":"2023-09-02T16:33:16","modified_gmt":"2023-09-02T19:33:16","slug":"galeria-gallo-consolida-al-campus-lo-contador-como-polo-artistico-cultural-y-disciplinar","status":"publish","type":"post","link":"https:\/\/fadeu.urantiacos.cl\/en\/2022\/12\/19\/galeria-gallo-consolida-al-campus-lo-contador-como-polo-artistico-cultural-y-disciplinar\/","title":{"rendered":"Galer\u00eda GALLO consolida al campus Lo Contador como polo art\u00edstico, cultural y disciplinar"},"content":{"rendered":"\n<figure class=\"wp-block-image size-full\"><img decoding=\"async\" width=\"350\" height=\"250\" src=\"https:\/\/fadeu.urantiacos.cl\/wp-content\/uploads\/2023\/09\/GALLO350x250.png\" alt=\"\" class=\"wp-image-3497\" srcset=\"https:\/\/fadeu.urantiacos.cl\/wp-content\/uploads\/2023\/09\/GALLO350x250.png 350w, https:\/\/fadeu.urantiacos.cl\/wp-content\/uploads\/2023\/09\/GALLO350x250-300x214.png 300w\" sizes=\"(max-width: 350px) 100vw, 350px\" \/><\/figure>\n\n\n\n<p>La primera exposici\u00f3n se realiz\u00f3 en abril de 2022, y se titul\u00f3 &#8220;Atlas&#8221;, del estudio de dise\u00f1o Bravo, oficina que se desenvuelve en diferentes campos y escalas del dise\u00f1o como arquitectura interior, dise\u00f1o de mobiliario, de objetos y productos.<\/p>\n\n\n\n<p>Luego, en julio, el reconocido dise\u00f1ador gr\u00e1fico brasile\u00f1o, Felipe Taborda, mont\u00f3 la muestra \u201cEl Dise\u00f1o es el mensaje\u201d, instancia en la que adem\u00e1s, realiz\u00f3 la charla \u201cInnovaci\u00f3n\u201d, en la que abord\u00f3 algunos de los principales hitos que han marcado la historia del dise\u00f1o en el mundo contempor\u00e1neo.<\/p>\n\n\n\n<p>En agosto fue el turno de \u201cImaginarios de la Sal\u201d, de Studio Male (que dirige Male Uribe), montaje que propuso resignificar minerales procesados y devaluados por la industria minera, para construir nuevas narrativas en torno a nuestros recursos geol\u00f3gicos.<\/p>\n\n\n\n<p>Finalmente, \u201cPaisaje y Proyecto: Trayectoria destacada de Teodoro Fern\u00e1ndez\u201d, fue el nombre de la cuarta y \u00faltima exposici\u00f3n 2022 presentada durante noviembre y diciembre, enmarcada en el Proyecto Fondart de Circulaci\u00f3n Nacional N\u00b0645539, dirigido por el profesor de la escuela de Arquitectura, Felipe Ladr\u00f3n de Guevara, y curado por Macarena Cort\u00e9s.<\/p>\n\n\n\n<p>Con esta \u00faltima exposici\u00f3n se cerr\u00f3 el a\u00f1o 2022, con un reconocimiento p\u00fablico a la obra de Teodoro Fern\u00e1ndez, considerando para ella la presentaci\u00f3n de cuatro parques p\u00fablicos, cuatro proyectos institucionales, adem\u00e1s de videos de las obras, y entrevistas a docentes, usuarios y al mismo arquitecto.<\/p>\n\n\n\n<p>Puedes ver aqu\u00ed las \u00faltimas publicaciones en prensa sobre Galer\u00eda GALLO:<\/p>\n\n\n\n<p><a href=\"https:\/\/www.duna.cl\/programa\/santiago-adicto\/2022\/11\/09\/la-nueva-muestra-sobre-teodoro-fernandez-es-un-referente-importante-en-la-arquitectura-chilena-responde-a-la-diversidad-y-obra-caracteristica\/\" target=\"_blank\" rel=\"noreferrer noopener\">Radio Duna<\/a><\/p>\n\n\n\n<p><a href=\"https:\/\/www.pauta.cl\/programas\/plaza-pauta\/plaza-pauta-07-de-noviembre-de-2022\" target=\"_blank\" rel=\"noreferrer noopener\">Radio Pauta<\/a><\/p>\n\n\n\n<p><a href=\"https:\/\/www.litoralpress.cl\/sitio\/Prensa_Detalles.cshtml?LPKey=NEIRRE3GUESNR4P6NTL5TZENRVGYXFUUPVA37YKRIEAQA5L5WSAA\" target=\"_blank\" rel=\"noreferrer noopener\">VD &#8211; El Mercurio<\/a><\/p>\n\n\n\n<p><a href=\"https:\/\/www.latercera.com\/la-tercera-sabado\/noticia\/columna-de-rodrigo-guendelman-don-teo\/U2CABJZNG5FQNP2ZAJHYMKCK6Y\/\" target=\"_blank\" rel=\"noreferrer noopener\">La Tercera<\/a><\/p>\n","protected":false},"excerpt":{"rendered":"<p>Galer\u00eda GALLO termina el 2022 con cuatro exposiciones realizadas durante el a\u00f1o, y se posiciona como un polo difusi\u00f3n de la arquitectura, el dise\u00f1o, el arte y la cultura, devolvi\u00e9ndole la vida y la presencialidad al campus.<\/p>\n","protected":false},"author":1,"featured_media":3498,"comment_status":"open","ping_status":"open","sticky":false,"template":"","format":"standard","meta":{"_acf_changed":false,"footnotes":""},"categories":[1],"tags":[],"class_list":["post-3496","post","type-post","status-publish","format-standard","has-post-thumbnail","hentry","category-sin-categorizar"],"acf":[],"yoast_head":"<!-- This site is optimized with the Yoast SEO plugin v27.1.1 - https:\/\/yoast.com\/product\/yoast-seo-wordpress\/ -->\n<title>Galer\u00eda GALLO consolida al campus Lo Contador como polo art\u00edstico, cultural y disciplinar - Facultad de Arquitectura, Dise\u00f1o y Estudios Urbanos<\/title>\n<meta name=\"description\" content=\"Galer\u00eda GALLO termina el 2022 con cuatro exposiciones realizadas durante el a\u00f1o, y se posiciona como un polo difusi\u00f3n de la arquitectura, el dise\u00f1o, el arte y la cultura, devolvi\u00e9ndole la vida y la presencialidad al campus.\" \/>\n<meta name=\"robots\" content=\"index, follow, max-snippet:-1, max-image-preview:large, max-video-preview:-1\" \/>\n<link rel=\"canonical\" href=\"https:\/\/fadeu.urantiacos.cl\/en\/2022\/12\/19\/galeria-gallo-consolida-al-campus-lo-contador-como-polo-artistico-cultural-y-disciplinar\/\" \/>\n<meta property=\"og:locale\" content=\"en_US\" \/>\n<meta property=\"og:type\" content=\"article\" \/>\n<meta property=\"og:title\" content=\"Galer\u00eda GALLO consolida al campus Lo Contador como polo art\u00edstico, cultural y disciplinar - Facultad de Arquitectura, Dise\u00f1o y Estudios Urbanos\" \/>\n<meta property=\"og:description\" content=\"Galer\u00eda GALLO termina el 2022 con cuatro exposiciones realizadas durante el a\u00f1o, y se posiciona como un polo difusi\u00f3n de la arquitectura, el dise\u00f1o, el arte y la cultura, devolvi\u00e9ndole la vida y la presencialidad al campus.\" \/>\n<meta property=\"og:url\" content=\"https:\/\/fadeu.urantiacos.cl\/en\/2022\/12\/19\/galeria-gallo-consolida-al-campus-lo-contador-como-polo-artistico-cultural-y-disciplinar\/\" \/>\n<meta property=\"og:site_name\" content=\"Facultad de Arquitectura, Dise\u00f1o y Estudios Urbanos\" \/>\n<meta property=\"article:published_time\" content=\"2022-12-19T19:31:00+00:00\" \/>\n<meta property=\"article:modified_time\" content=\"2023-09-02T19:33:16+00:00\" \/>\n<meta property=\"og:image\" content=\"https:\/\/fadeu.urantiacos.cl\/wp-content\/uploads\/2023\/09\/GALLO350x250-1.png\" \/>\n\t<meta property=\"og:image:width\" content=\"350\" \/>\n\t<meta property=\"og:image:height\" content=\"250\" \/>\n\t<meta property=\"og:image:type\" content=\"image\/png\" \/>\n<meta name=\"author\" content=\"manadmin\" \/>\n<meta name=\"twitter:card\" content=\"summary_large_image\" \/>\n<meta name=\"twitter:label1\" content=\"Written by\" \/>\n\t<meta name=\"twitter:data1\" content=\"manadmin\" \/>\n\t<meta name=\"twitter:label2\" content=\"Est. reading time\" \/>\n\t<meta name=\"twitter:data2\" content=\"1 minute\" \/>\n<script type=\"application\/ld+json\" class=\"yoast-schema-graph\">{\"@context\":\"https:\/\/schema.org\",\"@graph\":[{\"@type\":\"Article\",\"@id\":\"https:\/\/fadeu.urantiacos.cl\/en\/2022\/12\/19\/galeria-gallo-consolida-al-campus-lo-contador-como-polo-artistico-cultural-y-disciplinar\/#article\",\"isPartOf\":{\"@id\":\"https:\/\/fadeu.urantiacos.cl\/en\/2022\/12\/19\/galeria-gallo-consolida-al-campus-lo-contador-como-polo-artistico-cultural-y-disciplinar\/\"},\"author\":{\"name\":\"manadmin\",\"@id\":\"https:\/\/fadeu.urantiacos.cl\/en\/#\/schema\/person\/d203e2e84b1c40275eac77b3061a19a2\"},\"headline\":\"Galer\u00eda GALLO consolida al campus Lo Contador como polo art\u00edstico, cultural y disciplinar\",\"datePublished\":\"2022-12-19T19:31:00+00:00\",\"dateModified\":\"2023-09-02T19:33:16+00:00\",\"mainEntityOfPage\":{\"@id\":\"https:\/\/fadeu.urantiacos.cl\/en\/2022\/12\/19\/galeria-gallo-consolida-al-campus-lo-contador-como-polo-artistico-cultural-y-disciplinar\/\"},\"wordCount\":281,\"commentCount\":0,\"image\":{\"@id\":\"https:\/\/fadeu.urantiacos.cl\/en\/2022\/12\/19\/galeria-gallo-consolida-al-campus-lo-contador-como-polo-artistico-cultural-y-disciplinar\/#primaryimage\"},\"thumbnailUrl\":\"https:\/\/fadeu.urantiacos.cl\/wp-content\/uploads\/2023\/09\/GALLO350x250-1.png\",\"articleSection\":[\"Sin categorizar\"],\"inLanguage\":\"en-US\",\"potentialAction\":[{\"@type\":\"CommentAction\",\"name\":\"Comment\",\"target\":[\"https:\/\/fadeu.urantiacos.cl\/en\/2022\/12\/19\/galeria-gallo-consolida-al-campus-lo-contador-como-polo-artistico-cultural-y-disciplinar\/#respond\"]}]},{\"@type\":\"WebPage\",\"@id\":\"https:\/\/fadeu.urantiacos.cl\/en\/2022\/12\/19\/galeria-gallo-consolida-al-campus-lo-contador-como-polo-artistico-cultural-y-disciplinar\/\",\"url\":\"https:\/\/fadeu.urantiacos.cl\/en\/2022\/12\/19\/galeria-gallo-consolida-al-campus-lo-contador-como-polo-artistico-cultural-y-disciplinar\/\",\"name\":\"Galer\u00eda GALLO consolida al campus Lo Contador como polo art\u00edstico, cultural y disciplinar - Facultad de Arquitectura, Dise\u00f1o y Estudios Urbanos\",\"isPartOf\":{\"@id\":\"https:\/\/fadeu.urantiacos.cl\/en\/#website\"},\"primaryImageOfPage\":{\"@id\":\"https:\/\/fadeu.urantiacos.cl\/en\/2022\/12\/19\/galeria-gallo-consolida-al-campus-lo-contador-como-polo-artistico-cultural-y-disciplinar\/#primaryimage\"},\"image\":{\"@id\":\"https:\/\/fadeu.urantiacos.cl\/en\/2022\/12\/19\/galeria-gallo-consolida-al-campus-lo-contador-como-polo-artistico-cultural-y-disciplinar\/#primaryimage\"},\"thumbnailUrl\":\"https:\/\/fadeu.urantiacos.cl\/wp-content\/uploads\/2023\/09\/GALLO350x250-1.png\",\"datePublished\":\"2022-12-19T19:31:00+00:00\",\"dateModified\":\"2023-09-02T19:33:16+00:00\",\"author\":{\"@id\":\"https:\/\/fadeu.urantiacos.cl\/en\/#\/schema\/person\/d203e2e84b1c40275eac77b3061a19a2\"},\"description\":\"Galer\u00eda GALLO termina el 2022 con cuatro exposiciones realizadas durante el a\u00f1o, y se posiciona como un polo difusi\u00f3n de la arquitectura, el dise\u00f1o, el arte y la cultura, devolvi\u00e9ndole la vida y la presencialidad al campus.\",\"breadcrumb\":{\"@id\":\"https:\/\/fadeu.urantiacos.cl\/en\/2022\/12\/19\/galeria-gallo-consolida-al-campus-lo-contador-como-polo-artistico-cultural-y-disciplinar\/#breadcrumb\"},\"inLanguage\":\"en-US\",\"potentialAction\":[{\"@type\":\"ReadAction\",\"target\":[\"https:\/\/fadeu.urantiacos.cl\/en\/2022\/12\/19\/galeria-gallo-consolida-al-campus-lo-contador-como-polo-artistico-cultural-y-disciplinar\/\"]}]},{\"@type\":\"ImageObject\",\"inLanguage\":\"en-US\",\"@id\":\"https:\/\/fadeu.urantiacos.cl\/en\/2022\/12\/19\/galeria-gallo-consolida-al-campus-lo-contador-como-polo-artistico-cultural-y-disciplinar\/#primaryimage\",\"url\":\"https:\/\/fadeu.urantiacos.cl\/wp-content\/uploads\/2023\/09\/GALLO350x250-1.png\",\"contentUrl\":\"https:\/\/fadeu.urantiacos.cl\/wp-content\/uploads\/2023\/09\/GALLO350x250-1.png\",\"width\":350,\"height\":250},{\"@type\":\"BreadcrumbList\",\"@id\":\"https:\/\/fadeu.urantiacos.cl\/en\/2022\/12\/19\/galeria-gallo-consolida-al-campus-lo-contador-como-polo-artistico-cultural-y-disciplinar\/#breadcrumb\",\"itemListElement\":[{\"@type\":\"ListItem\",\"position\":1,\"name\":\"Portada\",\"item\":\"https:\/\/fadeu.urantiacos.cl\/en\/\"},{\"@type\":\"ListItem\",\"position\":2,\"name\":\"Galer\u00eda GALLO consolida al campus Lo Contador como polo art\u00edstico, cultural y disciplinar\"}]},{\"@type\":\"WebSite\",\"@id\":\"https:\/\/fadeu.urantiacos.cl\/en\/#website\",\"url\":\"https:\/\/fadeu.urantiacos.cl\/en\/\",\"name\":\"Facultad de Arquitectura, Dise\u00f1o y Estudios Urbanos\",\"description\":\"Campus Lo Contador\",\"potentialAction\":[{\"@type\":\"SearchAction\",\"target\":{\"@type\":\"EntryPoint\",\"urlTemplate\":\"https:\/\/fadeu.urantiacos.cl\/en\/?s={search_term_string}\"},\"query-input\":{\"@type\":\"PropertyValueSpecification\",\"valueRequired\":true,\"valueName\":\"search_term_string\"}}],\"inLanguage\":\"en-US\"},{\"@type\":\"Person\",\"@id\":\"https:\/\/fadeu.urantiacos.cl\/en\/#\/schema\/person\/d203e2e84b1c40275eac77b3061a19a2\",\"name\":\"manadmin\",\"image\":{\"@type\":\"ImageObject\",\"inLanguage\":\"en-US\",\"@id\":\"https:\/\/fadeu.urantiacos.cl\/en\/#\/schema\/person\/image\/\",\"url\":\"https:\/\/secure.gravatar.com\/avatar\/4b1d8e3303b4a9d8968ac578947d8bc80d9aea359f388cdd4aac15cadc0e8447?s=96&d=mm&r=g\",\"contentUrl\":\"https:\/\/secure.gravatar.com\/avatar\/4b1d8e3303b4a9d8968ac578947d8bc80d9aea359f388cdd4aac15cadc0e8447?s=96&d=mm&r=g\",\"caption\":\"manadmin\"},\"sameAs\":[\"https:\/\/fadeu.urantiacos.cl\"]}]}<\/script>\n<!-- \/ Yoast SEO plugin. -->","yoast_head_json":{"title":"Galer\u00eda GALLO consolida al campus Lo Contador como polo art\u00edstico, cultural y disciplinar - Facultad de Arquitectura, Dise\u00f1o y Estudios Urbanos","description":"Galer\u00eda GALLO termina el 2022 con cuatro exposiciones realizadas durante el a\u00f1o, y se posiciona como un polo difusi\u00f3n de la arquitectura, el dise\u00f1o, el arte y la cultura, devolvi\u00e9ndole la vida y la presencialidad al campus.","robots":{"index":"index","follow":"follow","max-snippet":"max-snippet:-1","max-image-preview":"max-image-preview:large","max-video-preview":"max-video-preview:-1"},"canonical":"https:\/\/fadeu.urantiacos.cl\/en\/2022\/12\/19\/galeria-gallo-consolida-al-campus-lo-contador-como-polo-artistico-cultural-y-disciplinar\/","og_locale":"en_US","og_type":"article","og_title":"Galer\u00eda GALLO consolida al campus Lo Contador como polo art\u00edstico, cultural y disciplinar - Facultad de Arquitectura, Dise\u00f1o y Estudios Urbanos","og_description":"Galer\u00eda GALLO termina el 2022 con cuatro exposiciones realizadas durante el a\u00f1o, y se posiciona como un polo difusi\u00f3n de la arquitectura, el dise\u00f1o, el arte y la cultura, devolvi\u00e9ndole la vida y la presencialidad al campus.","og_url":"https:\/\/fadeu.urantiacos.cl\/en\/2022\/12\/19\/galeria-gallo-consolida-al-campus-lo-contador-como-polo-artistico-cultural-y-disciplinar\/","og_site_name":"Facultad de Arquitectura, Dise\u00f1o y Estudios Urbanos","article_published_time":"2022-12-19T19:31:00+00:00","article_modified_time":"2023-09-02T19:33:16+00:00","og_image":[{"width":350,"height":250,"url":"https:\/\/fadeu.urantiacos.cl\/wp-content\/uploads\/2023\/09\/GALLO350x250-1.png","type":"image\/png"}],"author":"manadmin","twitter_card":"summary_large_image","twitter_misc":{"Written by":"manadmin","Est. reading time":"1 minute"},"schema":{"@context":"https:\/\/schema.org","@graph":[{"@type":"Article","@id":"https:\/\/fadeu.urantiacos.cl\/en\/2022\/12\/19\/galeria-gallo-consolida-al-campus-lo-contador-como-polo-artistico-cultural-y-disciplinar\/#article","isPartOf":{"@id":"https:\/\/fadeu.urantiacos.cl\/en\/2022\/12\/19\/galeria-gallo-consolida-al-campus-lo-contador-como-polo-artistico-cultural-y-disciplinar\/"},"author":{"name":"manadmin","@id":"https:\/\/fadeu.urantiacos.cl\/en\/#\/schema\/person\/d203e2e84b1c40275eac77b3061a19a2"},"headline":"Galer\u00eda GALLO consolida al campus Lo Contador como polo art\u00edstico, cultural y disciplinar","datePublished":"2022-12-19T19:31:00+00:00","dateModified":"2023-09-02T19:33:16+00:00","mainEntityOfPage":{"@id":"https:\/\/fadeu.urantiacos.cl\/en\/2022\/12\/19\/galeria-gallo-consolida-al-campus-lo-contador-como-polo-artistico-cultural-y-disciplinar\/"},"wordCount":281,"commentCount":0,"image":{"@id":"https:\/\/fadeu.urantiacos.cl\/en\/2022\/12\/19\/galeria-gallo-consolida-al-campus-lo-contador-como-polo-artistico-cultural-y-disciplinar\/#primaryimage"},"thumbnailUrl":"https:\/\/fadeu.urantiacos.cl\/wp-content\/uploads\/2023\/09\/GALLO350x250-1.png","articleSection":["Sin categorizar"],"inLanguage":"en-US","potentialAction":[{"@type":"CommentAction","name":"Comment","target":["https:\/\/fadeu.urantiacos.cl\/en\/2022\/12\/19\/galeria-gallo-consolida-al-campus-lo-contador-como-polo-artistico-cultural-y-disciplinar\/#respond"]}]},{"@type":"WebPage","@id":"https:\/\/fadeu.urantiacos.cl\/en\/2022\/12\/19\/galeria-gallo-consolida-al-campus-lo-contador-como-polo-artistico-cultural-y-disciplinar\/","url":"https:\/\/fadeu.urantiacos.cl\/en\/2022\/12\/19\/galeria-gallo-consolida-al-campus-lo-contador-como-polo-artistico-cultural-y-disciplinar\/","name":"Galer\u00eda GALLO consolida al campus Lo Contador como polo art\u00edstico, cultural y disciplinar - Facultad de Arquitectura, Dise\u00f1o y Estudios Urbanos","isPartOf":{"@id":"https:\/\/fadeu.urantiacos.cl\/en\/#website"},"primaryImageOfPage":{"@id":"https:\/\/fadeu.urantiacos.cl\/en\/2022\/12\/19\/galeria-gallo-consolida-al-campus-lo-contador-como-polo-artistico-cultural-y-disciplinar\/#primaryimage"},"image":{"@id":"https:\/\/fadeu.urantiacos.cl\/en\/2022\/12\/19\/galeria-gallo-consolida-al-campus-lo-contador-como-polo-artistico-cultural-y-disciplinar\/#primaryimage"},"thumbnailUrl":"https:\/\/fadeu.urantiacos.cl\/wp-content\/uploads\/2023\/09\/GALLO350x250-1.png","datePublished":"2022-12-19T19:31:00+00:00","dateModified":"2023-09-02T19:33:16+00:00","author":{"@id":"https:\/\/fadeu.urantiacos.cl\/en\/#\/schema\/person\/d203e2e84b1c40275eac77b3061a19a2"},"description":"Galer\u00eda GALLO termina el 2022 con cuatro exposiciones realizadas durante el a\u00f1o, y se posiciona como un polo difusi\u00f3n de la arquitectura, el dise\u00f1o, el arte y la cultura, devolvi\u00e9ndole la vida y la presencialidad al campus.","breadcrumb":{"@id":"https:\/\/fadeu.urantiacos.cl\/en\/2022\/12\/19\/galeria-gallo-consolida-al-campus-lo-contador-como-polo-artistico-cultural-y-disciplinar\/#breadcrumb"},"inLanguage":"en-US","potentialAction":[{"@type":"ReadAction","target":["https:\/\/fadeu.urantiacos.cl\/en\/2022\/12\/19\/galeria-gallo-consolida-al-campus-lo-contador-como-polo-artistico-cultural-y-disciplinar\/"]}]},{"@type":"ImageObject","inLanguage":"en-US","@id":"https:\/\/fadeu.urantiacos.cl\/en\/2022\/12\/19\/galeria-gallo-consolida-al-campus-lo-contador-como-polo-artistico-cultural-y-disciplinar\/#primaryimage","url":"https:\/\/fadeu.urantiacos.cl\/wp-content\/uploads\/2023\/09\/GALLO350x250-1.png","contentUrl":"https:\/\/fadeu.urantiacos.cl\/wp-content\/uploads\/2023\/09\/GALLO350x250-1.png","width":350,"height":250},{"@type":"BreadcrumbList","@id":"https:\/\/fadeu.urantiacos.cl\/en\/2022\/12\/19\/galeria-gallo-consolida-al-campus-lo-contador-como-polo-artistico-cultural-y-disciplinar\/#breadcrumb","itemListElement":[{"@type":"ListItem","position":1,"name":"Portada","item":"https:\/\/fadeu.urantiacos.cl\/en\/"},{"@type":"ListItem","position":2,"name":"Galer\u00eda GALLO consolida al campus Lo Contador como polo art\u00edstico, cultural y disciplinar"}]},{"@type":"WebSite","@id":"https:\/\/fadeu.urantiacos.cl\/en\/#website","url":"https:\/\/fadeu.urantiacos.cl\/en\/","name":"Facultad de Arquitectura, Dise\u00f1o y Estudios Urbanos","description":"Campus Lo Contador","potentialAction":[{"@type":"SearchAction","target":{"@type":"EntryPoint","urlTemplate":"https:\/\/fadeu.urantiacos.cl\/en\/?s={search_term_string}"},"query-input":{"@type":"PropertyValueSpecification","valueRequired":true,"valueName":"search_term_string"}}],"inLanguage":"en-US"},{"@type":"Person","@id":"https:\/\/fadeu.urantiacos.cl\/en\/#\/schema\/person\/d203e2e84b1c40275eac77b3061a19a2","name":"manadmin","image":{"@type":"ImageObject","inLanguage":"en-US","@id":"https:\/\/fadeu.urantiacos.cl\/en\/#\/schema\/person\/image\/","url":"https:\/\/secure.gravatar.com\/avatar\/4b1d8e3303b4a9d8968ac578947d8bc80d9aea359f388cdd4aac15cadc0e8447?s=96&d=mm&r=g","contentUrl":"https:\/\/secure.gravatar.com\/avatar\/4b1d8e3303b4a9d8968ac578947d8bc80d9aea359f388cdd4aac15cadc0e8447?s=96&d=mm&r=g","caption":"manadmin"},"sameAs":["https:\/\/fadeu.urantiacos.cl"]}]}},"_links":{"self":[{"href":"https:\/\/fadeu.urantiacos.cl\/en\/wp-json\/wp\/v2\/posts\/3496","targetHints":{"allow":["GET"]}}],"collection":[{"href":"https:\/\/fadeu.urantiacos.cl\/en\/wp-json\/wp\/v2\/posts"}],"about":[{"href":"https:\/\/fadeu.urantiacos.cl\/en\/wp-json\/wp\/v2\/types\/post"}],"author":[{"embeddable":true,"href":"https:\/\/fadeu.urantiacos.cl\/en\/wp-json\/wp\/v2\/users\/1"}],"replies":[{"embeddable":true,"href":"https:\/\/fadeu.urantiacos.cl\/en\/wp-json\/wp\/v2\/comments?post=3496"}],"version-history":[{"count":1,"href":"https:\/\/fadeu.urantiacos.cl\/en\/wp-json\/wp\/v2\/posts\/3496\/revisions"}],"predecessor-version":[{"id":3499,"href":"https:\/\/fadeu.urantiacos.cl\/en\/wp-json\/wp\/v2\/posts\/3496\/revisions\/3499"}],"wp:featuredmedia":[{"embeddable":true,"href":"https:\/\/fadeu.urantiacos.cl\/en\/wp-json\/wp\/v2\/media\/3498"}],"wp:attachment":[{"href":"https:\/\/fadeu.urantiacos.cl\/en\/wp-json\/wp\/v2\/media?parent=3496"}],"wp:term":[{"taxonomy":"category","embeddable":true,"href":"https:\/\/fadeu.urantiacos.cl\/en\/wp-json\/wp\/v2\/categories?post=3496"},{"taxonomy":"post_tag","embeddable":true,"href":"https:\/\/fadeu.urantiacos.cl\/en\/wp-json\/wp\/v2\/tags?post=3496"}],"curies":[{"name":"wp","href":"https:\/\/api.w.org\/{rel}","templated":true}]}}