{"id":3490,"date":"2022-12-19T16:28:00","date_gmt":"2022-12-19T19:28:00","guid":{"rendered":"https:\/\/fadeu.urantiacos.cl\/?p=3490"},"modified":"2023-09-02T16:30:02","modified_gmt":"2023-09-02T19:30:02","slug":"un-42-de-los-habitantes-de-la-region-metropolitana-dice-que-le-gustaria-vivir-en-otro-lugar","status":"publish","type":"post","link":"https:\/\/fadeu.urantiacos.cl\/en\/2022\/12\/19\/un-42-de-los-habitantes-de-la-region-metropolitana-dice-que-le-gustaria-vivir-en-otro-lugar\/","title":{"rendered":"Un 42% de los habitantes de la regi\u00f3n Metropolitana dice que le gustar\u00eda vivir en otro lugar"},"content":{"rendered":"\n<figure class=\"wp-block-image size-full\"><img decoding=\"async\" width=\"350\" height=\"250\" src=\"https:\/\/fadeu.urantiacos.cl\/wp-content\/uploads\/2023\/09\/Barometro-07_CMR.jpg\" alt=\"\" class=\"wp-image-3491\" srcset=\"https:\/\/fadeu.urantiacos.cl\/wp-content\/uploads\/2023\/09\/Barometro-07_CMR.jpg 350w, https:\/\/fadeu.urantiacos.cl\/wp-content\/uploads\/2023\/09\/Barometro-07_CMR-300x214.jpg 300w\" sizes=\"(max-width: 350px) 100vw, 350px\" \/><\/figure>\n\n\n\n<p>En el sal\u00f3n Enrique Sazi\u00e9 de la Casa Central de la Universidad de Chile se desarroll\u00f3 la exposici\u00f3n de los resultados de la Encuesta Bar\u00f3metro Regional para la regi\u00f3n Metropolitana 2022, instrumento dise\u00f1ado para estudiar la percepci\u00f3n ciudadana acerca de las regiones del pa\u00eds y del proceso de descentralizaci\u00f3n, fortaleciendo as\u00ed la deliberaci\u00f3n p\u00fablica y apoyando la movilizaci\u00f3n de las sociedades regionales hacia una mayor y mejor descentralizaci\u00f3n.<\/p>\n\n\n\n<p>En 2019 se form\u00f3 un consorcio de ocho universidades para potenciar un instrumento utilizado en estudios regionales previos realizados por la Universidad de Los Lagos desde el 2011 y aplicar nuevo cuestionario en todo el pa\u00eds. En el caso de la regi\u00f3n Metropolitana, para esta versi\u00f3n 2022, la encuesta se aplic\u00f3 a partir de un convenio entre la Facultad de Gobierno de la Universidad de Chile, la Facultad de Arquitectura, Dise\u00f1o y Estudios Urbanos de la UC (a trav\u00e9s de su Direcci\u00f3n de Servicios Externos, DESE), y la Facultad de Econom\u00eda y Negocios (FEN) de la Universidad Andr\u00e9s Bello (UNAB).<\/p>\n\n\n\n<p>En la presentaci\u00f3n estuvieron presentes el Decano de la Facultad de Gobierno de la Universidad de Chile, Leonardo Letelier, y su par de la Facultad de Arquitectura, Dise\u00f1o y Estudios Urbanos de la UC, Mario Ubilla. La exposici\u00f3n estuvo a cargo del profesor del Instituto de Estudios Urbanos y Territoriales UC, Arturo Orellana, quien junto con exponer los resultados del Bar\u00f3metro 2022 comparti\u00f3 una mesa redonda con la Directora del Centro de Investigaci\u00f3n Urbana para el Desarrollo, el H\u00e1bitat y la Descentralizaci\u00f3n, (CIUDHAD) de la Universidad Andr\u00e9s Bello, Beatriz Mella, y el profesor de la Facultad de Gobierno de la Universidad de Chile, Jos\u00e9 Viacava.<\/p>\n\n\n\n<p>\u201cMe complace lanzar esta iniciativa y sus resultados, porque creo que el foco en los temas territoriales, y el potenciamiento de materias como la descentralizaci\u00f3n y los problemas de las ciudades son un \u00e1mbito que corresponde a un \u00e1rea de mucho inter\u00e9s dentro de nuestra Facultad\u201d, sostuvo el Decano de la Facultad de Gobierno de la Universidad de Chile, Leonardo Letelier, agregando que \u201ces un honor poder realizar esta iniciativa junto a la Universidad Cat\u00f3lica y la Universidad Andr\u00e9s Bello\u201d.<\/p>\n\n\n\n<p><strong>Aporte a la pol\u00edtica p\u00fablica<\/strong><\/p>\n\n\n\n<p>Orellana, quien adem\u00e1s es Jefe Acad\u00e9mico del Doctorado en Arquitectura y Estudios Urbanos UC, sostuvo que \u201cla encuesta Bar\u00f3metro Regional permite tener m\u00e1s precisi\u00f3n sobre los temas relacionados con el desarrollo regional, atribuyendo responsabilidades a la institucionalidad vigente, contrastando con algunos resultados que ten\u00edamos en 2019, y que evidentemente hasta el d\u00eda de hoy se han venido traslapando con realidades como el estallido social y la pandemia por COVID-19\u201d.<\/p>\n\n\n\n<p>\u201cEs un insumo (la Encuesta Bar\u00f3metro Regional) importante para entender c\u00f3mo la gente conf\u00eda en las instituciones y cu\u00e1les son los niveles de descentralizaci\u00f3n que busca la ciudadan\u00eda para mejorar aspectos de su calidad de vida y su bienestar, y en ese sentido las universidades han tenido siempre una valoraci\u00f3n importante por parte de la ciudadan\u00eda en lo que pueden aportar, particularmente a la regi\u00f3n Metropolitana. Por ende, la construcci\u00f3n de una mejor regi\u00f3n no depende solo de los privados y del Estado, y ah\u00ed son las universidades las que adquieren un rol importante, y es una buena noticia que la ciudadan\u00eda aprecie de buena manera los insumos que la Academia puede aportar para la construcci\u00f3n de mejor ciudad y de una mejor regi\u00f3n\u201d, agreg\u00f3.<\/p>\n\n\n\n<p>Por su parte, la directora de CIUDHAD UNAB, Beatriz Mella, asegur\u00f3 que \u201chay una visi\u00f3n negativa respecto del futuro de la Regi\u00f3n Metropolitana dado que hay una evaluaci\u00f3n cr\u00edtica sobre temas que son profundamente importantes para la ciudadan\u00eda: la vivienda, la salud y la seguridad son aspectos que est\u00e1n mal evaluados. Todos estos elementos son clave en la vida cotidiana de las personas, ya que afectan no s\u00f3lo sus intereses sino que sus necesidades\u201d.<\/p>\n\n\n\n<p>Ante ello, agreg\u00f3 que es importante realizar un an\u00e1lisis desde las distintas disciplinas que confluyen en la resoluci\u00f3n de estos problemas, y \u201cpor eso es tan fundamental este trabajo conjunto que estamos realizando las tres universidades, combinando diferentes miradas para entender las problem\u00e1ticas de la ciudad y c\u00f3mo afectan a los ciudadanos\u201d.<\/p>\n\n\n\n<p>Por su parte el acad\u00e9mico de la Facultad de Gobierno, Jos\u00e9 Viacava, subray\u00f3 el rol de las instituciones y la pol\u00edtica en la percepci\u00f3n de los ciudadanos: \u201cEstos datos nos dejan la impresi\u00f3n de que hay un cierto pesimismo que se est\u00e1 instalando no solamente de una situaci\u00f3n coyuntural, sino que del futuro y este pesimismo va alineado con esta suerte de falta de certeza, de potencia y de claridad que podr\u00edan tener las instituciones para responder a esta incertidumbre. Ese binomio tiene probablemente que ver con una crisis que sobrepasa lo territorial y que tiene que ver con lo institucional, con lo democr\u00e1tico o con lo pol\u00edtico\u201d.<\/p>\n\n\n\n<p><strong>Algunos resultados<\/strong><\/p>\n\n\n\n<p>La Encuesta Bar\u00f3metro Regional ahond\u00f3 sobre temas relativos a la pertinencia territorial y tambi\u00e9n a tem\u00e1ticas relativas a la apreciaci\u00f3n de diversas instituciones p\u00fablicas relacionadas con salud, medioambiente, transporte p\u00fablico, vivienda y ciudad.<\/p>\n\n\n\n<p>Cuando se le pregunta a los\/as encuestados \u201c\u00bfd\u00f3nde usted pertenece?\u201d, un 43% respond\u00eda en 2019 que \u201ca su barrio\u201d, cifra que desciende a 30% en 2022. Le sigue la respuesta \u201ca su comuna\u201d, con un 23% en 2019 y un 28% en 2022.<\/p>\n\n\n\n<p>Cuando se le consult\u00f3 a los\/as encuestados si le gustar\u00eda cambiarse o vivir en otro lugar, un 42% indic\u00f3 que s\u00ed y un 57% que no, mientras que en 2019 estas cifras alcanzaban a un 41% y un 59% respectivamente.<\/p>\n\n\n\n<p>Dentro de los motivos que motivar\u00edan un cambio de lugar de residencia, la seguridad p\u00fablica lidera las preferencias, con un 28% en 2019 y un 32% en 2022. Vivir en un lugar libre de contaminaci\u00f3n tambi\u00e9n es factor de decisi\u00f3n (20% en 2019 y 12% en 2022), as\u00ed como lo es mayores oportunidades para cumplir objetivos y metas personales (14% en 2019 y 16% en 2022).<\/p>\n\n\n\n<p>La encuesta tambi\u00e9n evalu\u00f3 el nivel de conocimiento que tiene la ciudadan\u00eda sobre sus autoridades, las formas de gobernanza, evaluaci\u00f3n de la gesti\u00f3n actual y prioridades futuras para la regi\u00f3n Metropolitana.<\/p>\n\n\n\n<p>Para revisar la presentaci\u00f3n completa, la exposici\u00f3n ha quedado disponible p\u00fablicamente en el canal de YouTube de la Facultad de Gobierno de la Universidad de Chile en el siguiente link:&nbsp;<a href=\"https:\/\/www.youtube.com\/watch?v=WshuwS6gWeg\">https:\/\/www.youtube.com\/watch?v=WshuwS6gWeg<\/a>a<\/p>\n\n\n\n<p>INFORMACI\u00d3N PERIOD\u00cdSTICA<br>JUAN ANDR\u00c9S INZUNZA<\/p>\n","protected":false},"excerpt":{"rendered":"<p>Encuesta realizada por la UC, la U de Chile y la Universidad Andr\u00e9s Bello revela que la seguridad p\u00fablica y la contaminaci\u00f3n est\u00e1n entre los principales motivadores del deseo de cambiar el lugar de residencia.<\/p>\n","protected":false},"author":1,"featured_media":3491,"comment_status":"open","ping_status":"open","sticky":false,"template":"","format":"standard","meta":{"_acf_changed":false,"footnotes":""},"categories":[1],"tags":[],"class_list":["post-3490","post","type-post","status-publish","format-standard","has-post-thumbnail","hentry","category-sin-categorizar"],"acf":[],"yoast_head":"<!-- This site is optimized with the Yoast SEO plugin v27.1.1 - https:\/\/yoast.com\/product\/yoast-seo-wordpress\/ -->\n<title>Un 42% de los habitantes de la regi\u00f3n Metropolitana dice que le gustar\u00eda vivir en otro lugar - Facultad de Arquitectura, Dise\u00f1o y Estudios Urbanos<\/title>\n<meta name=\"description\" content=\"Encuesta realizada por la UC, la U de Chile y la Universidad Andr\u00e9s Bello revela que la seguridad p\u00fablica y la contaminaci\u00f3n est\u00e1n entre los principales motivadores del deseo de cambiar el lugar de residencia.\" \/>\n<meta name=\"robots\" content=\"index, follow, max-snippet:-1, max-image-preview:large, max-video-preview:-1\" \/>\n<link rel=\"canonical\" href=\"https:\/\/fadeu.urantiacos.cl\/en\/2022\/12\/19\/un-42-de-los-habitantes-de-la-region-metropolitana-dice-que-le-gustaria-vivir-en-otro-lugar\/\" \/>\n<meta property=\"og:locale\" content=\"en_US\" \/>\n<meta property=\"og:type\" content=\"article\" \/>\n<meta property=\"og:title\" content=\"Un 42% de los habitantes de la regi\u00f3n Metropolitana dice que le gustar\u00eda vivir en otro lugar - Facultad de Arquitectura, Dise\u00f1o y Estudios Urbanos\" \/>\n<meta property=\"og:description\" content=\"Encuesta realizada por la UC, la U de Chile y la Universidad Andr\u00e9s Bello revela que la seguridad p\u00fablica y la contaminaci\u00f3n est\u00e1n entre los principales motivadores del deseo de cambiar el lugar de residencia.\" \/>\n<meta property=\"og:url\" content=\"https:\/\/fadeu.urantiacos.cl\/en\/2022\/12\/19\/un-42-de-los-habitantes-de-la-region-metropolitana-dice-que-le-gustaria-vivir-en-otro-lugar\/\" \/>\n<meta property=\"og:site_name\" content=\"Facultad de Arquitectura, Dise\u00f1o y Estudios Urbanos\" \/>\n<meta property=\"article:published_time\" content=\"2022-12-19T19:28:00+00:00\" \/>\n<meta property=\"article:modified_time\" content=\"2023-09-02T19:30:02+00:00\" \/>\n<meta property=\"og:image\" content=\"https:\/\/fadeu.urantiacos.cl\/wp-content\/uploads\/2023\/09\/Barometro-07_CMR.jpg\" \/>\n\t<meta property=\"og:image:width\" content=\"350\" \/>\n\t<meta property=\"og:image:height\" content=\"250\" \/>\n\t<meta property=\"og:image:type\" content=\"image\/jpeg\" \/>\n<meta name=\"author\" content=\"manadmin\" \/>\n<meta name=\"twitter:card\" content=\"summary_large_image\" \/>\n<meta name=\"twitter:label1\" content=\"Written by\" \/>\n\t<meta name=\"twitter:data1\" content=\"manadmin\" \/>\n\t<meta name=\"twitter:label2\" content=\"Est. reading time\" \/>\n\t<meta name=\"twitter:data2\" content=\"6 minutes\" \/>\n<script type=\"application\/ld+json\" class=\"yoast-schema-graph\">{\"@context\":\"https:\/\/schema.org\",\"@graph\":[{\"@type\":\"Article\",\"@id\":\"https:\/\/fadeu.urantiacos.cl\/en\/2022\/12\/19\/un-42-de-los-habitantes-de-la-region-metropolitana-dice-que-le-gustaria-vivir-en-otro-lugar\/#article\",\"isPartOf\":{\"@id\":\"https:\/\/fadeu.urantiacos.cl\/en\/2022\/12\/19\/un-42-de-los-habitantes-de-la-region-metropolitana-dice-que-le-gustaria-vivir-en-otro-lugar\/\"},\"author\":{\"name\":\"manadmin\",\"@id\":\"https:\/\/fadeu.urantiacos.cl\/en\/#\/schema\/person\/d203e2e84b1c40275eac77b3061a19a2\"},\"headline\":\"Un 42% de los habitantes de la regi\u00f3n Metropolitana dice que le gustar\u00eda vivir en otro lugar\",\"datePublished\":\"2022-12-19T19:28:00+00:00\",\"dateModified\":\"2023-09-02T19:30:02+00:00\",\"mainEntityOfPage\":{\"@id\":\"https:\/\/fadeu.urantiacos.cl\/en\/2022\/12\/19\/un-42-de-los-habitantes-de-la-region-metropolitana-dice-que-le-gustaria-vivir-en-otro-lugar\/\"},\"wordCount\":1132,\"commentCount\":0,\"image\":{\"@id\":\"https:\/\/fadeu.urantiacos.cl\/en\/2022\/12\/19\/un-42-de-los-habitantes-de-la-region-metropolitana-dice-que-le-gustaria-vivir-en-otro-lugar\/#primaryimage\"},\"thumbnailUrl\":\"https:\/\/fadeu.urantiacos.cl\/wp-content\/uploads\/2023\/09\/Barometro-07_CMR.jpg\",\"articleSection\":[\"Sin categorizar\"],\"inLanguage\":\"en-US\",\"potentialAction\":[{\"@type\":\"CommentAction\",\"name\":\"Comment\",\"target\":[\"https:\/\/fadeu.urantiacos.cl\/en\/2022\/12\/19\/un-42-de-los-habitantes-de-la-region-metropolitana-dice-que-le-gustaria-vivir-en-otro-lugar\/#respond\"]}]},{\"@type\":\"WebPage\",\"@id\":\"https:\/\/fadeu.urantiacos.cl\/en\/2022\/12\/19\/un-42-de-los-habitantes-de-la-region-metropolitana-dice-que-le-gustaria-vivir-en-otro-lugar\/\",\"url\":\"https:\/\/fadeu.urantiacos.cl\/en\/2022\/12\/19\/un-42-de-los-habitantes-de-la-region-metropolitana-dice-que-le-gustaria-vivir-en-otro-lugar\/\",\"name\":\"Un 42% de los habitantes de la regi\u00f3n Metropolitana dice que le gustar\u00eda vivir en otro lugar - Facultad de Arquitectura, Dise\u00f1o y Estudios Urbanos\",\"isPartOf\":{\"@id\":\"https:\/\/fadeu.urantiacos.cl\/en\/#website\"},\"primaryImageOfPage\":{\"@id\":\"https:\/\/fadeu.urantiacos.cl\/en\/2022\/12\/19\/un-42-de-los-habitantes-de-la-region-metropolitana-dice-que-le-gustaria-vivir-en-otro-lugar\/#primaryimage\"},\"image\":{\"@id\":\"https:\/\/fadeu.urantiacos.cl\/en\/2022\/12\/19\/un-42-de-los-habitantes-de-la-region-metropolitana-dice-que-le-gustaria-vivir-en-otro-lugar\/#primaryimage\"},\"thumbnailUrl\":\"https:\/\/fadeu.urantiacos.cl\/wp-content\/uploads\/2023\/09\/Barometro-07_CMR.jpg\",\"datePublished\":\"2022-12-19T19:28:00+00:00\",\"dateModified\":\"2023-09-02T19:30:02+00:00\",\"author\":{\"@id\":\"https:\/\/fadeu.urantiacos.cl\/en\/#\/schema\/person\/d203e2e84b1c40275eac77b3061a19a2\"},\"description\":\"Encuesta realizada por la UC, la U de Chile y la Universidad Andr\u00e9s Bello revela que la seguridad p\u00fablica y la contaminaci\u00f3n est\u00e1n entre los principales motivadores del deseo de cambiar el lugar de residencia.\",\"breadcrumb\":{\"@id\":\"https:\/\/fadeu.urantiacos.cl\/en\/2022\/12\/19\/un-42-de-los-habitantes-de-la-region-metropolitana-dice-que-le-gustaria-vivir-en-otro-lugar\/#breadcrumb\"},\"inLanguage\":\"en-US\",\"potentialAction\":[{\"@type\":\"ReadAction\",\"target\":[\"https:\/\/fadeu.urantiacos.cl\/en\/2022\/12\/19\/un-42-de-los-habitantes-de-la-region-metropolitana-dice-que-le-gustaria-vivir-en-otro-lugar\/\"]}]},{\"@type\":\"ImageObject\",\"inLanguage\":\"en-US\",\"@id\":\"https:\/\/fadeu.urantiacos.cl\/en\/2022\/12\/19\/un-42-de-los-habitantes-de-la-region-metropolitana-dice-que-le-gustaria-vivir-en-otro-lugar\/#primaryimage\",\"url\":\"https:\/\/fadeu.urantiacos.cl\/wp-content\/uploads\/2023\/09\/Barometro-07_CMR.jpg\",\"contentUrl\":\"https:\/\/fadeu.urantiacos.cl\/wp-content\/uploads\/2023\/09\/Barometro-07_CMR.jpg\",\"width\":350,\"height\":250},{\"@type\":\"BreadcrumbList\",\"@id\":\"https:\/\/fadeu.urantiacos.cl\/en\/2022\/12\/19\/un-42-de-los-habitantes-de-la-region-metropolitana-dice-que-le-gustaria-vivir-en-otro-lugar\/#breadcrumb\",\"itemListElement\":[{\"@type\":\"ListItem\",\"position\":1,\"name\":\"Portada\",\"item\":\"https:\/\/fadeu.urantiacos.cl\/en\/\"},{\"@type\":\"ListItem\",\"position\":2,\"name\":\"Un 42% de los habitantes de la regi\u00f3n Metropolitana dice que le gustar\u00eda vivir en otro lugar\"}]},{\"@type\":\"WebSite\",\"@id\":\"https:\/\/fadeu.urantiacos.cl\/en\/#website\",\"url\":\"https:\/\/fadeu.urantiacos.cl\/en\/\",\"name\":\"Facultad de Arquitectura, Dise\u00f1o y Estudios Urbanos\",\"description\":\"Campus Lo Contador\",\"potentialAction\":[{\"@type\":\"SearchAction\",\"target\":{\"@type\":\"EntryPoint\",\"urlTemplate\":\"https:\/\/fadeu.urantiacos.cl\/en\/?s={search_term_string}\"},\"query-input\":{\"@type\":\"PropertyValueSpecification\",\"valueRequired\":true,\"valueName\":\"search_term_string\"}}],\"inLanguage\":\"en-US\"},{\"@type\":\"Person\",\"@id\":\"https:\/\/fadeu.urantiacos.cl\/en\/#\/schema\/person\/d203e2e84b1c40275eac77b3061a19a2\",\"name\":\"manadmin\",\"image\":{\"@type\":\"ImageObject\",\"inLanguage\":\"en-US\",\"@id\":\"https:\/\/fadeu.urantiacos.cl\/en\/#\/schema\/person\/image\/\",\"url\":\"https:\/\/secure.gravatar.com\/avatar\/4b1d8e3303b4a9d8968ac578947d8bc80d9aea359f388cdd4aac15cadc0e8447?s=96&d=mm&r=g\",\"contentUrl\":\"https:\/\/secure.gravatar.com\/avatar\/4b1d8e3303b4a9d8968ac578947d8bc80d9aea359f388cdd4aac15cadc0e8447?s=96&d=mm&r=g\",\"caption\":\"manadmin\"},\"sameAs\":[\"https:\/\/fadeu.urantiacos.cl\"]}]}<\/script>\n<!-- \/ Yoast SEO plugin. -->","yoast_head_json":{"title":"Un 42% de los habitantes de la regi\u00f3n Metropolitana dice que le gustar\u00eda vivir en otro lugar - Facultad de Arquitectura, Dise\u00f1o y Estudios Urbanos","description":"Encuesta realizada por la UC, la U de Chile y la Universidad Andr\u00e9s Bello revela que la seguridad p\u00fablica y la contaminaci\u00f3n est\u00e1n entre los principales motivadores del deseo de cambiar el lugar de residencia.","robots":{"index":"index","follow":"follow","max-snippet":"max-snippet:-1","max-image-preview":"max-image-preview:large","max-video-preview":"max-video-preview:-1"},"canonical":"https:\/\/fadeu.urantiacos.cl\/en\/2022\/12\/19\/un-42-de-los-habitantes-de-la-region-metropolitana-dice-que-le-gustaria-vivir-en-otro-lugar\/","og_locale":"en_US","og_type":"article","og_title":"Un 42% de los habitantes de la regi\u00f3n Metropolitana dice que le gustar\u00eda vivir en otro lugar - Facultad de Arquitectura, Dise\u00f1o y Estudios Urbanos","og_description":"Encuesta realizada por la UC, la U de Chile y la Universidad Andr\u00e9s Bello revela que la seguridad p\u00fablica y la contaminaci\u00f3n est\u00e1n entre los principales motivadores del deseo de cambiar el lugar de residencia.","og_url":"https:\/\/fadeu.urantiacos.cl\/en\/2022\/12\/19\/un-42-de-los-habitantes-de-la-region-metropolitana-dice-que-le-gustaria-vivir-en-otro-lugar\/","og_site_name":"Facultad de Arquitectura, Dise\u00f1o y Estudios Urbanos","article_published_time":"2022-12-19T19:28:00+00:00","article_modified_time":"2023-09-02T19:30:02+00:00","og_image":[{"width":350,"height":250,"url":"https:\/\/fadeu.urantiacos.cl\/wp-content\/uploads\/2023\/09\/Barometro-07_CMR.jpg","type":"image\/jpeg"}],"author":"manadmin","twitter_card":"summary_large_image","twitter_misc":{"Written by":"manadmin","Est. reading time":"6 minutes"},"schema":{"@context":"https:\/\/schema.org","@graph":[{"@type":"Article","@id":"https:\/\/fadeu.urantiacos.cl\/en\/2022\/12\/19\/un-42-de-los-habitantes-de-la-region-metropolitana-dice-que-le-gustaria-vivir-en-otro-lugar\/#article","isPartOf":{"@id":"https:\/\/fadeu.urantiacos.cl\/en\/2022\/12\/19\/un-42-de-los-habitantes-de-la-region-metropolitana-dice-que-le-gustaria-vivir-en-otro-lugar\/"},"author":{"name":"manadmin","@id":"https:\/\/fadeu.urantiacos.cl\/en\/#\/schema\/person\/d203e2e84b1c40275eac77b3061a19a2"},"headline":"Un 42% de los habitantes de la regi\u00f3n Metropolitana dice que le gustar\u00eda vivir en otro lugar","datePublished":"2022-12-19T19:28:00+00:00","dateModified":"2023-09-02T19:30:02+00:00","mainEntityOfPage":{"@id":"https:\/\/fadeu.urantiacos.cl\/en\/2022\/12\/19\/un-42-de-los-habitantes-de-la-region-metropolitana-dice-que-le-gustaria-vivir-en-otro-lugar\/"},"wordCount":1132,"commentCount":0,"image":{"@id":"https:\/\/fadeu.urantiacos.cl\/en\/2022\/12\/19\/un-42-de-los-habitantes-de-la-region-metropolitana-dice-que-le-gustaria-vivir-en-otro-lugar\/#primaryimage"},"thumbnailUrl":"https:\/\/fadeu.urantiacos.cl\/wp-content\/uploads\/2023\/09\/Barometro-07_CMR.jpg","articleSection":["Sin categorizar"],"inLanguage":"en-US","potentialAction":[{"@type":"CommentAction","name":"Comment","target":["https:\/\/fadeu.urantiacos.cl\/en\/2022\/12\/19\/un-42-de-los-habitantes-de-la-region-metropolitana-dice-que-le-gustaria-vivir-en-otro-lugar\/#respond"]}]},{"@type":"WebPage","@id":"https:\/\/fadeu.urantiacos.cl\/en\/2022\/12\/19\/un-42-de-los-habitantes-de-la-region-metropolitana-dice-que-le-gustaria-vivir-en-otro-lugar\/","url":"https:\/\/fadeu.urantiacos.cl\/en\/2022\/12\/19\/un-42-de-los-habitantes-de-la-region-metropolitana-dice-que-le-gustaria-vivir-en-otro-lugar\/","name":"Un 42% de los habitantes de la regi\u00f3n Metropolitana dice que le gustar\u00eda vivir en otro lugar - Facultad de Arquitectura, Dise\u00f1o y Estudios Urbanos","isPartOf":{"@id":"https:\/\/fadeu.urantiacos.cl\/en\/#website"},"primaryImageOfPage":{"@id":"https:\/\/fadeu.urantiacos.cl\/en\/2022\/12\/19\/un-42-de-los-habitantes-de-la-region-metropolitana-dice-que-le-gustaria-vivir-en-otro-lugar\/#primaryimage"},"image":{"@id":"https:\/\/fadeu.urantiacos.cl\/en\/2022\/12\/19\/un-42-de-los-habitantes-de-la-region-metropolitana-dice-que-le-gustaria-vivir-en-otro-lugar\/#primaryimage"},"thumbnailUrl":"https:\/\/fadeu.urantiacos.cl\/wp-content\/uploads\/2023\/09\/Barometro-07_CMR.jpg","datePublished":"2022-12-19T19:28:00+00:00","dateModified":"2023-09-02T19:30:02+00:00","author":{"@id":"https:\/\/fadeu.urantiacos.cl\/en\/#\/schema\/person\/d203e2e84b1c40275eac77b3061a19a2"},"description":"Encuesta realizada por la UC, la U de Chile y la Universidad Andr\u00e9s Bello revela que la seguridad p\u00fablica y la contaminaci\u00f3n est\u00e1n entre los principales motivadores del deseo de cambiar el lugar de residencia.","breadcrumb":{"@id":"https:\/\/fadeu.urantiacos.cl\/en\/2022\/12\/19\/un-42-de-los-habitantes-de-la-region-metropolitana-dice-que-le-gustaria-vivir-en-otro-lugar\/#breadcrumb"},"inLanguage":"en-US","potentialAction":[{"@type":"ReadAction","target":["https:\/\/fadeu.urantiacos.cl\/en\/2022\/12\/19\/un-42-de-los-habitantes-de-la-region-metropolitana-dice-que-le-gustaria-vivir-en-otro-lugar\/"]}]},{"@type":"ImageObject","inLanguage":"en-US","@id":"https:\/\/fadeu.urantiacos.cl\/en\/2022\/12\/19\/un-42-de-los-habitantes-de-la-region-metropolitana-dice-que-le-gustaria-vivir-en-otro-lugar\/#primaryimage","url":"https:\/\/fadeu.urantiacos.cl\/wp-content\/uploads\/2023\/09\/Barometro-07_CMR.jpg","contentUrl":"https:\/\/fadeu.urantiacos.cl\/wp-content\/uploads\/2023\/09\/Barometro-07_CMR.jpg","width":350,"height":250},{"@type":"BreadcrumbList","@id":"https:\/\/fadeu.urantiacos.cl\/en\/2022\/12\/19\/un-42-de-los-habitantes-de-la-region-metropolitana-dice-que-le-gustaria-vivir-en-otro-lugar\/#breadcrumb","itemListElement":[{"@type":"ListItem","position":1,"name":"Portada","item":"https:\/\/fadeu.urantiacos.cl\/en\/"},{"@type":"ListItem","position":2,"name":"Un 42% de los habitantes de la regi\u00f3n Metropolitana dice que le gustar\u00eda vivir en otro lugar"}]},{"@type":"WebSite","@id":"https:\/\/fadeu.urantiacos.cl\/en\/#website","url":"https:\/\/fadeu.urantiacos.cl\/en\/","name":"Facultad de Arquitectura, Dise\u00f1o y Estudios Urbanos","description":"Campus Lo Contador","potentialAction":[{"@type":"SearchAction","target":{"@type":"EntryPoint","urlTemplate":"https:\/\/fadeu.urantiacos.cl\/en\/?s={search_term_string}"},"query-input":{"@type":"PropertyValueSpecification","valueRequired":true,"valueName":"search_term_string"}}],"inLanguage":"en-US"},{"@type":"Person","@id":"https:\/\/fadeu.urantiacos.cl\/en\/#\/schema\/person\/d203e2e84b1c40275eac77b3061a19a2","name":"manadmin","image":{"@type":"ImageObject","inLanguage":"en-US","@id":"https:\/\/fadeu.urantiacos.cl\/en\/#\/schema\/person\/image\/","url":"https:\/\/secure.gravatar.com\/avatar\/4b1d8e3303b4a9d8968ac578947d8bc80d9aea359f388cdd4aac15cadc0e8447?s=96&d=mm&r=g","contentUrl":"https:\/\/secure.gravatar.com\/avatar\/4b1d8e3303b4a9d8968ac578947d8bc80d9aea359f388cdd4aac15cadc0e8447?s=96&d=mm&r=g","caption":"manadmin"},"sameAs":["https:\/\/fadeu.urantiacos.cl"]}]}},"_links":{"self":[{"href":"https:\/\/fadeu.urantiacos.cl\/en\/wp-json\/wp\/v2\/posts\/3490","targetHints":{"allow":["GET"]}}],"collection":[{"href":"https:\/\/fadeu.urantiacos.cl\/en\/wp-json\/wp\/v2\/posts"}],"about":[{"href":"https:\/\/fadeu.urantiacos.cl\/en\/wp-json\/wp\/v2\/types\/post"}],"author":[{"embeddable":true,"href":"https:\/\/fadeu.urantiacos.cl\/en\/wp-json\/wp\/v2\/users\/1"}],"replies":[{"embeddable":true,"href":"https:\/\/fadeu.urantiacos.cl\/en\/wp-json\/wp\/v2\/comments?post=3490"}],"version-history":[{"count":1,"href":"https:\/\/fadeu.urantiacos.cl\/en\/wp-json\/wp\/v2\/posts\/3490\/revisions"}],"predecessor-version":[{"id":3492,"href":"https:\/\/fadeu.urantiacos.cl\/en\/wp-json\/wp\/v2\/posts\/3490\/revisions\/3492"}],"wp:featuredmedia":[{"embeddable":true,"href":"https:\/\/fadeu.urantiacos.cl\/en\/wp-json\/wp\/v2\/media\/3491"}],"wp:attachment":[{"href":"https:\/\/fadeu.urantiacos.cl\/en\/wp-json\/wp\/v2\/media?parent=3490"}],"wp:term":[{"taxonomy":"category","embeddable":true,"href":"https:\/\/fadeu.urantiacos.cl\/en\/wp-json\/wp\/v2\/categories?post=3490"},{"taxonomy":"post_tag","embeddable":true,"href":"https:\/\/fadeu.urantiacos.cl\/en\/wp-json\/wp\/v2\/tags?post=3490"}],"curies":[{"name":"wp","href":"https:\/\/api.w.org\/{rel}","templated":true}]}}