{"id":3356,"date":"2023-01-11T21:23:00","date_gmt":"2023-01-12T00:23:00","guid":{"rendered":"https:\/\/fadeu.urantiacos.cl\/?p=3356"},"modified":"2023-11-14T09:36:54","modified_gmt":"2023-11-14T12:36:54","slug":"sala-vicente-huidobro-disenada-por-el-decano-mario-ubilla-abre-sus-puertas-al-publico-en-la-uc","status":"publish","type":"post","link":"https:\/\/fadeu.urantiacos.cl\/en\/2023\/01\/11\/sala-vicente-huidobro-disenada-por-el-decano-mario-ubilla-abre-sus-puertas-al-publico-en-la-uc\/","title":{"rendered":"Sala Vicente Huidobro, dise\u00f1ada por el Decano Mario Ubilla, abre sus puertas al p\u00fablico en la UC"},"content":{"rendered":"\n<p>Son 381 manuscritos, 1.009 cartas, 659 notas de prensa, 416 diapositivas y 191 fotograf\u00edas: el legado del poeta Vicente Huidobro es una de las donaciones que hoy est\u00e1&nbsp;bajo el cuidado e investigaci\u00f3n de la UC, y desde&nbsp;este 9 de enero esa obra cobrar\u00e1 nueva vida con la inauguraci\u00f3n de la Sala Vicente Huidobro en el&nbsp;<a href=\"https:\/\/extension.uc.cl\/\" target=\"_blank\" rel=\"noreferrer noopener\">Centro de Extensi\u00f3n UC<\/a>.&nbsp;<\/p>\n\n\n\n<p><a href=\"https:\/\/www.uc.cl\/noticias\/la-uc-da-la-bienvenida-a-la-poesia-y-legado-de-vicente-huidobro\/\" target=\"_blank\" rel=\"noreferrer noopener\">Tras un acuerdo firmado con la fundaci\u00f3n del artista en diciembre de 2021<\/a>, el patrimonio cultural de Vicente Huidobro podr\u00e1 tener una vitrina desde el centro de Santiago, en un espacio pensado especialmente para proyectar el estudio, acceso y difusi\u00f3n de uno de los escritores m\u00e1s relevantes de Chile.<\/p>\n\n\n\n<p>Con esa meta en mente, desde la UC se convoc\u00f3 a distintos profesionales y equipos quienes estuvieron planificando c\u00f3mo hacer de este recinto un sitio cercano, que creara una experiencia distinta en torno a la poes\u00eda. As\u00ed, con el dise\u00f1o a cargo del decano de la&nbsp;<a href=\"https:\/\/fadeu.urantiacos.cl\/\" target=\"_blank\" rel=\"noreferrer noopener\">Facultad de Arquitectura Dise\u00f1o y Estudios Urbanos<\/a>, Mario Ubilla, el montaje tecnol\u00f3gico fue realizado por el equipo Proyecto Fuego, la pieza central en ne\u00f3n fue hecha por el artista visual&nbsp;<a href=\"https:\/\/www.instagram.com\/alexanderazukar\/?hl=es\" target=\"_blank\" rel=\"noreferrer noopener\">Alexander Azukar<\/a>, y el detalle museogr\u00e1fico qued\u00f3 en las manos de Alejandra L\u00fchrs.&nbsp;<\/p>\n\n\n\n<p>\u201cFue un desaf\u00edo grande poder llevar la obra de este gran poeta y hacer que sus escritos se convirtieran en una sala interactiva, que apele al p\u00fablico desde todos sus sentidos: desde la vista, el movimiento, tacto, audio, para que las personas puedan sentir la poes\u00eda y la escritura desde otra perspectiva, con otras sensibilidades\u201d,&nbsp;dice Daniela Rosenfeld, directora de Extensi\u00f3n Cultural UC.<\/p>\n\n\n\n<h3 class=\"wp-block-heading\">Huidobro en la vanguardia<\/h3>\n\n\n\n<p>En la inauguraci\u00f3n de la Sala Vicente Huidobro, este lunes 9 de enero a las 18.30 horas, se podr\u00e1 ver una primera aproximaci\u00f3n a la experiencia que este espacio espera brindar en torno a la obra del poeta. Con la curator\u00eda del decano de la&nbsp;<a href=\"https:\/\/letras.uc.cl\/\" target=\"_blank\" rel=\"noreferrer noopener\">Facultad de Letras<\/a>, Patricio Lizama, y Antonia Garc\u00eda-Huidobro -bisnieta del escritor-, la primera exposici\u00f3n de este recinto ser\u00e1&nbsp;\u201cHuidobro: creacionismo y vanguardia\u201d, muestra que aborda su trayectoria po\u00e9tica bajo la influencia del modernismo, y posterior evoluci\u00f3n hacia un nuevo paradigma vinculado a la vanguardia parisina, y su estrecha amistad con artistas como Pablo Picasso, Juan Gris, Jacques Lipchitz, Tristan Tzara, Hans Arp, entre otros.<\/p>\n\n\n\n<p>\u201cLa Sala Vicente Huidobro tiene un esp\u00edritu did\u00e1ctico. Quisimos construir un espacio donde las personas incluso podr\u00e1n seleccionar palabras y crear su propio poema, para acercar esta disciplina art\u00edstica a todo p\u00fablico, ni\u00f1os, ni\u00f1as, adultos y personas mayores, con una experiencia transversal. La idea es sacar a las personas de la contemplaci\u00f3n pasiva, y crear una experiencia inmersiva sobre la obra de Huidobro, con esta sala que te va a involucrar y a comprometer con el contenido de una manera distinta\u201d, cuenta Daniela Rosenfeld.<\/p>\n\n\n\n<p>La exposici\u00f3n&nbsp;\u201cHuidobro: creacionismo y vanguardia\u201d&nbsp;estar\u00e1 disponible durante este primer semestre del 2023, y se proyecta que la Sala Vicente Huidobro vaya cambiando de muestras cada seis meses. Ubicada al costado izquierdo del Centro de Extensi\u00f3n UC Alameda, el espacio estar\u00e1 contiguo a la Galer\u00eda Gandarillas y al Cine UC, complementando as\u00ed el recorrido cultural y de acceso gratuito que existe en Alameda #390.<\/p>\n\n\n\n<figure class=\"wp-block-image size-full\"><img decoding=\"async\" width=\"1024\" height=\"410\" src=\"https:\/\/fadeu.urantiacos.cl\/wp-content\/uploads\/2023\/09\/Panoramica.jpg\" alt=\"\" class=\"wp-image-3358\" srcset=\"https:\/\/fadeu.urantiacos.cl\/wp-content\/uploads\/2023\/09\/Panoramica.jpg 1024w, https:\/\/fadeu.urantiacos.cl\/wp-content\/uploads\/2023\/09\/Panoramica-300x120.jpg 300w, https:\/\/fadeu.urantiacos.cl\/wp-content\/uploads\/2023\/09\/Panoramica-768x308.jpg 768w\" sizes=\"(max-width: 1024px) 100vw, 1024px\" \/><\/figure>\n\n\n\n<figure class=\"wp-block-image size-full\"><img decoding=\"async\" width=\"1024\" height=\"683\" src=\"https:\/\/fadeu.urantiacos.cl\/wp-content\/uploads\/2023\/09\/3Y2B9423.jpg\" alt=\"\" class=\"wp-image-3359\" srcset=\"https:\/\/fadeu.urantiacos.cl\/wp-content\/uploads\/2023\/09\/3Y2B9423.jpg 1024w, https:\/\/fadeu.urantiacos.cl\/wp-content\/uploads\/2023\/09\/3Y2B9423-300x200.jpg 300w, https:\/\/fadeu.urantiacos.cl\/wp-content\/uploads\/2023\/09\/3Y2B9423-768x512.jpg 768w\" sizes=\"(max-width: 1024px) 100vw, 1024px\" \/><\/figure>\n\n\n\n<figure class=\"wp-block-image size-full\"><img decoding=\"async\" width=\"1024\" height=\"683\" src=\"https:\/\/fadeu.urantiacos.cl\/wp-content\/uploads\/2023\/09\/3Y2B9362.jpg\" alt=\"\" class=\"wp-image-3360\" srcset=\"https:\/\/fadeu.urantiacos.cl\/wp-content\/uploads\/2023\/09\/3Y2B9362.jpg 1024w, https:\/\/fadeu.urantiacos.cl\/wp-content\/uploads\/2023\/09\/3Y2B9362-300x200.jpg 300w, https:\/\/fadeu.urantiacos.cl\/wp-content\/uploads\/2023\/09\/3Y2B9362-768x512.jpg 768w\" sizes=\"(max-width: 1024px) 100vw, 1024px\" \/><\/figure>\n\n\n\n<figure class=\"wp-block-image size-full\"><img decoding=\"async\" width=\"1024\" height=\"683\" src=\"https:\/\/fadeu.urantiacos.cl\/wp-content\/uploads\/2023\/09\/3Y2B9396.jpg\" alt=\"\" class=\"wp-image-3361\" srcset=\"https:\/\/fadeu.urantiacos.cl\/wp-content\/uploads\/2023\/09\/3Y2B9396.jpg 1024w, https:\/\/fadeu.urantiacos.cl\/wp-content\/uploads\/2023\/09\/3Y2B9396-300x200.jpg 300w, https:\/\/fadeu.urantiacos.cl\/wp-content\/uploads\/2023\/09\/3Y2B9396-768x512.jpg 768w\" sizes=\"(max-width: 1024px) 100vw, 1024px\" \/><\/figure>\n\n\n\n<figure class=\"wp-block-image size-full\"><img decoding=\"async\" width=\"1024\" height=\"683\" src=\"https:\/\/fadeu.urantiacos.cl\/wp-content\/uploads\/2023\/09\/3Y2B9426.jpg\" alt=\"\" class=\"wp-image-3362\" srcset=\"https:\/\/fadeu.urantiacos.cl\/wp-content\/uploads\/2023\/09\/3Y2B9426.jpg 1024w, https:\/\/fadeu.urantiacos.cl\/wp-content\/uploads\/2023\/09\/3Y2B9426-300x200.jpg 300w, https:\/\/fadeu.urantiacos.cl\/wp-content\/uploads\/2023\/09\/3Y2B9426-768x512.jpg 768w\" sizes=\"(max-width: 1024px) 100vw, 1024px\" \/><\/figure>\n\n\n\n<figure class=\"wp-block-image size-full\"><img decoding=\"async\" width=\"1024\" height=\"683\" src=\"https:\/\/fadeu.urantiacos.cl\/wp-content\/uploads\/2023\/09\/3Y2B9908.jpg\" alt=\"\" class=\"wp-image-3363\" srcset=\"https:\/\/fadeu.urantiacos.cl\/wp-content\/uploads\/2023\/09\/3Y2B9908.jpg 1024w, https:\/\/fadeu.urantiacos.cl\/wp-content\/uploads\/2023\/09\/3Y2B9908-300x200.jpg 300w, https:\/\/fadeu.urantiacos.cl\/wp-content\/uploads\/2023\/09\/3Y2B9908-768x512.jpg 768w\" sizes=\"(max-width: 1024px) 100vw, 1024px\" \/><\/figure>\n\n\n\n<p>INFORMACI\u00d3N PERIOD\u00cdSTICA<\/p>\n\n\n\n<p>Ana Callejas Bustos<\/p>\n\n\n\n<p>Periodista, Direcci\u00f3n de Comunicaciones<\/p>\n\n\n\n<p>Fotograf\u00edas: Omar Fa\u00fandez<\/p>\n","protected":false},"excerpt":{"rendered":"<p>El pasado lunes 9 de enero fue inaugurada oficialmente la sala Vicente Huidobro, espacio ubicado en casa central de la Pontificia Universidad Cat\u00f3lica, dise\u00f1ado por el De  cano de la Facultad de Arquitectura, Dise\u00f1o y Estudios Urbanos, Mario Ubilla, concebido como un lugar para acercar la obra del trascendental poeta chileno al p\u00fablico, con un enfoque interactivo.<\/p>\n","protected":false},"author":1,"featured_media":3364,"comment_status":"open","ping_status":"open","sticky":false,"template":"","format":"standard","meta":{"_acf_changed":false,"footnotes":""},"categories":[1],"tags":[],"class_list":["post-3356","post","type-post","status-publish","format-standard","has-post-thumbnail","hentry","category-sin-categorizar"],"acf":[],"yoast_head":"<!-- This site is optimized with the Yoast SEO plugin v27.1.1 - https:\/\/yoast.com\/product\/yoast-seo-wordpress\/ -->\n<title>Sala Vicente Huidobro, dise\u00f1ada por el Decano Mario Ubilla, abre sus puertas al p\u00fablico en la UC - Facultad de Arquitectura, Dise\u00f1o y Estudios Urbanos<\/title>\n<meta name=\"description\" content=\"El pasado lunes 9 de enero fue inaugurada oficialmente la sala Vicente Huidobro, espacio ubicado en casa central de la Pontificia Universidad Cat\u00f3lica, dise\u00f1ado por el De cano de la Facultad de Arquitectura, Dise\u00f1o y Estudios Urbanos, Mario Ubilla, concebido como un lugar para acercar la obra del trascendental poeta chileno al p\u00fablico, con un enfoque interactivo.\" \/>\n<meta name=\"robots\" content=\"index, follow, max-snippet:-1, max-image-preview:large, max-video-preview:-1\" \/>\n<link rel=\"canonical\" href=\"https:\/\/fadeu.urantiacos.cl\/en\/2023\/01\/11\/sala-vicente-huidobro-disenada-por-el-decano-mario-ubilla-abre-sus-puertas-al-publico-en-la-uc\/\" \/>\n<meta property=\"og:locale\" content=\"en_US\" \/>\n<meta property=\"og:type\" content=\"article\" \/>\n<meta property=\"og:title\" content=\"Sala Vicente Huidobro, dise\u00f1ada por el Decano Mario Ubilla, abre sus puertas al p\u00fablico en la UC - Facultad de Arquitectura, Dise\u00f1o y Estudios Urbanos\" \/>\n<meta property=\"og:description\" content=\"El pasado lunes 9 de enero fue inaugurada oficialmente la sala Vicente Huidobro, espacio ubicado en casa central de la Pontificia Universidad Cat\u00f3lica, dise\u00f1ado por el De cano de la Facultad de Arquitectura, Dise\u00f1o y Estudios Urbanos, Mario Ubilla, concebido como un lugar para acercar la obra del trascendental poeta chileno al p\u00fablico, con un enfoque interactivo.\" \/>\n<meta property=\"og:url\" content=\"https:\/\/fadeu.urantiacos.cl\/en\/2023\/01\/11\/sala-vicente-huidobro-disenada-por-el-decano-mario-ubilla-abre-sus-puertas-al-publico-en-la-uc\/\" \/>\n<meta property=\"og:site_name\" content=\"Facultad de Arquitectura, Dise\u00f1o y Estudios Urbanos\" \/>\n<meta property=\"article:published_time\" content=\"2023-01-12T00:23:00+00:00\" \/>\n<meta property=\"article:modified_time\" content=\"2023-11-14T12:36:54+00:00\" \/>\n<meta property=\"og:image\" content=\"https:\/\/fadeu.urantiacos.cl\/wp-content\/uploads\/2023\/09\/WEB_portada_huidobro.700x532-1.jpg\" \/>\n\t<meta property=\"og:image:width\" content=\"350\" \/>\n\t<meta property=\"og:image:height\" content=\"250\" \/>\n\t<meta property=\"og:image:type\" content=\"image\/jpeg\" \/>\n<meta name=\"author\" content=\"manadmin\" \/>\n<meta name=\"twitter:card\" content=\"summary_large_image\" \/>\n<meta name=\"twitter:label1\" content=\"Written by\" \/>\n\t<meta name=\"twitter:data1\" content=\"manadmin\" \/>\n<script type=\"application\/ld+json\" class=\"yoast-schema-graph\">{\"@context\":\"https:\/\/schema.org\",\"@graph\":[{\"@type\":\"Article\",\"@id\":\"https:\/\/fadeu.urantiacos.cl\/en\/2023\/01\/11\/sala-vicente-huidobro-disenada-por-el-decano-mario-ubilla-abre-sus-puertas-al-publico-en-la-uc\/#article\",\"isPartOf\":{\"@id\":\"https:\/\/fadeu.urantiacos.cl\/en\/2023\/01\/11\/sala-vicente-huidobro-disenada-por-el-decano-mario-ubilla-abre-sus-puertas-al-publico-en-la-uc\/\"},\"author\":{\"name\":\"manadmin\",\"@id\":\"https:\/\/fadeu.urantiacos.cl\/en\/#\/schema\/person\/d203e2e84b1c40275eac77b3061a19a2\"},\"headline\":\"Sala Vicente Huidobro, dise\u00f1ada por el Decano Mario Ubilla, abre sus puertas al p\u00fablico en la UC\",\"datePublished\":\"2023-01-12T00:23:00+00:00\",\"dateModified\":\"2023-11-14T12:36:54+00:00\",\"mainEntityOfPage\":{\"@id\":\"https:\/\/fadeu.urantiacos.cl\/en\/2023\/01\/11\/sala-vicente-huidobro-disenada-por-el-decano-mario-ubilla-abre-sus-puertas-al-publico-en-la-uc\/\"},\"wordCount\":598,\"commentCount\":0,\"image\":{\"@id\":\"https:\/\/fadeu.urantiacos.cl\/en\/2023\/01\/11\/sala-vicente-huidobro-disenada-por-el-decano-mario-ubilla-abre-sus-puertas-al-publico-en-la-uc\/#primaryimage\"},\"thumbnailUrl\":\"https:\/\/fadeu.urantiacos.cl\/wp-content\/uploads\/2023\/09\/WEB_portada_huidobro.700x532-1.jpg\",\"articleSection\":[\"Sin categorizar\"],\"inLanguage\":\"en-US\",\"potentialAction\":[{\"@type\":\"CommentAction\",\"name\":\"Comment\",\"target\":[\"https:\/\/fadeu.urantiacos.cl\/en\/2023\/01\/11\/sala-vicente-huidobro-disenada-por-el-decano-mario-ubilla-abre-sus-puertas-al-publico-en-la-uc\/#respond\"]}]},{\"@type\":\"WebPage\",\"@id\":\"https:\/\/fadeu.urantiacos.cl\/en\/2023\/01\/11\/sala-vicente-huidobro-disenada-por-el-decano-mario-ubilla-abre-sus-puertas-al-publico-en-la-uc\/\",\"url\":\"https:\/\/fadeu.urantiacos.cl\/en\/2023\/01\/11\/sala-vicente-huidobro-disenada-por-el-decano-mario-ubilla-abre-sus-puertas-al-publico-en-la-uc\/\",\"name\":\"Sala Vicente Huidobro, dise\u00f1ada por el Decano Mario Ubilla, abre sus puertas al p\u00fablico en la UC - Facultad de Arquitectura, Dise\u00f1o y Estudios Urbanos\",\"isPartOf\":{\"@id\":\"https:\/\/fadeu.urantiacos.cl\/en\/#website\"},\"primaryImageOfPage\":{\"@id\":\"https:\/\/fadeu.urantiacos.cl\/en\/2023\/01\/11\/sala-vicente-huidobro-disenada-por-el-decano-mario-ubilla-abre-sus-puertas-al-publico-en-la-uc\/#primaryimage\"},\"image\":{\"@id\":\"https:\/\/fadeu.urantiacos.cl\/en\/2023\/01\/11\/sala-vicente-huidobro-disenada-por-el-decano-mario-ubilla-abre-sus-puertas-al-publico-en-la-uc\/#primaryimage\"},\"thumbnailUrl\":\"https:\/\/fadeu.urantiacos.cl\/wp-content\/uploads\/2023\/09\/WEB_portada_huidobro.700x532-1.jpg\",\"datePublished\":\"2023-01-12T00:23:00+00:00\",\"dateModified\":\"2023-11-14T12:36:54+00:00\",\"author\":{\"@id\":\"https:\/\/fadeu.urantiacos.cl\/en\/#\/schema\/person\/d203e2e84b1c40275eac77b3061a19a2\"},\"description\":\"El pasado lunes 9 de enero fue inaugurada oficialmente la sala Vicente Huidobro, espacio ubicado en casa central de la Pontificia Universidad Cat\u00f3lica, dise\u00f1ado por el De cano de la Facultad de Arquitectura, Dise\u00f1o y Estudios Urbanos, Mario Ubilla, concebido como un lugar para acercar la obra del trascendental poeta chileno al p\u00fablico, con un enfoque interactivo.\",\"breadcrumb\":{\"@id\":\"https:\/\/fadeu.urantiacos.cl\/en\/2023\/01\/11\/sala-vicente-huidobro-disenada-por-el-decano-mario-ubilla-abre-sus-puertas-al-publico-en-la-uc\/#breadcrumb\"},\"inLanguage\":\"en-US\",\"potentialAction\":[{\"@type\":\"ReadAction\",\"target\":[\"https:\/\/fadeu.urantiacos.cl\/en\/2023\/01\/11\/sala-vicente-huidobro-disenada-por-el-decano-mario-ubilla-abre-sus-puertas-al-publico-en-la-uc\/\"]}]},{\"@type\":\"ImageObject\",\"inLanguage\":\"en-US\",\"@id\":\"https:\/\/fadeu.urantiacos.cl\/en\/2023\/01\/11\/sala-vicente-huidobro-disenada-por-el-decano-mario-ubilla-abre-sus-puertas-al-publico-en-la-uc\/#primaryimage\",\"url\":\"https:\/\/fadeu.urantiacos.cl\/wp-content\/uploads\/2023\/09\/WEB_portada_huidobro.700x532-1.jpg\",\"contentUrl\":\"https:\/\/fadeu.urantiacos.cl\/wp-content\/uploads\/2023\/09\/WEB_portada_huidobro.700x532-1.jpg\",\"width\":350,\"height\":250},{\"@type\":\"BreadcrumbList\",\"@id\":\"https:\/\/fadeu.urantiacos.cl\/en\/2023\/01\/11\/sala-vicente-huidobro-disenada-por-el-decano-mario-ubilla-abre-sus-puertas-al-publico-en-la-uc\/#breadcrumb\",\"itemListElement\":[{\"@type\":\"ListItem\",\"position\":1,\"name\":\"Portada\",\"item\":\"https:\/\/fadeu.urantiacos.cl\/en\/\"},{\"@type\":\"ListItem\",\"position\":2,\"name\":\"Sala Vicente Huidobro, dise\u00f1ada por el Decano Mario Ubilla, abre sus puertas al p\u00fablico en la UC\"}]},{\"@type\":\"WebSite\",\"@id\":\"https:\/\/fadeu.urantiacos.cl\/en\/#website\",\"url\":\"https:\/\/fadeu.urantiacos.cl\/en\/\",\"name\":\"Facultad de Arquitectura, Dise\u00f1o y Estudios Urbanos\",\"description\":\"Campus Lo Contador\",\"potentialAction\":[{\"@type\":\"SearchAction\",\"target\":{\"@type\":\"EntryPoint\",\"urlTemplate\":\"https:\/\/fadeu.urantiacos.cl\/en\/?s={search_term_string}\"},\"query-input\":{\"@type\":\"PropertyValueSpecification\",\"valueRequired\":true,\"valueName\":\"search_term_string\"}}],\"inLanguage\":\"en-US\"},{\"@type\":\"Person\",\"@id\":\"https:\/\/fadeu.urantiacos.cl\/en\/#\/schema\/person\/d203e2e84b1c40275eac77b3061a19a2\",\"name\":\"manadmin\",\"image\":{\"@type\":\"ImageObject\",\"inLanguage\":\"en-US\",\"@id\":\"https:\/\/fadeu.urantiacos.cl\/en\/#\/schema\/person\/image\/\",\"url\":\"https:\/\/secure.gravatar.com\/avatar\/4b1d8e3303b4a9d8968ac578947d8bc80d9aea359f388cdd4aac15cadc0e8447?s=96&d=mm&r=g\",\"contentUrl\":\"https:\/\/secure.gravatar.com\/avatar\/4b1d8e3303b4a9d8968ac578947d8bc80d9aea359f388cdd4aac15cadc0e8447?s=96&d=mm&r=g\",\"caption\":\"manadmin\"},\"sameAs\":[\"https:\/\/fadeu.urantiacos.cl\"]}]}<\/script>\n<!-- \/ Yoast SEO plugin. -->","yoast_head_json":{"title":"Sala Vicente Huidobro, dise\u00f1ada por el Decano Mario Ubilla, abre sus puertas al p\u00fablico en la UC - Facultad de Arquitectura, Dise\u00f1o y Estudios Urbanos","description":"El pasado lunes 9 de enero fue inaugurada oficialmente la sala Vicente Huidobro, espacio ubicado en casa central de la Pontificia Universidad Cat\u00f3lica, dise\u00f1ado por el De cano de la Facultad de Arquitectura, Dise\u00f1o y Estudios Urbanos, Mario Ubilla, concebido como un lugar para acercar la obra del trascendental poeta chileno al p\u00fablico, con un enfoque interactivo.","robots":{"index":"index","follow":"follow","max-snippet":"max-snippet:-1","max-image-preview":"max-image-preview:large","max-video-preview":"max-video-preview:-1"},"canonical":"https:\/\/fadeu.urantiacos.cl\/en\/2023\/01\/11\/sala-vicente-huidobro-disenada-por-el-decano-mario-ubilla-abre-sus-puertas-al-publico-en-la-uc\/","og_locale":"en_US","og_type":"article","og_title":"Sala Vicente Huidobro, dise\u00f1ada por el Decano Mario Ubilla, abre sus puertas al p\u00fablico en la UC - Facultad de Arquitectura, Dise\u00f1o y Estudios Urbanos","og_description":"El pasado lunes 9 de enero fue inaugurada oficialmente la sala Vicente Huidobro, espacio ubicado en casa central de la Pontificia Universidad Cat\u00f3lica, dise\u00f1ado por el De cano de la Facultad de Arquitectura, Dise\u00f1o y Estudios Urbanos, Mario Ubilla, concebido como un lugar para acercar la obra del trascendental poeta chileno al p\u00fablico, con un enfoque interactivo.","og_url":"https:\/\/fadeu.urantiacos.cl\/en\/2023\/01\/11\/sala-vicente-huidobro-disenada-por-el-decano-mario-ubilla-abre-sus-puertas-al-publico-en-la-uc\/","og_site_name":"Facultad de Arquitectura, Dise\u00f1o y Estudios Urbanos","article_published_time":"2023-01-12T00:23:00+00:00","article_modified_time":"2023-11-14T12:36:54+00:00","og_image":[{"width":350,"height":250,"url":"https:\/\/fadeu.urantiacos.cl\/wp-content\/uploads\/2023\/09\/WEB_portada_huidobro.700x532-1.jpg","type":"image\/jpeg"}],"author":"manadmin","twitter_card":"summary_large_image","twitter_misc":{"Written by":"manadmin"},"schema":{"@context":"https:\/\/schema.org","@graph":[{"@type":"Article","@id":"https:\/\/fadeu.urantiacos.cl\/en\/2023\/01\/11\/sala-vicente-huidobro-disenada-por-el-decano-mario-ubilla-abre-sus-puertas-al-publico-en-la-uc\/#article","isPartOf":{"@id":"https:\/\/fadeu.urantiacos.cl\/en\/2023\/01\/11\/sala-vicente-huidobro-disenada-por-el-decano-mario-ubilla-abre-sus-puertas-al-publico-en-la-uc\/"},"author":{"name":"manadmin","@id":"https:\/\/fadeu.urantiacos.cl\/en\/#\/schema\/person\/d203e2e84b1c40275eac77b3061a19a2"},"headline":"Sala Vicente Huidobro, dise\u00f1ada por el Decano Mario Ubilla, abre sus puertas al p\u00fablico en la UC","datePublished":"2023-01-12T00:23:00+00:00","dateModified":"2023-11-14T12:36:54+00:00","mainEntityOfPage":{"@id":"https:\/\/fadeu.urantiacos.cl\/en\/2023\/01\/11\/sala-vicente-huidobro-disenada-por-el-decano-mario-ubilla-abre-sus-puertas-al-publico-en-la-uc\/"},"wordCount":598,"commentCount":0,"image":{"@id":"https:\/\/fadeu.urantiacos.cl\/en\/2023\/01\/11\/sala-vicente-huidobro-disenada-por-el-decano-mario-ubilla-abre-sus-puertas-al-publico-en-la-uc\/#primaryimage"},"thumbnailUrl":"https:\/\/fadeu.urantiacos.cl\/wp-content\/uploads\/2023\/09\/WEB_portada_huidobro.700x532-1.jpg","articleSection":["Sin categorizar"],"inLanguage":"en-US","potentialAction":[{"@type":"CommentAction","name":"Comment","target":["https:\/\/fadeu.urantiacos.cl\/en\/2023\/01\/11\/sala-vicente-huidobro-disenada-por-el-decano-mario-ubilla-abre-sus-puertas-al-publico-en-la-uc\/#respond"]}]},{"@type":"WebPage","@id":"https:\/\/fadeu.urantiacos.cl\/en\/2023\/01\/11\/sala-vicente-huidobro-disenada-por-el-decano-mario-ubilla-abre-sus-puertas-al-publico-en-la-uc\/","url":"https:\/\/fadeu.urantiacos.cl\/en\/2023\/01\/11\/sala-vicente-huidobro-disenada-por-el-decano-mario-ubilla-abre-sus-puertas-al-publico-en-la-uc\/","name":"Sala Vicente Huidobro, dise\u00f1ada por el Decano Mario Ubilla, abre sus puertas al p\u00fablico en la UC - Facultad de Arquitectura, Dise\u00f1o y Estudios Urbanos","isPartOf":{"@id":"https:\/\/fadeu.urantiacos.cl\/en\/#website"},"primaryImageOfPage":{"@id":"https:\/\/fadeu.urantiacos.cl\/en\/2023\/01\/11\/sala-vicente-huidobro-disenada-por-el-decano-mario-ubilla-abre-sus-puertas-al-publico-en-la-uc\/#primaryimage"},"image":{"@id":"https:\/\/fadeu.urantiacos.cl\/en\/2023\/01\/11\/sala-vicente-huidobro-disenada-por-el-decano-mario-ubilla-abre-sus-puertas-al-publico-en-la-uc\/#primaryimage"},"thumbnailUrl":"https:\/\/fadeu.urantiacos.cl\/wp-content\/uploads\/2023\/09\/WEB_portada_huidobro.700x532-1.jpg","datePublished":"2023-01-12T00:23:00+00:00","dateModified":"2023-11-14T12:36:54+00:00","author":{"@id":"https:\/\/fadeu.urantiacos.cl\/en\/#\/schema\/person\/d203e2e84b1c40275eac77b3061a19a2"},"description":"El pasado lunes 9 de enero fue inaugurada oficialmente la sala Vicente Huidobro, espacio ubicado en casa central de la Pontificia Universidad Cat\u00f3lica, dise\u00f1ado por el De cano de la Facultad de Arquitectura, Dise\u00f1o y Estudios Urbanos, Mario Ubilla, concebido como un lugar para acercar la obra del trascendental poeta chileno al p\u00fablico, con un enfoque interactivo.","breadcrumb":{"@id":"https:\/\/fadeu.urantiacos.cl\/en\/2023\/01\/11\/sala-vicente-huidobro-disenada-por-el-decano-mario-ubilla-abre-sus-puertas-al-publico-en-la-uc\/#breadcrumb"},"inLanguage":"en-US","potentialAction":[{"@type":"ReadAction","target":["https:\/\/fadeu.urantiacos.cl\/en\/2023\/01\/11\/sala-vicente-huidobro-disenada-por-el-decano-mario-ubilla-abre-sus-puertas-al-publico-en-la-uc\/"]}]},{"@type":"ImageObject","inLanguage":"en-US","@id":"https:\/\/fadeu.urantiacos.cl\/en\/2023\/01\/11\/sala-vicente-huidobro-disenada-por-el-decano-mario-ubilla-abre-sus-puertas-al-publico-en-la-uc\/#primaryimage","url":"https:\/\/fadeu.urantiacos.cl\/wp-content\/uploads\/2023\/09\/WEB_portada_huidobro.700x532-1.jpg","contentUrl":"https:\/\/fadeu.urantiacos.cl\/wp-content\/uploads\/2023\/09\/WEB_portada_huidobro.700x532-1.jpg","width":350,"height":250},{"@type":"BreadcrumbList","@id":"https:\/\/fadeu.urantiacos.cl\/en\/2023\/01\/11\/sala-vicente-huidobro-disenada-por-el-decano-mario-ubilla-abre-sus-puertas-al-publico-en-la-uc\/#breadcrumb","itemListElement":[{"@type":"ListItem","position":1,"name":"Portada","item":"https:\/\/fadeu.urantiacos.cl\/en\/"},{"@type":"ListItem","position":2,"name":"Sala Vicente Huidobro, dise\u00f1ada por el Decano Mario Ubilla, abre sus puertas al p\u00fablico en la UC"}]},{"@type":"WebSite","@id":"https:\/\/fadeu.urantiacos.cl\/en\/#website","url":"https:\/\/fadeu.urantiacos.cl\/en\/","name":"Facultad de Arquitectura, Dise\u00f1o y Estudios Urbanos","description":"Campus Lo Contador","potentialAction":[{"@type":"SearchAction","target":{"@type":"EntryPoint","urlTemplate":"https:\/\/fadeu.urantiacos.cl\/en\/?s={search_term_string}"},"query-input":{"@type":"PropertyValueSpecification","valueRequired":true,"valueName":"search_term_string"}}],"inLanguage":"en-US"},{"@type":"Person","@id":"https:\/\/fadeu.urantiacos.cl\/en\/#\/schema\/person\/d203e2e84b1c40275eac77b3061a19a2","name":"manadmin","image":{"@type":"ImageObject","inLanguage":"en-US","@id":"https:\/\/fadeu.urantiacos.cl\/en\/#\/schema\/person\/image\/","url":"https:\/\/secure.gravatar.com\/avatar\/4b1d8e3303b4a9d8968ac578947d8bc80d9aea359f388cdd4aac15cadc0e8447?s=96&d=mm&r=g","contentUrl":"https:\/\/secure.gravatar.com\/avatar\/4b1d8e3303b4a9d8968ac578947d8bc80d9aea359f388cdd4aac15cadc0e8447?s=96&d=mm&r=g","caption":"manadmin"},"sameAs":["https:\/\/fadeu.urantiacos.cl"]}]}},"_links":{"self":[{"href":"https:\/\/fadeu.urantiacos.cl\/en\/wp-json\/wp\/v2\/posts\/3356","targetHints":{"allow":["GET"]}}],"collection":[{"href":"https:\/\/fadeu.urantiacos.cl\/en\/wp-json\/wp\/v2\/posts"}],"about":[{"href":"https:\/\/fadeu.urantiacos.cl\/en\/wp-json\/wp\/v2\/types\/post"}],"author":[{"embeddable":true,"href":"https:\/\/fadeu.urantiacos.cl\/en\/wp-json\/wp\/v2\/users\/1"}],"replies":[{"embeddable":true,"href":"https:\/\/fadeu.urantiacos.cl\/en\/wp-json\/wp\/v2\/comments?post=3356"}],"version-history":[{"count":2,"href":"https:\/\/fadeu.urantiacos.cl\/en\/wp-json\/wp\/v2\/posts\/3356\/revisions"}],"predecessor-version":[{"id":18074,"href":"https:\/\/fadeu.urantiacos.cl\/en\/wp-json\/wp\/v2\/posts\/3356\/revisions\/18074"}],"wp:featuredmedia":[{"embeddable":true,"href":"https:\/\/fadeu.urantiacos.cl\/en\/wp-json\/wp\/v2\/media\/3364"}],"wp:attachment":[{"href":"https:\/\/fadeu.urantiacos.cl\/en\/wp-json\/wp\/v2\/media?parent=3356"}],"wp:term":[{"taxonomy":"category","embeddable":true,"href":"https:\/\/fadeu.urantiacos.cl\/en\/wp-json\/wp\/v2\/categories?post=3356"},{"taxonomy":"post_tag","embeddable":true,"href":"https:\/\/fadeu.urantiacos.cl\/en\/wp-json\/wp\/v2\/tags?post=3356"}],"curies":[{"name":"wp","href":"https:\/\/api.w.org\/{rel}","templated":true}]}}