{"id":2504,"date":"2023-05-22T17:13:00","date_gmt":"2023-05-22T20:13:00","guid":{"rendered":"https:\/\/fadeu.urantiacos.cl\/?p=2504"},"modified":"2023-08-31T17:16:53","modified_gmt":"2023-08-31T20:16:53","slug":"felipe-encinas-participo-en-conversatorio-sobre-ciudad-y-crisis-de-la-udla","status":"publish","type":"post","link":"https:\/\/fadeu.urantiacos.cl\/en\/2023\/05\/22\/felipe-encinas-participo-en-conversatorio-sobre-ciudad-y-crisis-de-la-udla\/","title":{"rendered":"Felipe Encinas particip\u00f3 en conversatorio sobre ciudad y crisis de la UDLA"},"content":{"rendered":"\n<figure class=\"wp-block-image size-full\"><img decoding=\"async\" width=\"350\" height=\"250\" src=\"https:\/\/fadeu.urantiacos.cl\/wp-content\/uploads\/2023\/08\/web_WhatsApp_Image_2023-05-19_at_11.13.09.jpg\" alt=\"\" class=\"wp-image-2505\" srcset=\"https:\/\/fadeu.urantiacos.cl\/wp-content\/uploads\/2023\/08\/web_WhatsApp_Image_2023-05-19_at_11.13.09.jpg 350w, https:\/\/fadeu.urantiacos.cl\/wp-content\/uploads\/2023\/08\/web_WhatsApp_Image_2023-05-19_at_11.13.09-300x214.jpg 300w\" sizes=\"(max-width: 350px) 100vw, 350px\" \/><\/figure>\n\n\n\n<p>Bajo el t\u00edtulo &#8220;Ciudad en crisis. Cr\u00edtica en crisis&#8221;, el evento organizado por la Facultad de Arquitectura, Animaci\u00f3n, Dise\u00f1o y Centro Producci\u00f3n de Espacio por la Universidad de las Am\u00e9ricas (UDLA) profundiz\u00f3 en la idea del estancamiento de la cr\u00edtica ante la crisis de la ciudad, donde los argumentos se volver\u00edan repetitivos frente a diagn\u00f3sticos conocidos, quedando las respuestas en espera. As\u00ed, el llamado fue a no abandonar la imaginaci\u00f3n como instrumento cr\u00edtico, en un contexto donde otros escenarios posibles escasean.<\/p>\n\n\n\n<p>El encuentro \u2014moderado por el acad\u00e9mico UDLA Francisco Vergara\u2014 cont\u00f3 con la participaci\u00f3n del arquitecto y urbanista italiano Camillo Boano junto al profesor de Geograf\u00eda UC y Premio Nacional de Geograf\u00eda 2014 Rodrigo Hidalgo, la acad\u00e9mica UDLA Linda Schilling y el profesor ARQ UC y secretario acad\u00e9mico FADEU UC Felipe Encinas, quienes fueron invitados a conversar sobre esta crisis a partir de dos preguntas: \u00bfC\u00f3mo la cr\u00edtica puede aportar a evitar el colapso planetario que producir\u00e1n las crisis en curso? Y \u00bfc\u00f3mo evaluar la \u00e9tica de la cr\u00edtica frente a la crisis planetaria?<\/p>\n\n\n\n<p>Bas\u00e1ndose en ideas del fil\u00f3sofo franc\u00e9s Bruno Latour, el profesor ARQ UC estim\u00f3 como necesario primero entender que el mismo concepto de \u201ccrisis\u201d puede ser cuestionado: por ejemplo, en el caso de la pandemia de Covid-19, la crisis se volvi\u00f3 un estado permanente. De todas formas, explic\u00f3 que, en caso de aceptar la noci\u00f3n de crisis, esta ser\u00eda m\u00e1s bien una crisis epist\u00e9mica, de sentido, que estar\u00eda resignificando un proyecto hist\u00f3rico. Con estas premisas en mente, el acad\u00e9mico de nuestra escuela plante\u00f3 durante el debate una cr\u00edtica al concepto de \u201carquitectura sustentable\u201d, por cuanto la aproximaci\u00f3n habitual es funcional al modelo de crecimiento imperante \u2013basado en la producci\u00f3n y el consumo\u2013 que representar\u00eda el germen mismo de la crisis clim\u00e1tica y ambiental.<\/p>\n\n\n\n<p>El conversatorio, realizado el 17 de mayo, tuvo como lugar el Sal\u00f3n Negro de la Escuela de Arquitectura UDLA en el Campus Providencia.<\/p>\n\n\n\n<p>Ver m\u00e1s en el siguiente&nbsp;<a href=\"https:\/\/agendavcm.udla.cl\/2023\/05\/10\/ciudades-en-crisis-critica-en-crisis\/\" target=\"_blank\" rel=\"noreferrer noopener\">enlace<\/a>&nbsp;<\/p>\n\n\n\n<figure class=\"wp-block-image size-large\"><img decoding=\"async\" width=\"1024\" height=\"1012\" src=\"https:\/\/fadeu.urantiacos.cl\/wp-content\/uploads\/2023\/08\/WhatsApp_Image_2023-05-19_at_11.13.09-1024x1012.jpeg\" alt=\"\" class=\"wp-image-2506\" srcset=\"https:\/\/fadeu.urantiacos.cl\/wp-content\/uploads\/2023\/08\/WhatsApp_Image_2023-05-19_at_11.13.09-1024x1012.jpeg 1024w, https:\/\/fadeu.urantiacos.cl\/wp-content\/uploads\/2023\/08\/WhatsApp_Image_2023-05-19_at_11.13.09-300x297.jpeg 300w, https:\/\/fadeu.urantiacos.cl\/wp-content\/uploads\/2023\/08\/WhatsApp_Image_2023-05-19_at_11.13.09-768x759.jpeg 768w, https:\/\/fadeu.urantiacos.cl\/wp-content\/uploads\/2023\/08\/WhatsApp_Image_2023-05-19_at_11.13.09-1536x1519.jpeg 1536w, https:\/\/fadeu.urantiacos.cl\/wp-content\/uploads\/2023\/08\/WhatsApp_Image_2023-05-19_at_11.13.09.jpeg 1214w\" sizes=\"(max-width: 1024px) 100vw, 1024px\" \/><\/figure>\n\n\n\n<p>Noticias<br>Contacto:&nbsp;<a href=\"mailto:redesarq@uc.cl\">redesarq@uc.cl<\/a>&nbsp;| +56 2 2354 7747<br>www.arquitectura.uc.cl&nbsp;<\/p>\n","protected":false},"excerpt":{"rendered":"<p>El profesor ARQ UC y secretario acad\u00e9mico FADEU UC fue uno de los panelistas de &#8220;Ciudad en crisis. Cr\u00edtica en crisis&#8221;, evento organizado por la Universidad de las Am\u00e9ricas (UDLA) que tuvo tambi\u00e9n como invitados al arquitecto y urbanista italiano Camillo Boano, al profesor de Geograf\u00eda UC Rodrigo Hidalgo y a la acad\u00e9mica UDLA Linda Schilling.<\/p>\n","protected":false},"author":1,"featured_media":2507,"comment_status":"open","ping_status":"open","sticky":false,"template":"","format":"standard","meta":{"_acf_changed":false,"footnotes":""},"categories":[1],"tags":[],"class_list":["post-2504","post","type-post","status-publish","format-standard","has-post-thumbnail","hentry","category-sin-categorizar"],"acf":[],"yoast_head":"<!-- This site is optimized with the Yoast SEO plugin v27.1.1 - https:\/\/yoast.com\/product\/yoast-seo-wordpress\/ -->\n<title>Felipe Encinas particip\u00f3 en conversatorio sobre ciudad y crisis de la UDLA - Facultad de Arquitectura, Dise\u00f1o y Estudios Urbanos<\/title>\n<meta name=\"description\" content=\"El profesor ARQ UC y secretario acad\u00e9mico FADEU UC fue uno de los panelistas de &quot;Ciudad en crisis. Cr\u00edtica en crisis&quot;, evento organizado por la Universidad de las Am\u00e9ricas (UDLA) que tuvo tambi\u00e9n como invitados al arquitecto y urbanista italiano Camillo Boano, al profesor de Geograf\u00eda UC Rodrigo Hidalgo y a la acad\u00e9mica UDLA Linda Schilling.\" \/>\n<meta name=\"robots\" content=\"index, follow, max-snippet:-1, max-image-preview:large, max-video-preview:-1\" \/>\n<link rel=\"canonical\" href=\"https:\/\/fadeu.urantiacos.cl\/en\/2023\/05\/22\/felipe-encinas-participo-en-conversatorio-sobre-ciudad-y-crisis-de-la-udla\/\" \/>\n<meta property=\"og:locale\" content=\"en_US\" \/>\n<meta property=\"og:type\" content=\"article\" \/>\n<meta property=\"og:title\" content=\"Felipe Encinas particip\u00f3 en conversatorio sobre ciudad y crisis de la UDLA - Facultad de Arquitectura, Dise\u00f1o y Estudios Urbanos\" \/>\n<meta property=\"og:description\" content=\"El profesor ARQ UC y secretario acad\u00e9mico FADEU UC fue uno de los panelistas de &quot;Ciudad en crisis. Cr\u00edtica en crisis&quot;, evento organizado por la Universidad de las Am\u00e9ricas (UDLA) que tuvo tambi\u00e9n como invitados al arquitecto y urbanista italiano Camillo Boano, al profesor de Geograf\u00eda UC Rodrigo Hidalgo y a la acad\u00e9mica UDLA Linda Schilling.\" \/>\n<meta property=\"og:url\" content=\"https:\/\/fadeu.urantiacos.cl\/en\/2023\/05\/22\/felipe-encinas-participo-en-conversatorio-sobre-ciudad-y-crisis-de-la-udla\/\" \/>\n<meta property=\"og:site_name\" content=\"Facultad de Arquitectura, Dise\u00f1o y Estudios Urbanos\" \/>\n<meta property=\"article:published_time\" content=\"2023-05-22T20:13:00+00:00\" \/>\n<meta property=\"article:modified_time\" content=\"2023-08-31T20:16:53+00:00\" \/>\n<meta property=\"og:image\" content=\"https:\/\/fadeu.urantiacos.cl\/wp-content\/uploads\/2023\/08\/web_WhatsApp_Image_2023-05-19_at_11.13.09-1.jpg\" \/>\n\t<meta property=\"og:image:width\" content=\"350\" \/>\n\t<meta property=\"og:image:height\" content=\"250\" \/>\n\t<meta property=\"og:image:type\" content=\"image\/jpeg\" \/>\n<meta name=\"author\" content=\"manadmin\" \/>\n<meta name=\"twitter:card\" content=\"summary_large_image\" \/>\n<meta name=\"twitter:label1\" content=\"Written by\" \/>\n\t<meta name=\"twitter:data1\" content=\"manadmin\" \/>\n\t<meta name=\"twitter:label2\" content=\"Est. reading time\" \/>\n\t<meta name=\"twitter:data2\" content=\"2 minutes\" \/>\n<script type=\"application\/ld+json\" class=\"yoast-schema-graph\">{\"@context\":\"https:\/\/schema.org\",\"@graph\":[{\"@type\":\"Article\",\"@id\":\"https:\/\/fadeu.urantiacos.cl\/en\/2023\/05\/22\/felipe-encinas-participo-en-conversatorio-sobre-ciudad-y-crisis-de-la-udla\/#article\",\"isPartOf\":{\"@id\":\"https:\/\/fadeu.urantiacos.cl\/en\/2023\/05\/22\/felipe-encinas-participo-en-conversatorio-sobre-ciudad-y-crisis-de-la-udla\/\"},\"author\":{\"name\":\"manadmin\",\"@id\":\"https:\/\/fadeu.urantiacos.cl\/en\/#\/schema\/person\/d203e2e84b1c40275eac77b3061a19a2\"},\"headline\":\"Felipe Encinas particip\u00f3 en conversatorio sobre ciudad y crisis de la UDLA\",\"datePublished\":\"2023-05-22T20:13:00+00:00\",\"dateModified\":\"2023-08-31T20:16:53+00:00\",\"mainEntityOfPage\":{\"@id\":\"https:\/\/fadeu.urantiacos.cl\/en\/2023\/05\/22\/felipe-encinas-participo-en-conversatorio-sobre-ciudad-y-crisis-de-la-udla\/\"},\"wordCount\":387,\"commentCount\":0,\"image\":{\"@id\":\"https:\/\/fadeu.urantiacos.cl\/en\/2023\/05\/22\/felipe-encinas-participo-en-conversatorio-sobre-ciudad-y-crisis-de-la-udla\/#primaryimage\"},\"thumbnailUrl\":\"https:\/\/fadeu.urantiacos.cl\/wp-content\/uploads\/2023\/08\/web_WhatsApp_Image_2023-05-19_at_11.13.09-1.jpg\",\"articleSection\":[\"Sin categorizar\"],\"inLanguage\":\"en-US\",\"potentialAction\":[{\"@type\":\"CommentAction\",\"name\":\"Comment\",\"target\":[\"https:\/\/fadeu.urantiacos.cl\/en\/2023\/05\/22\/felipe-encinas-participo-en-conversatorio-sobre-ciudad-y-crisis-de-la-udla\/#respond\"]}]},{\"@type\":\"WebPage\",\"@id\":\"https:\/\/fadeu.urantiacos.cl\/en\/2023\/05\/22\/felipe-encinas-participo-en-conversatorio-sobre-ciudad-y-crisis-de-la-udla\/\",\"url\":\"https:\/\/fadeu.urantiacos.cl\/en\/2023\/05\/22\/felipe-encinas-participo-en-conversatorio-sobre-ciudad-y-crisis-de-la-udla\/\",\"name\":\"Felipe Encinas particip\u00f3 en conversatorio sobre ciudad y crisis de la UDLA - Facultad de Arquitectura, Dise\u00f1o y Estudios Urbanos\",\"isPartOf\":{\"@id\":\"https:\/\/fadeu.urantiacos.cl\/en\/#website\"},\"primaryImageOfPage\":{\"@id\":\"https:\/\/fadeu.urantiacos.cl\/en\/2023\/05\/22\/felipe-encinas-participo-en-conversatorio-sobre-ciudad-y-crisis-de-la-udla\/#primaryimage\"},\"image\":{\"@id\":\"https:\/\/fadeu.urantiacos.cl\/en\/2023\/05\/22\/felipe-encinas-participo-en-conversatorio-sobre-ciudad-y-crisis-de-la-udla\/#primaryimage\"},\"thumbnailUrl\":\"https:\/\/fadeu.urantiacos.cl\/wp-content\/uploads\/2023\/08\/web_WhatsApp_Image_2023-05-19_at_11.13.09-1.jpg\",\"datePublished\":\"2023-05-22T20:13:00+00:00\",\"dateModified\":\"2023-08-31T20:16:53+00:00\",\"author\":{\"@id\":\"https:\/\/fadeu.urantiacos.cl\/en\/#\/schema\/person\/d203e2e84b1c40275eac77b3061a19a2\"},\"description\":\"El profesor ARQ UC y secretario acad\u00e9mico FADEU UC fue uno de los panelistas de \\\"Ciudad en crisis. Cr\u00edtica en crisis\\\", evento organizado por la Universidad de las Am\u00e9ricas (UDLA) que tuvo tambi\u00e9n como invitados al arquitecto y urbanista italiano Camillo Boano, al profesor de Geograf\u00eda UC Rodrigo Hidalgo y a la acad\u00e9mica UDLA Linda Schilling.\",\"breadcrumb\":{\"@id\":\"https:\/\/fadeu.urantiacos.cl\/en\/2023\/05\/22\/felipe-encinas-participo-en-conversatorio-sobre-ciudad-y-crisis-de-la-udla\/#breadcrumb\"},\"inLanguage\":\"en-US\",\"potentialAction\":[{\"@type\":\"ReadAction\",\"target\":[\"https:\/\/fadeu.urantiacos.cl\/en\/2023\/05\/22\/felipe-encinas-participo-en-conversatorio-sobre-ciudad-y-crisis-de-la-udla\/\"]}]},{\"@type\":\"ImageObject\",\"inLanguage\":\"en-US\",\"@id\":\"https:\/\/fadeu.urantiacos.cl\/en\/2023\/05\/22\/felipe-encinas-participo-en-conversatorio-sobre-ciudad-y-crisis-de-la-udla\/#primaryimage\",\"url\":\"https:\/\/fadeu.urantiacos.cl\/wp-content\/uploads\/2023\/08\/web_WhatsApp_Image_2023-05-19_at_11.13.09-1.jpg\",\"contentUrl\":\"https:\/\/fadeu.urantiacos.cl\/wp-content\/uploads\/2023\/08\/web_WhatsApp_Image_2023-05-19_at_11.13.09-1.jpg\",\"width\":350,\"height\":250},{\"@type\":\"BreadcrumbList\",\"@id\":\"https:\/\/fadeu.urantiacos.cl\/en\/2023\/05\/22\/felipe-encinas-participo-en-conversatorio-sobre-ciudad-y-crisis-de-la-udla\/#breadcrumb\",\"itemListElement\":[{\"@type\":\"ListItem\",\"position\":1,\"name\":\"Portada\",\"item\":\"https:\/\/fadeu.urantiacos.cl\/en\/\"},{\"@type\":\"ListItem\",\"position\":2,\"name\":\"Felipe Encinas particip\u00f3 en conversatorio sobre ciudad y crisis de la UDLA\"}]},{\"@type\":\"WebSite\",\"@id\":\"https:\/\/fadeu.urantiacos.cl\/en\/#website\",\"url\":\"https:\/\/fadeu.urantiacos.cl\/en\/\",\"name\":\"Facultad de Arquitectura, Dise\u00f1o y Estudios Urbanos\",\"description\":\"Campus Lo Contador\",\"potentialAction\":[{\"@type\":\"SearchAction\",\"target\":{\"@type\":\"EntryPoint\",\"urlTemplate\":\"https:\/\/fadeu.urantiacos.cl\/en\/?s={search_term_string}\"},\"query-input\":{\"@type\":\"PropertyValueSpecification\",\"valueRequired\":true,\"valueName\":\"search_term_string\"}}],\"inLanguage\":\"en-US\"},{\"@type\":\"Person\",\"@id\":\"https:\/\/fadeu.urantiacos.cl\/en\/#\/schema\/person\/d203e2e84b1c40275eac77b3061a19a2\",\"name\":\"manadmin\",\"image\":{\"@type\":\"ImageObject\",\"inLanguage\":\"en-US\",\"@id\":\"https:\/\/fadeu.urantiacos.cl\/en\/#\/schema\/person\/image\/\",\"url\":\"https:\/\/secure.gravatar.com\/avatar\/4b1d8e3303b4a9d8968ac578947d8bc80d9aea359f388cdd4aac15cadc0e8447?s=96&d=mm&r=g\",\"contentUrl\":\"https:\/\/secure.gravatar.com\/avatar\/4b1d8e3303b4a9d8968ac578947d8bc80d9aea359f388cdd4aac15cadc0e8447?s=96&d=mm&r=g\",\"caption\":\"manadmin\"},\"sameAs\":[\"https:\/\/fadeu.urantiacos.cl\"]}]}<\/script>\n<!-- \/ Yoast SEO plugin. -->","yoast_head_json":{"title":"Felipe Encinas particip\u00f3 en conversatorio sobre ciudad y crisis de la UDLA - Facultad de Arquitectura, Dise\u00f1o y Estudios Urbanos","description":"El profesor ARQ UC y secretario acad\u00e9mico FADEU UC fue uno de los panelistas de \"Ciudad en crisis. Cr\u00edtica en crisis\", evento organizado por la Universidad de las Am\u00e9ricas (UDLA) que tuvo tambi\u00e9n como invitados al arquitecto y urbanista italiano Camillo Boano, al profesor de Geograf\u00eda UC Rodrigo Hidalgo y a la acad\u00e9mica UDLA Linda Schilling.","robots":{"index":"index","follow":"follow","max-snippet":"max-snippet:-1","max-image-preview":"max-image-preview:large","max-video-preview":"max-video-preview:-1"},"canonical":"https:\/\/fadeu.urantiacos.cl\/en\/2023\/05\/22\/felipe-encinas-participo-en-conversatorio-sobre-ciudad-y-crisis-de-la-udla\/","og_locale":"en_US","og_type":"article","og_title":"Felipe Encinas particip\u00f3 en conversatorio sobre ciudad y crisis de la UDLA - Facultad de Arquitectura, Dise\u00f1o y Estudios Urbanos","og_description":"El profesor ARQ UC y secretario acad\u00e9mico FADEU UC fue uno de los panelistas de \"Ciudad en crisis. Cr\u00edtica en crisis\", evento organizado por la Universidad de las Am\u00e9ricas (UDLA) que tuvo tambi\u00e9n como invitados al arquitecto y urbanista italiano Camillo Boano, al profesor de Geograf\u00eda UC Rodrigo Hidalgo y a la acad\u00e9mica UDLA Linda Schilling.","og_url":"https:\/\/fadeu.urantiacos.cl\/en\/2023\/05\/22\/felipe-encinas-participo-en-conversatorio-sobre-ciudad-y-crisis-de-la-udla\/","og_site_name":"Facultad de Arquitectura, Dise\u00f1o y Estudios Urbanos","article_published_time":"2023-05-22T20:13:00+00:00","article_modified_time":"2023-08-31T20:16:53+00:00","og_image":[{"width":350,"height":250,"url":"https:\/\/fadeu.urantiacos.cl\/wp-content\/uploads\/2023\/08\/web_WhatsApp_Image_2023-05-19_at_11.13.09-1.jpg","type":"image\/jpeg"}],"author":"manadmin","twitter_card":"summary_large_image","twitter_misc":{"Written by":"manadmin","Est. reading time":"2 minutes"},"schema":{"@context":"https:\/\/schema.org","@graph":[{"@type":"Article","@id":"https:\/\/fadeu.urantiacos.cl\/en\/2023\/05\/22\/felipe-encinas-participo-en-conversatorio-sobre-ciudad-y-crisis-de-la-udla\/#article","isPartOf":{"@id":"https:\/\/fadeu.urantiacos.cl\/en\/2023\/05\/22\/felipe-encinas-participo-en-conversatorio-sobre-ciudad-y-crisis-de-la-udla\/"},"author":{"name":"manadmin","@id":"https:\/\/fadeu.urantiacos.cl\/en\/#\/schema\/person\/d203e2e84b1c40275eac77b3061a19a2"},"headline":"Felipe Encinas particip\u00f3 en conversatorio sobre ciudad y crisis de la UDLA","datePublished":"2023-05-22T20:13:00+00:00","dateModified":"2023-08-31T20:16:53+00:00","mainEntityOfPage":{"@id":"https:\/\/fadeu.urantiacos.cl\/en\/2023\/05\/22\/felipe-encinas-participo-en-conversatorio-sobre-ciudad-y-crisis-de-la-udla\/"},"wordCount":387,"commentCount":0,"image":{"@id":"https:\/\/fadeu.urantiacos.cl\/en\/2023\/05\/22\/felipe-encinas-participo-en-conversatorio-sobre-ciudad-y-crisis-de-la-udla\/#primaryimage"},"thumbnailUrl":"https:\/\/fadeu.urantiacos.cl\/wp-content\/uploads\/2023\/08\/web_WhatsApp_Image_2023-05-19_at_11.13.09-1.jpg","articleSection":["Sin categorizar"],"inLanguage":"en-US","potentialAction":[{"@type":"CommentAction","name":"Comment","target":["https:\/\/fadeu.urantiacos.cl\/en\/2023\/05\/22\/felipe-encinas-participo-en-conversatorio-sobre-ciudad-y-crisis-de-la-udla\/#respond"]}]},{"@type":"WebPage","@id":"https:\/\/fadeu.urantiacos.cl\/en\/2023\/05\/22\/felipe-encinas-participo-en-conversatorio-sobre-ciudad-y-crisis-de-la-udla\/","url":"https:\/\/fadeu.urantiacos.cl\/en\/2023\/05\/22\/felipe-encinas-participo-en-conversatorio-sobre-ciudad-y-crisis-de-la-udla\/","name":"Felipe Encinas particip\u00f3 en conversatorio sobre ciudad y crisis de la UDLA - Facultad de Arquitectura, Dise\u00f1o y Estudios Urbanos","isPartOf":{"@id":"https:\/\/fadeu.urantiacos.cl\/en\/#website"},"primaryImageOfPage":{"@id":"https:\/\/fadeu.urantiacos.cl\/en\/2023\/05\/22\/felipe-encinas-participo-en-conversatorio-sobre-ciudad-y-crisis-de-la-udla\/#primaryimage"},"image":{"@id":"https:\/\/fadeu.urantiacos.cl\/en\/2023\/05\/22\/felipe-encinas-participo-en-conversatorio-sobre-ciudad-y-crisis-de-la-udla\/#primaryimage"},"thumbnailUrl":"https:\/\/fadeu.urantiacos.cl\/wp-content\/uploads\/2023\/08\/web_WhatsApp_Image_2023-05-19_at_11.13.09-1.jpg","datePublished":"2023-05-22T20:13:00+00:00","dateModified":"2023-08-31T20:16:53+00:00","author":{"@id":"https:\/\/fadeu.urantiacos.cl\/en\/#\/schema\/person\/d203e2e84b1c40275eac77b3061a19a2"},"description":"El profesor ARQ UC y secretario acad\u00e9mico FADEU UC fue uno de los panelistas de \"Ciudad en crisis. Cr\u00edtica en crisis\", evento organizado por la Universidad de las Am\u00e9ricas (UDLA) que tuvo tambi\u00e9n como invitados al arquitecto y urbanista italiano Camillo Boano, al profesor de Geograf\u00eda UC Rodrigo Hidalgo y a la acad\u00e9mica UDLA Linda Schilling.","breadcrumb":{"@id":"https:\/\/fadeu.urantiacos.cl\/en\/2023\/05\/22\/felipe-encinas-participo-en-conversatorio-sobre-ciudad-y-crisis-de-la-udla\/#breadcrumb"},"inLanguage":"en-US","potentialAction":[{"@type":"ReadAction","target":["https:\/\/fadeu.urantiacos.cl\/en\/2023\/05\/22\/felipe-encinas-participo-en-conversatorio-sobre-ciudad-y-crisis-de-la-udla\/"]}]},{"@type":"ImageObject","inLanguage":"en-US","@id":"https:\/\/fadeu.urantiacos.cl\/en\/2023\/05\/22\/felipe-encinas-participo-en-conversatorio-sobre-ciudad-y-crisis-de-la-udla\/#primaryimage","url":"https:\/\/fadeu.urantiacos.cl\/wp-content\/uploads\/2023\/08\/web_WhatsApp_Image_2023-05-19_at_11.13.09-1.jpg","contentUrl":"https:\/\/fadeu.urantiacos.cl\/wp-content\/uploads\/2023\/08\/web_WhatsApp_Image_2023-05-19_at_11.13.09-1.jpg","width":350,"height":250},{"@type":"BreadcrumbList","@id":"https:\/\/fadeu.urantiacos.cl\/en\/2023\/05\/22\/felipe-encinas-participo-en-conversatorio-sobre-ciudad-y-crisis-de-la-udla\/#breadcrumb","itemListElement":[{"@type":"ListItem","position":1,"name":"Portada","item":"https:\/\/fadeu.urantiacos.cl\/en\/"},{"@type":"ListItem","position":2,"name":"Felipe Encinas particip\u00f3 en conversatorio sobre ciudad y crisis de la UDLA"}]},{"@type":"WebSite","@id":"https:\/\/fadeu.urantiacos.cl\/en\/#website","url":"https:\/\/fadeu.urantiacos.cl\/en\/","name":"Facultad de Arquitectura, Dise\u00f1o y Estudios Urbanos","description":"Campus Lo Contador","potentialAction":[{"@type":"SearchAction","target":{"@type":"EntryPoint","urlTemplate":"https:\/\/fadeu.urantiacos.cl\/en\/?s={search_term_string}"},"query-input":{"@type":"PropertyValueSpecification","valueRequired":true,"valueName":"search_term_string"}}],"inLanguage":"en-US"},{"@type":"Person","@id":"https:\/\/fadeu.urantiacos.cl\/en\/#\/schema\/person\/d203e2e84b1c40275eac77b3061a19a2","name":"manadmin","image":{"@type":"ImageObject","inLanguage":"en-US","@id":"https:\/\/fadeu.urantiacos.cl\/en\/#\/schema\/person\/image\/","url":"https:\/\/secure.gravatar.com\/avatar\/4b1d8e3303b4a9d8968ac578947d8bc80d9aea359f388cdd4aac15cadc0e8447?s=96&d=mm&r=g","contentUrl":"https:\/\/secure.gravatar.com\/avatar\/4b1d8e3303b4a9d8968ac578947d8bc80d9aea359f388cdd4aac15cadc0e8447?s=96&d=mm&r=g","caption":"manadmin"},"sameAs":["https:\/\/fadeu.urantiacos.cl"]}]}},"_links":{"self":[{"href":"https:\/\/fadeu.urantiacos.cl\/en\/wp-json\/wp\/v2\/posts\/2504","targetHints":{"allow":["GET"]}}],"collection":[{"href":"https:\/\/fadeu.urantiacos.cl\/en\/wp-json\/wp\/v2\/posts"}],"about":[{"href":"https:\/\/fadeu.urantiacos.cl\/en\/wp-json\/wp\/v2\/types\/post"}],"author":[{"embeddable":true,"href":"https:\/\/fadeu.urantiacos.cl\/en\/wp-json\/wp\/v2\/users\/1"}],"replies":[{"embeddable":true,"href":"https:\/\/fadeu.urantiacos.cl\/en\/wp-json\/wp\/v2\/comments?post=2504"}],"version-history":[{"count":1,"href":"https:\/\/fadeu.urantiacos.cl\/en\/wp-json\/wp\/v2\/posts\/2504\/revisions"}],"predecessor-version":[{"id":2508,"href":"https:\/\/fadeu.urantiacos.cl\/en\/wp-json\/wp\/v2\/posts\/2504\/revisions\/2508"}],"wp:featuredmedia":[{"embeddable":true,"href":"https:\/\/fadeu.urantiacos.cl\/en\/wp-json\/wp\/v2\/media\/2507"}],"wp:attachment":[{"href":"https:\/\/fadeu.urantiacos.cl\/en\/wp-json\/wp\/v2\/media?parent=2504"}],"wp:term":[{"taxonomy":"category","embeddable":true,"href":"https:\/\/fadeu.urantiacos.cl\/en\/wp-json\/wp\/v2\/categories?post=2504"},{"taxonomy":"post_tag","embeddable":true,"href":"https:\/\/fadeu.urantiacos.cl\/en\/wp-json\/wp\/v2\/tags?post=2504"}],"curies":[{"name":"wp","href":"https:\/\/api.w.org\/{rel}","templated":true}]}}