{"id":2416,"date":"2023-05-29T15:55:00","date_gmt":"2023-05-29T18:55:00","guid":{"rendered":"https:\/\/fadeu.urantiacos.cl\/?p=2416"},"modified":"2023-10-17T10:56:41","modified_gmt":"2023-10-17T13:56:41","slug":"profesores-visitantes-llegan-a-diseno-uc-en-el-marco-del-programa-erasmus-mobile","status":"publish","type":"post","link":"https:\/\/fadeu.urantiacos.cl\/en\/2023\/05\/29\/profesores-visitantes-llegan-a-diseno-uc-en-el-marco-del-programa-erasmus-mobile\/","title":{"rendered":"Profesores visitantes llegan a Dise\u00f1o UC en el marco del programa Erasmus Mobile"},"content":{"rendered":"\n<p>L\u00edgia Lopes\u00a0es dise\u00f1adora portuguesa y activista del dise\u00f1o. Graduada en Dise\u00f1o Industrial con un Doctorado en Dise\u00f1o de la Facultad de Arquitectura de Lisboa, actualmente es profesora asistente en el Departamento de Dise\u00f1o de la Facultad de Bellas Artes de la Universidad de Oporto.<\/p>\n\n\n\n<p>Es miembro del grupo The Research Institute for Design, Media and Culture [ID+], en la unidad&nbsp;<a href=\"https:\/\/idmais.org\/research-group\/health-design-lab\/\">HEAD -Health + Design Lab-<\/a>&nbsp;y pertenece al grupo ADU Ambassadors, Unidad de Investigaci\u00f3n Avanzada de ALMA MATER STUDIORUM, de la Universidad de Bolonia, Italia.<\/p>\n\n\n\n<p><a href=\"http:\/\/www.ignaciourbina.com\/\">Ignacio Urbina Polo<\/a>&nbsp;es dise\u00f1ador industrial, docente y curador venezolano. Posee una Maestr\u00eda en Ingenier\u00eda de Producto por la Universidad Federal de Santa Catarina y trabaj\u00f3 en el Laboratorio Brasileiro de Design Industrial en Brasil.<\/p>\n\n\n\n<p>Es socio fundador del estudio de dise\u00f1o Metaplug, docente y luego director de Prodise\u00f1o, Escuela de Comunicaci\u00f3n y Dise\u00f1o en Caracas. Actualmente es Profesor Titular y Director del departamento de Dise\u00f1o Industrial de Pratt Institute en Nueva York, miembro Fundador de la Bienal Iberoamericana de Dise\u00f1o, Espa\u00f1a y editor del portal&nbsp;<a href=\"http:\/\/www.diconexiones.com\/\">www.diconexiones.com<\/a><\/p>\n\n\n\n<p>INFORMACI\u00d3N PERIOD\u00cdSTICA<br>ESCUELA DE DISE\u00d1O<\/p>\n","protected":false},"excerpt":{"rendered":"<p>En el marco del programa Erasmus Mobile, iniciar\u00e1n su visita a Dise\u00f1o UC los acad\u00e9micos L\u00edgia Lopes de la Universidad de Porto, e Ignacio Urbina de Pratt Institute. Activos participantes del ecosistema de dise\u00f1o iberoamericano, los acad\u00e9micos mantendr\u00e1n reuniones con docentes de Dise\u00f1o UC para prospectar futuras colaboraciones y explorar \u00e1reas de trabajo conjunto.<\/p>\n","protected":false},"author":1,"featured_media":2418,"comment_status":"open","ping_status":"open","sticky":false,"template":"","format":"standard","meta":{"_acf_changed":false,"footnotes":""},"categories":[1],"tags":[],"class_list":["post-2416","post","type-post","status-publish","format-standard","has-post-thumbnail","hentry","category-sin-categorizar"],"acf":[],"yoast_head":"<!-- This site is optimized with the Yoast SEO plugin v27.1.1 - https:\/\/yoast.com\/product\/yoast-seo-wordpress\/ -->\n<title>Profesores visitantes llegan a Dise\u00f1o UC en el marco del programa Erasmus Mobile - Facultad de Arquitectura, Dise\u00f1o y Estudios Urbanos<\/title>\n<meta name=\"description\" content=\"En el marco del programa Erasmus Mobile, iniciar\u00e1n su visita a Dise\u00f1o UC los acad\u00e9micos L\u00edgia Lopes de la Universidad de Porto, e Ignacio Urbina de Pratt Institute. Activos participantes del ecosistema de dise\u00f1o iberoamericano, los acad\u00e9micos mantendr\u00e1n reuniones con docentes de Dise\u00f1o UC para prospectar futuras colaboraciones y explorar \u00e1reas de trabajo conjunto.\" \/>\n<meta name=\"robots\" content=\"index, follow, max-snippet:-1, max-image-preview:large, max-video-preview:-1\" \/>\n<link rel=\"canonical\" href=\"https:\/\/fadeu.urantiacos.cl\/en\/2023\/05\/29\/profesores-visitantes-llegan-a-diseno-uc-en-el-marco-del-programa-erasmus-mobile\/\" \/>\n<meta property=\"og:locale\" content=\"en_US\" \/>\n<meta property=\"og:type\" content=\"article\" \/>\n<meta property=\"og:title\" content=\"Profesores visitantes llegan a Dise\u00f1o UC en el marco del programa Erasmus Mobile - Facultad de Arquitectura, Dise\u00f1o y Estudios Urbanos\" \/>\n<meta property=\"og:description\" content=\"En el marco del programa Erasmus Mobile, iniciar\u00e1n su visita a Dise\u00f1o UC los acad\u00e9micos L\u00edgia Lopes de la Universidad de Porto, e Ignacio Urbina de Pratt Institute. Activos participantes del ecosistema de dise\u00f1o iberoamericano, los acad\u00e9micos mantendr\u00e1n reuniones con docentes de Dise\u00f1o UC para prospectar futuras colaboraciones y explorar \u00e1reas de trabajo conjunto.\" \/>\n<meta property=\"og:url\" content=\"https:\/\/fadeu.urantiacos.cl\/en\/2023\/05\/29\/profesores-visitantes-llegan-a-diseno-uc-en-el-marco-del-programa-erasmus-mobile\/\" \/>\n<meta property=\"og:site_name\" content=\"Facultad de Arquitectura, Dise\u00f1o y Estudios Urbanos\" \/>\n<meta property=\"article:published_time\" content=\"2023-05-29T18:55:00+00:00\" \/>\n<meta property=\"article:modified_time\" content=\"2023-10-17T13:56:41+00:00\" \/>\n<meta property=\"og:image\" content=\"https:\/\/fadeu.urantiacos.cl\/wp-content\/uploads\/2023\/08\/web_Diseno-sin-titulo-34-1.png\" \/>\n\t<meta property=\"og:image:width\" content=\"350\" \/>\n\t<meta property=\"og:image:height\" content=\"250\" \/>\n\t<meta property=\"og:image:type\" content=\"image\/png\" \/>\n<meta name=\"author\" content=\"manadmin\" \/>\n<meta name=\"twitter:card\" content=\"summary_large_image\" \/>\n<meta name=\"twitter:label1\" content=\"Written by\" \/>\n\t<meta name=\"twitter:data1\" content=\"manadmin\" \/>\n\t<meta name=\"twitter:label2\" content=\"Est. reading time\" \/>\n\t<meta name=\"twitter:data2\" content=\"1 minute\" \/>\n<script type=\"application\/ld+json\" class=\"yoast-schema-graph\">{\"@context\":\"https:\/\/schema.org\",\"@graph\":[{\"@type\":\"Article\",\"@id\":\"https:\/\/fadeu.urantiacos.cl\/en\/2023\/05\/29\/profesores-visitantes-llegan-a-diseno-uc-en-el-marco-del-programa-erasmus-mobile\/#article\",\"isPartOf\":{\"@id\":\"https:\/\/fadeu.urantiacos.cl\/en\/2023\/05\/29\/profesores-visitantes-llegan-a-diseno-uc-en-el-marco-del-programa-erasmus-mobile\/\"},\"author\":{\"name\":\"manadmin\",\"@id\":\"https:\/\/fadeu.urantiacos.cl\/en\/#\/schema\/person\/d203e2e84b1c40275eac77b3061a19a2\"},\"headline\":\"Profesores visitantes llegan a Dise\u00f1o UC en el marco del programa Erasmus Mobile\",\"datePublished\":\"2023-05-29T18:55:00+00:00\",\"dateModified\":\"2023-10-17T13:56:41+00:00\",\"mainEntityOfPage\":{\"@id\":\"https:\/\/fadeu.urantiacos.cl\/en\/2023\/05\/29\/profesores-visitantes-llegan-a-diseno-uc-en-el-marco-del-programa-erasmus-mobile\/\"},\"wordCount\":216,\"commentCount\":0,\"image\":{\"@id\":\"https:\/\/fadeu.urantiacos.cl\/en\/2023\/05\/29\/profesores-visitantes-llegan-a-diseno-uc-en-el-marco-del-programa-erasmus-mobile\/#primaryimage\"},\"thumbnailUrl\":\"https:\/\/fadeu.urantiacos.cl\/wp-content\/uploads\/2023\/08\/web_Diseno-sin-titulo-34-1.png\",\"articleSection\":[\"Sin categorizar\"],\"inLanguage\":\"en-US\",\"potentialAction\":[{\"@type\":\"CommentAction\",\"name\":\"Comment\",\"target\":[\"https:\/\/fadeu.urantiacos.cl\/en\/2023\/05\/29\/profesores-visitantes-llegan-a-diseno-uc-en-el-marco-del-programa-erasmus-mobile\/#respond\"]}]},{\"@type\":\"WebPage\",\"@id\":\"https:\/\/fadeu.urantiacos.cl\/en\/2023\/05\/29\/profesores-visitantes-llegan-a-diseno-uc-en-el-marco-del-programa-erasmus-mobile\/\",\"url\":\"https:\/\/fadeu.urantiacos.cl\/en\/2023\/05\/29\/profesores-visitantes-llegan-a-diseno-uc-en-el-marco-del-programa-erasmus-mobile\/\",\"name\":\"Profesores visitantes llegan a Dise\u00f1o UC en el marco del programa Erasmus Mobile - Facultad de Arquitectura, Dise\u00f1o y Estudios Urbanos\",\"isPartOf\":{\"@id\":\"https:\/\/fadeu.urantiacos.cl\/en\/#website\"},\"primaryImageOfPage\":{\"@id\":\"https:\/\/fadeu.urantiacos.cl\/en\/2023\/05\/29\/profesores-visitantes-llegan-a-diseno-uc-en-el-marco-del-programa-erasmus-mobile\/#primaryimage\"},\"image\":{\"@id\":\"https:\/\/fadeu.urantiacos.cl\/en\/2023\/05\/29\/profesores-visitantes-llegan-a-diseno-uc-en-el-marco-del-programa-erasmus-mobile\/#primaryimage\"},\"thumbnailUrl\":\"https:\/\/fadeu.urantiacos.cl\/wp-content\/uploads\/2023\/08\/web_Diseno-sin-titulo-34-1.png\",\"datePublished\":\"2023-05-29T18:55:00+00:00\",\"dateModified\":\"2023-10-17T13:56:41+00:00\",\"author\":{\"@id\":\"https:\/\/fadeu.urantiacos.cl\/en\/#\/schema\/person\/d203e2e84b1c40275eac77b3061a19a2\"},\"description\":\"En el marco del programa Erasmus Mobile, iniciar\u00e1n su visita a Dise\u00f1o UC los acad\u00e9micos L\u00edgia Lopes de la Universidad de Porto, e Ignacio Urbina de Pratt Institute. Activos participantes del ecosistema de dise\u00f1o iberoamericano, los acad\u00e9micos mantendr\u00e1n reuniones con docentes de Dise\u00f1o UC para prospectar futuras colaboraciones y explorar \u00e1reas de trabajo conjunto.\",\"breadcrumb\":{\"@id\":\"https:\/\/fadeu.urantiacos.cl\/en\/2023\/05\/29\/profesores-visitantes-llegan-a-diseno-uc-en-el-marco-del-programa-erasmus-mobile\/#breadcrumb\"},\"inLanguage\":\"en-US\",\"potentialAction\":[{\"@type\":\"ReadAction\",\"target\":[\"https:\/\/fadeu.urantiacos.cl\/en\/2023\/05\/29\/profesores-visitantes-llegan-a-diseno-uc-en-el-marco-del-programa-erasmus-mobile\/\"]}]},{\"@type\":\"ImageObject\",\"inLanguage\":\"en-US\",\"@id\":\"https:\/\/fadeu.urantiacos.cl\/en\/2023\/05\/29\/profesores-visitantes-llegan-a-diseno-uc-en-el-marco-del-programa-erasmus-mobile\/#primaryimage\",\"url\":\"https:\/\/fadeu.urantiacos.cl\/wp-content\/uploads\/2023\/08\/web_Diseno-sin-titulo-34-1.png\",\"contentUrl\":\"https:\/\/fadeu.urantiacos.cl\/wp-content\/uploads\/2023\/08\/web_Diseno-sin-titulo-34-1.png\",\"width\":350,\"height\":250},{\"@type\":\"BreadcrumbList\",\"@id\":\"https:\/\/fadeu.urantiacos.cl\/en\/2023\/05\/29\/profesores-visitantes-llegan-a-diseno-uc-en-el-marco-del-programa-erasmus-mobile\/#breadcrumb\",\"itemListElement\":[{\"@type\":\"ListItem\",\"position\":1,\"name\":\"Portada\",\"item\":\"https:\/\/fadeu.urantiacos.cl\/en\/\"},{\"@type\":\"ListItem\",\"position\":2,\"name\":\"Profesores visitantes llegan a Dise\u00f1o UC en el marco del programa Erasmus Mobile\"}]},{\"@type\":\"WebSite\",\"@id\":\"https:\/\/fadeu.urantiacos.cl\/en\/#website\",\"url\":\"https:\/\/fadeu.urantiacos.cl\/en\/\",\"name\":\"Facultad de Arquitectura, Dise\u00f1o y Estudios Urbanos\",\"description\":\"Campus Lo Contador\",\"potentialAction\":[{\"@type\":\"SearchAction\",\"target\":{\"@type\":\"EntryPoint\",\"urlTemplate\":\"https:\/\/fadeu.urantiacos.cl\/en\/?s={search_term_string}\"},\"query-input\":{\"@type\":\"PropertyValueSpecification\",\"valueRequired\":true,\"valueName\":\"search_term_string\"}}],\"inLanguage\":\"en-US\"},{\"@type\":\"Person\",\"@id\":\"https:\/\/fadeu.urantiacos.cl\/en\/#\/schema\/person\/d203e2e84b1c40275eac77b3061a19a2\",\"name\":\"manadmin\",\"image\":{\"@type\":\"ImageObject\",\"inLanguage\":\"en-US\",\"@id\":\"https:\/\/fadeu.urantiacos.cl\/en\/#\/schema\/person\/image\/\",\"url\":\"https:\/\/secure.gravatar.com\/avatar\/4b1d8e3303b4a9d8968ac578947d8bc80d9aea359f388cdd4aac15cadc0e8447?s=96&d=mm&r=g\",\"contentUrl\":\"https:\/\/secure.gravatar.com\/avatar\/4b1d8e3303b4a9d8968ac578947d8bc80d9aea359f388cdd4aac15cadc0e8447?s=96&d=mm&r=g\",\"caption\":\"manadmin\"},\"sameAs\":[\"https:\/\/fadeu.urantiacos.cl\"]}]}<\/script>\n<!-- \/ Yoast SEO plugin. -->","yoast_head_json":{"title":"Profesores visitantes llegan a Dise\u00f1o UC en el marco del programa Erasmus Mobile - Facultad de Arquitectura, Dise\u00f1o y Estudios Urbanos","description":"En el marco del programa Erasmus Mobile, iniciar\u00e1n su visita a Dise\u00f1o UC los acad\u00e9micos L\u00edgia Lopes de la Universidad de Porto, e Ignacio Urbina de Pratt Institute. Activos participantes del ecosistema de dise\u00f1o iberoamericano, los acad\u00e9micos mantendr\u00e1n reuniones con docentes de Dise\u00f1o UC para prospectar futuras colaboraciones y explorar \u00e1reas de trabajo conjunto.","robots":{"index":"index","follow":"follow","max-snippet":"max-snippet:-1","max-image-preview":"max-image-preview:large","max-video-preview":"max-video-preview:-1"},"canonical":"https:\/\/fadeu.urantiacos.cl\/en\/2023\/05\/29\/profesores-visitantes-llegan-a-diseno-uc-en-el-marco-del-programa-erasmus-mobile\/","og_locale":"en_US","og_type":"article","og_title":"Profesores visitantes llegan a Dise\u00f1o UC en el marco del programa Erasmus Mobile - Facultad de Arquitectura, Dise\u00f1o y Estudios Urbanos","og_description":"En el marco del programa Erasmus Mobile, iniciar\u00e1n su visita a Dise\u00f1o UC los acad\u00e9micos L\u00edgia Lopes de la Universidad de Porto, e Ignacio Urbina de Pratt Institute. Activos participantes del ecosistema de dise\u00f1o iberoamericano, los acad\u00e9micos mantendr\u00e1n reuniones con docentes de Dise\u00f1o UC para prospectar futuras colaboraciones y explorar \u00e1reas de trabajo conjunto.","og_url":"https:\/\/fadeu.urantiacos.cl\/en\/2023\/05\/29\/profesores-visitantes-llegan-a-diseno-uc-en-el-marco-del-programa-erasmus-mobile\/","og_site_name":"Facultad de Arquitectura, Dise\u00f1o y Estudios Urbanos","article_published_time":"2023-05-29T18:55:00+00:00","article_modified_time":"2023-10-17T13:56:41+00:00","og_image":[{"width":350,"height":250,"url":"https:\/\/fadeu.urantiacos.cl\/wp-content\/uploads\/2023\/08\/web_Diseno-sin-titulo-34-1.png","type":"image\/png"}],"author":"manadmin","twitter_card":"summary_large_image","twitter_misc":{"Written by":"manadmin","Est. reading time":"1 minute"},"schema":{"@context":"https:\/\/schema.org","@graph":[{"@type":"Article","@id":"https:\/\/fadeu.urantiacos.cl\/en\/2023\/05\/29\/profesores-visitantes-llegan-a-diseno-uc-en-el-marco-del-programa-erasmus-mobile\/#article","isPartOf":{"@id":"https:\/\/fadeu.urantiacos.cl\/en\/2023\/05\/29\/profesores-visitantes-llegan-a-diseno-uc-en-el-marco-del-programa-erasmus-mobile\/"},"author":{"name":"manadmin","@id":"https:\/\/fadeu.urantiacos.cl\/en\/#\/schema\/person\/d203e2e84b1c40275eac77b3061a19a2"},"headline":"Profesores visitantes llegan a Dise\u00f1o UC en el marco del programa Erasmus Mobile","datePublished":"2023-05-29T18:55:00+00:00","dateModified":"2023-10-17T13:56:41+00:00","mainEntityOfPage":{"@id":"https:\/\/fadeu.urantiacos.cl\/en\/2023\/05\/29\/profesores-visitantes-llegan-a-diseno-uc-en-el-marco-del-programa-erasmus-mobile\/"},"wordCount":216,"commentCount":0,"image":{"@id":"https:\/\/fadeu.urantiacos.cl\/en\/2023\/05\/29\/profesores-visitantes-llegan-a-diseno-uc-en-el-marco-del-programa-erasmus-mobile\/#primaryimage"},"thumbnailUrl":"https:\/\/fadeu.urantiacos.cl\/wp-content\/uploads\/2023\/08\/web_Diseno-sin-titulo-34-1.png","articleSection":["Sin categorizar"],"inLanguage":"en-US","potentialAction":[{"@type":"CommentAction","name":"Comment","target":["https:\/\/fadeu.urantiacos.cl\/en\/2023\/05\/29\/profesores-visitantes-llegan-a-diseno-uc-en-el-marco-del-programa-erasmus-mobile\/#respond"]}]},{"@type":"WebPage","@id":"https:\/\/fadeu.urantiacos.cl\/en\/2023\/05\/29\/profesores-visitantes-llegan-a-diseno-uc-en-el-marco-del-programa-erasmus-mobile\/","url":"https:\/\/fadeu.urantiacos.cl\/en\/2023\/05\/29\/profesores-visitantes-llegan-a-diseno-uc-en-el-marco-del-programa-erasmus-mobile\/","name":"Profesores visitantes llegan a Dise\u00f1o UC en el marco del programa Erasmus Mobile - Facultad de Arquitectura, Dise\u00f1o y Estudios Urbanos","isPartOf":{"@id":"https:\/\/fadeu.urantiacos.cl\/en\/#website"},"primaryImageOfPage":{"@id":"https:\/\/fadeu.urantiacos.cl\/en\/2023\/05\/29\/profesores-visitantes-llegan-a-diseno-uc-en-el-marco-del-programa-erasmus-mobile\/#primaryimage"},"image":{"@id":"https:\/\/fadeu.urantiacos.cl\/en\/2023\/05\/29\/profesores-visitantes-llegan-a-diseno-uc-en-el-marco-del-programa-erasmus-mobile\/#primaryimage"},"thumbnailUrl":"https:\/\/fadeu.urantiacos.cl\/wp-content\/uploads\/2023\/08\/web_Diseno-sin-titulo-34-1.png","datePublished":"2023-05-29T18:55:00+00:00","dateModified":"2023-10-17T13:56:41+00:00","author":{"@id":"https:\/\/fadeu.urantiacos.cl\/en\/#\/schema\/person\/d203e2e84b1c40275eac77b3061a19a2"},"description":"En el marco del programa Erasmus Mobile, iniciar\u00e1n su visita a Dise\u00f1o UC los acad\u00e9micos L\u00edgia Lopes de la Universidad de Porto, e Ignacio Urbina de Pratt Institute. Activos participantes del ecosistema de dise\u00f1o iberoamericano, los acad\u00e9micos mantendr\u00e1n reuniones con docentes de Dise\u00f1o UC para prospectar futuras colaboraciones y explorar \u00e1reas de trabajo conjunto.","breadcrumb":{"@id":"https:\/\/fadeu.urantiacos.cl\/en\/2023\/05\/29\/profesores-visitantes-llegan-a-diseno-uc-en-el-marco-del-programa-erasmus-mobile\/#breadcrumb"},"inLanguage":"en-US","potentialAction":[{"@type":"ReadAction","target":["https:\/\/fadeu.urantiacos.cl\/en\/2023\/05\/29\/profesores-visitantes-llegan-a-diseno-uc-en-el-marco-del-programa-erasmus-mobile\/"]}]},{"@type":"ImageObject","inLanguage":"en-US","@id":"https:\/\/fadeu.urantiacos.cl\/en\/2023\/05\/29\/profesores-visitantes-llegan-a-diseno-uc-en-el-marco-del-programa-erasmus-mobile\/#primaryimage","url":"https:\/\/fadeu.urantiacos.cl\/wp-content\/uploads\/2023\/08\/web_Diseno-sin-titulo-34-1.png","contentUrl":"https:\/\/fadeu.urantiacos.cl\/wp-content\/uploads\/2023\/08\/web_Diseno-sin-titulo-34-1.png","width":350,"height":250},{"@type":"BreadcrumbList","@id":"https:\/\/fadeu.urantiacos.cl\/en\/2023\/05\/29\/profesores-visitantes-llegan-a-diseno-uc-en-el-marco-del-programa-erasmus-mobile\/#breadcrumb","itemListElement":[{"@type":"ListItem","position":1,"name":"Portada","item":"https:\/\/fadeu.urantiacos.cl\/en\/"},{"@type":"ListItem","position":2,"name":"Profesores visitantes llegan a Dise\u00f1o UC en el marco del programa Erasmus Mobile"}]},{"@type":"WebSite","@id":"https:\/\/fadeu.urantiacos.cl\/en\/#website","url":"https:\/\/fadeu.urantiacos.cl\/en\/","name":"Facultad de Arquitectura, Dise\u00f1o y Estudios Urbanos","description":"Campus Lo Contador","potentialAction":[{"@type":"SearchAction","target":{"@type":"EntryPoint","urlTemplate":"https:\/\/fadeu.urantiacos.cl\/en\/?s={search_term_string}"},"query-input":{"@type":"PropertyValueSpecification","valueRequired":true,"valueName":"search_term_string"}}],"inLanguage":"en-US"},{"@type":"Person","@id":"https:\/\/fadeu.urantiacos.cl\/en\/#\/schema\/person\/d203e2e84b1c40275eac77b3061a19a2","name":"manadmin","image":{"@type":"ImageObject","inLanguage":"en-US","@id":"https:\/\/fadeu.urantiacos.cl\/en\/#\/schema\/person\/image\/","url":"https:\/\/secure.gravatar.com\/avatar\/4b1d8e3303b4a9d8968ac578947d8bc80d9aea359f388cdd4aac15cadc0e8447?s=96&d=mm&r=g","contentUrl":"https:\/\/secure.gravatar.com\/avatar\/4b1d8e3303b4a9d8968ac578947d8bc80d9aea359f388cdd4aac15cadc0e8447?s=96&d=mm&r=g","caption":"manadmin"},"sameAs":["https:\/\/fadeu.urantiacos.cl"]}]}},"_links":{"self":[{"href":"https:\/\/fadeu.urantiacos.cl\/en\/wp-json\/wp\/v2\/posts\/2416","targetHints":{"allow":["GET"]}}],"collection":[{"href":"https:\/\/fadeu.urantiacos.cl\/en\/wp-json\/wp\/v2\/posts"}],"about":[{"href":"https:\/\/fadeu.urantiacos.cl\/en\/wp-json\/wp\/v2\/types\/post"}],"author":[{"embeddable":true,"href":"https:\/\/fadeu.urantiacos.cl\/en\/wp-json\/wp\/v2\/users\/1"}],"replies":[{"embeddable":true,"href":"https:\/\/fadeu.urantiacos.cl\/en\/wp-json\/wp\/v2\/comments?post=2416"}],"version-history":[{"count":2,"href":"https:\/\/fadeu.urantiacos.cl\/en\/wp-json\/wp\/v2\/posts\/2416\/revisions"}],"predecessor-version":[{"id":17016,"href":"https:\/\/fadeu.urantiacos.cl\/en\/wp-json\/wp\/v2\/posts\/2416\/revisions\/17016"}],"wp:featuredmedia":[{"embeddable":true,"href":"https:\/\/fadeu.urantiacos.cl\/en\/wp-json\/wp\/v2\/media\/2418"}],"wp:attachment":[{"href":"https:\/\/fadeu.urantiacos.cl\/en\/wp-json\/wp\/v2\/media?parent=2416"}],"wp:term":[{"taxonomy":"category","embeddable":true,"href":"https:\/\/fadeu.urantiacos.cl\/en\/wp-json\/wp\/v2\/categories?post=2416"},{"taxonomy":"post_tag","embeddable":true,"href":"https:\/\/fadeu.urantiacos.cl\/en\/wp-json\/wp\/v2\/tags?post=2416"}],"curies":[{"name":"wp","href":"https:\/\/api.w.org\/{rel}","templated":true}]}}