{"id":2302,"date":"2023-06-05T22:28:00","date_gmt":"2023-06-06T01:28:00","guid":{"rendered":"https:\/\/fadeu.urantiacos.cl\/?p=2302"},"modified":"2023-08-30T22:31:15","modified_gmt":"2023-08-31T01:31:15","slug":"profesores-arq-uc-participan-en-lanzamiento-de-editorial-bifurcaciones","status":"publish","type":"post","link":"https:\/\/fadeu.urantiacos.cl\/en\/2023\/06\/05\/profesores-arq-uc-participan-en-lanzamiento-de-editorial-bifurcaciones\/","title":{"rendered":"Profesores ARQ UC participan en lanzamiento de editorial Bifurcaciones"},"content":{"rendered":"\n<figure class=\"wp-block-image size-full\"><img decoding=\"async\" width=\"350\" height=\"250\" src=\"https:\/\/fadeu.urantiacos.cl\/wp-content\/uploads\/2023\/08\/web_Captura_de_Pantalla_2023-06-05_a_las_10.41.03.png\" alt=\"\" class=\"wp-image-2303\" srcset=\"https:\/\/fadeu.urantiacos.cl\/wp-content\/uploads\/2023\/08\/web_Captura_de_Pantalla_2023-06-05_a_las_10.41.03.png 350w, https:\/\/fadeu.urantiacos.cl\/wp-content\/uploads\/2023\/08\/web_Captura_de_Pantalla_2023-06-05_a_las_10.41.03-300x214.png 300w\" sizes=\"(max-width: 350px) 100vw, 350px\" \/><\/figure>\n\n\n\n<p>Con el t\u00edtulo \u201cPerdidos en el espacio\u201d \u2014nombre del evento y de la colecci\u00f3n de ensayos de la editorial Bifurcaciones a la que pertenecen las dos publicaciones presentadas\u2014, el profesor ARQ UC Francisco D\u00edaz y el escritor argentino Jens Andermann ahondaron en sus escritos, entablando luego una conversaci\u00f3n junto a&nbsp;la profesora ARQ UC y jefa del Mag\u00edster en Arquitectura UC (MARQ) Alejandra Celed\u00f3n, quien est\u00e1 trabajando en la pr\u00f3xima publicaci\u00f3n&nbsp;Ventana&nbsp;(Bifurcaciones, por publicar).<\/p>\n\n\n\n<p>De esta manera, la conversaci\u00f3n abord\u00f3 diversos enfoques y herramientas relacionadas a los temas espaciales que, en la l\u00ednea de lo que propone esta serie de la editorial, toman elementos de la filosof\u00eda, la literatura, la historia, la arquitectura y la est\u00e9tica. Se trata de una colecci\u00f3n de formato peque\u00f1o que retoma tanto la tradici\u00f3n del ensayo como la del libro de bolsillo y que \u201cinterroga la realidad a la luz de formas o guras espaciales\u201d, en escritos que \u201ccombinan inspiraci\u00f3n, lucidez e imaginaci\u00f3n para emprender incursiones al mundo que nos rodea\u201d.<\/p>\n\n\n\n<p>As\u00ed, el texto de D\u00edaz,&nbsp;Suelo&nbsp;(Bifurcaciones, 2023), examina este elemento como base fundamental de la vida y profundiza en su importancia m\u00e1s all\u00e1 de la idea de superficie, discutiendo su significado como fuente de recursos, como divisi\u00f3n pol\u00edtico-administrativa y como analog\u00eda de un destino inminente. Por su parte, el texto de Andermann,&nbsp;Jard\u00edn&nbsp;(Bifurcaciones, 2023), ofrece \u201cuna mirada profunda y multidimensional sobre lo natural, lo dom\u00e9stico, lo civilizado y lo salvaje\u201d, explorando temas como el trabajo manual en la tierra, el cultivo de flores, las herramientas y el impacto del colonialismo, entre otros aspectos.<\/p>\n\n\n\n<p>El lanzamiento se realiz\u00f3 el 31 de mayo de 2023 en formato virtual a trav\u00e9s del&nbsp;<a href=\"https:\/\/www.youtube.com\/c\/bifurcaciones\" target=\"_blank\" rel=\"noreferrer noopener\">canal de YouTube<\/a>&nbsp;de la editorial y present\u00f3 las publicaciones que siguen a&nbsp;Ruinas&nbsp;(Bifurcaciones, 2021), la primera entrega de la colecci\u00f3n, escrita por Jonnathan Opazo.<\/p>\n\n\n\n<p>M\u00e1s sobre editorial Bifurcaciones en el siguiente&nbsp;<a href=\"http:\/\/www.bifurcaciones.cl\/\" target=\"_blank\" rel=\"noreferrer noopener\">enlace<\/a>&nbsp;<\/p>\n\n\n\n<figure class=\"wp-block-embed is-type-video is-provider-youtube wp-block-embed-youtube wp-embed-aspect-16-9 wp-has-aspect-ratio\"><div class=\"wp-block-embed__wrapper\">\n<iframe loading=\"lazy\" title=\"Perdidos en el Espacio\" width=\"500\" height=\"281\" src=\"https:\/\/www.youtube.com\/embed\/5hU82Xwk_Ws?feature=oembed\" frameborder=\"0\" allow=\"accelerometer; autoplay; clipboard-write; encrypted-media; gyroscope; picture-in-picture; web-share\" referrerpolicy=\"strict-origin-when-cross-origin\" allowfullscreen><\/iframe>\n<\/div><\/figure>\n\n\n\n<p>Noticias<br>Contacto:&nbsp;<a href=\"mailto:redesarq@uc.cl\">redesarq@uc.cl<\/a>&nbsp;| +56 2 2354 7747<br>www.arquitectura.uc.cl&nbsp;<\/p>\n","protected":false},"excerpt":{"rendered":"<p>En la instancia se presentaron dos nuevos libros: Suelo (Bifurcaciones, 2023), escrito por el profesor ARQ UC Francisco D\u00edaz, y Jard\u00edn (Bifurcaciones, 2023) del escritor argentino Jens Andermann. Particip\u00f3 del evento tambi\u00e9n la profesora ARQ UC Alejandra Celed\u00f3n, quien pr\u00f3ximamente publicar\u00e1 el libro Ventana.<\/p>\n","protected":false},"author":1,"featured_media":2304,"comment_status":"open","ping_status":"open","sticky":false,"template":"","format":"standard","meta":{"_acf_changed":false,"footnotes":""},"categories":[1],"tags":[],"class_list":["post-2302","post","type-post","status-publish","format-standard","has-post-thumbnail","hentry","category-sin-categorizar"],"acf":[],"yoast_head":"<!-- This site is optimized with the Yoast SEO plugin v27.1.1 - https:\/\/yoast.com\/product\/yoast-seo-wordpress\/ -->\n<title>Profesores ARQ UC participan en lanzamiento de editorial Bifurcaciones - Facultad de Arquitectura, Dise\u00f1o y Estudios Urbanos<\/title>\n<meta name=\"description\" content=\"En la instancia se presentaron dos nuevos libros: Suelo (Bifurcaciones, 2023), escrito por el profesor ARQ UC Francisco D\u00edaz, y Jard\u00edn (Bifurcaciones, 2023) del escritor argentino Jens Andermann. Particip\u00f3 del evento tambi\u00e9n la profesora ARQ UC Alejandra Celed\u00f3n, quien pr\u00f3ximamente publicar\u00e1 el libro Ventana.\" \/>\n<meta name=\"robots\" content=\"index, follow, max-snippet:-1, max-image-preview:large, max-video-preview:-1\" \/>\n<link rel=\"canonical\" href=\"https:\/\/fadeu.urantiacos.cl\/en\/2023\/06\/05\/profesores-arq-uc-participan-en-lanzamiento-de-editorial-bifurcaciones\/\" \/>\n<meta property=\"og:locale\" content=\"en_US\" \/>\n<meta property=\"og:type\" content=\"article\" \/>\n<meta property=\"og:title\" content=\"Profesores ARQ UC participan en lanzamiento de editorial Bifurcaciones - Facultad de Arquitectura, Dise\u00f1o y Estudios Urbanos\" \/>\n<meta property=\"og:description\" content=\"En la instancia se presentaron dos nuevos libros: Suelo (Bifurcaciones, 2023), escrito por el profesor ARQ UC Francisco D\u00edaz, y Jard\u00edn (Bifurcaciones, 2023) del escritor argentino Jens Andermann. Particip\u00f3 del evento tambi\u00e9n la profesora ARQ UC Alejandra Celed\u00f3n, quien pr\u00f3ximamente publicar\u00e1 el libro Ventana.\" \/>\n<meta property=\"og:url\" content=\"https:\/\/fadeu.urantiacos.cl\/en\/2023\/06\/05\/profesores-arq-uc-participan-en-lanzamiento-de-editorial-bifurcaciones\/\" \/>\n<meta property=\"og:site_name\" content=\"Facultad de Arquitectura, Dise\u00f1o y Estudios Urbanos\" \/>\n<meta property=\"article:published_time\" content=\"2023-06-06T01:28:00+00:00\" \/>\n<meta property=\"article:modified_time\" content=\"2023-08-31T01:31:15+00:00\" \/>\n<meta property=\"og:image\" content=\"https:\/\/fadeu.urantiacos.cl\/wp-content\/uploads\/2023\/08\/web_Captura_de_Pantalla_2023-06-05_a_las_10.41.03-1.png\" \/>\n\t<meta property=\"og:image:width\" content=\"350\" \/>\n\t<meta property=\"og:image:height\" content=\"250\" \/>\n\t<meta property=\"og:image:type\" content=\"image\/png\" \/>\n<meta name=\"author\" content=\"manadmin\" \/>\n<meta name=\"twitter:card\" content=\"summary_large_image\" \/>\n<meta name=\"twitter:label1\" content=\"Written by\" \/>\n\t<meta name=\"twitter:data1\" content=\"manadmin\" \/>\n\t<meta name=\"twitter:label2\" content=\"Est. reading time\" \/>\n\t<meta name=\"twitter:data2\" content=\"2 minutes\" \/>\n<script type=\"application\/ld+json\" class=\"yoast-schema-graph\">{\"@context\":\"https:\/\/schema.org\",\"@graph\":[{\"@type\":\"Article\",\"@id\":\"https:\/\/fadeu.urantiacos.cl\/en\/2023\/06\/05\/profesores-arq-uc-participan-en-lanzamiento-de-editorial-bifurcaciones\/#article\",\"isPartOf\":{\"@id\":\"https:\/\/fadeu.urantiacos.cl\/en\/2023\/06\/05\/profesores-arq-uc-participan-en-lanzamiento-de-editorial-bifurcaciones\/\"},\"author\":{\"name\":\"manadmin\",\"@id\":\"https:\/\/fadeu.urantiacos.cl\/en\/#\/schema\/person\/d203e2e84b1c40275eac77b3061a19a2\"},\"headline\":\"Profesores ARQ UC participan en lanzamiento de editorial Bifurcaciones\",\"datePublished\":\"2023-06-06T01:28:00+00:00\",\"dateModified\":\"2023-08-31T01:31:15+00:00\",\"mainEntityOfPage\":{\"@id\":\"https:\/\/fadeu.urantiacos.cl\/en\/2023\/06\/05\/profesores-arq-uc-participan-en-lanzamiento-de-editorial-bifurcaciones\/\"},\"wordCount\":373,\"commentCount\":0,\"image\":{\"@id\":\"https:\/\/fadeu.urantiacos.cl\/en\/2023\/06\/05\/profesores-arq-uc-participan-en-lanzamiento-de-editorial-bifurcaciones\/#primaryimage\"},\"thumbnailUrl\":\"https:\/\/fadeu.urantiacos.cl\/wp-content\/uploads\/2023\/08\/web_Captura_de_Pantalla_2023-06-05_a_las_10.41.03-1.png\",\"articleSection\":[\"Sin categorizar\"],\"inLanguage\":\"en-US\",\"potentialAction\":[{\"@type\":\"CommentAction\",\"name\":\"Comment\",\"target\":[\"https:\/\/fadeu.urantiacos.cl\/en\/2023\/06\/05\/profesores-arq-uc-participan-en-lanzamiento-de-editorial-bifurcaciones\/#respond\"]}]},{\"@type\":\"WebPage\",\"@id\":\"https:\/\/fadeu.urantiacos.cl\/en\/2023\/06\/05\/profesores-arq-uc-participan-en-lanzamiento-de-editorial-bifurcaciones\/\",\"url\":\"https:\/\/fadeu.urantiacos.cl\/en\/2023\/06\/05\/profesores-arq-uc-participan-en-lanzamiento-de-editorial-bifurcaciones\/\",\"name\":\"Profesores ARQ UC participan en lanzamiento de editorial Bifurcaciones - Facultad de Arquitectura, Dise\u00f1o y Estudios Urbanos\",\"isPartOf\":{\"@id\":\"https:\/\/fadeu.urantiacos.cl\/en\/#website\"},\"primaryImageOfPage\":{\"@id\":\"https:\/\/fadeu.urantiacos.cl\/en\/2023\/06\/05\/profesores-arq-uc-participan-en-lanzamiento-de-editorial-bifurcaciones\/#primaryimage\"},\"image\":{\"@id\":\"https:\/\/fadeu.urantiacos.cl\/en\/2023\/06\/05\/profesores-arq-uc-participan-en-lanzamiento-de-editorial-bifurcaciones\/#primaryimage\"},\"thumbnailUrl\":\"https:\/\/fadeu.urantiacos.cl\/wp-content\/uploads\/2023\/08\/web_Captura_de_Pantalla_2023-06-05_a_las_10.41.03-1.png\",\"datePublished\":\"2023-06-06T01:28:00+00:00\",\"dateModified\":\"2023-08-31T01:31:15+00:00\",\"author\":{\"@id\":\"https:\/\/fadeu.urantiacos.cl\/en\/#\/schema\/person\/d203e2e84b1c40275eac77b3061a19a2\"},\"description\":\"En la instancia se presentaron dos nuevos libros: Suelo (Bifurcaciones, 2023), escrito por el profesor ARQ UC Francisco D\u00edaz, y Jard\u00edn (Bifurcaciones, 2023) del escritor argentino Jens Andermann. Particip\u00f3 del evento tambi\u00e9n la profesora ARQ UC Alejandra Celed\u00f3n, quien pr\u00f3ximamente publicar\u00e1 el libro Ventana.\",\"breadcrumb\":{\"@id\":\"https:\/\/fadeu.urantiacos.cl\/en\/2023\/06\/05\/profesores-arq-uc-participan-en-lanzamiento-de-editorial-bifurcaciones\/#breadcrumb\"},\"inLanguage\":\"en-US\",\"potentialAction\":[{\"@type\":\"ReadAction\",\"target\":[\"https:\/\/fadeu.urantiacos.cl\/en\/2023\/06\/05\/profesores-arq-uc-participan-en-lanzamiento-de-editorial-bifurcaciones\/\"]}]},{\"@type\":\"ImageObject\",\"inLanguage\":\"en-US\",\"@id\":\"https:\/\/fadeu.urantiacos.cl\/en\/2023\/06\/05\/profesores-arq-uc-participan-en-lanzamiento-de-editorial-bifurcaciones\/#primaryimage\",\"url\":\"https:\/\/fadeu.urantiacos.cl\/wp-content\/uploads\/2023\/08\/web_Captura_de_Pantalla_2023-06-05_a_las_10.41.03-1.png\",\"contentUrl\":\"https:\/\/fadeu.urantiacos.cl\/wp-content\/uploads\/2023\/08\/web_Captura_de_Pantalla_2023-06-05_a_las_10.41.03-1.png\",\"width\":350,\"height\":250},{\"@type\":\"BreadcrumbList\",\"@id\":\"https:\/\/fadeu.urantiacos.cl\/en\/2023\/06\/05\/profesores-arq-uc-participan-en-lanzamiento-de-editorial-bifurcaciones\/#breadcrumb\",\"itemListElement\":[{\"@type\":\"ListItem\",\"position\":1,\"name\":\"Portada\",\"item\":\"https:\/\/fadeu.urantiacos.cl\/en\/\"},{\"@type\":\"ListItem\",\"position\":2,\"name\":\"Profesores ARQ UC participan en lanzamiento de editorial Bifurcaciones\"}]},{\"@type\":\"WebSite\",\"@id\":\"https:\/\/fadeu.urantiacos.cl\/en\/#website\",\"url\":\"https:\/\/fadeu.urantiacos.cl\/en\/\",\"name\":\"Facultad de Arquitectura, Dise\u00f1o y Estudios Urbanos\",\"description\":\"Campus Lo Contador\",\"potentialAction\":[{\"@type\":\"SearchAction\",\"target\":{\"@type\":\"EntryPoint\",\"urlTemplate\":\"https:\/\/fadeu.urantiacos.cl\/en\/?s={search_term_string}\"},\"query-input\":{\"@type\":\"PropertyValueSpecification\",\"valueRequired\":true,\"valueName\":\"search_term_string\"}}],\"inLanguage\":\"en-US\"},{\"@type\":\"Person\",\"@id\":\"https:\/\/fadeu.urantiacos.cl\/en\/#\/schema\/person\/d203e2e84b1c40275eac77b3061a19a2\",\"name\":\"manadmin\",\"image\":{\"@type\":\"ImageObject\",\"inLanguage\":\"en-US\",\"@id\":\"https:\/\/fadeu.urantiacos.cl\/en\/#\/schema\/person\/image\/\",\"url\":\"https:\/\/secure.gravatar.com\/avatar\/4b1d8e3303b4a9d8968ac578947d8bc80d9aea359f388cdd4aac15cadc0e8447?s=96&d=mm&r=g\",\"contentUrl\":\"https:\/\/secure.gravatar.com\/avatar\/4b1d8e3303b4a9d8968ac578947d8bc80d9aea359f388cdd4aac15cadc0e8447?s=96&d=mm&r=g\",\"caption\":\"manadmin\"},\"sameAs\":[\"https:\/\/fadeu.urantiacos.cl\"]}]}<\/script>\n<!-- \/ Yoast SEO plugin. -->","yoast_head_json":{"title":"Profesores ARQ UC participan en lanzamiento de editorial Bifurcaciones - Facultad de Arquitectura, Dise\u00f1o y Estudios Urbanos","description":"En la instancia se presentaron dos nuevos libros: Suelo (Bifurcaciones, 2023), escrito por el profesor ARQ UC Francisco D\u00edaz, y Jard\u00edn (Bifurcaciones, 2023) del escritor argentino Jens Andermann. Particip\u00f3 del evento tambi\u00e9n la profesora ARQ UC Alejandra Celed\u00f3n, quien pr\u00f3ximamente publicar\u00e1 el libro Ventana.","robots":{"index":"index","follow":"follow","max-snippet":"max-snippet:-1","max-image-preview":"max-image-preview:large","max-video-preview":"max-video-preview:-1"},"canonical":"https:\/\/fadeu.urantiacos.cl\/en\/2023\/06\/05\/profesores-arq-uc-participan-en-lanzamiento-de-editorial-bifurcaciones\/","og_locale":"en_US","og_type":"article","og_title":"Profesores ARQ UC participan en lanzamiento de editorial Bifurcaciones - Facultad de Arquitectura, Dise\u00f1o y Estudios Urbanos","og_description":"En la instancia se presentaron dos nuevos libros: Suelo (Bifurcaciones, 2023), escrito por el profesor ARQ UC Francisco D\u00edaz, y Jard\u00edn (Bifurcaciones, 2023) del escritor argentino Jens Andermann. Particip\u00f3 del evento tambi\u00e9n la profesora ARQ UC Alejandra Celed\u00f3n, quien pr\u00f3ximamente publicar\u00e1 el libro Ventana.","og_url":"https:\/\/fadeu.urantiacos.cl\/en\/2023\/06\/05\/profesores-arq-uc-participan-en-lanzamiento-de-editorial-bifurcaciones\/","og_site_name":"Facultad de Arquitectura, Dise\u00f1o y Estudios Urbanos","article_published_time":"2023-06-06T01:28:00+00:00","article_modified_time":"2023-08-31T01:31:15+00:00","og_image":[{"width":350,"height":250,"url":"https:\/\/fadeu.urantiacos.cl\/wp-content\/uploads\/2023\/08\/web_Captura_de_Pantalla_2023-06-05_a_las_10.41.03-1.png","type":"image\/png"}],"author":"manadmin","twitter_card":"summary_large_image","twitter_misc":{"Written by":"manadmin","Est. reading time":"2 minutes"},"schema":{"@context":"https:\/\/schema.org","@graph":[{"@type":"Article","@id":"https:\/\/fadeu.urantiacos.cl\/en\/2023\/06\/05\/profesores-arq-uc-participan-en-lanzamiento-de-editorial-bifurcaciones\/#article","isPartOf":{"@id":"https:\/\/fadeu.urantiacos.cl\/en\/2023\/06\/05\/profesores-arq-uc-participan-en-lanzamiento-de-editorial-bifurcaciones\/"},"author":{"name":"manadmin","@id":"https:\/\/fadeu.urantiacos.cl\/en\/#\/schema\/person\/d203e2e84b1c40275eac77b3061a19a2"},"headline":"Profesores ARQ UC participan en lanzamiento de editorial Bifurcaciones","datePublished":"2023-06-06T01:28:00+00:00","dateModified":"2023-08-31T01:31:15+00:00","mainEntityOfPage":{"@id":"https:\/\/fadeu.urantiacos.cl\/en\/2023\/06\/05\/profesores-arq-uc-participan-en-lanzamiento-de-editorial-bifurcaciones\/"},"wordCount":373,"commentCount":0,"image":{"@id":"https:\/\/fadeu.urantiacos.cl\/en\/2023\/06\/05\/profesores-arq-uc-participan-en-lanzamiento-de-editorial-bifurcaciones\/#primaryimage"},"thumbnailUrl":"https:\/\/fadeu.urantiacos.cl\/wp-content\/uploads\/2023\/08\/web_Captura_de_Pantalla_2023-06-05_a_las_10.41.03-1.png","articleSection":["Sin categorizar"],"inLanguage":"en-US","potentialAction":[{"@type":"CommentAction","name":"Comment","target":["https:\/\/fadeu.urantiacos.cl\/en\/2023\/06\/05\/profesores-arq-uc-participan-en-lanzamiento-de-editorial-bifurcaciones\/#respond"]}]},{"@type":"WebPage","@id":"https:\/\/fadeu.urantiacos.cl\/en\/2023\/06\/05\/profesores-arq-uc-participan-en-lanzamiento-de-editorial-bifurcaciones\/","url":"https:\/\/fadeu.urantiacos.cl\/en\/2023\/06\/05\/profesores-arq-uc-participan-en-lanzamiento-de-editorial-bifurcaciones\/","name":"Profesores ARQ UC participan en lanzamiento de editorial Bifurcaciones - Facultad de Arquitectura, Dise\u00f1o y Estudios Urbanos","isPartOf":{"@id":"https:\/\/fadeu.urantiacos.cl\/en\/#website"},"primaryImageOfPage":{"@id":"https:\/\/fadeu.urantiacos.cl\/en\/2023\/06\/05\/profesores-arq-uc-participan-en-lanzamiento-de-editorial-bifurcaciones\/#primaryimage"},"image":{"@id":"https:\/\/fadeu.urantiacos.cl\/en\/2023\/06\/05\/profesores-arq-uc-participan-en-lanzamiento-de-editorial-bifurcaciones\/#primaryimage"},"thumbnailUrl":"https:\/\/fadeu.urantiacos.cl\/wp-content\/uploads\/2023\/08\/web_Captura_de_Pantalla_2023-06-05_a_las_10.41.03-1.png","datePublished":"2023-06-06T01:28:00+00:00","dateModified":"2023-08-31T01:31:15+00:00","author":{"@id":"https:\/\/fadeu.urantiacos.cl\/en\/#\/schema\/person\/d203e2e84b1c40275eac77b3061a19a2"},"description":"En la instancia se presentaron dos nuevos libros: Suelo (Bifurcaciones, 2023), escrito por el profesor ARQ UC Francisco D\u00edaz, y Jard\u00edn (Bifurcaciones, 2023) del escritor argentino Jens Andermann. Particip\u00f3 del evento tambi\u00e9n la profesora ARQ UC Alejandra Celed\u00f3n, quien pr\u00f3ximamente publicar\u00e1 el libro Ventana.","breadcrumb":{"@id":"https:\/\/fadeu.urantiacos.cl\/en\/2023\/06\/05\/profesores-arq-uc-participan-en-lanzamiento-de-editorial-bifurcaciones\/#breadcrumb"},"inLanguage":"en-US","potentialAction":[{"@type":"ReadAction","target":["https:\/\/fadeu.urantiacos.cl\/en\/2023\/06\/05\/profesores-arq-uc-participan-en-lanzamiento-de-editorial-bifurcaciones\/"]}]},{"@type":"ImageObject","inLanguage":"en-US","@id":"https:\/\/fadeu.urantiacos.cl\/en\/2023\/06\/05\/profesores-arq-uc-participan-en-lanzamiento-de-editorial-bifurcaciones\/#primaryimage","url":"https:\/\/fadeu.urantiacos.cl\/wp-content\/uploads\/2023\/08\/web_Captura_de_Pantalla_2023-06-05_a_las_10.41.03-1.png","contentUrl":"https:\/\/fadeu.urantiacos.cl\/wp-content\/uploads\/2023\/08\/web_Captura_de_Pantalla_2023-06-05_a_las_10.41.03-1.png","width":350,"height":250},{"@type":"BreadcrumbList","@id":"https:\/\/fadeu.urantiacos.cl\/en\/2023\/06\/05\/profesores-arq-uc-participan-en-lanzamiento-de-editorial-bifurcaciones\/#breadcrumb","itemListElement":[{"@type":"ListItem","position":1,"name":"Portada","item":"https:\/\/fadeu.urantiacos.cl\/en\/"},{"@type":"ListItem","position":2,"name":"Profesores ARQ UC participan en lanzamiento de editorial Bifurcaciones"}]},{"@type":"WebSite","@id":"https:\/\/fadeu.urantiacos.cl\/en\/#website","url":"https:\/\/fadeu.urantiacos.cl\/en\/","name":"Facultad de Arquitectura, Dise\u00f1o y Estudios Urbanos","description":"Campus Lo Contador","potentialAction":[{"@type":"SearchAction","target":{"@type":"EntryPoint","urlTemplate":"https:\/\/fadeu.urantiacos.cl\/en\/?s={search_term_string}"},"query-input":{"@type":"PropertyValueSpecification","valueRequired":true,"valueName":"search_term_string"}}],"inLanguage":"en-US"},{"@type":"Person","@id":"https:\/\/fadeu.urantiacos.cl\/en\/#\/schema\/person\/d203e2e84b1c40275eac77b3061a19a2","name":"manadmin","image":{"@type":"ImageObject","inLanguage":"en-US","@id":"https:\/\/fadeu.urantiacos.cl\/en\/#\/schema\/person\/image\/","url":"https:\/\/secure.gravatar.com\/avatar\/4b1d8e3303b4a9d8968ac578947d8bc80d9aea359f388cdd4aac15cadc0e8447?s=96&d=mm&r=g","contentUrl":"https:\/\/secure.gravatar.com\/avatar\/4b1d8e3303b4a9d8968ac578947d8bc80d9aea359f388cdd4aac15cadc0e8447?s=96&d=mm&r=g","caption":"manadmin"},"sameAs":["https:\/\/fadeu.urantiacos.cl"]}]}},"_links":{"self":[{"href":"https:\/\/fadeu.urantiacos.cl\/en\/wp-json\/wp\/v2\/posts\/2302","targetHints":{"allow":["GET"]}}],"collection":[{"href":"https:\/\/fadeu.urantiacos.cl\/en\/wp-json\/wp\/v2\/posts"}],"about":[{"href":"https:\/\/fadeu.urantiacos.cl\/en\/wp-json\/wp\/v2\/types\/post"}],"author":[{"embeddable":true,"href":"https:\/\/fadeu.urantiacos.cl\/en\/wp-json\/wp\/v2\/users\/1"}],"replies":[{"embeddable":true,"href":"https:\/\/fadeu.urantiacos.cl\/en\/wp-json\/wp\/v2\/comments?post=2302"}],"version-history":[{"count":1,"href":"https:\/\/fadeu.urantiacos.cl\/en\/wp-json\/wp\/v2\/posts\/2302\/revisions"}],"predecessor-version":[{"id":2305,"href":"https:\/\/fadeu.urantiacos.cl\/en\/wp-json\/wp\/v2\/posts\/2302\/revisions\/2305"}],"wp:featuredmedia":[{"embeddable":true,"href":"https:\/\/fadeu.urantiacos.cl\/en\/wp-json\/wp\/v2\/media\/2304"}],"wp:attachment":[{"href":"https:\/\/fadeu.urantiacos.cl\/en\/wp-json\/wp\/v2\/media?parent=2302"}],"wp:term":[{"taxonomy":"category","embeddable":true,"href":"https:\/\/fadeu.urantiacos.cl\/en\/wp-json\/wp\/v2\/categories?post=2302"},{"taxonomy":"post_tag","embeddable":true,"href":"https:\/\/fadeu.urantiacos.cl\/en\/wp-json\/wp\/v2\/tags?post=2302"}],"curies":[{"name":"wp","href":"https:\/\/api.w.org\/{rel}","templated":true}]}}