{"id":2180,"date":"2023-06-16T20:30:00","date_gmt":"2023-06-16T23:30:00","guid":{"rendered":"https:\/\/fadeu.urantiacos.cl\/?p=2180"},"modified":"2023-08-30T20:32:51","modified_gmt":"2023-08-30T23:32:51","slug":"se-realiza-primer-seminario-entre-etica-diseno-y-filosofia","status":"publish","type":"post","link":"https:\/\/fadeu.urantiacos.cl\/en\/2023\/06\/16\/se-realiza-primer-seminario-entre-etica-diseno-y-filosofia\/","title":{"rendered":"Se realiza primer seminario entre \u00c9tica, Dise\u00f1o y Filosof\u00eda"},"content":{"rendered":"\n<figure class=\"wp-block-image size-full\"><img decoding=\"async\" width=\"350\" height=\"250\" src=\"https:\/\/fadeu.urantiacos.cl\/wp-content\/uploads\/2023\/08\/WEB_D6D905F2-5EA1-43EA-9A17-7E8ECA8367CC-1-scaled-1.jpg\" alt=\"\" class=\"wp-image-2181\" srcset=\"https:\/\/fadeu.urantiacos.cl\/wp-content\/uploads\/2023\/08\/WEB_D6D905F2-5EA1-43EA-9A17-7E8ECA8367CC-1-scaled-1.jpg 350w, https:\/\/fadeu.urantiacos.cl\/wp-content\/uploads\/2023\/08\/WEB_D6D905F2-5EA1-43EA-9A17-7E8ECA8367CC-1-scaled-1-300x214.jpg 300w\" sizes=\"(max-width: 350px) 100vw, 350px\" \/><\/figure>\n\n\n\n<p>En la instancia, desarrollada en dos jornadas, participaron adem\u00e1s los acad\u00e9micos&nbsp;Andrea Potest\u00e1&nbsp;y&nbsp;Mar\u00eda Victoria Barriga, Filosof\u00eda,&nbsp;Mauricio Correa, \u00c9tica,&nbsp;<a href=\"https:\/\/diseno.uc.cl\/persona\/dummer-sylvia\/\">Sylvia Dummer,<\/a>&nbsp;<a href=\"https:\/\/diseno.uc.cl\/persona\/alvarez-pedro\/\">Pedro \u00c1lvarez<\/a>&nbsp;y Mart\u00edn Tironi, Dise\u00f1o UC, quienes a trav\u00e9s de diferentes de sus ponencias abordaron preguntas&nbsp;como:&nbsp;\u00bfest\u00e1n&nbsp;lo suficientemente alineadas la pr\u00e1ctica del dise\u00f1o y las discusiones \u00e9ticas actuales?,&nbsp;\u00bfEn qu\u00e9 medida el cambio&nbsp;en los valores de nuestra sociedad&nbsp;y la creciente innovaci\u00f3n tecnol\u00f3gica mantienen las mismas apuestas filos\u00f3ficas del pasado?&nbsp;\u00bfQu\u00e9 tipo de enfoque \u00e9tico-proyectual conviene adoptar a fin de anticiparse a escenarios val\u00f3ricos din\u00e1micos? o \u00bfQu\u00e9 implica dise\u00f1ar en un momento de desastres y desestabilizaci\u00f3n ecol\u00f3gica?&nbsp;<\/p>\n\n\n\n<p>\u201cA pesar de lo dif\u00edcil que es cambiar la trayectoria de entender y hacer dise\u00f1o -basada en concepciones modernas y antropoc\u00e9ntricas- hoy emergen varias se\u00f1ales vinculadas a la devastaci\u00f3n ecol\u00f3gica que muestran la necesidad de una reorientaci\u00f3n \u00e9tica del dise\u00f1o, una que permita generar las condiciones para una hospitalidad planetaria. En lugar de seguir produciendo futuros obsoletos, incongruentes con los l\u00edmites planetarios que estamos experimentando, el dise\u00f1o puede contribuir a explorar nuevas formas de relacionarse con la Tierra y los diferentes seres que la habitan, desplegando una \u00e9tica del dise\u00f1o pensada para la habitabilidad terrestre\u201d, explic\u00f3 Tironi en su ponencia&nbsp;Hacia una \u00e9tica del desproyecto: notas para un dise\u00f1o terrestre.<\/p>\n\n\n\n<p>Por su parte, Sylvia Dummer reflexiona en torno a las formas de incorporar el pensamiento \u00e9tico en los futuros dise\u00f1adores y dise\u00f1adoras. Su ponencia explora diversos caminos para ense\u00f1ar \u00e9tica aplicada al dise\u00f1o a los estudiantes de esta disciplina. \u201cA partir de la combinaci\u00f3n de metodolog\u00edas de aprendizaje y el uso de conceptos de otras disciplinas que pueden ayudar a observar el acto de dise\u00f1ar bajo una nueva luz, buscamos encontrar mecanismos que promuevan la reflexi\u00f3n sobre los alcances del dise\u00f1o y sobre la responsabilidad social que le compete a la profesi\u00f3n\u201d, puntualiza.<\/p>\n\n\n\n<p>Muchos de los productos, sistemas, espacios y servicios que nos rodean no fueron dise\u00f1ados a la luz de valores que hoy demandan su incorporaci\u00f3n como, por ejemplo, la&nbsp;sustentabilidad, la transparencia, la inclusi\u00f3n o la equidad. Otros valores esenciales para nuestra convivencia&nbsp;democr\u00e1tica como la pluralidad, la responsabilidad, la interdependencia y la autonom\u00eda se ven amenazados frente a innovaciones en Inteligencia Artificial cada vez m\u00e1s automatizadas, o tecnolog\u00edas persuasivas que activamente promueven el enganche de sus usuario.<\/p>\n\n\n\n<p>INFORMACI\u00d3N PERIOD\u00cdSTICA<br>ESCUELA DE DISE\u00d1O<\/p>\n","protected":false},"excerpt":{"rendered":"<p>Con la participaci\u00f3n del Decano de la Facultad de Filosof\u00eda, Olof Page Depolo, el Director Instituto de \u00c9ticas Aplicadas, Juan Larra\u00edn y el Director de Dise\u00f1o UC, Mart\u00edn Tironi, se dio inicio al primer Seminario entre \u00c9tica, Dise\u00f1o y Filosof\u00eda, titulado Hacia una nueva \u00e9tica del proyecto: Reflexiones desde el Dise\u00f1o y la Filosof\u00eda.<\/p>\n","protected":false},"author":1,"featured_media":2182,"comment_status":"open","ping_status":"open","sticky":false,"template":"","format":"standard","meta":{"_acf_changed":false,"footnotes":""},"categories":[1],"tags":[],"class_list":["post-2180","post","type-post","status-publish","format-standard","has-post-thumbnail","hentry","category-sin-categorizar"],"acf":[],"yoast_head":"<!-- This site is optimized with the Yoast SEO plugin v27.1.1 - https:\/\/yoast.com\/product\/yoast-seo-wordpress\/ -->\n<title>Se realiza primer seminario entre \u00c9tica, Dise\u00f1o y Filosof\u00eda - Facultad de Arquitectura, Dise\u00f1o y Estudios Urbanos<\/title>\n<meta name=\"description\" content=\"Con la participaci\u00f3n del Decano de la Facultad de Filosof\u00eda, Olof Page Depolo, el Director Instituto de \u00c9ticas Aplicadas, Juan Larra\u00edn y el Director de Dise\u00f1o UC, Mart\u00edn Tironi, se dio inicio al primer Seminario entre \u00c9tica, Dise\u00f1o y Filosof\u00eda, titulado Hacia una nueva \u00e9tica del proyecto: Reflexiones desde el Dise\u00f1o y la Filosof\u00eda.\" \/>\n<meta name=\"robots\" content=\"index, follow, max-snippet:-1, max-image-preview:large, max-video-preview:-1\" \/>\n<link rel=\"canonical\" href=\"https:\/\/fadeu.urantiacos.cl\/en\/2023\/06\/16\/se-realiza-primer-seminario-entre-etica-diseno-y-filosofia\/\" \/>\n<meta property=\"og:locale\" content=\"en_US\" \/>\n<meta property=\"og:type\" content=\"article\" \/>\n<meta property=\"og:title\" content=\"Se realiza primer seminario entre \u00c9tica, Dise\u00f1o y Filosof\u00eda - Facultad de Arquitectura, Dise\u00f1o y Estudios Urbanos\" \/>\n<meta property=\"og:description\" content=\"Con la participaci\u00f3n del Decano de la Facultad de Filosof\u00eda, Olof Page Depolo, el Director Instituto de \u00c9ticas Aplicadas, Juan Larra\u00edn y el Director de Dise\u00f1o UC, Mart\u00edn Tironi, se dio inicio al primer Seminario entre \u00c9tica, Dise\u00f1o y Filosof\u00eda, titulado Hacia una nueva \u00e9tica del proyecto: Reflexiones desde el Dise\u00f1o y la Filosof\u00eda.\" \/>\n<meta property=\"og:url\" content=\"https:\/\/fadeu.urantiacos.cl\/en\/2023\/06\/16\/se-realiza-primer-seminario-entre-etica-diseno-y-filosofia\/\" \/>\n<meta property=\"og:site_name\" content=\"Facultad de Arquitectura, Dise\u00f1o y Estudios Urbanos\" \/>\n<meta property=\"article:published_time\" content=\"2023-06-16T23:30:00+00:00\" \/>\n<meta property=\"article:modified_time\" content=\"2023-08-30T23:32:51+00:00\" \/>\n<meta property=\"og:image\" content=\"https:\/\/fadeu.urantiacos.cl\/wp-content\/uploads\/2023\/08\/WEB_D6D905F2-5EA1-43EA-9A17-7E8ECA8367CC-1-scaled-2.jpg\" \/>\n\t<meta property=\"og:image:width\" content=\"350\" \/>\n\t<meta property=\"og:image:height\" content=\"250\" \/>\n\t<meta property=\"og:image:type\" content=\"image\/jpeg\" \/>\n<meta name=\"author\" content=\"manadmin\" \/>\n<meta name=\"twitter:card\" content=\"summary_large_image\" \/>\n<meta name=\"twitter:label1\" content=\"Written by\" \/>\n\t<meta name=\"twitter:data1\" content=\"manadmin\" \/>\n\t<meta name=\"twitter:label2\" content=\"Est. reading time\" \/>\n\t<meta name=\"twitter:data2\" content=\"2 minutes\" \/>\n<script type=\"application\/ld+json\" class=\"yoast-schema-graph\">{\"@context\":\"https:\/\/schema.org\",\"@graph\":[{\"@type\":\"Article\",\"@id\":\"https:\/\/fadeu.urantiacos.cl\/en\/2023\/06\/16\/se-realiza-primer-seminario-entre-etica-diseno-y-filosofia\/#article\",\"isPartOf\":{\"@id\":\"https:\/\/fadeu.urantiacos.cl\/en\/2023\/06\/16\/se-realiza-primer-seminario-entre-etica-diseno-y-filosofia\/\"},\"author\":{\"name\":\"manadmin\",\"@id\":\"https:\/\/fadeu.urantiacos.cl\/en\/#\/schema\/person\/d203e2e84b1c40275eac77b3061a19a2\"},\"headline\":\"Se realiza primer seminario entre \u00c9tica, Dise\u00f1o y Filosof\u00eda\",\"datePublished\":\"2023-06-16T23:30:00+00:00\",\"dateModified\":\"2023-08-30T23:32:51+00:00\",\"mainEntityOfPage\":{\"@id\":\"https:\/\/fadeu.urantiacos.cl\/en\/2023\/06\/16\/se-realiza-primer-seminario-entre-etica-diseno-y-filosofia\/\"},\"wordCount\":467,\"commentCount\":0,\"image\":{\"@id\":\"https:\/\/fadeu.urantiacos.cl\/en\/2023\/06\/16\/se-realiza-primer-seminario-entre-etica-diseno-y-filosofia\/#primaryimage\"},\"thumbnailUrl\":\"https:\/\/fadeu.urantiacos.cl\/wp-content\/uploads\/2023\/08\/WEB_D6D905F2-5EA1-43EA-9A17-7E8ECA8367CC-1-scaled-2.jpg\",\"articleSection\":[\"Sin categorizar\"],\"inLanguage\":\"en-US\",\"potentialAction\":[{\"@type\":\"CommentAction\",\"name\":\"Comment\",\"target\":[\"https:\/\/fadeu.urantiacos.cl\/en\/2023\/06\/16\/se-realiza-primer-seminario-entre-etica-diseno-y-filosofia\/#respond\"]}]},{\"@type\":\"WebPage\",\"@id\":\"https:\/\/fadeu.urantiacos.cl\/en\/2023\/06\/16\/se-realiza-primer-seminario-entre-etica-diseno-y-filosofia\/\",\"url\":\"https:\/\/fadeu.urantiacos.cl\/en\/2023\/06\/16\/se-realiza-primer-seminario-entre-etica-diseno-y-filosofia\/\",\"name\":\"Se realiza primer seminario entre \u00c9tica, Dise\u00f1o y Filosof\u00eda - Facultad de Arquitectura, Dise\u00f1o y Estudios Urbanos\",\"isPartOf\":{\"@id\":\"https:\/\/fadeu.urantiacos.cl\/en\/#website\"},\"primaryImageOfPage\":{\"@id\":\"https:\/\/fadeu.urantiacos.cl\/en\/2023\/06\/16\/se-realiza-primer-seminario-entre-etica-diseno-y-filosofia\/#primaryimage\"},\"image\":{\"@id\":\"https:\/\/fadeu.urantiacos.cl\/en\/2023\/06\/16\/se-realiza-primer-seminario-entre-etica-diseno-y-filosofia\/#primaryimage\"},\"thumbnailUrl\":\"https:\/\/fadeu.urantiacos.cl\/wp-content\/uploads\/2023\/08\/WEB_D6D905F2-5EA1-43EA-9A17-7E8ECA8367CC-1-scaled-2.jpg\",\"datePublished\":\"2023-06-16T23:30:00+00:00\",\"dateModified\":\"2023-08-30T23:32:51+00:00\",\"author\":{\"@id\":\"https:\/\/fadeu.urantiacos.cl\/en\/#\/schema\/person\/d203e2e84b1c40275eac77b3061a19a2\"},\"description\":\"Con la participaci\u00f3n del Decano de la Facultad de Filosof\u00eda, Olof Page Depolo, el Director Instituto de \u00c9ticas Aplicadas, Juan Larra\u00edn y el Director de Dise\u00f1o UC, Mart\u00edn Tironi, se dio inicio al primer Seminario entre \u00c9tica, Dise\u00f1o y Filosof\u00eda, titulado Hacia una nueva \u00e9tica del proyecto: Reflexiones desde el Dise\u00f1o y la Filosof\u00eda.\",\"breadcrumb\":{\"@id\":\"https:\/\/fadeu.urantiacos.cl\/en\/2023\/06\/16\/se-realiza-primer-seminario-entre-etica-diseno-y-filosofia\/#breadcrumb\"},\"inLanguage\":\"en-US\",\"potentialAction\":[{\"@type\":\"ReadAction\",\"target\":[\"https:\/\/fadeu.urantiacos.cl\/en\/2023\/06\/16\/se-realiza-primer-seminario-entre-etica-diseno-y-filosofia\/\"]}]},{\"@type\":\"ImageObject\",\"inLanguage\":\"en-US\",\"@id\":\"https:\/\/fadeu.urantiacos.cl\/en\/2023\/06\/16\/se-realiza-primer-seminario-entre-etica-diseno-y-filosofia\/#primaryimage\",\"url\":\"https:\/\/fadeu.urantiacos.cl\/wp-content\/uploads\/2023\/08\/WEB_D6D905F2-5EA1-43EA-9A17-7E8ECA8367CC-1-scaled-2.jpg\",\"contentUrl\":\"https:\/\/fadeu.urantiacos.cl\/wp-content\/uploads\/2023\/08\/WEB_D6D905F2-5EA1-43EA-9A17-7E8ECA8367CC-1-scaled-2.jpg\",\"width\":350,\"height\":250},{\"@type\":\"BreadcrumbList\",\"@id\":\"https:\/\/fadeu.urantiacos.cl\/en\/2023\/06\/16\/se-realiza-primer-seminario-entre-etica-diseno-y-filosofia\/#breadcrumb\",\"itemListElement\":[{\"@type\":\"ListItem\",\"position\":1,\"name\":\"Portada\",\"item\":\"https:\/\/fadeu.urantiacos.cl\/en\/\"},{\"@type\":\"ListItem\",\"position\":2,\"name\":\"Se realiza primer seminario entre \u00c9tica, Dise\u00f1o y Filosof\u00eda\"}]},{\"@type\":\"WebSite\",\"@id\":\"https:\/\/fadeu.urantiacos.cl\/en\/#website\",\"url\":\"https:\/\/fadeu.urantiacos.cl\/en\/\",\"name\":\"Facultad de Arquitectura, Dise\u00f1o y Estudios Urbanos\",\"description\":\"Campus Lo Contador\",\"potentialAction\":[{\"@type\":\"SearchAction\",\"target\":{\"@type\":\"EntryPoint\",\"urlTemplate\":\"https:\/\/fadeu.urantiacos.cl\/en\/?s={search_term_string}\"},\"query-input\":{\"@type\":\"PropertyValueSpecification\",\"valueRequired\":true,\"valueName\":\"search_term_string\"}}],\"inLanguage\":\"en-US\"},{\"@type\":\"Person\",\"@id\":\"https:\/\/fadeu.urantiacos.cl\/en\/#\/schema\/person\/d203e2e84b1c40275eac77b3061a19a2\",\"name\":\"manadmin\",\"image\":{\"@type\":\"ImageObject\",\"inLanguage\":\"en-US\",\"@id\":\"https:\/\/fadeu.urantiacos.cl\/en\/#\/schema\/person\/image\/\",\"url\":\"https:\/\/secure.gravatar.com\/avatar\/4b1d8e3303b4a9d8968ac578947d8bc80d9aea359f388cdd4aac15cadc0e8447?s=96&d=mm&r=g\",\"contentUrl\":\"https:\/\/secure.gravatar.com\/avatar\/4b1d8e3303b4a9d8968ac578947d8bc80d9aea359f388cdd4aac15cadc0e8447?s=96&d=mm&r=g\",\"caption\":\"manadmin\"},\"sameAs\":[\"https:\/\/fadeu.urantiacos.cl\"]}]}<\/script>\n<!-- \/ Yoast SEO plugin. -->","yoast_head_json":{"title":"Se realiza primer seminario entre \u00c9tica, Dise\u00f1o y Filosof\u00eda - Facultad de Arquitectura, Dise\u00f1o y Estudios Urbanos","description":"Con la participaci\u00f3n del Decano de la Facultad de Filosof\u00eda, Olof Page Depolo, el Director Instituto de \u00c9ticas Aplicadas, Juan Larra\u00edn y el Director de Dise\u00f1o UC, Mart\u00edn Tironi, se dio inicio al primer Seminario entre \u00c9tica, Dise\u00f1o y Filosof\u00eda, titulado Hacia una nueva \u00e9tica del proyecto: Reflexiones desde el Dise\u00f1o y la Filosof\u00eda.","robots":{"index":"index","follow":"follow","max-snippet":"max-snippet:-1","max-image-preview":"max-image-preview:large","max-video-preview":"max-video-preview:-1"},"canonical":"https:\/\/fadeu.urantiacos.cl\/en\/2023\/06\/16\/se-realiza-primer-seminario-entre-etica-diseno-y-filosofia\/","og_locale":"en_US","og_type":"article","og_title":"Se realiza primer seminario entre \u00c9tica, Dise\u00f1o y Filosof\u00eda - Facultad de Arquitectura, Dise\u00f1o y Estudios Urbanos","og_description":"Con la participaci\u00f3n del Decano de la Facultad de Filosof\u00eda, Olof Page Depolo, el Director Instituto de \u00c9ticas Aplicadas, Juan Larra\u00edn y el Director de Dise\u00f1o UC, Mart\u00edn Tironi, se dio inicio al primer Seminario entre \u00c9tica, Dise\u00f1o y Filosof\u00eda, titulado Hacia una nueva \u00e9tica del proyecto: Reflexiones desde el Dise\u00f1o y la Filosof\u00eda.","og_url":"https:\/\/fadeu.urantiacos.cl\/en\/2023\/06\/16\/se-realiza-primer-seminario-entre-etica-diseno-y-filosofia\/","og_site_name":"Facultad de Arquitectura, Dise\u00f1o y Estudios Urbanos","article_published_time":"2023-06-16T23:30:00+00:00","article_modified_time":"2023-08-30T23:32:51+00:00","og_image":[{"width":350,"height":250,"url":"https:\/\/fadeu.urantiacos.cl\/wp-content\/uploads\/2023\/08\/WEB_D6D905F2-5EA1-43EA-9A17-7E8ECA8367CC-1-scaled-2.jpg","type":"image\/jpeg"}],"author":"manadmin","twitter_card":"summary_large_image","twitter_misc":{"Written by":"manadmin","Est. reading time":"2 minutes"},"schema":{"@context":"https:\/\/schema.org","@graph":[{"@type":"Article","@id":"https:\/\/fadeu.urantiacos.cl\/en\/2023\/06\/16\/se-realiza-primer-seminario-entre-etica-diseno-y-filosofia\/#article","isPartOf":{"@id":"https:\/\/fadeu.urantiacos.cl\/en\/2023\/06\/16\/se-realiza-primer-seminario-entre-etica-diseno-y-filosofia\/"},"author":{"name":"manadmin","@id":"https:\/\/fadeu.urantiacos.cl\/en\/#\/schema\/person\/d203e2e84b1c40275eac77b3061a19a2"},"headline":"Se realiza primer seminario entre \u00c9tica, Dise\u00f1o y Filosof\u00eda","datePublished":"2023-06-16T23:30:00+00:00","dateModified":"2023-08-30T23:32:51+00:00","mainEntityOfPage":{"@id":"https:\/\/fadeu.urantiacos.cl\/en\/2023\/06\/16\/se-realiza-primer-seminario-entre-etica-diseno-y-filosofia\/"},"wordCount":467,"commentCount":0,"image":{"@id":"https:\/\/fadeu.urantiacos.cl\/en\/2023\/06\/16\/se-realiza-primer-seminario-entre-etica-diseno-y-filosofia\/#primaryimage"},"thumbnailUrl":"https:\/\/fadeu.urantiacos.cl\/wp-content\/uploads\/2023\/08\/WEB_D6D905F2-5EA1-43EA-9A17-7E8ECA8367CC-1-scaled-2.jpg","articleSection":["Sin categorizar"],"inLanguage":"en-US","potentialAction":[{"@type":"CommentAction","name":"Comment","target":["https:\/\/fadeu.urantiacos.cl\/en\/2023\/06\/16\/se-realiza-primer-seminario-entre-etica-diseno-y-filosofia\/#respond"]}]},{"@type":"WebPage","@id":"https:\/\/fadeu.urantiacos.cl\/en\/2023\/06\/16\/se-realiza-primer-seminario-entre-etica-diseno-y-filosofia\/","url":"https:\/\/fadeu.urantiacos.cl\/en\/2023\/06\/16\/se-realiza-primer-seminario-entre-etica-diseno-y-filosofia\/","name":"Se realiza primer seminario entre \u00c9tica, Dise\u00f1o y Filosof\u00eda - Facultad de Arquitectura, Dise\u00f1o y Estudios Urbanos","isPartOf":{"@id":"https:\/\/fadeu.urantiacos.cl\/en\/#website"},"primaryImageOfPage":{"@id":"https:\/\/fadeu.urantiacos.cl\/en\/2023\/06\/16\/se-realiza-primer-seminario-entre-etica-diseno-y-filosofia\/#primaryimage"},"image":{"@id":"https:\/\/fadeu.urantiacos.cl\/en\/2023\/06\/16\/se-realiza-primer-seminario-entre-etica-diseno-y-filosofia\/#primaryimage"},"thumbnailUrl":"https:\/\/fadeu.urantiacos.cl\/wp-content\/uploads\/2023\/08\/WEB_D6D905F2-5EA1-43EA-9A17-7E8ECA8367CC-1-scaled-2.jpg","datePublished":"2023-06-16T23:30:00+00:00","dateModified":"2023-08-30T23:32:51+00:00","author":{"@id":"https:\/\/fadeu.urantiacos.cl\/en\/#\/schema\/person\/d203e2e84b1c40275eac77b3061a19a2"},"description":"Con la participaci\u00f3n del Decano de la Facultad de Filosof\u00eda, Olof Page Depolo, el Director Instituto de \u00c9ticas Aplicadas, Juan Larra\u00edn y el Director de Dise\u00f1o UC, Mart\u00edn Tironi, se dio inicio al primer Seminario entre \u00c9tica, Dise\u00f1o y Filosof\u00eda, titulado Hacia una nueva \u00e9tica del proyecto: Reflexiones desde el Dise\u00f1o y la Filosof\u00eda.","breadcrumb":{"@id":"https:\/\/fadeu.urantiacos.cl\/en\/2023\/06\/16\/se-realiza-primer-seminario-entre-etica-diseno-y-filosofia\/#breadcrumb"},"inLanguage":"en-US","potentialAction":[{"@type":"ReadAction","target":["https:\/\/fadeu.urantiacos.cl\/en\/2023\/06\/16\/se-realiza-primer-seminario-entre-etica-diseno-y-filosofia\/"]}]},{"@type":"ImageObject","inLanguage":"en-US","@id":"https:\/\/fadeu.urantiacos.cl\/en\/2023\/06\/16\/se-realiza-primer-seminario-entre-etica-diseno-y-filosofia\/#primaryimage","url":"https:\/\/fadeu.urantiacos.cl\/wp-content\/uploads\/2023\/08\/WEB_D6D905F2-5EA1-43EA-9A17-7E8ECA8367CC-1-scaled-2.jpg","contentUrl":"https:\/\/fadeu.urantiacos.cl\/wp-content\/uploads\/2023\/08\/WEB_D6D905F2-5EA1-43EA-9A17-7E8ECA8367CC-1-scaled-2.jpg","width":350,"height":250},{"@type":"BreadcrumbList","@id":"https:\/\/fadeu.urantiacos.cl\/en\/2023\/06\/16\/se-realiza-primer-seminario-entre-etica-diseno-y-filosofia\/#breadcrumb","itemListElement":[{"@type":"ListItem","position":1,"name":"Portada","item":"https:\/\/fadeu.urantiacos.cl\/en\/"},{"@type":"ListItem","position":2,"name":"Se realiza primer seminario entre \u00c9tica, Dise\u00f1o y Filosof\u00eda"}]},{"@type":"WebSite","@id":"https:\/\/fadeu.urantiacos.cl\/en\/#website","url":"https:\/\/fadeu.urantiacos.cl\/en\/","name":"Facultad de Arquitectura, Dise\u00f1o y Estudios Urbanos","description":"Campus Lo Contador","potentialAction":[{"@type":"SearchAction","target":{"@type":"EntryPoint","urlTemplate":"https:\/\/fadeu.urantiacos.cl\/en\/?s={search_term_string}"},"query-input":{"@type":"PropertyValueSpecification","valueRequired":true,"valueName":"search_term_string"}}],"inLanguage":"en-US"},{"@type":"Person","@id":"https:\/\/fadeu.urantiacos.cl\/en\/#\/schema\/person\/d203e2e84b1c40275eac77b3061a19a2","name":"manadmin","image":{"@type":"ImageObject","inLanguage":"en-US","@id":"https:\/\/fadeu.urantiacos.cl\/en\/#\/schema\/person\/image\/","url":"https:\/\/secure.gravatar.com\/avatar\/4b1d8e3303b4a9d8968ac578947d8bc80d9aea359f388cdd4aac15cadc0e8447?s=96&d=mm&r=g","contentUrl":"https:\/\/secure.gravatar.com\/avatar\/4b1d8e3303b4a9d8968ac578947d8bc80d9aea359f388cdd4aac15cadc0e8447?s=96&d=mm&r=g","caption":"manadmin"},"sameAs":["https:\/\/fadeu.urantiacos.cl"]}]}},"_links":{"self":[{"href":"https:\/\/fadeu.urantiacos.cl\/en\/wp-json\/wp\/v2\/posts\/2180","targetHints":{"allow":["GET"]}}],"collection":[{"href":"https:\/\/fadeu.urantiacos.cl\/en\/wp-json\/wp\/v2\/posts"}],"about":[{"href":"https:\/\/fadeu.urantiacos.cl\/en\/wp-json\/wp\/v2\/types\/post"}],"author":[{"embeddable":true,"href":"https:\/\/fadeu.urantiacos.cl\/en\/wp-json\/wp\/v2\/users\/1"}],"replies":[{"embeddable":true,"href":"https:\/\/fadeu.urantiacos.cl\/en\/wp-json\/wp\/v2\/comments?post=2180"}],"version-history":[{"count":1,"href":"https:\/\/fadeu.urantiacos.cl\/en\/wp-json\/wp\/v2\/posts\/2180\/revisions"}],"predecessor-version":[{"id":2183,"href":"https:\/\/fadeu.urantiacos.cl\/en\/wp-json\/wp\/v2\/posts\/2180\/revisions\/2183"}],"wp:featuredmedia":[{"embeddable":true,"href":"https:\/\/fadeu.urantiacos.cl\/en\/wp-json\/wp\/v2\/media\/2182"}],"wp:attachment":[{"href":"https:\/\/fadeu.urantiacos.cl\/en\/wp-json\/wp\/v2\/media?parent=2180"}],"wp:term":[{"taxonomy":"category","embeddable":true,"href":"https:\/\/fadeu.urantiacos.cl\/en\/wp-json\/wp\/v2\/categories?post=2180"},{"taxonomy":"post_tag","embeddable":true,"href":"https:\/\/fadeu.urantiacos.cl\/en\/wp-json\/wp\/v2\/tags?post=2180"}],"curies":[{"name":"wp","href":"https:\/\/api.w.org\/{rel}","templated":true}]}}