{"id":16849,"date":"2021-03-25T21:47:00","date_gmt":"2021-03-26T00:47:00","guid":{"rendered":"https:\/\/fadeu.urantiacos.cl\/?p=16849"},"modified":"2023-09-26T20:04:53","modified_gmt":"2023-09-26T23:04:53","slug":"low-tech-design-group-la-enriquecedora-alianza-entre-la-escuela-de-diseno-y-la-facultad-de-ciencias-biologica","status":"publish","type":"post","link":"https:\/\/fadeu.urantiacos.cl\/en\/2021\/03\/25\/low-tech-design-group-la-enriquecedora-alianza-entre-la-escuela-de-diseno-y-la-facultad-de-ciencias-biologica\/","title":{"rendered":"Low.Tech Design Group: la enriquecedora alianza entre la escuela de Dise\u00f1o y la facultad de Ciencias Biol\u00f3gica"},"content":{"rendered":"\n<h4 class=\"wp-block-heading\">Low.Tech Design Group es una iniciativa de la Facultad de Arquitectura, Dise\u00f1o y Estudios Urbanos UC, a cargo del dise\u00f1ador Alejandro Dur\u00e1n, acad\u00e9mico e investigador de la Escuela de Dise\u00f1o, que tiene la finalidad de promover el desarrollo y transferencia de proyectos con alto impacto social y una perspectiva renovada sobre la incorporaci\u00f3n de avances tecnol\u00f3gicos y cient\u00edficos por medio de procesos, materiales y recursos accesibles para un gran porcentaje de la sociedad.<\/h4>\n\n\n\n<p>El grupo aborda distintas l\u00edneas de investigaci\u00f3n: alimentaci\u00f3n, energ\u00eda y todos aquellos procesos productivos que puedan ser optimizados desde la inclusi\u00f3n del dise\u00f1o como catalizador de eficiencia y accesibilidad.<\/p>\n\n\n\n<p>Desde hace un tiempo, estudiantes de Dise\u00f1o en conjunto con estudiantes de Microbiolog\u00eda Marina, trabajan representando e interpretando conceptos propios de la disciplina, a trav\u00e9s de un trabajo interdisciplinario, coordinado y cooperativo entre la Facultad de Ciencias Biol\u00f3gicas y la escuela de Dise\u00f1o UC.<\/p>\n\n\n\n<p>Conversamos al respecto con el profesor de la escuela de Dise\u00f1o, Alejandro Dur\u00e1n, quien esboz\u00f3 los alcances de este proyecto, que en su dimensi\u00f3n acad\u00e9mica le ha significado integrarse al Doctorado en Ciencias Biol\u00f3gicas.<\/p>\n\n\n\n<p>P: \u00bfC\u00f3mo naci\u00f3 la idea de trabajar en conjunto con la Facultad de Ciencias Biol\u00f3gicas?<\/p>\n\n\n\n<p>AD: A partir del a\u00f1o 2019, gracias al v\u00ednculo generado por Isidora Morel, ayudante del curso Microbiolog\u00eda Marina UC, comienza una alianza con el Laboratorio dirigido por el doctor Rodrigo De la Iglesia y las c\u00e1tedras que imparte en la Facultad de Ciencias Biol\u00f3gicas.<\/p>\n\n\n\n<p>Exist\u00eda desde ambos equipos acad\u00e9micos la intenci\u00f3n de provocar una apertura disciplinar para enriquecer los procesos de aprendizaje de nuestras y nuestros estudiantes.<\/p>\n\n\n\n<p>En este sentido, las primeras aproximaciones al trabajo interdisciplinario estuvieron supeditadas a una perspectiva de Dise\u00f1o Biol\u00f3gicamente inspirado (BID) en donde las y los estudiantes del taller Lowtech &amp; Ciencia UC, se enfrentaron al desaf\u00edo de generar propuestas educativas basadas en las investigaciones desarrolladas por los equipos de estudiantes de Ciencias Biol\u00f3gicas. La presentaci\u00f3n de las investigaciones y las propuestas de dise\u00f1o se llev\u00f3 a cabo en las instalaciones de la Estaci\u00f3n Costera de Investigaciones Marinas ECIM, ubicada en la localidad de Las Cruces con la presencia de investigadores y expertos en transferencia cient\u00edfica.<\/p>\n\n\n\n<p>P: \u00bfQu\u00e9 experiencia rescatas, m\u00e1s all\u00e1 de la generaci\u00f3n de iniciativas, en lo relativo a la formaci\u00f3n integral y el valor de la interdisciplina?<\/p>\n\n\n\n<p>AD: Uno de los principales logros obtenidos ha sido el valor transdisciplinar de la conformaci\u00f3n de estos nuevos consorcios. La cooperaci\u00f3n e integraci\u00f3n de disciplinas alejadas desde lo curricular pero conectadas desde su inter\u00e9s en la generaci\u00f3n de conocimiento ha permitido la emergencia de nuevas oportunidades de investigaci\u00f3n y desarrollo.<\/p>\n\n\n\n<p>Durante las primeras versiones, el trabajo se encapsul\u00f3 desde una esfera interdisciplinar en donde los estudiantes de cada carrera conoc\u00edan sobre los saberes del otro, aprend\u00edan competencias de sus compa\u00f1eras y compa\u00f1eros; y si bien los resultados obtenidos lograban un mejor nivel de resoluci\u00f3n, sus procesos de aprendizaje no se ve\u00edan necesariamente enriquecidos de estas cooperaciones.<\/p>\n\n\n\n<p>Durante las \u00faltimas versiones, nuestra apuesta ha sido la de generar consorcios entre \u201claboratorios\u201d de estudiantes de Ciencias Biol\u00f3gicas y \u201cestudios\u201d de estudiantes de Dise\u00f1o.&nbsp; Esta nueva estructura integrada de trabajo no solo ha favorecido la cooperaci\u00f3n, adem\u00e1s ha promovido el surgimiento de proyectos que nacen desde esta fusi\u00f3n de aproximaciones disciplinares.<\/p>\n\n\n\n<p>P: \u00bfQu\u00e9 proyectos est\u00e1n trabajando actualmente en conjunto?<\/p>\n\n\n\n<p>AD: En esta versi\u00f3n del taller integrado hemos abordado el trabajo transdisciplinar desde la creaci\u00f3n de un centro ficticio de conservaci\u00f3n marina. Los consorcios conformados por estudiantes de ambas disciplinas ser\u00e1n parte del Centro Costero de Resiliencia, Flexibilidad y Experimentaci\u00f3n. De esta manera, cada grupo de trabajo avanzar\u00e1 desde propuestas I+D que abordan tem\u00e1ticas como la &#8220;Biorremediaci\u00f3n&#8221;, &#8220;Compuestos Bioactivos&#8221;, entre otros.<\/p>\n\n\n\n<p>Las condiciones de trabajo en modo telepresencia nos ha obligado a repensar las formas de interacci\u00f3n, pero tambi\u00e9n ha favorecido el uso de plataformas asincr\u00f3nicas de trabajo y comunicaci\u00f3n.<\/p>\n\n\n\n<p>Junto a lo anterior, daremos continuidad a lo hecho en la \u00faltima versi\u00f3n del taller en donde los estudiantes de Dise\u00f1o generaron propuestas l\u00fadicas digitales de transferencia de la investigaci\u00f3n de frontera realizada por el Laboratorio de Microbiolog\u00eda Marina UC a cargo del doctor Rodrigo De la Iglesia y el Laboratorio de Eco-gen\u00f3mica del Centro GEMA de la Universidad Mayor dirigido por la doctora Nicole Trefault.<\/p>\n\n\n\n<p>P: \u00bfExisten algunas novedades a futuro que quieras mencionar?<\/p>\n\n\n\n<p>AD: Junto con el trabajo configurado en cooperaci\u00f3n con la Facultad de Ciencias Biol\u00f3gicas y su direcci\u00f3n de Pregrado, tenemos la intenci\u00f3n de crear un v\u00ednculo efectivo con la Estaci\u00f3n Costera de Investigaciones Marinas ECIM y el centro de conservaci\u00f3n y educaci\u00f3n marina Chile es Mar. Durante este proceso de cooperaci\u00f3n hemos trabajado con la doctora Miriam Fern\u00e1ndez y su equipo en el dise\u00f1o de experiencias de aprendizaje para la comunidad.<\/p>\n\n\n\n<p>Nuestra esperanza es la de generar alianzas efectivas entre ambas facultades y promover el desarrollo de iniciativas que permitan catalizar los procesos de investigaci\u00f3n y su transferencia a la comunidad.<\/p>\n\n\n\n<p>Sumado a lo anterior, la reciente integraci\u00f3n del suscrito en el programa de Doctorado en Ciencias Biol\u00f3gicas de nuestra universidad tiene como objetivo potenciar estas alianzas y avanzar en conjunto hacia modelos transdisciplinares que favorezcan la integraci\u00f3n y la implementaci\u00f3n de modelos de cooperaci\u00f3n entre las distintas unidades.<\/p>\n\n\n<div class=\"wp-block-image\">\n<figure class=\"aligncenter size-large\"><img decoding=\"async\" width=\"1024\" height=\"576\" src=\"https:\/\/fadeu.urantiacos.cl\/wp-content\/uploads\/2023\/09\/la-enriquecedora-alianza-entre-la-escuela-de-Diseno-y-la-facultad-de-Ciencias-Biologica-1024x576.jpg\" alt=\"\" class=\"wp-image-16856\" srcset=\"https:\/\/fadeu.urantiacos.cl\/wp-content\/uploads\/2023\/09\/la-enriquecedora-alianza-entre-la-escuela-de-Diseno-y-la-facultad-de-Ciencias-Biologica-1024x576.jpg 1024w, https:\/\/fadeu.urantiacos.cl\/wp-content\/uploads\/2023\/09\/la-enriquecedora-alianza-entre-la-escuela-de-Diseno-y-la-facultad-de-Ciencias-Biologica-300x169.jpg 300w, https:\/\/fadeu.urantiacos.cl\/wp-content\/uploads\/2023\/09\/la-enriquecedora-alianza-entre-la-escuela-de-Diseno-y-la-facultad-de-Ciencias-Biologica-768x432.jpg 768w, https:\/\/fadeu.urantiacos.cl\/wp-content\/uploads\/2023\/09\/la-enriquecedora-alianza-entre-la-escuela-de-Diseno-y-la-facultad-de-Ciencias-Biologica.jpg 1280w\" sizes=\"(max-width: 1024px) 100vw, 1024px\" \/><\/figure>\n<\/div>","protected":false},"excerpt":{"rendered":"<p>Low.Tech Design Group es una iniciativa de la Facultad de Arquitectura, Dise\u00f1o y Estudios Urbanos UC, a cargo del dise\u00f1ador Alejandro Dur\u00e1n, acad\u00e9mico e investigador de la Escuela de Dise\u00f1o, que tiene la finalidad de promover el desarrollo y transferencia de proyectos con alto impacto social y una perspectiva renovada sobre la incorporaci\u00f3n de avances [&hellip;]<\/p>\n","protected":false},"author":1,"featured_media":16850,"comment_status":"open","ping_status":"open","sticky":false,"template":"","format":"standard","meta":{"_acf_changed":false,"footnotes":""},"categories":[1],"tags":[],"class_list":["post-16849","post","type-post","status-publish","format-standard","has-post-thumbnail","hentry","category-sin-categorizar"],"acf":[],"yoast_head":"<!-- This site is optimized with the Yoast SEO plugin v27.1.1 - https:\/\/yoast.com\/product\/yoast-seo-wordpress\/ -->\n<title>Low.Tech Design Group: la enriquecedora alianza entre la escuela de Dise\u00f1o y la facultad de Ciencias Biol\u00f3gica - Facultad de Arquitectura, Dise\u00f1o y Estudios Urbanos<\/title>\n<meta name=\"description\" content=\"Low.Tech Design Group es una iniciativa de la Facultad de Arquitectura, Dise\u00f1o y Estudios Urbanos UC, a cargo del dise\u00f1ador Alejandro Dur\u00e1n, acad\u00e9mico e\" \/>\n<meta name=\"robots\" content=\"index, follow, max-snippet:-1, max-image-preview:large, max-video-preview:-1\" \/>\n<link rel=\"canonical\" href=\"https:\/\/fadeu.urantiacos.cl\/en\/2021\/03\/25\/low-tech-design-group-la-enriquecedora-alianza-entre-la-escuela-de-diseno-y-la-facultad-de-ciencias-biologica\/\" \/>\n<meta property=\"og:locale\" content=\"en_US\" \/>\n<meta property=\"og:type\" content=\"article\" \/>\n<meta property=\"og:title\" content=\"Low.Tech Design Group: la enriquecedora alianza entre la escuela de Dise\u00f1o y la facultad de Ciencias Biol\u00f3gica - Facultad de Arquitectura, Dise\u00f1o y Estudios Urbanos\" \/>\n<meta property=\"og:description\" content=\"Low.Tech Design Group es una iniciativa de la Facultad de Arquitectura, Dise\u00f1o y Estudios Urbanos UC, a cargo del dise\u00f1ador Alejandro Dur\u00e1n, acad\u00e9mico e\" \/>\n<meta property=\"og:url\" content=\"https:\/\/fadeu.urantiacos.cl\/en\/2021\/03\/25\/low-tech-design-group-la-enriquecedora-alianza-entre-la-escuela-de-diseno-y-la-facultad-de-ciencias-biologica\/\" \/>\n<meta property=\"og:site_name\" content=\"Facultad de Arquitectura, Dise\u00f1o y Estudios Urbanos\" \/>\n<meta property=\"article:published_time\" content=\"2021-03-26T00:47:00+00:00\" \/>\n<meta property=\"article:modified_time\" content=\"2023-09-26T23:04:53+00:00\" \/>\n<meta property=\"og:image\" content=\"https:\/\/fadeu.urantiacos.cl\/wp-content\/uploads\/2023\/09\/ETLT_Talleres-2019-1_WEB.jpg\" \/>\n\t<meta property=\"og:image:width\" content=\"350\" \/>\n\t<meta property=\"og:image:height\" content=\"250\" \/>\n\t<meta property=\"og:image:type\" content=\"image\/jpeg\" \/>\n<meta name=\"author\" content=\"manadmin\" \/>\n<meta name=\"twitter:card\" content=\"summary_large_image\" \/>\n<meta name=\"twitter:label1\" content=\"Written by\" \/>\n\t<meta name=\"twitter:data1\" content=\"manadmin\" \/>\n\t<meta name=\"twitter:label2\" content=\"Est. reading time\" \/>\n\t<meta name=\"twitter:data2\" content=\"5 minutes\" \/>\n<script type=\"application\/ld+json\" class=\"yoast-schema-graph\">{\"@context\":\"https:\/\/schema.org\",\"@graph\":[{\"@type\":\"Article\",\"@id\":\"https:\/\/fadeu.urantiacos.cl\/en\/2021\/03\/25\/low-tech-design-group-la-enriquecedora-alianza-entre-la-escuela-de-diseno-y-la-facultad-de-ciencias-biologica\/#article\",\"isPartOf\":{\"@id\":\"https:\/\/fadeu.urantiacos.cl\/en\/2021\/03\/25\/low-tech-design-group-la-enriquecedora-alianza-entre-la-escuela-de-diseno-y-la-facultad-de-ciencias-biologica\/\"},\"author\":{\"name\":\"manadmin\",\"@id\":\"https:\/\/fadeu.urantiacos.cl\/en\/#\/schema\/person\/d203e2e84b1c40275eac77b3061a19a2\"},\"headline\":\"Low.Tech Design Group: la enriquecedora alianza entre la escuela de Dise\u00f1o y la facultad de Ciencias Biol\u00f3gica\",\"datePublished\":\"2021-03-26T00:47:00+00:00\",\"dateModified\":\"2023-09-26T23:04:53+00:00\",\"mainEntityOfPage\":{\"@id\":\"https:\/\/fadeu.urantiacos.cl\/en\/2021\/03\/25\/low-tech-design-group-la-enriquecedora-alianza-entre-la-escuela-de-diseno-y-la-facultad-de-ciencias-biologica\/\"},\"wordCount\":979,\"commentCount\":0,\"image\":{\"@id\":\"https:\/\/fadeu.urantiacos.cl\/en\/2021\/03\/25\/low-tech-design-group-la-enriquecedora-alianza-entre-la-escuela-de-diseno-y-la-facultad-de-ciencias-biologica\/#primaryimage\"},\"thumbnailUrl\":\"https:\/\/fadeu.urantiacos.cl\/wp-content\/uploads\/2023\/09\/ETLT_Talleres-2019-1_WEB.jpg\",\"articleSection\":[\"Sin categorizar\"],\"inLanguage\":\"en-US\",\"potentialAction\":[{\"@type\":\"CommentAction\",\"name\":\"Comment\",\"target\":[\"https:\/\/fadeu.urantiacos.cl\/en\/2021\/03\/25\/low-tech-design-group-la-enriquecedora-alianza-entre-la-escuela-de-diseno-y-la-facultad-de-ciencias-biologica\/#respond\"]}]},{\"@type\":\"WebPage\",\"@id\":\"https:\/\/fadeu.urantiacos.cl\/en\/2021\/03\/25\/low-tech-design-group-la-enriquecedora-alianza-entre-la-escuela-de-diseno-y-la-facultad-de-ciencias-biologica\/\",\"url\":\"https:\/\/fadeu.urantiacos.cl\/en\/2021\/03\/25\/low-tech-design-group-la-enriquecedora-alianza-entre-la-escuela-de-diseno-y-la-facultad-de-ciencias-biologica\/\",\"name\":\"Low.Tech Design Group: la enriquecedora alianza entre la escuela de Dise\u00f1o y la facultad de Ciencias Biol\u00f3gica - Facultad de Arquitectura, Dise\u00f1o y Estudios Urbanos\",\"isPartOf\":{\"@id\":\"https:\/\/fadeu.urantiacos.cl\/en\/#website\"},\"primaryImageOfPage\":{\"@id\":\"https:\/\/fadeu.urantiacos.cl\/en\/2021\/03\/25\/low-tech-design-group-la-enriquecedora-alianza-entre-la-escuela-de-diseno-y-la-facultad-de-ciencias-biologica\/#primaryimage\"},\"image\":{\"@id\":\"https:\/\/fadeu.urantiacos.cl\/en\/2021\/03\/25\/low-tech-design-group-la-enriquecedora-alianza-entre-la-escuela-de-diseno-y-la-facultad-de-ciencias-biologica\/#primaryimage\"},\"thumbnailUrl\":\"https:\/\/fadeu.urantiacos.cl\/wp-content\/uploads\/2023\/09\/ETLT_Talleres-2019-1_WEB.jpg\",\"datePublished\":\"2021-03-26T00:47:00+00:00\",\"dateModified\":\"2023-09-26T23:04:53+00:00\",\"author\":{\"@id\":\"https:\/\/fadeu.urantiacos.cl\/en\/#\/schema\/person\/d203e2e84b1c40275eac77b3061a19a2\"},\"description\":\"Low.Tech Design Group es una iniciativa de la Facultad de Arquitectura, Dise\u00f1o y Estudios Urbanos UC, a cargo del dise\u00f1ador Alejandro Dur\u00e1n, acad\u00e9mico e\",\"breadcrumb\":{\"@id\":\"https:\/\/fadeu.urantiacos.cl\/en\/2021\/03\/25\/low-tech-design-group-la-enriquecedora-alianza-entre-la-escuela-de-diseno-y-la-facultad-de-ciencias-biologica\/#breadcrumb\"},\"inLanguage\":\"en-US\",\"potentialAction\":[{\"@type\":\"ReadAction\",\"target\":[\"https:\/\/fadeu.urantiacos.cl\/en\/2021\/03\/25\/low-tech-design-group-la-enriquecedora-alianza-entre-la-escuela-de-diseno-y-la-facultad-de-ciencias-biologica\/\"]}]},{\"@type\":\"ImageObject\",\"inLanguage\":\"en-US\",\"@id\":\"https:\/\/fadeu.urantiacos.cl\/en\/2021\/03\/25\/low-tech-design-group-la-enriquecedora-alianza-entre-la-escuela-de-diseno-y-la-facultad-de-ciencias-biologica\/#primaryimage\",\"url\":\"https:\/\/fadeu.urantiacos.cl\/wp-content\/uploads\/2023\/09\/ETLT_Talleres-2019-1_WEB.jpg\",\"contentUrl\":\"https:\/\/fadeu.urantiacos.cl\/wp-content\/uploads\/2023\/09\/ETLT_Talleres-2019-1_WEB.jpg\",\"width\":350,\"height\":250},{\"@type\":\"BreadcrumbList\",\"@id\":\"https:\/\/fadeu.urantiacos.cl\/en\/2021\/03\/25\/low-tech-design-group-la-enriquecedora-alianza-entre-la-escuela-de-diseno-y-la-facultad-de-ciencias-biologica\/#breadcrumb\",\"itemListElement\":[{\"@type\":\"ListItem\",\"position\":1,\"name\":\"Portada\",\"item\":\"https:\/\/fadeu.urantiacos.cl\/en\/\"},{\"@type\":\"ListItem\",\"position\":2,\"name\":\"Low.Tech Design Group: la enriquecedora alianza entre la escuela de Dise\u00f1o y la facultad de Ciencias Biol\u00f3gica\"}]},{\"@type\":\"WebSite\",\"@id\":\"https:\/\/fadeu.urantiacos.cl\/en\/#website\",\"url\":\"https:\/\/fadeu.urantiacos.cl\/en\/\",\"name\":\"Facultad de Arquitectura, Dise\u00f1o y Estudios Urbanos\",\"description\":\"Campus Lo Contador\",\"potentialAction\":[{\"@type\":\"SearchAction\",\"target\":{\"@type\":\"EntryPoint\",\"urlTemplate\":\"https:\/\/fadeu.urantiacos.cl\/en\/?s={search_term_string}\"},\"query-input\":{\"@type\":\"PropertyValueSpecification\",\"valueRequired\":true,\"valueName\":\"search_term_string\"}}],\"inLanguage\":\"en-US\"},{\"@type\":\"Person\",\"@id\":\"https:\/\/fadeu.urantiacos.cl\/en\/#\/schema\/person\/d203e2e84b1c40275eac77b3061a19a2\",\"name\":\"manadmin\",\"image\":{\"@type\":\"ImageObject\",\"inLanguage\":\"en-US\",\"@id\":\"https:\/\/fadeu.urantiacos.cl\/en\/#\/schema\/person\/image\/\",\"url\":\"https:\/\/secure.gravatar.com\/avatar\/4b1d8e3303b4a9d8968ac578947d8bc80d9aea359f388cdd4aac15cadc0e8447?s=96&d=mm&r=g\",\"contentUrl\":\"https:\/\/secure.gravatar.com\/avatar\/4b1d8e3303b4a9d8968ac578947d8bc80d9aea359f388cdd4aac15cadc0e8447?s=96&d=mm&r=g\",\"caption\":\"manadmin\"},\"sameAs\":[\"https:\/\/fadeu.urantiacos.cl\"]}]}<\/script>\n<!-- \/ Yoast SEO plugin. -->","yoast_head_json":{"title":"Low.Tech Design Group: la enriquecedora alianza entre la escuela de Dise\u00f1o y la facultad de Ciencias Biol\u00f3gica - Facultad de Arquitectura, Dise\u00f1o y Estudios Urbanos","description":"Low.Tech Design Group es una iniciativa de la Facultad de Arquitectura, Dise\u00f1o y Estudios Urbanos UC, a cargo del dise\u00f1ador Alejandro Dur\u00e1n, acad\u00e9mico e","robots":{"index":"index","follow":"follow","max-snippet":"max-snippet:-1","max-image-preview":"max-image-preview:large","max-video-preview":"max-video-preview:-1"},"canonical":"https:\/\/fadeu.urantiacos.cl\/en\/2021\/03\/25\/low-tech-design-group-la-enriquecedora-alianza-entre-la-escuela-de-diseno-y-la-facultad-de-ciencias-biologica\/","og_locale":"en_US","og_type":"article","og_title":"Low.Tech Design Group: la enriquecedora alianza entre la escuela de Dise\u00f1o y la facultad de Ciencias Biol\u00f3gica - Facultad de Arquitectura, Dise\u00f1o y Estudios Urbanos","og_description":"Low.Tech Design Group es una iniciativa de la Facultad de Arquitectura, Dise\u00f1o y Estudios Urbanos UC, a cargo del dise\u00f1ador Alejandro Dur\u00e1n, acad\u00e9mico e","og_url":"https:\/\/fadeu.urantiacos.cl\/en\/2021\/03\/25\/low-tech-design-group-la-enriquecedora-alianza-entre-la-escuela-de-diseno-y-la-facultad-de-ciencias-biologica\/","og_site_name":"Facultad de Arquitectura, Dise\u00f1o y Estudios Urbanos","article_published_time":"2021-03-26T00:47:00+00:00","article_modified_time":"2023-09-26T23:04:53+00:00","og_image":[{"width":350,"height":250,"url":"https:\/\/fadeu.urantiacos.cl\/wp-content\/uploads\/2023\/09\/ETLT_Talleres-2019-1_WEB.jpg","type":"image\/jpeg"}],"author":"manadmin","twitter_card":"summary_large_image","twitter_misc":{"Written by":"manadmin","Est. reading time":"5 minutes"},"schema":{"@context":"https:\/\/schema.org","@graph":[{"@type":"Article","@id":"https:\/\/fadeu.urantiacos.cl\/en\/2021\/03\/25\/low-tech-design-group-la-enriquecedora-alianza-entre-la-escuela-de-diseno-y-la-facultad-de-ciencias-biologica\/#article","isPartOf":{"@id":"https:\/\/fadeu.urantiacos.cl\/en\/2021\/03\/25\/low-tech-design-group-la-enriquecedora-alianza-entre-la-escuela-de-diseno-y-la-facultad-de-ciencias-biologica\/"},"author":{"name":"manadmin","@id":"https:\/\/fadeu.urantiacos.cl\/en\/#\/schema\/person\/d203e2e84b1c40275eac77b3061a19a2"},"headline":"Low.Tech Design Group: la enriquecedora alianza entre la escuela de Dise\u00f1o y la facultad de Ciencias Biol\u00f3gica","datePublished":"2021-03-26T00:47:00+00:00","dateModified":"2023-09-26T23:04:53+00:00","mainEntityOfPage":{"@id":"https:\/\/fadeu.urantiacos.cl\/en\/2021\/03\/25\/low-tech-design-group-la-enriquecedora-alianza-entre-la-escuela-de-diseno-y-la-facultad-de-ciencias-biologica\/"},"wordCount":979,"commentCount":0,"image":{"@id":"https:\/\/fadeu.urantiacos.cl\/en\/2021\/03\/25\/low-tech-design-group-la-enriquecedora-alianza-entre-la-escuela-de-diseno-y-la-facultad-de-ciencias-biologica\/#primaryimage"},"thumbnailUrl":"https:\/\/fadeu.urantiacos.cl\/wp-content\/uploads\/2023\/09\/ETLT_Talleres-2019-1_WEB.jpg","articleSection":["Sin categorizar"],"inLanguage":"en-US","potentialAction":[{"@type":"CommentAction","name":"Comment","target":["https:\/\/fadeu.urantiacos.cl\/en\/2021\/03\/25\/low-tech-design-group-la-enriquecedora-alianza-entre-la-escuela-de-diseno-y-la-facultad-de-ciencias-biologica\/#respond"]}]},{"@type":"WebPage","@id":"https:\/\/fadeu.urantiacos.cl\/en\/2021\/03\/25\/low-tech-design-group-la-enriquecedora-alianza-entre-la-escuela-de-diseno-y-la-facultad-de-ciencias-biologica\/","url":"https:\/\/fadeu.urantiacos.cl\/en\/2021\/03\/25\/low-tech-design-group-la-enriquecedora-alianza-entre-la-escuela-de-diseno-y-la-facultad-de-ciencias-biologica\/","name":"Low.Tech Design Group: la enriquecedora alianza entre la escuela de Dise\u00f1o y la facultad de Ciencias Biol\u00f3gica - Facultad de Arquitectura, Dise\u00f1o y Estudios Urbanos","isPartOf":{"@id":"https:\/\/fadeu.urantiacos.cl\/en\/#website"},"primaryImageOfPage":{"@id":"https:\/\/fadeu.urantiacos.cl\/en\/2021\/03\/25\/low-tech-design-group-la-enriquecedora-alianza-entre-la-escuela-de-diseno-y-la-facultad-de-ciencias-biologica\/#primaryimage"},"image":{"@id":"https:\/\/fadeu.urantiacos.cl\/en\/2021\/03\/25\/low-tech-design-group-la-enriquecedora-alianza-entre-la-escuela-de-diseno-y-la-facultad-de-ciencias-biologica\/#primaryimage"},"thumbnailUrl":"https:\/\/fadeu.urantiacos.cl\/wp-content\/uploads\/2023\/09\/ETLT_Talleres-2019-1_WEB.jpg","datePublished":"2021-03-26T00:47:00+00:00","dateModified":"2023-09-26T23:04:53+00:00","author":{"@id":"https:\/\/fadeu.urantiacos.cl\/en\/#\/schema\/person\/d203e2e84b1c40275eac77b3061a19a2"},"description":"Low.Tech Design Group es una iniciativa de la Facultad de Arquitectura, Dise\u00f1o y Estudios Urbanos UC, a cargo del dise\u00f1ador Alejandro Dur\u00e1n, acad\u00e9mico e","breadcrumb":{"@id":"https:\/\/fadeu.urantiacos.cl\/en\/2021\/03\/25\/low-tech-design-group-la-enriquecedora-alianza-entre-la-escuela-de-diseno-y-la-facultad-de-ciencias-biologica\/#breadcrumb"},"inLanguage":"en-US","potentialAction":[{"@type":"ReadAction","target":["https:\/\/fadeu.urantiacos.cl\/en\/2021\/03\/25\/low-tech-design-group-la-enriquecedora-alianza-entre-la-escuela-de-diseno-y-la-facultad-de-ciencias-biologica\/"]}]},{"@type":"ImageObject","inLanguage":"en-US","@id":"https:\/\/fadeu.urantiacos.cl\/en\/2021\/03\/25\/low-tech-design-group-la-enriquecedora-alianza-entre-la-escuela-de-diseno-y-la-facultad-de-ciencias-biologica\/#primaryimage","url":"https:\/\/fadeu.urantiacos.cl\/wp-content\/uploads\/2023\/09\/ETLT_Talleres-2019-1_WEB.jpg","contentUrl":"https:\/\/fadeu.urantiacos.cl\/wp-content\/uploads\/2023\/09\/ETLT_Talleres-2019-1_WEB.jpg","width":350,"height":250},{"@type":"BreadcrumbList","@id":"https:\/\/fadeu.urantiacos.cl\/en\/2021\/03\/25\/low-tech-design-group-la-enriquecedora-alianza-entre-la-escuela-de-diseno-y-la-facultad-de-ciencias-biologica\/#breadcrumb","itemListElement":[{"@type":"ListItem","position":1,"name":"Portada","item":"https:\/\/fadeu.urantiacos.cl\/en\/"},{"@type":"ListItem","position":2,"name":"Low.Tech Design Group: la enriquecedora alianza entre la escuela de Dise\u00f1o y la facultad de Ciencias Biol\u00f3gica"}]},{"@type":"WebSite","@id":"https:\/\/fadeu.urantiacos.cl\/en\/#website","url":"https:\/\/fadeu.urantiacos.cl\/en\/","name":"Facultad de Arquitectura, Dise\u00f1o y Estudios Urbanos","description":"Campus Lo Contador","potentialAction":[{"@type":"SearchAction","target":{"@type":"EntryPoint","urlTemplate":"https:\/\/fadeu.urantiacos.cl\/en\/?s={search_term_string}"},"query-input":{"@type":"PropertyValueSpecification","valueRequired":true,"valueName":"search_term_string"}}],"inLanguage":"en-US"},{"@type":"Person","@id":"https:\/\/fadeu.urantiacos.cl\/en\/#\/schema\/person\/d203e2e84b1c40275eac77b3061a19a2","name":"manadmin","image":{"@type":"ImageObject","inLanguage":"en-US","@id":"https:\/\/fadeu.urantiacos.cl\/en\/#\/schema\/person\/image\/","url":"https:\/\/secure.gravatar.com\/avatar\/4b1d8e3303b4a9d8968ac578947d8bc80d9aea359f388cdd4aac15cadc0e8447?s=96&d=mm&r=g","contentUrl":"https:\/\/secure.gravatar.com\/avatar\/4b1d8e3303b4a9d8968ac578947d8bc80d9aea359f388cdd4aac15cadc0e8447?s=96&d=mm&r=g","caption":"manadmin"},"sameAs":["https:\/\/fadeu.urantiacos.cl"]}]}},"_links":{"self":[{"href":"https:\/\/fadeu.urantiacos.cl\/en\/wp-json\/wp\/v2\/posts\/16849","targetHints":{"allow":["GET"]}}],"collection":[{"href":"https:\/\/fadeu.urantiacos.cl\/en\/wp-json\/wp\/v2\/posts"}],"about":[{"href":"https:\/\/fadeu.urantiacos.cl\/en\/wp-json\/wp\/v2\/types\/post"}],"author":[{"embeddable":true,"href":"https:\/\/fadeu.urantiacos.cl\/en\/wp-json\/wp\/v2\/users\/1"}],"replies":[{"embeddable":true,"href":"https:\/\/fadeu.urantiacos.cl\/en\/wp-json\/wp\/v2\/comments?post=16849"}],"version-history":[{"count":2,"href":"https:\/\/fadeu.urantiacos.cl\/en\/wp-json\/wp\/v2\/posts\/16849\/revisions"}],"predecessor-version":[{"id":16858,"href":"https:\/\/fadeu.urantiacos.cl\/en\/wp-json\/wp\/v2\/posts\/16849\/revisions\/16858"}],"wp:featuredmedia":[{"embeddable":true,"href":"https:\/\/fadeu.urantiacos.cl\/en\/wp-json\/wp\/v2\/media\/16850"}],"wp:attachment":[{"href":"https:\/\/fadeu.urantiacos.cl\/en\/wp-json\/wp\/v2\/media?parent=16849"}],"wp:term":[{"taxonomy":"category","embeddable":true,"href":"https:\/\/fadeu.urantiacos.cl\/en\/wp-json\/wp\/v2\/categories?post=16849"},{"taxonomy":"post_tag","embeddable":true,"href":"https:\/\/fadeu.urantiacos.cl\/en\/wp-json\/wp\/v2\/tags?post=16849"}],"curies":[{"name":"wp","href":"https:\/\/api.w.org\/{rel}","templated":true}]}}