{"id":16845,"date":"2021-05-10T21:37:00","date_gmt":"2021-05-11T00:37:00","guid":{"rendered":"https:\/\/fadeu.urantiacos.cl\/?p=16845"},"modified":"2023-09-26T19:37:34","modified_gmt":"2023-09-26T22:37:34","slug":"pasarela-metropolitana-el-proyecto-desarrollado-por-el-laboratorio-mapocho-42k-e-impulsado-por-la-municipalidad-de-vitacura","status":"publish","type":"post","link":"https:\/\/fadeu.urantiacos.cl\/en\/2021\/05\/10\/pasarela-metropolitana-el-proyecto-desarrollado-por-el-laboratorio-mapocho-42k-e-impulsado-por-la-municipalidad-de-vitacura\/","title":{"rendered":"Pasarela Metropolitana, el proyecto desarrollado por el Laboratorio Mapocho 42K e impulsado por la Municipalidad de Vitacura"},"content":{"rendered":"\n<h4 class=\"wp-block-heading\">Durante la semana pasada, en varios medios, se dio a conocer la propuesta de la Pasarela Metropolitana desarrollada desde el a\u00f1o 2019 por Mapocho 42K Lab UC en conjunto por la Municipalidad de Vitacura, en el cual participan los profesores de la escuela de Arquitectura: Sandra Iturriaga, Juan Ignacio Baixas, Ra\u00fal Brito, con la colaboraci\u00f3n de Sof\u00eda Valdivia y An\u00edbal Retamal.<\/h4>\n\n\n\n<p>Este proyecto se propone como una respuesta integral a la conectividad de peatones y ciclistas en un punto neur\u00e1lgico de la ciudad -como lo es el cruce del R\u00edo Mapocho con el Puente Centenario, que actualmente est\u00e1 siendo intervenido por las obras de la autopista Am\u00e9rico Vespucio Oriente. &nbsp;\u00c9ste consiste en una pasarela de car\u00e1cter metropolitano, que seg\u00fan Sandra Iturriaga, \u201cgarantizar\u00e1 la&nbsp;continuidad del recorrido entre tres grandes parques de escala metropolitana, que forman parte de un&nbsp;mismo sistema de espacios verdes:&nbsp;el Parque Metropolitano, Parques de border\u00edo Mapocho 42K, y el Parque Am\u00e9rico Vespucio, beneficiando a un conjunto importante de comunas de la Regi\u00f3n metropolitana\u201d.<\/p>\n\n\n\n<p>La propuesta est\u00e1 desarrollada en una primera etapa como contrapropuesta a la pasarela presentada por la concesionaria de la autopista Am\u00e9rico Vespucio Oriente (AVO), la cual seg\u00fan la misma arquitecta: \u201cno s\u00f3lo no da una respuesta a los est\u00e1ndares que la ciudad reclama hoy, sino que replica las mismas deficiencias existentes en la actual pasarela peatonal.&nbsp;Se trata de&nbsp;beneficiar&nbsp;a la mayor cantidad de personas a trav\u00e9s de la conectividad de los Parques metropolitanos, y garantizar&nbsp;una \u00f3ptima movilidad para peatones, ciclistas, y personas con movilidad reducida, los cuales trascienden el territorio de la comuna&nbsp;de Vitacura\u201d. La etapa siguiente que se espera es la aprobaci\u00f3n de los recursos necesarios por parte del Ministerio&nbsp;de Obras P\u00fablicas&nbsp;para su concreci\u00f3n, junto con la participaci\u00f3n ciudadana durante el desarrollo de las etapas que siguen, y si bien como ha sido manifestado El Mercurio esta soluci\u00f3n excede el costo original, se debe a que en la soluci\u00f3n inicial planteada por MOP no se consideraron los est\u00e1ndares necesarios para una obra urbana de esta naturaleza, los cuales son acogidos por la actual propuesta.&nbsp;<\/p>\n\n\n\n<p>Finalmente, Sandra se refir\u00edo a este proyecto en la radio Pauta, donde adem\u00e1s sever\u00f3 que \u201cde las mejores cosas que le pueden pasar hoy en d\u00eda a nuestra ciudad, m\u00e1s a\u00fan en un contexto&nbsp;de pandemia, es que podamos contar con la&nbsp;mayor cantidad de espacios p\u00fablicos para peatones y ciclistas accesibles a todos sin distinci\u00f3n, favoreciendo un modo de vivir la ciudad m\u00e1s sustentable y en contacto con nuestros valores ambientales\u201d.<\/p>\n\n\n\n<p><\/p>\n\n\n\n<p>Leer prensa aqu\u00ed:<\/p>\n\n\n\n<p><a href=\"https:\/\/www.litoralpress.cl\/sitio\/Prensa_Texto?LPKey=BUQ5UKLYJJSIX2L3TI3TVH7UUMMMLHZCMHVH6JQHLA2DS6TLRTSQ\" target=\"_blank\" rel=\"noreferrer noopener\">El Mercurio<\/a><\/p>\n\n\n\n<p><a rel=\"noreferrer noopener\" href=\"https:\/\/www.pauta.cl\/programas\/plaza-pauta\/plaza-pauta-10-de-mayo-de-2021\" target=\"_blank\">Radio Pauta<\/a><\/p>\n\n\n<div class=\"wp-block-image\">\n<figure class=\"aligncenter size-large\"><img decoding=\"async\" width=\"1024\" height=\"812\" src=\"https:\/\/fadeu.urantiacos.cl\/wp-content\/uploads\/2023\/09\/01_low_IMAG_PANEL_01_PASARELA_MET__Imag_MAPOCHO_42K_LAB_UC-1024x812.jpg\" alt=\"\" class=\"wp-image-16852\" srcset=\"https:\/\/fadeu.urantiacos.cl\/wp-content\/uploads\/2023\/09\/01_low_IMAG_PANEL_01_PASARELA_MET__Imag_MAPOCHO_42K_LAB_UC-1024x812.jpg 1024w, https:\/\/fadeu.urantiacos.cl\/wp-content\/uploads\/2023\/09\/01_low_IMAG_PANEL_01_PASARELA_MET__Imag_MAPOCHO_42K_LAB_UC-300x238.jpg 300w, https:\/\/fadeu.urantiacos.cl\/wp-content\/uploads\/2023\/09\/01_low_IMAG_PANEL_01_PASARELA_MET__Imag_MAPOCHO_42K_LAB_UC-768x609.jpg 768w, https:\/\/fadeu.urantiacos.cl\/wp-content\/uploads\/2023\/09\/01_low_IMAG_PANEL_01_PASARELA_MET__Imag_MAPOCHO_42K_LAB_UC.jpg 1200w\" sizes=\"(max-width: 1024px) 100vw, 1024px\" \/><\/figure>\n<\/div>\n\n<div class=\"wp-block-image\">\n<figure class=\"aligncenter size-large\"><img decoding=\"async\" width=\"1024\" height=\"812\" src=\"https:\/\/fadeu.urantiacos.cl\/wp-content\/uploads\/2023\/09\/02__low_IMAG_PANEL_PASARELA_MET__Imag_MAPOCHO_42K_LAB_UC-1024x812.jpg\" alt=\"\" class=\"wp-image-16853\" srcset=\"https:\/\/fadeu.urantiacos.cl\/wp-content\/uploads\/2023\/09\/02__low_IMAG_PANEL_PASARELA_MET__Imag_MAPOCHO_42K_LAB_UC-1024x812.jpg 1024w, https:\/\/fadeu.urantiacos.cl\/wp-content\/uploads\/2023\/09\/02__low_IMAG_PANEL_PASARELA_MET__Imag_MAPOCHO_42K_LAB_UC-300x238.jpg 300w, https:\/\/fadeu.urantiacos.cl\/wp-content\/uploads\/2023\/09\/02__low_IMAG_PANEL_PASARELA_MET__Imag_MAPOCHO_42K_LAB_UC-768x609.jpg 768w, https:\/\/fadeu.urantiacos.cl\/wp-content\/uploads\/2023\/09\/02__low_IMAG_PANEL_PASARELA_MET__Imag_MAPOCHO_42K_LAB_UC-1536x1218.jpg 1536w, https:\/\/fadeu.urantiacos.cl\/wp-content\/uploads\/2023\/09\/02__low_IMAG_PANEL_PASARELA_MET__Imag_MAPOCHO_42K_LAB_UC.jpg 1513w\" sizes=\"(max-width: 1024px) 100vw, 1024px\" \/><\/figure>\n<\/div>\n\n<div class=\"wp-block-image\">\n<figure class=\"aligncenter size-large\"><img decoding=\"async\" width=\"1024\" height=\"812\" src=\"https:\/\/fadeu.urantiacos.cl\/wp-content\/uploads\/2023\/09\/03__low_IMAG_PANEL_03_PASARELA_MET___Imag_MAPOCHO_42K_LAB_UC-1024x812.jpg\" alt=\"\" class=\"wp-image-16854\" srcset=\"https:\/\/fadeu.urantiacos.cl\/wp-content\/uploads\/2023\/09\/03__low_IMAG_PANEL_03_PASARELA_MET___Imag_MAPOCHO_42K_LAB_UC-1024x812.jpg 1024w, https:\/\/fadeu.urantiacos.cl\/wp-content\/uploads\/2023\/09\/03__low_IMAG_PANEL_03_PASARELA_MET___Imag_MAPOCHO_42K_LAB_UC-300x238.jpg 300w, https:\/\/fadeu.urantiacos.cl\/wp-content\/uploads\/2023\/09\/03__low_IMAG_PANEL_03_PASARELA_MET___Imag_MAPOCHO_42K_LAB_UC-768x609.jpg 768w, https:\/\/fadeu.urantiacos.cl\/wp-content\/uploads\/2023\/09\/03__low_IMAG_PANEL_03_PASARELA_MET___Imag_MAPOCHO_42K_LAB_UC.jpg 1200w\" sizes=\"(max-width: 1024px) 100vw, 1024px\" \/><\/figure>\n<\/div>","protected":false},"excerpt":{"rendered":"<p>Durante la semana pasada, en varios medios, se dio a conocer la propuesta de la Pasarela Metropolitana desarrollada desde el a\u00f1o 2019 por Mapocho 42K Lab UC en conjunto por la Municipalidad de Vitacura, en el cual participan los profesores de la escuela de Arquitectura: Sandra Iturriaga, Juan Ignacio Baixas, Ra\u00fal Brito, con la colaboraci\u00f3n [&hellip;]<\/p>\n","protected":false},"author":1,"featured_media":16846,"comment_status":"open","ping_status":"open","sticky":false,"template":"","format":"standard","meta":{"_acf_changed":false,"footnotes":""},"categories":[1],"tags":[],"class_list":["post-16845","post","type-post","status-publish","format-standard","has-post-thumbnail","hentry","category-sin-categorizar"],"acf":[],"yoast_head":"<!-- This site is optimized with the Yoast SEO plugin v27.1.1 - https:\/\/yoast.com\/product\/yoast-seo-wordpress\/ -->\n<title>Pasarela Metropolitana, el proyecto desarrollado por el Laboratorio Mapocho 42K e impulsado por la Municipalidad de Vitacura - Facultad de Arquitectura, Dise\u00f1o y Estudios Urbanos<\/title>\n<meta name=\"description\" content=\"Durante la semana pasada, en varios medios, se dio a conocer la propuesta de la Pasarela Metropolitana desarrollada desde el a\u00f1o 2019 por Mapocho 42K Lab\" \/>\n<meta name=\"robots\" content=\"index, follow, max-snippet:-1, max-image-preview:large, max-video-preview:-1\" \/>\n<link rel=\"canonical\" href=\"https:\/\/fadeu.urantiacos.cl\/en\/2021\/05\/10\/pasarela-metropolitana-el-proyecto-desarrollado-por-el-laboratorio-mapocho-42k-e-impulsado-por-la-municipalidad-de-vitacura\/\" \/>\n<meta property=\"og:locale\" content=\"en_US\" \/>\n<meta property=\"og:type\" content=\"article\" \/>\n<meta property=\"og:title\" content=\"Pasarela Metropolitana, el proyecto desarrollado por el Laboratorio Mapocho 42K e impulsado por la Municipalidad de Vitacura - Facultad de Arquitectura, Dise\u00f1o y Estudios Urbanos\" \/>\n<meta property=\"og:description\" content=\"Durante la semana pasada, en varios medios, se dio a conocer la propuesta de la Pasarela Metropolitana desarrollada desde el a\u00f1o 2019 por Mapocho 42K Lab\" \/>\n<meta property=\"og:url\" content=\"https:\/\/fadeu.urantiacos.cl\/en\/2021\/05\/10\/pasarela-metropolitana-el-proyecto-desarrollado-por-el-laboratorio-mapocho-42k-e-impulsado-por-la-municipalidad-de-vitacura\/\" \/>\n<meta property=\"og:site_name\" content=\"Facultad de Arquitectura, Dise\u00f1o y Estudios Urbanos\" \/>\n<meta property=\"article:published_time\" content=\"2021-05-11T00:37:00+00:00\" \/>\n<meta property=\"article:modified_time\" content=\"2023-09-26T22:37:34+00:00\" \/>\n<meta property=\"og:image\" content=\"https:\/\/fadeu.urantiacos.cl\/wp-content\/uploads\/2023\/09\/web_03__low_IMAG_PANEL_03_PASARELA_MET___Imag_MAPOCHO_42K_LAB_UC.jpg\" \/>\n\t<meta property=\"og:image:width\" content=\"350\" \/>\n\t<meta property=\"og:image:height\" content=\"250\" \/>\n\t<meta property=\"og:image:type\" content=\"image\/jpeg\" \/>\n<meta name=\"author\" content=\"manadmin\" \/>\n<meta name=\"twitter:card\" content=\"summary_large_image\" \/>\n<meta name=\"twitter:label1\" content=\"Written by\" \/>\n\t<meta name=\"twitter:data1\" content=\"manadmin\" \/>\n\t<meta name=\"twitter:label2\" content=\"Est. reading time\" \/>\n\t<meta name=\"twitter:data2\" content=\"2 minutes\" \/>\n<script type=\"application\/ld+json\" class=\"yoast-schema-graph\">{\"@context\":\"https:\/\/schema.org\",\"@graph\":[{\"@type\":\"Article\",\"@id\":\"https:\/\/fadeu.urantiacos.cl\/en\/2021\/05\/10\/pasarela-metropolitana-el-proyecto-desarrollado-por-el-laboratorio-mapocho-42k-e-impulsado-por-la-municipalidad-de-vitacura\/#article\",\"isPartOf\":{\"@id\":\"https:\/\/fadeu.urantiacos.cl\/en\/2021\/05\/10\/pasarela-metropolitana-el-proyecto-desarrollado-por-el-laboratorio-mapocho-42k-e-impulsado-por-la-municipalidad-de-vitacura\/\"},\"author\":{\"name\":\"manadmin\",\"@id\":\"https:\/\/fadeu.urantiacos.cl\/en\/#\/schema\/person\/d203e2e84b1c40275eac77b3061a19a2\"},\"headline\":\"Pasarela Metropolitana, el proyecto desarrollado por el Laboratorio Mapocho 42K e impulsado por la Municipalidad de Vitacura\",\"datePublished\":\"2021-05-11T00:37:00+00:00\",\"dateModified\":\"2023-09-26T22:37:34+00:00\",\"mainEntityOfPage\":{\"@id\":\"https:\/\/fadeu.urantiacos.cl\/en\/2021\/05\/10\/pasarela-metropolitana-el-proyecto-desarrollado-por-el-laboratorio-mapocho-42k-e-impulsado-por-la-municipalidad-de-vitacura\/\"},\"wordCount\":490,\"commentCount\":0,\"image\":{\"@id\":\"https:\/\/fadeu.urantiacos.cl\/en\/2021\/05\/10\/pasarela-metropolitana-el-proyecto-desarrollado-por-el-laboratorio-mapocho-42k-e-impulsado-por-la-municipalidad-de-vitacura\/#primaryimage\"},\"thumbnailUrl\":\"https:\/\/fadeu.urantiacos.cl\/wp-content\/uploads\/2023\/09\/web_03__low_IMAG_PANEL_03_PASARELA_MET___Imag_MAPOCHO_42K_LAB_UC.jpg\",\"articleSection\":[\"Sin categorizar\"],\"inLanguage\":\"en-US\",\"potentialAction\":[{\"@type\":\"CommentAction\",\"name\":\"Comment\",\"target\":[\"https:\/\/fadeu.urantiacos.cl\/en\/2021\/05\/10\/pasarela-metropolitana-el-proyecto-desarrollado-por-el-laboratorio-mapocho-42k-e-impulsado-por-la-municipalidad-de-vitacura\/#respond\"]}]},{\"@type\":\"WebPage\",\"@id\":\"https:\/\/fadeu.urantiacos.cl\/en\/2021\/05\/10\/pasarela-metropolitana-el-proyecto-desarrollado-por-el-laboratorio-mapocho-42k-e-impulsado-por-la-municipalidad-de-vitacura\/\",\"url\":\"https:\/\/fadeu.urantiacos.cl\/en\/2021\/05\/10\/pasarela-metropolitana-el-proyecto-desarrollado-por-el-laboratorio-mapocho-42k-e-impulsado-por-la-municipalidad-de-vitacura\/\",\"name\":\"Pasarela Metropolitana, el proyecto desarrollado por el Laboratorio Mapocho 42K e impulsado por la Municipalidad de Vitacura - Facultad de Arquitectura, Dise\u00f1o y Estudios Urbanos\",\"isPartOf\":{\"@id\":\"https:\/\/fadeu.urantiacos.cl\/en\/#website\"},\"primaryImageOfPage\":{\"@id\":\"https:\/\/fadeu.urantiacos.cl\/en\/2021\/05\/10\/pasarela-metropolitana-el-proyecto-desarrollado-por-el-laboratorio-mapocho-42k-e-impulsado-por-la-municipalidad-de-vitacura\/#primaryimage\"},\"image\":{\"@id\":\"https:\/\/fadeu.urantiacos.cl\/en\/2021\/05\/10\/pasarela-metropolitana-el-proyecto-desarrollado-por-el-laboratorio-mapocho-42k-e-impulsado-por-la-municipalidad-de-vitacura\/#primaryimage\"},\"thumbnailUrl\":\"https:\/\/fadeu.urantiacos.cl\/wp-content\/uploads\/2023\/09\/web_03__low_IMAG_PANEL_03_PASARELA_MET___Imag_MAPOCHO_42K_LAB_UC.jpg\",\"datePublished\":\"2021-05-11T00:37:00+00:00\",\"dateModified\":\"2023-09-26T22:37:34+00:00\",\"author\":{\"@id\":\"https:\/\/fadeu.urantiacos.cl\/en\/#\/schema\/person\/d203e2e84b1c40275eac77b3061a19a2\"},\"description\":\"Durante la semana pasada, en varios medios, se dio a conocer la propuesta de la Pasarela Metropolitana desarrollada desde el a\u00f1o 2019 por Mapocho 42K Lab\",\"breadcrumb\":{\"@id\":\"https:\/\/fadeu.urantiacos.cl\/en\/2021\/05\/10\/pasarela-metropolitana-el-proyecto-desarrollado-por-el-laboratorio-mapocho-42k-e-impulsado-por-la-municipalidad-de-vitacura\/#breadcrumb\"},\"inLanguage\":\"en-US\",\"potentialAction\":[{\"@type\":\"ReadAction\",\"target\":[\"https:\/\/fadeu.urantiacos.cl\/en\/2021\/05\/10\/pasarela-metropolitana-el-proyecto-desarrollado-por-el-laboratorio-mapocho-42k-e-impulsado-por-la-municipalidad-de-vitacura\/\"]}]},{\"@type\":\"ImageObject\",\"inLanguage\":\"en-US\",\"@id\":\"https:\/\/fadeu.urantiacos.cl\/en\/2021\/05\/10\/pasarela-metropolitana-el-proyecto-desarrollado-por-el-laboratorio-mapocho-42k-e-impulsado-por-la-municipalidad-de-vitacura\/#primaryimage\",\"url\":\"https:\/\/fadeu.urantiacos.cl\/wp-content\/uploads\/2023\/09\/web_03__low_IMAG_PANEL_03_PASARELA_MET___Imag_MAPOCHO_42K_LAB_UC.jpg\",\"contentUrl\":\"https:\/\/fadeu.urantiacos.cl\/wp-content\/uploads\/2023\/09\/web_03__low_IMAG_PANEL_03_PASARELA_MET___Imag_MAPOCHO_42K_LAB_UC.jpg\",\"width\":350,\"height\":250},{\"@type\":\"BreadcrumbList\",\"@id\":\"https:\/\/fadeu.urantiacos.cl\/en\/2021\/05\/10\/pasarela-metropolitana-el-proyecto-desarrollado-por-el-laboratorio-mapocho-42k-e-impulsado-por-la-municipalidad-de-vitacura\/#breadcrumb\",\"itemListElement\":[{\"@type\":\"ListItem\",\"position\":1,\"name\":\"Portada\",\"item\":\"https:\/\/fadeu.urantiacos.cl\/en\/\"},{\"@type\":\"ListItem\",\"position\":2,\"name\":\"Pasarela Metropolitana, el proyecto desarrollado por el Laboratorio Mapocho 42K e impulsado por la Municipalidad de Vitacura\"}]},{\"@type\":\"WebSite\",\"@id\":\"https:\/\/fadeu.urantiacos.cl\/en\/#website\",\"url\":\"https:\/\/fadeu.urantiacos.cl\/en\/\",\"name\":\"Facultad de Arquitectura, Dise\u00f1o y Estudios Urbanos\",\"description\":\"Campus Lo Contador\",\"potentialAction\":[{\"@type\":\"SearchAction\",\"target\":{\"@type\":\"EntryPoint\",\"urlTemplate\":\"https:\/\/fadeu.urantiacos.cl\/en\/?s={search_term_string}\"},\"query-input\":{\"@type\":\"PropertyValueSpecification\",\"valueRequired\":true,\"valueName\":\"search_term_string\"}}],\"inLanguage\":\"en-US\"},{\"@type\":\"Person\",\"@id\":\"https:\/\/fadeu.urantiacos.cl\/en\/#\/schema\/person\/d203e2e84b1c40275eac77b3061a19a2\",\"name\":\"manadmin\",\"image\":{\"@type\":\"ImageObject\",\"inLanguage\":\"en-US\",\"@id\":\"https:\/\/fadeu.urantiacos.cl\/en\/#\/schema\/person\/image\/\",\"url\":\"https:\/\/secure.gravatar.com\/avatar\/4b1d8e3303b4a9d8968ac578947d8bc80d9aea359f388cdd4aac15cadc0e8447?s=96&d=mm&r=g\",\"contentUrl\":\"https:\/\/secure.gravatar.com\/avatar\/4b1d8e3303b4a9d8968ac578947d8bc80d9aea359f388cdd4aac15cadc0e8447?s=96&d=mm&r=g\",\"caption\":\"manadmin\"},\"sameAs\":[\"https:\/\/fadeu.urantiacos.cl\"]}]}<\/script>\n<!-- \/ Yoast SEO plugin. -->","yoast_head_json":{"title":"Pasarela Metropolitana, el proyecto desarrollado por el Laboratorio Mapocho 42K e impulsado por la Municipalidad de Vitacura - Facultad de Arquitectura, Dise\u00f1o y Estudios Urbanos","description":"Durante la semana pasada, en varios medios, se dio a conocer la propuesta de la Pasarela Metropolitana desarrollada desde el a\u00f1o 2019 por Mapocho 42K Lab","robots":{"index":"index","follow":"follow","max-snippet":"max-snippet:-1","max-image-preview":"max-image-preview:large","max-video-preview":"max-video-preview:-1"},"canonical":"https:\/\/fadeu.urantiacos.cl\/en\/2021\/05\/10\/pasarela-metropolitana-el-proyecto-desarrollado-por-el-laboratorio-mapocho-42k-e-impulsado-por-la-municipalidad-de-vitacura\/","og_locale":"en_US","og_type":"article","og_title":"Pasarela Metropolitana, el proyecto desarrollado por el Laboratorio Mapocho 42K e impulsado por la Municipalidad de Vitacura - Facultad de Arquitectura, Dise\u00f1o y Estudios Urbanos","og_description":"Durante la semana pasada, en varios medios, se dio a conocer la propuesta de la Pasarela Metropolitana desarrollada desde el a\u00f1o 2019 por Mapocho 42K Lab","og_url":"https:\/\/fadeu.urantiacos.cl\/en\/2021\/05\/10\/pasarela-metropolitana-el-proyecto-desarrollado-por-el-laboratorio-mapocho-42k-e-impulsado-por-la-municipalidad-de-vitacura\/","og_site_name":"Facultad de Arquitectura, Dise\u00f1o y Estudios Urbanos","article_published_time":"2021-05-11T00:37:00+00:00","article_modified_time":"2023-09-26T22:37:34+00:00","og_image":[{"width":350,"height":250,"url":"https:\/\/fadeu.urantiacos.cl\/wp-content\/uploads\/2023\/09\/web_03__low_IMAG_PANEL_03_PASARELA_MET___Imag_MAPOCHO_42K_LAB_UC.jpg","type":"image\/jpeg"}],"author":"manadmin","twitter_card":"summary_large_image","twitter_misc":{"Written by":"manadmin","Est. reading time":"2 minutes"},"schema":{"@context":"https:\/\/schema.org","@graph":[{"@type":"Article","@id":"https:\/\/fadeu.urantiacos.cl\/en\/2021\/05\/10\/pasarela-metropolitana-el-proyecto-desarrollado-por-el-laboratorio-mapocho-42k-e-impulsado-por-la-municipalidad-de-vitacura\/#article","isPartOf":{"@id":"https:\/\/fadeu.urantiacos.cl\/en\/2021\/05\/10\/pasarela-metropolitana-el-proyecto-desarrollado-por-el-laboratorio-mapocho-42k-e-impulsado-por-la-municipalidad-de-vitacura\/"},"author":{"name":"manadmin","@id":"https:\/\/fadeu.urantiacos.cl\/en\/#\/schema\/person\/d203e2e84b1c40275eac77b3061a19a2"},"headline":"Pasarela Metropolitana, el proyecto desarrollado por el Laboratorio Mapocho 42K e impulsado por la Municipalidad de Vitacura","datePublished":"2021-05-11T00:37:00+00:00","dateModified":"2023-09-26T22:37:34+00:00","mainEntityOfPage":{"@id":"https:\/\/fadeu.urantiacos.cl\/en\/2021\/05\/10\/pasarela-metropolitana-el-proyecto-desarrollado-por-el-laboratorio-mapocho-42k-e-impulsado-por-la-municipalidad-de-vitacura\/"},"wordCount":490,"commentCount":0,"image":{"@id":"https:\/\/fadeu.urantiacos.cl\/en\/2021\/05\/10\/pasarela-metropolitana-el-proyecto-desarrollado-por-el-laboratorio-mapocho-42k-e-impulsado-por-la-municipalidad-de-vitacura\/#primaryimage"},"thumbnailUrl":"https:\/\/fadeu.urantiacos.cl\/wp-content\/uploads\/2023\/09\/web_03__low_IMAG_PANEL_03_PASARELA_MET___Imag_MAPOCHO_42K_LAB_UC.jpg","articleSection":["Sin categorizar"],"inLanguage":"en-US","potentialAction":[{"@type":"CommentAction","name":"Comment","target":["https:\/\/fadeu.urantiacos.cl\/en\/2021\/05\/10\/pasarela-metropolitana-el-proyecto-desarrollado-por-el-laboratorio-mapocho-42k-e-impulsado-por-la-municipalidad-de-vitacura\/#respond"]}]},{"@type":"WebPage","@id":"https:\/\/fadeu.urantiacos.cl\/en\/2021\/05\/10\/pasarela-metropolitana-el-proyecto-desarrollado-por-el-laboratorio-mapocho-42k-e-impulsado-por-la-municipalidad-de-vitacura\/","url":"https:\/\/fadeu.urantiacos.cl\/en\/2021\/05\/10\/pasarela-metropolitana-el-proyecto-desarrollado-por-el-laboratorio-mapocho-42k-e-impulsado-por-la-municipalidad-de-vitacura\/","name":"Pasarela Metropolitana, el proyecto desarrollado por el Laboratorio Mapocho 42K e impulsado por la Municipalidad de Vitacura - Facultad de Arquitectura, Dise\u00f1o y Estudios Urbanos","isPartOf":{"@id":"https:\/\/fadeu.urantiacos.cl\/en\/#website"},"primaryImageOfPage":{"@id":"https:\/\/fadeu.urantiacos.cl\/en\/2021\/05\/10\/pasarela-metropolitana-el-proyecto-desarrollado-por-el-laboratorio-mapocho-42k-e-impulsado-por-la-municipalidad-de-vitacura\/#primaryimage"},"image":{"@id":"https:\/\/fadeu.urantiacos.cl\/en\/2021\/05\/10\/pasarela-metropolitana-el-proyecto-desarrollado-por-el-laboratorio-mapocho-42k-e-impulsado-por-la-municipalidad-de-vitacura\/#primaryimage"},"thumbnailUrl":"https:\/\/fadeu.urantiacos.cl\/wp-content\/uploads\/2023\/09\/web_03__low_IMAG_PANEL_03_PASARELA_MET___Imag_MAPOCHO_42K_LAB_UC.jpg","datePublished":"2021-05-11T00:37:00+00:00","dateModified":"2023-09-26T22:37:34+00:00","author":{"@id":"https:\/\/fadeu.urantiacos.cl\/en\/#\/schema\/person\/d203e2e84b1c40275eac77b3061a19a2"},"description":"Durante la semana pasada, en varios medios, se dio a conocer la propuesta de la Pasarela Metropolitana desarrollada desde el a\u00f1o 2019 por Mapocho 42K Lab","breadcrumb":{"@id":"https:\/\/fadeu.urantiacos.cl\/en\/2021\/05\/10\/pasarela-metropolitana-el-proyecto-desarrollado-por-el-laboratorio-mapocho-42k-e-impulsado-por-la-municipalidad-de-vitacura\/#breadcrumb"},"inLanguage":"en-US","potentialAction":[{"@type":"ReadAction","target":["https:\/\/fadeu.urantiacos.cl\/en\/2021\/05\/10\/pasarela-metropolitana-el-proyecto-desarrollado-por-el-laboratorio-mapocho-42k-e-impulsado-por-la-municipalidad-de-vitacura\/"]}]},{"@type":"ImageObject","inLanguage":"en-US","@id":"https:\/\/fadeu.urantiacos.cl\/en\/2021\/05\/10\/pasarela-metropolitana-el-proyecto-desarrollado-por-el-laboratorio-mapocho-42k-e-impulsado-por-la-municipalidad-de-vitacura\/#primaryimage","url":"https:\/\/fadeu.urantiacos.cl\/wp-content\/uploads\/2023\/09\/web_03__low_IMAG_PANEL_03_PASARELA_MET___Imag_MAPOCHO_42K_LAB_UC.jpg","contentUrl":"https:\/\/fadeu.urantiacos.cl\/wp-content\/uploads\/2023\/09\/web_03__low_IMAG_PANEL_03_PASARELA_MET___Imag_MAPOCHO_42K_LAB_UC.jpg","width":350,"height":250},{"@type":"BreadcrumbList","@id":"https:\/\/fadeu.urantiacos.cl\/en\/2021\/05\/10\/pasarela-metropolitana-el-proyecto-desarrollado-por-el-laboratorio-mapocho-42k-e-impulsado-por-la-municipalidad-de-vitacura\/#breadcrumb","itemListElement":[{"@type":"ListItem","position":1,"name":"Portada","item":"https:\/\/fadeu.urantiacos.cl\/en\/"},{"@type":"ListItem","position":2,"name":"Pasarela Metropolitana, el proyecto desarrollado por el Laboratorio Mapocho 42K e impulsado por la Municipalidad de Vitacura"}]},{"@type":"WebSite","@id":"https:\/\/fadeu.urantiacos.cl\/en\/#website","url":"https:\/\/fadeu.urantiacos.cl\/en\/","name":"Facultad de Arquitectura, Dise\u00f1o y Estudios Urbanos","description":"Campus Lo Contador","potentialAction":[{"@type":"SearchAction","target":{"@type":"EntryPoint","urlTemplate":"https:\/\/fadeu.urantiacos.cl\/en\/?s={search_term_string}"},"query-input":{"@type":"PropertyValueSpecification","valueRequired":true,"valueName":"search_term_string"}}],"inLanguage":"en-US"},{"@type":"Person","@id":"https:\/\/fadeu.urantiacos.cl\/en\/#\/schema\/person\/d203e2e84b1c40275eac77b3061a19a2","name":"manadmin","image":{"@type":"ImageObject","inLanguage":"en-US","@id":"https:\/\/fadeu.urantiacos.cl\/en\/#\/schema\/person\/image\/","url":"https:\/\/secure.gravatar.com\/avatar\/4b1d8e3303b4a9d8968ac578947d8bc80d9aea359f388cdd4aac15cadc0e8447?s=96&d=mm&r=g","contentUrl":"https:\/\/secure.gravatar.com\/avatar\/4b1d8e3303b4a9d8968ac578947d8bc80d9aea359f388cdd4aac15cadc0e8447?s=96&d=mm&r=g","caption":"manadmin"},"sameAs":["https:\/\/fadeu.urantiacos.cl"]}]}},"_links":{"self":[{"href":"https:\/\/fadeu.urantiacos.cl\/en\/wp-json\/wp\/v2\/posts\/16845","targetHints":{"allow":["GET"]}}],"collection":[{"href":"https:\/\/fadeu.urantiacos.cl\/en\/wp-json\/wp\/v2\/posts"}],"about":[{"href":"https:\/\/fadeu.urantiacos.cl\/en\/wp-json\/wp\/v2\/types\/post"}],"author":[{"embeddable":true,"href":"https:\/\/fadeu.urantiacos.cl\/en\/wp-json\/wp\/v2\/users\/1"}],"replies":[{"embeddable":true,"href":"https:\/\/fadeu.urantiacos.cl\/en\/wp-json\/wp\/v2\/comments?post=16845"}],"version-history":[{"count":2,"href":"https:\/\/fadeu.urantiacos.cl\/en\/wp-json\/wp\/v2\/posts\/16845\/revisions"}],"predecessor-version":[{"id":16855,"href":"https:\/\/fadeu.urantiacos.cl\/en\/wp-json\/wp\/v2\/posts\/16845\/revisions\/16855"}],"wp:featuredmedia":[{"embeddable":true,"href":"https:\/\/fadeu.urantiacos.cl\/en\/wp-json\/wp\/v2\/media\/16846"}],"wp:attachment":[{"href":"https:\/\/fadeu.urantiacos.cl\/en\/wp-json\/wp\/v2\/media?parent=16845"}],"wp:term":[{"taxonomy":"category","embeddable":true,"href":"https:\/\/fadeu.urantiacos.cl\/en\/wp-json\/wp\/v2\/categories?post=16845"},{"taxonomy":"post_tag","embeddable":true,"href":"https:\/\/fadeu.urantiacos.cl\/en\/wp-json\/wp\/v2\/tags?post=16845"}],"curies":[{"name":"wp","href":"https:\/\/api.w.org\/{rel}","templated":true}]}}