{"id":13766,"date":"2018-05-24T16:20:00","date_gmt":"2018-05-24T19:20:00","guid":{"rendered":"https:\/\/fadeu.urantiacos.cl\/?p=13766"},"modified":"2023-09-21T16:26:42","modified_gmt":"2023-09-21T19:26:42","slug":"taller-de-arquitectura-participara-en-bienal-de-venecia","status":"publish","type":"post","link":"https:\/\/fadeu.urantiacos.cl\/en\/2018\/05\/24\/taller-de-arquitectura-participara-en-bienal-de-venecia\/","title":{"rendered":"Taller de Arquitectura participar\u00e1 en Bienal de Venecia"},"content":{"rendered":"\n<figure class=\"wp-block-image size-full\"><img decoding=\"async\" width=\"350\" height=\"250\" src=\"https:\/\/fadeu.urantiacos.cl\/wp-content\/uploads\/2023\/09\/taller_de_licenciatura.jpg\" alt=\"\" class=\"wp-image-13767\" srcset=\"https:\/\/fadeu.urantiacos.cl\/wp-content\/uploads\/2023\/09\/taller_de_licenciatura.jpg 350w, https:\/\/fadeu.urantiacos.cl\/wp-content\/uploads\/2023\/09\/taller_de_licenciatura-300x214.jpg 300w\" sizes=\"(max-width: 350px) 100vw, 350px\" \/><\/figure>\n\n\n\n<p>La muestra donde participan lleva por nombre Marghera City of Making y busca generar proyectos para repensar la transformaci\u00f3n urbana de tres \u00e1reas de la zona industrial de Marghera, frente a Venecia. Adem\u00e1s de la Escuela de Arquitectura de la Universidad Cat\u00f3lica, participan, ETSAB Barcelona (Espa\u00f1a), AHO Oslo (Noruega) , KU Leuven (B\u00e9lgica), ETH Zurich (Suiza), TU Delft (Holanda), ULB Brussels (B\u00e9lgica), Parson School of Design (USA) y USPI &#8211; University of S\u00e3o Paulo (Brasil).<\/p>\n\n\n\n<p>La curadora es Maria Chiara Tosi del Instituto Universitario de Arquitectura de Venezia IUAV.&nbsp;&nbsp;El trabajo desarrollado ser\u00e1 tambi\u00e9n materia de un concurso entre las nueve escuelas participantes y de un seminario junto a profesionales, el municipio y autoridades del Benetto involucradas en la regeneraci\u00f3n del \u00e1rea.<\/p>\n\n\n\n<p>Cr\u00e9ditos:<br>Profesores:<br>Sebasti\u00e1n Irarr\u00e1zaval<br>Guillermo Hevia Garc\u00eda<br>Patricio Pozo<\/p>\n\n\n\n<p>Ayudantes:<br>Rosario Edwards<br>Mar\u00eda Gracia San Mart\u00edn<br><br>Alumnos:<br>Nicol\u00e1s \u00c1lamos, Pablo Alfaro, Mar\u00eda Berizzo, Christian Caris, Francisca G\u00f3mez, Beatriz Gellona, Javiera Magall\u00f3n, Marcela Pasten, Nicole Rezepka, Conzuelo Sagal, Carla Schwartz, Luna Tisn\u00e9, Roberto Valdivieso<\/p>\n\n\n\n<p><strong>Loop Marghera<\/strong><\/p>\n\n\n\n<p><strong>El Patrimonio Industrial como Modelo<\/strong><\/p>\n\n\n\n<p>Esp: El terreno del parque tecnol\u00f3gico VEGA carece de conectividad, espacios p\u00fablicos e identidad. Con el fin de crear conectividad, proponemos conectar el \u00e1rea con el tejido urbano y verde vecino mediante puentes para peatones y bicicletas. En relaci\u00f3n a la creaci\u00f3n de espacios p\u00fablicos; proponemos un borde costero extendido que aloje una playa artificial, diques, paseos peatonales, una arena y un museo de los mares. Y para reforzar la identidad, proponemos que todas las edificaciones -oficinas, viviendas y edificios culturales- tomen como punto de partida el patrimonio industrial de Marghera.<\/p>\n\n\n\n<figure class=\"wp-block-image size-large\"><img decoding=\"async\" width=\"723\" height=\"1024\" src=\"https:\/\/fadeu.urantiacos.cl\/wp-content\/uploads\/2023\/09\/LOOP_Marghera__Manifesto_A1_05-723x1024.jpg\" alt=\"\" class=\"wp-image-13768\" srcset=\"https:\/\/fadeu.urantiacos.cl\/wp-content\/uploads\/2023\/09\/LOOP_Marghera__Manifesto_A1_05-723x1024.jpg 723w, https:\/\/fadeu.urantiacos.cl\/wp-content\/uploads\/2023\/09\/LOOP_Marghera__Manifesto_A1_05-212x300.jpg 212w, https:\/\/fadeu.urantiacos.cl\/wp-content\/uploads\/2023\/09\/LOOP_Marghera__Manifesto_A1_05-768x1087.jpg 768w, https:\/\/fadeu.urantiacos.cl\/wp-content\/uploads\/2023\/09\/LOOP_Marghera__Manifesto_A1_05-1085x1536.jpg 1085w, https:\/\/fadeu.urantiacos.cl\/wp-content\/uploads\/2023\/09\/LOOP_Marghera__Manifesto_A1_05-1447x2048.jpg 1447w, https:\/\/fadeu.urantiacos.cl\/wp-content\/uploads\/2023\/09\/LOOP_Marghera__Manifesto_A1_05-scaled.jpg 848w\" sizes=\"(max-width: 723px) 100vw, 723px\" \/><\/figure>\n\n\n\n<figure class=\"wp-block-image size-large\"><img decoding=\"async\" width=\"723\" height=\"1024\" src=\"https:\/\/fadeu.urantiacos.cl\/wp-content\/uploads\/2023\/09\/Planta_A1_1-723x1024.jpg\" alt=\"\" class=\"wp-image-13769\" srcset=\"https:\/\/fadeu.urantiacos.cl\/wp-content\/uploads\/2023\/09\/Planta_A1_1-723x1024.jpg 723w, https:\/\/fadeu.urantiacos.cl\/wp-content\/uploads\/2023\/09\/Planta_A1_1-212x300.jpg 212w, https:\/\/fadeu.urantiacos.cl\/wp-content\/uploads\/2023\/09\/Planta_A1_1-768x1087.jpg 768w, https:\/\/fadeu.urantiacos.cl\/wp-content\/uploads\/2023\/09\/Planta_A1_1-1085x1536.jpg 1085w, https:\/\/fadeu.urantiacos.cl\/wp-content\/uploads\/2023\/09\/Planta_A1_1-1447x2048.jpg 1447w, https:\/\/fadeu.urantiacos.cl\/wp-content\/uploads\/2023\/09\/Planta_A1_1.jpg 848w\" sizes=\"(max-width: 723px) 100vw, 723px\" \/><\/figure>\n","protected":false},"excerpt":{"rendered":"<p>El trabajo que desarrollaron junto a los alumnos de la Escuela de Arquitectura de la Universidad Cat\u00f3lica de Chile ser\u00e1 exhibido en el Pabell\u00f3n Venecia ubicado en los jardines de la Bienal.<\/p>\n","protected":false},"author":1,"featured_media":13767,"comment_status":"open","ping_status":"open","sticky":false,"template":"","format":"standard","meta":{"_acf_changed":false,"footnotes":""},"categories":[1],"tags":[],"class_list":["post-13766","post","type-post","status-publish","format-standard","has-post-thumbnail","hentry","category-sin-categorizar"],"acf":[],"yoast_head":"<!-- This site is optimized with the Yoast SEO plugin v27.1.1 - https:\/\/yoast.com\/product\/yoast-seo-wordpress\/ -->\n<title>Taller de Arquitectura participar\u00e1 en Bienal de Venecia - Facultad de Arquitectura, Dise\u00f1o y Estudios Urbanos<\/title>\n<meta name=\"description\" content=\"El trabajo que desarrollaron junto a los alumnos de la Escuela de Arquitectura de la Universidad Cat\u00f3lica de Chile ser\u00e1 exhibido en el Pabell\u00f3n Venecia ubicado en los jardines de la Bienal.\" \/>\n<meta name=\"robots\" content=\"index, follow, max-snippet:-1, max-image-preview:large, max-video-preview:-1\" \/>\n<link rel=\"canonical\" href=\"https:\/\/fadeu.urantiacos.cl\/en\/2018\/05\/24\/taller-de-arquitectura-participara-en-bienal-de-venecia\/\" \/>\n<meta property=\"og:locale\" content=\"en_US\" \/>\n<meta property=\"og:type\" content=\"article\" \/>\n<meta property=\"og:title\" content=\"Taller de Arquitectura participar\u00e1 en Bienal de Venecia - Facultad de Arquitectura, Dise\u00f1o y Estudios Urbanos\" \/>\n<meta property=\"og:description\" content=\"El trabajo que desarrollaron junto a los alumnos de la Escuela de Arquitectura de la Universidad Cat\u00f3lica de Chile ser\u00e1 exhibido en el Pabell\u00f3n Venecia ubicado en los jardines de la Bienal.\" \/>\n<meta property=\"og:url\" content=\"https:\/\/fadeu.urantiacos.cl\/en\/2018\/05\/24\/taller-de-arquitectura-participara-en-bienal-de-venecia\/\" \/>\n<meta property=\"og:site_name\" content=\"Facultad de Arquitectura, Dise\u00f1o y Estudios Urbanos\" \/>\n<meta property=\"article:published_time\" content=\"2018-05-24T19:20:00+00:00\" \/>\n<meta property=\"article:modified_time\" content=\"2023-09-21T19:26:42+00:00\" \/>\n<meta property=\"og:image\" content=\"https:\/\/fadeu.urantiacos.cl\/wp-content\/uploads\/2023\/09\/taller_de_licenciatura.jpg\" \/>\n\t<meta property=\"og:image:width\" content=\"350\" \/>\n\t<meta property=\"og:image:height\" content=\"250\" \/>\n\t<meta property=\"og:image:type\" content=\"image\/jpeg\" \/>\n<meta name=\"author\" content=\"manadmin\" \/>\n<meta name=\"twitter:card\" content=\"summary_large_image\" \/>\n<meta name=\"twitter:label1\" content=\"Written by\" \/>\n\t<meta name=\"twitter:data1\" content=\"manadmin\" \/>\n\t<meta name=\"twitter:label2\" content=\"Est. reading time\" \/>\n\t<meta name=\"twitter:data2\" content=\"1 minute\" \/>\n<script type=\"application\/ld+json\" class=\"yoast-schema-graph\">{\"@context\":\"https:\/\/schema.org\",\"@graph\":[{\"@type\":\"Article\",\"@id\":\"https:\/\/fadeu.urantiacos.cl\/en\/2018\/05\/24\/taller-de-arquitectura-participara-en-bienal-de-venecia\/#article\",\"isPartOf\":{\"@id\":\"https:\/\/fadeu.urantiacos.cl\/en\/2018\/05\/24\/taller-de-arquitectura-participara-en-bienal-de-venecia\/\"},\"author\":{\"name\":\"manadmin\",\"@id\":\"https:\/\/fadeu.urantiacos.cl\/en\/#\/schema\/person\/d203e2e84b1c40275eac77b3061a19a2\"},\"headline\":\"Taller de Arquitectura participar\u00e1 en Bienal de Venecia\",\"datePublished\":\"2018-05-24T19:20:00+00:00\",\"dateModified\":\"2023-09-21T19:26:42+00:00\",\"mainEntityOfPage\":{\"@id\":\"https:\/\/fadeu.urantiacos.cl\/en\/2018\/05\/24\/taller-de-arquitectura-participara-en-bienal-de-venecia\/\"},\"wordCount\":293,\"commentCount\":0,\"image\":{\"@id\":\"https:\/\/fadeu.urantiacos.cl\/en\/2018\/05\/24\/taller-de-arquitectura-participara-en-bienal-de-venecia\/#primaryimage\"},\"thumbnailUrl\":\"https:\/\/fadeu.urantiacos.cl\/wp-content\/uploads\/2023\/09\/taller_de_licenciatura.jpg\",\"articleSection\":[\"Sin categorizar\"],\"inLanguage\":\"en-US\",\"potentialAction\":[{\"@type\":\"CommentAction\",\"name\":\"Comment\",\"target\":[\"https:\/\/fadeu.urantiacos.cl\/en\/2018\/05\/24\/taller-de-arquitectura-participara-en-bienal-de-venecia\/#respond\"]}]},{\"@type\":\"WebPage\",\"@id\":\"https:\/\/fadeu.urantiacos.cl\/en\/2018\/05\/24\/taller-de-arquitectura-participara-en-bienal-de-venecia\/\",\"url\":\"https:\/\/fadeu.urantiacos.cl\/en\/2018\/05\/24\/taller-de-arquitectura-participara-en-bienal-de-venecia\/\",\"name\":\"Taller de Arquitectura participar\u00e1 en Bienal de Venecia - Facultad de Arquitectura, Dise\u00f1o y Estudios Urbanos\",\"isPartOf\":{\"@id\":\"https:\/\/fadeu.urantiacos.cl\/en\/#website\"},\"primaryImageOfPage\":{\"@id\":\"https:\/\/fadeu.urantiacos.cl\/en\/2018\/05\/24\/taller-de-arquitectura-participara-en-bienal-de-venecia\/#primaryimage\"},\"image\":{\"@id\":\"https:\/\/fadeu.urantiacos.cl\/en\/2018\/05\/24\/taller-de-arquitectura-participara-en-bienal-de-venecia\/#primaryimage\"},\"thumbnailUrl\":\"https:\/\/fadeu.urantiacos.cl\/wp-content\/uploads\/2023\/09\/taller_de_licenciatura.jpg\",\"datePublished\":\"2018-05-24T19:20:00+00:00\",\"dateModified\":\"2023-09-21T19:26:42+00:00\",\"author\":{\"@id\":\"https:\/\/fadeu.urantiacos.cl\/en\/#\/schema\/person\/d203e2e84b1c40275eac77b3061a19a2\"},\"description\":\"El trabajo que desarrollaron junto a los alumnos de la Escuela de Arquitectura de la Universidad Cat\u00f3lica de Chile ser\u00e1 exhibido en el Pabell\u00f3n Venecia ubicado en los jardines de la Bienal.\",\"breadcrumb\":{\"@id\":\"https:\/\/fadeu.urantiacos.cl\/en\/2018\/05\/24\/taller-de-arquitectura-participara-en-bienal-de-venecia\/#breadcrumb\"},\"inLanguage\":\"en-US\",\"potentialAction\":[{\"@type\":\"ReadAction\",\"target\":[\"https:\/\/fadeu.urantiacos.cl\/en\/2018\/05\/24\/taller-de-arquitectura-participara-en-bienal-de-venecia\/\"]}]},{\"@type\":\"ImageObject\",\"inLanguage\":\"en-US\",\"@id\":\"https:\/\/fadeu.urantiacos.cl\/en\/2018\/05\/24\/taller-de-arquitectura-participara-en-bienal-de-venecia\/#primaryimage\",\"url\":\"https:\/\/fadeu.urantiacos.cl\/wp-content\/uploads\/2023\/09\/taller_de_licenciatura.jpg\",\"contentUrl\":\"https:\/\/fadeu.urantiacos.cl\/wp-content\/uploads\/2023\/09\/taller_de_licenciatura.jpg\",\"width\":350,\"height\":250,\"caption\":\"SONY DSC\"},{\"@type\":\"BreadcrumbList\",\"@id\":\"https:\/\/fadeu.urantiacos.cl\/en\/2018\/05\/24\/taller-de-arquitectura-participara-en-bienal-de-venecia\/#breadcrumb\",\"itemListElement\":[{\"@type\":\"ListItem\",\"position\":1,\"name\":\"Portada\",\"item\":\"https:\/\/fadeu.urantiacos.cl\/en\/\"},{\"@type\":\"ListItem\",\"position\":2,\"name\":\"Taller de Arquitectura participar\u00e1 en Bienal de Venecia\"}]},{\"@type\":\"WebSite\",\"@id\":\"https:\/\/fadeu.urantiacos.cl\/en\/#website\",\"url\":\"https:\/\/fadeu.urantiacos.cl\/en\/\",\"name\":\"Facultad de Arquitectura, Dise\u00f1o y Estudios Urbanos\",\"description\":\"Campus Lo Contador\",\"potentialAction\":[{\"@type\":\"SearchAction\",\"target\":{\"@type\":\"EntryPoint\",\"urlTemplate\":\"https:\/\/fadeu.urantiacos.cl\/en\/?s={search_term_string}\"},\"query-input\":{\"@type\":\"PropertyValueSpecification\",\"valueRequired\":true,\"valueName\":\"search_term_string\"}}],\"inLanguage\":\"en-US\"},{\"@type\":\"Person\",\"@id\":\"https:\/\/fadeu.urantiacos.cl\/en\/#\/schema\/person\/d203e2e84b1c40275eac77b3061a19a2\",\"name\":\"manadmin\",\"image\":{\"@type\":\"ImageObject\",\"inLanguage\":\"en-US\",\"@id\":\"https:\/\/fadeu.urantiacos.cl\/en\/#\/schema\/person\/image\/\",\"url\":\"https:\/\/secure.gravatar.com\/avatar\/4b1d8e3303b4a9d8968ac578947d8bc80d9aea359f388cdd4aac15cadc0e8447?s=96&d=mm&r=g\",\"contentUrl\":\"https:\/\/secure.gravatar.com\/avatar\/4b1d8e3303b4a9d8968ac578947d8bc80d9aea359f388cdd4aac15cadc0e8447?s=96&d=mm&r=g\",\"caption\":\"manadmin\"},\"sameAs\":[\"https:\/\/fadeu.urantiacos.cl\"]}]}<\/script>\n<!-- \/ Yoast SEO plugin. -->","yoast_head_json":{"title":"Taller de Arquitectura participar\u00e1 en Bienal de Venecia - Facultad de Arquitectura, Dise\u00f1o y Estudios Urbanos","description":"El trabajo que desarrollaron junto a los alumnos de la Escuela de Arquitectura de la Universidad Cat\u00f3lica de Chile ser\u00e1 exhibido en el Pabell\u00f3n Venecia ubicado en los jardines de la Bienal.","robots":{"index":"index","follow":"follow","max-snippet":"max-snippet:-1","max-image-preview":"max-image-preview:large","max-video-preview":"max-video-preview:-1"},"canonical":"https:\/\/fadeu.urantiacos.cl\/en\/2018\/05\/24\/taller-de-arquitectura-participara-en-bienal-de-venecia\/","og_locale":"en_US","og_type":"article","og_title":"Taller de Arquitectura participar\u00e1 en Bienal de Venecia - Facultad de Arquitectura, Dise\u00f1o y Estudios Urbanos","og_description":"El trabajo que desarrollaron junto a los alumnos de la Escuela de Arquitectura de la Universidad Cat\u00f3lica de Chile ser\u00e1 exhibido en el Pabell\u00f3n Venecia ubicado en los jardines de la Bienal.","og_url":"https:\/\/fadeu.urantiacos.cl\/en\/2018\/05\/24\/taller-de-arquitectura-participara-en-bienal-de-venecia\/","og_site_name":"Facultad de Arquitectura, Dise\u00f1o y Estudios Urbanos","article_published_time":"2018-05-24T19:20:00+00:00","article_modified_time":"2023-09-21T19:26:42+00:00","og_image":[{"width":350,"height":250,"url":"https:\/\/fadeu.urantiacos.cl\/wp-content\/uploads\/2023\/09\/taller_de_licenciatura.jpg","type":"image\/jpeg"}],"author":"manadmin","twitter_card":"summary_large_image","twitter_misc":{"Written by":"manadmin","Est. reading time":"1 minute"},"schema":{"@context":"https:\/\/schema.org","@graph":[{"@type":"Article","@id":"https:\/\/fadeu.urantiacos.cl\/en\/2018\/05\/24\/taller-de-arquitectura-participara-en-bienal-de-venecia\/#article","isPartOf":{"@id":"https:\/\/fadeu.urantiacos.cl\/en\/2018\/05\/24\/taller-de-arquitectura-participara-en-bienal-de-venecia\/"},"author":{"name":"manadmin","@id":"https:\/\/fadeu.urantiacos.cl\/en\/#\/schema\/person\/d203e2e84b1c40275eac77b3061a19a2"},"headline":"Taller de Arquitectura participar\u00e1 en Bienal de Venecia","datePublished":"2018-05-24T19:20:00+00:00","dateModified":"2023-09-21T19:26:42+00:00","mainEntityOfPage":{"@id":"https:\/\/fadeu.urantiacos.cl\/en\/2018\/05\/24\/taller-de-arquitectura-participara-en-bienal-de-venecia\/"},"wordCount":293,"commentCount":0,"image":{"@id":"https:\/\/fadeu.urantiacos.cl\/en\/2018\/05\/24\/taller-de-arquitectura-participara-en-bienal-de-venecia\/#primaryimage"},"thumbnailUrl":"https:\/\/fadeu.urantiacos.cl\/wp-content\/uploads\/2023\/09\/taller_de_licenciatura.jpg","articleSection":["Sin categorizar"],"inLanguage":"en-US","potentialAction":[{"@type":"CommentAction","name":"Comment","target":["https:\/\/fadeu.urantiacos.cl\/en\/2018\/05\/24\/taller-de-arquitectura-participara-en-bienal-de-venecia\/#respond"]}]},{"@type":"WebPage","@id":"https:\/\/fadeu.urantiacos.cl\/en\/2018\/05\/24\/taller-de-arquitectura-participara-en-bienal-de-venecia\/","url":"https:\/\/fadeu.urantiacos.cl\/en\/2018\/05\/24\/taller-de-arquitectura-participara-en-bienal-de-venecia\/","name":"Taller de Arquitectura participar\u00e1 en Bienal de Venecia - Facultad de Arquitectura, Dise\u00f1o y Estudios Urbanos","isPartOf":{"@id":"https:\/\/fadeu.urantiacos.cl\/en\/#website"},"primaryImageOfPage":{"@id":"https:\/\/fadeu.urantiacos.cl\/en\/2018\/05\/24\/taller-de-arquitectura-participara-en-bienal-de-venecia\/#primaryimage"},"image":{"@id":"https:\/\/fadeu.urantiacos.cl\/en\/2018\/05\/24\/taller-de-arquitectura-participara-en-bienal-de-venecia\/#primaryimage"},"thumbnailUrl":"https:\/\/fadeu.urantiacos.cl\/wp-content\/uploads\/2023\/09\/taller_de_licenciatura.jpg","datePublished":"2018-05-24T19:20:00+00:00","dateModified":"2023-09-21T19:26:42+00:00","author":{"@id":"https:\/\/fadeu.urantiacos.cl\/en\/#\/schema\/person\/d203e2e84b1c40275eac77b3061a19a2"},"description":"El trabajo que desarrollaron junto a los alumnos de la Escuela de Arquitectura de la Universidad Cat\u00f3lica de Chile ser\u00e1 exhibido en el Pabell\u00f3n Venecia ubicado en los jardines de la Bienal.","breadcrumb":{"@id":"https:\/\/fadeu.urantiacos.cl\/en\/2018\/05\/24\/taller-de-arquitectura-participara-en-bienal-de-venecia\/#breadcrumb"},"inLanguage":"en-US","potentialAction":[{"@type":"ReadAction","target":["https:\/\/fadeu.urantiacos.cl\/en\/2018\/05\/24\/taller-de-arquitectura-participara-en-bienal-de-venecia\/"]}]},{"@type":"ImageObject","inLanguage":"en-US","@id":"https:\/\/fadeu.urantiacos.cl\/en\/2018\/05\/24\/taller-de-arquitectura-participara-en-bienal-de-venecia\/#primaryimage","url":"https:\/\/fadeu.urantiacos.cl\/wp-content\/uploads\/2023\/09\/taller_de_licenciatura.jpg","contentUrl":"https:\/\/fadeu.urantiacos.cl\/wp-content\/uploads\/2023\/09\/taller_de_licenciatura.jpg","width":350,"height":250,"caption":"SONY DSC"},{"@type":"BreadcrumbList","@id":"https:\/\/fadeu.urantiacos.cl\/en\/2018\/05\/24\/taller-de-arquitectura-participara-en-bienal-de-venecia\/#breadcrumb","itemListElement":[{"@type":"ListItem","position":1,"name":"Portada","item":"https:\/\/fadeu.urantiacos.cl\/en\/"},{"@type":"ListItem","position":2,"name":"Taller de Arquitectura participar\u00e1 en Bienal de Venecia"}]},{"@type":"WebSite","@id":"https:\/\/fadeu.urantiacos.cl\/en\/#website","url":"https:\/\/fadeu.urantiacos.cl\/en\/","name":"Facultad de Arquitectura, Dise\u00f1o y Estudios Urbanos","description":"Campus Lo Contador","potentialAction":[{"@type":"SearchAction","target":{"@type":"EntryPoint","urlTemplate":"https:\/\/fadeu.urantiacos.cl\/en\/?s={search_term_string}"},"query-input":{"@type":"PropertyValueSpecification","valueRequired":true,"valueName":"search_term_string"}}],"inLanguage":"en-US"},{"@type":"Person","@id":"https:\/\/fadeu.urantiacos.cl\/en\/#\/schema\/person\/d203e2e84b1c40275eac77b3061a19a2","name":"manadmin","image":{"@type":"ImageObject","inLanguage":"en-US","@id":"https:\/\/fadeu.urantiacos.cl\/en\/#\/schema\/person\/image\/","url":"https:\/\/secure.gravatar.com\/avatar\/4b1d8e3303b4a9d8968ac578947d8bc80d9aea359f388cdd4aac15cadc0e8447?s=96&d=mm&r=g","contentUrl":"https:\/\/secure.gravatar.com\/avatar\/4b1d8e3303b4a9d8968ac578947d8bc80d9aea359f388cdd4aac15cadc0e8447?s=96&d=mm&r=g","caption":"manadmin"},"sameAs":["https:\/\/fadeu.urantiacos.cl"]}]}},"_links":{"self":[{"href":"https:\/\/fadeu.urantiacos.cl\/en\/wp-json\/wp\/v2\/posts\/13766","targetHints":{"allow":["GET"]}}],"collection":[{"href":"https:\/\/fadeu.urantiacos.cl\/en\/wp-json\/wp\/v2\/posts"}],"about":[{"href":"https:\/\/fadeu.urantiacos.cl\/en\/wp-json\/wp\/v2\/types\/post"}],"author":[{"embeddable":true,"href":"https:\/\/fadeu.urantiacos.cl\/en\/wp-json\/wp\/v2\/users\/1"}],"replies":[{"embeddable":true,"href":"https:\/\/fadeu.urantiacos.cl\/en\/wp-json\/wp\/v2\/comments?post=13766"}],"version-history":[{"count":1,"href":"https:\/\/fadeu.urantiacos.cl\/en\/wp-json\/wp\/v2\/posts\/13766\/revisions"}],"predecessor-version":[{"id":13770,"href":"https:\/\/fadeu.urantiacos.cl\/en\/wp-json\/wp\/v2\/posts\/13766\/revisions\/13770"}],"wp:featuredmedia":[{"embeddable":true,"href":"https:\/\/fadeu.urantiacos.cl\/en\/wp-json\/wp\/v2\/media\/13767"}],"wp:attachment":[{"href":"https:\/\/fadeu.urantiacos.cl\/en\/wp-json\/wp\/v2\/media?parent=13766"}],"wp:term":[{"taxonomy":"category","embeddable":true,"href":"https:\/\/fadeu.urantiacos.cl\/en\/wp-json\/wp\/v2\/categories?post=13766"},{"taxonomy":"post_tag","embeddable":true,"href":"https:\/\/fadeu.urantiacos.cl\/en\/wp-json\/wp\/v2\/tags?post=13766"}],"curies":[{"name":"wp","href":"https:\/\/api.w.org\/{rel}","templated":true}]}}