{"id":12334,"date":"2018-11-21T17:53:00","date_gmt":"2018-11-21T20:53:00","guid":{"rendered":"https:\/\/fadeu.urantiacos.cl\/?p=12334"},"modified":"2023-09-18T17:55:57","modified_gmt":"2023-09-18T20:55:57","slug":"ediciones-uc-lanza-libro-sobre-fernanco-castillo-velasco","status":"publish","type":"post","link":"https:\/\/fadeu.urantiacos.cl\/en\/2018\/11\/21\/ediciones-uc-lanza-libro-sobre-fernanco-castillo-velasco\/","title":{"rendered":"Ediciones UC lanza libro sobre Fernanco Castillo Velasco"},"content":{"rendered":"\n<figure class=\"wp-block-image size-full\"><img decoding=\"async\" width=\"350\" height=\"250\" src=\"https:\/\/fadeu.urantiacos.cl\/wp-content\/uploads\/2023\/09\/fernandocastillovelasco.jpg\" alt=\"\" class=\"wp-image-12335\" srcset=\"https:\/\/fadeu.urantiacos.cl\/wp-content\/uploads\/2023\/09\/fernandocastillovelasco.jpg 350w, https:\/\/fadeu.urantiacos.cl\/wp-content\/uploads\/2023\/09\/fernandocastillovelasco-300x214.jpg 300w\" sizes=\"(max-width: 350px) 100vw, 350px\" \/><\/figure>\n\n\n\n<p>La publicaci\u00f3n recopila 45 discursos, entrevistas, manifiestos y pr\u00f3logos referidos a la arquitectura, la educaci\u00f3n y la pol\u00edtica. Se encuentra disponible&nbsp;<a href=\"http:\/\/www.ediciones.uc.cl\/\">http:\/\/www.ediciones.uc.cl<\/a>, Librer\u00edas UC y principales librer\u00edas del pa\u00eds.<\/p>\n\n\n\n<p>El a\u00f1o 1967 se inici\u00f3 el proceso de Reforma Universitaria en el pa\u00eds y la Pontificia Universidad Cat\u00f3lica de Chile, que jugar\u00eda un rol crucial, eleg\u00eda como su rector al profesor de la facultad de Arquitectura, Fernando Castillo Velasco. Con convicci\u00f3n y liderazgo el rector encaus\u00f3 este proceso, que fue vital para iniciar una verdadera transformaci\u00f3n de la universidad y que, sumado al trabajo de las d\u00e9cadas siguientes, dar\u00eda paso a la instituci\u00f3n que conocemos hoy.<\/p>\n\n\n\n<p>Este libro recopila sus palabras, dispersas en discursos, entrevistas, columnas, manifiestos y pr\u00f3logos durante m\u00e1s de cuarenta a\u00f1os. Organizadas cronol\u00f3gicamente en torno a tres grandes \u00e1mbitos de su acci\u00f3n -&#8220;arquitectura&#8221;, &#8220;universidad&#8221; y &#8220;pol\u00edtica&#8221;- ellas dan cuenta de su manera de entender el mundo y actuar en \u00e9l. Hombre multifac\u00e9tico, -arquitecto, profesor, rector, alcalde, por mencionar algunos de sus roles-, busc\u00f3 convocar las voluntades individuales para realizar proyectos comunes m\u00e1s all\u00e1 de las diferencias. Se esforz\u00f3, por ello, en generar espacios que permitieran la convivencia y el di\u00e1logo de una comunidad participativa.<\/p>\n\n\n\n<p>A pesar del paso de los a\u00f1os, gran parte de los temas tratados por Fernando Castillo siguen siendo actuales y sus palabras nos permiten revisar la historia reciente de nuestro pa\u00eds. Estas p\u00e1ginas nos invitan a reflexionar sobre nuestro presente; sobre el rol social de la universidad, la equidad en el acceso, las responsabilidades de ciudadanos y gobernantes, las pol\u00edticas urban\u00edsticas y el desarrollo de la ciudad, entre otras materias.<\/p>\n\n\n\n<figure class=\"wp-block-image size-full\"><img decoding=\"async\" width=\"567\" height=\"869\" src=\"https:\/\/fadeu.urantiacos.cl\/wp-content\/uploads\/2023\/09\/libro_FERNANDO_CASTILLO_VELASCO_NOVEDAD.jpg\" alt=\"\" class=\"wp-image-12336\" srcset=\"https:\/\/fadeu.urantiacos.cl\/wp-content\/uploads\/2023\/09\/libro_FERNANDO_CASTILLO_VELASCO_NOVEDAD.jpg 567w, https:\/\/fadeu.urantiacos.cl\/wp-content\/uploads\/2023\/09\/libro_FERNANDO_CASTILLO_VELASCO_NOVEDAD-196x300.jpg 196w\" sizes=\"(max-width: 567px) 100vw, 567px\" \/><\/figure>\n\n\n\n<p>Noticias<br>Contacto:&nbsp;<a href=\"mailto:arq@uc.cl\">arq@uc.cl<\/a>&nbsp;| +56 2 2354 7747<br>www.arquitectura.uc.cl<\/p>\n","protected":false},"excerpt":{"rendered":"<p>El pasado 12 de noviembre se lanz\u00f3 el libro &#8216;Fernando Castillo Velasco. Proyectar en Comunidad&#8217; en el Sal\u00f3n de Honor de la Casa Central de la Pontificia Universidad Cat\u00f3lica de Chile. En el evento participaron importantes autoridades, como la viuda del ex Rector, M\u00f3nica Echeverr\u00eda, Jos\u00e9 Antonio Viera-Gallo, quien coment\u00f3 la obra, y el Rector Ignacio S\u00e1nchez D\u00edaz.<\/p>\n","protected":false},"author":1,"featured_media":12335,"comment_status":"open","ping_status":"open","sticky":false,"template":"","format":"standard","meta":{"_acf_changed":false,"footnotes":""},"categories":[1],"tags":[],"class_list":["post-12334","post","type-post","status-publish","format-standard","has-post-thumbnail","hentry","category-sin-categorizar"],"acf":[],"yoast_head":"<!-- This site is optimized with the Yoast SEO plugin v27.1.1 - https:\/\/yoast.com\/product\/yoast-seo-wordpress\/ -->\n<title>Ediciones UC lanza libro sobre Fernanco Castillo Velasco - Facultad de Arquitectura, Dise\u00f1o y Estudios Urbanos<\/title>\n<meta name=\"description\" content=\"El pasado 12 de noviembre se lanz\u00f3 el libro &#039;Fernando Castillo Velasco. Proyectar en Comunidad&#039; en el Sal\u00f3n de Honor de la Casa Central de la Pontificia Universidad Cat\u00f3lica de Chile. En el evento participaron importantes autoridades, como la viuda del ex Rector, M\u00f3nica Echeverr\u00eda, Jos\u00e9 Antonio Viera-Gallo, quien coment\u00f3 la obra, y el Rector Ignacio S\u00e1nchez D\u00edaz.\" \/>\n<meta name=\"robots\" content=\"index, follow, max-snippet:-1, max-image-preview:large, max-video-preview:-1\" \/>\n<link rel=\"canonical\" href=\"https:\/\/fadeu.urantiacos.cl\/en\/2018\/11\/21\/ediciones-uc-lanza-libro-sobre-fernanco-castillo-velasco\/\" \/>\n<meta property=\"og:locale\" content=\"en_US\" \/>\n<meta property=\"og:type\" content=\"article\" \/>\n<meta property=\"og:title\" content=\"Ediciones UC lanza libro sobre Fernanco Castillo Velasco - Facultad de Arquitectura, Dise\u00f1o y Estudios Urbanos\" \/>\n<meta property=\"og:description\" content=\"El pasado 12 de noviembre se lanz\u00f3 el libro &#039;Fernando Castillo Velasco. Proyectar en Comunidad&#039; en el Sal\u00f3n de Honor de la Casa Central de la Pontificia Universidad Cat\u00f3lica de Chile. En el evento participaron importantes autoridades, como la viuda del ex Rector, M\u00f3nica Echeverr\u00eda, Jos\u00e9 Antonio Viera-Gallo, quien coment\u00f3 la obra, y el Rector Ignacio S\u00e1nchez D\u00edaz.\" \/>\n<meta property=\"og:url\" content=\"https:\/\/fadeu.urantiacos.cl\/en\/2018\/11\/21\/ediciones-uc-lanza-libro-sobre-fernanco-castillo-velasco\/\" \/>\n<meta property=\"og:site_name\" content=\"Facultad de Arquitectura, Dise\u00f1o y Estudios Urbanos\" \/>\n<meta property=\"article:published_time\" content=\"2018-11-21T20:53:00+00:00\" \/>\n<meta property=\"article:modified_time\" content=\"2023-09-18T20:55:57+00:00\" \/>\n<meta property=\"og:image\" content=\"https:\/\/fadeu.urantiacos.cl\/wp-content\/uploads\/2023\/09\/fernandocastillovelasco.jpg\" \/>\n\t<meta property=\"og:image:width\" content=\"350\" \/>\n\t<meta property=\"og:image:height\" content=\"250\" \/>\n\t<meta property=\"og:image:type\" content=\"image\/jpeg\" \/>\n<meta name=\"author\" content=\"manadmin\" \/>\n<meta name=\"twitter:card\" content=\"summary_large_image\" \/>\n<meta name=\"twitter:label1\" content=\"Written by\" \/>\n\t<meta name=\"twitter:data1\" content=\"manadmin\" \/>\n\t<meta name=\"twitter:label2\" content=\"Est. reading time\" \/>\n\t<meta name=\"twitter:data2\" content=\"2 minutes\" \/>\n<script type=\"application\/ld+json\" class=\"yoast-schema-graph\">{\"@context\":\"https:\/\/schema.org\",\"@graph\":[{\"@type\":\"Article\",\"@id\":\"https:\/\/fadeu.urantiacos.cl\/en\/2018\/11\/21\/ediciones-uc-lanza-libro-sobre-fernanco-castillo-velasco\/#article\",\"isPartOf\":{\"@id\":\"https:\/\/fadeu.urantiacos.cl\/en\/2018\/11\/21\/ediciones-uc-lanza-libro-sobre-fernanco-castillo-velasco\/\"},\"author\":{\"name\":\"manadmin\",\"@id\":\"https:\/\/fadeu.urantiacos.cl\/en\/#\/schema\/person\/d203e2e84b1c40275eac77b3061a19a2\"},\"headline\":\"Ediciones UC lanza libro sobre Fernanco Castillo Velasco\",\"datePublished\":\"2018-11-21T20:53:00+00:00\",\"dateModified\":\"2023-09-18T20:55:57+00:00\",\"mainEntityOfPage\":{\"@id\":\"https:\/\/fadeu.urantiacos.cl\/en\/2018\/11\/21\/ediciones-uc-lanza-libro-sobre-fernanco-castillo-velasco\/\"},\"wordCount\":320,\"commentCount\":0,\"image\":{\"@id\":\"https:\/\/fadeu.urantiacos.cl\/en\/2018\/11\/21\/ediciones-uc-lanza-libro-sobre-fernanco-castillo-velasco\/#primaryimage\"},\"thumbnailUrl\":\"https:\/\/fadeu.urantiacos.cl\/wp-content\/uploads\/2023\/09\/fernandocastillovelasco.jpg\",\"articleSection\":[\"Sin categorizar\"],\"inLanguage\":\"en-US\",\"potentialAction\":[{\"@type\":\"CommentAction\",\"name\":\"Comment\",\"target\":[\"https:\/\/fadeu.urantiacos.cl\/en\/2018\/11\/21\/ediciones-uc-lanza-libro-sobre-fernanco-castillo-velasco\/#respond\"]}]},{\"@type\":\"WebPage\",\"@id\":\"https:\/\/fadeu.urantiacos.cl\/en\/2018\/11\/21\/ediciones-uc-lanza-libro-sobre-fernanco-castillo-velasco\/\",\"url\":\"https:\/\/fadeu.urantiacos.cl\/en\/2018\/11\/21\/ediciones-uc-lanza-libro-sobre-fernanco-castillo-velasco\/\",\"name\":\"Ediciones UC lanza libro sobre Fernanco Castillo Velasco - Facultad de Arquitectura, Dise\u00f1o y Estudios Urbanos\",\"isPartOf\":{\"@id\":\"https:\/\/fadeu.urantiacos.cl\/en\/#website\"},\"primaryImageOfPage\":{\"@id\":\"https:\/\/fadeu.urantiacos.cl\/en\/2018\/11\/21\/ediciones-uc-lanza-libro-sobre-fernanco-castillo-velasco\/#primaryimage\"},\"image\":{\"@id\":\"https:\/\/fadeu.urantiacos.cl\/en\/2018\/11\/21\/ediciones-uc-lanza-libro-sobre-fernanco-castillo-velasco\/#primaryimage\"},\"thumbnailUrl\":\"https:\/\/fadeu.urantiacos.cl\/wp-content\/uploads\/2023\/09\/fernandocastillovelasco.jpg\",\"datePublished\":\"2018-11-21T20:53:00+00:00\",\"dateModified\":\"2023-09-18T20:55:57+00:00\",\"author\":{\"@id\":\"https:\/\/fadeu.urantiacos.cl\/en\/#\/schema\/person\/d203e2e84b1c40275eac77b3061a19a2\"},\"description\":\"El pasado 12 de noviembre se lanz\u00f3 el libro 'Fernando Castillo Velasco. Proyectar en Comunidad' en el Sal\u00f3n de Honor de la Casa Central de la Pontificia Universidad Cat\u00f3lica de Chile. En el evento participaron importantes autoridades, como la viuda del ex Rector, M\u00f3nica Echeverr\u00eda, Jos\u00e9 Antonio Viera-Gallo, quien coment\u00f3 la obra, y el Rector Ignacio S\u00e1nchez D\u00edaz.\",\"breadcrumb\":{\"@id\":\"https:\/\/fadeu.urantiacos.cl\/en\/2018\/11\/21\/ediciones-uc-lanza-libro-sobre-fernanco-castillo-velasco\/#breadcrumb\"},\"inLanguage\":\"en-US\",\"potentialAction\":[{\"@type\":\"ReadAction\",\"target\":[\"https:\/\/fadeu.urantiacos.cl\/en\/2018\/11\/21\/ediciones-uc-lanza-libro-sobre-fernanco-castillo-velasco\/\"]}]},{\"@type\":\"ImageObject\",\"inLanguage\":\"en-US\",\"@id\":\"https:\/\/fadeu.urantiacos.cl\/en\/2018\/11\/21\/ediciones-uc-lanza-libro-sobre-fernanco-castillo-velasco\/#primaryimage\",\"url\":\"https:\/\/fadeu.urantiacos.cl\/wp-content\/uploads\/2023\/09\/fernandocastillovelasco.jpg\",\"contentUrl\":\"https:\/\/fadeu.urantiacos.cl\/wp-content\/uploads\/2023\/09\/fernandocastillovelasco.jpg\",\"width\":350,\"height\":250},{\"@type\":\"BreadcrumbList\",\"@id\":\"https:\/\/fadeu.urantiacos.cl\/en\/2018\/11\/21\/ediciones-uc-lanza-libro-sobre-fernanco-castillo-velasco\/#breadcrumb\",\"itemListElement\":[{\"@type\":\"ListItem\",\"position\":1,\"name\":\"Portada\",\"item\":\"https:\/\/fadeu.urantiacos.cl\/en\/\"},{\"@type\":\"ListItem\",\"position\":2,\"name\":\"Ediciones UC lanza libro sobre Fernanco Castillo Velasco\"}]},{\"@type\":\"WebSite\",\"@id\":\"https:\/\/fadeu.urantiacos.cl\/en\/#website\",\"url\":\"https:\/\/fadeu.urantiacos.cl\/en\/\",\"name\":\"Facultad de Arquitectura, Dise\u00f1o y Estudios Urbanos\",\"description\":\"Campus Lo Contador\",\"potentialAction\":[{\"@type\":\"SearchAction\",\"target\":{\"@type\":\"EntryPoint\",\"urlTemplate\":\"https:\/\/fadeu.urantiacos.cl\/en\/?s={search_term_string}\"},\"query-input\":{\"@type\":\"PropertyValueSpecification\",\"valueRequired\":true,\"valueName\":\"search_term_string\"}}],\"inLanguage\":\"en-US\"},{\"@type\":\"Person\",\"@id\":\"https:\/\/fadeu.urantiacos.cl\/en\/#\/schema\/person\/d203e2e84b1c40275eac77b3061a19a2\",\"name\":\"manadmin\",\"image\":{\"@type\":\"ImageObject\",\"inLanguage\":\"en-US\",\"@id\":\"https:\/\/fadeu.urantiacos.cl\/en\/#\/schema\/person\/image\/\",\"url\":\"https:\/\/secure.gravatar.com\/avatar\/4b1d8e3303b4a9d8968ac578947d8bc80d9aea359f388cdd4aac15cadc0e8447?s=96&d=mm&r=g\",\"contentUrl\":\"https:\/\/secure.gravatar.com\/avatar\/4b1d8e3303b4a9d8968ac578947d8bc80d9aea359f388cdd4aac15cadc0e8447?s=96&d=mm&r=g\",\"caption\":\"manadmin\"},\"sameAs\":[\"https:\/\/fadeu.urantiacos.cl\"]}]}<\/script>\n<!-- \/ Yoast SEO plugin. -->","yoast_head_json":{"title":"Ediciones UC lanza libro sobre Fernanco Castillo Velasco - Facultad de Arquitectura, Dise\u00f1o y Estudios Urbanos","description":"El pasado 12 de noviembre se lanz\u00f3 el libro 'Fernando Castillo Velasco. Proyectar en Comunidad' en el Sal\u00f3n de Honor de la Casa Central de la Pontificia Universidad Cat\u00f3lica de Chile. En el evento participaron importantes autoridades, como la viuda del ex Rector, M\u00f3nica Echeverr\u00eda, Jos\u00e9 Antonio Viera-Gallo, quien coment\u00f3 la obra, y el Rector Ignacio S\u00e1nchez D\u00edaz.","robots":{"index":"index","follow":"follow","max-snippet":"max-snippet:-1","max-image-preview":"max-image-preview:large","max-video-preview":"max-video-preview:-1"},"canonical":"https:\/\/fadeu.urantiacos.cl\/en\/2018\/11\/21\/ediciones-uc-lanza-libro-sobre-fernanco-castillo-velasco\/","og_locale":"en_US","og_type":"article","og_title":"Ediciones UC lanza libro sobre Fernanco Castillo Velasco - Facultad de Arquitectura, Dise\u00f1o y Estudios Urbanos","og_description":"El pasado 12 de noviembre se lanz\u00f3 el libro 'Fernando Castillo Velasco. Proyectar en Comunidad' en el Sal\u00f3n de Honor de la Casa Central de la Pontificia Universidad Cat\u00f3lica de Chile. En el evento participaron importantes autoridades, como la viuda del ex Rector, M\u00f3nica Echeverr\u00eda, Jos\u00e9 Antonio Viera-Gallo, quien coment\u00f3 la obra, y el Rector Ignacio S\u00e1nchez D\u00edaz.","og_url":"https:\/\/fadeu.urantiacos.cl\/en\/2018\/11\/21\/ediciones-uc-lanza-libro-sobre-fernanco-castillo-velasco\/","og_site_name":"Facultad de Arquitectura, Dise\u00f1o y Estudios Urbanos","article_published_time":"2018-11-21T20:53:00+00:00","article_modified_time":"2023-09-18T20:55:57+00:00","og_image":[{"width":350,"height":250,"url":"https:\/\/fadeu.urantiacos.cl\/wp-content\/uploads\/2023\/09\/fernandocastillovelasco.jpg","type":"image\/jpeg"}],"author":"manadmin","twitter_card":"summary_large_image","twitter_misc":{"Written by":"manadmin","Est. reading time":"2 minutes"},"schema":{"@context":"https:\/\/schema.org","@graph":[{"@type":"Article","@id":"https:\/\/fadeu.urantiacos.cl\/en\/2018\/11\/21\/ediciones-uc-lanza-libro-sobre-fernanco-castillo-velasco\/#article","isPartOf":{"@id":"https:\/\/fadeu.urantiacos.cl\/en\/2018\/11\/21\/ediciones-uc-lanza-libro-sobre-fernanco-castillo-velasco\/"},"author":{"name":"manadmin","@id":"https:\/\/fadeu.urantiacos.cl\/en\/#\/schema\/person\/d203e2e84b1c40275eac77b3061a19a2"},"headline":"Ediciones UC lanza libro sobre Fernanco Castillo Velasco","datePublished":"2018-11-21T20:53:00+00:00","dateModified":"2023-09-18T20:55:57+00:00","mainEntityOfPage":{"@id":"https:\/\/fadeu.urantiacos.cl\/en\/2018\/11\/21\/ediciones-uc-lanza-libro-sobre-fernanco-castillo-velasco\/"},"wordCount":320,"commentCount":0,"image":{"@id":"https:\/\/fadeu.urantiacos.cl\/en\/2018\/11\/21\/ediciones-uc-lanza-libro-sobre-fernanco-castillo-velasco\/#primaryimage"},"thumbnailUrl":"https:\/\/fadeu.urantiacos.cl\/wp-content\/uploads\/2023\/09\/fernandocastillovelasco.jpg","articleSection":["Sin categorizar"],"inLanguage":"en-US","potentialAction":[{"@type":"CommentAction","name":"Comment","target":["https:\/\/fadeu.urantiacos.cl\/en\/2018\/11\/21\/ediciones-uc-lanza-libro-sobre-fernanco-castillo-velasco\/#respond"]}]},{"@type":"WebPage","@id":"https:\/\/fadeu.urantiacos.cl\/en\/2018\/11\/21\/ediciones-uc-lanza-libro-sobre-fernanco-castillo-velasco\/","url":"https:\/\/fadeu.urantiacos.cl\/en\/2018\/11\/21\/ediciones-uc-lanza-libro-sobre-fernanco-castillo-velasco\/","name":"Ediciones UC lanza libro sobre Fernanco Castillo Velasco - Facultad de Arquitectura, Dise\u00f1o y Estudios Urbanos","isPartOf":{"@id":"https:\/\/fadeu.urantiacos.cl\/en\/#website"},"primaryImageOfPage":{"@id":"https:\/\/fadeu.urantiacos.cl\/en\/2018\/11\/21\/ediciones-uc-lanza-libro-sobre-fernanco-castillo-velasco\/#primaryimage"},"image":{"@id":"https:\/\/fadeu.urantiacos.cl\/en\/2018\/11\/21\/ediciones-uc-lanza-libro-sobre-fernanco-castillo-velasco\/#primaryimage"},"thumbnailUrl":"https:\/\/fadeu.urantiacos.cl\/wp-content\/uploads\/2023\/09\/fernandocastillovelasco.jpg","datePublished":"2018-11-21T20:53:00+00:00","dateModified":"2023-09-18T20:55:57+00:00","author":{"@id":"https:\/\/fadeu.urantiacos.cl\/en\/#\/schema\/person\/d203e2e84b1c40275eac77b3061a19a2"},"description":"El pasado 12 de noviembre se lanz\u00f3 el libro 'Fernando Castillo Velasco. Proyectar en Comunidad' en el Sal\u00f3n de Honor de la Casa Central de la Pontificia Universidad Cat\u00f3lica de Chile. En el evento participaron importantes autoridades, como la viuda del ex Rector, M\u00f3nica Echeverr\u00eda, Jos\u00e9 Antonio Viera-Gallo, quien coment\u00f3 la obra, y el Rector Ignacio S\u00e1nchez D\u00edaz.","breadcrumb":{"@id":"https:\/\/fadeu.urantiacos.cl\/en\/2018\/11\/21\/ediciones-uc-lanza-libro-sobre-fernanco-castillo-velasco\/#breadcrumb"},"inLanguage":"en-US","potentialAction":[{"@type":"ReadAction","target":["https:\/\/fadeu.urantiacos.cl\/en\/2018\/11\/21\/ediciones-uc-lanza-libro-sobre-fernanco-castillo-velasco\/"]}]},{"@type":"ImageObject","inLanguage":"en-US","@id":"https:\/\/fadeu.urantiacos.cl\/en\/2018\/11\/21\/ediciones-uc-lanza-libro-sobre-fernanco-castillo-velasco\/#primaryimage","url":"https:\/\/fadeu.urantiacos.cl\/wp-content\/uploads\/2023\/09\/fernandocastillovelasco.jpg","contentUrl":"https:\/\/fadeu.urantiacos.cl\/wp-content\/uploads\/2023\/09\/fernandocastillovelasco.jpg","width":350,"height":250},{"@type":"BreadcrumbList","@id":"https:\/\/fadeu.urantiacos.cl\/en\/2018\/11\/21\/ediciones-uc-lanza-libro-sobre-fernanco-castillo-velasco\/#breadcrumb","itemListElement":[{"@type":"ListItem","position":1,"name":"Portada","item":"https:\/\/fadeu.urantiacos.cl\/en\/"},{"@type":"ListItem","position":2,"name":"Ediciones UC lanza libro sobre Fernanco Castillo Velasco"}]},{"@type":"WebSite","@id":"https:\/\/fadeu.urantiacos.cl\/en\/#website","url":"https:\/\/fadeu.urantiacos.cl\/en\/","name":"Facultad de Arquitectura, Dise\u00f1o y Estudios Urbanos","description":"Campus Lo Contador","potentialAction":[{"@type":"SearchAction","target":{"@type":"EntryPoint","urlTemplate":"https:\/\/fadeu.urantiacos.cl\/en\/?s={search_term_string}"},"query-input":{"@type":"PropertyValueSpecification","valueRequired":true,"valueName":"search_term_string"}}],"inLanguage":"en-US"},{"@type":"Person","@id":"https:\/\/fadeu.urantiacos.cl\/en\/#\/schema\/person\/d203e2e84b1c40275eac77b3061a19a2","name":"manadmin","image":{"@type":"ImageObject","inLanguage":"en-US","@id":"https:\/\/fadeu.urantiacos.cl\/en\/#\/schema\/person\/image\/","url":"https:\/\/secure.gravatar.com\/avatar\/4b1d8e3303b4a9d8968ac578947d8bc80d9aea359f388cdd4aac15cadc0e8447?s=96&d=mm&r=g","contentUrl":"https:\/\/secure.gravatar.com\/avatar\/4b1d8e3303b4a9d8968ac578947d8bc80d9aea359f388cdd4aac15cadc0e8447?s=96&d=mm&r=g","caption":"manadmin"},"sameAs":["https:\/\/fadeu.urantiacos.cl"]}]}},"_links":{"self":[{"href":"https:\/\/fadeu.urantiacos.cl\/en\/wp-json\/wp\/v2\/posts\/12334","targetHints":{"allow":["GET"]}}],"collection":[{"href":"https:\/\/fadeu.urantiacos.cl\/en\/wp-json\/wp\/v2\/posts"}],"about":[{"href":"https:\/\/fadeu.urantiacos.cl\/en\/wp-json\/wp\/v2\/types\/post"}],"author":[{"embeddable":true,"href":"https:\/\/fadeu.urantiacos.cl\/en\/wp-json\/wp\/v2\/users\/1"}],"replies":[{"embeddable":true,"href":"https:\/\/fadeu.urantiacos.cl\/en\/wp-json\/wp\/v2\/comments?post=12334"}],"version-history":[{"count":1,"href":"https:\/\/fadeu.urantiacos.cl\/en\/wp-json\/wp\/v2\/posts\/12334\/revisions"}],"predecessor-version":[{"id":12337,"href":"https:\/\/fadeu.urantiacos.cl\/en\/wp-json\/wp\/v2\/posts\/12334\/revisions\/12337"}],"wp:featuredmedia":[{"embeddable":true,"href":"https:\/\/fadeu.urantiacos.cl\/en\/wp-json\/wp\/v2\/media\/12335"}],"wp:attachment":[{"href":"https:\/\/fadeu.urantiacos.cl\/en\/wp-json\/wp\/v2\/media?parent=12334"}],"wp:term":[{"taxonomy":"category","embeddable":true,"href":"https:\/\/fadeu.urantiacos.cl\/en\/wp-json\/wp\/v2\/categories?post=12334"},{"taxonomy":"post_tag","embeddable":true,"href":"https:\/\/fadeu.urantiacos.cl\/en\/wp-json\/wp\/v2\/tags?post=12334"}],"curies":[{"name":"wp","href":"https:\/\/api.w.org\/{rel}","templated":true}]}}