{"id":11371,"date":"2019-05-06T17:08:00","date_gmt":"2019-05-06T20:08:00","guid":{"rendered":"https:\/\/fadeu.urantiacos.cl\/?p=11371"},"modified":"2023-09-17T17:10:58","modified_gmt":"2023-09-17T20:10:58","slug":"archiprix-internacional-anuncia-a-los-arquitectos-ganadores-de-su-version-2019","status":"publish","type":"post","link":"https:\/\/fadeu.urantiacos.cl\/en\/2019\/05\/06\/archiprix-internacional-anuncia-a-los-arquitectos-ganadores-de-su-version-2019\/","title":{"rendered":"Archiprix Internacional anuncia a los arquitectos ganadores de su versi\u00f3n 2019"},"content":{"rendered":"\n<figure class=\"wp-block-image size-full\"><img decoding=\"async\" width=\"350\" height=\"250\" src=\"https:\/\/fadeu.urantiacos.cl\/wp-content\/uploads\/2023\/09\/archiprix_premiacion.jpg\" alt=\"\" class=\"wp-image-11372\" srcset=\"https:\/\/fadeu.urantiacos.cl\/wp-content\/uploads\/2023\/09\/archiprix_premiacion.jpg 350w, https:\/\/fadeu.urantiacos.cl\/wp-content\/uploads\/2023\/09\/archiprix_premiacion-300x214.jpg 300w\" sizes=\"(max-width: 350px) 100vw, 350px\" \/><\/figure>\n\n\n\n<p>El evento&nbsp;se llev\u00f3 a cabo en el Centro Cultural Estaci\u00f3n Mapocho einici\u00f3 con las palabras de bienvenida de la directora de Extensi\u00f3n de la Facultad de Arquitectura, Dise\u00f1o y Estudios Urbanos UC, Macarena Cort\u00e9s, en representaci\u00f3n del decano Mario Ubilla, junto al decano de la&nbsp;Facultad de Arquitectura y Urbanismo de la Universidad de Chile, Manuel Amaya. Posteriormente, se procedi\u00f3 a la reflexi\u00f3n y presentaci\u00f3n final del workshop internacional por parte de la arquitecta holandesa Arna Ma\u010dki\u0107, fundadora de Studio L A, del director de la Escuela de Arquitectura UC, Luis Eduardo Bresciani L., y del profesor y jefe de la carrera de Arquitectura de la Universidad de Chile, Juan Pablo Urrutia. A continuaci\u00f3n, la arquitecta UCh y acad\u00e9mica de nuestra escuela, Alejandra Celed\u00f3n, dict\u00f3 una conferencia magistral a todos los asistentes.<\/p>\n\n\n\n<p>Finalmente,&nbsp;Francisco D\u00edaz, editor general de Ediciones ARQ y revista ARQ, y Gabriela Garcia de Cort\u00e1zar, arquitecta UCh y acad\u00e9mica ARQ UC, oficiaron la esperada premiaci\u00f3n de Archiprix International, que tuvo como ganadores a los arquitectos&nbsp;<a href=\"https:\/\/www.archiprix.org\/2019\/qview\/?id=4405\">Guelba Paiva<\/a>&nbsp;(R\u00edo de Janeiro, Brasil);&nbsp;<a href=\"https:\/\/www.archiprix.org\/2019\/qview\/?id=4364\">Sara Pellegrini + Domenico Spagnolo<\/a>&nbsp;(Mil\u00e1n, Italia);&nbsp;<a href=\"https:\/\/www.archiprix.org\/2019\/qview\/?id=4414\">Liran Messer + Stav Dror<\/a>&nbsp;(Jerusalem, Israel);&nbsp;<a href=\"https:\/\/www.archiprix.org\/2019\/qview\/?id=4219\">Mohamad Nahleh<\/a>&nbsp;(Beirut, L\u00edbano);&nbsp;<a href=\"https:\/\/www.archiprix.org\/2019\/qview\/?id=4274\">Lesia Topolnyk<\/a>&nbsp;(\u00c1msterdam, Holanda);&nbsp;<a href=\"https:\/\/www.archiprix.org\/2019\/qview\/?id=4170\">Gary Polk<\/a>&nbsp;(Pennsylvania, Estados Unidos);&nbsp;y&nbsp;<a href=\"https:\/\/www.archiprix.org\/2019\/?project=4457\">Maarten de Haas<\/a>&nbsp;(Rotterdam, Holanda).<\/p>\n\n\n\n<p>El jurado de Archiprix International 2019 estuvo integrado por:<\/p>\n\n\n\n<p>Francisco D\u00edaz&nbsp;(Chile): arquitecto, profesor asistente en la Pontificia Universidad Cat\u00f3lica de Chile en Santiago de Chile, y editor general de Ediciones ARQ.<br>Rosetta Elkin&nbsp;(Estados Unidos): arquitecta paisajista, profesora asociada de landscape en Harvard y acad\u00e9mica asociada en la Harvard Arnold Arboretum, Estados Unidos.<br>Marta Moreira&nbsp;(Brasil): arquitecta, socia de MMBB y profesora en Escola da Cidade, S\u00e3o Paulo, Brasil.<br>Martino Tattara&nbsp;(Italia): arquitecto, socio de Dogma y profesor asistente en KU Leuven, Facultad de Arquitectura, B\u00e9lgica.<br>Sam Jacoby&nbsp;(Reino Unido): investigador l\u00edder de School of Architecture at the Royal College of Art y Director del programa Projective Cities en Architectural Association School of Architecture en Londres.<\/p>\n\n\n\n<p>El evento fue coronado con el lanzamiento de la&nbsp;<a href=\"https:\/\/www.instagram.com\/p\/BwpT7-8H-lx\/\">publicaci\u00f3n de Archiprix International 2019<\/a>&nbsp;y con un c\u00f3ctel de cierre y celebraci\u00f3n.<\/p>\n\n\n\n<p>ARCHIPRIX INTERNACIONAL<\/p>\n\n\n\n<p>Archiprix es un concurso de car\u00e1cter nacional e internacional que cada dos a\u00f1os convoca a las universidades del mundo a presentar sus proyectos m\u00e1s destacados de graduaci\u00f3n en las carreras de arquitectura, urbanismo y dise\u00f1o del paisaje.<\/p>\n\n\n\n<p>Tras sus exitosas ediciones anteriores, que incluyen Rotterdam (2001), Shangh\u00e1i (2007), Mosc\u00fa (2013) y Ahmedabad (2017), s\u00f3lo por nombrar algunas, la d\u00e9cima versi\u00f3n de Archiprix International se realiz\u00f3 en Santiago de Chile, entre el 22 de abril y el 3 de mayo, con el apoyo y participaci\u00f3n de la Escuela de Arquitectura de la Ponti\ufb01cia Universidad Cat\u00f3lica de Chile y la Facultad de Arquitectura y Urbanismo de la Universidad de Chile, instituciones que coorganizaron las actividades de la edici\u00f3n 2019.<\/p>\n\n\n\n<p>Archiprix 2019 incluy\u00f3&nbsp;un workshop internacional que se centr\u00f3 en el barrio Matadero-Franklin de Santiago,&nbsp;una premiaci\u00f3n local con los mejores proyectos de graduaci\u00f3n de escuelas de arquitectura chilenas, una premiaci\u00f3n y exhibici\u00f3n internacional de los 321 proyectos de diversas universidades del mundo que participaron de la convocatoria en su d\u00e9cima versi\u00f3n y las charlas magistrales abiertas a todo p\u00fablico de los arquitecto internacionales Arna Mackic (Studio L A), Arjen Oosterman (Volume Magazine) y Jacob van Rijs (MVRDV).&nbsp;<\/p>\n\n\n\n<p>Lugar_<\/p>\n\n\n\n<p>Centro Cultural Estaci\u00f3n Mapocho<\/p>\n\n\n\n<p>Co-organizadores_<\/p>\n\n\n\n<p>Escuela de Arquitectura, Facultad de Arquitectura, Dise\u00f1o y Estudios Urbanos UC<\/p>\n\n\n\n<p>Facultad de&nbsp;Arquitectura y Urbanismo, Universidad de Chile<\/p>\n\n\n\n<p>Patrocinador_<\/p>\n\n\n\n<p>Centro Cultural Estaci\u00f3n Mapocho<\/p>\n\n\n\n<p>Auspiciador_<\/p>\n\n\n\n<p>Hunter Douglas<\/p>\n\n\n\n<p>Colaborador_&nbsp;<\/p>\n\n\n\n<p>Ministerio de las Culturas, las Artes y el Patrimonio<\/p>\n\n\n\n<p>Reino de los Pa\u00edses Bajos<\/p>\n\n\n\n<figure class=\"wp-block-image size-full\"><img decoding=\"async\" width=\"1024\" height=\"768\" src=\"https:\/\/fadeu.urantiacos.cl\/wp-content\/uploads\/2023\/09\/WhatsApp_Image_2019-05-03_at_4.58.13_PM.jpeg\" alt=\"\" class=\"wp-image-11373\" srcset=\"https:\/\/fadeu.urantiacos.cl\/wp-content\/uploads\/2023\/09\/WhatsApp_Image_2019-05-03_at_4.58.13_PM.jpeg 1024w, https:\/\/fadeu.urantiacos.cl\/wp-content\/uploads\/2023\/09\/WhatsApp_Image_2019-05-03_at_4.58.13_PM-300x225.jpeg 300w, https:\/\/fadeu.urantiacos.cl\/wp-content\/uploads\/2023\/09\/WhatsApp_Image_2019-05-03_at_4.58.13_PM-768x576.jpeg 768w\" sizes=\"(max-width: 1024px) 100vw, 1024px\" \/><\/figure>\n\n\n\n<p>Noticias<br>Contacto:&nbsp;<a href=\"mailto:redesarq@uc.cl\">redesarq@uc.cl<\/a>&nbsp;| +56 2 2354 7747<br>www.arquitectura.uc.cl<\/p>\n","protected":false},"excerpt":{"rendered":"<p>El 3 de mayo se celebr\u00f3 la ceremonia de premiaci\u00f3n del concurso Archiprix Internacional 2019, en el que participaron 321 proyectos de t\u00edtulo dise\u00f1ados por 407 j\u00f3venes arquitectos, siendo seleccionados 22 finalistas en diciembre de 2018, y de los cuales 7 fueron premiados como ganadores. En la ocasi\u00f3n, se presentaron los resultados del workshop internacional y se lanz\u00f3 el libro de la d\u00e9cima versi\u00f3n del concurso, el que incluye m\u00e1s de 300 de los mejores proyectos de graduaci\u00f3n del mundo en las \u00e1reas de arquitectura, urbanismo y dise\u00f1o del paisaje.<\/p>\n","protected":false},"author":1,"featured_media":11372,"comment_status":"open","ping_status":"open","sticky":false,"template":"","format":"standard","meta":{"_acf_changed":false,"footnotes":""},"categories":[1],"tags":[],"class_list":["post-11371","post","type-post","status-publish","format-standard","has-post-thumbnail","hentry","category-sin-categorizar"],"acf":[],"yoast_head":"<!-- This site is optimized with the Yoast SEO plugin v27.1.1 - https:\/\/yoast.com\/product\/yoast-seo-wordpress\/ -->\n<title>Archiprix Internacional anuncia a los arquitectos ganadores de su versi\u00f3n 2019 - Facultad de Arquitectura, Dise\u00f1o y Estudios Urbanos<\/title>\n<meta name=\"description\" content=\"El 3 de mayo se celebr\u00f3 la ceremonia de premiaci\u00f3n del concurso Archiprix Internacional 2019, en el que participaron 321 proyectos de t\u00edtulo dise\u00f1ados por 407 j\u00f3venes arquitectos, siendo seleccionados 22 finalistas en diciembre de 2018, y de los cuales 7 fueron premiados como ganadores. En la ocasi\u00f3n, se presentaron los resultados del workshop internacional y se lanz\u00f3 el libro de la d\u00e9cima versi\u00f3n del concurso, el que incluye m\u00e1s de 300 de los mejores proyectos de graduaci\u00f3n del mundo en las \u00e1reas de arquitectura, urbanismo y dise\u00f1o del paisaje.\" \/>\n<meta name=\"robots\" content=\"index, follow, max-snippet:-1, max-image-preview:large, max-video-preview:-1\" \/>\n<link rel=\"canonical\" href=\"https:\/\/fadeu.urantiacos.cl\/en\/2019\/05\/06\/archiprix-internacional-anuncia-a-los-arquitectos-ganadores-de-su-version-2019\/\" \/>\n<meta property=\"og:locale\" content=\"en_US\" \/>\n<meta property=\"og:type\" content=\"article\" \/>\n<meta property=\"og:title\" content=\"Archiprix Internacional anuncia a los arquitectos ganadores de su versi\u00f3n 2019 - Facultad de Arquitectura, Dise\u00f1o y Estudios Urbanos\" \/>\n<meta property=\"og:description\" content=\"El 3 de mayo se celebr\u00f3 la ceremonia de premiaci\u00f3n del concurso Archiprix Internacional 2019, en el que participaron 321 proyectos de t\u00edtulo dise\u00f1ados por 407 j\u00f3venes arquitectos, siendo seleccionados 22 finalistas en diciembre de 2018, y de los cuales 7 fueron premiados como ganadores. En la ocasi\u00f3n, se presentaron los resultados del workshop internacional y se lanz\u00f3 el libro de la d\u00e9cima versi\u00f3n del concurso, el que incluye m\u00e1s de 300 de los mejores proyectos de graduaci\u00f3n del mundo en las \u00e1reas de arquitectura, urbanismo y dise\u00f1o del paisaje.\" \/>\n<meta property=\"og:url\" content=\"https:\/\/fadeu.urantiacos.cl\/en\/2019\/05\/06\/archiprix-internacional-anuncia-a-los-arquitectos-ganadores-de-su-version-2019\/\" \/>\n<meta property=\"og:site_name\" content=\"Facultad de Arquitectura, Dise\u00f1o y Estudios Urbanos\" \/>\n<meta property=\"article:published_time\" content=\"2019-05-06T20:08:00+00:00\" \/>\n<meta property=\"article:modified_time\" content=\"2023-09-17T20:10:58+00:00\" \/>\n<meta property=\"og:image\" content=\"https:\/\/fadeu.urantiacos.cl\/wp-content\/uploads\/2023\/09\/archiprix_premiacion.jpg\" \/>\n\t<meta property=\"og:image:width\" content=\"350\" \/>\n\t<meta property=\"og:image:height\" content=\"250\" \/>\n\t<meta property=\"og:image:type\" content=\"image\/jpeg\" \/>\n<meta name=\"author\" content=\"manadmin\" \/>\n<meta name=\"twitter:card\" content=\"summary_large_image\" \/>\n<meta name=\"twitter:label1\" content=\"Written by\" \/>\n\t<meta name=\"twitter:data1\" content=\"manadmin\" \/>\n\t<meta name=\"twitter:label2\" content=\"Est. reading time\" \/>\n\t<meta name=\"twitter:data2\" content=\"3 minutes\" \/>\n<script type=\"application\/ld+json\" class=\"yoast-schema-graph\">{\"@context\":\"https:\/\/schema.org\",\"@graph\":[{\"@type\":\"Article\",\"@id\":\"https:\/\/fadeu.urantiacos.cl\/en\/2019\/05\/06\/archiprix-internacional-anuncia-a-los-arquitectos-ganadores-de-su-version-2019\/#article\",\"isPartOf\":{\"@id\":\"https:\/\/fadeu.urantiacos.cl\/en\/2019\/05\/06\/archiprix-internacional-anuncia-a-los-arquitectos-ganadores-de-su-version-2019\/\"},\"author\":{\"name\":\"manadmin\",\"@id\":\"https:\/\/fadeu.urantiacos.cl\/en\/#\/schema\/person\/d203e2e84b1c40275eac77b3061a19a2\"},\"headline\":\"Archiprix Internacional anuncia a los arquitectos ganadores de su versi\u00f3n 2019\",\"datePublished\":\"2019-05-06T20:08:00+00:00\",\"dateModified\":\"2023-09-17T20:10:58+00:00\",\"mainEntityOfPage\":{\"@id\":\"https:\/\/fadeu.urantiacos.cl\/en\/2019\/05\/06\/archiprix-internacional-anuncia-a-los-arquitectos-ganadores-de-su-version-2019\/\"},\"wordCount\":681,\"commentCount\":0,\"image\":{\"@id\":\"https:\/\/fadeu.urantiacos.cl\/en\/2019\/05\/06\/archiprix-internacional-anuncia-a-los-arquitectos-ganadores-de-su-version-2019\/#primaryimage\"},\"thumbnailUrl\":\"https:\/\/fadeu.urantiacos.cl\/wp-content\/uploads\/2023\/09\/archiprix_premiacion.jpg\",\"articleSection\":[\"Sin categorizar\"],\"inLanguage\":\"en-US\",\"potentialAction\":[{\"@type\":\"CommentAction\",\"name\":\"Comment\",\"target\":[\"https:\/\/fadeu.urantiacos.cl\/en\/2019\/05\/06\/archiprix-internacional-anuncia-a-los-arquitectos-ganadores-de-su-version-2019\/#respond\"]}]},{\"@type\":\"WebPage\",\"@id\":\"https:\/\/fadeu.urantiacos.cl\/en\/2019\/05\/06\/archiprix-internacional-anuncia-a-los-arquitectos-ganadores-de-su-version-2019\/\",\"url\":\"https:\/\/fadeu.urantiacos.cl\/en\/2019\/05\/06\/archiprix-internacional-anuncia-a-los-arquitectos-ganadores-de-su-version-2019\/\",\"name\":\"Archiprix Internacional anuncia a los arquitectos ganadores de su versi\u00f3n 2019 - Facultad de Arquitectura, Dise\u00f1o y Estudios Urbanos\",\"isPartOf\":{\"@id\":\"https:\/\/fadeu.urantiacos.cl\/en\/#website\"},\"primaryImageOfPage\":{\"@id\":\"https:\/\/fadeu.urantiacos.cl\/en\/2019\/05\/06\/archiprix-internacional-anuncia-a-los-arquitectos-ganadores-de-su-version-2019\/#primaryimage\"},\"image\":{\"@id\":\"https:\/\/fadeu.urantiacos.cl\/en\/2019\/05\/06\/archiprix-internacional-anuncia-a-los-arquitectos-ganadores-de-su-version-2019\/#primaryimage\"},\"thumbnailUrl\":\"https:\/\/fadeu.urantiacos.cl\/wp-content\/uploads\/2023\/09\/archiprix_premiacion.jpg\",\"datePublished\":\"2019-05-06T20:08:00+00:00\",\"dateModified\":\"2023-09-17T20:10:58+00:00\",\"author\":{\"@id\":\"https:\/\/fadeu.urantiacos.cl\/en\/#\/schema\/person\/d203e2e84b1c40275eac77b3061a19a2\"},\"description\":\"El 3 de mayo se celebr\u00f3 la ceremonia de premiaci\u00f3n del concurso Archiprix Internacional 2019, en el que participaron 321 proyectos de t\u00edtulo dise\u00f1ados por 407 j\u00f3venes arquitectos, siendo seleccionados 22 finalistas en diciembre de 2018, y de los cuales 7 fueron premiados como ganadores. En la ocasi\u00f3n, se presentaron los resultados del workshop internacional y se lanz\u00f3 el libro de la d\u00e9cima versi\u00f3n del concurso, el que incluye m\u00e1s de 300 de los mejores proyectos de graduaci\u00f3n del mundo en las \u00e1reas de arquitectura, urbanismo y dise\u00f1o del paisaje.\",\"breadcrumb\":{\"@id\":\"https:\/\/fadeu.urantiacos.cl\/en\/2019\/05\/06\/archiprix-internacional-anuncia-a-los-arquitectos-ganadores-de-su-version-2019\/#breadcrumb\"},\"inLanguage\":\"en-US\",\"potentialAction\":[{\"@type\":\"ReadAction\",\"target\":[\"https:\/\/fadeu.urantiacos.cl\/en\/2019\/05\/06\/archiprix-internacional-anuncia-a-los-arquitectos-ganadores-de-su-version-2019\/\"]}]},{\"@type\":\"ImageObject\",\"inLanguage\":\"en-US\",\"@id\":\"https:\/\/fadeu.urantiacos.cl\/en\/2019\/05\/06\/archiprix-internacional-anuncia-a-los-arquitectos-ganadores-de-su-version-2019\/#primaryimage\",\"url\":\"https:\/\/fadeu.urantiacos.cl\/wp-content\/uploads\/2023\/09\/archiprix_premiacion.jpg\",\"contentUrl\":\"https:\/\/fadeu.urantiacos.cl\/wp-content\/uploads\/2023\/09\/archiprix_premiacion.jpg\",\"width\":350,\"height\":250},{\"@type\":\"BreadcrumbList\",\"@id\":\"https:\/\/fadeu.urantiacos.cl\/en\/2019\/05\/06\/archiprix-internacional-anuncia-a-los-arquitectos-ganadores-de-su-version-2019\/#breadcrumb\",\"itemListElement\":[{\"@type\":\"ListItem\",\"position\":1,\"name\":\"Portada\",\"item\":\"https:\/\/fadeu.urantiacos.cl\/en\/\"},{\"@type\":\"ListItem\",\"position\":2,\"name\":\"Archiprix Internacional anuncia a los arquitectos ganadores de su versi\u00f3n 2019\"}]},{\"@type\":\"WebSite\",\"@id\":\"https:\/\/fadeu.urantiacos.cl\/en\/#website\",\"url\":\"https:\/\/fadeu.urantiacos.cl\/en\/\",\"name\":\"Facultad de Arquitectura, Dise\u00f1o y Estudios Urbanos\",\"description\":\"Campus Lo Contador\",\"potentialAction\":[{\"@type\":\"SearchAction\",\"target\":{\"@type\":\"EntryPoint\",\"urlTemplate\":\"https:\/\/fadeu.urantiacos.cl\/en\/?s={search_term_string}\"},\"query-input\":{\"@type\":\"PropertyValueSpecification\",\"valueRequired\":true,\"valueName\":\"search_term_string\"}}],\"inLanguage\":\"en-US\"},{\"@type\":\"Person\",\"@id\":\"https:\/\/fadeu.urantiacos.cl\/en\/#\/schema\/person\/d203e2e84b1c40275eac77b3061a19a2\",\"name\":\"manadmin\",\"image\":{\"@type\":\"ImageObject\",\"inLanguage\":\"en-US\",\"@id\":\"https:\/\/fadeu.urantiacos.cl\/en\/#\/schema\/person\/image\/\",\"url\":\"https:\/\/secure.gravatar.com\/avatar\/4b1d8e3303b4a9d8968ac578947d8bc80d9aea359f388cdd4aac15cadc0e8447?s=96&d=mm&r=g\",\"contentUrl\":\"https:\/\/secure.gravatar.com\/avatar\/4b1d8e3303b4a9d8968ac578947d8bc80d9aea359f388cdd4aac15cadc0e8447?s=96&d=mm&r=g\",\"caption\":\"manadmin\"},\"sameAs\":[\"https:\/\/fadeu.urantiacos.cl\"]}]}<\/script>\n<!-- \/ Yoast SEO plugin. -->","yoast_head_json":{"title":"Archiprix Internacional anuncia a los arquitectos ganadores de su versi\u00f3n 2019 - Facultad de Arquitectura, Dise\u00f1o y Estudios Urbanos","description":"El 3 de mayo se celebr\u00f3 la ceremonia de premiaci\u00f3n del concurso Archiprix Internacional 2019, en el que participaron 321 proyectos de t\u00edtulo dise\u00f1ados por 407 j\u00f3venes arquitectos, siendo seleccionados 22 finalistas en diciembre de 2018, y de los cuales 7 fueron premiados como ganadores. En la ocasi\u00f3n, se presentaron los resultados del workshop internacional y se lanz\u00f3 el libro de la d\u00e9cima versi\u00f3n del concurso, el que incluye m\u00e1s de 300 de los mejores proyectos de graduaci\u00f3n del mundo en las \u00e1reas de arquitectura, urbanismo y dise\u00f1o del paisaje.","robots":{"index":"index","follow":"follow","max-snippet":"max-snippet:-1","max-image-preview":"max-image-preview:large","max-video-preview":"max-video-preview:-1"},"canonical":"https:\/\/fadeu.urantiacos.cl\/en\/2019\/05\/06\/archiprix-internacional-anuncia-a-los-arquitectos-ganadores-de-su-version-2019\/","og_locale":"en_US","og_type":"article","og_title":"Archiprix Internacional anuncia a los arquitectos ganadores de su versi\u00f3n 2019 - Facultad de Arquitectura, Dise\u00f1o y Estudios Urbanos","og_description":"El 3 de mayo se celebr\u00f3 la ceremonia de premiaci\u00f3n del concurso Archiprix Internacional 2019, en el que participaron 321 proyectos de t\u00edtulo dise\u00f1ados por 407 j\u00f3venes arquitectos, siendo seleccionados 22 finalistas en diciembre de 2018, y de los cuales 7 fueron premiados como ganadores. En la ocasi\u00f3n, se presentaron los resultados del workshop internacional y se lanz\u00f3 el libro de la d\u00e9cima versi\u00f3n del concurso, el que incluye m\u00e1s de 300 de los mejores proyectos de graduaci\u00f3n del mundo en las \u00e1reas de arquitectura, urbanismo y dise\u00f1o del paisaje.","og_url":"https:\/\/fadeu.urantiacos.cl\/en\/2019\/05\/06\/archiprix-internacional-anuncia-a-los-arquitectos-ganadores-de-su-version-2019\/","og_site_name":"Facultad de Arquitectura, Dise\u00f1o y Estudios Urbanos","article_published_time":"2019-05-06T20:08:00+00:00","article_modified_time":"2023-09-17T20:10:58+00:00","og_image":[{"width":350,"height":250,"url":"https:\/\/fadeu.urantiacos.cl\/wp-content\/uploads\/2023\/09\/archiprix_premiacion.jpg","type":"image\/jpeg"}],"author":"manadmin","twitter_card":"summary_large_image","twitter_misc":{"Written by":"manadmin","Est. reading time":"3 minutes"},"schema":{"@context":"https:\/\/schema.org","@graph":[{"@type":"Article","@id":"https:\/\/fadeu.urantiacos.cl\/en\/2019\/05\/06\/archiprix-internacional-anuncia-a-los-arquitectos-ganadores-de-su-version-2019\/#article","isPartOf":{"@id":"https:\/\/fadeu.urantiacos.cl\/en\/2019\/05\/06\/archiprix-internacional-anuncia-a-los-arquitectos-ganadores-de-su-version-2019\/"},"author":{"name":"manadmin","@id":"https:\/\/fadeu.urantiacos.cl\/en\/#\/schema\/person\/d203e2e84b1c40275eac77b3061a19a2"},"headline":"Archiprix Internacional anuncia a los arquitectos ganadores de su versi\u00f3n 2019","datePublished":"2019-05-06T20:08:00+00:00","dateModified":"2023-09-17T20:10:58+00:00","mainEntityOfPage":{"@id":"https:\/\/fadeu.urantiacos.cl\/en\/2019\/05\/06\/archiprix-internacional-anuncia-a-los-arquitectos-ganadores-de-su-version-2019\/"},"wordCount":681,"commentCount":0,"image":{"@id":"https:\/\/fadeu.urantiacos.cl\/en\/2019\/05\/06\/archiprix-internacional-anuncia-a-los-arquitectos-ganadores-de-su-version-2019\/#primaryimage"},"thumbnailUrl":"https:\/\/fadeu.urantiacos.cl\/wp-content\/uploads\/2023\/09\/archiprix_premiacion.jpg","articleSection":["Sin categorizar"],"inLanguage":"en-US","potentialAction":[{"@type":"CommentAction","name":"Comment","target":["https:\/\/fadeu.urantiacos.cl\/en\/2019\/05\/06\/archiprix-internacional-anuncia-a-los-arquitectos-ganadores-de-su-version-2019\/#respond"]}]},{"@type":"WebPage","@id":"https:\/\/fadeu.urantiacos.cl\/en\/2019\/05\/06\/archiprix-internacional-anuncia-a-los-arquitectos-ganadores-de-su-version-2019\/","url":"https:\/\/fadeu.urantiacos.cl\/en\/2019\/05\/06\/archiprix-internacional-anuncia-a-los-arquitectos-ganadores-de-su-version-2019\/","name":"Archiprix Internacional anuncia a los arquitectos ganadores de su versi\u00f3n 2019 - Facultad de Arquitectura, Dise\u00f1o y Estudios Urbanos","isPartOf":{"@id":"https:\/\/fadeu.urantiacos.cl\/en\/#website"},"primaryImageOfPage":{"@id":"https:\/\/fadeu.urantiacos.cl\/en\/2019\/05\/06\/archiprix-internacional-anuncia-a-los-arquitectos-ganadores-de-su-version-2019\/#primaryimage"},"image":{"@id":"https:\/\/fadeu.urantiacos.cl\/en\/2019\/05\/06\/archiprix-internacional-anuncia-a-los-arquitectos-ganadores-de-su-version-2019\/#primaryimage"},"thumbnailUrl":"https:\/\/fadeu.urantiacos.cl\/wp-content\/uploads\/2023\/09\/archiprix_premiacion.jpg","datePublished":"2019-05-06T20:08:00+00:00","dateModified":"2023-09-17T20:10:58+00:00","author":{"@id":"https:\/\/fadeu.urantiacos.cl\/en\/#\/schema\/person\/d203e2e84b1c40275eac77b3061a19a2"},"description":"El 3 de mayo se celebr\u00f3 la ceremonia de premiaci\u00f3n del concurso Archiprix Internacional 2019, en el que participaron 321 proyectos de t\u00edtulo dise\u00f1ados por 407 j\u00f3venes arquitectos, siendo seleccionados 22 finalistas en diciembre de 2018, y de los cuales 7 fueron premiados como ganadores. En la ocasi\u00f3n, se presentaron los resultados del workshop internacional y se lanz\u00f3 el libro de la d\u00e9cima versi\u00f3n del concurso, el que incluye m\u00e1s de 300 de los mejores proyectos de graduaci\u00f3n del mundo en las \u00e1reas de arquitectura, urbanismo y dise\u00f1o del paisaje.","breadcrumb":{"@id":"https:\/\/fadeu.urantiacos.cl\/en\/2019\/05\/06\/archiprix-internacional-anuncia-a-los-arquitectos-ganadores-de-su-version-2019\/#breadcrumb"},"inLanguage":"en-US","potentialAction":[{"@type":"ReadAction","target":["https:\/\/fadeu.urantiacos.cl\/en\/2019\/05\/06\/archiprix-internacional-anuncia-a-los-arquitectos-ganadores-de-su-version-2019\/"]}]},{"@type":"ImageObject","inLanguage":"en-US","@id":"https:\/\/fadeu.urantiacos.cl\/en\/2019\/05\/06\/archiprix-internacional-anuncia-a-los-arquitectos-ganadores-de-su-version-2019\/#primaryimage","url":"https:\/\/fadeu.urantiacos.cl\/wp-content\/uploads\/2023\/09\/archiprix_premiacion.jpg","contentUrl":"https:\/\/fadeu.urantiacos.cl\/wp-content\/uploads\/2023\/09\/archiprix_premiacion.jpg","width":350,"height":250},{"@type":"BreadcrumbList","@id":"https:\/\/fadeu.urantiacos.cl\/en\/2019\/05\/06\/archiprix-internacional-anuncia-a-los-arquitectos-ganadores-de-su-version-2019\/#breadcrumb","itemListElement":[{"@type":"ListItem","position":1,"name":"Portada","item":"https:\/\/fadeu.urantiacos.cl\/en\/"},{"@type":"ListItem","position":2,"name":"Archiprix Internacional anuncia a los arquitectos ganadores de su versi\u00f3n 2019"}]},{"@type":"WebSite","@id":"https:\/\/fadeu.urantiacos.cl\/en\/#website","url":"https:\/\/fadeu.urantiacos.cl\/en\/","name":"Facultad de Arquitectura, Dise\u00f1o y Estudios Urbanos","description":"Campus Lo Contador","potentialAction":[{"@type":"SearchAction","target":{"@type":"EntryPoint","urlTemplate":"https:\/\/fadeu.urantiacos.cl\/en\/?s={search_term_string}"},"query-input":{"@type":"PropertyValueSpecification","valueRequired":true,"valueName":"search_term_string"}}],"inLanguage":"en-US"},{"@type":"Person","@id":"https:\/\/fadeu.urantiacos.cl\/en\/#\/schema\/person\/d203e2e84b1c40275eac77b3061a19a2","name":"manadmin","image":{"@type":"ImageObject","inLanguage":"en-US","@id":"https:\/\/fadeu.urantiacos.cl\/en\/#\/schema\/person\/image\/","url":"https:\/\/secure.gravatar.com\/avatar\/4b1d8e3303b4a9d8968ac578947d8bc80d9aea359f388cdd4aac15cadc0e8447?s=96&d=mm&r=g","contentUrl":"https:\/\/secure.gravatar.com\/avatar\/4b1d8e3303b4a9d8968ac578947d8bc80d9aea359f388cdd4aac15cadc0e8447?s=96&d=mm&r=g","caption":"manadmin"},"sameAs":["https:\/\/fadeu.urantiacos.cl"]}]}},"_links":{"self":[{"href":"https:\/\/fadeu.urantiacos.cl\/en\/wp-json\/wp\/v2\/posts\/11371","targetHints":{"allow":["GET"]}}],"collection":[{"href":"https:\/\/fadeu.urantiacos.cl\/en\/wp-json\/wp\/v2\/posts"}],"about":[{"href":"https:\/\/fadeu.urantiacos.cl\/en\/wp-json\/wp\/v2\/types\/post"}],"author":[{"embeddable":true,"href":"https:\/\/fadeu.urantiacos.cl\/en\/wp-json\/wp\/v2\/users\/1"}],"replies":[{"embeddable":true,"href":"https:\/\/fadeu.urantiacos.cl\/en\/wp-json\/wp\/v2\/comments?post=11371"}],"version-history":[{"count":1,"href":"https:\/\/fadeu.urantiacos.cl\/en\/wp-json\/wp\/v2\/posts\/11371\/revisions"}],"predecessor-version":[{"id":11374,"href":"https:\/\/fadeu.urantiacos.cl\/en\/wp-json\/wp\/v2\/posts\/11371\/revisions\/11374"}],"wp:featuredmedia":[{"embeddable":true,"href":"https:\/\/fadeu.urantiacos.cl\/en\/wp-json\/wp\/v2\/media\/11372"}],"wp:attachment":[{"href":"https:\/\/fadeu.urantiacos.cl\/en\/wp-json\/wp\/v2\/media?parent=11371"}],"wp:term":[{"taxonomy":"category","embeddable":true,"href":"https:\/\/fadeu.urantiacos.cl\/en\/wp-json\/wp\/v2\/categories?post=11371"},{"taxonomy":"post_tag","embeddable":true,"href":"https:\/\/fadeu.urantiacos.cl\/en\/wp-json\/wp\/v2\/tags?post=11371"}],"curies":[{"name":"wp","href":"https:\/\/api.w.org\/{rel}","templated":true}]}}