{"id":11317,"date":"2019-05-10T16:41:00","date_gmt":"2019-05-10T19:41:00","guid":{"rendered":"https:\/\/fadeu.urantiacos.cl\/?p=11317"},"modified":"2023-10-23T13:23:36","modified_gmt":"2023-10-23T16:23:36","slug":"indice-de-calidad-de-vida-urbana-2019","status":"publish","type":"post","link":"https:\/\/fadeu.urantiacos.cl\/en\/2019\/05\/10\/indice-de-calidad-de-vida-urbana-2019\/","title":{"rendered":"Indice de Calidad de Vida Urbana 2019"},"content":{"rendered":"\n<figure class=\"wp-block-image size-full\"><img decoding=\"async\" width=\"350\" height=\"250\" src=\"https:\/\/fadeu.urantiacos.cl\/wp-content\/uploads\/2023\/09\/estudio_TVN.jpg\" alt=\"\" class=\"wp-image-11318\" srcset=\"https:\/\/fadeu.urantiacos.cl\/wp-content\/uploads\/2023\/09\/estudio_TVN.jpg 350w, https:\/\/fadeu.urantiacos.cl\/wp-content\/uploads\/2023\/09\/estudio_TVN-300x214.jpg 300w\" sizes=\"(max-width: 350px) 100vw, 350px\" \/><\/figure>\n\n\n\n<p>Medios destacan resultados del \u00cdndice de Calidad de Vida Urbana 2019, elaborado por el Instituto de Estudios Urbanos y la C\u00e1mara Chilena de la Construcci\u00f3n. Habla el profesor Arturo Orellana, coordinador del equipo de trabajo. Canal 24 Horas TVN lo entrevista en exclusiva.&nbsp;&nbsp;<\/p>\n\n\n\n<h6 class=\"wp-block-heading\">+ Revisa notas aqu\u00ed.<\/h6>\n\n\n\n<p><a href=\"https:\/\/www.df.cl\/noticias\/empresas\/construccion\/pago-de-contribuciones-marca-zonas-con-mejor-y-peor-calidad-de-vida\/2019-05-07\/193041.html\" target=\"_blank\" rel=\"noreferrer noopener\">Diario Financiero<br><\/a><br><a href=\"https:\/\/www.emol.com\/noticias\/Economia\/2019\/05\/07\/947046\/Cuales-son-las-comunas-con-mejor-y-peor-calidad-de-vida-urbana-de-Chile.html\" target=\"_blank\" rel=\"noreferrer noopener\">El Mercurio<br><\/a><br><a href=\"http:\/\/www.hoyxhoy.cl\/2019\/05\/08\/full\/cuerpo-principal\/8\/\" target=\"_blank\" rel=\"noreferrer noopener\">Hoy x Hoy<br><\/a><\/p>\n\n\n\n<p><a href=\"https:\/\/www.pauta.cl\/economia\/camara-construccion-propone-formula-exencion-contribuciones-bienes-raices\" target=\"_blank\" rel=\"noreferrer noopener\">Pauta&nbsp;<\/a><\/p>\n\n\n\n<p><\/p>\n\n\n\n<p><a href=\"https:\/\/www.litoralpress.cl\/deposito\/audios\/2019\/05\/07\/8455416.mp3\" target=\"_blank\" rel=\"noreferrer noopener\">Tele13 Radios<\/a><\/p>\n\n\n\n<p><a href=\"https:\/\/www.litoralpress.cl\/deposito\/audios\/2019\/05\/07\/8455466.mp3\" target=\"_blank\" rel=\"noreferrer noopener\">Radio Agricultura<\/a><\/p>\n\n\n\n<p><a href=\"https:\/\/www.litoralpress.cl\/deposito\/audios\/2019\/05\/07\/8455294.mp3\" target=\"_blank\" rel=\"noreferrer noopener\">Radio Cooperativa<\/a><\/p>\n\n\n\n<p><a href=\"https:\/\/www.biobiochile.cl\/noticias\/nacional\/region-de-los-rios\/2019\/05\/08\/estudio-posiciona-a-valdivia-como-una-buena-ciudad-para-vivir-pero-deficiente-en-materias-laborales.shtml\" target=\"_blank\" rel=\"noreferrer noopener\">BioBio Chile<\/a><\/p>\n\n\n\n<p><a href=\"https:\/\/www.ahoranoticias.cl\/noticias\/nacional\/260307-comunas-con-mejor-calidad-de-vida-punta-arenas-concon-machali-icvu-2019.html\" target=\"_blank\" rel=\"noreferrer noopener\">Ahora Noticias<\/a><\/p>\n","protected":false},"excerpt":{"rendered":"<p>Medios destacan resultados del \u00cdndice de Calidad de Vida Urbana 2019, elaborado por el Instituto de Estudios Urbanos y la C\u00e1mara Chilena de la Construcci\u00f3n. Habla el profesor Arturo Orellana, coordinador del equipo de trabajo. Canal 24 Horas TVN lo entrevista en exclusiva.&nbsp;&nbsp; + Revisa notas aqu\u00ed. Diario FinancieroEl MercurioHoy x Hoy Pauta&nbsp; Tele13 Radios [&hellip;]<\/p>\n","protected":false},"author":1,"featured_media":11318,"comment_status":"open","ping_status":"open","sticky":false,"template":"","format":"standard","meta":{"_acf_changed":false,"footnotes":""},"categories":[1],"tags":[],"class_list":["post-11317","post","type-post","status-publish","format-standard","has-post-thumbnail","hentry","category-sin-categorizar"],"acf":[],"yoast_head":"<!-- This site is optimized with the Yoast SEO plugin v27.1.1 - https:\/\/yoast.com\/product\/yoast-seo-wordpress\/ -->\n<title>Indice de Calidad de Vida Urbana 2019 - Facultad de Arquitectura, Dise\u00f1o y Estudios Urbanos<\/title>\n<meta name=\"description\" content=\"Medios destacan resultados del \u00cdndice de Calidad de Vida Urbana 2019, elaborado por el Instituto de Estudios Urbanos y la C\u00e1mara Chilena de la\" \/>\n<meta name=\"robots\" content=\"index, follow, max-snippet:-1, max-image-preview:large, max-video-preview:-1\" \/>\n<link rel=\"canonical\" href=\"https:\/\/fadeu.urantiacos.cl\/en\/2019\/05\/10\/indice-de-calidad-de-vida-urbana-2019\/\" \/>\n<meta property=\"og:locale\" content=\"en_US\" \/>\n<meta property=\"og:type\" content=\"article\" \/>\n<meta property=\"og:title\" content=\"Indice de Calidad de Vida Urbana 2019 - Facultad de Arquitectura, Dise\u00f1o y Estudios Urbanos\" \/>\n<meta property=\"og:description\" content=\"Medios destacan resultados del \u00cdndice de Calidad de Vida Urbana 2019, elaborado por el Instituto de Estudios Urbanos y la C\u00e1mara Chilena de la\" \/>\n<meta property=\"og:url\" content=\"https:\/\/fadeu.urantiacos.cl\/en\/2019\/05\/10\/indice-de-calidad-de-vida-urbana-2019\/\" \/>\n<meta property=\"og:site_name\" content=\"Facultad de Arquitectura, Dise\u00f1o y Estudios Urbanos\" \/>\n<meta property=\"article:published_time\" content=\"2019-05-10T19:41:00+00:00\" \/>\n<meta property=\"article:modified_time\" content=\"2023-10-23T16:23:36+00:00\" \/>\n<meta property=\"og:image\" content=\"https:\/\/fadeu.urantiacos.cl\/wp-content\/uploads\/2023\/09\/estudio_TVN.jpg\" \/>\n\t<meta property=\"og:image:width\" content=\"350\" \/>\n\t<meta property=\"og:image:height\" content=\"250\" \/>\n\t<meta property=\"og:image:type\" content=\"image\/jpeg\" \/>\n<meta name=\"author\" content=\"manadmin\" \/>\n<meta name=\"twitter:card\" content=\"summary_large_image\" \/>\n<meta name=\"twitter:label1\" content=\"Written by\" \/>\n\t<meta name=\"twitter:data1\" content=\"manadmin\" \/>\n\t<meta name=\"twitter:label2\" content=\"Est. reading time\" \/>\n\t<meta name=\"twitter:data2\" content=\"1 minute\" \/>\n<script type=\"application\/ld+json\" class=\"yoast-schema-graph\">{\"@context\":\"https:\/\/schema.org\",\"@graph\":[{\"@type\":\"Article\",\"@id\":\"https:\/\/fadeu.urantiacos.cl\/en\/2019\/05\/10\/indice-de-calidad-de-vida-urbana-2019\/#article\",\"isPartOf\":{\"@id\":\"https:\/\/fadeu.urantiacos.cl\/en\/2019\/05\/10\/indice-de-calidad-de-vida-urbana-2019\/\"},\"author\":{\"name\":\"manadmin\",\"@id\":\"https:\/\/fadeu.urantiacos.cl\/en\/#\/schema\/person\/d203e2e84b1c40275eac77b3061a19a2\"},\"headline\":\"Indice de Calidad de Vida Urbana 2019\",\"datePublished\":\"2019-05-10T19:41:00+00:00\",\"dateModified\":\"2023-10-23T16:23:36+00:00\",\"mainEntityOfPage\":{\"@id\":\"https:\/\/fadeu.urantiacos.cl\/en\/2019\/05\/10\/indice-de-calidad-de-vida-urbana-2019\/\"},\"wordCount\":73,\"commentCount\":0,\"image\":{\"@id\":\"https:\/\/fadeu.urantiacos.cl\/en\/2019\/05\/10\/indice-de-calidad-de-vida-urbana-2019\/#primaryimage\"},\"thumbnailUrl\":\"https:\/\/fadeu.urantiacos.cl\/wp-content\/uploads\/2023\/09\/estudio_TVN.jpg\",\"articleSection\":[\"Sin categorizar\"],\"inLanguage\":\"en-US\",\"potentialAction\":[{\"@type\":\"CommentAction\",\"name\":\"Comment\",\"target\":[\"https:\/\/fadeu.urantiacos.cl\/en\/2019\/05\/10\/indice-de-calidad-de-vida-urbana-2019\/#respond\"]}]},{\"@type\":\"WebPage\",\"@id\":\"https:\/\/fadeu.urantiacos.cl\/en\/2019\/05\/10\/indice-de-calidad-de-vida-urbana-2019\/\",\"url\":\"https:\/\/fadeu.urantiacos.cl\/en\/2019\/05\/10\/indice-de-calidad-de-vida-urbana-2019\/\",\"name\":\"Indice de Calidad de Vida Urbana 2019 - Facultad de Arquitectura, Dise\u00f1o y Estudios Urbanos\",\"isPartOf\":{\"@id\":\"https:\/\/fadeu.urantiacos.cl\/en\/#website\"},\"primaryImageOfPage\":{\"@id\":\"https:\/\/fadeu.urantiacos.cl\/en\/2019\/05\/10\/indice-de-calidad-de-vida-urbana-2019\/#primaryimage\"},\"image\":{\"@id\":\"https:\/\/fadeu.urantiacos.cl\/en\/2019\/05\/10\/indice-de-calidad-de-vida-urbana-2019\/#primaryimage\"},\"thumbnailUrl\":\"https:\/\/fadeu.urantiacos.cl\/wp-content\/uploads\/2023\/09\/estudio_TVN.jpg\",\"datePublished\":\"2019-05-10T19:41:00+00:00\",\"dateModified\":\"2023-10-23T16:23:36+00:00\",\"author\":{\"@id\":\"https:\/\/fadeu.urantiacos.cl\/en\/#\/schema\/person\/d203e2e84b1c40275eac77b3061a19a2\"},\"description\":\"Medios destacan resultados del \u00cdndice de Calidad de Vida Urbana 2019, elaborado por el Instituto de Estudios Urbanos y la C\u00e1mara Chilena de la\",\"breadcrumb\":{\"@id\":\"https:\/\/fadeu.urantiacos.cl\/en\/2019\/05\/10\/indice-de-calidad-de-vida-urbana-2019\/#breadcrumb\"},\"inLanguage\":\"en-US\",\"potentialAction\":[{\"@type\":\"ReadAction\",\"target\":[\"https:\/\/fadeu.urantiacos.cl\/en\/2019\/05\/10\/indice-de-calidad-de-vida-urbana-2019\/\"]}]},{\"@type\":\"ImageObject\",\"inLanguage\":\"en-US\",\"@id\":\"https:\/\/fadeu.urantiacos.cl\/en\/2019\/05\/10\/indice-de-calidad-de-vida-urbana-2019\/#primaryimage\",\"url\":\"https:\/\/fadeu.urantiacos.cl\/wp-content\/uploads\/2023\/09\/estudio_TVN.jpg\",\"contentUrl\":\"https:\/\/fadeu.urantiacos.cl\/wp-content\/uploads\/2023\/09\/estudio_TVN.jpg\",\"width\":350,\"height\":250},{\"@type\":\"BreadcrumbList\",\"@id\":\"https:\/\/fadeu.urantiacos.cl\/en\/2019\/05\/10\/indice-de-calidad-de-vida-urbana-2019\/#breadcrumb\",\"itemListElement\":[{\"@type\":\"ListItem\",\"position\":1,\"name\":\"Portada\",\"item\":\"https:\/\/fadeu.urantiacos.cl\/en\/\"},{\"@type\":\"ListItem\",\"position\":2,\"name\":\"Indice de Calidad de Vida Urbana 2019\"}]},{\"@type\":\"WebSite\",\"@id\":\"https:\/\/fadeu.urantiacos.cl\/en\/#website\",\"url\":\"https:\/\/fadeu.urantiacos.cl\/en\/\",\"name\":\"Facultad de Arquitectura, Dise\u00f1o y Estudios Urbanos\",\"description\":\"Campus Lo Contador\",\"potentialAction\":[{\"@type\":\"SearchAction\",\"target\":{\"@type\":\"EntryPoint\",\"urlTemplate\":\"https:\/\/fadeu.urantiacos.cl\/en\/?s={search_term_string}\"},\"query-input\":{\"@type\":\"PropertyValueSpecification\",\"valueRequired\":true,\"valueName\":\"search_term_string\"}}],\"inLanguage\":\"en-US\"},{\"@type\":\"Person\",\"@id\":\"https:\/\/fadeu.urantiacos.cl\/en\/#\/schema\/person\/d203e2e84b1c40275eac77b3061a19a2\",\"name\":\"manadmin\",\"image\":{\"@type\":\"ImageObject\",\"inLanguage\":\"en-US\",\"@id\":\"https:\/\/fadeu.urantiacos.cl\/en\/#\/schema\/person\/image\/\",\"url\":\"https:\/\/secure.gravatar.com\/avatar\/4b1d8e3303b4a9d8968ac578947d8bc80d9aea359f388cdd4aac15cadc0e8447?s=96&d=mm&r=g\",\"contentUrl\":\"https:\/\/secure.gravatar.com\/avatar\/4b1d8e3303b4a9d8968ac578947d8bc80d9aea359f388cdd4aac15cadc0e8447?s=96&d=mm&r=g\",\"caption\":\"manadmin\"},\"sameAs\":[\"https:\/\/fadeu.urantiacos.cl\"]}]}<\/script>\n<!-- \/ Yoast SEO plugin. -->","yoast_head_json":{"title":"Indice de Calidad de Vida Urbana 2019 - Facultad de Arquitectura, Dise\u00f1o y Estudios Urbanos","description":"Medios destacan resultados del \u00cdndice de Calidad de Vida Urbana 2019, elaborado por el Instituto de Estudios Urbanos y la C\u00e1mara Chilena de la","robots":{"index":"index","follow":"follow","max-snippet":"max-snippet:-1","max-image-preview":"max-image-preview:large","max-video-preview":"max-video-preview:-1"},"canonical":"https:\/\/fadeu.urantiacos.cl\/en\/2019\/05\/10\/indice-de-calidad-de-vida-urbana-2019\/","og_locale":"en_US","og_type":"article","og_title":"Indice de Calidad de Vida Urbana 2019 - Facultad de Arquitectura, Dise\u00f1o y Estudios Urbanos","og_description":"Medios destacan resultados del \u00cdndice de Calidad de Vida Urbana 2019, elaborado por el Instituto de Estudios Urbanos y la C\u00e1mara Chilena de la","og_url":"https:\/\/fadeu.urantiacos.cl\/en\/2019\/05\/10\/indice-de-calidad-de-vida-urbana-2019\/","og_site_name":"Facultad de Arquitectura, Dise\u00f1o y Estudios Urbanos","article_published_time":"2019-05-10T19:41:00+00:00","article_modified_time":"2023-10-23T16:23:36+00:00","og_image":[{"width":350,"height":250,"url":"https:\/\/fadeu.urantiacos.cl\/wp-content\/uploads\/2023\/09\/estudio_TVN.jpg","type":"image\/jpeg"}],"author":"manadmin","twitter_card":"summary_large_image","twitter_misc":{"Written by":"manadmin","Est. reading time":"1 minute"},"schema":{"@context":"https:\/\/schema.org","@graph":[{"@type":"Article","@id":"https:\/\/fadeu.urantiacos.cl\/en\/2019\/05\/10\/indice-de-calidad-de-vida-urbana-2019\/#article","isPartOf":{"@id":"https:\/\/fadeu.urantiacos.cl\/en\/2019\/05\/10\/indice-de-calidad-de-vida-urbana-2019\/"},"author":{"name":"manadmin","@id":"https:\/\/fadeu.urantiacos.cl\/en\/#\/schema\/person\/d203e2e84b1c40275eac77b3061a19a2"},"headline":"Indice de Calidad de Vida Urbana 2019","datePublished":"2019-05-10T19:41:00+00:00","dateModified":"2023-10-23T16:23:36+00:00","mainEntityOfPage":{"@id":"https:\/\/fadeu.urantiacos.cl\/en\/2019\/05\/10\/indice-de-calidad-de-vida-urbana-2019\/"},"wordCount":73,"commentCount":0,"image":{"@id":"https:\/\/fadeu.urantiacos.cl\/en\/2019\/05\/10\/indice-de-calidad-de-vida-urbana-2019\/#primaryimage"},"thumbnailUrl":"https:\/\/fadeu.urantiacos.cl\/wp-content\/uploads\/2023\/09\/estudio_TVN.jpg","articleSection":["Sin categorizar"],"inLanguage":"en-US","potentialAction":[{"@type":"CommentAction","name":"Comment","target":["https:\/\/fadeu.urantiacos.cl\/en\/2019\/05\/10\/indice-de-calidad-de-vida-urbana-2019\/#respond"]}]},{"@type":"WebPage","@id":"https:\/\/fadeu.urantiacos.cl\/en\/2019\/05\/10\/indice-de-calidad-de-vida-urbana-2019\/","url":"https:\/\/fadeu.urantiacos.cl\/en\/2019\/05\/10\/indice-de-calidad-de-vida-urbana-2019\/","name":"Indice de Calidad de Vida Urbana 2019 - Facultad de Arquitectura, Dise\u00f1o y Estudios Urbanos","isPartOf":{"@id":"https:\/\/fadeu.urantiacos.cl\/en\/#website"},"primaryImageOfPage":{"@id":"https:\/\/fadeu.urantiacos.cl\/en\/2019\/05\/10\/indice-de-calidad-de-vida-urbana-2019\/#primaryimage"},"image":{"@id":"https:\/\/fadeu.urantiacos.cl\/en\/2019\/05\/10\/indice-de-calidad-de-vida-urbana-2019\/#primaryimage"},"thumbnailUrl":"https:\/\/fadeu.urantiacos.cl\/wp-content\/uploads\/2023\/09\/estudio_TVN.jpg","datePublished":"2019-05-10T19:41:00+00:00","dateModified":"2023-10-23T16:23:36+00:00","author":{"@id":"https:\/\/fadeu.urantiacos.cl\/en\/#\/schema\/person\/d203e2e84b1c40275eac77b3061a19a2"},"description":"Medios destacan resultados del \u00cdndice de Calidad de Vida Urbana 2019, elaborado por el Instituto de Estudios Urbanos y la C\u00e1mara Chilena de la","breadcrumb":{"@id":"https:\/\/fadeu.urantiacos.cl\/en\/2019\/05\/10\/indice-de-calidad-de-vida-urbana-2019\/#breadcrumb"},"inLanguage":"en-US","potentialAction":[{"@type":"ReadAction","target":["https:\/\/fadeu.urantiacos.cl\/en\/2019\/05\/10\/indice-de-calidad-de-vida-urbana-2019\/"]}]},{"@type":"ImageObject","inLanguage":"en-US","@id":"https:\/\/fadeu.urantiacos.cl\/en\/2019\/05\/10\/indice-de-calidad-de-vida-urbana-2019\/#primaryimage","url":"https:\/\/fadeu.urantiacos.cl\/wp-content\/uploads\/2023\/09\/estudio_TVN.jpg","contentUrl":"https:\/\/fadeu.urantiacos.cl\/wp-content\/uploads\/2023\/09\/estudio_TVN.jpg","width":350,"height":250},{"@type":"BreadcrumbList","@id":"https:\/\/fadeu.urantiacos.cl\/en\/2019\/05\/10\/indice-de-calidad-de-vida-urbana-2019\/#breadcrumb","itemListElement":[{"@type":"ListItem","position":1,"name":"Portada","item":"https:\/\/fadeu.urantiacos.cl\/en\/"},{"@type":"ListItem","position":2,"name":"Indice de Calidad de Vida Urbana 2019"}]},{"@type":"WebSite","@id":"https:\/\/fadeu.urantiacos.cl\/en\/#website","url":"https:\/\/fadeu.urantiacos.cl\/en\/","name":"Facultad de Arquitectura, Dise\u00f1o y Estudios Urbanos","description":"Campus Lo Contador","potentialAction":[{"@type":"SearchAction","target":{"@type":"EntryPoint","urlTemplate":"https:\/\/fadeu.urantiacos.cl\/en\/?s={search_term_string}"},"query-input":{"@type":"PropertyValueSpecification","valueRequired":true,"valueName":"search_term_string"}}],"inLanguage":"en-US"},{"@type":"Person","@id":"https:\/\/fadeu.urantiacos.cl\/en\/#\/schema\/person\/d203e2e84b1c40275eac77b3061a19a2","name":"manadmin","image":{"@type":"ImageObject","inLanguage":"en-US","@id":"https:\/\/fadeu.urantiacos.cl\/en\/#\/schema\/person\/image\/","url":"https:\/\/secure.gravatar.com\/avatar\/4b1d8e3303b4a9d8968ac578947d8bc80d9aea359f388cdd4aac15cadc0e8447?s=96&d=mm&r=g","contentUrl":"https:\/\/secure.gravatar.com\/avatar\/4b1d8e3303b4a9d8968ac578947d8bc80d9aea359f388cdd4aac15cadc0e8447?s=96&d=mm&r=g","caption":"manadmin"},"sameAs":["https:\/\/fadeu.urantiacos.cl"]}]}},"_links":{"self":[{"href":"https:\/\/fadeu.urantiacos.cl\/en\/wp-json\/wp\/v2\/posts\/11317","targetHints":{"allow":["GET"]}}],"collection":[{"href":"https:\/\/fadeu.urantiacos.cl\/en\/wp-json\/wp\/v2\/posts"}],"about":[{"href":"https:\/\/fadeu.urantiacos.cl\/en\/wp-json\/wp\/v2\/types\/post"}],"author":[{"embeddable":true,"href":"https:\/\/fadeu.urantiacos.cl\/en\/wp-json\/wp\/v2\/users\/1"}],"replies":[{"embeddable":true,"href":"https:\/\/fadeu.urantiacos.cl\/en\/wp-json\/wp\/v2\/comments?post=11317"}],"version-history":[{"count":3,"href":"https:\/\/fadeu.urantiacos.cl\/en\/wp-json\/wp\/v2\/posts\/11317\/revisions"}],"predecessor-version":[{"id":17419,"href":"https:\/\/fadeu.urantiacos.cl\/en\/wp-json\/wp\/v2\/posts\/11317\/revisions\/17419"}],"wp:featuredmedia":[{"embeddable":true,"href":"https:\/\/fadeu.urantiacos.cl\/en\/wp-json\/wp\/v2\/media\/11318"}],"wp:attachment":[{"href":"https:\/\/fadeu.urantiacos.cl\/en\/wp-json\/wp\/v2\/media?parent=11317"}],"wp:term":[{"taxonomy":"category","embeddable":true,"href":"https:\/\/fadeu.urantiacos.cl\/en\/wp-json\/wp\/v2\/categories?post=11317"},{"taxonomy":"post_tag","embeddable":true,"href":"https:\/\/fadeu.urantiacos.cl\/en\/wp-json\/wp\/v2\/tags?post=11317"}],"curies":[{"name":"wp","href":"https:\/\/api.w.org\/{rel}","templated":true}]}}