{"id":11267,"date":"2019-05-16T16:15:00","date_gmt":"2019-05-16T19:15:00","guid":{"rendered":"https:\/\/fadeu.urantiacos.cl\/?p=11267"},"modified":"2023-09-17T16:16:17","modified_gmt":"2023-09-17T19:16:17","slug":"profesora-maria-luisa-mendez-se-incorpora-al-instituto-de-estudios-urbanos-y-territoriales-uc","status":"publish","type":"post","link":"https:\/\/fadeu.urantiacos.cl\/en\/2019\/05\/16\/profesora-maria-luisa-mendez-se-incorpora-al-instituto-de-estudios-urbanos-y-territoriales-uc\/","title":{"rendered":"Profesora Mar\u00eda Luisa M\u00e9ndez se incorpora al Instituto de Estudios Urbanos y Territoriales UC"},"content":{"rendered":"\n<figure class=\"wp-block-image size-full\"><img decoding=\"async\" width=\"350\" height=\"250\" src=\"https:\/\/fadeu.urantiacos.cl\/wp-content\/uploads\/2023\/09\/maria_luisa_mendez.jpg\" alt=\"\" class=\"wp-image-11268\" srcset=\"https:\/\/fadeu.urantiacos.cl\/wp-content\/uploads\/2023\/09\/maria_luisa_mendez.jpg 350w, https:\/\/fadeu.urantiacos.cl\/wp-content\/uploads\/2023\/09\/maria_luisa_mendez-300x214.jpg 300w\" sizes=\"(max-width: 350px) 100vw, 350px\" \/><\/figure>\n\n\n\n<p>M\u00e9ndez es soci\u00f3loga de la Universidad Cat\u00f3lica; M\u00e1ster en Antropolog\u00eda y Desarrollo de la Universidad de Chile; M\u00e1ster en Estudios Culturales y Sociolog\u00eda de la University of Birmingham (UK); y Doctora en Sociolog\u00eda de la University of Manchester (UK).<\/p>\n\n\n\n<p>\u201cUna vez egresada de Sociolog\u00eda me fui a trabajar al servicio p\u00fablico, espec\u00edficamente en el \u00e1rea de estudios del Sename, principalmente porque en aquella \u00e9poca quienes est\u00e1bamos estudiando la carrera luego de que estuviera cerrada en la \u00e9poca de la dictadura sent\u00edamos que deb\u00edamos ayudar a reflotar y relevar los temas de pobreza, vulnerabilidad y marginalidad que estuvieron opacados durante tantos a\u00f1os\u201d, recuerda M\u00e9ndez.<\/p>\n\n\n\n<p>\u201cLuego en el postgrado en la Universidad de Chile surgi\u00f3 un inter\u00e9s en m\u00ed por dialogar con distintas formas de vinculaci\u00f3n, pertenencia y diferencia en la ciudad, y en ese momento me di cuenta que la labor acad\u00e9mica ten\u00eda para m\u00ed un impacto muy profundo y muy atractivo, y descubr\u00ed en los estudios culturales un \u00e1rea que me llen\u00f3 mucho disciplinarmente para desenvolverme desde la investigaci\u00f3n\u201d, agreg\u00f3.<\/p>\n\n\n\n<p>Posteriormente, Mar\u00eda Luisa se fue a estudiar a Inglaterra, donde \u2013seg\u00fan manifiesta- \u201cla sociolog\u00eda que se estudia all\u00e1 est\u00e1 muy marcada por una revitalizaci\u00f3n de los estudios de clases sociales, en t\u00e9rminos de estilos de vida, jerarqu\u00edas simb\u00f3licas de clases y otros, y fue ah\u00ed donde hice mi tesis sobre la identidad de la clase media en Chile, donde estudi\u00e9 tensiones intra-barriales\u201d.<\/p>\n\n\n\n<p><strong>Rol de la Academia<\/strong><\/p>\n\n\n\n<p>Para M\u00e9ndez, el rol de la Academia es fundamental para sincerar las brechas de desigualdad social que existen en las ciudades chilenas, y, fundamentalmente, en las \u00e1reas metropolitanas, para ayudar a la pol\u00edtica p\u00fablica a tomar mejores decisiones. \u201cLas din\u00e1micas de reproducci\u00f3n de la desigualdad a nivel macro estructural son tan feroces que, aunque tengamos la noci\u00f3n de que es injusto, es muy dif\u00edcil que las personas puedan crear conciencia para revertirlo\u201d, se\u00f1ala.<\/p>\n\n\n\n<p>Por ello, advierte, \u201ces muy importante develar esas contradicciones de la vida contempor\u00e1nea, porque en la medida que asumamos este fen\u00f3meno como un problema social, sin culparnos por el \u00e9xito de unos o por el fracaso de otros, podremos avanzar en reformas estructurales donde el Estado tiene un rol crucial, y nosotros desde los estudios urbanos podemos aportar. Lo importante es crear conciencia urbana sobre la vida colectiva, m\u00e1s all\u00e1 de la vida individual\u201d.<\/p>\n\n\n\n<p>Desigualdad, inequidades, convivencia urbana de distintos segmentos sociales, conflictos sociales y otros temas son parte de los distintos \u00e1mbitos de investigaci\u00f3n de Mar\u00eda Luisa M\u00e9ndez, tem\u00e1ticas que vienen a robustecer la agenda acad\u00e9mica del Instituto de Estudios Urbanos y Territoriales.<\/p>\n\n\n\n<p>INFORMACI\u00d3N PERIOD\u00cdSTICA<\/p>\n\n\n\n<p>JUAN ANDR\u00c9S INZUNZA<\/p>\n","protected":false},"excerpt":{"rendered":"<p>Exploraciones Urbanas: Cultura y Patrimonio (pregrado); Aproximaciones a la Investigaci\u00f3n y La Ciudad y la Integraci\u00f3n Social (posgrado) son las tres asignaturas que impartir\u00e1 a partir de este a\u00f1o la acad\u00e9mica e investigadora del Centro de Estudios de Conflicto y Cohesi\u00f3n Social (COES), Mar\u00eda Luisa M\u00e9ndez, quien a partir de este mes se incorpora como profesora adjunta al Instituto de Estudios Urbanos y Territoriales de la Facultad de Arquitectura, Dise\u00f1o y Estudios Urbanos de la Universidad Cat\u00f3lica.<\/p>\n","protected":false},"author":1,"featured_media":11268,"comment_status":"open","ping_status":"open","sticky":false,"template":"","format":"standard","meta":{"_acf_changed":false,"footnotes":""},"categories":[1],"tags":[],"class_list":["post-11267","post","type-post","status-publish","format-standard","has-post-thumbnail","hentry","category-sin-categorizar"],"acf":[],"yoast_head":"<!-- This site is optimized with the Yoast SEO plugin v27.1.1 - https:\/\/yoast.com\/product\/yoast-seo-wordpress\/ -->\n<title>Profesora Mar\u00eda Luisa M\u00e9ndez se incorpora al Instituto de Estudios Urbanos y Territoriales UC - Facultad de Arquitectura, Dise\u00f1o y Estudios Urbanos<\/title>\n<meta name=\"description\" content=\"Exploraciones Urbanas: Cultura y Patrimonio (pregrado); Aproximaciones a la Investigaci\u00f3n y La Ciudad y la Integraci\u00f3n Social (posgrado) son las tres asignaturas que impartir\u00e1 a partir de este a\u00f1o la acad\u00e9mica e investigadora del Centro de Estudios de Conflicto y Cohesi\u00f3n Social (COES), Mar\u00eda Luisa M\u00e9ndez, quien a partir de este mes se incorpora como profesora adjunta al Instituto de Estudios Urbanos y Territoriales de la Facultad de Arquitectura, Dise\u00f1o y Estudios Urbanos de la Universidad Cat\u00f3lica.\" \/>\n<meta name=\"robots\" content=\"index, follow, max-snippet:-1, max-image-preview:large, max-video-preview:-1\" \/>\n<link rel=\"canonical\" href=\"https:\/\/fadeu.urantiacos.cl\/en\/2019\/05\/16\/profesora-maria-luisa-mendez-se-incorpora-al-instituto-de-estudios-urbanos-y-territoriales-uc\/\" \/>\n<meta property=\"og:locale\" content=\"en_US\" \/>\n<meta property=\"og:type\" content=\"article\" \/>\n<meta property=\"og:title\" content=\"Profesora Mar\u00eda Luisa M\u00e9ndez se incorpora al Instituto de Estudios Urbanos y Territoriales UC - Facultad de Arquitectura, Dise\u00f1o y Estudios Urbanos\" \/>\n<meta property=\"og:description\" content=\"Exploraciones Urbanas: Cultura y Patrimonio (pregrado); Aproximaciones a la Investigaci\u00f3n y La Ciudad y la Integraci\u00f3n Social (posgrado) son las tres asignaturas que impartir\u00e1 a partir de este a\u00f1o la acad\u00e9mica e investigadora del Centro de Estudios de Conflicto y Cohesi\u00f3n Social (COES), Mar\u00eda Luisa M\u00e9ndez, quien a partir de este mes se incorpora como profesora adjunta al Instituto de Estudios Urbanos y Territoriales de la Facultad de Arquitectura, Dise\u00f1o y Estudios Urbanos de la Universidad Cat\u00f3lica.\" \/>\n<meta property=\"og:url\" content=\"https:\/\/fadeu.urantiacos.cl\/en\/2019\/05\/16\/profesora-maria-luisa-mendez-se-incorpora-al-instituto-de-estudios-urbanos-y-territoriales-uc\/\" \/>\n<meta property=\"og:site_name\" content=\"Facultad de Arquitectura, Dise\u00f1o y Estudios Urbanos\" \/>\n<meta property=\"article:published_time\" content=\"2019-05-16T19:15:00+00:00\" \/>\n<meta property=\"article:modified_time\" content=\"2023-09-17T19:16:17+00:00\" \/>\n<meta property=\"og:image\" content=\"https:\/\/fadeu.urantiacos.cl\/wp-content\/uploads\/2023\/09\/maria_luisa_mendez.jpg\" \/>\n\t<meta property=\"og:image:width\" content=\"350\" \/>\n\t<meta property=\"og:image:height\" content=\"250\" \/>\n\t<meta property=\"og:image:type\" content=\"image\/jpeg\" \/>\n<meta name=\"author\" content=\"manadmin\" \/>\n<meta name=\"twitter:card\" content=\"summary_large_image\" \/>\n<meta name=\"twitter:label1\" content=\"Written by\" \/>\n\t<meta name=\"twitter:data1\" content=\"manadmin\" \/>\n\t<meta name=\"twitter:label2\" content=\"Est. reading time\" \/>\n\t<meta name=\"twitter:data2\" content=\"2 minutes\" \/>\n<script type=\"application\/ld+json\" class=\"yoast-schema-graph\">{\"@context\":\"https:\/\/schema.org\",\"@graph\":[{\"@type\":\"Article\",\"@id\":\"https:\/\/fadeu.urantiacos.cl\/en\/2019\/05\/16\/profesora-maria-luisa-mendez-se-incorpora-al-instituto-de-estudios-urbanos-y-territoriales-uc\/#article\",\"isPartOf\":{\"@id\":\"https:\/\/fadeu.urantiacos.cl\/en\/2019\/05\/16\/profesora-maria-luisa-mendez-se-incorpora-al-instituto-de-estudios-urbanos-y-territoriales-uc\/\"},\"author\":{\"name\":\"manadmin\",\"@id\":\"https:\/\/fadeu.urantiacos.cl\/en\/#\/schema\/person\/d203e2e84b1c40275eac77b3061a19a2\"},\"headline\":\"Profesora Mar\u00eda Luisa M\u00e9ndez se incorpora al Instituto de Estudios Urbanos y Territoriales UC\",\"datePublished\":\"2019-05-16T19:15:00+00:00\",\"dateModified\":\"2023-09-17T19:16:17+00:00\",\"mainEntityOfPage\":{\"@id\":\"https:\/\/fadeu.urantiacos.cl\/en\/2019\/05\/16\/profesora-maria-luisa-mendez-se-incorpora-al-instituto-de-estudios-urbanos-y-territoriales-uc\/\"},\"wordCount\":491,\"commentCount\":0,\"image\":{\"@id\":\"https:\/\/fadeu.urantiacos.cl\/en\/2019\/05\/16\/profesora-maria-luisa-mendez-se-incorpora-al-instituto-de-estudios-urbanos-y-territoriales-uc\/#primaryimage\"},\"thumbnailUrl\":\"https:\/\/fadeu.urantiacos.cl\/wp-content\/uploads\/2023\/09\/maria_luisa_mendez.jpg\",\"articleSection\":[\"Sin categorizar\"],\"inLanguage\":\"en-US\",\"potentialAction\":[{\"@type\":\"CommentAction\",\"name\":\"Comment\",\"target\":[\"https:\/\/fadeu.urantiacos.cl\/en\/2019\/05\/16\/profesora-maria-luisa-mendez-se-incorpora-al-instituto-de-estudios-urbanos-y-territoriales-uc\/#respond\"]}]},{\"@type\":\"WebPage\",\"@id\":\"https:\/\/fadeu.urantiacos.cl\/en\/2019\/05\/16\/profesora-maria-luisa-mendez-se-incorpora-al-instituto-de-estudios-urbanos-y-territoriales-uc\/\",\"url\":\"https:\/\/fadeu.urantiacos.cl\/en\/2019\/05\/16\/profesora-maria-luisa-mendez-se-incorpora-al-instituto-de-estudios-urbanos-y-territoriales-uc\/\",\"name\":\"Profesora Mar\u00eda Luisa M\u00e9ndez se incorpora al Instituto de Estudios Urbanos y Territoriales UC - Facultad de Arquitectura, Dise\u00f1o y Estudios Urbanos\",\"isPartOf\":{\"@id\":\"https:\/\/fadeu.urantiacos.cl\/en\/#website\"},\"primaryImageOfPage\":{\"@id\":\"https:\/\/fadeu.urantiacos.cl\/en\/2019\/05\/16\/profesora-maria-luisa-mendez-se-incorpora-al-instituto-de-estudios-urbanos-y-territoriales-uc\/#primaryimage\"},\"image\":{\"@id\":\"https:\/\/fadeu.urantiacos.cl\/en\/2019\/05\/16\/profesora-maria-luisa-mendez-se-incorpora-al-instituto-de-estudios-urbanos-y-territoriales-uc\/#primaryimage\"},\"thumbnailUrl\":\"https:\/\/fadeu.urantiacos.cl\/wp-content\/uploads\/2023\/09\/maria_luisa_mendez.jpg\",\"datePublished\":\"2019-05-16T19:15:00+00:00\",\"dateModified\":\"2023-09-17T19:16:17+00:00\",\"author\":{\"@id\":\"https:\/\/fadeu.urantiacos.cl\/en\/#\/schema\/person\/d203e2e84b1c40275eac77b3061a19a2\"},\"description\":\"Exploraciones Urbanas: Cultura y Patrimonio (pregrado); Aproximaciones a la Investigaci\u00f3n y La Ciudad y la Integraci\u00f3n Social (posgrado) son las tres asignaturas que impartir\u00e1 a partir de este a\u00f1o la acad\u00e9mica e investigadora del Centro de Estudios de Conflicto y Cohesi\u00f3n Social (COES), Mar\u00eda Luisa M\u00e9ndez, quien a partir de este mes se incorpora como profesora adjunta al Instituto de Estudios Urbanos y Territoriales de la Facultad de Arquitectura, Dise\u00f1o y Estudios Urbanos de la Universidad Cat\u00f3lica.\",\"breadcrumb\":{\"@id\":\"https:\/\/fadeu.urantiacos.cl\/en\/2019\/05\/16\/profesora-maria-luisa-mendez-se-incorpora-al-instituto-de-estudios-urbanos-y-territoriales-uc\/#breadcrumb\"},\"inLanguage\":\"en-US\",\"potentialAction\":[{\"@type\":\"ReadAction\",\"target\":[\"https:\/\/fadeu.urantiacos.cl\/en\/2019\/05\/16\/profesora-maria-luisa-mendez-se-incorpora-al-instituto-de-estudios-urbanos-y-territoriales-uc\/\"]}]},{\"@type\":\"ImageObject\",\"inLanguage\":\"en-US\",\"@id\":\"https:\/\/fadeu.urantiacos.cl\/en\/2019\/05\/16\/profesora-maria-luisa-mendez-se-incorpora-al-instituto-de-estudios-urbanos-y-territoriales-uc\/#primaryimage\",\"url\":\"https:\/\/fadeu.urantiacos.cl\/wp-content\/uploads\/2023\/09\/maria_luisa_mendez.jpg\",\"contentUrl\":\"https:\/\/fadeu.urantiacos.cl\/wp-content\/uploads\/2023\/09\/maria_luisa_mendez.jpg\",\"width\":350,\"height\":250},{\"@type\":\"BreadcrumbList\",\"@id\":\"https:\/\/fadeu.urantiacos.cl\/en\/2019\/05\/16\/profesora-maria-luisa-mendez-se-incorpora-al-instituto-de-estudios-urbanos-y-territoriales-uc\/#breadcrumb\",\"itemListElement\":[{\"@type\":\"ListItem\",\"position\":1,\"name\":\"Portada\",\"item\":\"https:\/\/fadeu.urantiacos.cl\/en\/\"},{\"@type\":\"ListItem\",\"position\":2,\"name\":\"Profesora Mar\u00eda Luisa M\u00e9ndez se incorpora al Instituto de Estudios Urbanos y Territoriales UC\"}]},{\"@type\":\"WebSite\",\"@id\":\"https:\/\/fadeu.urantiacos.cl\/en\/#website\",\"url\":\"https:\/\/fadeu.urantiacos.cl\/en\/\",\"name\":\"Facultad de Arquitectura, Dise\u00f1o y Estudios Urbanos\",\"description\":\"Campus Lo Contador\",\"potentialAction\":[{\"@type\":\"SearchAction\",\"target\":{\"@type\":\"EntryPoint\",\"urlTemplate\":\"https:\/\/fadeu.urantiacos.cl\/en\/?s={search_term_string}\"},\"query-input\":{\"@type\":\"PropertyValueSpecification\",\"valueRequired\":true,\"valueName\":\"search_term_string\"}}],\"inLanguage\":\"en-US\"},{\"@type\":\"Person\",\"@id\":\"https:\/\/fadeu.urantiacos.cl\/en\/#\/schema\/person\/d203e2e84b1c40275eac77b3061a19a2\",\"name\":\"manadmin\",\"image\":{\"@type\":\"ImageObject\",\"inLanguage\":\"en-US\",\"@id\":\"https:\/\/fadeu.urantiacos.cl\/en\/#\/schema\/person\/image\/\",\"url\":\"https:\/\/secure.gravatar.com\/avatar\/4b1d8e3303b4a9d8968ac578947d8bc80d9aea359f388cdd4aac15cadc0e8447?s=96&d=mm&r=g\",\"contentUrl\":\"https:\/\/secure.gravatar.com\/avatar\/4b1d8e3303b4a9d8968ac578947d8bc80d9aea359f388cdd4aac15cadc0e8447?s=96&d=mm&r=g\",\"caption\":\"manadmin\"},\"sameAs\":[\"https:\/\/fadeu.urantiacos.cl\"]}]}<\/script>\n<!-- \/ Yoast SEO plugin. -->","yoast_head_json":{"title":"Profesora Mar\u00eda Luisa M\u00e9ndez se incorpora al Instituto de Estudios Urbanos y Territoriales UC - Facultad de Arquitectura, Dise\u00f1o y Estudios Urbanos","description":"Exploraciones Urbanas: Cultura y Patrimonio (pregrado); Aproximaciones a la Investigaci\u00f3n y La Ciudad y la Integraci\u00f3n Social (posgrado) son las tres asignaturas que impartir\u00e1 a partir de este a\u00f1o la acad\u00e9mica e investigadora del Centro de Estudios de Conflicto y Cohesi\u00f3n Social (COES), Mar\u00eda Luisa M\u00e9ndez, quien a partir de este mes se incorpora como profesora adjunta al Instituto de Estudios Urbanos y Territoriales de la Facultad de Arquitectura, Dise\u00f1o y Estudios Urbanos de la Universidad Cat\u00f3lica.","robots":{"index":"index","follow":"follow","max-snippet":"max-snippet:-1","max-image-preview":"max-image-preview:large","max-video-preview":"max-video-preview:-1"},"canonical":"https:\/\/fadeu.urantiacos.cl\/en\/2019\/05\/16\/profesora-maria-luisa-mendez-se-incorpora-al-instituto-de-estudios-urbanos-y-territoriales-uc\/","og_locale":"en_US","og_type":"article","og_title":"Profesora Mar\u00eda Luisa M\u00e9ndez se incorpora al Instituto de Estudios Urbanos y Territoriales UC - Facultad de Arquitectura, Dise\u00f1o y Estudios Urbanos","og_description":"Exploraciones Urbanas: Cultura y Patrimonio (pregrado); Aproximaciones a la Investigaci\u00f3n y La Ciudad y la Integraci\u00f3n Social (posgrado) son las tres asignaturas que impartir\u00e1 a partir de este a\u00f1o la acad\u00e9mica e investigadora del Centro de Estudios de Conflicto y Cohesi\u00f3n Social (COES), Mar\u00eda Luisa M\u00e9ndez, quien a partir de este mes se incorpora como profesora adjunta al Instituto de Estudios Urbanos y Territoriales de la Facultad de Arquitectura, Dise\u00f1o y Estudios Urbanos de la Universidad Cat\u00f3lica.","og_url":"https:\/\/fadeu.urantiacos.cl\/en\/2019\/05\/16\/profesora-maria-luisa-mendez-se-incorpora-al-instituto-de-estudios-urbanos-y-territoriales-uc\/","og_site_name":"Facultad de Arquitectura, Dise\u00f1o y Estudios Urbanos","article_published_time":"2019-05-16T19:15:00+00:00","article_modified_time":"2023-09-17T19:16:17+00:00","og_image":[{"width":350,"height":250,"url":"https:\/\/fadeu.urantiacos.cl\/wp-content\/uploads\/2023\/09\/maria_luisa_mendez.jpg","type":"image\/jpeg"}],"author":"manadmin","twitter_card":"summary_large_image","twitter_misc":{"Written by":"manadmin","Est. reading time":"2 minutes"},"schema":{"@context":"https:\/\/schema.org","@graph":[{"@type":"Article","@id":"https:\/\/fadeu.urantiacos.cl\/en\/2019\/05\/16\/profesora-maria-luisa-mendez-se-incorpora-al-instituto-de-estudios-urbanos-y-territoriales-uc\/#article","isPartOf":{"@id":"https:\/\/fadeu.urantiacos.cl\/en\/2019\/05\/16\/profesora-maria-luisa-mendez-se-incorpora-al-instituto-de-estudios-urbanos-y-territoriales-uc\/"},"author":{"name":"manadmin","@id":"https:\/\/fadeu.urantiacos.cl\/en\/#\/schema\/person\/d203e2e84b1c40275eac77b3061a19a2"},"headline":"Profesora Mar\u00eda Luisa M\u00e9ndez se incorpora al Instituto de Estudios Urbanos y Territoriales UC","datePublished":"2019-05-16T19:15:00+00:00","dateModified":"2023-09-17T19:16:17+00:00","mainEntityOfPage":{"@id":"https:\/\/fadeu.urantiacos.cl\/en\/2019\/05\/16\/profesora-maria-luisa-mendez-se-incorpora-al-instituto-de-estudios-urbanos-y-territoriales-uc\/"},"wordCount":491,"commentCount":0,"image":{"@id":"https:\/\/fadeu.urantiacos.cl\/en\/2019\/05\/16\/profesora-maria-luisa-mendez-se-incorpora-al-instituto-de-estudios-urbanos-y-territoriales-uc\/#primaryimage"},"thumbnailUrl":"https:\/\/fadeu.urantiacos.cl\/wp-content\/uploads\/2023\/09\/maria_luisa_mendez.jpg","articleSection":["Sin categorizar"],"inLanguage":"en-US","potentialAction":[{"@type":"CommentAction","name":"Comment","target":["https:\/\/fadeu.urantiacos.cl\/en\/2019\/05\/16\/profesora-maria-luisa-mendez-se-incorpora-al-instituto-de-estudios-urbanos-y-territoriales-uc\/#respond"]}]},{"@type":"WebPage","@id":"https:\/\/fadeu.urantiacos.cl\/en\/2019\/05\/16\/profesora-maria-luisa-mendez-se-incorpora-al-instituto-de-estudios-urbanos-y-territoriales-uc\/","url":"https:\/\/fadeu.urantiacos.cl\/en\/2019\/05\/16\/profesora-maria-luisa-mendez-se-incorpora-al-instituto-de-estudios-urbanos-y-territoriales-uc\/","name":"Profesora Mar\u00eda Luisa M\u00e9ndez se incorpora al Instituto de Estudios Urbanos y Territoriales UC - Facultad de Arquitectura, Dise\u00f1o y Estudios Urbanos","isPartOf":{"@id":"https:\/\/fadeu.urantiacos.cl\/en\/#website"},"primaryImageOfPage":{"@id":"https:\/\/fadeu.urantiacos.cl\/en\/2019\/05\/16\/profesora-maria-luisa-mendez-se-incorpora-al-instituto-de-estudios-urbanos-y-territoriales-uc\/#primaryimage"},"image":{"@id":"https:\/\/fadeu.urantiacos.cl\/en\/2019\/05\/16\/profesora-maria-luisa-mendez-se-incorpora-al-instituto-de-estudios-urbanos-y-territoriales-uc\/#primaryimage"},"thumbnailUrl":"https:\/\/fadeu.urantiacos.cl\/wp-content\/uploads\/2023\/09\/maria_luisa_mendez.jpg","datePublished":"2019-05-16T19:15:00+00:00","dateModified":"2023-09-17T19:16:17+00:00","author":{"@id":"https:\/\/fadeu.urantiacos.cl\/en\/#\/schema\/person\/d203e2e84b1c40275eac77b3061a19a2"},"description":"Exploraciones Urbanas: Cultura y Patrimonio (pregrado); Aproximaciones a la Investigaci\u00f3n y La Ciudad y la Integraci\u00f3n Social (posgrado) son las tres asignaturas que impartir\u00e1 a partir de este a\u00f1o la acad\u00e9mica e investigadora del Centro de Estudios de Conflicto y Cohesi\u00f3n Social (COES), Mar\u00eda Luisa M\u00e9ndez, quien a partir de este mes se incorpora como profesora adjunta al Instituto de Estudios Urbanos y Territoriales de la Facultad de Arquitectura, Dise\u00f1o y Estudios Urbanos de la Universidad Cat\u00f3lica.","breadcrumb":{"@id":"https:\/\/fadeu.urantiacos.cl\/en\/2019\/05\/16\/profesora-maria-luisa-mendez-se-incorpora-al-instituto-de-estudios-urbanos-y-territoriales-uc\/#breadcrumb"},"inLanguage":"en-US","potentialAction":[{"@type":"ReadAction","target":["https:\/\/fadeu.urantiacos.cl\/en\/2019\/05\/16\/profesora-maria-luisa-mendez-se-incorpora-al-instituto-de-estudios-urbanos-y-territoriales-uc\/"]}]},{"@type":"ImageObject","inLanguage":"en-US","@id":"https:\/\/fadeu.urantiacos.cl\/en\/2019\/05\/16\/profesora-maria-luisa-mendez-se-incorpora-al-instituto-de-estudios-urbanos-y-territoriales-uc\/#primaryimage","url":"https:\/\/fadeu.urantiacos.cl\/wp-content\/uploads\/2023\/09\/maria_luisa_mendez.jpg","contentUrl":"https:\/\/fadeu.urantiacos.cl\/wp-content\/uploads\/2023\/09\/maria_luisa_mendez.jpg","width":350,"height":250},{"@type":"BreadcrumbList","@id":"https:\/\/fadeu.urantiacos.cl\/en\/2019\/05\/16\/profesora-maria-luisa-mendez-se-incorpora-al-instituto-de-estudios-urbanos-y-territoriales-uc\/#breadcrumb","itemListElement":[{"@type":"ListItem","position":1,"name":"Portada","item":"https:\/\/fadeu.urantiacos.cl\/en\/"},{"@type":"ListItem","position":2,"name":"Profesora Mar\u00eda Luisa M\u00e9ndez se incorpora al Instituto de Estudios Urbanos y Territoriales UC"}]},{"@type":"WebSite","@id":"https:\/\/fadeu.urantiacos.cl\/en\/#website","url":"https:\/\/fadeu.urantiacos.cl\/en\/","name":"Facultad de Arquitectura, Dise\u00f1o y Estudios Urbanos","description":"Campus Lo Contador","potentialAction":[{"@type":"SearchAction","target":{"@type":"EntryPoint","urlTemplate":"https:\/\/fadeu.urantiacos.cl\/en\/?s={search_term_string}"},"query-input":{"@type":"PropertyValueSpecification","valueRequired":true,"valueName":"search_term_string"}}],"inLanguage":"en-US"},{"@type":"Person","@id":"https:\/\/fadeu.urantiacos.cl\/en\/#\/schema\/person\/d203e2e84b1c40275eac77b3061a19a2","name":"manadmin","image":{"@type":"ImageObject","inLanguage":"en-US","@id":"https:\/\/fadeu.urantiacos.cl\/en\/#\/schema\/person\/image\/","url":"https:\/\/secure.gravatar.com\/avatar\/4b1d8e3303b4a9d8968ac578947d8bc80d9aea359f388cdd4aac15cadc0e8447?s=96&d=mm&r=g","contentUrl":"https:\/\/secure.gravatar.com\/avatar\/4b1d8e3303b4a9d8968ac578947d8bc80d9aea359f388cdd4aac15cadc0e8447?s=96&d=mm&r=g","caption":"manadmin"},"sameAs":["https:\/\/fadeu.urantiacos.cl"]}]}},"_links":{"self":[{"href":"https:\/\/fadeu.urantiacos.cl\/en\/wp-json\/wp\/v2\/posts\/11267","targetHints":{"allow":["GET"]}}],"collection":[{"href":"https:\/\/fadeu.urantiacos.cl\/en\/wp-json\/wp\/v2\/posts"}],"about":[{"href":"https:\/\/fadeu.urantiacos.cl\/en\/wp-json\/wp\/v2\/types\/post"}],"author":[{"embeddable":true,"href":"https:\/\/fadeu.urantiacos.cl\/en\/wp-json\/wp\/v2\/users\/1"}],"replies":[{"embeddable":true,"href":"https:\/\/fadeu.urantiacos.cl\/en\/wp-json\/wp\/v2\/comments?post=11267"}],"version-history":[{"count":1,"href":"https:\/\/fadeu.urantiacos.cl\/en\/wp-json\/wp\/v2\/posts\/11267\/revisions"}],"predecessor-version":[{"id":11269,"href":"https:\/\/fadeu.urantiacos.cl\/en\/wp-json\/wp\/v2\/posts\/11267\/revisions\/11269"}],"wp:featuredmedia":[{"embeddable":true,"href":"https:\/\/fadeu.urantiacos.cl\/en\/wp-json\/wp\/v2\/media\/11268"}],"wp:attachment":[{"href":"https:\/\/fadeu.urantiacos.cl\/en\/wp-json\/wp\/v2\/media?parent=11267"}],"wp:term":[{"taxonomy":"category","embeddable":true,"href":"https:\/\/fadeu.urantiacos.cl\/en\/wp-json\/wp\/v2\/categories?post=11267"},{"taxonomy":"post_tag","embeddable":true,"href":"https:\/\/fadeu.urantiacos.cl\/en\/wp-json\/wp\/v2\/tags?post=11267"}],"curies":[{"name":"wp","href":"https:\/\/api.w.org\/{rel}","templated":true}]}}