{"id":10776,"date":"2019-07-18T14:43:00","date_gmt":"2019-07-18T17:43:00","guid":{"rendered":"https:\/\/fadeu.urantiacos.cl\/?p=10776"},"modified":"2023-10-24T14:48:30","modified_gmt":"2023-10-24T17:48:30","slug":"ministro-de-vivienda-y-urbanismo-cristian-monckeberg-visita-exposicion-final-del-taller-integrado-de-vivienda-colectiva","status":"publish","type":"post","link":"https:\/\/fadeu.urantiacos.cl\/en\/2019\/07\/18\/ministro-de-vivienda-y-urbanismo-cristian-monckeberg-visita-exposicion-final-del-taller-integrado-de-vivienda-colectiva\/","title":{"rendered":"Ministro de Vivienda y Urbanismo, Cristi\u00e1n Monckeberg, visita exposici\u00f3n final del Taller Integrado de Vivienda Colectiva"},"content":{"rendered":"\n<figure class=\"wp-block-image size-full\"><img decoding=\"async\" width=\"350\" height=\"250\" src=\"https:\/\/fadeu.urantiacos.cl\/wp-content\/uploads\/2023\/09\/19-07-12_Ministro_de_Vivienda_y_Urbanismo_Cristian_Monckeberg_visita_exposicion_final_del_Taller_Integrado_de_Vivienda_Colectiva_1.jpg\" alt=\"\" class=\"wp-image-10777\" srcset=\"https:\/\/fadeu.urantiacos.cl\/wp-content\/uploads\/2023\/09\/19-07-12_Ministro_de_Vivienda_y_Urbanismo_Cristian_Monckeberg_visita_exposicion_final_del_Taller_Integrado_de_Vivienda_Colectiva_1.jpg 350w, https:\/\/fadeu.urantiacos.cl\/wp-content\/uploads\/2023\/09\/19-07-12_Ministro_de_Vivienda_y_Urbanismo_Cristian_Monckeberg_visita_exposicion_final_del_Taller_Integrado_de_Vivienda_Colectiva_1-300x214.jpg 300w\" sizes=\"(max-width: 350px) 100vw, 350px\" \/><\/figure>\n\n\n\n<p>Durante la visita, el Ministro destac\u00f3 la iniciativa de integraci\u00f3n entre ambas Universidades, la calidad de los proyectos presentados por los alumnos y la importancia de vincular la academia con las pol\u00edticas p\u00fablicas, en cuanto esta reflexi\u00f3n acad\u00e9mica permite explorar nuevos imaginarios de barrio y retroalimentar las decisiones que se est\u00e1n tomando desde dentro del Ministerio vinculado a los peque\u00f1os condominios. Al cierre, el Ministro se\u00f1al\u00f3 que \u201ccomo Ministerio se est\u00e1n llevando a cabo una serie de acciones para que la iniciativa de Peque\u00f1os Condominios siga fortaleci\u00e9ndose y se constituya como un programa espec\u00edfico, con un decreto autorizado por la contralor\u00eda con financiamiento y recursos propios. Entendemos lo que est\u00e1 conceptualmente detr\u00e1s: densificar de manera equilibrada. Es decidor que el 82% de las familias prefieran vivir hacinadas pero bien localizadas que en vivienda nueva en la periferia\u201d.<\/p>\n\n\n\n<figure class=\"wp-block-image size-full\"><img decoding=\"async\" width=\"941\" height=\"707\" src=\"https:\/\/fadeu.urantiacos.cl\/wp-content\/uploads\/2023\/09\/19-07-12_Ministro_de_Vivienda_y_Urbanismo_Cristian_Monckeberg_visita_exposicion_final_del_Taller_Integrado_de_Vivienda_Colectiva_1.png\" alt=\"\" class=\"wp-image-10779\" srcset=\"https:\/\/fadeu.urantiacos.cl\/wp-content\/uploads\/2023\/09\/19-07-12_Ministro_de_Vivienda_y_Urbanismo_Cristian_Monckeberg_visita_exposicion_final_del_Taller_Integrado_de_Vivienda_Colectiva_1.png 941w, https:\/\/fadeu.urantiacos.cl\/wp-content\/uploads\/2023\/09\/19-07-12_Ministro_de_Vivienda_y_Urbanismo_Cristian_Monckeberg_visita_exposicion_final_del_Taller_Integrado_de_Vivienda_Colectiva_1-300x225.png 300w, https:\/\/fadeu.urantiacos.cl\/wp-content\/uploads\/2023\/09\/19-07-12_Ministro_de_Vivienda_y_Urbanismo_Cristian_Monckeberg_visita_exposicion_final_del_Taller_Integrado_de_Vivienda_Colectiva_1-768x577.png 768w\" sizes=\"(max-width: 941px) 100vw, 941px\" \/><\/figure>\n\n\n\n<p>Los profesores Rodrigo Tapia (UC), M\u00f3nica Bustos, Juan Pablo Urrutia (UChile) y Cristi\u00e1n Robertson (UC) presentando el foco del taller y los desaf\u00edos y oportunidades de los barrios 9 x 18<\/p>\n\n\n\n<figure class=\"wp-block-image size-full\"><img decoding=\"async\" width=\"941\" height=\"707\" src=\"https:\/\/fadeu.urantiacos.cl\/wp-content\/uploads\/2023\/10\/19-07-12_Ministro_de_Vivienda_y_Urbanismo_Cristian_Monckeberg_visita_exposicion_final_del_Taller_Integrado_de_Vivienda_Colectiva_2.png\" alt=\"\" class=\"wp-image-17855\" srcset=\"https:\/\/fadeu.urantiacos.cl\/wp-content\/uploads\/2023\/10\/19-07-12_Ministro_de_Vivienda_y_Urbanismo_Cristian_Monckeberg_visita_exposicion_final_del_Taller_Integrado_de_Vivienda_Colectiva_2.png 941w, https:\/\/fadeu.urantiacos.cl\/wp-content\/uploads\/2023\/10\/19-07-12_Ministro_de_Vivienda_y_Urbanismo_Cristian_Monckeberg_visita_exposicion_final_del_Taller_Integrado_de_Vivienda_Colectiva_2-300x225.png 300w, https:\/\/fadeu.urantiacos.cl\/wp-content\/uploads\/2023\/10\/19-07-12_Ministro_de_Vivienda_y_Urbanismo_Cristian_Monckeberg_visita_exposicion_final_del_Taller_Integrado_de_Vivienda_Colectiva_2-768x577.png 768w\" sizes=\"(max-width: 941px) 100vw, 941px\" \/><\/figure>\n\n\n\n<p>Presentaci\u00f3n de la estudiante Fernanda Urquiza del proyecto de Peque\u00f1o Condominio en el Barrio Huamachuco, Renca<\/p>\n\n\n\n<figure class=\"wp-block-image size-full\"><img decoding=\"async\" width=\"941\" height=\"713\" src=\"https:\/\/fadeu.urantiacos.cl\/wp-content\/uploads\/2023\/09\/19-07-12_Ministro_de_Vivienda_y_Urbanismo_Cristian_Monckeberg_visita_exposicion_final_del_Taller_Integrado_de_Vivienda_Colectiva_3.png\" alt=\"\" class=\"wp-image-10781\" srcset=\"https:\/\/fadeu.urantiacos.cl\/wp-content\/uploads\/2023\/09\/19-07-12_Ministro_de_Vivienda_y_Urbanismo_Cristian_Monckeberg_visita_exposicion_final_del_Taller_Integrado_de_Vivienda_Colectiva_3.png 941w, https:\/\/fadeu.urantiacos.cl\/wp-content\/uploads\/2023\/09\/19-07-12_Ministro_de_Vivienda_y_Urbanismo_Cristian_Monckeberg_visita_exposicion_final_del_Taller_Integrado_de_Vivienda_Colectiva_3-300x227.png 300w, https:\/\/fadeu.urantiacos.cl\/wp-content\/uploads\/2023\/09\/19-07-12_Ministro_de_Vivienda_y_Urbanismo_Cristian_Monckeberg_visita_exposicion_final_del_Taller_Integrado_de_Vivienda_Colectiva_3-768x582.png 768w\" sizes=\"(max-width: 941px) 100vw, 941px\" \/><\/figure>\n\n\n\n<p>Presentaci\u00f3n de la estudiante Javiera Arias del proyecto final del taller ubicado en la poblaci\u00f3n Eduardo Frei Montalva, en la comuna del Bosque<\/p>\n\n\n\n<figure class=\"wp-block-image size-full\"><img decoding=\"async\" width=\"941\" height=\"707\" src=\"https:\/\/fadeu.urantiacos.cl\/wp-content\/uploads\/2023\/09\/19-07-12_Ministro_de_Vivienda_y_Urbanismo_Cristian_Monckeberg_visita_exposicion_final_del_Taller_Integrado_de_Vivienda_Colectiva_4.png\" alt=\"\" class=\"wp-image-10782\" srcset=\"https:\/\/fadeu.urantiacos.cl\/wp-content\/uploads\/2023\/09\/19-07-12_Ministro_de_Vivienda_y_Urbanismo_Cristian_Monckeberg_visita_exposicion_final_del_Taller_Integrado_de_Vivienda_Colectiva_4.png 941w, https:\/\/fadeu.urantiacos.cl\/wp-content\/uploads\/2023\/09\/19-07-12_Ministro_de_Vivienda_y_Urbanismo_Cristian_Monckeberg_visita_exposicion_final_del_Taller_Integrado_de_Vivienda_Colectiva_4-300x225.png 300w, https:\/\/fadeu.urantiacos.cl\/wp-content\/uploads\/2023\/09\/19-07-12_Ministro_de_Vivienda_y_Urbanismo_Cristian_Monckeberg_visita_exposicion_final_del_Taller_Integrado_de_Vivienda_Colectiva_4-768x577.png 768w\" sizes=\"(max-width: 941px) 100vw, 941px\" \/><\/figure>\n\n\n\n<p>Carlos Marambio, Jefe de la Divisi\u00f3n de Pol\u00edticas Habitacional MINVU comentando sobre los avances del Ministerio en la materia. En la foto Carlos Marambio; Humberto Eliash, Presidente del Colegio de Arquitectos; Manual Amaya, Decano de Facultad de Arquitectura y Urbanismo Universidad de Chile; y parte del equipo docente del taller.<\/p>\n","protected":false},"excerpt":{"rendered":"<p>Ante la presencia del Ministro de Vivienda y Urbanismo Cristi\u00e1n Monckenberg, junto con diversas autoridades y representantes de ambas universidades, el colegio de arquitectos y la sociedad civil, el pasado jueves 11 de julio se inaugur\u00f3 la exposici\u00f3n \u201cVivienda Colectiva. Regeneraci\u00f3n Urbana a Escala Humana\u201d. La exposici\u00f3n es una muestra abierta de los proyectos finales del Taller Integrado de Vivienda Colectiva realizado durante el primer semestre del 2019, curso dirigido por los profesores de la escuela de Arquitectura UC, Rodrigo Tapia y Cristi\u00e1n Robertson, la acad\u00e9mica del Instituto de la Vivienda de la Universidad de Chile (INVI), M\u00f3nica Bustos y el profesor del departamento de Arquitectura de la Universidad de Chile, Juan Pablo Urrutia.<\/p>\n","protected":false},"author":1,"featured_media":10777,"comment_status":"open","ping_status":"open","sticky":false,"template":"","format":"standard","meta":{"_acf_changed":false,"footnotes":""},"categories":[1],"tags":[],"class_list":["post-10776","post","type-post","status-publish","format-standard","has-post-thumbnail","hentry","category-sin-categorizar"],"acf":[],"yoast_head":"<!-- This site is optimized with the Yoast SEO plugin v27.1.1 - https:\/\/yoast.com\/product\/yoast-seo-wordpress\/ -->\n<title>Ministro de Vivienda y Urbanismo, Cristi\u00e1n Monckeberg, visita exposici\u00f3n final del Taller Integrado de Vivienda Colectiva - Facultad de Arquitectura, Dise\u00f1o y Estudios Urbanos<\/title>\n<meta name=\"description\" content=\"Ante la presencia del Ministro de Vivienda y Urbanismo Cristi\u00e1n Monckenberg, junto con diversas autoridades y representantes de ambas universidades, el colegio de arquitectos y la sociedad civil, el pasado jueves 11 de julio se inaugur\u00f3 la exposici\u00f3n \u201cVivienda Colectiva. Regeneraci\u00f3n Urbana a Escala Humana\u201d. La exposici\u00f3n es una muestra abierta de los proyectos finales del Taller Integrado de Vivienda Colectiva realizado durante el primer semestre del 2019, curso dirigido por los profesores de la escuela de Arquitectura UC, Rodrigo Tapia y Cristi\u00e1n Robertson, la acad\u00e9mica del Instituto de la Vivienda de la Universidad de Chile (INVI), M\u00f3nica Bustos y el profesor del departamento de Arquitectura de la Universidad de Chile, Juan Pablo Urrutia.\" \/>\n<meta name=\"robots\" content=\"index, follow, max-snippet:-1, max-image-preview:large, max-video-preview:-1\" \/>\n<link rel=\"canonical\" href=\"https:\/\/fadeu.urantiacos.cl\/en\/2019\/07\/18\/ministro-de-vivienda-y-urbanismo-cristian-monckeberg-visita-exposicion-final-del-taller-integrado-de-vivienda-colectiva\/\" \/>\n<meta property=\"og:locale\" content=\"en_US\" \/>\n<meta property=\"og:type\" content=\"article\" \/>\n<meta property=\"og:title\" content=\"Ministro de Vivienda y Urbanismo, Cristi\u00e1n Monckeberg, visita exposici\u00f3n final del Taller Integrado de Vivienda Colectiva - Facultad de Arquitectura, Dise\u00f1o y Estudios Urbanos\" \/>\n<meta property=\"og:description\" content=\"Ante la presencia del Ministro de Vivienda y Urbanismo Cristi\u00e1n Monckenberg, junto con diversas autoridades y representantes de ambas universidades, el colegio de arquitectos y la sociedad civil, el pasado jueves 11 de julio se inaugur\u00f3 la exposici\u00f3n \u201cVivienda Colectiva. Regeneraci\u00f3n Urbana a Escala Humana\u201d. La exposici\u00f3n es una muestra abierta de los proyectos finales del Taller Integrado de Vivienda Colectiva realizado durante el primer semestre del 2019, curso dirigido por los profesores de la escuela de Arquitectura UC, Rodrigo Tapia y Cristi\u00e1n Robertson, la acad\u00e9mica del Instituto de la Vivienda de la Universidad de Chile (INVI), M\u00f3nica Bustos y el profesor del departamento de Arquitectura de la Universidad de Chile, Juan Pablo Urrutia.\" \/>\n<meta property=\"og:url\" content=\"https:\/\/fadeu.urantiacos.cl\/en\/2019\/07\/18\/ministro-de-vivienda-y-urbanismo-cristian-monckeberg-visita-exposicion-final-del-taller-integrado-de-vivienda-colectiva\/\" \/>\n<meta property=\"og:site_name\" content=\"Facultad de Arquitectura, Dise\u00f1o y Estudios Urbanos\" \/>\n<meta property=\"article:published_time\" content=\"2019-07-18T17:43:00+00:00\" \/>\n<meta property=\"article:modified_time\" content=\"2023-10-24T17:48:30+00:00\" \/>\n<meta property=\"og:image\" content=\"https:\/\/fadeu.urantiacos.cl\/wp-content\/uploads\/2023\/09\/19-07-12_Ministro_de_Vivienda_y_Urbanismo_Cristian_Monckeberg_visita_exposicion_final_del_Taller_Integrado_de_Vivienda_Colectiva_1.jpg\" \/>\n\t<meta property=\"og:image:width\" content=\"350\" \/>\n\t<meta property=\"og:image:height\" content=\"250\" \/>\n\t<meta property=\"og:image:type\" content=\"image\/jpeg\" \/>\n<meta name=\"author\" content=\"manadmin\" \/>\n<meta name=\"twitter:card\" content=\"summary_large_image\" \/>\n<meta name=\"twitter:label1\" content=\"Written by\" \/>\n\t<meta name=\"twitter:data1\" content=\"manadmin\" \/>\n\t<meta name=\"twitter:label2\" content=\"Est. reading time\" \/>\n\t<meta name=\"twitter:data2\" content=\"3 minutes\" \/>\n<script type=\"application\/ld+json\" class=\"yoast-schema-graph\">{\"@context\":\"https:\/\/schema.org\",\"@graph\":[{\"@type\":\"Article\",\"@id\":\"https:\/\/fadeu.urantiacos.cl\/en\/2019\/07\/18\/ministro-de-vivienda-y-urbanismo-cristian-monckeberg-visita-exposicion-final-del-taller-integrado-de-vivienda-colectiva\/#article\",\"isPartOf\":{\"@id\":\"https:\/\/fadeu.urantiacos.cl\/en\/2019\/07\/18\/ministro-de-vivienda-y-urbanismo-cristian-monckeberg-visita-exposicion-final-del-taller-integrado-de-vivienda-colectiva\/\"},\"author\":{\"name\":\"manadmin\",\"@id\":\"https:\/\/fadeu.urantiacos.cl\/en\/#\/schema\/person\/d203e2e84b1c40275eac77b3061a19a2\"},\"headline\":\"Ministro de Vivienda y Urbanismo, Cristi\u00e1n Monckeberg, visita exposici\u00f3n final del Taller Integrado de Vivienda Colectiva\",\"datePublished\":\"2019-07-18T17:43:00+00:00\",\"dateModified\":\"2023-10-24T17:48:30+00:00\",\"mainEntityOfPage\":{\"@id\":\"https:\/\/fadeu.urantiacos.cl\/en\/2019\/07\/18\/ministro-de-vivienda-y-urbanismo-cristian-monckeberg-visita-exposicion-final-del-taller-integrado-de-vivienda-colectiva\/\"},\"wordCount\":295,\"commentCount\":0,\"image\":{\"@id\":\"https:\/\/fadeu.urantiacos.cl\/en\/2019\/07\/18\/ministro-de-vivienda-y-urbanismo-cristian-monckeberg-visita-exposicion-final-del-taller-integrado-de-vivienda-colectiva\/#primaryimage\"},\"thumbnailUrl\":\"https:\/\/fadeu.urantiacos.cl\/wp-content\/uploads\/2023\/09\/19-07-12_Ministro_de_Vivienda_y_Urbanismo_Cristian_Monckeberg_visita_exposicion_final_del_Taller_Integrado_de_Vivienda_Colectiva_1.jpg\",\"articleSection\":[\"Sin categorizar\"],\"inLanguage\":\"en-US\",\"potentialAction\":[{\"@type\":\"CommentAction\",\"name\":\"Comment\",\"target\":[\"https:\/\/fadeu.urantiacos.cl\/en\/2019\/07\/18\/ministro-de-vivienda-y-urbanismo-cristian-monckeberg-visita-exposicion-final-del-taller-integrado-de-vivienda-colectiva\/#respond\"]}]},{\"@type\":\"WebPage\",\"@id\":\"https:\/\/fadeu.urantiacos.cl\/en\/2019\/07\/18\/ministro-de-vivienda-y-urbanismo-cristian-monckeberg-visita-exposicion-final-del-taller-integrado-de-vivienda-colectiva\/\",\"url\":\"https:\/\/fadeu.urantiacos.cl\/en\/2019\/07\/18\/ministro-de-vivienda-y-urbanismo-cristian-monckeberg-visita-exposicion-final-del-taller-integrado-de-vivienda-colectiva\/\",\"name\":\"Ministro de Vivienda y Urbanismo, Cristi\u00e1n Monckeberg, visita exposici\u00f3n final del Taller Integrado de Vivienda Colectiva - Facultad de Arquitectura, Dise\u00f1o y Estudios Urbanos\",\"isPartOf\":{\"@id\":\"https:\/\/fadeu.urantiacos.cl\/en\/#website\"},\"primaryImageOfPage\":{\"@id\":\"https:\/\/fadeu.urantiacos.cl\/en\/2019\/07\/18\/ministro-de-vivienda-y-urbanismo-cristian-monckeberg-visita-exposicion-final-del-taller-integrado-de-vivienda-colectiva\/#primaryimage\"},\"image\":{\"@id\":\"https:\/\/fadeu.urantiacos.cl\/en\/2019\/07\/18\/ministro-de-vivienda-y-urbanismo-cristian-monckeberg-visita-exposicion-final-del-taller-integrado-de-vivienda-colectiva\/#primaryimage\"},\"thumbnailUrl\":\"https:\/\/fadeu.urantiacos.cl\/wp-content\/uploads\/2023\/09\/19-07-12_Ministro_de_Vivienda_y_Urbanismo_Cristian_Monckeberg_visita_exposicion_final_del_Taller_Integrado_de_Vivienda_Colectiva_1.jpg\",\"datePublished\":\"2019-07-18T17:43:00+00:00\",\"dateModified\":\"2023-10-24T17:48:30+00:00\",\"author\":{\"@id\":\"https:\/\/fadeu.urantiacos.cl\/en\/#\/schema\/person\/d203e2e84b1c40275eac77b3061a19a2\"},\"description\":\"Ante la presencia del Ministro de Vivienda y Urbanismo Cristi\u00e1n Monckenberg, junto con diversas autoridades y representantes de ambas universidades, el colegio de arquitectos y la sociedad civil, el pasado jueves 11 de julio se inaugur\u00f3 la exposici\u00f3n \u201cVivienda Colectiva. Regeneraci\u00f3n Urbana a Escala Humana\u201d. La exposici\u00f3n es una muestra abierta de los proyectos finales del Taller Integrado de Vivienda Colectiva realizado durante el primer semestre del 2019, curso dirigido por los profesores de la escuela de Arquitectura UC, Rodrigo Tapia y Cristi\u00e1n Robertson, la acad\u00e9mica del Instituto de la Vivienda de la Universidad de Chile (INVI), M\u00f3nica Bustos y el profesor del departamento de Arquitectura de la Universidad de Chile, Juan Pablo Urrutia.\",\"breadcrumb\":{\"@id\":\"https:\/\/fadeu.urantiacos.cl\/en\/2019\/07\/18\/ministro-de-vivienda-y-urbanismo-cristian-monckeberg-visita-exposicion-final-del-taller-integrado-de-vivienda-colectiva\/#breadcrumb\"},\"inLanguage\":\"en-US\",\"potentialAction\":[{\"@type\":\"ReadAction\",\"target\":[\"https:\/\/fadeu.urantiacos.cl\/en\/2019\/07\/18\/ministro-de-vivienda-y-urbanismo-cristian-monckeberg-visita-exposicion-final-del-taller-integrado-de-vivienda-colectiva\/\"]}]},{\"@type\":\"ImageObject\",\"inLanguage\":\"en-US\",\"@id\":\"https:\/\/fadeu.urantiacos.cl\/en\/2019\/07\/18\/ministro-de-vivienda-y-urbanismo-cristian-monckeberg-visita-exposicion-final-del-taller-integrado-de-vivienda-colectiva\/#primaryimage\",\"url\":\"https:\/\/fadeu.urantiacos.cl\/wp-content\/uploads\/2023\/09\/19-07-12_Ministro_de_Vivienda_y_Urbanismo_Cristian_Monckeberg_visita_exposicion_final_del_Taller_Integrado_de_Vivienda_Colectiva_1.jpg\",\"contentUrl\":\"https:\/\/fadeu.urantiacos.cl\/wp-content\/uploads\/2023\/09\/19-07-12_Ministro_de_Vivienda_y_Urbanismo_Cristian_Monckeberg_visita_exposicion_final_del_Taller_Integrado_de_Vivienda_Colectiva_1.jpg\",\"width\":350,\"height\":250},{\"@type\":\"BreadcrumbList\",\"@id\":\"https:\/\/fadeu.urantiacos.cl\/en\/2019\/07\/18\/ministro-de-vivienda-y-urbanismo-cristian-monckeberg-visita-exposicion-final-del-taller-integrado-de-vivienda-colectiva\/#breadcrumb\",\"itemListElement\":[{\"@type\":\"ListItem\",\"position\":1,\"name\":\"Portada\",\"item\":\"https:\/\/fadeu.urantiacos.cl\/en\/\"},{\"@type\":\"ListItem\",\"position\":2,\"name\":\"Ministro de Vivienda y Urbanismo, Cristi\u00e1n Monckeberg, visita exposici\u00f3n final del Taller Integrado de Vivienda Colectiva\"}]},{\"@type\":\"WebSite\",\"@id\":\"https:\/\/fadeu.urantiacos.cl\/en\/#website\",\"url\":\"https:\/\/fadeu.urantiacos.cl\/en\/\",\"name\":\"Facultad de Arquitectura, Dise\u00f1o y Estudios Urbanos\",\"description\":\"Campus Lo Contador\",\"potentialAction\":[{\"@type\":\"SearchAction\",\"target\":{\"@type\":\"EntryPoint\",\"urlTemplate\":\"https:\/\/fadeu.urantiacos.cl\/en\/?s={search_term_string}\"},\"query-input\":{\"@type\":\"PropertyValueSpecification\",\"valueRequired\":true,\"valueName\":\"search_term_string\"}}],\"inLanguage\":\"en-US\"},{\"@type\":\"Person\",\"@id\":\"https:\/\/fadeu.urantiacos.cl\/en\/#\/schema\/person\/d203e2e84b1c40275eac77b3061a19a2\",\"name\":\"manadmin\",\"image\":{\"@type\":\"ImageObject\",\"inLanguage\":\"en-US\",\"@id\":\"https:\/\/fadeu.urantiacos.cl\/en\/#\/schema\/person\/image\/\",\"url\":\"https:\/\/secure.gravatar.com\/avatar\/4b1d8e3303b4a9d8968ac578947d8bc80d9aea359f388cdd4aac15cadc0e8447?s=96&d=mm&r=g\",\"contentUrl\":\"https:\/\/secure.gravatar.com\/avatar\/4b1d8e3303b4a9d8968ac578947d8bc80d9aea359f388cdd4aac15cadc0e8447?s=96&d=mm&r=g\",\"caption\":\"manadmin\"},\"sameAs\":[\"https:\/\/fadeu.urantiacos.cl\"]}]}<\/script>\n<!-- \/ Yoast SEO plugin. -->","yoast_head_json":{"title":"Ministro de Vivienda y Urbanismo, Cristi\u00e1n Monckeberg, visita exposici\u00f3n final del Taller Integrado de Vivienda Colectiva - Facultad de Arquitectura, Dise\u00f1o y Estudios Urbanos","description":"Ante la presencia del Ministro de Vivienda y Urbanismo Cristi\u00e1n Monckenberg, junto con diversas autoridades y representantes de ambas universidades, el colegio de arquitectos y la sociedad civil, el pasado jueves 11 de julio se inaugur\u00f3 la exposici\u00f3n \u201cVivienda Colectiva. Regeneraci\u00f3n Urbana a Escala Humana\u201d. La exposici\u00f3n es una muestra abierta de los proyectos finales del Taller Integrado de Vivienda Colectiva realizado durante el primer semestre del 2019, curso dirigido por los profesores de la escuela de Arquitectura UC, Rodrigo Tapia y Cristi\u00e1n Robertson, la acad\u00e9mica del Instituto de la Vivienda de la Universidad de Chile (INVI), M\u00f3nica Bustos y el profesor del departamento de Arquitectura de la Universidad de Chile, Juan Pablo Urrutia.","robots":{"index":"index","follow":"follow","max-snippet":"max-snippet:-1","max-image-preview":"max-image-preview:large","max-video-preview":"max-video-preview:-1"},"canonical":"https:\/\/fadeu.urantiacos.cl\/en\/2019\/07\/18\/ministro-de-vivienda-y-urbanismo-cristian-monckeberg-visita-exposicion-final-del-taller-integrado-de-vivienda-colectiva\/","og_locale":"en_US","og_type":"article","og_title":"Ministro de Vivienda y Urbanismo, Cristi\u00e1n Monckeberg, visita exposici\u00f3n final del Taller Integrado de Vivienda Colectiva - Facultad de Arquitectura, Dise\u00f1o y Estudios Urbanos","og_description":"Ante la presencia del Ministro de Vivienda y Urbanismo Cristi\u00e1n Monckenberg, junto con diversas autoridades y representantes de ambas universidades, el colegio de arquitectos y la sociedad civil, el pasado jueves 11 de julio se inaugur\u00f3 la exposici\u00f3n \u201cVivienda Colectiva. Regeneraci\u00f3n Urbana a Escala Humana\u201d. La exposici\u00f3n es una muestra abierta de los proyectos finales del Taller Integrado de Vivienda Colectiva realizado durante el primer semestre del 2019, curso dirigido por los profesores de la escuela de Arquitectura UC, Rodrigo Tapia y Cristi\u00e1n Robertson, la acad\u00e9mica del Instituto de la Vivienda de la Universidad de Chile (INVI), M\u00f3nica Bustos y el profesor del departamento de Arquitectura de la Universidad de Chile, Juan Pablo Urrutia.","og_url":"https:\/\/fadeu.urantiacos.cl\/en\/2019\/07\/18\/ministro-de-vivienda-y-urbanismo-cristian-monckeberg-visita-exposicion-final-del-taller-integrado-de-vivienda-colectiva\/","og_site_name":"Facultad de Arquitectura, Dise\u00f1o y Estudios Urbanos","article_published_time":"2019-07-18T17:43:00+00:00","article_modified_time":"2023-10-24T17:48:30+00:00","og_image":[{"width":350,"height":250,"url":"https:\/\/fadeu.urantiacos.cl\/wp-content\/uploads\/2023\/09\/19-07-12_Ministro_de_Vivienda_y_Urbanismo_Cristian_Monckeberg_visita_exposicion_final_del_Taller_Integrado_de_Vivienda_Colectiva_1.jpg","type":"image\/jpeg"}],"author":"manadmin","twitter_card":"summary_large_image","twitter_misc":{"Written by":"manadmin","Est. reading time":"3 minutes"},"schema":{"@context":"https:\/\/schema.org","@graph":[{"@type":"Article","@id":"https:\/\/fadeu.urantiacos.cl\/en\/2019\/07\/18\/ministro-de-vivienda-y-urbanismo-cristian-monckeberg-visita-exposicion-final-del-taller-integrado-de-vivienda-colectiva\/#article","isPartOf":{"@id":"https:\/\/fadeu.urantiacos.cl\/en\/2019\/07\/18\/ministro-de-vivienda-y-urbanismo-cristian-monckeberg-visita-exposicion-final-del-taller-integrado-de-vivienda-colectiva\/"},"author":{"name":"manadmin","@id":"https:\/\/fadeu.urantiacos.cl\/en\/#\/schema\/person\/d203e2e84b1c40275eac77b3061a19a2"},"headline":"Ministro de Vivienda y Urbanismo, Cristi\u00e1n Monckeberg, visita exposici\u00f3n final del Taller Integrado de Vivienda Colectiva","datePublished":"2019-07-18T17:43:00+00:00","dateModified":"2023-10-24T17:48:30+00:00","mainEntityOfPage":{"@id":"https:\/\/fadeu.urantiacos.cl\/en\/2019\/07\/18\/ministro-de-vivienda-y-urbanismo-cristian-monckeberg-visita-exposicion-final-del-taller-integrado-de-vivienda-colectiva\/"},"wordCount":295,"commentCount":0,"image":{"@id":"https:\/\/fadeu.urantiacos.cl\/en\/2019\/07\/18\/ministro-de-vivienda-y-urbanismo-cristian-monckeberg-visita-exposicion-final-del-taller-integrado-de-vivienda-colectiva\/#primaryimage"},"thumbnailUrl":"https:\/\/fadeu.urantiacos.cl\/wp-content\/uploads\/2023\/09\/19-07-12_Ministro_de_Vivienda_y_Urbanismo_Cristian_Monckeberg_visita_exposicion_final_del_Taller_Integrado_de_Vivienda_Colectiva_1.jpg","articleSection":["Sin categorizar"],"inLanguage":"en-US","potentialAction":[{"@type":"CommentAction","name":"Comment","target":["https:\/\/fadeu.urantiacos.cl\/en\/2019\/07\/18\/ministro-de-vivienda-y-urbanismo-cristian-monckeberg-visita-exposicion-final-del-taller-integrado-de-vivienda-colectiva\/#respond"]}]},{"@type":"WebPage","@id":"https:\/\/fadeu.urantiacos.cl\/en\/2019\/07\/18\/ministro-de-vivienda-y-urbanismo-cristian-monckeberg-visita-exposicion-final-del-taller-integrado-de-vivienda-colectiva\/","url":"https:\/\/fadeu.urantiacos.cl\/en\/2019\/07\/18\/ministro-de-vivienda-y-urbanismo-cristian-monckeberg-visita-exposicion-final-del-taller-integrado-de-vivienda-colectiva\/","name":"Ministro de Vivienda y Urbanismo, Cristi\u00e1n Monckeberg, visita exposici\u00f3n final del Taller Integrado de Vivienda Colectiva - Facultad de Arquitectura, Dise\u00f1o y Estudios Urbanos","isPartOf":{"@id":"https:\/\/fadeu.urantiacos.cl\/en\/#website"},"primaryImageOfPage":{"@id":"https:\/\/fadeu.urantiacos.cl\/en\/2019\/07\/18\/ministro-de-vivienda-y-urbanismo-cristian-monckeberg-visita-exposicion-final-del-taller-integrado-de-vivienda-colectiva\/#primaryimage"},"image":{"@id":"https:\/\/fadeu.urantiacos.cl\/en\/2019\/07\/18\/ministro-de-vivienda-y-urbanismo-cristian-monckeberg-visita-exposicion-final-del-taller-integrado-de-vivienda-colectiva\/#primaryimage"},"thumbnailUrl":"https:\/\/fadeu.urantiacos.cl\/wp-content\/uploads\/2023\/09\/19-07-12_Ministro_de_Vivienda_y_Urbanismo_Cristian_Monckeberg_visita_exposicion_final_del_Taller_Integrado_de_Vivienda_Colectiva_1.jpg","datePublished":"2019-07-18T17:43:00+00:00","dateModified":"2023-10-24T17:48:30+00:00","author":{"@id":"https:\/\/fadeu.urantiacos.cl\/en\/#\/schema\/person\/d203e2e84b1c40275eac77b3061a19a2"},"description":"Ante la presencia del Ministro de Vivienda y Urbanismo Cristi\u00e1n Monckenberg, junto con diversas autoridades y representantes de ambas universidades, el colegio de arquitectos y la sociedad civil, el pasado jueves 11 de julio se inaugur\u00f3 la exposici\u00f3n \u201cVivienda Colectiva. Regeneraci\u00f3n Urbana a Escala Humana\u201d. La exposici\u00f3n es una muestra abierta de los proyectos finales del Taller Integrado de Vivienda Colectiva realizado durante el primer semestre del 2019, curso dirigido por los profesores de la escuela de Arquitectura UC, Rodrigo Tapia y Cristi\u00e1n Robertson, la acad\u00e9mica del Instituto de la Vivienda de la Universidad de Chile (INVI), M\u00f3nica Bustos y el profesor del departamento de Arquitectura de la Universidad de Chile, Juan Pablo Urrutia.","breadcrumb":{"@id":"https:\/\/fadeu.urantiacos.cl\/en\/2019\/07\/18\/ministro-de-vivienda-y-urbanismo-cristian-monckeberg-visita-exposicion-final-del-taller-integrado-de-vivienda-colectiva\/#breadcrumb"},"inLanguage":"en-US","potentialAction":[{"@type":"ReadAction","target":["https:\/\/fadeu.urantiacos.cl\/en\/2019\/07\/18\/ministro-de-vivienda-y-urbanismo-cristian-monckeberg-visita-exposicion-final-del-taller-integrado-de-vivienda-colectiva\/"]}]},{"@type":"ImageObject","inLanguage":"en-US","@id":"https:\/\/fadeu.urantiacos.cl\/en\/2019\/07\/18\/ministro-de-vivienda-y-urbanismo-cristian-monckeberg-visita-exposicion-final-del-taller-integrado-de-vivienda-colectiva\/#primaryimage","url":"https:\/\/fadeu.urantiacos.cl\/wp-content\/uploads\/2023\/09\/19-07-12_Ministro_de_Vivienda_y_Urbanismo_Cristian_Monckeberg_visita_exposicion_final_del_Taller_Integrado_de_Vivienda_Colectiva_1.jpg","contentUrl":"https:\/\/fadeu.urantiacos.cl\/wp-content\/uploads\/2023\/09\/19-07-12_Ministro_de_Vivienda_y_Urbanismo_Cristian_Monckeberg_visita_exposicion_final_del_Taller_Integrado_de_Vivienda_Colectiva_1.jpg","width":350,"height":250},{"@type":"BreadcrumbList","@id":"https:\/\/fadeu.urantiacos.cl\/en\/2019\/07\/18\/ministro-de-vivienda-y-urbanismo-cristian-monckeberg-visita-exposicion-final-del-taller-integrado-de-vivienda-colectiva\/#breadcrumb","itemListElement":[{"@type":"ListItem","position":1,"name":"Portada","item":"https:\/\/fadeu.urantiacos.cl\/en\/"},{"@type":"ListItem","position":2,"name":"Ministro de Vivienda y Urbanismo, Cristi\u00e1n Monckeberg, visita exposici\u00f3n final del Taller Integrado de Vivienda Colectiva"}]},{"@type":"WebSite","@id":"https:\/\/fadeu.urantiacos.cl\/en\/#website","url":"https:\/\/fadeu.urantiacos.cl\/en\/","name":"Facultad de Arquitectura, Dise\u00f1o y Estudios Urbanos","description":"Campus Lo Contador","potentialAction":[{"@type":"SearchAction","target":{"@type":"EntryPoint","urlTemplate":"https:\/\/fadeu.urantiacos.cl\/en\/?s={search_term_string}"},"query-input":{"@type":"PropertyValueSpecification","valueRequired":true,"valueName":"search_term_string"}}],"inLanguage":"en-US"},{"@type":"Person","@id":"https:\/\/fadeu.urantiacos.cl\/en\/#\/schema\/person\/d203e2e84b1c40275eac77b3061a19a2","name":"manadmin","image":{"@type":"ImageObject","inLanguage":"en-US","@id":"https:\/\/fadeu.urantiacos.cl\/en\/#\/schema\/person\/image\/","url":"https:\/\/secure.gravatar.com\/avatar\/4b1d8e3303b4a9d8968ac578947d8bc80d9aea359f388cdd4aac15cadc0e8447?s=96&d=mm&r=g","contentUrl":"https:\/\/secure.gravatar.com\/avatar\/4b1d8e3303b4a9d8968ac578947d8bc80d9aea359f388cdd4aac15cadc0e8447?s=96&d=mm&r=g","caption":"manadmin"},"sameAs":["https:\/\/fadeu.urantiacos.cl"]}]}},"_links":{"self":[{"href":"https:\/\/fadeu.urantiacos.cl\/en\/wp-json\/wp\/v2\/posts\/10776","targetHints":{"allow":["GET"]}}],"collection":[{"href":"https:\/\/fadeu.urantiacos.cl\/en\/wp-json\/wp\/v2\/posts"}],"about":[{"href":"https:\/\/fadeu.urantiacos.cl\/en\/wp-json\/wp\/v2\/types\/post"}],"author":[{"embeddable":true,"href":"https:\/\/fadeu.urantiacos.cl\/en\/wp-json\/wp\/v2\/users\/1"}],"replies":[{"embeddable":true,"href":"https:\/\/fadeu.urantiacos.cl\/en\/wp-json\/wp\/v2\/comments?post=10776"}],"version-history":[{"count":2,"href":"https:\/\/fadeu.urantiacos.cl\/en\/wp-json\/wp\/v2\/posts\/10776\/revisions"}],"predecessor-version":[{"id":17856,"href":"https:\/\/fadeu.urantiacos.cl\/en\/wp-json\/wp\/v2\/posts\/10776\/revisions\/17856"}],"wp:featuredmedia":[{"embeddable":true,"href":"https:\/\/fadeu.urantiacos.cl\/en\/wp-json\/wp\/v2\/media\/10777"}],"wp:attachment":[{"href":"https:\/\/fadeu.urantiacos.cl\/en\/wp-json\/wp\/v2\/media?parent=10776"}],"wp:term":[{"taxonomy":"category","embeddable":true,"href":"https:\/\/fadeu.urantiacos.cl\/en\/wp-json\/wp\/v2\/categories?post=10776"},{"taxonomy":"post_tag","embeddable":true,"href":"https:\/\/fadeu.urantiacos.cl\/en\/wp-json\/wp\/v2\/tags?post=10776"}],"curies":[{"name":"wp","href":"https:\/\/api.w.org\/{rel}","templated":true}]}}