{"id":10764,"date":"2019-07-19T14:35:00","date_gmt":"2019-07-19T17:35:00","guid":{"rendered":"https:\/\/fadeu.urantiacos.cl\/?p=10764"},"modified":"2023-09-16T14:38:22","modified_gmt":"2023-09-16T17:38:22","slug":"malla-integrada-de-posgrado-2o-semestre-2019","status":"publish","type":"post","link":"https:\/\/fadeu.urantiacos.cl\/en\/2019\/07\/19\/malla-integrada-de-posgrado-2o-semestre-2019\/","title":{"rendered":"Malla Integrada de Posgrado 2\u00ba semestre 2019"},"content":{"rendered":"\n<figure class=\"wp-block-image size-full\"><img decoding=\"async\" width=\"350\" height=\"250\" src=\"https:\/\/fadeu.urantiacos.cl\/wp-content\/uploads\/2023\/09\/19-07-18_Catalogo-MIP_2019_2-1.jpg\" alt=\"\" class=\"wp-image-10765\" srcset=\"https:\/\/fadeu.urantiacos.cl\/wp-content\/uploads\/2023\/09\/19-07-18_Catalogo-MIP_2019_2-1.jpg 350w, https:\/\/fadeu.urantiacos.cl\/wp-content\/uploads\/2023\/09\/19-07-18_Catalogo-MIP_2019_2-1-300x214.jpg 300w\" sizes=\"(max-width: 350px) 100vw, 350px\" \/><\/figure>\n\n\n\n<p>La&nbsp;Malla Integrada de Posgrado&nbsp;est\u00e1 compuesta por nueve programas de mag\u00edster y el programa de doctorado de la Facultad de Arquitectura, Dise\u00f1o y Estudios Urbanos UC. A trav\u00e9s de la coordinaci\u00f3n de los cursos de postgrado, se pretende presentar de manera simult\u00e1nea la variedad de cursos disponibles dentro de la Facultad, permitiendo que los alumnos definan su perfil de graduaci\u00f3n con mayor flexibilidad.<\/p>\n\n\n\n<p>Descargar\u00a0<a href=\"http:\/\/investigacionypostgrado.fadeu.urantiacos.cl\/wp-content\/uploads\/2019\/07\/Cat%C3%A1logo-MIP_2019_2.pdf\">Cat\u00e1logo MIP_2019_2S<\/a><\/p>\n\n\n\n<figure class=\"wp-block-image size-large\"><img decoding=\"async\" width=\"796\" height=\"1024\" src=\"https:\/\/fadeu.urantiacos.cl\/wp-content\/uploads\/2023\/09\/19-07-18_Catalogo-MIP_2019_2-1-1-796x1024.jpg\" alt=\"\" class=\"wp-image-10766\" srcset=\"https:\/\/fadeu.urantiacos.cl\/wp-content\/uploads\/2023\/09\/19-07-18_Catalogo-MIP_2019_2-1-1-796x1024.jpg 796w, https:\/\/fadeu.urantiacos.cl\/wp-content\/uploads\/2023\/09\/19-07-18_Catalogo-MIP_2019_2-1-1-233x300.jpg 233w, https:\/\/fadeu.urantiacos.cl\/wp-content\/uploads\/2023\/09\/19-07-18_Catalogo-MIP_2019_2-1-1-768x988.jpg 768w, https:\/\/fadeu.urantiacos.cl\/wp-content\/uploads\/2023\/09\/19-07-18_Catalogo-MIP_2019_2-1-1-1194x1536.jpg 1194w, https:\/\/fadeu.urantiacos.cl\/wp-content\/uploads\/2023\/09\/19-07-18_Catalogo-MIP_2019_2-1-1.jpg 933w\" sizes=\"(max-width: 796px) 100vw, 796px\" \/><\/figure>\n","protected":false},"excerpt":{"rendered":"<p>La&nbsp;Malla Integrada de Posgrado&nbsp;est\u00e1 compuesta por nueve programas de mag\u00edster y el programa de doctorado de la Facultad de Arquitectura, Dise\u00f1o y Estudios Urbanos UC. A trav\u00e9s de la coordinaci\u00f3n de los cursos de postgrado, se pretende presentar de manera simult\u00e1nea la variedad de cursos disponibles dentro de la Facultad, permitiendo que los alumnos definan [&hellip;]<\/p>\n","protected":false},"author":1,"featured_media":10765,"comment_status":"open","ping_status":"open","sticky":false,"template":"","format":"standard","meta":{"_acf_changed":false,"footnotes":""},"categories":[1],"tags":[],"class_list":["post-10764","post","type-post","status-publish","format-standard","has-post-thumbnail","hentry","category-sin-categorizar"],"acf":[],"yoast_head":"<!-- This site is optimized with the Yoast SEO plugin v27.1.1 - https:\/\/yoast.com\/product\/yoast-seo-wordpress\/ -->\n<title>Malla Integrada de Posgrado 2\u00ba semestre 2019 - Facultad de Arquitectura, Dise\u00f1o y Estudios Urbanos<\/title>\n<meta name=\"description\" content=\"La&nbsp;Malla Integrada de Posgrado&nbsp;est\u00e1 compuesta por nueve programas de mag\u00edster y el programa de doctorado de la Facultad de Arquitectura, Dise\u00f1o\" \/>\n<meta name=\"robots\" content=\"index, follow, max-snippet:-1, max-image-preview:large, max-video-preview:-1\" \/>\n<link rel=\"canonical\" href=\"https:\/\/fadeu.urantiacos.cl\/en\/2019\/07\/19\/malla-integrada-de-posgrado-2o-semestre-2019\/\" \/>\n<meta property=\"og:locale\" content=\"en_US\" \/>\n<meta property=\"og:type\" content=\"article\" \/>\n<meta property=\"og:title\" content=\"Malla Integrada de Posgrado 2\u00ba semestre 2019 - Facultad de Arquitectura, Dise\u00f1o y Estudios Urbanos\" \/>\n<meta property=\"og:description\" content=\"La&nbsp;Malla Integrada de Posgrado&nbsp;est\u00e1 compuesta por nueve programas de mag\u00edster y el programa de doctorado de la Facultad de Arquitectura, Dise\u00f1o\" \/>\n<meta property=\"og:url\" content=\"https:\/\/fadeu.urantiacos.cl\/en\/2019\/07\/19\/malla-integrada-de-posgrado-2o-semestre-2019\/\" \/>\n<meta property=\"og:site_name\" content=\"Facultad de Arquitectura, Dise\u00f1o y Estudios Urbanos\" \/>\n<meta property=\"article:published_time\" content=\"2019-07-19T17:35:00+00:00\" \/>\n<meta property=\"article:modified_time\" content=\"2023-09-16T17:38:22+00:00\" \/>\n<meta property=\"og:image\" content=\"https:\/\/fadeu.urantiacos.cl\/wp-content\/uploads\/2023\/09\/19-07-18_Catalogo-MIP_2019_2-1.jpg\" \/>\n\t<meta property=\"og:image:width\" content=\"350\" \/>\n\t<meta property=\"og:image:height\" content=\"250\" \/>\n\t<meta property=\"og:image:type\" content=\"image\/jpeg\" \/>\n<meta name=\"author\" content=\"manadmin\" \/>\n<meta name=\"twitter:card\" content=\"summary_large_image\" \/>\n<meta name=\"twitter:label1\" content=\"Written by\" \/>\n\t<meta name=\"twitter:data1\" content=\"manadmin\" \/>\n<script type=\"application\/ld+json\" class=\"yoast-schema-graph\">{\"@context\":\"https:\/\/schema.org\",\"@graph\":[{\"@type\":\"Article\",\"@id\":\"https:\/\/fadeu.urantiacos.cl\/en\/2019\/07\/19\/malla-integrada-de-posgrado-2o-semestre-2019\/#article\",\"isPartOf\":{\"@id\":\"https:\/\/fadeu.urantiacos.cl\/en\/2019\/07\/19\/malla-integrada-de-posgrado-2o-semestre-2019\/\"},\"author\":{\"name\":\"manadmin\",\"@id\":\"https:\/\/fadeu.urantiacos.cl\/en\/#\/schema\/person\/d203e2e84b1c40275eac77b3061a19a2\"},\"headline\":\"Malla Integrada de Posgrado 2\u00ba semestre 2019\",\"datePublished\":\"2019-07-19T17:35:00+00:00\",\"dateModified\":\"2023-09-16T17:38:22+00:00\",\"mainEntityOfPage\":{\"@id\":\"https:\/\/fadeu.urantiacos.cl\/en\/2019\/07\/19\/malla-integrada-de-posgrado-2o-semestre-2019\/\"},\"wordCount\":82,\"commentCount\":0,\"image\":{\"@id\":\"https:\/\/fadeu.urantiacos.cl\/en\/2019\/07\/19\/malla-integrada-de-posgrado-2o-semestre-2019\/#primaryimage\"},\"thumbnailUrl\":\"https:\/\/fadeu.urantiacos.cl\/wp-content\/uploads\/2023\/09\/19-07-18_Catalogo-MIP_2019_2-1.jpg\",\"articleSection\":[\"Sin categorizar\"],\"inLanguage\":\"en-US\",\"potentialAction\":[{\"@type\":\"CommentAction\",\"name\":\"Comment\",\"target\":[\"https:\/\/fadeu.urantiacos.cl\/en\/2019\/07\/19\/malla-integrada-de-posgrado-2o-semestre-2019\/#respond\"]}]},{\"@type\":\"WebPage\",\"@id\":\"https:\/\/fadeu.urantiacos.cl\/en\/2019\/07\/19\/malla-integrada-de-posgrado-2o-semestre-2019\/\",\"url\":\"https:\/\/fadeu.urantiacos.cl\/en\/2019\/07\/19\/malla-integrada-de-posgrado-2o-semestre-2019\/\",\"name\":\"Malla Integrada de Posgrado 2\u00ba semestre 2019 - Facultad de Arquitectura, Dise\u00f1o y Estudios Urbanos\",\"isPartOf\":{\"@id\":\"https:\/\/fadeu.urantiacos.cl\/en\/#website\"},\"primaryImageOfPage\":{\"@id\":\"https:\/\/fadeu.urantiacos.cl\/en\/2019\/07\/19\/malla-integrada-de-posgrado-2o-semestre-2019\/#primaryimage\"},\"image\":{\"@id\":\"https:\/\/fadeu.urantiacos.cl\/en\/2019\/07\/19\/malla-integrada-de-posgrado-2o-semestre-2019\/#primaryimage\"},\"thumbnailUrl\":\"https:\/\/fadeu.urantiacos.cl\/wp-content\/uploads\/2023\/09\/19-07-18_Catalogo-MIP_2019_2-1.jpg\",\"datePublished\":\"2019-07-19T17:35:00+00:00\",\"dateModified\":\"2023-09-16T17:38:22+00:00\",\"author\":{\"@id\":\"https:\/\/fadeu.urantiacos.cl\/en\/#\/schema\/person\/d203e2e84b1c40275eac77b3061a19a2\"},\"description\":\"La&nbsp;Malla Integrada de Posgrado&nbsp;est\u00e1 compuesta por nueve programas de mag\u00edster y el programa de doctorado de la Facultad de Arquitectura, Dise\u00f1o\",\"breadcrumb\":{\"@id\":\"https:\/\/fadeu.urantiacos.cl\/en\/2019\/07\/19\/malla-integrada-de-posgrado-2o-semestre-2019\/#breadcrumb\"},\"inLanguage\":\"en-US\",\"potentialAction\":[{\"@type\":\"ReadAction\",\"target\":[\"https:\/\/fadeu.urantiacos.cl\/en\/2019\/07\/19\/malla-integrada-de-posgrado-2o-semestre-2019\/\"]}]},{\"@type\":\"ImageObject\",\"inLanguage\":\"en-US\",\"@id\":\"https:\/\/fadeu.urantiacos.cl\/en\/2019\/07\/19\/malla-integrada-de-posgrado-2o-semestre-2019\/#primaryimage\",\"url\":\"https:\/\/fadeu.urantiacos.cl\/wp-content\/uploads\/2023\/09\/19-07-18_Catalogo-MIP_2019_2-1.jpg\",\"contentUrl\":\"https:\/\/fadeu.urantiacos.cl\/wp-content\/uploads\/2023\/09\/19-07-18_Catalogo-MIP_2019_2-1.jpg\",\"width\":350,\"height\":250},{\"@type\":\"BreadcrumbList\",\"@id\":\"https:\/\/fadeu.urantiacos.cl\/en\/2019\/07\/19\/malla-integrada-de-posgrado-2o-semestre-2019\/#breadcrumb\",\"itemListElement\":[{\"@type\":\"ListItem\",\"position\":1,\"name\":\"Portada\",\"item\":\"https:\/\/fadeu.urantiacos.cl\/en\/\"},{\"@type\":\"ListItem\",\"position\":2,\"name\":\"Malla Integrada de Posgrado 2\u00ba semestre 2019\"}]},{\"@type\":\"WebSite\",\"@id\":\"https:\/\/fadeu.urantiacos.cl\/en\/#website\",\"url\":\"https:\/\/fadeu.urantiacos.cl\/en\/\",\"name\":\"Facultad de Arquitectura, Dise\u00f1o y Estudios Urbanos\",\"description\":\"Campus Lo Contador\",\"potentialAction\":[{\"@type\":\"SearchAction\",\"target\":{\"@type\":\"EntryPoint\",\"urlTemplate\":\"https:\/\/fadeu.urantiacos.cl\/en\/?s={search_term_string}\"},\"query-input\":{\"@type\":\"PropertyValueSpecification\",\"valueRequired\":true,\"valueName\":\"search_term_string\"}}],\"inLanguage\":\"en-US\"},{\"@type\":\"Person\",\"@id\":\"https:\/\/fadeu.urantiacos.cl\/en\/#\/schema\/person\/d203e2e84b1c40275eac77b3061a19a2\",\"name\":\"manadmin\",\"image\":{\"@type\":\"ImageObject\",\"inLanguage\":\"en-US\",\"@id\":\"https:\/\/fadeu.urantiacos.cl\/en\/#\/schema\/person\/image\/\",\"url\":\"https:\/\/secure.gravatar.com\/avatar\/4b1d8e3303b4a9d8968ac578947d8bc80d9aea359f388cdd4aac15cadc0e8447?s=96&d=mm&r=g\",\"contentUrl\":\"https:\/\/secure.gravatar.com\/avatar\/4b1d8e3303b4a9d8968ac578947d8bc80d9aea359f388cdd4aac15cadc0e8447?s=96&d=mm&r=g\",\"caption\":\"manadmin\"},\"sameAs\":[\"https:\/\/fadeu.urantiacos.cl\"]}]}<\/script>\n<!-- \/ Yoast SEO plugin. -->","yoast_head_json":{"title":"Malla Integrada de Posgrado 2\u00ba semestre 2019 - Facultad de Arquitectura, Dise\u00f1o y Estudios Urbanos","description":"La&nbsp;Malla Integrada de Posgrado&nbsp;est\u00e1 compuesta por nueve programas de mag\u00edster y el programa de doctorado de la Facultad de Arquitectura, Dise\u00f1o","robots":{"index":"index","follow":"follow","max-snippet":"max-snippet:-1","max-image-preview":"max-image-preview:large","max-video-preview":"max-video-preview:-1"},"canonical":"https:\/\/fadeu.urantiacos.cl\/en\/2019\/07\/19\/malla-integrada-de-posgrado-2o-semestre-2019\/","og_locale":"en_US","og_type":"article","og_title":"Malla Integrada de Posgrado 2\u00ba semestre 2019 - Facultad de Arquitectura, Dise\u00f1o y Estudios Urbanos","og_description":"La&nbsp;Malla Integrada de Posgrado&nbsp;est\u00e1 compuesta por nueve programas de mag\u00edster y el programa de doctorado de la Facultad de Arquitectura, Dise\u00f1o","og_url":"https:\/\/fadeu.urantiacos.cl\/en\/2019\/07\/19\/malla-integrada-de-posgrado-2o-semestre-2019\/","og_site_name":"Facultad de Arquitectura, Dise\u00f1o y Estudios Urbanos","article_published_time":"2019-07-19T17:35:00+00:00","article_modified_time":"2023-09-16T17:38:22+00:00","og_image":[{"width":350,"height":250,"url":"https:\/\/fadeu.urantiacos.cl\/wp-content\/uploads\/2023\/09\/19-07-18_Catalogo-MIP_2019_2-1.jpg","type":"image\/jpeg"}],"author":"manadmin","twitter_card":"summary_large_image","twitter_misc":{"Written by":"manadmin"},"schema":{"@context":"https:\/\/schema.org","@graph":[{"@type":"Article","@id":"https:\/\/fadeu.urantiacos.cl\/en\/2019\/07\/19\/malla-integrada-de-posgrado-2o-semestre-2019\/#article","isPartOf":{"@id":"https:\/\/fadeu.urantiacos.cl\/en\/2019\/07\/19\/malla-integrada-de-posgrado-2o-semestre-2019\/"},"author":{"name":"manadmin","@id":"https:\/\/fadeu.urantiacos.cl\/en\/#\/schema\/person\/d203e2e84b1c40275eac77b3061a19a2"},"headline":"Malla Integrada de Posgrado 2\u00ba semestre 2019","datePublished":"2019-07-19T17:35:00+00:00","dateModified":"2023-09-16T17:38:22+00:00","mainEntityOfPage":{"@id":"https:\/\/fadeu.urantiacos.cl\/en\/2019\/07\/19\/malla-integrada-de-posgrado-2o-semestre-2019\/"},"wordCount":82,"commentCount":0,"image":{"@id":"https:\/\/fadeu.urantiacos.cl\/en\/2019\/07\/19\/malla-integrada-de-posgrado-2o-semestre-2019\/#primaryimage"},"thumbnailUrl":"https:\/\/fadeu.urantiacos.cl\/wp-content\/uploads\/2023\/09\/19-07-18_Catalogo-MIP_2019_2-1.jpg","articleSection":["Sin categorizar"],"inLanguage":"en-US","potentialAction":[{"@type":"CommentAction","name":"Comment","target":["https:\/\/fadeu.urantiacos.cl\/en\/2019\/07\/19\/malla-integrada-de-posgrado-2o-semestre-2019\/#respond"]}]},{"@type":"WebPage","@id":"https:\/\/fadeu.urantiacos.cl\/en\/2019\/07\/19\/malla-integrada-de-posgrado-2o-semestre-2019\/","url":"https:\/\/fadeu.urantiacos.cl\/en\/2019\/07\/19\/malla-integrada-de-posgrado-2o-semestre-2019\/","name":"Malla Integrada de Posgrado 2\u00ba semestre 2019 - Facultad de Arquitectura, Dise\u00f1o y Estudios Urbanos","isPartOf":{"@id":"https:\/\/fadeu.urantiacos.cl\/en\/#website"},"primaryImageOfPage":{"@id":"https:\/\/fadeu.urantiacos.cl\/en\/2019\/07\/19\/malla-integrada-de-posgrado-2o-semestre-2019\/#primaryimage"},"image":{"@id":"https:\/\/fadeu.urantiacos.cl\/en\/2019\/07\/19\/malla-integrada-de-posgrado-2o-semestre-2019\/#primaryimage"},"thumbnailUrl":"https:\/\/fadeu.urantiacos.cl\/wp-content\/uploads\/2023\/09\/19-07-18_Catalogo-MIP_2019_2-1.jpg","datePublished":"2019-07-19T17:35:00+00:00","dateModified":"2023-09-16T17:38:22+00:00","author":{"@id":"https:\/\/fadeu.urantiacos.cl\/en\/#\/schema\/person\/d203e2e84b1c40275eac77b3061a19a2"},"description":"La&nbsp;Malla Integrada de Posgrado&nbsp;est\u00e1 compuesta por nueve programas de mag\u00edster y el programa de doctorado de la Facultad de Arquitectura, Dise\u00f1o","breadcrumb":{"@id":"https:\/\/fadeu.urantiacos.cl\/en\/2019\/07\/19\/malla-integrada-de-posgrado-2o-semestre-2019\/#breadcrumb"},"inLanguage":"en-US","potentialAction":[{"@type":"ReadAction","target":["https:\/\/fadeu.urantiacos.cl\/en\/2019\/07\/19\/malla-integrada-de-posgrado-2o-semestre-2019\/"]}]},{"@type":"ImageObject","inLanguage":"en-US","@id":"https:\/\/fadeu.urantiacos.cl\/en\/2019\/07\/19\/malla-integrada-de-posgrado-2o-semestre-2019\/#primaryimage","url":"https:\/\/fadeu.urantiacos.cl\/wp-content\/uploads\/2023\/09\/19-07-18_Catalogo-MIP_2019_2-1.jpg","contentUrl":"https:\/\/fadeu.urantiacos.cl\/wp-content\/uploads\/2023\/09\/19-07-18_Catalogo-MIP_2019_2-1.jpg","width":350,"height":250},{"@type":"BreadcrumbList","@id":"https:\/\/fadeu.urantiacos.cl\/en\/2019\/07\/19\/malla-integrada-de-posgrado-2o-semestre-2019\/#breadcrumb","itemListElement":[{"@type":"ListItem","position":1,"name":"Portada","item":"https:\/\/fadeu.urantiacos.cl\/en\/"},{"@type":"ListItem","position":2,"name":"Malla Integrada de Posgrado 2\u00ba semestre 2019"}]},{"@type":"WebSite","@id":"https:\/\/fadeu.urantiacos.cl\/en\/#website","url":"https:\/\/fadeu.urantiacos.cl\/en\/","name":"Facultad de Arquitectura, Dise\u00f1o y Estudios Urbanos","description":"Campus Lo Contador","potentialAction":[{"@type":"SearchAction","target":{"@type":"EntryPoint","urlTemplate":"https:\/\/fadeu.urantiacos.cl\/en\/?s={search_term_string}"},"query-input":{"@type":"PropertyValueSpecification","valueRequired":true,"valueName":"search_term_string"}}],"inLanguage":"en-US"},{"@type":"Person","@id":"https:\/\/fadeu.urantiacos.cl\/en\/#\/schema\/person\/d203e2e84b1c40275eac77b3061a19a2","name":"manadmin","image":{"@type":"ImageObject","inLanguage":"en-US","@id":"https:\/\/fadeu.urantiacos.cl\/en\/#\/schema\/person\/image\/","url":"https:\/\/secure.gravatar.com\/avatar\/4b1d8e3303b4a9d8968ac578947d8bc80d9aea359f388cdd4aac15cadc0e8447?s=96&d=mm&r=g","contentUrl":"https:\/\/secure.gravatar.com\/avatar\/4b1d8e3303b4a9d8968ac578947d8bc80d9aea359f388cdd4aac15cadc0e8447?s=96&d=mm&r=g","caption":"manadmin"},"sameAs":["https:\/\/fadeu.urantiacos.cl"]}]}},"_links":{"self":[{"href":"https:\/\/fadeu.urantiacos.cl\/en\/wp-json\/wp\/v2\/posts\/10764","targetHints":{"allow":["GET"]}}],"collection":[{"href":"https:\/\/fadeu.urantiacos.cl\/en\/wp-json\/wp\/v2\/posts"}],"about":[{"href":"https:\/\/fadeu.urantiacos.cl\/en\/wp-json\/wp\/v2\/types\/post"}],"author":[{"embeddable":true,"href":"https:\/\/fadeu.urantiacos.cl\/en\/wp-json\/wp\/v2\/users\/1"}],"replies":[{"embeddable":true,"href":"https:\/\/fadeu.urantiacos.cl\/en\/wp-json\/wp\/v2\/comments?post=10764"}],"version-history":[{"count":1,"href":"https:\/\/fadeu.urantiacos.cl\/en\/wp-json\/wp\/v2\/posts\/10764\/revisions"}],"predecessor-version":[{"id":10767,"href":"https:\/\/fadeu.urantiacos.cl\/en\/wp-json\/wp\/v2\/posts\/10764\/revisions\/10767"}],"wp:featuredmedia":[{"embeddable":true,"href":"https:\/\/fadeu.urantiacos.cl\/en\/wp-json\/wp\/v2\/media\/10765"}],"wp:attachment":[{"href":"https:\/\/fadeu.urantiacos.cl\/en\/wp-json\/wp\/v2\/media?parent=10764"}],"wp:term":[{"taxonomy":"category","embeddable":true,"href":"https:\/\/fadeu.urantiacos.cl\/en\/wp-json\/wp\/v2\/categories?post=10764"},{"taxonomy":"post_tag","embeddable":true,"href":"https:\/\/fadeu.urantiacos.cl\/en\/wp-json\/wp\/v2\/tags?post=10764"}],"curies":[{"name":"wp","href":"https:\/\/api.w.org\/{rel}","templated":true}]}}