{"id":10672,"date":"2019-07-30T21:32:00","date_gmt":"2019-07-31T00:32:00","guid":{"rendered":"https:\/\/fadeu.urantiacos.cl\/?p=10672"},"modified":"2023-09-15T21:34:16","modified_gmt":"2023-09-16T00:34:16","slug":"dos-edificios-de-nueve-pisos-escoltaran-la-clasica-casona-de-la-clinica-sara-moncada","status":"publish","type":"post","link":"https:\/\/fadeu.urantiacos.cl\/en\/2019\/07\/30\/dos-edificios-de-nueve-pisos-escoltaran-la-clasica-casona-de-la-clinica-sara-moncada\/","title":{"rendered":"Dos edificios de nueve pisos escoltar\u00e1n la cl\u00e1sica casona de la cl\u00ednica Sara Moncada"},"content":{"rendered":"\n<figure class=\"wp-block-image size-full\"><img decoding=\"async\" width=\"350\" height=\"250\" src=\"https:\/\/fadeu.urantiacos.cl\/wp-content\/uploads\/2023\/09\/sara_moncada.jpg\" alt=\"\" class=\"wp-image-10673\" srcset=\"https:\/\/fadeu.urantiacos.cl\/wp-content\/uploads\/2023\/09\/sara_moncada.jpg 350w, https:\/\/fadeu.urantiacos.cl\/wp-content\/uploads\/2023\/09\/sara_moncada-300x214.jpg 300w\" sizes=\"(max-width: 350px) 100vw, 350px\" \/><\/figure>\n\n\n\n<h4 class=\"wp-block-heading\">Por Melisa Forno.&nbsp;<\/h4>\n\n\n\n<p>Las \u00daltimas Noticias destaca proyecto que contempla la construcci\u00f3n de dos edificios de departamentos de nueve pisos detr\u00e1s de la cl\u00e1sica casona de la cl\u00ednica Sara Moncada. Habla la arquitecta Marisol Saborido, investigadora del Centro del Patrimonio UC.<\/p>\n\n\n\n<h6 class=\"wp-block-heading\">+ Revisa nota completa aqu\u00ed.<\/h6>\n\n\n\n<figure class=\"wp-block-image size-full\"><img decoding=\"async\" width=\"518\" height=\"500\" src=\"https:\/\/fadeu.urantiacos.cl\/wp-content\/uploads\/2023\/09\/Get_HL-38.png\" alt=\"\" class=\"wp-image-10674\" srcset=\"https:\/\/fadeu.urantiacos.cl\/wp-content\/uploads\/2023\/09\/Get_HL-38.png 518w, https:\/\/fadeu.urantiacos.cl\/wp-content\/uploads\/2023\/09\/Get_HL-38-300x290.png 300w\" sizes=\"(max-width: 518px) 100vw, 518px\" \/><\/figure>\n","protected":false},"excerpt":{"rendered":"<p>Por Melisa Forno.&nbsp; Las \u00daltimas Noticias destaca proyecto que contempla la construcci\u00f3n de dos edificios de departamentos de nueve pisos detr\u00e1s de la cl\u00e1sica casona de la cl\u00ednica Sara Moncada. Habla la arquitecta Marisol Saborido, investigadora del Centro del Patrimonio UC. + Revisa nota completa aqu\u00ed.<\/p>\n","protected":false},"author":1,"featured_media":10673,"comment_status":"open","ping_status":"open","sticky":false,"template":"","format":"standard","meta":{"_acf_changed":false,"footnotes":""},"categories":[1],"tags":[],"class_list":["post-10672","post","type-post","status-publish","format-standard","has-post-thumbnail","hentry","category-sin-categorizar"],"acf":[],"yoast_head":"<!-- This site is optimized with the Yoast SEO plugin v27.1.1 - https:\/\/yoast.com\/product\/yoast-seo-wordpress\/ -->\n<title>Dos edificios de nueve pisos escoltar\u00e1n la cl\u00e1sica casona de la cl\u00ednica Sara Moncada - Facultad de Arquitectura, Dise\u00f1o y Estudios Urbanos<\/title>\n<meta name=\"description\" content=\"Por Melisa Forno.&nbsp; Las \u00daltimas Noticias destaca proyecto que contempla la construcci\u00f3n de dos edificios de departamentos de nueve pisos detr\u00e1s de la\" \/>\n<meta name=\"robots\" content=\"index, follow, max-snippet:-1, max-image-preview:large, max-video-preview:-1\" \/>\n<link rel=\"canonical\" href=\"https:\/\/fadeu.urantiacos.cl\/en\/2019\/07\/30\/dos-edificios-de-nueve-pisos-escoltaran-la-clasica-casona-de-la-clinica-sara-moncada\/\" \/>\n<meta property=\"og:locale\" content=\"en_US\" \/>\n<meta property=\"og:type\" content=\"article\" \/>\n<meta property=\"og:title\" content=\"Dos edificios de nueve pisos escoltar\u00e1n la cl\u00e1sica casona de la cl\u00ednica Sara Moncada - Facultad de Arquitectura, Dise\u00f1o y Estudios Urbanos\" \/>\n<meta property=\"og:description\" content=\"Por Melisa Forno.&nbsp; Las \u00daltimas Noticias destaca proyecto que contempla la construcci\u00f3n de dos edificios de departamentos de nueve pisos detr\u00e1s de la\" \/>\n<meta property=\"og:url\" content=\"https:\/\/fadeu.urantiacos.cl\/en\/2019\/07\/30\/dos-edificios-de-nueve-pisos-escoltaran-la-clasica-casona-de-la-clinica-sara-moncada\/\" \/>\n<meta property=\"og:site_name\" content=\"Facultad de Arquitectura, Dise\u00f1o y Estudios Urbanos\" \/>\n<meta property=\"article:published_time\" content=\"2019-07-31T00:32:00+00:00\" \/>\n<meta property=\"article:modified_time\" content=\"2023-09-16T00:34:16+00:00\" \/>\n<meta property=\"og:image\" content=\"https:\/\/fadeu.urantiacos.cl\/wp-content\/uploads\/2023\/09\/sara_moncada.jpg\" \/>\n\t<meta property=\"og:image:width\" content=\"350\" \/>\n\t<meta property=\"og:image:height\" content=\"250\" \/>\n\t<meta property=\"og:image:type\" content=\"image\/jpeg\" \/>\n<meta name=\"author\" content=\"manadmin\" \/>\n<meta name=\"twitter:card\" content=\"summary_large_image\" \/>\n<meta name=\"twitter:label1\" content=\"Written by\" \/>\n\t<meta name=\"twitter:data1\" content=\"manadmin\" \/>\n<script type=\"application\/ld+json\" class=\"yoast-schema-graph\">{\"@context\":\"https:\/\/schema.org\",\"@graph\":[{\"@type\":\"Article\",\"@id\":\"https:\/\/fadeu.urantiacos.cl\/en\/2019\/07\/30\/dos-edificios-de-nueve-pisos-escoltaran-la-clasica-casona-de-la-clinica-sara-moncada\/#article\",\"isPartOf\":{\"@id\":\"https:\/\/fadeu.urantiacos.cl\/en\/2019\/07\/30\/dos-edificios-de-nueve-pisos-escoltaran-la-clasica-casona-de-la-clinica-sara-moncada\/\"},\"author\":{\"name\":\"manadmin\",\"@id\":\"https:\/\/fadeu.urantiacos.cl\/en\/#\/schema\/person\/d203e2e84b1c40275eac77b3061a19a2\"},\"headline\":\"Dos edificios de nueve pisos escoltar\u00e1n la cl\u00e1sica casona de la cl\u00ednica Sara Moncada\",\"datePublished\":\"2019-07-31T00:32:00+00:00\",\"dateModified\":\"2023-09-16T00:34:16+00:00\",\"mainEntityOfPage\":{\"@id\":\"https:\/\/fadeu.urantiacos.cl\/en\/2019\/07\/30\/dos-edificios-de-nueve-pisos-escoltaran-la-clasica-casona-de-la-clinica-sara-moncada\/\"},\"wordCount\":67,\"commentCount\":0,\"image\":{\"@id\":\"https:\/\/fadeu.urantiacos.cl\/en\/2019\/07\/30\/dos-edificios-de-nueve-pisos-escoltaran-la-clasica-casona-de-la-clinica-sara-moncada\/#primaryimage\"},\"thumbnailUrl\":\"https:\/\/fadeu.urantiacos.cl\/wp-content\/uploads\/2023\/09\/sara_moncada.jpg\",\"articleSection\":[\"Sin categorizar\"],\"inLanguage\":\"en-US\",\"potentialAction\":[{\"@type\":\"CommentAction\",\"name\":\"Comment\",\"target\":[\"https:\/\/fadeu.urantiacos.cl\/en\/2019\/07\/30\/dos-edificios-de-nueve-pisos-escoltaran-la-clasica-casona-de-la-clinica-sara-moncada\/#respond\"]}]},{\"@type\":\"WebPage\",\"@id\":\"https:\/\/fadeu.urantiacos.cl\/en\/2019\/07\/30\/dos-edificios-de-nueve-pisos-escoltaran-la-clasica-casona-de-la-clinica-sara-moncada\/\",\"url\":\"https:\/\/fadeu.urantiacos.cl\/en\/2019\/07\/30\/dos-edificios-de-nueve-pisos-escoltaran-la-clasica-casona-de-la-clinica-sara-moncada\/\",\"name\":\"Dos edificios de nueve pisos escoltar\u00e1n la cl\u00e1sica casona de la cl\u00ednica Sara Moncada - Facultad de Arquitectura, Dise\u00f1o y Estudios Urbanos\",\"isPartOf\":{\"@id\":\"https:\/\/fadeu.urantiacos.cl\/en\/#website\"},\"primaryImageOfPage\":{\"@id\":\"https:\/\/fadeu.urantiacos.cl\/en\/2019\/07\/30\/dos-edificios-de-nueve-pisos-escoltaran-la-clasica-casona-de-la-clinica-sara-moncada\/#primaryimage\"},\"image\":{\"@id\":\"https:\/\/fadeu.urantiacos.cl\/en\/2019\/07\/30\/dos-edificios-de-nueve-pisos-escoltaran-la-clasica-casona-de-la-clinica-sara-moncada\/#primaryimage\"},\"thumbnailUrl\":\"https:\/\/fadeu.urantiacos.cl\/wp-content\/uploads\/2023\/09\/sara_moncada.jpg\",\"datePublished\":\"2019-07-31T00:32:00+00:00\",\"dateModified\":\"2023-09-16T00:34:16+00:00\",\"author\":{\"@id\":\"https:\/\/fadeu.urantiacos.cl\/en\/#\/schema\/person\/d203e2e84b1c40275eac77b3061a19a2\"},\"description\":\"Por Melisa Forno.&nbsp; Las \u00daltimas Noticias destaca proyecto que contempla la construcci\u00f3n de dos edificios de departamentos de nueve pisos detr\u00e1s de la\",\"breadcrumb\":{\"@id\":\"https:\/\/fadeu.urantiacos.cl\/en\/2019\/07\/30\/dos-edificios-de-nueve-pisos-escoltaran-la-clasica-casona-de-la-clinica-sara-moncada\/#breadcrumb\"},\"inLanguage\":\"en-US\",\"potentialAction\":[{\"@type\":\"ReadAction\",\"target\":[\"https:\/\/fadeu.urantiacos.cl\/en\/2019\/07\/30\/dos-edificios-de-nueve-pisos-escoltaran-la-clasica-casona-de-la-clinica-sara-moncada\/\"]}]},{\"@type\":\"ImageObject\",\"inLanguage\":\"en-US\",\"@id\":\"https:\/\/fadeu.urantiacos.cl\/en\/2019\/07\/30\/dos-edificios-de-nueve-pisos-escoltaran-la-clasica-casona-de-la-clinica-sara-moncada\/#primaryimage\",\"url\":\"https:\/\/fadeu.urantiacos.cl\/wp-content\/uploads\/2023\/09\/sara_moncada.jpg\",\"contentUrl\":\"https:\/\/fadeu.urantiacos.cl\/wp-content\/uploads\/2023\/09\/sara_moncada.jpg\",\"width\":350,\"height\":250},{\"@type\":\"BreadcrumbList\",\"@id\":\"https:\/\/fadeu.urantiacos.cl\/en\/2019\/07\/30\/dos-edificios-de-nueve-pisos-escoltaran-la-clasica-casona-de-la-clinica-sara-moncada\/#breadcrumb\",\"itemListElement\":[{\"@type\":\"ListItem\",\"position\":1,\"name\":\"Portada\",\"item\":\"https:\/\/fadeu.urantiacos.cl\/en\/\"},{\"@type\":\"ListItem\",\"position\":2,\"name\":\"Dos edificios de nueve pisos escoltar\u00e1n la cl\u00e1sica casona de la cl\u00ednica Sara Moncada\"}]},{\"@type\":\"WebSite\",\"@id\":\"https:\/\/fadeu.urantiacos.cl\/en\/#website\",\"url\":\"https:\/\/fadeu.urantiacos.cl\/en\/\",\"name\":\"Facultad de Arquitectura, Dise\u00f1o y Estudios Urbanos\",\"description\":\"Campus Lo Contador\",\"potentialAction\":[{\"@type\":\"SearchAction\",\"target\":{\"@type\":\"EntryPoint\",\"urlTemplate\":\"https:\/\/fadeu.urantiacos.cl\/en\/?s={search_term_string}\"},\"query-input\":{\"@type\":\"PropertyValueSpecification\",\"valueRequired\":true,\"valueName\":\"search_term_string\"}}],\"inLanguage\":\"en-US\"},{\"@type\":\"Person\",\"@id\":\"https:\/\/fadeu.urantiacos.cl\/en\/#\/schema\/person\/d203e2e84b1c40275eac77b3061a19a2\",\"name\":\"manadmin\",\"image\":{\"@type\":\"ImageObject\",\"inLanguage\":\"en-US\",\"@id\":\"https:\/\/fadeu.urantiacos.cl\/en\/#\/schema\/person\/image\/\",\"url\":\"https:\/\/secure.gravatar.com\/avatar\/4b1d8e3303b4a9d8968ac578947d8bc80d9aea359f388cdd4aac15cadc0e8447?s=96&d=mm&r=g\",\"contentUrl\":\"https:\/\/secure.gravatar.com\/avatar\/4b1d8e3303b4a9d8968ac578947d8bc80d9aea359f388cdd4aac15cadc0e8447?s=96&d=mm&r=g\",\"caption\":\"manadmin\"},\"sameAs\":[\"https:\/\/fadeu.urantiacos.cl\"]}]}<\/script>\n<!-- \/ Yoast SEO plugin. -->","yoast_head_json":{"title":"Dos edificios de nueve pisos escoltar\u00e1n la cl\u00e1sica casona de la cl\u00ednica Sara Moncada - Facultad de Arquitectura, Dise\u00f1o y Estudios Urbanos","description":"Por Melisa Forno.&nbsp; Las \u00daltimas Noticias destaca proyecto que contempla la construcci\u00f3n de dos edificios de departamentos de nueve pisos detr\u00e1s de la","robots":{"index":"index","follow":"follow","max-snippet":"max-snippet:-1","max-image-preview":"max-image-preview:large","max-video-preview":"max-video-preview:-1"},"canonical":"https:\/\/fadeu.urantiacos.cl\/en\/2019\/07\/30\/dos-edificios-de-nueve-pisos-escoltaran-la-clasica-casona-de-la-clinica-sara-moncada\/","og_locale":"en_US","og_type":"article","og_title":"Dos edificios de nueve pisos escoltar\u00e1n la cl\u00e1sica casona de la cl\u00ednica Sara Moncada - Facultad de Arquitectura, Dise\u00f1o y Estudios Urbanos","og_description":"Por Melisa Forno.&nbsp; Las \u00daltimas Noticias destaca proyecto que contempla la construcci\u00f3n de dos edificios de departamentos de nueve pisos detr\u00e1s de la","og_url":"https:\/\/fadeu.urantiacos.cl\/en\/2019\/07\/30\/dos-edificios-de-nueve-pisos-escoltaran-la-clasica-casona-de-la-clinica-sara-moncada\/","og_site_name":"Facultad de Arquitectura, Dise\u00f1o y Estudios Urbanos","article_published_time":"2019-07-31T00:32:00+00:00","article_modified_time":"2023-09-16T00:34:16+00:00","og_image":[{"width":350,"height":250,"url":"https:\/\/fadeu.urantiacos.cl\/wp-content\/uploads\/2023\/09\/sara_moncada.jpg","type":"image\/jpeg"}],"author":"manadmin","twitter_card":"summary_large_image","twitter_misc":{"Written by":"manadmin"},"schema":{"@context":"https:\/\/schema.org","@graph":[{"@type":"Article","@id":"https:\/\/fadeu.urantiacos.cl\/en\/2019\/07\/30\/dos-edificios-de-nueve-pisos-escoltaran-la-clasica-casona-de-la-clinica-sara-moncada\/#article","isPartOf":{"@id":"https:\/\/fadeu.urantiacos.cl\/en\/2019\/07\/30\/dos-edificios-de-nueve-pisos-escoltaran-la-clasica-casona-de-la-clinica-sara-moncada\/"},"author":{"name":"manadmin","@id":"https:\/\/fadeu.urantiacos.cl\/en\/#\/schema\/person\/d203e2e84b1c40275eac77b3061a19a2"},"headline":"Dos edificios de nueve pisos escoltar\u00e1n la cl\u00e1sica casona de la cl\u00ednica Sara Moncada","datePublished":"2019-07-31T00:32:00+00:00","dateModified":"2023-09-16T00:34:16+00:00","mainEntityOfPage":{"@id":"https:\/\/fadeu.urantiacos.cl\/en\/2019\/07\/30\/dos-edificios-de-nueve-pisos-escoltaran-la-clasica-casona-de-la-clinica-sara-moncada\/"},"wordCount":67,"commentCount":0,"image":{"@id":"https:\/\/fadeu.urantiacos.cl\/en\/2019\/07\/30\/dos-edificios-de-nueve-pisos-escoltaran-la-clasica-casona-de-la-clinica-sara-moncada\/#primaryimage"},"thumbnailUrl":"https:\/\/fadeu.urantiacos.cl\/wp-content\/uploads\/2023\/09\/sara_moncada.jpg","articleSection":["Sin categorizar"],"inLanguage":"en-US","potentialAction":[{"@type":"CommentAction","name":"Comment","target":["https:\/\/fadeu.urantiacos.cl\/en\/2019\/07\/30\/dos-edificios-de-nueve-pisos-escoltaran-la-clasica-casona-de-la-clinica-sara-moncada\/#respond"]}]},{"@type":"WebPage","@id":"https:\/\/fadeu.urantiacos.cl\/en\/2019\/07\/30\/dos-edificios-de-nueve-pisos-escoltaran-la-clasica-casona-de-la-clinica-sara-moncada\/","url":"https:\/\/fadeu.urantiacos.cl\/en\/2019\/07\/30\/dos-edificios-de-nueve-pisos-escoltaran-la-clasica-casona-de-la-clinica-sara-moncada\/","name":"Dos edificios de nueve pisos escoltar\u00e1n la cl\u00e1sica casona de la cl\u00ednica Sara Moncada - Facultad de Arquitectura, Dise\u00f1o y Estudios Urbanos","isPartOf":{"@id":"https:\/\/fadeu.urantiacos.cl\/en\/#website"},"primaryImageOfPage":{"@id":"https:\/\/fadeu.urantiacos.cl\/en\/2019\/07\/30\/dos-edificios-de-nueve-pisos-escoltaran-la-clasica-casona-de-la-clinica-sara-moncada\/#primaryimage"},"image":{"@id":"https:\/\/fadeu.urantiacos.cl\/en\/2019\/07\/30\/dos-edificios-de-nueve-pisos-escoltaran-la-clasica-casona-de-la-clinica-sara-moncada\/#primaryimage"},"thumbnailUrl":"https:\/\/fadeu.urantiacos.cl\/wp-content\/uploads\/2023\/09\/sara_moncada.jpg","datePublished":"2019-07-31T00:32:00+00:00","dateModified":"2023-09-16T00:34:16+00:00","author":{"@id":"https:\/\/fadeu.urantiacos.cl\/en\/#\/schema\/person\/d203e2e84b1c40275eac77b3061a19a2"},"description":"Por Melisa Forno.&nbsp; Las \u00daltimas Noticias destaca proyecto que contempla la construcci\u00f3n de dos edificios de departamentos de nueve pisos detr\u00e1s de la","breadcrumb":{"@id":"https:\/\/fadeu.urantiacos.cl\/en\/2019\/07\/30\/dos-edificios-de-nueve-pisos-escoltaran-la-clasica-casona-de-la-clinica-sara-moncada\/#breadcrumb"},"inLanguage":"en-US","potentialAction":[{"@type":"ReadAction","target":["https:\/\/fadeu.urantiacos.cl\/en\/2019\/07\/30\/dos-edificios-de-nueve-pisos-escoltaran-la-clasica-casona-de-la-clinica-sara-moncada\/"]}]},{"@type":"ImageObject","inLanguage":"en-US","@id":"https:\/\/fadeu.urantiacos.cl\/en\/2019\/07\/30\/dos-edificios-de-nueve-pisos-escoltaran-la-clasica-casona-de-la-clinica-sara-moncada\/#primaryimage","url":"https:\/\/fadeu.urantiacos.cl\/wp-content\/uploads\/2023\/09\/sara_moncada.jpg","contentUrl":"https:\/\/fadeu.urantiacos.cl\/wp-content\/uploads\/2023\/09\/sara_moncada.jpg","width":350,"height":250},{"@type":"BreadcrumbList","@id":"https:\/\/fadeu.urantiacos.cl\/en\/2019\/07\/30\/dos-edificios-de-nueve-pisos-escoltaran-la-clasica-casona-de-la-clinica-sara-moncada\/#breadcrumb","itemListElement":[{"@type":"ListItem","position":1,"name":"Portada","item":"https:\/\/fadeu.urantiacos.cl\/en\/"},{"@type":"ListItem","position":2,"name":"Dos edificios de nueve pisos escoltar\u00e1n la cl\u00e1sica casona de la cl\u00ednica Sara Moncada"}]},{"@type":"WebSite","@id":"https:\/\/fadeu.urantiacos.cl\/en\/#website","url":"https:\/\/fadeu.urantiacos.cl\/en\/","name":"Facultad de Arquitectura, Dise\u00f1o y Estudios Urbanos","description":"Campus Lo Contador","potentialAction":[{"@type":"SearchAction","target":{"@type":"EntryPoint","urlTemplate":"https:\/\/fadeu.urantiacos.cl\/en\/?s={search_term_string}"},"query-input":{"@type":"PropertyValueSpecification","valueRequired":true,"valueName":"search_term_string"}}],"inLanguage":"en-US"},{"@type":"Person","@id":"https:\/\/fadeu.urantiacos.cl\/en\/#\/schema\/person\/d203e2e84b1c40275eac77b3061a19a2","name":"manadmin","image":{"@type":"ImageObject","inLanguage":"en-US","@id":"https:\/\/fadeu.urantiacos.cl\/en\/#\/schema\/person\/image\/","url":"https:\/\/secure.gravatar.com\/avatar\/4b1d8e3303b4a9d8968ac578947d8bc80d9aea359f388cdd4aac15cadc0e8447?s=96&d=mm&r=g","contentUrl":"https:\/\/secure.gravatar.com\/avatar\/4b1d8e3303b4a9d8968ac578947d8bc80d9aea359f388cdd4aac15cadc0e8447?s=96&d=mm&r=g","caption":"manadmin"},"sameAs":["https:\/\/fadeu.urantiacos.cl"]}]}},"_links":{"self":[{"href":"https:\/\/fadeu.urantiacos.cl\/en\/wp-json\/wp\/v2\/posts\/10672","targetHints":{"allow":["GET"]}}],"collection":[{"href":"https:\/\/fadeu.urantiacos.cl\/en\/wp-json\/wp\/v2\/posts"}],"about":[{"href":"https:\/\/fadeu.urantiacos.cl\/en\/wp-json\/wp\/v2\/types\/post"}],"author":[{"embeddable":true,"href":"https:\/\/fadeu.urantiacos.cl\/en\/wp-json\/wp\/v2\/users\/1"}],"replies":[{"embeddable":true,"href":"https:\/\/fadeu.urantiacos.cl\/en\/wp-json\/wp\/v2\/comments?post=10672"}],"version-history":[{"count":1,"href":"https:\/\/fadeu.urantiacos.cl\/en\/wp-json\/wp\/v2\/posts\/10672\/revisions"}],"predecessor-version":[{"id":10675,"href":"https:\/\/fadeu.urantiacos.cl\/en\/wp-json\/wp\/v2\/posts\/10672\/revisions\/10675"}],"wp:featuredmedia":[{"embeddable":true,"href":"https:\/\/fadeu.urantiacos.cl\/en\/wp-json\/wp\/v2\/media\/10673"}],"wp:attachment":[{"href":"https:\/\/fadeu.urantiacos.cl\/en\/wp-json\/wp\/v2\/media?parent=10672"}],"wp:term":[{"taxonomy":"category","embeddable":true,"href":"https:\/\/fadeu.urantiacos.cl\/en\/wp-json\/wp\/v2\/categories?post=10672"},{"taxonomy":"post_tag","embeddable":true,"href":"https:\/\/fadeu.urantiacos.cl\/en\/wp-json\/wp\/v2\/tags?post=10672"}],"curies":[{"name":"wp","href":"https:\/\/api.w.org\/{rel}","templated":true}]}}