{"id":10215,"date":"2019-10-07T15:37:00","date_gmt":"2019-10-07T18:37:00","guid":{"rendered":"https:\/\/fadeu.urantiacos.cl\/?p=10215"},"modified":"2023-09-15T16:03:37","modified_gmt":"2023-09-15T19:03:37","slug":"profesores-y-estudiantes-arq-uc-participaron-en-workshop-internacional-organizado-por-la-ku-leuven-belgica","status":"publish","type":"post","link":"https:\/\/fadeu.urantiacos.cl\/en\/2019\/10\/07\/profesores-y-estudiantes-arq-uc-participaron-en-workshop-internacional-organizado-por-la-ku-leuven-belgica\/","title":{"rendered":"Profesores y estudiantes ARQ UC participaron en workshop internacional organizado por la KU Leuven, B\u00e9lgica"},"content":{"rendered":"\n<figure class=\"wp-block-image size-full\"><img decoding=\"async\" width=\"350\" height=\"250\" src=\"https:\/\/fadeu.urantiacos.cl\/wp-content\/uploads\/2023\/09\/Workshop_Revisiting_the_Flemish_Modern_Project_2_web.jpg\" alt=\"\" class=\"wp-image-10216\" srcset=\"https:\/\/fadeu.urantiacos.cl\/wp-content\/uploads\/2023\/09\/Workshop_Revisiting_the_Flemish_Modern_Project_2_web.jpg 350w, https:\/\/fadeu.urantiacos.cl\/wp-content\/uploads\/2023\/09\/Workshop_Revisiting_the_Flemish_Modern_Project_2_web-300x214.jpg 300w\" sizes=\"(max-width: 350px) 100vw, 350px\" \/><\/figure>\n\n\n\n<p>Umberto Bonomo, Director del Centro del Patrimonio Cultural UC y profesor de la Escuela de Arquitectura UC, form\u00f3 parte del comit\u00e9 organizador del evento y gui\u00f3 junto a Guillermo Rojas, profesor y coordinador acad\u00e9mico ARQ UC, el equipo que represent\u00f3 a la escuela en el workshop, el que estuvo integrado por los estudiantes Stefano Rossi, Pedro Stekel, Joaqu\u00edn Carrasco y Maite Raschilla.<\/p>\n\n\n\n<p>Este workshop fue una iniciativa liderada por el arquitecto y profesor de la KU Leuven,&nbsp;Martino Tattara (DOGMA), en la que participaron en conjunto la&nbsp;Escuela de Arquitectura UC y el Centro del Patrimonio UC, representando a la Pontificia Universidad Cat\u00f3lica de Chile, junto al Polit\u00e9cnico di Torino (Italia) y la Technische Universit\u00e4t Wien (Austria).<\/p>\n\n\n\n<p>El workshop tuvo como objetivo ampliar el debate sobre la futura transformaci\u00f3n de las urbanizaciones de viviendas sociales en Flandes, ofreciendo la oportunidad para que estudiantes de arquitectura participaran en el estudio de casos reales que actualmente se encuentran en el centro de la planificaci\u00f3n y del debate arquitect\u00f3nico. Para ello, los participantes trabajaron sobre 4 proyectos de vivienda social en Flandes (Amberes y Gante) y en la Regi\u00f3n Capital de Bruselas, promoviendo propuestas de dise\u00f1o transformadoras y estrategias innovadoras, tales como: renovaci\u00f3n de los edificios existentes y mejora \/ transformaci\u00f3n de las unidades de vivienda existentes, densificaci\u00f3n de vecindarios de viviendas, integraci\u00f3n de tejido urbano denso con servicios al aire libre de calidad, diversificaci\u00f3n de tipolog\u00edas de vivienda, reflexi\u00f3n sobre formas innovadoras de propiedad y gesti\u00f3n para otorgar asequibilidad, integraci\u00f3n de actividades de vida y productivas en entornos urbanos y periurbanos.<\/p>\n\n\n\n<figure class=\"wp-block-image size-full\"><img decoding=\"async\" width=\"1024\" height=\"683\" src=\"https:\/\/fadeu.urantiacos.cl\/wp-content\/uploads\/2023\/09\/Workshop_Revisiting_the_Flemish_Modern_Project_1.jpg\" alt=\"\" class=\"wp-image-10217\" srcset=\"https:\/\/fadeu.urantiacos.cl\/wp-content\/uploads\/2023\/09\/Workshop_Revisiting_the_Flemish_Modern_Project_1.jpg 1024w, https:\/\/fadeu.urantiacos.cl\/wp-content\/uploads\/2023\/09\/Workshop_Revisiting_the_Flemish_Modern_Project_1-300x200.jpg 300w, https:\/\/fadeu.urantiacos.cl\/wp-content\/uploads\/2023\/09\/Workshop_Revisiting_the_Flemish_Modern_Project_1-768x512.jpg 768w\" sizes=\"(max-width: 1024px) 100vw, 1024px\" \/><\/figure>\n\n\n\n<figure class=\"wp-block-image size-full\"><img decoding=\"async\" width=\"1024\" height=\"683\" src=\"https:\/\/fadeu.urantiacos.cl\/wp-content\/uploads\/2023\/09\/Workshop_Revisiting_the_Flemish_Modern_Project_2.jpg\" alt=\"\" class=\"wp-image-10218\" srcset=\"https:\/\/fadeu.urantiacos.cl\/wp-content\/uploads\/2023\/09\/Workshop_Revisiting_the_Flemish_Modern_Project_2.jpg 1024w, https:\/\/fadeu.urantiacos.cl\/wp-content\/uploads\/2023\/09\/Workshop_Revisiting_the_Flemish_Modern_Project_2-300x200.jpg 300w, https:\/\/fadeu.urantiacos.cl\/wp-content\/uploads\/2023\/09\/Workshop_Revisiting_the_Flemish_Modern_Project_2-768x512.jpg 768w\" sizes=\"(max-width: 1024px) 100vw, 1024px\" \/><\/figure>\n\n\n\n<figure class=\"wp-block-image size-full\"><img decoding=\"async\" width=\"1024\" height=\"683\" src=\"https:\/\/fadeu.urantiacos.cl\/wp-content\/uploads\/2023\/09\/Workshop_Revisiting_the_Flemish_Modern_Project_3.jpg\" alt=\"\" class=\"wp-image-10219\" srcset=\"https:\/\/fadeu.urantiacos.cl\/wp-content\/uploads\/2023\/09\/Workshop_Revisiting_the_Flemish_Modern_Project_3.jpg 1024w, https:\/\/fadeu.urantiacos.cl\/wp-content\/uploads\/2023\/09\/Workshop_Revisiting_the_Flemish_Modern_Project_3-300x200.jpg 300w, https:\/\/fadeu.urantiacos.cl\/wp-content\/uploads\/2023\/09\/Workshop_Revisiting_the_Flemish_Modern_Project_3-768x512.jpg 768w\" sizes=\"(max-width: 1024px) 100vw, 1024px\" \/><\/figure>\n\n\n\n<p>Fotograf\u00edas \u00a9Umberto Bonomo<\/p>\n\n\n\n<p>Noticias<\/p>\n\n\n\n<p>Contacto:&nbsp;<a href=\"mailto:redesarq@uc.cl\">redesarq@uc.cl<\/a>&nbsp;| +56 2 2354 7747<br>www.arquitectura.uc.cla<\/p>\n","protected":false},"excerpt":{"rendered":"<p>Entre los d\u00edas 3 y 13 de septiembre se desarroll\u00f3 en la ciudad de Gent, B\u00e9lgica, el workshop internacional \u201cRevisiting the Flemish Modern Project SOCIAL HOUSING PROGRAM AND PROJECT AREAS\u201c, referido a vivienda colectiva de posguerra en B\u00e9lgica, organizado por la Facultad de Arquitectura, KU Leuven, instituci\u00f3n con la que la Escuela de Arquitectura UC posee un programa de intercambio.<\/p>\n","protected":false},"author":1,"featured_media":10216,"comment_status":"open","ping_status":"open","sticky":false,"template":"","format":"standard","meta":{"_acf_changed":false,"footnotes":""},"categories":[1],"tags":[],"class_list":["post-10215","post","type-post","status-publish","format-standard","has-post-thumbnail","hentry","category-sin-categorizar"],"acf":[],"yoast_head":"<!-- This site is optimized with the Yoast SEO plugin v27.1.1 - https:\/\/yoast.com\/product\/yoast-seo-wordpress\/ -->\n<title>Profesores y estudiantes ARQ UC participaron en workshop internacional organizado por la KU Leuven, B\u00e9lgica - Facultad de Arquitectura, Dise\u00f1o y Estudios Urbanos<\/title>\n<meta name=\"description\" content=\"Entre los d\u00edas 3 y 13 de septiembre se desarroll\u00f3 en la ciudad de Gent, B\u00e9lgica, el workshop internacional \u201cRevisiting the Flemish Modern Project SOCIAL HOUSING PROGRAM AND PROJECT AREAS\u201c, referido a vivienda colectiva de posguerra en B\u00e9lgica, organizado por la Facultad de Arquitectura, KU Leuven, instituci\u00f3n con la que la Escuela de Arquitectura UC posee un programa de intercambio.\" \/>\n<meta name=\"robots\" content=\"index, follow, max-snippet:-1, max-image-preview:large, max-video-preview:-1\" \/>\n<link rel=\"canonical\" href=\"https:\/\/fadeu.urantiacos.cl\/en\/2019\/10\/07\/profesores-y-estudiantes-arq-uc-participaron-en-workshop-internacional-organizado-por-la-ku-leuven-belgica\/\" \/>\n<meta property=\"og:locale\" content=\"en_US\" \/>\n<meta property=\"og:type\" content=\"article\" \/>\n<meta property=\"og:title\" content=\"Profesores y estudiantes ARQ UC participaron en workshop internacional organizado por la KU Leuven, B\u00e9lgica - Facultad de Arquitectura, Dise\u00f1o y Estudios Urbanos\" \/>\n<meta property=\"og:description\" content=\"Entre los d\u00edas 3 y 13 de septiembre se desarroll\u00f3 en la ciudad de Gent, B\u00e9lgica, el workshop internacional \u201cRevisiting the Flemish Modern Project SOCIAL HOUSING PROGRAM AND PROJECT AREAS\u201c, referido a vivienda colectiva de posguerra en B\u00e9lgica, organizado por la Facultad de Arquitectura, KU Leuven, instituci\u00f3n con la que la Escuela de Arquitectura UC posee un programa de intercambio.\" \/>\n<meta property=\"og:url\" content=\"https:\/\/fadeu.urantiacos.cl\/en\/2019\/10\/07\/profesores-y-estudiantes-arq-uc-participaron-en-workshop-internacional-organizado-por-la-ku-leuven-belgica\/\" \/>\n<meta property=\"og:site_name\" content=\"Facultad de Arquitectura, Dise\u00f1o y Estudios Urbanos\" \/>\n<meta property=\"article:published_time\" content=\"2019-10-07T18:37:00+00:00\" \/>\n<meta property=\"article:modified_time\" content=\"2023-09-15T19:03:37+00:00\" \/>\n<meta property=\"og:image\" content=\"https:\/\/fadeu.urantiacos.cl\/wp-content\/uploads\/2023\/09\/Workshop_Revisiting_the_Flemish_Modern_Project_2_web.jpg\" \/>\n\t<meta property=\"og:image:width\" content=\"350\" \/>\n\t<meta property=\"og:image:height\" content=\"250\" \/>\n\t<meta property=\"og:image:type\" content=\"image\/jpeg\" \/>\n<meta name=\"author\" content=\"manadmin\" \/>\n<meta name=\"twitter:card\" content=\"summary_large_image\" \/>\n<meta name=\"twitter:label1\" content=\"Written by\" \/>\n\t<meta name=\"twitter:data1\" content=\"manadmin\" \/>\n\t<meta name=\"twitter:label2\" content=\"Est. reading time\" \/>\n\t<meta name=\"twitter:data2\" content=\"1 minute\" \/>\n<script type=\"application\/ld+json\" class=\"yoast-schema-graph\">{\"@context\":\"https:\/\/schema.org\",\"@graph\":[{\"@type\":\"Article\",\"@id\":\"https:\/\/fadeu.urantiacos.cl\/en\/2019\/10\/07\/profesores-y-estudiantes-arq-uc-participaron-en-workshop-internacional-organizado-por-la-ku-leuven-belgica\/#article\",\"isPartOf\":{\"@id\":\"https:\/\/fadeu.urantiacos.cl\/en\/2019\/10\/07\/profesores-y-estudiantes-arq-uc-participaron-en-workshop-internacional-organizado-por-la-ku-leuven-belgica\/\"},\"author\":{\"name\":\"manadmin\",\"@id\":\"https:\/\/fadeu.urantiacos.cl\/en\/#\/schema\/person\/d203e2e84b1c40275eac77b3061a19a2\"},\"headline\":\"Profesores y estudiantes ARQ UC participaron en workshop internacional organizado por la KU Leuven, B\u00e9lgica\",\"datePublished\":\"2019-10-07T18:37:00+00:00\",\"dateModified\":\"2023-09-15T19:03:37+00:00\",\"mainEntityOfPage\":{\"@id\":\"https:\/\/fadeu.urantiacos.cl\/en\/2019\/10\/07\/profesores-y-estudiantes-arq-uc-participaron-en-workshop-internacional-organizado-por-la-ku-leuven-belgica\/\"},\"wordCount\":309,\"commentCount\":0,\"image\":{\"@id\":\"https:\/\/fadeu.urantiacos.cl\/en\/2019\/10\/07\/profesores-y-estudiantes-arq-uc-participaron-en-workshop-internacional-organizado-por-la-ku-leuven-belgica\/#primaryimage\"},\"thumbnailUrl\":\"https:\/\/fadeu.urantiacos.cl\/wp-content\/uploads\/2023\/09\/Workshop_Revisiting_the_Flemish_Modern_Project_2_web.jpg\",\"articleSection\":[\"Sin categorizar\"],\"inLanguage\":\"en-US\",\"potentialAction\":[{\"@type\":\"CommentAction\",\"name\":\"Comment\",\"target\":[\"https:\/\/fadeu.urantiacos.cl\/en\/2019\/10\/07\/profesores-y-estudiantes-arq-uc-participaron-en-workshop-internacional-organizado-por-la-ku-leuven-belgica\/#respond\"]}]},{\"@type\":\"WebPage\",\"@id\":\"https:\/\/fadeu.urantiacos.cl\/en\/2019\/10\/07\/profesores-y-estudiantes-arq-uc-participaron-en-workshop-internacional-organizado-por-la-ku-leuven-belgica\/\",\"url\":\"https:\/\/fadeu.urantiacos.cl\/en\/2019\/10\/07\/profesores-y-estudiantes-arq-uc-participaron-en-workshop-internacional-organizado-por-la-ku-leuven-belgica\/\",\"name\":\"Profesores y estudiantes ARQ UC participaron en workshop internacional organizado por la KU Leuven, B\u00e9lgica - Facultad de Arquitectura, Dise\u00f1o y Estudios Urbanos\",\"isPartOf\":{\"@id\":\"https:\/\/fadeu.urantiacos.cl\/en\/#website\"},\"primaryImageOfPage\":{\"@id\":\"https:\/\/fadeu.urantiacos.cl\/en\/2019\/10\/07\/profesores-y-estudiantes-arq-uc-participaron-en-workshop-internacional-organizado-por-la-ku-leuven-belgica\/#primaryimage\"},\"image\":{\"@id\":\"https:\/\/fadeu.urantiacos.cl\/en\/2019\/10\/07\/profesores-y-estudiantes-arq-uc-participaron-en-workshop-internacional-organizado-por-la-ku-leuven-belgica\/#primaryimage\"},\"thumbnailUrl\":\"https:\/\/fadeu.urantiacos.cl\/wp-content\/uploads\/2023\/09\/Workshop_Revisiting_the_Flemish_Modern_Project_2_web.jpg\",\"datePublished\":\"2019-10-07T18:37:00+00:00\",\"dateModified\":\"2023-09-15T19:03:37+00:00\",\"author\":{\"@id\":\"https:\/\/fadeu.urantiacos.cl\/en\/#\/schema\/person\/d203e2e84b1c40275eac77b3061a19a2\"},\"description\":\"Entre los d\u00edas 3 y 13 de septiembre se desarroll\u00f3 en la ciudad de Gent, B\u00e9lgica, el workshop internacional \u201cRevisiting the Flemish Modern Project SOCIAL HOUSING PROGRAM AND PROJECT AREAS\u201c, referido a vivienda colectiva de posguerra en B\u00e9lgica, organizado por la Facultad de Arquitectura, KU Leuven, instituci\u00f3n con la que la Escuela de Arquitectura UC posee un programa de intercambio.\",\"breadcrumb\":{\"@id\":\"https:\/\/fadeu.urantiacos.cl\/en\/2019\/10\/07\/profesores-y-estudiantes-arq-uc-participaron-en-workshop-internacional-organizado-por-la-ku-leuven-belgica\/#breadcrumb\"},\"inLanguage\":\"en-US\",\"potentialAction\":[{\"@type\":\"ReadAction\",\"target\":[\"https:\/\/fadeu.urantiacos.cl\/en\/2019\/10\/07\/profesores-y-estudiantes-arq-uc-participaron-en-workshop-internacional-organizado-por-la-ku-leuven-belgica\/\"]}]},{\"@type\":\"ImageObject\",\"inLanguage\":\"en-US\",\"@id\":\"https:\/\/fadeu.urantiacos.cl\/en\/2019\/10\/07\/profesores-y-estudiantes-arq-uc-participaron-en-workshop-internacional-organizado-por-la-ku-leuven-belgica\/#primaryimage\",\"url\":\"https:\/\/fadeu.urantiacos.cl\/wp-content\/uploads\/2023\/09\/Workshop_Revisiting_the_Flemish_Modern_Project_2_web.jpg\",\"contentUrl\":\"https:\/\/fadeu.urantiacos.cl\/wp-content\/uploads\/2023\/09\/Workshop_Revisiting_the_Flemish_Modern_Project_2_web.jpg\",\"width\":350,\"height\":250},{\"@type\":\"BreadcrumbList\",\"@id\":\"https:\/\/fadeu.urantiacos.cl\/en\/2019\/10\/07\/profesores-y-estudiantes-arq-uc-participaron-en-workshop-internacional-organizado-por-la-ku-leuven-belgica\/#breadcrumb\",\"itemListElement\":[{\"@type\":\"ListItem\",\"position\":1,\"name\":\"Portada\",\"item\":\"https:\/\/fadeu.urantiacos.cl\/en\/\"},{\"@type\":\"ListItem\",\"position\":2,\"name\":\"Profesores y estudiantes ARQ UC participaron en workshop internacional organizado por la KU Leuven, B\u00e9lgica\"}]},{\"@type\":\"WebSite\",\"@id\":\"https:\/\/fadeu.urantiacos.cl\/en\/#website\",\"url\":\"https:\/\/fadeu.urantiacos.cl\/en\/\",\"name\":\"Facultad de Arquitectura, Dise\u00f1o y Estudios Urbanos\",\"description\":\"Campus Lo Contador\",\"potentialAction\":[{\"@type\":\"SearchAction\",\"target\":{\"@type\":\"EntryPoint\",\"urlTemplate\":\"https:\/\/fadeu.urantiacos.cl\/en\/?s={search_term_string}\"},\"query-input\":{\"@type\":\"PropertyValueSpecification\",\"valueRequired\":true,\"valueName\":\"search_term_string\"}}],\"inLanguage\":\"en-US\"},{\"@type\":\"Person\",\"@id\":\"https:\/\/fadeu.urantiacos.cl\/en\/#\/schema\/person\/d203e2e84b1c40275eac77b3061a19a2\",\"name\":\"manadmin\",\"image\":{\"@type\":\"ImageObject\",\"inLanguage\":\"en-US\",\"@id\":\"https:\/\/fadeu.urantiacos.cl\/en\/#\/schema\/person\/image\/\",\"url\":\"https:\/\/secure.gravatar.com\/avatar\/4b1d8e3303b4a9d8968ac578947d8bc80d9aea359f388cdd4aac15cadc0e8447?s=96&d=mm&r=g\",\"contentUrl\":\"https:\/\/secure.gravatar.com\/avatar\/4b1d8e3303b4a9d8968ac578947d8bc80d9aea359f388cdd4aac15cadc0e8447?s=96&d=mm&r=g\",\"caption\":\"manadmin\"},\"sameAs\":[\"https:\/\/fadeu.urantiacos.cl\"]}]}<\/script>\n<!-- \/ Yoast SEO plugin. -->","yoast_head_json":{"title":"Profesores y estudiantes ARQ UC participaron en workshop internacional organizado por la KU Leuven, B\u00e9lgica - Facultad de Arquitectura, Dise\u00f1o y Estudios Urbanos","description":"Entre los d\u00edas 3 y 13 de septiembre se desarroll\u00f3 en la ciudad de Gent, B\u00e9lgica, el workshop internacional \u201cRevisiting the Flemish Modern Project SOCIAL HOUSING PROGRAM AND PROJECT AREAS\u201c, referido a vivienda colectiva de posguerra en B\u00e9lgica, organizado por la Facultad de Arquitectura, KU Leuven, instituci\u00f3n con la que la Escuela de Arquitectura UC posee un programa de intercambio.","robots":{"index":"index","follow":"follow","max-snippet":"max-snippet:-1","max-image-preview":"max-image-preview:large","max-video-preview":"max-video-preview:-1"},"canonical":"https:\/\/fadeu.urantiacos.cl\/en\/2019\/10\/07\/profesores-y-estudiantes-arq-uc-participaron-en-workshop-internacional-organizado-por-la-ku-leuven-belgica\/","og_locale":"en_US","og_type":"article","og_title":"Profesores y estudiantes ARQ UC participaron en workshop internacional organizado por la KU Leuven, B\u00e9lgica - Facultad de Arquitectura, Dise\u00f1o y Estudios Urbanos","og_description":"Entre los d\u00edas 3 y 13 de septiembre se desarroll\u00f3 en la ciudad de Gent, B\u00e9lgica, el workshop internacional \u201cRevisiting the Flemish Modern Project SOCIAL HOUSING PROGRAM AND PROJECT AREAS\u201c, referido a vivienda colectiva de posguerra en B\u00e9lgica, organizado por la Facultad de Arquitectura, KU Leuven, instituci\u00f3n con la que la Escuela de Arquitectura UC posee un programa de intercambio.","og_url":"https:\/\/fadeu.urantiacos.cl\/en\/2019\/10\/07\/profesores-y-estudiantes-arq-uc-participaron-en-workshop-internacional-organizado-por-la-ku-leuven-belgica\/","og_site_name":"Facultad de Arquitectura, Dise\u00f1o y Estudios Urbanos","article_published_time":"2019-10-07T18:37:00+00:00","article_modified_time":"2023-09-15T19:03:37+00:00","og_image":[{"width":350,"height":250,"url":"https:\/\/fadeu.urantiacos.cl\/wp-content\/uploads\/2023\/09\/Workshop_Revisiting_the_Flemish_Modern_Project_2_web.jpg","type":"image\/jpeg"}],"author":"manadmin","twitter_card":"summary_large_image","twitter_misc":{"Written by":"manadmin","Est. reading time":"1 minute"},"schema":{"@context":"https:\/\/schema.org","@graph":[{"@type":"Article","@id":"https:\/\/fadeu.urantiacos.cl\/en\/2019\/10\/07\/profesores-y-estudiantes-arq-uc-participaron-en-workshop-internacional-organizado-por-la-ku-leuven-belgica\/#article","isPartOf":{"@id":"https:\/\/fadeu.urantiacos.cl\/en\/2019\/10\/07\/profesores-y-estudiantes-arq-uc-participaron-en-workshop-internacional-organizado-por-la-ku-leuven-belgica\/"},"author":{"name":"manadmin","@id":"https:\/\/fadeu.urantiacos.cl\/en\/#\/schema\/person\/d203e2e84b1c40275eac77b3061a19a2"},"headline":"Profesores y estudiantes ARQ UC participaron en workshop internacional organizado por la KU Leuven, B\u00e9lgica","datePublished":"2019-10-07T18:37:00+00:00","dateModified":"2023-09-15T19:03:37+00:00","mainEntityOfPage":{"@id":"https:\/\/fadeu.urantiacos.cl\/en\/2019\/10\/07\/profesores-y-estudiantes-arq-uc-participaron-en-workshop-internacional-organizado-por-la-ku-leuven-belgica\/"},"wordCount":309,"commentCount":0,"image":{"@id":"https:\/\/fadeu.urantiacos.cl\/en\/2019\/10\/07\/profesores-y-estudiantes-arq-uc-participaron-en-workshop-internacional-organizado-por-la-ku-leuven-belgica\/#primaryimage"},"thumbnailUrl":"https:\/\/fadeu.urantiacos.cl\/wp-content\/uploads\/2023\/09\/Workshop_Revisiting_the_Flemish_Modern_Project_2_web.jpg","articleSection":["Sin categorizar"],"inLanguage":"en-US","potentialAction":[{"@type":"CommentAction","name":"Comment","target":["https:\/\/fadeu.urantiacos.cl\/en\/2019\/10\/07\/profesores-y-estudiantes-arq-uc-participaron-en-workshop-internacional-organizado-por-la-ku-leuven-belgica\/#respond"]}]},{"@type":"WebPage","@id":"https:\/\/fadeu.urantiacos.cl\/en\/2019\/10\/07\/profesores-y-estudiantes-arq-uc-participaron-en-workshop-internacional-organizado-por-la-ku-leuven-belgica\/","url":"https:\/\/fadeu.urantiacos.cl\/en\/2019\/10\/07\/profesores-y-estudiantes-arq-uc-participaron-en-workshop-internacional-organizado-por-la-ku-leuven-belgica\/","name":"Profesores y estudiantes ARQ UC participaron en workshop internacional organizado por la KU Leuven, B\u00e9lgica - Facultad de Arquitectura, Dise\u00f1o y Estudios Urbanos","isPartOf":{"@id":"https:\/\/fadeu.urantiacos.cl\/en\/#website"},"primaryImageOfPage":{"@id":"https:\/\/fadeu.urantiacos.cl\/en\/2019\/10\/07\/profesores-y-estudiantes-arq-uc-participaron-en-workshop-internacional-organizado-por-la-ku-leuven-belgica\/#primaryimage"},"image":{"@id":"https:\/\/fadeu.urantiacos.cl\/en\/2019\/10\/07\/profesores-y-estudiantes-arq-uc-participaron-en-workshop-internacional-organizado-por-la-ku-leuven-belgica\/#primaryimage"},"thumbnailUrl":"https:\/\/fadeu.urantiacos.cl\/wp-content\/uploads\/2023\/09\/Workshop_Revisiting_the_Flemish_Modern_Project_2_web.jpg","datePublished":"2019-10-07T18:37:00+00:00","dateModified":"2023-09-15T19:03:37+00:00","author":{"@id":"https:\/\/fadeu.urantiacos.cl\/en\/#\/schema\/person\/d203e2e84b1c40275eac77b3061a19a2"},"description":"Entre los d\u00edas 3 y 13 de septiembre se desarroll\u00f3 en la ciudad de Gent, B\u00e9lgica, el workshop internacional \u201cRevisiting the Flemish Modern Project SOCIAL HOUSING PROGRAM AND PROJECT AREAS\u201c, referido a vivienda colectiva de posguerra en B\u00e9lgica, organizado por la Facultad de Arquitectura, KU Leuven, instituci\u00f3n con la que la Escuela de Arquitectura UC posee un programa de intercambio.","breadcrumb":{"@id":"https:\/\/fadeu.urantiacos.cl\/en\/2019\/10\/07\/profesores-y-estudiantes-arq-uc-participaron-en-workshop-internacional-organizado-por-la-ku-leuven-belgica\/#breadcrumb"},"inLanguage":"en-US","potentialAction":[{"@type":"ReadAction","target":["https:\/\/fadeu.urantiacos.cl\/en\/2019\/10\/07\/profesores-y-estudiantes-arq-uc-participaron-en-workshop-internacional-organizado-por-la-ku-leuven-belgica\/"]}]},{"@type":"ImageObject","inLanguage":"en-US","@id":"https:\/\/fadeu.urantiacos.cl\/en\/2019\/10\/07\/profesores-y-estudiantes-arq-uc-participaron-en-workshop-internacional-organizado-por-la-ku-leuven-belgica\/#primaryimage","url":"https:\/\/fadeu.urantiacos.cl\/wp-content\/uploads\/2023\/09\/Workshop_Revisiting_the_Flemish_Modern_Project_2_web.jpg","contentUrl":"https:\/\/fadeu.urantiacos.cl\/wp-content\/uploads\/2023\/09\/Workshop_Revisiting_the_Flemish_Modern_Project_2_web.jpg","width":350,"height":250},{"@type":"BreadcrumbList","@id":"https:\/\/fadeu.urantiacos.cl\/en\/2019\/10\/07\/profesores-y-estudiantes-arq-uc-participaron-en-workshop-internacional-organizado-por-la-ku-leuven-belgica\/#breadcrumb","itemListElement":[{"@type":"ListItem","position":1,"name":"Portada","item":"https:\/\/fadeu.urantiacos.cl\/en\/"},{"@type":"ListItem","position":2,"name":"Profesores y estudiantes ARQ UC participaron en workshop internacional organizado por la KU Leuven, B\u00e9lgica"}]},{"@type":"WebSite","@id":"https:\/\/fadeu.urantiacos.cl\/en\/#website","url":"https:\/\/fadeu.urantiacos.cl\/en\/","name":"Facultad de Arquitectura, Dise\u00f1o y Estudios Urbanos","description":"Campus Lo Contador","potentialAction":[{"@type":"SearchAction","target":{"@type":"EntryPoint","urlTemplate":"https:\/\/fadeu.urantiacos.cl\/en\/?s={search_term_string}"},"query-input":{"@type":"PropertyValueSpecification","valueRequired":true,"valueName":"search_term_string"}}],"inLanguage":"en-US"},{"@type":"Person","@id":"https:\/\/fadeu.urantiacos.cl\/en\/#\/schema\/person\/d203e2e84b1c40275eac77b3061a19a2","name":"manadmin","image":{"@type":"ImageObject","inLanguage":"en-US","@id":"https:\/\/fadeu.urantiacos.cl\/en\/#\/schema\/person\/image\/","url":"https:\/\/secure.gravatar.com\/avatar\/4b1d8e3303b4a9d8968ac578947d8bc80d9aea359f388cdd4aac15cadc0e8447?s=96&d=mm&r=g","contentUrl":"https:\/\/secure.gravatar.com\/avatar\/4b1d8e3303b4a9d8968ac578947d8bc80d9aea359f388cdd4aac15cadc0e8447?s=96&d=mm&r=g","caption":"manadmin"},"sameAs":["https:\/\/fadeu.urantiacos.cl"]}]}},"_links":{"self":[{"href":"https:\/\/fadeu.urantiacos.cl\/en\/wp-json\/wp\/v2\/posts\/10215","targetHints":{"allow":["GET"]}}],"collection":[{"href":"https:\/\/fadeu.urantiacos.cl\/en\/wp-json\/wp\/v2\/posts"}],"about":[{"href":"https:\/\/fadeu.urantiacos.cl\/en\/wp-json\/wp\/v2\/types\/post"}],"author":[{"embeddable":true,"href":"https:\/\/fadeu.urantiacos.cl\/en\/wp-json\/wp\/v2\/users\/1"}],"replies":[{"embeddable":true,"href":"https:\/\/fadeu.urantiacos.cl\/en\/wp-json\/wp\/v2\/comments?post=10215"}],"version-history":[{"count":1,"href":"https:\/\/fadeu.urantiacos.cl\/en\/wp-json\/wp\/v2\/posts\/10215\/revisions"}],"predecessor-version":[{"id":10220,"href":"https:\/\/fadeu.urantiacos.cl\/en\/wp-json\/wp\/v2\/posts\/10215\/revisions\/10220"}],"wp:featuredmedia":[{"embeddable":true,"href":"https:\/\/fadeu.urantiacos.cl\/en\/wp-json\/wp\/v2\/media\/10216"}],"wp:attachment":[{"href":"https:\/\/fadeu.urantiacos.cl\/en\/wp-json\/wp\/v2\/media?parent=10215"}],"wp:term":[{"taxonomy":"category","embeddable":true,"href":"https:\/\/fadeu.urantiacos.cl\/en\/wp-json\/wp\/v2\/categories?post=10215"},{"taxonomy":"post_tag","embeddable":true,"href":"https:\/\/fadeu.urantiacos.cl\/en\/wp-json\/wp\/v2\/tags?post=10215"}],"curies":[{"name":"wp","href":"https:\/\/api.w.org\/{rel}","templated":true}]}}