{"id":10209,"date":"2019-10-07T15:33:00","date_gmt":"2019-10-07T18:33:00","guid":{"rendered":"https:\/\/fadeu.urantiacos.cl\/?p=10209"},"modified":"2023-09-15T15:37:35","modified_gmt":"2023-09-15T18:37:35","slug":"alejandro-aravena-recibio-el-j-c-nichols-prize-for-visionaries-in-urban-development-2019","status":"publish","type":"post","link":"https:\/\/fadeu.urantiacos.cl\/en\/2019\/10\/07\/alejandro-aravena-recibio-el-j-c-nichols-prize-for-visionaries-in-urban-development-2019\/","title":{"rendered":"Alejandro Aravena recibi\u00f3 el J.C. Nichols Prize for Visionaries in Urban Development 2019"},"content":{"rendered":"\n<figure class=\"wp-block-image size-full\"><img decoding=\"async\" width=\"350\" height=\"250\" src=\"https:\/\/fadeu.urantiacos.cl\/wp-content\/uploads\/2023\/09\/aravena_premio_arq_web.jpg\" alt=\"\" class=\"wp-image-10210\" srcset=\"https:\/\/fadeu.urantiacos.cl\/wp-content\/uploads\/2023\/09\/aravena_premio_arq_web.jpg 350w, https:\/\/fadeu.urantiacos.cl\/wp-content\/uploads\/2023\/09\/aravena_premio_arq_web-300x214.jpg 300w\" sizes=\"(max-width: 350px) 100vw, 350px\" \/><\/figure>\n\n\n\n<p>El premio&nbsp;ULI J.C. Nichols&nbsp;fue establecido para reconocer a una persona, o persona que representa a una instituci\u00f3n, cuya carrera demuestra un compromiso con los m\u00e1s altos est\u00e1ndares de desarrollo responsable.&nbsp;El premio&nbsp;honra el legado del desarrollador J.C. Nichols de Kansas City, Missouri, miembro fundador de ULI, quien fue considerado uno de los empresarios m\u00e1s creativos de Estados Unidos en el uso de la tierra durante la primera mitad del siglo XX.<\/p>\n\n\n\n<p>Alejandro Aravena, quien es el primer latinoamericano en recibir el premio, ha sido galardonado por &#8220;su visi\u00f3n de excelencia en el campo del desarrollo, por su trabajo inspirador e interdisciplinario relacionado con la resiliencia, la sostenibilidad y la vivienda incremental, y por su&nbsp;compromiso con la creaci\u00f3n de un entorno construido de la m\u00e1s alta calidad llevando al mejoramiento de la sociedad&#8221;.&nbsp;<\/p>\n\n\n\n<p><strong>Alejandro Aravena<\/strong><\/p>\n\n\n\n<p>Arquitecto de la Pontificia Universidad Cat\u00f3lica de Chile con estudios de postgrado en el Instituto Universitario di Venezia. Galardonado con el premio Pritzker en 2016, entre sus reconocimientos est\u00e1n la medalla Erich Schelling en 2006, el Le\u00f3n de Plata en la XI Bienal de Venecia de 2008, el Index Award en Dinamarca en 2011, el premio RIBA Charles Jencks en 2018 y el premio J.C. Nichols for Visionaries in Urban Development 2019 otorgado por el Urban Land Institute (ULI).<\/p>\n\n\n\n<p>Fue nombrado International Fellow por el Royal Institute of British Architects y ha sido profesor en diversas universidades, entre ellas el GSD de Harvard. Actualmente es director ejecutivo de ELEMENTAL, un do tank que aborda proyectos de diferentes escalas, entendi\u00e9ndolos como una oportunidad para extender los beneficios de la ciudad a todos.<\/p>\n\n\n\n<p>Mayor informaci\u00f3n en este&nbsp;<a href=\"https:\/\/urbanland.uli.org\/planning-design\/architect-alejandro-aravena-chosen-for-2019-uli-j-c-nichols-prize-for-visionaries-in-urban-development\/\">link<\/a><\/p>\n\n\n\n<p>Fotograf\u00edas del d\u00eda del evento en este&nbsp;<a href=\"https:\/\/www.facebook.com\/ULIGlobal\/posts\/10156912666573138\">link<\/a><\/p>\n\n\n\n<figure class=\"wp-block-image size-full\"><img decoding=\"async\" width=\"1000\" height=\"1000\" src=\"https:\/\/fadeu.urantiacos.cl\/wp-content\/uploads\/2023\/09\/70463554_10156912666393138_5177992918287253504_o.jpg\" alt=\"\" class=\"wp-image-10211\" srcset=\"https:\/\/fadeu.urantiacos.cl\/wp-content\/uploads\/2023\/09\/70463554_10156912666393138_5177992918287253504_o.jpg 1000w, https:\/\/fadeu.urantiacos.cl\/wp-content\/uploads\/2023\/09\/70463554_10156912666393138_5177992918287253504_o-300x300.jpg 300w, https:\/\/fadeu.urantiacos.cl\/wp-content\/uploads\/2023\/09\/70463554_10156912666393138_5177992918287253504_o-150x150.jpg 150w, https:\/\/fadeu.urantiacos.cl\/wp-content\/uploads\/2023\/09\/70463554_10156912666393138_5177992918287253504_o-768x768.jpg 768w\" sizes=\"(max-width: 1000px) 100vw, 1000px\" \/><\/figure>\n\n\n\n<figure class=\"wp-block-image size-full\"><img decoding=\"async\" width=\"1000\" height=\"1000\" src=\"https:\/\/fadeu.urantiacos.cl\/wp-content\/uploads\/2023\/09\/69549480_10156912666443138_4714516881342464000_o.jpg\" alt=\"\" class=\"wp-image-10212\" srcset=\"https:\/\/fadeu.urantiacos.cl\/wp-content\/uploads\/2023\/09\/69549480_10156912666443138_4714516881342464000_o.jpg 1000w, https:\/\/fadeu.urantiacos.cl\/wp-content\/uploads\/2023\/09\/69549480_10156912666443138_4714516881342464000_o-300x300.jpg 300w, https:\/\/fadeu.urantiacos.cl\/wp-content\/uploads\/2023\/09\/69549480_10156912666443138_4714516881342464000_o-150x150.jpg 150w, https:\/\/fadeu.urantiacos.cl\/wp-content\/uploads\/2023\/09\/69549480_10156912666443138_4714516881342464000_o-768x768.jpg 768w\" sizes=\"(max-width: 1000px) 100vw, 1000px\" \/><\/figure>\n\n\n\n<figure class=\"wp-block-image size-full\"><img decoding=\"async\" width=\"1000\" height=\"1000\" src=\"https:\/\/fadeu.urantiacos.cl\/wp-content\/uploads\/2023\/09\/70666141_10156912666428138_7220625226202087424_o.jpg\" alt=\"\" class=\"wp-image-10213\" srcset=\"https:\/\/fadeu.urantiacos.cl\/wp-content\/uploads\/2023\/09\/70666141_10156912666428138_7220625226202087424_o.jpg 1000w, https:\/\/fadeu.urantiacos.cl\/wp-content\/uploads\/2023\/09\/70666141_10156912666428138_7220625226202087424_o-300x300.jpg 300w, https:\/\/fadeu.urantiacos.cl\/wp-content\/uploads\/2023\/09\/70666141_10156912666428138_7220625226202087424_o-150x150.jpg 150w, https:\/\/fadeu.urantiacos.cl\/wp-content\/uploads\/2023\/09\/70666141_10156912666428138_7220625226202087424_o-768x768.jpg 768w\" sizes=\"(max-width: 1000px) 100vw, 1000px\" \/><\/figure>\n\n\n\n<p>Fotograf\u00edas \u00a9Urban Land Institute<\/p>\n\n\n\n<p>Noticias<br>Contacto:&nbsp;<a href=\"mailto:redesarq@uc.cl\">redesarq@uc.cl<\/a>&nbsp;| +56 2 2354 7747<br>www.arquitectura.uc.cl<\/p>\n","protected":false},"excerpt":{"rendered":"<p>Alejandro Aravena, arquitecto y acad\u00e9mico de la Escuela de Arquitectura UC, recibi\u00f3 oficialmente el J.C. Nichols Prize for Visionaries in Urban Development 2019 otorgado por el Urban Land Institute (ULI) y fue orador destacado el pasado 19 de septiembre en el Walter E. Washington Convention Center en el contexto de la 2019 ULI Fall Meeting, reuni\u00f3n que se llev\u00f3 a cabo del 18 al 21 de septiembre en Washington, D.C.<\/p>\n","protected":false},"author":1,"featured_media":10210,"comment_status":"open","ping_status":"open","sticky":false,"template":"","format":"standard","meta":{"_acf_changed":false,"footnotes":""},"categories":[1],"tags":[],"class_list":["post-10209","post","type-post","status-publish","format-standard","has-post-thumbnail","hentry","category-sin-categorizar"],"acf":[],"yoast_head":"<!-- This site is optimized with the Yoast SEO plugin v27.1.1 - https:\/\/yoast.com\/product\/yoast-seo-wordpress\/ -->\n<title>Alejandro Aravena recibi\u00f3 el J.C. Nichols Prize for Visionaries in Urban Development 2019 - Facultad de Arquitectura, Dise\u00f1o y Estudios Urbanos<\/title>\n<meta name=\"description\" content=\"Alejandro Aravena, arquitecto y acad\u00e9mico de la Escuela de Arquitectura UC, recibi\u00f3 oficialmente el J.C. Nichols Prize for Visionaries in Urban Development 2019 otorgado por el Urban Land Institute (ULI) y fue orador destacado el pasado 19 de septiembre en el Walter E. Washington Convention Center en el contexto de la 2019 ULI Fall Meeting, reuni\u00f3n que se llev\u00f3 a cabo del 18 al 21 de septiembre en Washington, D.C.\" \/>\n<meta name=\"robots\" content=\"index, follow, max-snippet:-1, max-image-preview:large, max-video-preview:-1\" \/>\n<link rel=\"canonical\" href=\"https:\/\/fadeu.urantiacos.cl\/en\/2019\/10\/07\/alejandro-aravena-recibio-el-j-c-nichols-prize-for-visionaries-in-urban-development-2019\/\" \/>\n<meta property=\"og:locale\" content=\"en_US\" \/>\n<meta property=\"og:type\" content=\"article\" \/>\n<meta property=\"og:title\" content=\"Alejandro Aravena recibi\u00f3 el J.C. Nichols Prize for Visionaries in Urban Development 2019 - Facultad de Arquitectura, Dise\u00f1o y Estudios Urbanos\" \/>\n<meta property=\"og:description\" content=\"Alejandro Aravena, arquitecto y acad\u00e9mico de la Escuela de Arquitectura UC, recibi\u00f3 oficialmente el J.C. Nichols Prize for Visionaries in Urban Development 2019 otorgado por el Urban Land Institute (ULI) y fue orador destacado el pasado 19 de septiembre en el Walter E. Washington Convention Center en el contexto de la 2019 ULI Fall Meeting, reuni\u00f3n que se llev\u00f3 a cabo del 18 al 21 de septiembre en Washington, D.C.\" \/>\n<meta property=\"og:url\" content=\"https:\/\/fadeu.urantiacos.cl\/en\/2019\/10\/07\/alejandro-aravena-recibio-el-j-c-nichols-prize-for-visionaries-in-urban-development-2019\/\" \/>\n<meta property=\"og:site_name\" content=\"Facultad de Arquitectura, Dise\u00f1o y Estudios Urbanos\" \/>\n<meta property=\"article:published_time\" content=\"2019-10-07T18:33:00+00:00\" \/>\n<meta property=\"article:modified_time\" content=\"2023-09-15T18:37:35+00:00\" \/>\n<meta property=\"og:image\" content=\"https:\/\/fadeu.urantiacos.cl\/wp-content\/uploads\/2023\/09\/aravena_premio_arq_web.jpg\" \/>\n\t<meta property=\"og:image:width\" content=\"350\" \/>\n\t<meta property=\"og:image:height\" content=\"250\" \/>\n\t<meta property=\"og:image:type\" content=\"image\/jpeg\" \/>\n<meta name=\"author\" content=\"manadmin\" \/>\n<meta name=\"twitter:card\" content=\"summary_large_image\" \/>\n<meta name=\"twitter:label1\" content=\"Written by\" \/>\n\t<meta name=\"twitter:data1\" content=\"manadmin\" \/>\n\t<meta name=\"twitter:label2\" content=\"Est. reading time\" \/>\n\t<meta name=\"twitter:data2\" content=\"2 minutes\" \/>\n<script type=\"application\/ld+json\" class=\"yoast-schema-graph\">{\"@context\":\"https:\/\/schema.org\",\"@graph\":[{\"@type\":\"Article\",\"@id\":\"https:\/\/fadeu.urantiacos.cl\/en\/2019\/10\/07\/alejandro-aravena-recibio-el-j-c-nichols-prize-for-visionaries-in-urban-development-2019\/#article\",\"isPartOf\":{\"@id\":\"https:\/\/fadeu.urantiacos.cl\/en\/2019\/10\/07\/alejandro-aravena-recibio-el-j-c-nichols-prize-for-visionaries-in-urban-development-2019\/\"},\"author\":{\"name\":\"manadmin\",\"@id\":\"https:\/\/fadeu.urantiacos.cl\/en\/#\/schema\/person\/d203e2e84b1c40275eac77b3061a19a2\"},\"headline\":\"Alejandro Aravena recibi\u00f3 el J.C. Nichols Prize for Visionaries in Urban Development 2019\",\"datePublished\":\"2019-10-07T18:33:00+00:00\",\"dateModified\":\"2023-09-15T18:37:35+00:00\",\"mainEntityOfPage\":{\"@id\":\"https:\/\/fadeu.urantiacos.cl\/en\/2019\/10\/07\/alejandro-aravena-recibio-el-j-c-nichols-prize-for-visionaries-in-urban-development-2019\/\"},\"wordCount\":329,\"commentCount\":0,\"image\":{\"@id\":\"https:\/\/fadeu.urantiacos.cl\/en\/2019\/10\/07\/alejandro-aravena-recibio-el-j-c-nichols-prize-for-visionaries-in-urban-development-2019\/#primaryimage\"},\"thumbnailUrl\":\"https:\/\/fadeu.urantiacos.cl\/wp-content\/uploads\/2023\/09\/aravena_premio_arq_web.jpg\",\"articleSection\":[\"Sin categorizar\"],\"inLanguage\":\"en-US\",\"potentialAction\":[{\"@type\":\"CommentAction\",\"name\":\"Comment\",\"target\":[\"https:\/\/fadeu.urantiacos.cl\/en\/2019\/10\/07\/alejandro-aravena-recibio-el-j-c-nichols-prize-for-visionaries-in-urban-development-2019\/#respond\"]}]},{\"@type\":\"WebPage\",\"@id\":\"https:\/\/fadeu.urantiacos.cl\/en\/2019\/10\/07\/alejandro-aravena-recibio-el-j-c-nichols-prize-for-visionaries-in-urban-development-2019\/\",\"url\":\"https:\/\/fadeu.urantiacos.cl\/en\/2019\/10\/07\/alejandro-aravena-recibio-el-j-c-nichols-prize-for-visionaries-in-urban-development-2019\/\",\"name\":\"Alejandro Aravena recibi\u00f3 el J.C. Nichols Prize for Visionaries in Urban Development 2019 - Facultad de Arquitectura, Dise\u00f1o y Estudios Urbanos\",\"isPartOf\":{\"@id\":\"https:\/\/fadeu.urantiacos.cl\/en\/#website\"},\"primaryImageOfPage\":{\"@id\":\"https:\/\/fadeu.urantiacos.cl\/en\/2019\/10\/07\/alejandro-aravena-recibio-el-j-c-nichols-prize-for-visionaries-in-urban-development-2019\/#primaryimage\"},\"image\":{\"@id\":\"https:\/\/fadeu.urantiacos.cl\/en\/2019\/10\/07\/alejandro-aravena-recibio-el-j-c-nichols-prize-for-visionaries-in-urban-development-2019\/#primaryimage\"},\"thumbnailUrl\":\"https:\/\/fadeu.urantiacos.cl\/wp-content\/uploads\/2023\/09\/aravena_premio_arq_web.jpg\",\"datePublished\":\"2019-10-07T18:33:00+00:00\",\"dateModified\":\"2023-09-15T18:37:35+00:00\",\"author\":{\"@id\":\"https:\/\/fadeu.urantiacos.cl\/en\/#\/schema\/person\/d203e2e84b1c40275eac77b3061a19a2\"},\"description\":\"Alejandro Aravena, arquitecto y acad\u00e9mico de la Escuela de Arquitectura UC, recibi\u00f3 oficialmente el J.C. Nichols Prize for Visionaries in Urban Development 2019 otorgado por el Urban Land Institute (ULI) y fue orador destacado el pasado 19 de septiembre en el Walter E. Washington Convention Center en el contexto de la 2019 ULI Fall Meeting, reuni\u00f3n que se llev\u00f3 a cabo del 18 al 21 de septiembre en Washington, D.C.\",\"breadcrumb\":{\"@id\":\"https:\/\/fadeu.urantiacos.cl\/en\/2019\/10\/07\/alejandro-aravena-recibio-el-j-c-nichols-prize-for-visionaries-in-urban-development-2019\/#breadcrumb\"},\"inLanguage\":\"en-US\",\"potentialAction\":[{\"@type\":\"ReadAction\",\"target\":[\"https:\/\/fadeu.urantiacos.cl\/en\/2019\/10\/07\/alejandro-aravena-recibio-el-j-c-nichols-prize-for-visionaries-in-urban-development-2019\/\"]}]},{\"@type\":\"ImageObject\",\"inLanguage\":\"en-US\",\"@id\":\"https:\/\/fadeu.urantiacos.cl\/en\/2019\/10\/07\/alejandro-aravena-recibio-el-j-c-nichols-prize-for-visionaries-in-urban-development-2019\/#primaryimage\",\"url\":\"https:\/\/fadeu.urantiacos.cl\/wp-content\/uploads\/2023\/09\/aravena_premio_arq_web.jpg\",\"contentUrl\":\"https:\/\/fadeu.urantiacos.cl\/wp-content\/uploads\/2023\/09\/aravena_premio_arq_web.jpg\",\"width\":350,\"height\":250},{\"@type\":\"BreadcrumbList\",\"@id\":\"https:\/\/fadeu.urantiacos.cl\/en\/2019\/10\/07\/alejandro-aravena-recibio-el-j-c-nichols-prize-for-visionaries-in-urban-development-2019\/#breadcrumb\",\"itemListElement\":[{\"@type\":\"ListItem\",\"position\":1,\"name\":\"Portada\",\"item\":\"https:\/\/fadeu.urantiacos.cl\/en\/\"},{\"@type\":\"ListItem\",\"position\":2,\"name\":\"Alejandro Aravena recibi\u00f3 el J.C. Nichols Prize for Visionaries in Urban Development 2019\"}]},{\"@type\":\"WebSite\",\"@id\":\"https:\/\/fadeu.urantiacos.cl\/en\/#website\",\"url\":\"https:\/\/fadeu.urantiacos.cl\/en\/\",\"name\":\"Facultad de Arquitectura, Dise\u00f1o y Estudios Urbanos\",\"description\":\"Campus Lo Contador\",\"potentialAction\":[{\"@type\":\"SearchAction\",\"target\":{\"@type\":\"EntryPoint\",\"urlTemplate\":\"https:\/\/fadeu.urantiacos.cl\/en\/?s={search_term_string}\"},\"query-input\":{\"@type\":\"PropertyValueSpecification\",\"valueRequired\":true,\"valueName\":\"search_term_string\"}}],\"inLanguage\":\"en-US\"},{\"@type\":\"Person\",\"@id\":\"https:\/\/fadeu.urantiacos.cl\/en\/#\/schema\/person\/d203e2e84b1c40275eac77b3061a19a2\",\"name\":\"manadmin\",\"image\":{\"@type\":\"ImageObject\",\"inLanguage\":\"en-US\",\"@id\":\"https:\/\/fadeu.urantiacos.cl\/en\/#\/schema\/person\/image\/\",\"url\":\"https:\/\/secure.gravatar.com\/avatar\/4b1d8e3303b4a9d8968ac578947d8bc80d9aea359f388cdd4aac15cadc0e8447?s=96&d=mm&r=g\",\"contentUrl\":\"https:\/\/secure.gravatar.com\/avatar\/4b1d8e3303b4a9d8968ac578947d8bc80d9aea359f388cdd4aac15cadc0e8447?s=96&d=mm&r=g\",\"caption\":\"manadmin\"},\"sameAs\":[\"https:\/\/fadeu.urantiacos.cl\"]}]}<\/script>\n<!-- \/ Yoast SEO plugin. -->","yoast_head_json":{"title":"Alejandro Aravena recibi\u00f3 el J.C. Nichols Prize for Visionaries in Urban Development 2019 - Facultad de Arquitectura, Dise\u00f1o y Estudios Urbanos","description":"Alejandro Aravena, arquitecto y acad\u00e9mico de la Escuela de Arquitectura UC, recibi\u00f3 oficialmente el J.C. Nichols Prize for Visionaries in Urban Development 2019 otorgado por el Urban Land Institute (ULI) y fue orador destacado el pasado 19 de septiembre en el Walter E. Washington Convention Center en el contexto de la 2019 ULI Fall Meeting, reuni\u00f3n que se llev\u00f3 a cabo del 18 al 21 de septiembre en Washington, D.C.","robots":{"index":"index","follow":"follow","max-snippet":"max-snippet:-1","max-image-preview":"max-image-preview:large","max-video-preview":"max-video-preview:-1"},"canonical":"https:\/\/fadeu.urantiacos.cl\/en\/2019\/10\/07\/alejandro-aravena-recibio-el-j-c-nichols-prize-for-visionaries-in-urban-development-2019\/","og_locale":"en_US","og_type":"article","og_title":"Alejandro Aravena recibi\u00f3 el J.C. Nichols Prize for Visionaries in Urban Development 2019 - Facultad de Arquitectura, Dise\u00f1o y Estudios Urbanos","og_description":"Alejandro Aravena, arquitecto y acad\u00e9mico de la Escuela de Arquitectura UC, recibi\u00f3 oficialmente el J.C. Nichols Prize for Visionaries in Urban Development 2019 otorgado por el Urban Land Institute (ULI) y fue orador destacado el pasado 19 de septiembre en el Walter E. Washington Convention Center en el contexto de la 2019 ULI Fall Meeting, reuni\u00f3n que se llev\u00f3 a cabo del 18 al 21 de septiembre en Washington, D.C.","og_url":"https:\/\/fadeu.urantiacos.cl\/en\/2019\/10\/07\/alejandro-aravena-recibio-el-j-c-nichols-prize-for-visionaries-in-urban-development-2019\/","og_site_name":"Facultad de Arquitectura, Dise\u00f1o y Estudios Urbanos","article_published_time":"2019-10-07T18:33:00+00:00","article_modified_time":"2023-09-15T18:37:35+00:00","og_image":[{"width":350,"height":250,"url":"https:\/\/fadeu.urantiacos.cl\/wp-content\/uploads\/2023\/09\/aravena_premio_arq_web.jpg","type":"image\/jpeg"}],"author":"manadmin","twitter_card":"summary_large_image","twitter_misc":{"Written by":"manadmin","Est. reading time":"2 minutes"},"schema":{"@context":"https:\/\/schema.org","@graph":[{"@type":"Article","@id":"https:\/\/fadeu.urantiacos.cl\/en\/2019\/10\/07\/alejandro-aravena-recibio-el-j-c-nichols-prize-for-visionaries-in-urban-development-2019\/#article","isPartOf":{"@id":"https:\/\/fadeu.urantiacos.cl\/en\/2019\/10\/07\/alejandro-aravena-recibio-el-j-c-nichols-prize-for-visionaries-in-urban-development-2019\/"},"author":{"name":"manadmin","@id":"https:\/\/fadeu.urantiacos.cl\/en\/#\/schema\/person\/d203e2e84b1c40275eac77b3061a19a2"},"headline":"Alejandro Aravena recibi\u00f3 el J.C. Nichols Prize for Visionaries in Urban Development 2019","datePublished":"2019-10-07T18:33:00+00:00","dateModified":"2023-09-15T18:37:35+00:00","mainEntityOfPage":{"@id":"https:\/\/fadeu.urantiacos.cl\/en\/2019\/10\/07\/alejandro-aravena-recibio-el-j-c-nichols-prize-for-visionaries-in-urban-development-2019\/"},"wordCount":329,"commentCount":0,"image":{"@id":"https:\/\/fadeu.urantiacos.cl\/en\/2019\/10\/07\/alejandro-aravena-recibio-el-j-c-nichols-prize-for-visionaries-in-urban-development-2019\/#primaryimage"},"thumbnailUrl":"https:\/\/fadeu.urantiacos.cl\/wp-content\/uploads\/2023\/09\/aravena_premio_arq_web.jpg","articleSection":["Sin categorizar"],"inLanguage":"en-US","potentialAction":[{"@type":"CommentAction","name":"Comment","target":["https:\/\/fadeu.urantiacos.cl\/en\/2019\/10\/07\/alejandro-aravena-recibio-el-j-c-nichols-prize-for-visionaries-in-urban-development-2019\/#respond"]}]},{"@type":"WebPage","@id":"https:\/\/fadeu.urantiacos.cl\/en\/2019\/10\/07\/alejandro-aravena-recibio-el-j-c-nichols-prize-for-visionaries-in-urban-development-2019\/","url":"https:\/\/fadeu.urantiacos.cl\/en\/2019\/10\/07\/alejandro-aravena-recibio-el-j-c-nichols-prize-for-visionaries-in-urban-development-2019\/","name":"Alejandro Aravena recibi\u00f3 el J.C. Nichols Prize for Visionaries in Urban Development 2019 - Facultad de Arquitectura, Dise\u00f1o y Estudios Urbanos","isPartOf":{"@id":"https:\/\/fadeu.urantiacos.cl\/en\/#website"},"primaryImageOfPage":{"@id":"https:\/\/fadeu.urantiacos.cl\/en\/2019\/10\/07\/alejandro-aravena-recibio-el-j-c-nichols-prize-for-visionaries-in-urban-development-2019\/#primaryimage"},"image":{"@id":"https:\/\/fadeu.urantiacos.cl\/en\/2019\/10\/07\/alejandro-aravena-recibio-el-j-c-nichols-prize-for-visionaries-in-urban-development-2019\/#primaryimage"},"thumbnailUrl":"https:\/\/fadeu.urantiacos.cl\/wp-content\/uploads\/2023\/09\/aravena_premio_arq_web.jpg","datePublished":"2019-10-07T18:33:00+00:00","dateModified":"2023-09-15T18:37:35+00:00","author":{"@id":"https:\/\/fadeu.urantiacos.cl\/en\/#\/schema\/person\/d203e2e84b1c40275eac77b3061a19a2"},"description":"Alejandro Aravena, arquitecto y acad\u00e9mico de la Escuela de Arquitectura UC, recibi\u00f3 oficialmente el J.C. Nichols Prize for Visionaries in Urban Development 2019 otorgado por el Urban Land Institute (ULI) y fue orador destacado el pasado 19 de septiembre en el Walter E. Washington Convention Center en el contexto de la 2019 ULI Fall Meeting, reuni\u00f3n que se llev\u00f3 a cabo del 18 al 21 de septiembre en Washington, D.C.","breadcrumb":{"@id":"https:\/\/fadeu.urantiacos.cl\/en\/2019\/10\/07\/alejandro-aravena-recibio-el-j-c-nichols-prize-for-visionaries-in-urban-development-2019\/#breadcrumb"},"inLanguage":"en-US","potentialAction":[{"@type":"ReadAction","target":["https:\/\/fadeu.urantiacos.cl\/en\/2019\/10\/07\/alejandro-aravena-recibio-el-j-c-nichols-prize-for-visionaries-in-urban-development-2019\/"]}]},{"@type":"ImageObject","inLanguage":"en-US","@id":"https:\/\/fadeu.urantiacos.cl\/en\/2019\/10\/07\/alejandro-aravena-recibio-el-j-c-nichols-prize-for-visionaries-in-urban-development-2019\/#primaryimage","url":"https:\/\/fadeu.urantiacos.cl\/wp-content\/uploads\/2023\/09\/aravena_premio_arq_web.jpg","contentUrl":"https:\/\/fadeu.urantiacos.cl\/wp-content\/uploads\/2023\/09\/aravena_premio_arq_web.jpg","width":350,"height":250},{"@type":"BreadcrumbList","@id":"https:\/\/fadeu.urantiacos.cl\/en\/2019\/10\/07\/alejandro-aravena-recibio-el-j-c-nichols-prize-for-visionaries-in-urban-development-2019\/#breadcrumb","itemListElement":[{"@type":"ListItem","position":1,"name":"Portada","item":"https:\/\/fadeu.urantiacos.cl\/en\/"},{"@type":"ListItem","position":2,"name":"Alejandro Aravena recibi\u00f3 el J.C. Nichols Prize for Visionaries in Urban Development 2019"}]},{"@type":"WebSite","@id":"https:\/\/fadeu.urantiacos.cl\/en\/#website","url":"https:\/\/fadeu.urantiacos.cl\/en\/","name":"Facultad de Arquitectura, Dise\u00f1o y Estudios Urbanos","description":"Campus Lo Contador","potentialAction":[{"@type":"SearchAction","target":{"@type":"EntryPoint","urlTemplate":"https:\/\/fadeu.urantiacos.cl\/en\/?s={search_term_string}"},"query-input":{"@type":"PropertyValueSpecification","valueRequired":true,"valueName":"search_term_string"}}],"inLanguage":"en-US"},{"@type":"Person","@id":"https:\/\/fadeu.urantiacos.cl\/en\/#\/schema\/person\/d203e2e84b1c40275eac77b3061a19a2","name":"manadmin","image":{"@type":"ImageObject","inLanguage":"en-US","@id":"https:\/\/fadeu.urantiacos.cl\/en\/#\/schema\/person\/image\/","url":"https:\/\/secure.gravatar.com\/avatar\/4b1d8e3303b4a9d8968ac578947d8bc80d9aea359f388cdd4aac15cadc0e8447?s=96&d=mm&r=g","contentUrl":"https:\/\/secure.gravatar.com\/avatar\/4b1d8e3303b4a9d8968ac578947d8bc80d9aea359f388cdd4aac15cadc0e8447?s=96&d=mm&r=g","caption":"manadmin"},"sameAs":["https:\/\/fadeu.urantiacos.cl"]}]}},"_links":{"self":[{"href":"https:\/\/fadeu.urantiacos.cl\/en\/wp-json\/wp\/v2\/posts\/10209","targetHints":{"allow":["GET"]}}],"collection":[{"href":"https:\/\/fadeu.urantiacos.cl\/en\/wp-json\/wp\/v2\/posts"}],"about":[{"href":"https:\/\/fadeu.urantiacos.cl\/en\/wp-json\/wp\/v2\/types\/post"}],"author":[{"embeddable":true,"href":"https:\/\/fadeu.urantiacos.cl\/en\/wp-json\/wp\/v2\/users\/1"}],"replies":[{"embeddable":true,"href":"https:\/\/fadeu.urantiacos.cl\/en\/wp-json\/wp\/v2\/comments?post=10209"}],"version-history":[{"count":1,"href":"https:\/\/fadeu.urantiacos.cl\/en\/wp-json\/wp\/v2\/posts\/10209\/revisions"}],"predecessor-version":[{"id":10214,"href":"https:\/\/fadeu.urantiacos.cl\/en\/wp-json\/wp\/v2\/posts\/10209\/revisions\/10214"}],"wp:featuredmedia":[{"embeddable":true,"href":"https:\/\/fadeu.urantiacos.cl\/en\/wp-json\/wp\/v2\/media\/10210"}],"wp:attachment":[{"href":"https:\/\/fadeu.urantiacos.cl\/en\/wp-json\/wp\/v2\/media?parent=10209"}],"wp:term":[{"taxonomy":"category","embeddable":true,"href":"https:\/\/fadeu.urantiacos.cl\/en\/wp-json\/wp\/v2\/categories?post=10209"},{"taxonomy":"post_tag","embeddable":true,"href":"https:\/\/fadeu.urantiacos.cl\/en\/wp-json\/wp\/v2\/tags?post=10209"}],"curies":[{"name":"wp","href":"https:\/\/api.w.org\/{rel}","templated":true}]}}