{"id":10188,"date":"2019-10-08T15:13:00","date_gmt":"2019-10-08T18:13:00","guid":{"rendered":"https:\/\/fadeu.urantiacos.cl\/?p=10188"},"modified":"2023-09-15T15:23:42","modified_gmt":"2023-09-15T18:23:42","slug":"estudiantes-de-la-escuela-de-arquitectura-participaron-de-seminario-y-workshop-en-construccion-bioclimatica-en-madera","status":"publish","type":"post","link":"https:\/\/fadeu.urantiacos.cl\/en\/2019\/10\/08\/estudiantes-de-la-escuela-de-arquitectura-participaron-de-seminario-y-workshop-en-construccion-bioclimatica-en-madera\/","title":{"rendered":"Estudiantes de la escuela de Arquitectura participaron de seminario y workshop en Construcci\u00f3n Bioclim\u00e1tica en Madera"},"content":{"rendered":"\n<figure class=\"wp-block-image size-full\"><img decoding=\"async\" width=\"350\" height=\"250\" src=\"https:\/\/fadeu.urantiacos.cl\/wp-content\/uploads\/2023\/09\/SEMINARIO_ARQ_WEB.jpg\" alt=\"\" class=\"wp-image-10189\" srcset=\"https:\/\/fadeu.urantiacos.cl\/wp-content\/uploads\/2023\/09\/SEMINARIO_ARQ_WEB.jpg 350w, https:\/\/fadeu.urantiacos.cl\/wp-content\/uploads\/2023\/09\/SEMINARIO_ARQ_WEB-300x214.jpg 300w\" sizes=\"(max-width: 350px) 100vw, 350px\" \/><\/figure>\n\n\n\n<p>Esta metodolog\u00eda constituye una alternativa a la ense\u00f1anza tradicional te\u00f3rica y sus objetivos incentivan el aprendizaje basado en la experiencia a trav\u00e9s del \u201caprender haciendo\u201d. Conocimientos pr\u00e1cticos y te\u00f3ricos se desarrollan en simult\u00e1neo en un proyecto concebido y construido por los mismos estudiantes. La aplicaci\u00f3n de esta metodolog\u00eda ha crecido sostenidamente en el \u00faltimo tiempo en diversas escuelas a nivel internacional donde, en m\u00faltiples casos, se considera la exploraci\u00f3n sobre materiales de la construcci\u00f3n y un trabajo cercano con la comunidad.<\/p>\n\n\n\n<p>El workshop investig\u00f3 sobre m\u00e9todos constructivos en madera para realizar una grader\u00eda con criterios de dise\u00f1o bioclim\u00e1tico para la cancha de f\u00fatbol del Colegio Ayel\u00e9n, ubicado en Rancagua.<\/p>\n\n\n\n<p>Para el lanzamiento de la actividad se realiz\u00f3 un seminario donde asistieron los invitados internacionales Lindsay y Kerry Clare (arquitectos australianos ganadores de la medalla de oro de la RAIA y profesores de la University of Newcastle y Bond University, Australia); Marcelo Aflalo (FAAP, Brasil); Leonardo Codina (Universidad Congreso, Argentina); y H\u00e9ctor Delmar (Universidad Iberoamericana, M\u00e9xico), as\u00ed como los arquitectos nacionales Mart\u00edn Hurtado, Gerardo Armanet y Daniel Ortiz. En dicha ocasi\u00f3n, los profesores invitados expusieron sus obras y proyectos, as\u00ed como sus impresiones sobre el estado de la arquitectura en madera y, adem\u00e1s, dieron vida a distintas charlas y workshops desarrollados con los y las estudiantes, en materias propias del dise\u00f1o y construcci\u00f3n en madera, prefabricaci\u00f3n y otros.<\/p>\n\n\n\n<p>Durante los 6 d\u00edas de trabajo pr\u00e1ctico se ejecutaron \u00edntegramente las tareas de dise\u00f1o, ensayo, fabricaci\u00f3n y montaje de la estructura en terreno. En la instancia participaron 48 estudiantes de la Universidades Cat\u00f3lica, San Sebasti\u00e1n, del Congreso y FAAP pertenecientes a distintas etapas de la carrera, \u201cdesde alumnos de segundo o tercer a\u00f1o, hasta estudiantes que ya est\u00e1n en proceso de titulaci\u00f3n, lo que denota el inter\u00e9s que la madera significa para las nuevas generaciones de arquitectos\u201d, advirti\u00f3 Schmitt.<\/p>\n\n\n\n<p>Las actividades se llevaron a cabo en el Campus Lo Contador, instancia en la que los alumnos tambi\u00e9n tuvieron la oportunidad de familiarizarse con las instalaciones del Laboratorio de Modelos y Prototipos FADEU para aprender t\u00e9cnicas de carpinter\u00eda para aplicar a sus propuestas. Para responder a los acotados plazos de la propuesta, se consider\u00f3 un dise\u00f1o modular prefabricado que permiti\u00f3 una manufactura eficiente y adaptable a los cambios del proceso de dise\u00f1o. Los estudiantes desarrollaron prototipos de estudio que fueron ensayados y combinados en una estructura mayor para ser instalada en terreno. El montaje final se realiz\u00f3 en un s\u00f3lo d\u00eda donde la totalidad del curso se traslad\u00f3 al lugar del proyecto junto con los elementos prefabricados. Al final de la jornada, se realiz\u00f3 una actividad con la comunidad del Colegio Ayel\u00e9n donde sus sostenedores, apoderados y alumnos recalcaron el positivo impacto de la propuesta.<\/p>\n\n\n\n<p>Schmitt destac\u00f3 la instancia como una manera de aplicar la madera en distintos sistemas constructivos y como material importante para hacer arquitectura, esgrimiendo que \u201ccon los profesores extranjeros invitados pudimos desarrollar distintos talleres con los estudiantes, sobre todo en un tema como la madera que, si bien se est\u00e1 ense\u00f1ando, investigando y trabajando m\u00e1s el \u00faltimo tiempo, es a\u00fan poco explorada respecto de otro tipo de materialidades\u201d. A lo anterior, agreg\u00f3 que \u201cvarias universidades estamos trabajando de manera seria los temas de madera, trabajando prototipos y desarrollando investigaci\u00f3n de diversa \u00edndole, y estamos viendo que hoy, al menos, se habla m\u00e1s de la construcci\u00f3n en madera, lo que creemos que es importante para nuestro pa\u00eds que tiene, adem\u00e1s, una vocaci\u00f3n forestal importante\u201d.<\/p>\n\n\n\n<p>Esta actividad fue financiada con recursos de la Vicerrector\u00eda de Investigaci\u00f3n (VRI), Centro de Desarrollo Urbano Sustentable UC (CEDEUS), Escuela de Arquitectura UC, Escuela de Construcci\u00f3n UC, Facultad de Arquitectura, Dise\u00f1o y Estudios Urbanos; Mauricio Larra\u00edn G., y las empresas CMPC, Volc\u00e1n y Nuprotec (Osmo).<\/p>\n\n\n\n<figure class=\"wp-block-image size-large\"><img decoding=\"async\" width=\"1024\" height=\"768\" src=\"https:\/\/fadeu.urantiacos.cl\/wp-content\/uploads\/2023\/09\/IMG_2642-1024x768.jpg\" alt=\"\" class=\"wp-image-10190\" srcset=\"https:\/\/fadeu.urantiacos.cl\/wp-content\/uploads\/2023\/09\/IMG_2642-1024x768.jpg 1024w, https:\/\/fadeu.urantiacos.cl\/wp-content\/uploads\/2023\/09\/IMG_2642-300x225.jpg 300w, https:\/\/fadeu.urantiacos.cl\/wp-content\/uploads\/2023\/09\/IMG_2642-768x576.jpg 768w, https:\/\/fadeu.urantiacos.cl\/wp-content\/uploads\/2023\/09\/IMG_2642-1536x1152.jpg 1536w, https:\/\/fadeu.urantiacos.cl\/wp-content\/uploads\/2023\/09\/IMG_2642-2048x1536.jpg 2048w, https:\/\/fadeu.urantiacos.cl\/wp-content\/uploads\/2023\/09\/IMG_2642-scaled.jpg 1600w\" sizes=\"(max-width: 1024px) 100vw, 1024px\" \/><\/figure>\n\n\n\n<figure class=\"wp-block-image size-large\"><img decoding=\"async\" width=\"1024\" height=\"768\" src=\"https:\/\/fadeu.urantiacos.cl\/wp-content\/uploads\/2023\/09\/IMG_2706-1024x768.jpg\" alt=\"\" class=\"wp-image-10191\" srcset=\"https:\/\/fadeu.urantiacos.cl\/wp-content\/uploads\/2023\/09\/IMG_2706-1024x768.jpg 1024w, https:\/\/fadeu.urantiacos.cl\/wp-content\/uploads\/2023\/09\/IMG_2706-300x225.jpg 300w, https:\/\/fadeu.urantiacos.cl\/wp-content\/uploads\/2023\/09\/IMG_2706-768x576.jpg 768w, https:\/\/fadeu.urantiacos.cl\/wp-content\/uploads\/2023\/09\/IMG_2706-1536x1152.jpg 1536w, https:\/\/fadeu.urantiacos.cl\/wp-content\/uploads\/2023\/09\/IMG_2706-2048x1536.jpg 2048w, https:\/\/fadeu.urantiacos.cl\/wp-content\/uploads\/2023\/09\/IMG_2706-scaled.jpg 1600w\" sizes=\"(max-width: 1024px) 100vw, 1024px\" \/><\/figure>\n\n\n\n<p>INFORMACI\u00d3N PERIOD\u00cdSTICA<br>JUAN ANDR\u00c9S INZUNZA<\/p>\n","protected":false},"excerpt":{"rendered":"<p>Durante la \u00faltima semana de septiembre, los profesores de la escuela de Arquitectura UC, Cristi\u00e1n Schmitt y Diego Arroyo, junto con el profesor de la escuela de Arquitectura de la Universidad San Sebasti\u00e1n y arquitecto UC Cristi\u00e1n Larra\u00edn, organizaron el Seminario y Workshop \u201cConstrucci\u00f3n Bioclim\u00e1tica en Madera: Dise\u00f1o y Prefabricaci\u00f3n\u201d que analiz\u00f3 los procesos edificatorios de sistemas prefabricados en madera por medio del desarrollo de una obra construida a trav\u00e9s de la metodolog\u00eda \u201cDesign\/Build\u201d.<\/p>\n","protected":false},"author":1,"featured_media":10189,"comment_status":"open","ping_status":"open","sticky":false,"template":"","format":"standard","meta":{"_acf_changed":false,"footnotes":""},"categories":[1],"tags":[],"class_list":["post-10188","post","type-post","status-publish","format-standard","has-post-thumbnail","hentry","category-sin-categorizar"],"acf":[],"yoast_head":"<!-- This site is optimized with the Yoast SEO plugin v27.1.1 - https:\/\/yoast.com\/product\/yoast-seo-wordpress\/ -->\n<title>Estudiantes de la escuela de Arquitectura participaron de seminario y workshop en Construcci\u00f3n Bioclim\u00e1tica en Madera - Facultad de Arquitectura, Dise\u00f1o y Estudios Urbanos<\/title>\n<meta name=\"description\" content=\"Durante la \u00faltima semana de septiembre, los profesores de la escuela de Arquitectura UC, Cristi\u00e1n Schmitt y Diego Arroyo, junto con el profesor de la escuela de Arquitectura de la Universidad San Sebasti\u00e1n y arquitecto UC Cristi\u00e1n Larra\u00edn, organizaron el Seminario y Workshop \u201cConstrucci\u00f3n Bioclim\u00e1tica en Madera: Dise\u00f1o y Prefabricaci\u00f3n\u201d que analiz\u00f3 los procesos edificatorios de sistemas prefabricados en madera por medio del desarrollo de una obra construida a trav\u00e9s de la metodolog\u00eda \u201cDesign\/Build\u201d.\" \/>\n<meta name=\"robots\" content=\"index, follow, max-snippet:-1, max-image-preview:large, max-video-preview:-1\" \/>\n<link rel=\"canonical\" href=\"https:\/\/fadeu.urantiacos.cl\/en\/2019\/10\/08\/estudiantes-de-la-escuela-de-arquitectura-participaron-de-seminario-y-workshop-en-construccion-bioclimatica-en-madera\/\" \/>\n<meta property=\"og:locale\" content=\"en_US\" \/>\n<meta property=\"og:type\" content=\"article\" \/>\n<meta property=\"og:title\" content=\"Estudiantes de la escuela de Arquitectura participaron de seminario y workshop en Construcci\u00f3n Bioclim\u00e1tica en Madera - Facultad de Arquitectura, Dise\u00f1o y Estudios Urbanos\" \/>\n<meta property=\"og:description\" content=\"Durante la \u00faltima semana de septiembre, los profesores de la escuela de Arquitectura UC, Cristi\u00e1n Schmitt y Diego Arroyo, junto con el profesor de la escuela de Arquitectura de la Universidad San Sebasti\u00e1n y arquitecto UC Cristi\u00e1n Larra\u00edn, organizaron el Seminario y Workshop \u201cConstrucci\u00f3n Bioclim\u00e1tica en Madera: Dise\u00f1o y Prefabricaci\u00f3n\u201d que analiz\u00f3 los procesos edificatorios de sistemas prefabricados en madera por medio del desarrollo de una obra construida a trav\u00e9s de la metodolog\u00eda \u201cDesign\/Build\u201d.\" \/>\n<meta property=\"og:url\" content=\"https:\/\/fadeu.urantiacos.cl\/en\/2019\/10\/08\/estudiantes-de-la-escuela-de-arquitectura-participaron-de-seminario-y-workshop-en-construccion-bioclimatica-en-madera\/\" \/>\n<meta property=\"og:site_name\" content=\"Facultad de Arquitectura, Dise\u00f1o y Estudios Urbanos\" \/>\n<meta property=\"article:published_time\" content=\"2019-10-08T18:13:00+00:00\" \/>\n<meta property=\"article:modified_time\" content=\"2023-09-15T18:23:42+00:00\" \/>\n<meta property=\"og:image\" content=\"https:\/\/fadeu.urantiacos.cl\/wp-content\/uploads\/2023\/09\/SEMINARIO_ARQ_WEB.jpg\" \/>\n\t<meta property=\"og:image:width\" content=\"350\" \/>\n\t<meta property=\"og:image:height\" content=\"250\" \/>\n\t<meta property=\"og:image:type\" content=\"image\/jpeg\" \/>\n<meta name=\"author\" content=\"manadmin\" \/>\n<meta name=\"twitter:card\" content=\"summary_large_image\" \/>\n<meta name=\"twitter:label1\" content=\"Written by\" \/>\n\t<meta name=\"twitter:data1\" content=\"manadmin\" \/>\n\t<meta name=\"twitter:label2\" content=\"Est. reading time\" \/>\n\t<meta name=\"twitter:data2\" content=\"3 minutes\" \/>\n<script type=\"application\/ld+json\" class=\"yoast-schema-graph\">{\"@context\":\"https:\/\/schema.org\",\"@graph\":[{\"@type\":\"Article\",\"@id\":\"https:\/\/fadeu.urantiacos.cl\/en\/2019\/10\/08\/estudiantes-de-la-escuela-de-arquitectura-participaron-de-seminario-y-workshop-en-construccion-bioclimatica-en-madera\/#article\",\"isPartOf\":{\"@id\":\"https:\/\/fadeu.urantiacos.cl\/en\/2019\/10\/08\/estudiantes-de-la-escuela-de-arquitectura-participaron-de-seminario-y-workshop-en-construccion-bioclimatica-en-madera\/\"},\"author\":{\"name\":\"manadmin\",\"@id\":\"https:\/\/fadeu.urantiacos.cl\/en\/#\/schema\/person\/d203e2e84b1c40275eac77b3061a19a2\"},\"headline\":\"Estudiantes de la escuela de Arquitectura participaron de seminario y workshop en Construcci\u00f3n Bioclim\u00e1tica en Madera\",\"datePublished\":\"2019-10-08T18:13:00+00:00\",\"dateModified\":\"2023-09-15T18:23:42+00:00\",\"mainEntityOfPage\":{\"@id\":\"https:\/\/fadeu.urantiacos.cl\/en\/2019\/10\/08\/estudiantes-de-la-escuela-de-arquitectura-participaron-de-seminario-y-workshop-en-construccion-bioclimatica-en-madera\/\"},\"wordCount\":700,\"commentCount\":0,\"image\":{\"@id\":\"https:\/\/fadeu.urantiacos.cl\/en\/2019\/10\/08\/estudiantes-de-la-escuela-de-arquitectura-participaron-de-seminario-y-workshop-en-construccion-bioclimatica-en-madera\/#primaryimage\"},\"thumbnailUrl\":\"https:\/\/fadeu.urantiacos.cl\/wp-content\/uploads\/2023\/09\/SEMINARIO_ARQ_WEB.jpg\",\"articleSection\":[\"Sin categorizar\"],\"inLanguage\":\"en-US\",\"potentialAction\":[{\"@type\":\"CommentAction\",\"name\":\"Comment\",\"target\":[\"https:\/\/fadeu.urantiacos.cl\/en\/2019\/10\/08\/estudiantes-de-la-escuela-de-arquitectura-participaron-de-seminario-y-workshop-en-construccion-bioclimatica-en-madera\/#respond\"]}]},{\"@type\":\"WebPage\",\"@id\":\"https:\/\/fadeu.urantiacos.cl\/en\/2019\/10\/08\/estudiantes-de-la-escuela-de-arquitectura-participaron-de-seminario-y-workshop-en-construccion-bioclimatica-en-madera\/\",\"url\":\"https:\/\/fadeu.urantiacos.cl\/en\/2019\/10\/08\/estudiantes-de-la-escuela-de-arquitectura-participaron-de-seminario-y-workshop-en-construccion-bioclimatica-en-madera\/\",\"name\":\"Estudiantes de la escuela de Arquitectura participaron de seminario y workshop en Construcci\u00f3n Bioclim\u00e1tica en Madera - Facultad de Arquitectura, Dise\u00f1o y Estudios Urbanos\",\"isPartOf\":{\"@id\":\"https:\/\/fadeu.urantiacos.cl\/en\/#website\"},\"primaryImageOfPage\":{\"@id\":\"https:\/\/fadeu.urantiacos.cl\/en\/2019\/10\/08\/estudiantes-de-la-escuela-de-arquitectura-participaron-de-seminario-y-workshop-en-construccion-bioclimatica-en-madera\/#primaryimage\"},\"image\":{\"@id\":\"https:\/\/fadeu.urantiacos.cl\/en\/2019\/10\/08\/estudiantes-de-la-escuela-de-arquitectura-participaron-de-seminario-y-workshop-en-construccion-bioclimatica-en-madera\/#primaryimage\"},\"thumbnailUrl\":\"https:\/\/fadeu.urantiacos.cl\/wp-content\/uploads\/2023\/09\/SEMINARIO_ARQ_WEB.jpg\",\"datePublished\":\"2019-10-08T18:13:00+00:00\",\"dateModified\":\"2023-09-15T18:23:42+00:00\",\"author\":{\"@id\":\"https:\/\/fadeu.urantiacos.cl\/en\/#\/schema\/person\/d203e2e84b1c40275eac77b3061a19a2\"},\"description\":\"Durante la \u00faltima semana de septiembre, los profesores de la escuela de Arquitectura UC, Cristi\u00e1n Schmitt y Diego Arroyo, junto con el profesor de la escuela de Arquitectura de la Universidad San Sebasti\u00e1n y arquitecto UC Cristi\u00e1n Larra\u00edn, organizaron el Seminario y Workshop \u201cConstrucci\u00f3n Bioclim\u00e1tica en Madera: Dise\u00f1o y Prefabricaci\u00f3n\u201d que analiz\u00f3 los procesos edificatorios de sistemas prefabricados en madera por medio del desarrollo de una obra construida a trav\u00e9s de la metodolog\u00eda \u201cDesign\/Build\u201d.\",\"breadcrumb\":{\"@id\":\"https:\/\/fadeu.urantiacos.cl\/en\/2019\/10\/08\/estudiantes-de-la-escuela-de-arquitectura-participaron-de-seminario-y-workshop-en-construccion-bioclimatica-en-madera\/#breadcrumb\"},\"inLanguage\":\"en-US\",\"potentialAction\":[{\"@type\":\"ReadAction\",\"target\":[\"https:\/\/fadeu.urantiacos.cl\/en\/2019\/10\/08\/estudiantes-de-la-escuela-de-arquitectura-participaron-de-seminario-y-workshop-en-construccion-bioclimatica-en-madera\/\"]}]},{\"@type\":\"ImageObject\",\"inLanguage\":\"en-US\",\"@id\":\"https:\/\/fadeu.urantiacos.cl\/en\/2019\/10\/08\/estudiantes-de-la-escuela-de-arquitectura-participaron-de-seminario-y-workshop-en-construccion-bioclimatica-en-madera\/#primaryimage\",\"url\":\"https:\/\/fadeu.urantiacos.cl\/wp-content\/uploads\/2023\/09\/SEMINARIO_ARQ_WEB.jpg\",\"contentUrl\":\"https:\/\/fadeu.urantiacos.cl\/wp-content\/uploads\/2023\/09\/SEMINARIO_ARQ_WEB.jpg\",\"width\":350,\"height\":250},{\"@type\":\"BreadcrumbList\",\"@id\":\"https:\/\/fadeu.urantiacos.cl\/en\/2019\/10\/08\/estudiantes-de-la-escuela-de-arquitectura-participaron-de-seminario-y-workshop-en-construccion-bioclimatica-en-madera\/#breadcrumb\",\"itemListElement\":[{\"@type\":\"ListItem\",\"position\":1,\"name\":\"Portada\",\"item\":\"https:\/\/fadeu.urantiacos.cl\/en\/\"},{\"@type\":\"ListItem\",\"position\":2,\"name\":\"Estudiantes de la escuela de Arquitectura participaron de seminario y workshop en Construcci\u00f3n Bioclim\u00e1tica en Madera\"}]},{\"@type\":\"WebSite\",\"@id\":\"https:\/\/fadeu.urantiacos.cl\/en\/#website\",\"url\":\"https:\/\/fadeu.urantiacos.cl\/en\/\",\"name\":\"Facultad de Arquitectura, Dise\u00f1o y Estudios Urbanos\",\"description\":\"Campus Lo Contador\",\"potentialAction\":[{\"@type\":\"SearchAction\",\"target\":{\"@type\":\"EntryPoint\",\"urlTemplate\":\"https:\/\/fadeu.urantiacos.cl\/en\/?s={search_term_string}\"},\"query-input\":{\"@type\":\"PropertyValueSpecification\",\"valueRequired\":true,\"valueName\":\"search_term_string\"}}],\"inLanguage\":\"en-US\"},{\"@type\":\"Person\",\"@id\":\"https:\/\/fadeu.urantiacos.cl\/en\/#\/schema\/person\/d203e2e84b1c40275eac77b3061a19a2\",\"name\":\"manadmin\",\"image\":{\"@type\":\"ImageObject\",\"inLanguage\":\"en-US\",\"@id\":\"https:\/\/fadeu.urantiacos.cl\/en\/#\/schema\/person\/image\/\",\"url\":\"https:\/\/secure.gravatar.com\/avatar\/4b1d8e3303b4a9d8968ac578947d8bc80d9aea359f388cdd4aac15cadc0e8447?s=96&d=mm&r=g\",\"contentUrl\":\"https:\/\/secure.gravatar.com\/avatar\/4b1d8e3303b4a9d8968ac578947d8bc80d9aea359f388cdd4aac15cadc0e8447?s=96&d=mm&r=g\",\"caption\":\"manadmin\"},\"sameAs\":[\"https:\/\/fadeu.urantiacos.cl\"]}]}<\/script>\n<!-- \/ Yoast SEO plugin. -->","yoast_head_json":{"title":"Estudiantes de la escuela de Arquitectura participaron de seminario y workshop en Construcci\u00f3n Bioclim\u00e1tica en Madera - Facultad de Arquitectura, Dise\u00f1o y Estudios Urbanos","description":"Durante la \u00faltima semana de septiembre, los profesores de la escuela de Arquitectura UC, Cristi\u00e1n Schmitt y Diego Arroyo, junto con el profesor de la escuela de Arquitectura de la Universidad San Sebasti\u00e1n y arquitecto UC Cristi\u00e1n Larra\u00edn, organizaron el Seminario y Workshop \u201cConstrucci\u00f3n Bioclim\u00e1tica en Madera: Dise\u00f1o y Prefabricaci\u00f3n\u201d que analiz\u00f3 los procesos edificatorios de sistemas prefabricados en madera por medio del desarrollo de una obra construida a trav\u00e9s de la metodolog\u00eda \u201cDesign\/Build\u201d.","robots":{"index":"index","follow":"follow","max-snippet":"max-snippet:-1","max-image-preview":"max-image-preview:large","max-video-preview":"max-video-preview:-1"},"canonical":"https:\/\/fadeu.urantiacos.cl\/en\/2019\/10\/08\/estudiantes-de-la-escuela-de-arquitectura-participaron-de-seminario-y-workshop-en-construccion-bioclimatica-en-madera\/","og_locale":"en_US","og_type":"article","og_title":"Estudiantes de la escuela de Arquitectura participaron de seminario y workshop en Construcci\u00f3n Bioclim\u00e1tica en Madera - Facultad de Arquitectura, Dise\u00f1o y Estudios Urbanos","og_description":"Durante la \u00faltima semana de septiembre, los profesores de la escuela de Arquitectura UC, Cristi\u00e1n Schmitt y Diego Arroyo, junto con el profesor de la escuela de Arquitectura de la Universidad San Sebasti\u00e1n y arquitecto UC Cristi\u00e1n Larra\u00edn, organizaron el Seminario y Workshop \u201cConstrucci\u00f3n Bioclim\u00e1tica en Madera: Dise\u00f1o y Prefabricaci\u00f3n\u201d que analiz\u00f3 los procesos edificatorios de sistemas prefabricados en madera por medio del desarrollo de una obra construida a trav\u00e9s de la metodolog\u00eda \u201cDesign\/Build\u201d.","og_url":"https:\/\/fadeu.urantiacos.cl\/en\/2019\/10\/08\/estudiantes-de-la-escuela-de-arquitectura-participaron-de-seminario-y-workshop-en-construccion-bioclimatica-en-madera\/","og_site_name":"Facultad de Arquitectura, Dise\u00f1o y Estudios Urbanos","article_published_time":"2019-10-08T18:13:00+00:00","article_modified_time":"2023-09-15T18:23:42+00:00","og_image":[{"width":350,"height":250,"url":"https:\/\/fadeu.urantiacos.cl\/wp-content\/uploads\/2023\/09\/SEMINARIO_ARQ_WEB.jpg","type":"image\/jpeg"}],"author":"manadmin","twitter_card":"summary_large_image","twitter_misc":{"Written by":"manadmin","Est. reading time":"3 minutes"},"schema":{"@context":"https:\/\/schema.org","@graph":[{"@type":"Article","@id":"https:\/\/fadeu.urantiacos.cl\/en\/2019\/10\/08\/estudiantes-de-la-escuela-de-arquitectura-participaron-de-seminario-y-workshop-en-construccion-bioclimatica-en-madera\/#article","isPartOf":{"@id":"https:\/\/fadeu.urantiacos.cl\/en\/2019\/10\/08\/estudiantes-de-la-escuela-de-arquitectura-participaron-de-seminario-y-workshop-en-construccion-bioclimatica-en-madera\/"},"author":{"name":"manadmin","@id":"https:\/\/fadeu.urantiacos.cl\/en\/#\/schema\/person\/d203e2e84b1c40275eac77b3061a19a2"},"headline":"Estudiantes de la escuela de Arquitectura participaron de seminario y workshop en Construcci\u00f3n Bioclim\u00e1tica en Madera","datePublished":"2019-10-08T18:13:00+00:00","dateModified":"2023-09-15T18:23:42+00:00","mainEntityOfPage":{"@id":"https:\/\/fadeu.urantiacos.cl\/en\/2019\/10\/08\/estudiantes-de-la-escuela-de-arquitectura-participaron-de-seminario-y-workshop-en-construccion-bioclimatica-en-madera\/"},"wordCount":700,"commentCount":0,"image":{"@id":"https:\/\/fadeu.urantiacos.cl\/en\/2019\/10\/08\/estudiantes-de-la-escuela-de-arquitectura-participaron-de-seminario-y-workshop-en-construccion-bioclimatica-en-madera\/#primaryimage"},"thumbnailUrl":"https:\/\/fadeu.urantiacos.cl\/wp-content\/uploads\/2023\/09\/SEMINARIO_ARQ_WEB.jpg","articleSection":["Sin categorizar"],"inLanguage":"en-US","potentialAction":[{"@type":"CommentAction","name":"Comment","target":["https:\/\/fadeu.urantiacos.cl\/en\/2019\/10\/08\/estudiantes-de-la-escuela-de-arquitectura-participaron-de-seminario-y-workshop-en-construccion-bioclimatica-en-madera\/#respond"]}]},{"@type":"WebPage","@id":"https:\/\/fadeu.urantiacos.cl\/en\/2019\/10\/08\/estudiantes-de-la-escuela-de-arquitectura-participaron-de-seminario-y-workshop-en-construccion-bioclimatica-en-madera\/","url":"https:\/\/fadeu.urantiacos.cl\/en\/2019\/10\/08\/estudiantes-de-la-escuela-de-arquitectura-participaron-de-seminario-y-workshop-en-construccion-bioclimatica-en-madera\/","name":"Estudiantes de la escuela de Arquitectura participaron de seminario y workshop en Construcci\u00f3n Bioclim\u00e1tica en Madera - Facultad de Arquitectura, Dise\u00f1o y Estudios Urbanos","isPartOf":{"@id":"https:\/\/fadeu.urantiacos.cl\/en\/#website"},"primaryImageOfPage":{"@id":"https:\/\/fadeu.urantiacos.cl\/en\/2019\/10\/08\/estudiantes-de-la-escuela-de-arquitectura-participaron-de-seminario-y-workshop-en-construccion-bioclimatica-en-madera\/#primaryimage"},"image":{"@id":"https:\/\/fadeu.urantiacos.cl\/en\/2019\/10\/08\/estudiantes-de-la-escuela-de-arquitectura-participaron-de-seminario-y-workshop-en-construccion-bioclimatica-en-madera\/#primaryimage"},"thumbnailUrl":"https:\/\/fadeu.urantiacos.cl\/wp-content\/uploads\/2023\/09\/SEMINARIO_ARQ_WEB.jpg","datePublished":"2019-10-08T18:13:00+00:00","dateModified":"2023-09-15T18:23:42+00:00","author":{"@id":"https:\/\/fadeu.urantiacos.cl\/en\/#\/schema\/person\/d203e2e84b1c40275eac77b3061a19a2"},"description":"Durante la \u00faltima semana de septiembre, los profesores de la escuela de Arquitectura UC, Cristi\u00e1n Schmitt y Diego Arroyo, junto con el profesor de la escuela de Arquitectura de la Universidad San Sebasti\u00e1n y arquitecto UC Cristi\u00e1n Larra\u00edn, organizaron el Seminario y Workshop \u201cConstrucci\u00f3n Bioclim\u00e1tica en Madera: Dise\u00f1o y Prefabricaci\u00f3n\u201d que analiz\u00f3 los procesos edificatorios de sistemas prefabricados en madera por medio del desarrollo de una obra construida a trav\u00e9s de la metodolog\u00eda \u201cDesign\/Build\u201d.","breadcrumb":{"@id":"https:\/\/fadeu.urantiacos.cl\/en\/2019\/10\/08\/estudiantes-de-la-escuela-de-arquitectura-participaron-de-seminario-y-workshop-en-construccion-bioclimatica-en-madera\/#breadcrumb"},"inLanguage":"en-US","potentialAction":[{"@type":"ReadAction","target":["https:\/\/fadeu.urantiacos.cl\/en\/2019\/10\/08\/estudiantes-de-la-escuela-de-arquitectura-participaron-de-seminario-y-workshop-en-construccion-bioclimatica-en-madera\/"]}]},{"@type":"ImageObject","inLanguage":"en-US","@id":"https:\/\/fadeu.urantiacos.cl\/en\/2019\/10\/08\/estudiantes-de-la-escuela-de-arquitectura-participaron-de-seminario-y-workshop-en-construccion-bioclimatica-en-madera\/#primaryimage","url":"https:\/\/fadeu.urantiacos.cl\/wp-content\/uploads\/2023\/09\/SEMINARIO_ARQ_WEB.jpg","contentUrl":"https:\/\/fadeu.urantiacos.cl\/wp-content\/uploads\/2023\/09\/SEMINARIO_ARQ_WEB.jpg","width":350,"height":250},{"@type":"BreadcrumbList","@id":"https:\/\/fadeu.urantiacos.cl\/en\/2019\/10\/08\/estudiantes-de-la-escuela-de-arquitectura-participaron-de-seminario-y-workshop-en-construccion-bioclimatica-en-madera\/#breadcrumb","itemListElement":[{"@type":"ListItem","position":1,"name":"Portada","item":"https:\/\/fadeu.urantiacos.cl\/en\/"},{"@type":"ListItem","position":2,"name":"Estudiantes de la escuela de Arquitectura participaron de seminario y workshop en Construcci\u00f3n Bioclim\u00e1tica en Madera"}]},{"@type":"WebSite","@id":"https:\/\/fadeu.urantiacos.cl\/en\/#website","url":"https:\/\/fadeu.urantiacos.cl\/en\/","name":"Facultad de Arquitectura, Dise\u00f1o y Estudios Urbanos","description":"Campus Lo Contador","potentialAction":[{"@type":"SearchAction","target":{"@type":"EntryPoint","urlTemplate":"https:\/\/fadeu.urantiacos.cl\/en\/?s={search_term_string}"},"query-input":{"@type":"PropertyValueSpecification","valueRequired":true,"valueName":"search_term_string"}}],"inLanguage":"en-US"},{"@type":"Person","@id":"https:\/\/fadeu.urantiacos.cl\/en\/#\/schema\/person\/d203e2e84b1c40275eac77b3061a19a2","name":"manadmin","image":{"@type":"ImageObject","inLanguage":"en-US","@id":"https:\/\/fadeu.urantiacos.cl\/en\/#\/schema\/person\/image\/","url":"https:\/\/secure.gravatar.com\/avatar\/4b1d8e3303b4a9d8968ac578947d8bc80d9aea359f388cdd4aac15cadc0e8447?s=96&d=mm&r=g","contentUrl":"https:\/\/secure.gravatar.com\/avatar\/4b1d8e3303b4a9d8968ac578947d8bc80d9aea359f388cdd4aac15cadc0e8447?s=96&d=mm&r=g","caption":"manadmin"},"sameAs":["https:\/\/fadeu.urantiacos.cl"]}]}},"_links":{"self":[{"href":"https:\/\/fadeu.urantiacos.cl\/en\/wp-json\/wp\/v2\/posts\/10188","targetHints":{"allow":["GET"]}}],"collection":[{"href":"https:\/\/fadeu.urantiacos.cl\/en\/wp-json\/wp\/v2\/posts"}],"about":[{"href":"https:\/\/fadeu.urantiacos.cl\/en\/wp-json\/wp\/v2\/types\/post"}],"author":[{"embeddable":true,"href":"https:\/\/fadeu.urantiacos.cl\/en\/wp-json\/wp\/v2\/users\/1"}],"replies":[{"embeddable":true,"href":"https:\/\/fadeu.urantiacos.cl\/en\/wp-json\/wp\/v2\/comments?post=10188"}],"version-history":[{"count":1,"href":"https:\/\/fadeu.urantiacos.cl\/en\/wp-json\/wp\/v2\/posts\/10188\/revisions"}],"predecessor-version":[{"id":10192,"href":"https:\/\/fadeu.urantiacos.cl\/en\/wp-json\/wp\/v2\/posts\/10188\/revisions\/10192"}],"wp:featuredmedia":[{"embeddable":true,"href":"https:\/\/fadeu.urantiacos.cl\/en\/wp-json\/wp\/v2\/media\/10189"}],"wp:attachment":[{"href":"https:\/\/fadeu.urantiacos.cl\/en\/wp-json\/wp\/v2\/media?parent=10188"}],"wp:term":[{"taxonomy":"category","embeddable":true,"href":"https:\/\/fadeu.urantiacos.cl\/en\/wp-json\/wp\/v2\/categories?post=10188"},{"taxonomy":"post_tag","embeddable":true,"href":"https:\/\/fadeu.urantiacos.cl\/en\/wp-json\/wp\/v2\/tags?post=10188"}],"curies":[{"name":"wp","href":"https:\/\/api.w.org\/{rel}","templated":true}]}}