{"id":10168,"date":"2019-10-09T21:50:00","date_gmt":"2019-10-10T00:50:00","guid":{"rendered":"https:\/\/fadeu.urantiacos.cl\/?p=10168"},"modified":"2023-09-15T14:54:08","modified_gmt":"2023-09-15T17:54:08","slug":"escuela-de-arquitectura-uc-en-la-xxi-bienal-de-arquitectura-y-urbanismo-de-chile-feria-libre-de-arquitectura","status":"publish","type":"post","link":"https:\/\/fadeu.urantiacos.cl\/en\/2019\/10\/09\/escuela-de-arquitectura-uc-en-la-xxi-bienal-de-arquitectura-y-urbanismo-de-chile-feria-libre-de-arquitectura\/","title":{"rendered":"Escuela de Arquitectura UC en la XXI Bienal de Arquitectura y Urbanismo de Chile \u201cFeria Libre de Arquitectura\u201d"},"content":{"rendered":"\n<figure class=\"wp-block-image size-full\"><img decoding=\"async\" width=\"350\" height=\"250\" src=\"https:\/\/fadeu.urantiacos.cl\/wp-content\/uploads\/2023\/09\/bienal_arq_uc.jpg\" alt=\"\" class=\"wp-image-10169\" srcset=\"https:\/\/fadeu.urantiacos.cl\/wp-content\/uploads\/2023\/09\/bienal_arq_uc.jpg 350w, https:\/\/fadeu.urantiacos.cl\/wp-content\/uploads\/2023\/09\/bienal_arq_uc-300x214.jpg 300w\" sizes=\"(max-width: 350px) 100vw, 350px\" \/><\/figure>\n\n\n\n<p>La XXI versi\u00f3n de la Bienal de Arquitectura y Urbanismo de Chile se presenta como una \u201cFeria Libre de Arquitectura\u201d centrando su trabajo en la arquitectura \u201ccom\u00fan y corriente\u201d, es decir, aquella que busca entregar soluciones para los \u201cni tan ricos, ni tan pobres\u201d, considerando que durante las \u00faltimas d\u00e9cadas se han puesto en valor las grandes obras o, en oposici\u00f3n, la arquitectura de la pobreza y que, as\u00ed, se han dejado fuera de la discusi\u00f3n los deseos y necesidades de la mayor\u00eda.<\/p>\n\n\n\n<p>El certamen fue inaugurado oficialmente el 03 de octubre en una ceremonia que tuvo como invitado internacional al reconocido arquitecto espa\u00f1ol Andr\u00e9s Jaque, quien en 2014 recibi\u00f3 el Le\u00f3n de Plata al Mejor Proyecto e Investigaci\u00f3n de la 14\u00b0 Bienal de Venecia; en 2015 gan\u00f3 el prestigioso concurso \u201cYoung Architects Program\u201d (Programa de J\u00f3venes Arquitectos) del MoMA PS1 en Nueva York; y en 2016 el Premio \u201cFrederick Kiesler\u201d, que distingue trayectorias desarrolladas en los l\u00edmites del arte y la arquitectura.<\/p>\n\n\n\n<p>La ceremonia de inauguraci\u00f3n cont\u00f3 con la participaci\u00f3n del alcalde de Santiago, Felipe Alessandri; la Presidenta del Comit\u00e9 de Administraci\u00f3n Mercado Matadero Franklin, Olimpia Nadales; el Presidente del Colegio de Arquitectos de Chile -organizadores de la Bienal-, Humberto Eliash; y el equipo curatorial de la Bienal compuesto por Beatriz Coeff\u00e9, Joaqu\u00edn Gonz\u00e1lez, Vesna Obilinovic, Juan Pablo Urrutia y Tom\u00e1s Villal\u00f3n, quienes presentaron su \u201cManifiesto\u201d sobre lo com\u00fan y lo corriente.<\/p>\n\n\n\n<p>Una vez concluida la ceremonia se inaugur\u00f3 la muestra en el Galp\u00f3n del Matadero Franklin, la que estar\u00e1 abierta a todo p\u00fablico mientras se desarrolle la Bienal, y en la que la Escuela de Arquitectura UC se har\u00e1 presente a trav\u00e9s de la exhibici\u00f3n &#8220;Postales barriales: Lo extraordinario de lo cotidiano&#8221;, referida a relevar el debate sobre arquitectura, densificaci\u00f3n y regeneraci\u00f3n de barrios en base a las investigaciones del lote 9&#215;18, equipo curatorial integrado por los profesores Rodrigo Tapia, Elke Schlack, Rosanna Forray, Jos\u00e9 Di Girolamo, Cristi\u00e1n Robertson, Andrea Urbina, Sebasti\u00e1n Mu\u00f1oz, Fernanda G\u00f3mez y Tai Lin, junto a las estudiantes Fernanda Urquiza y Laura Viada.<\/p>\n\n\n\n<p>Asimismo, el d\u00eda anterior, se realiz\u00f3 una primera apertura a la prensa a las 12:30 a la que fueron invitados ministros y autoridades de diferentes sectores, adem\u00e1s de decanos y directores, instancia en la que participaron tanto el decano de la Facultad de Arquitectura, Dise\u00f1o y Estudios Urbanos UC, Mario Ubilla, como el director de la Escuela de Arquitectura UC, Luis Eduardo Bresciani.<\/p>\n\n\n\n<p>Paralelamente, la escuela se encuentra participando en el workshop \u201cEspacio Com\u00fan: Estrategias de recuperaci\u00f3n y activaci\u00f3n de nuevos espacios p\u00fablicos barrio Matadero Franklin\u201d, del 04 al 12 de octubre, equipo integrado por los profesores ARQ UC Gerardo Bambach, Nicol\u00e1s Maturana, David Quezada y Joaqu\u00edn Serrano, junto a los estudiantes Gonzalo Subiabre, Julia Bustamante, Jer\u00f3nimo Murillo, Mart\u00edn Lira, Sergio Fuenzalida y Caterina Cameli. A esta actividad se sumar\u00e1n los siguientes eventos en los que participar\u00e1n profesores y arquitectos ARQ UC:<\/p>\n\n\n\n<p><a href=\"https:\/\/www.bienalarquitectura.cl\/evento\/conferencia-teodoro-fernandez\/?instance_id=161\">Conferencia de Teodoro Ferm\u00e1ndez<\/a><br>Fecha_<br>08 de octubre de 2019, 18 h<br>Lugar_<br>Teatro Huemul<br>B\u00edo B\u00edo 1367, Santiago<br>Organiza_<br>Equipo curatorial de la XXI Bienal de Arquitectura y Urbanismo de Chile<\/p>\n\n\n\n<p><a href=\"https:\/\/www.bienalarquitectura.cl\/evento\/conferencia-elemental\/?instance_id=156\">Conferencia de Elemental<\/a><br>Fecha_<br>11 octubre de 2019, 18 h<br>Lugar_<br>Teatro Huemul<br>B\u00edo B\u00edo 1367, Santiago<br>Organiza_<br>Equipo curatorial de la XXI Bienal de Arquitectura y Urbanismo de Chile<\/p>\n\n\n\n<p><a href=\"https:\/\/www.bienalarquitectura.cl\/evento\/vivienda-colectiva-como-regeneracion-barrial\/?instance_id=70\">Exhibici\u00f3n \u201cVivienda colectiva c\u00f3mo regeneraci\u00f3n barrial<\/a>&#8221;&nbsp;<\/p>\n\n\n\n<p>Presentaci\u00f3n de los resultados del taller integrado de arquitectura UCH + PUC\u201d<br>Fecha_<br>15 octubre de 2019, 18:30 \u2013 20:30 h<br>Lugar_<br>Manduca<br>Roberto Espinoza 1906, Santiago<br>Organiza_<br>Facultad de Arquitectura y Urbanismo Universidad de Chile + Escuela de Arquitectura Pontificia Universidad Cat\u00f3lica de Chile<\/p>\n\n\n\n<p><a href=\"https:\/\/www.bienalarquitectura.cl\/evento\/foro-medios-de-produccion-en-arquitectura\/?instance_id=219\">Foro: Medios de producci\u00f3n en arquitectura<\/a><br>Participan los profesores ARQ UC Gabriela Garc\u00eda de Cort\u00e1zar, Alejandra Celed\u00f3n, Patricio Mardones y Fernando Port\u00e1l, junto al arquitecto UC Anton Zu Knyphausen.<br>Fecha_<br>16 octubre de 2019, 17 h<br>Lugar_<br>Galp\u00f3n Matadero<br>B\u00edo B\u00edo 898, Santiago<br>Organiza_<br>PRIMA<\/p>\n\n\n\n<p><a href=\"https:\/\/www.bienalarquitectura.cl\/evento\/proyectos-de-arquitectura-publica\/?instance_id=87\">Seminario \u201cProyectos de arquitectura p\u00fablica\u201d<\/a><br>Participa el profesor ARQ UC, Alberto Moletto<br>Fecha_<br>17 octubre de 2019, 17 h<br>Lugar_<br>Galp\u00f3n Matadero<br>B\u00edo B\u00edo 898, Santiago<br>Organiza_<br>Ministerio de Obras P\u00fablicas<\/p>\n\n\n\n<p><a href=\"https:\/\/www.bienalarquitectura.cl\/evento\/dialogos-e-intervenciones-en-patrimonio\/?instance_id=82\">Seminario \u201cDi\u00e1logos e intervenciones en patrimonio\u201d<\/a><br>Participa el profesor y arquitecto ARQ UC Dino Bozzi<br>Fecha_<br>17 octubre de 2019, 10:00 \u2013 12:00 h<br>Lugar_<br>Galp\u00f3n Matadero<br>B\u00edo B\u00edo 898, Santiago<br>Organiza_<br>Ministerio de Obras P\u00fablicas<\/p>\n\n\n\n<p><a href=\"https:\/\/www.bienalarquitectura.cl\/evento\/foro-localidad-cultura-y-arquitectura\/?instance_id=140\">Foro \u201cLocalidad, cultura y arquitectura\u201d<\/a><br>Participan los arquitectos y profesores ARQ UC Crist\u00f3bal Tirado y Loreto Lyon<br>Fecha_<br>19 octubre de 2019, 17:30 h<br>Lugar_<br>Teatro Huemul<br>Los Algarrobos 2167, Santiago Centro<br>Organiza_<br>Equipo Curatorial de leXXI Bienal de Arquitectura y Urbanismo de Chile<\/p>\n\n\n\n<p><a href=\"http:\/\/arquitectura.uc.cl\/extension\/agenda\/4275-oct-23-seminario-regeneracion-urbana-miradas-cruzadas-hacia-la-vivienda-colaborativa.html\">Seminario &#8220;Regeneraci\u00f3n Urbana: Miradas Cruzadas hacia la vivienda colaborativa&#8221;<\/a><br>Fecha_<br>Mi\u00e9rcoles 23 de octubre de 2019, 8.30 a 13.00 h<br>Lugar_<br>Teatro Huemul<br>Los Algarrobos 2167, Santiago Centro<br>Organiza_<br>Escuela de Arquitectura UC<br>Laboratorio 9&#215;18<br>Colabora_<br>Universidad TU Delft<br>XXI Bienal de Arquitectura y Urbanismo de Chile<\/p>\n\n\n\n<p><a href=\"http:\/\/arquitectura.uc.cl\/extension\/agenda\/4279-oct-23-presentacion-libro-el-acantilado-de-valparaiso-un-balcon-urbano-rodrigo-perez-de-arce.html\">Lanzamiento del libro \u201cEl acantilado de Valpara\u00edso. Un balc\u00f3n urbano\u201d<\/a>&nbsp;del arquitecto y profesor UC, Rodrigo P\u00e9rez de Arce<br>Fecha_<br>Mi\u00e9rcoles 23 de octubre de 2019, 17.30-19.00 h<br>Lugar_<br>Galp\u00f3n Matadero<br>B\u00edo B\u00edo 898, Santiago<br>Organiza_<br>Ediciones UC<br>Ediciones ARQ<\/p>\n\n\n\n<p><a href=\"https:\/\/www.bienalarquitectura.cl\/evento\/barrio-franklin-2030\/?instance_id=8\">Seminario \u201cBarrio Franklin 2030\u201d<\/a><br>Participan los profesores ARQ UC Thomas Batzenschlager, Diego Grass y Nicol\u00e1s Stutzin.<br>Fecha_<br>25 octubre de 2019, 14:00 h<br>Lugar_<br>Galp\u00f3n Matadero<br>B\u00edo B\u00edo 898, Santiago<br>Organiza_<br>Universidad Diego Portales<\/p>\n\n\n\n<p><a href=\"https:\/\/www.bienalarquitectura.cl\/evento\/foro-territorio-comunidad-y-conflicto-2\/?instance_id=366\">Foro \u201dTerritorio, comunidad y conflicto\u201d<\/a><br>Presentaci\u00f3n de resultados del Workshop Archiprix Internacional 2019 que trabaj\u00f3 en el barrio Franklin bajo el enunciado \u201cTerritorios en conflicto, comunidades en conflicto\u201d.&nbsp;Participan Luis Eduardo Bresciani L., director de Escuela Arquitectura UC y Antonio Lipthay, jefe del Mag\u00edster en Proyecto Urbano UC.<br>Fecha_<br>25 octubre de 2019, 17:00 h<br>Lugar_<br>Teatro Huemul<br>B\u00edo B\u00edo 1367, Santiago<br>Organiza_<br>Equipo Curatorial de la XXI Bienal de Arquitectura y Urbanismo de Chile<\/p>\n\n\n\n<p><a href=\"https:\/\/www.bienalarquitectura.cl\/evento\/presentacion-libro-popular-architecture\/?instance_id=179\">Presentaci\u00f3n del libro \u201cPopular architecture\u201d<\/a><\/p>\n\n\n\n<p>Libro del profesor ARQ UC Alejandro Soffia<\/p>\n\n\n\n<p>Fecha_<br>26 octubre de 2019, 12:00 h<br>Lugar_<br>Persa V\u00edctor Manuel<br>V\u00edctor Manuel 2220, Santiago<br>Organiza_<br>Alejandro Soffia<\/p>\n\n\n\n<figure class=\"wp-block-image size-full\"><img decoding=\"async\" width=\"1024\" height=\"684\" src=\"https:\/\/fadeu.urantiacos.cl\/wp-content\/uploads\/2023\/09\/DSCF6351.jpg\" alt=\"\" class=\"wp-image-10173\" srcset=\"https:\/\/fadeu.urantiacos.cl\/wp-content\/uploads\/2023\/09\/DSCF6351.jpg 1024w, https:\/\/fadeu.urantiacos.cl\/wp-content\/uploads\/2023\/09\/DSCF6351-300x200.jpg 300w, https:\/\/fadeu.urantiacos.cl\/wp-content\/uploads\/2023\/09\/DSCF6351-768x513.jpg 768w\" sizes=\"(max-width: 1024px) 100vw, 1024px\" \/><\/figure>\n\n\n\n<figure class=\"wp-block-image size-full\"><img decoding=\"async\" width=\"1024\" height=\"684\" src=\"https:\/\/fadeu.urantiacos.cl\/wp-content\/uploads\/2023\/09\/DSCF6370.jpg\" alt=\"\" class=\"wp-image-10174\" srcset=\"https:\/\/fadeu.urantiacos.cl\/wp-content\/uploads\/2023\/09\/DSCF6370.jpg 1024w, https:\/\/fadeu.urantiacos.cl\/wp-content\/uploads\/2023\/09\/DSCF6370-300x200.jpg 300w, https:\/\/fadeu.urantiacos.cl\/wp-content\/uploads\/2023\/09\/DSCF6370-768x513.jpg 768w\" sizes=\"(max-width: 1024px) 100vw, 1024px\" \/><\/figure>\n\n\n\n<figure class=\"wp-block-image size-full\"><img decoding=\"async\" width=\"684\" height=\"1024\" src=\"https:\/\/fadeu.urantiacos.cl\/wp-content\/uploads\/2023\/09\/DSCF6363.jpg\" alt=\"\" class=\"wp-image-10175\" srcset=\"https:\/\/fadeu.urantiacos.cl\/wp-content\/uploads\/2023\/09\/DSCF6363.jpg 684w, https:\/\/fadeu.urantiacos.cl\/wp-content\/uploads\/2023\/09\/DSCF6363-200x300.jpg 200w\" sizes=\"(max-width: 684px) 100vw, 684px\" \/><\/figure>\n\n\n\n<figure class=\"wp-block-image size-full\"><img decoding=\"async\" width=\"960\" height=\"768\" src=\"https:\/\/fadeu.urantiacos.cl\/wp-content\/uploads\/2023\/09\/DSCF6350.jpg\" alt=\"\" class=\"wp-image-10176\" srcset=\"https:\/\/fadeu.urantiacos.cl\/wp-content\/uploads\/2023\/09\/DSCF6350.jpg 960w, https:\/\/fadeu.urantiacos.cl\/wp-content\/uploads\/2023\/09\/DSCF6350-300x240.jpg 300w, https:\/\/fadeu.urantiacos.cl\/wp-content\/uploads\/2023\/09\/DSCF6350-768x614.jpg 768w\" sizes=\"(max-width: 960px) 100vw, 960px\" \/><\/figure>\n\n\n\n<figure class=\"wp-block-image size-full\"><img decoding=\"async\" width=\"684\" height=\"1024\" src=\"https:\/\/fadeu.urantiacos.cl\/wp-content\/uploads\/2023\/09\/DSCF6310__1.jpg\" alt=\"\" class=\"wp-image-10177\" srcset=\"https:\/\/fadeu.urantiacos.cl\/wp-content\/uploads\/2023\/09\/DSCF6310__1.jpg 684w, https:\/\/fadeu.urantiacos.cl\/wp-content\/uploads\/2023\/09\/DSCF6310__1-200x300.jpg 200w\" sizes=\"(max-width: 684px) 100vw, 684px\" \/><\/figure>\n\n\n\n<figure class=\"wp-block-image size-full\"><img decoding=\"async\" width=\"960\" height=\"768\" src=\"https:\/\/fadeu.urantiacos.cl\/wp-content\/uploads\/2023\/09\/DSCF6334.jpg\" alt=\"\" class=\"wp-image-10178\" srcset=\"https:\/\/fadeu.urantiacos.cl\/wp-content\/uploads\/2023\/09\/DSCF6334.jpg 960w, https:\/\/fadeu.urantiacos.cl\/wp-content\/uploads\/2023\/09\/DSCF6334-300x240.jpg 300w, https:\/\/fadeu.urantiacos.cl\/wp-content\/uploads\/2023\/09\/DSCF6334-768x614.jpg 768w\" sizes=\"(max-width: 960px) 100vw, 960px\" \/><\/figure>\n\n\n\n<figure class=\"wp-block-image size-full\"><img decoding=\"async\" width=\"684\" height=\"1024\" src=\"https:\/\/fadeu.urantiacos.cl\/wp-content\/uploads\/2023\/09\/DSCF6331.jpg\" alt=\"\" class=\"wp-image-10179\" srcset=\"https:\/\/fadeu.urantiacos.cl\/wp-content\/uploads\/2023\/09\/DSCF6331.jpg 684w, https:\/\/fadeu.urantiacos.cl\/wp-content\/uploads\/2023\/09\/DSCF6331-200x300.jpg 200w\" sizes=\"(max-width: 684px) 100vw, 684px\" \/><\/figure>\n\n\n\n<figure class=\"wp-block-image size-full\"><img decoding=\"async\" width=\"960\" height=\"768\" src=\"https:\/\/fadeu.urantiacos.cl\/wp-content\/uploads\/2023\/09\/DSCF6329.jpg\" alt=\"\" class=\"wp-image-10180\" srcset=\"https:\/\/fadeu.urantiacos.cl\/wp-content\/uploads\/2023\/09\/DSCF6329.jpg 960w, https:\/\/fadeu.urantiacos.cl\/wp-content\/uploads\/2023\/09\/DSCF6329-300x240.jpg 300w, https:\/\/fadeu.urantiacos.cl\/wp-content\/uploads\/2023\/09\/DSCF6329-768x614.jpg 768w\" sizes=\"(max-width: 960px) 100vw, 960px\" \/><\/figure>\n\n\n\n<figure class=\"wp-block-image size-full\"><img decoding=\"async\" width=\"1024\" height=\"684\" src=\"https:\/\/fadeu.urantiacos.cl\/wp-content\/uploads\/2023\/09\/DSCF6309.jpg\" alt=\"\" class=\"wp-image-10181\" srcset=\"https:\/\/fadeu.urantiacos.cl\/wp-content\/uploads\/2023\/09\/DSCF6309.jpg 1024w, https:\/\/fadeu.urantiacos.cl\/wp-content\/uploads\/2023\/09\/DSCF6309-300x200.jpg 300w, https:\/\/fadeu.urantiacos.cl\/wp-content\/uploads\/2023\/09\/DSCF6309-768x513.jpg 768w\" sizes=\"(max-width: 1024px) 100vw, 1024px\" \/><\/figure>\n\n\n\n<p>Fotograf\u00edas de la exhibici\u00f3n de la Escuela de Arquitectura UC en la Muestra de la Feria Libre de Arquitectura. \u00a9Equipo de Extensi\u00f3n ARQ UC<\/p>\n\n\n\n<p>Noticias<br>Contacto:&nbsp;<a href=\"mailto:redesarq@uc.cl\">redesarq@uc.cl<\/a>&nbsp;| +56 2 2354 7747<br>www.arquitectura.uc.cl<\/p>\n","protected":false},"excerpt":{"rendered":"<p>Del 3 al 27 de octubre se desplegar\u00e1n cerca de 250 actividades en el contexto de la XXI versi\u00f3n de la Bienal de Arquitectura y Urbanismo de Chile, las que se realizar\u00e1n en el Barrio Franklin en Santiago y en espacios emblem\u00e1ticos de las ciudades de Iquique, La Serena y Puerto Montt. La Escuela de Arquitectura UC participar\u00e1 activamente de este programa p\u00fablico a trav\u00e9s de exhibiciones, seminarios, charlas, lanzamientos y workshops.<\/p>\n","protected":false},"author":1,"featured_media":10169,"comment_status":"open","ping_status":"open","sticky":false,"template":"","format":"standard","meta":{"_acf_changed":false,"footnotes":""},"categories":[1],"tags":[],"class_list":["post-10168","post","type-post","status-publish","format-standard","has-post-thumbnail","hentry","category-sin-categorizar"],"acf":[],"yoast_head":"<!-- This site is optimized with the Yoast SEO plugin v27.1.1 - https:\/\/yoast.com\/product\/yoast-seo-wordpress\/ -->\n<title>Escuela de Arquitectura UC en la XXI Bienal de Arquitectura y Urbanismo de Chile \u201cFeria Libre de Arquitectura\u201d - Facultad de Arquitectura, Dise\u00f1o y Estudios Urbanos<\/title>\n<meta name=\"description\" content=\"Del 3 al 27 de octubre se desplegar\u00e1n cerca de 250 actividades en el contexto de la XXI versi\u00f3n de la Bienal de Arquitectura y Urbanismo de Chile, las que se realizar\u00e1n en el Barrio Franklin en Santiago y en espacios emblem\u00e1ticos de las ciudades de Iquique, La Serena y Puerto Montt. La Escuela de Arquitectura UC participar\u00e1 activamente de este programa p\u00fablico a trav\u00e9s de exhibiciones, seminarios, charlas, lanzamientos y workshops.\" \/>\n<meta name=\"robots\" content=\"index, follow, max-snippet:-1, max-image-preview:large, max-video-preview:-1\" \/>\n<link rel=\"canonical\" href=\"https:\/\/fadeu.urantiacos.cl\/en\/2019\/10\/09\/escuela-de-arquitectura-uc-en-la-xxi-bienal-de-arquitectura-y-urbanismo-de-chile-feria-libre-de-arquitectura\/\" \/>\n<meta property=\"og:locale\" content=\"en_US\" \/>\n<meta property=\"og:type\" content=\"article\" \/>\n<meta property=\"og:title\" content=\"Escuela de Arquitectura UC en la XXI Bienal de Arquitectura y Urbanismo de Chile \u201cFeria Libre de Arquitectura\u201d - Facultad de Arquitectura, Dise\u00f1o y Estudios Urbanos\" \/>\n<meta property=\"og:description\" content=\"Del 3 al 27 de octubre se desplegar\u00e1n cerca de 250 actividades en el contexto de la XXI versi\u00f3n de la Bienal de Arquitectura y Urbanismo de Chile, las que se realizar\u00e1n en el Barrio Franklin en Santiago y en espacios emblem\u00e1ticos de las ciudades de Iquique, La Serena y Puerto Montt. La Escuela de Arquitectura UC participar\u00e1 activamente de este programa p\u00fablico a trav\u00e9s de exhibiciones, seminarios, charlas, lanzamientos y workshops.\" \/>\n<meta property=\"og:url\" content=\"https:\/\/fadeu.urantiacos.cl\/en\/2019\/10\/09\/escuela-de-arquitectura-uc-en-la-xxi-bienal-de-arquitectura-y-urbanismo-de-chile-feria-libre-de-arquitectura\/\" \/>\n<meta property=\"og:site_name\" content=\"Facultad de Arquitectura, Dise\u00f1o y Estudios Urbanos\" \/>\n<meta property=\"article:published_time\" content=\"2019-10-10T00:50:00+00:00\" \/>\n<meta property=\"article:modified_time\" content=\"2023-09-15T17:54:08+00:00\" \/>\n<meta property=\"og:image\" content=\"https:\/\/fadeu.urantiacos.cl\/wp-content\/uploads\/2023\/09\/bienal_arq_uc.jpg\" \/>\n\t<meta property=\"og:image:width\" content=\"350\" \/>\n\t<meta property=\"og:image:height\" content=\"250\" \/>\n\t<meta property=\"og:image:type\" content=\"image\/jpeg\" \/>\n<meta name=\"author\" content=\"manadmin\" \/>\n<meta name=\"twitter:card\" content=\"summary_large_image\" \/>\n<meta name=\"twitter:label1\" content=\"Written by\" \/>\n\t<meta name=\"twitter:data1\" content=\"manadmin\" \/>\n\t<meta name=\"twitter:label2\" content=\"Est. reading time\" \/>\n\t<meta name=\"twitter:data2\" content=\"5 minutes\" \/>\n<script type=\"application\/ld+json\" class=\"yoast-schema-graph\">{\"@context\":\"https:\/\/schema.org\",\"@graph\":[{\"@type\":\"Article\",\"@id\":\"https:\/\/fadeu.urantiacos.cl\/en\/2019\/10\/09\/escuela-de-arquitectura-uc-en-la-xxi-bienal-de-arquitectura-y-urbanismo-de-chile-feria-libre-de-arquitectura\/#article\",\"isPartOf\":{\"@id\":\"https:\/\/fadeu.urantiacos.cl\/en\/2019\/10\/09\/escuela-de-arquitectura-uc-en-la-xxi-bienal-de-arquitectura-y-urbanismo-de-chile-feria-libre-de-arquitectura\/\"},\"author\":{\"name\":\"manadmin\",\"@id\":\"https:\/\/fadeu.urantiacos.cl\/en\/#\/schema\/person\/d203e2e84b1c40275eac77b3061a19a2\"},\"headline\":\"Escuela de Arquitectura UC en la XXI Bienal de Arquitectura y Urbanismo de Chile \u201cFeria Libre de Arquitectura\u201d\",\"datePublished\":\"2019-10-10T00:50:00+00:00\",\"dateModified\":\"2023-09-15T17:54:08+00:00\",\"mainEntityOfPage\":{\"@id\":\"https:\/\/fadeu.urantiacos.cl\/en\/2019\/10\/09\/escuela-de-arquitectura-uc-en-la-xxi-bienal-de-arquitectura-y-urbanismo-de-chile-feria-libre-de-arquitectura\/\"},\"wordCount\":1019,\"commentCount\":0,\"image\":{\"@id\":\"https:\/\/fadeu.urantiacos.cl\/en\/2019\/10\/09\/escuela-de-arquitectura-uc-en-la-xxi-bienal-de-arquitectura-y-urbanismo-de-chile-feria-libre-de-arquitectura\/#primaryimage\"},\"thumbnailUrl\":\"https:\/\/fadeu.urantiacos.cl\/wp-content\/uploads\/2023\/09\/bienal_arq_uc.jpg\",\"articleSection\":[\"Sin categorizar\"],\"inLanguage\":\"en-US\",\"potentialAction\":[{\"@type\":\"CommentAction\",\"name\":\"Comment\",\"target\":[\"https:\/\/fadeu.urantiacos.cl\/en\/2019\/10\/09\/escuela-de-arquitectura-uc-en-la-xxi-bienal-de-arquitectura-y-urbanismo-de-chile-feria-libre-de-arquitectura\/#respond\"]}]},{\"@type\":\"WebPage\",\"@id\":\"https:\/\/fadeu.urantiacos.cl\/en\/2019\/10\/09\/escuela-de-arquitectura-uc-en-la-xxi-bienal-de-arquitectura-y-urbanismo-de-chile-feria-libre-de-arquitectura\/\",\"url\":\"https:\/\/fadeu.urantiacos.cl\/en\/2019\/10\/09\/escuela-de-arquitectura-uc-en-la-xxi-bienal-de-arquitectura-y-urbanismo-de-chile-feria-libre-de-arquitectura\/\",\"name\":\"Escuela de Arquitectura UC en la XXI Bienal de Arquitectura y Urbanismo de Chile \u201cFeria Libre de Arquitectura\u201d - Facultad de Arquitectura, Dise\u00f1o y Estudios Urbanos\",\"isPartOf\":{\"@id\":\"https:\/\/fadeu.urantiacos.cl\/en\/#website\"},\"primaryImageOfPage\":{\"@id\":\"https:\/\/fadeu.urantiacos.cl\/en\/2019\/10\/09\/escuela-de-arquitectura-uc-en-la-xxi-bienal-de-arquitectura-y-urbanismo-de-chile-feria-libre-de-arquitectura\/#primaryimage\"},\"image\":{\"@id\":\"https:\/\/fadeu.urantiacos.cl\/en\/2019\/10\/09\/escuela-de-arquitectura-uc-en-la-xxi-bienal-de-arquitectura-y-urbanismo-de-chile-feria-libre-de-arquitectura\/#primaryimage\"},\"thumbnailUrl\":\"https:\/\/fadeu.urantiacos.cl\/wp-content\/uploads\/2023\/09\/bienal_arq_uc.jpg\",\"datePublished\":\"2019-10-10T00:50:00+00:00\",\"dateModified\":\"2023-09-15T17:54:08+00:00\",\"author\":{\"@id\":\"https:\/\/fadeu.urantiacos.cl\/en\/#\/schema\/person\/d203e2e84b1c40275eac77b3061a19a2\"},\"description\":\"Del 3 al 27 de octubre se desplegar\u00e1n cerca de 250 actividades en el contexto de la XXI versi\u00f3n de la Bienal de Arquitectura y Urbanismo de Chile, las que se realizar\u00e1n en el Barrio Franklin en Santiago y en espacios emblem\u00e1ticos de las ciudades de Iquique, La Serena y Puerto Montt. La Escuela de Arquitectura UC participar\u00e1 activamente de este programa p\u00fablico a trav\u00e9s de exhibiciones, seminarios, charlas, lanzamientos y workshops.\",\"breadcrumb\":{\"@id\":\"https:\/\/fadeu.urantiacos.cl\/en\/2019\/10\/09\/escuela-de-arquitectura-uc-en-la-xxi-bienal-de-arquitectura-y-urbanismo-de-chile-feria-libre-de-arquitectura\/#breadcrumb\"},\"inLanguage\":\"en-US\",\"potentialAction\":[{\"@type\":\"ReadAction\",\"target\":[\"https:\/\/fadeu.urantiacos.cl\/en\/2019\/10\/09\/escuela-de-arquitectura-uc-en-la-xxi-bienal-de-arquitectura-y-urbanismo-de-chile-feria-libre-de-arquitectura\/\"]}]},{\"@type\":\"ImageObject\",\"inLanguage\":\"en-US\",\"@id\":\"https:\/\/fadeu.urantiacos.cl\/en\/2019\/10\/09\/escuela-de-arquitectura-uc-en-la-xxi-bienal-de-arquitectura-y-urbanismo-de-chile-feria-libre-de-arquitectura\/#primaryimage\",\"url\":\"https:\/\/fadeu.urantiacos.cl\/wp-content\/uploads\/2023\/09\/bienal_arq_uc.jpg\",\"contentUrl\":\"https:\/\/fadeu.urantiacos.cl\/wp-content\/uploads\/2023\/09\/bienal_arq_uc.jpg\",\"width\":350,\"height\":250},{\"@type\":\"BreadcrumbList\",\"@id\":\"https:\/\/fadeu.urantiacos.cl\/en\/2019\/10\/09\/escuela-de-arquitectura-uc-en-la-xxi-bienal-de-arquitectura-y-urbanismo-de-chile-feria-libre-de-arquitectura\/#breadcrumb\",\"itemListElement\":[{\"@type\":\"ListItem\",\"position\":1,\"name\":\"Portada\",\"item\":\"https:\/\/fadeu.urantiacos.cl\/en\/\"},{\"@type\":\"ListItem\",\"position\":2,\"name\":\"Escuela de Arquitectura UC en la XXI Bienal de Arquitectura y Urbanismo de Chile \u201cFeria Libre de Arquitectura\u201d\"}]},{\"@type\":\"WebSite\",\"@id\":\"https:\/\/fadeu.urantiacos.cl\/en\/#website\",\"url\":\"https:\/\/fadeu.urantiacos.cl\/en\/\",\"name\":\"Facultad de Arquitectura, Dise\u00f1o y Estudios Urbanos\",\"description\":\"Campus Lo Contador\",\"potentialAction\":[{\"@type\":\"SearchAction\",\"target\":{\"@type\":\"EntryPoint\",\"urlTemplate\":\"https:\/\/fadeu.urantiacos.cl\/en\/?s={search_term_string}\"},\"query-input\":{\"@type\":\"PropertyValueSpecification\",\"valueRequired\":true,\"valueName\":\"search_term_string\"}}],\"inLanguage\":\"en-US\"},{\"@type\":\"Person\",\"@id\":\"https:\/\/fadeu.urantiacos.cl\/en\/#\/schema\/person\/d203e2e84b1c40275eac77b3061a19a2\",\"name\":\"manadmin\",\"image\":{\"@type\":\"ImageObject\",\"inLanguage\":\"en-US\",\"@id\":\"https:\/\/fadeu.urantiacos.cl\/en\/#\/schema\/person\/image\/\",\"url\":\"https:\/\/secure.gravatar.com\/avatar\/4b1d8e3303b4a9d8968ac578947d8bc80d9aea359f388cdd4aac15cadc0e8447?s=96&d=mm&r=g\",\"contentUrl\":\"https:\/\/secure.gravatar.com\/avatar\/4b1d8e3303b4a9d8968ac578947d8bc80d9aea359f388cdd4aac15cadc0e8447?s=96&d=mm&r=g\",\"caption\":\"manadmin\"},\"sameAs\":[\"https:\/\/fadeu.urantiacos.cl\"]}]}<\/script>\n<!-- \/ Yoast SEO plugin. -->","yoast_head_json":{"title":"Escuela de Arquitectura UC en la XXI Bienal de Arquitectura y Urbanismo de Chile \u201cFeria Libre de Arquitectura\u201d - Facultad de Arquitectura, Dise\u00f1o y Estudios Urbanos","description":"Del 3 al 27 de octubre se desplegar\u00e1n cerca de 250 actividades en el contexto de la XXI versi\u00f3n de la Bienal de Arquitectura y Urbanismo de Chile, las que se realizar\u00e1n en el Barrio Franklin en Santiago y en espacios emblem\u00e1ticos de las ciudades de Iquique, La Serena y Puerto Montt. La Escuela de Arquitectura UC participar\u00e1 activamente de este programa p\u00fablico a trav\u00e9s de exhibiciones, seminarios, charlas, lanzamientos y workshops.","robots":{"index":"index","follow":"follow","max-snippet":"max-snippet:-1","max-image-preview":"max-image-preview:large","max-video-preview":"max-video-preview:-1"},"canonical":"https:\/\/fadeu.urantiacos.cl\/en\/2019\/10\/09\/escuela-de-arquitectura-uc-en-la-xxi-bienal-de-arquitectura-y-urbanismo-de-chile-feria-libre-de-arquitectura\/","og_locale":"en_US","og_type":"article","og_title":"Escuela de Arquitectura UC en la XXI Bienal de Arquitectura y Urbanismo de Chile \u201cFeria Libre de Arquitectura\u201d - Facultad de Arquitectura, Dise\u00f1o y Estudios Urbanos","og_description":"Del 3 al 27 de octubre se desplegar\u00e1n cerca de 250 actividades en el contexto de la XXI versi\u00f3n de la Bienal de Arquitectura y Urbanismo de Chile, las que se realizar\u00e1n en el Barrio Franklin en Santiago y en espacios emblem\u00e1ticos de las ciudades de Iquique, La Serena y Puerto Montt. La Escuela de Arquitectura UC participar\u00e1 activamente de este programa p\u00fablico a trav\u00e9s de exhibiciones, seminarios, charlas, lanzamientos y workshops.","og_url":"https:\/\/fadeu.urantiacos.cl\/en\/2019\/10\/09\/escuela-de-arquitectura-uc-en-la-xxi-bienal-de-arquitectura-y-urbanismo-de-chile-feria-libre-de-arquitectura\/","og_site_name":"Facultad de Arquitectura, Dise\u00f1o y Estudios Urbanos","article_published_time":"2019-10-10T00:50:00+00:00","article_modified_time":"2023-09-15T17:54:08+00:00","og_image":[{"width":350,"height":250,"url":"https:\/\/fadeu.urantiacos.cl\/wp-content\/uploads\/2023\/09\/bienal_arq_uc.jpg","type":"image\/jpeg"}],"author":"manadmin","twitter_card":"summary_large_image","twitter_misc":{"Written by":"manadmin","Est. reading time":"5 minutes"},"schema":{"@context":"https:\/\/schema.org","@graph":[{"@type":"Article","@id":"https:\/\/fadeu.urantiacos.cl\/en\/2019\/10\/09\/escuela-de-arquitectura-uc-en-la-xxi-bienal-de-arquitectura-y-urbanismo-de-chile-feria-libre-de-arquitectura\/#article","isPartOf":{"@id":"https:\/\/fadeu.urantiacos.cl\/en\/2019\/10\/09\/escuela-de-arquitectura-uc-en-la-xxi-bienal-de-arquitectura-y-urbanismo-de-chile-feria-libre-de-arquitectura\/"},"author":{"name":"manadmin","@id":"https:\/\/fadeu.urantiacos.cl\/en\/#\/schema\/person\/d203e2e84b1c40275eac77b3061a19a2"},"headline":"Escuela de Arquitectura UC en la XXI Bienal de Arquitectura y Urbanismo de Chile \u201cFeria Libre de Arquitectura\u201d","datePublished":"2019-10-10T00:50:00+00:00","dateModified":"2023-09-15T17:54:08+00:00","mainEntityOfPage":{"@id":"https:\/\/fadeu.urantiacos.cl\/en\/2019\/10\/09\/escuela-de-arquitectura-uc-en-la-xxi-bienal-de-arquitectura-y-urbanismo-de-chile-feria-libre-de-arquitectura\/"},"wordCount":1019,"commentCount":0,"image":{"@id":"https:\/\/fadeu.urantiacos.cl\/en\/2019\/10\/09\/escuela-de-arquitectura-uc-en-la-xxi-bienal-de-arquitectura-y-urbanismo-de-chile-feria-libre-de-arquitectura\/#primaryimage"},"thumbnailUrl":"https:\/\/fadeu.urantiacos.cl\/wp-content\/uploads\/2023\/09\/bienal_arq_uc.jpg","articleSection":["Sin categorizar"],"inLanguage":"en-US","potentialAction":[{"@type":"CommentAction","name":"Comment","target":["https:\/\/fadeu.urantiacos.cl\/en\/2019\/10\/09\/escuela-de-arquitectura-uc-en-la-xxi-bienal-de-arquitectura-y-urbanismo-de-chile-feria-libre-de-arquitectura\/#respond"]}]},{"@type":"WebPage","@id":"https:\/\/fadeu.urantiacos.cl\/en\/2019\/10\/09\/escuela-de-arquitectura-uc-en-la-xxi-bienal-de-arquitectura-y-urbanismo-de-chile-feria-libre-de-arquitectura\/","url":"https:\/\/fadeu.urantiacos.cl\/en\/2019\/10\/09\/escuela-de-arquitectura-uc-en-la-xxi-bienal-de-arquitectura-y-urbanismo-de-chile-feria-libre-de-arquitectura\/","name":"Escuela de Arquitectura UC en la XXI Bienal de Arquitectura y Urbanismo de Chile \u201cFeria Libre de Arquitectura\u201d - Facultad de Arquitectura, Dise\u00f1o y Estudios Urbanos","isPartOf":{"@id":"https:\/\/fadeu.urantiacos.cl\/en\/#website"},"primaryImageOfPage":{"@id":"https:\/\/fadeu.urantiacos.cl\/en\/2019\/10\/09\/escuela-de-arquitectura-uc-en-la-xxi-bienal-de-arquitectura-y-urbanismo-de-chile-feria-libre-de-arquitectura\/#primaryimage"},"image":{"@id":"https:\/\/fadeu.urantiacos.cl\/en\/2019\/10\/09\/escuela-de-arquitectura-uc-en-la-xxi-bienal-de-arquitectura-y-urbanismo-de-chile-feria-libre-de-arquitectura\/#primaryimage"},"thumbnailUrl":"https:\/\/fadeu.urantiacos.cl\/wp-content\/uploads\/2023\/09\/bienal_arq_uc.jpg","datePublished":"2019-10-10T00:50:00+00:00","dateModified":"2023-09-15T17:54:08+00:00","author":{"@id":"https:\/\/fadeu.urantiacos.cl\/en\/#\/schema\/person\/d203e2e84b1c40275eac77b3061a19a2"},"description":"Del 3 al 27 de octubre se desplegar\u00e1n cerca de 250 actividades en el contexto de la XXI versi\u00f3n de la Bienal de Arquitectura y Urbanismo de Chile, las que se realizar\u00e1n en el Barrio Franklin en Santiago y en espacios emblem\u00e1ticos de las ciudades de Iquique, La Serena y Puerto Montt. La Escuela de Arquitectura UC participar\u00e1 activamente de este programa p\u00fablico a trav\u00e9s de exhibiciones, seminarios, charlas, lanzamientos y workshops.","breadcrumb":{"@id":"https:\/\/fadeu.urantiacos.cl\/en\/2019\/10\/09\/escuela-de-arquitectura-uc-en-la-xxi-bienal-de-arquitectura-y-urbanismo-de-chile-feria-libre-de-arquitectura\/#breadcrumb"},"inLanguage":"en-US","potentialAction":[{"@type":"ReadAction","target":["https:\/\/fadeu.urantiacos.cl\/en\/2019\/10\/09\/escuela-de-arquitectura-uc-en-la-xxi-bienal-de-arquitectura-y-urbanismo-de-chile-feria-libre-de-arquitectura\/"]}]},{"@type":"ImageObject","inLanguage":"en-US","@id":"https:\/\/fadeu.urantiacos.cl\/en\/2019\/10\/09\/escuela-de-arquitectura-uc-en-la-xxi-bienal-de-arquitectura-y-urbanismo-de-chile-feria-libre-de-arquitectura\/#primaryimage","url":"https:\/\/fadeu.urantiacos.cl\/wp-content\/uploads\/2023\/09\/bienal_arq_uc.jpg","contentUrl":"https:\/\/fadeu.urantiacos.cl\/wp-content\/uploads\/2023\/09\/bienal_arq_uc.jpg","width":350,"height":250},{"@type":"BreadcrumbList","@id":"https:\/\/fadeu.urantiacos.cl\/en\/2019\/10\/09\/escuela-de-arquitectura-uc-en-la-xxi-bienal-de-arquitectura-y-urbanismo-de-chile-feria-libre-de-arquitectura\/#breadcrumb","itemListElement":[{"@type":"ListItem","position":1,"name":"Portada","item":"https:\/\/fadeu.urantiacos.cl\/en\/"},{"@type":"ListItem","position":2,"name":"Escuela de Arquitectura UC en la XXI Bienal de Arquitectura y Urbanismo de Chile \u201cFeria Libre de Arquitectura\u201d"}]},{"@type":"WebSite","@id":"https:\/\/fadeu.urantiacos.cl\/en\/#website","url":"https:\/\/fadeu.urantiacos.cl\/en\/","name":"Facultad de Arquitectura, Dise\u00f1o y Estudios Urbanos","description":"Campus Lo Contador","potentialAction":[{"@type":"SearchAction","target":{"@type":"EntryPoint","urlTemplate":"https:\/\/fadeu.urantiacos.cl\/en\/?s={search_term_string}"},"query-input":{"@type":"PropertyValueSpecification","valueRequired":true,"valueName":"search_term_string"}}],"inLanguage":"en-US"},{"@type":"Person","@id":"https:\/\/fadeu.urantiacos.cl\/en\/#\/schema\/person\/d203e2e84b1c40275eac77b3061a19a2","name":"manadmin","image":{"@type":"ImageObject","inLanguage":"en-US","@id":"https:\/\/fadeu.urantiacos.cl\/en\/#\/schema\/person\/image\/","url":"https:\/\/secure.gravatar.com\/avatar\/4b1d8e3303b4a9d8968ac578947d8bc80d9aea359f388cdd4aac15cadc0e8447?s=96&d=mm&r=g","contentUrl":"https:\/\/secure.gravatar.com\/avatar\/4b1d8e3303b4a9d8968ac578947d8bc80d9aea359f388cdd4aac15cadc0e8447?s=96&d=mm&r=g","caption":"manadmin"},"sameAs":["https:\/\/fadeu.urantiacos.cl"]}]}},"_links":{"self":[{"href":"https:\/\/fadeu.urantiacos.cl\/en\/wp-json\/wp\/v2\/posts\/10168","targetHints":{"allow":["GET"]}}],"collection":[{"href":"https:\/\/fadeu.urantiacos.cl\/en\/wp-json\/wp\/v2\/posts"}],"about":[{"href":"https:\/\/fadeu.urantiacos.cl\/en\/wp-json\/wp\/v2\/types\/post"}],"author":[{"embeddable":true,"href":"https:\/\/fadeu.urantiacos.cl\/en\/wp-json\/wp\/v2\/users\/1"}],"replies":[{"embeddable":true,"href":"https:\/\/fadeu.urantiacos.cl\/en\/wp-json\/wp\/v2\/comments?post=10168"}],"version-history":[{"count":1,"href":"https:\/\/fadeu.urantiacos.cl\/en\/wp-json\/wp\/v2\/posts\/10168\/revisions"}],"predecessor-version":[{"id":10182,"href":"https:\/\/fadeu.urantiacos.cl\/en\/wp-json\/wp\/v2\/posts\/10168\/revisions\/10182"}],"wp:featuredmedia":[{"embeddable":true,"href":"https:\/\/fadeu.urantiacos.cl\/en\/wp-json\/wp\/v2\/media\/10169"}],"wp:attachment":[{"href":"https:\/\/fadeu.urantiacos.cl\/en\/wp-json\/wp\/v2\/media?parent=10168"}],"wp:term":[{"taxonomy":"category","embeddable":true,"href":"https:\/\/fadeu.urantiacos.cl\/en\/wp-json\/wp\/v2\/categories?post=10168"},{"taxonomy":"post_tag","embeddable":true,"href":"https:\/\/fadeu.urantiacos.cl\/en\/wp-json\/wp\/v2\/tags?post=10168"}],"curies":[{"name":"wp","href":"https:\/\/api.w.org\/{rel}","templated":true}]}}