{"id":10136,"date":"2019-10-14T20:56:00","date_gmt":"2019-10-14T23:56:00","guid":{"rendered":"https:\/\/fadeu.urantiacos.cl\/?p=10136"},"modified":"2023-10-24T12:58:09","modified_gmt":"2023-10-24T15:58:09","slug":"editor-de-arq-dicto-una-conferencia-en-escuela-de-arquitectura-de-la-university-of-technology-sydney","status":"publish","type":"post","link":"https:\/\/fadeu.urantiacos.cl\/en\/2019\/10\/14\/editor-de-arq-dicto-una-conferencia-en-escuela-de-arquitectura-de-la-university-of-technology-sydney\/","title":{"rendered":"Editor de ARQ dict\u00f3 una conferencia en Escuela de Arquitectura de la University of Technology Sydney"},"content":{"rendered":"\n<figure class=\"wp-block-image size-full\"><img decoding=\"async\" width=\"350\" height=\"250\" src=\"https:\/\/fadeu.urantiacos.cl\/wp-content\/uploads\/2023\/09\/WhatsApp_Image_2019-10-04_at_7.48.33_AM.jpg\" alt=\"\" class=\"wp-image-10137\" srcset=\"https:\/\/fadeu.urantiacos.cl\/wp-content\/uploads\/2023\/09\/WhatsApp_Image_2019-10-04_at_7.48.33_AM.jpg 350w, https:\/\/fadeu.urantiacos.cl\/wp-content\/uploads\/2023\/09\/WhatsApp_Image_2019-10-04_at_7.48.33_AM-300x214.jpg 300w\" sizes=\"(max-width: 350px) 100vw, 350px\" \/><\/figure>\n\n\n\n<p>\u00bfCu\u00e1l es el papel de las publicaciones de arquitectura? \u00bfCu\u00e1l es su posici\u00f3n dentro de la arquitectura? \u00bfPara qu\u00e9 pueden ser \u00fatiles estos dispositivos? Con un corto viaje a trav\u00e9s de la historia de la arquitectura y algunos casos recientes (incluidos algunos experimentos realizados en el contexto de Ediciones ARQ en Chile), la conferencia tuvo como objetivo mostrar la naturaleza m\u00faltiple, y a veces contradictoria, de las publicaciones arquitect\u00f3nicas. No solo hacen p\u00fablica la arquitectura, sino que tambi\u00e9n son un sitio para el hacer p\u00fablico, cuyos efectos pueden ser diferentes de lo que esperan sus autores, lo que incluye socavar su propia autoridad.<\/p>\n\n\n\n<p>Mayor informaci\u00f3n en este&nbsp;<a href=\"https:\/\/www.eventbrite.com.au\/e\/francisco-diaz-make-public-the-contradictory-nature-of-architectural-publishing-tickets-65493148771?ref=enivtefor001&amp;invite=MTc3MjgxNjUvZW5kcmlhbmEuYXVkaXNob0B1dHMuZWR1LmF1LzA%3D%0A&amp;utm_source=eb_email&amp;utm_medium=email&amp;utm_campaign=inviteformalv2&amp;utm_term=eventpage\">link<\/a><\/p>\n\n\n\n<figure class=\"wp-block-image size-full\"><img decoding=\"async\" width=\"1024\" height=\"1019\" src=\"https:\/\/fadeu.urantiacos.cl\/wp-content\/uploads\/2023\/10\/Captura_de_pantalla_2019-10-08_a_las_13.07.58-1024x1019-1.jpg\" alt=\"\" class=\"wp-image-17804\" srcset=\"https:\/\/fadeu.urantiacos.cl\/wp-content\/uploads\/2023\/10\/Captura_de_pantalla_2019-10-08_a_las_13.07.58-1024x1019-1.jpg 1024w, https:\/\/fadeu.urantiacos.cl\/wp-content\/uploads\/2023\/10\/Captura_de_pantalla_2019-10-08_a_las_13.07.58-1024x1019-1-300x300.jpg 300w, https:\/\/fadeu.urantiacos.cl\/wp-content\/uploads\/2023\/10\/Captura_de_pantalla_2019-10-08_a_las_13.07.58-1024x1019-1-150x150.jpg 150w, https:\/\/fadeu.urantiacos.cl\/wp-content\/uploads\/2023\/10\/Captura_de_pantalla_2019-10-08_a_las_13.07.58-1024x1019-1-768x764.jpg 768w\" sizes=\"(max-width: 1024px) 100vw, 1024px\" \/><\/figure>\n\n\n\n<figure class=\"wp-block-image size-large\"><img decoding=\"async\" width=\"1024\" height=\"768\" src=\"https:\/\/fadeu.urantiacos.cl\/wp-content\/uploads\/2023\/09\/WhatsApp_Image_2019-10-04_at_7.48.33_AM-1024x768.jpeg\" alt=\"\" class=\"wp-image-10139\" srcset=\"https:\/\/fadeu.urantiacos.cl\/wp-content\/uploads\/2023\/09\/WhatsApp_Image_2019-10-04_at_7.48.33_AM-1024x768.jpeg 1024w, https:\/\/fadeu.urantiacos.cl\/wp-content\/uploads\/2023\/09\/WhatsApp_Image_2019-10-04_at_7.48.33_AM-300x225.jpeg 300w, https:\/\/fadeu.urantiacos.cl\/wp-content\/uploads\/2023\/09\/WhatsApp_Image_2019-10-04_at_7.48.33_AM-768x576.jpeg 768w, https:\/\/fadeu.urantiacos.cl\/wp-content\/uploads\/2023\/09\/WhatsApp_Image_2019-10-04_at_7.48.33_AM.jpeg 1280w\" sizes=\"(max-width: 1024px) 100vw, 1024px\" \/><\/figure>\n\n\n\n<p>Fotograf\u00eda&nbsp;\u00a9UTS School of Architecture<\/p>\n\n\n\n<p>Noticias<br>Contacto:&nbsp;<a href=\"mailto:redesarq@uc.cl\">redesarq@uc.cl<\/a>&nbsp;| +56 2 2354 7747<br>www.arquitectura.uc.cl<\/p>\n","protected":false},"excerpt":{"rendered":"<p>Francisco D\u00edaz, Editor General de Ediciones ARQ y Revista ARQ, dict\u00f3 la conferencia &#8220;Make Public: The Contradictory Nature of Architectural Publishing&#8221; el jueves 03 de octubre en la Escuela de Arquitectura de la University of Technology Sydney. <\/p>\n","protected":false},"author":1,"featured_media":10137,"comment_status":"open","ping_status":"open","sticky":false,"template":"","format":"standard","meta":{"_acf_changed":false,"footnotes":""},"categories":[1],"tags":[],"class_list":["post-10136","post","type-post","status-publish","format-standard","has-post-thumbnail","hentry","category-sin-categorizar"],"acf":[],"yoast_head":"<!-- This site is optimized with the Yoast SEO plugin v27.1.1 - https:\/\/yoast.com\/product\/yoast-seo-wordpress\/ -->\n<title>Editor de ARQ dict\u00f3 una conferencia en Escuela de Arquitectura de la University of Technology Sydney - Facultad de Arquitectura, Dise\u00f1o y Estudios Urbanos<\/title>\n<meta name=\"description\" content=\"Francisco D\u00edaz, Editor General de Ediciones ARQ y Revista ARQ, dict\u00f3 la conferencia &quot;Make Public: The Contradictory Nature of Architectural Publishing&quot; el jueves 03 de octubre en la Escuela de Arquitectura de la University of Technology Sydney.\" \/>\n<meta name=\"robots\" content=\"index, follow, max-snippet:-1, max-image-preview:large, max-video-preview:-1\" \/>\n<link rel=\"canonical\" href=\"https:\/\/fadeu.urantiacos.cl\/en\/2019\/10\/14\/editor-de-arq-dicto-una-conferencia-en-escuela-de-arquitectura-de-la-university-of-technology-sydney\/\" \/>\n<meta property=\"og:locale\" content=\"en_US\" \/>\n<meta property=\"og:type\" content=\"article\" \/>\n<meta property=\"og:title\" content=\"Editor de ARQ dict\u00f3 una conferencia en Escuela de Arquitectura de la University of Technology Sydney - Facultad de Arquitectura, Dise\u00f1o y Estudios Urbanos\" \/>\n<meta property=\"og:description\" content=\"Francisco D\u00edaz, Editor General de Ediciones ARQ y Revista ARQ, dict\u00f3 la conferencia &quot;Make Public: The Contradictory Nature of Architectural Publishing&quot; el jueves 03 de octubre en la Escuela de Arquitectura de la University of Technology Sydney.\" \/>\n<meta property=\"og:url\" content=\"https:\/\/fadeu.urantiacos.cl\/en\/2019\/10\/14\/editor-de-arq-dicto-una-conferencia-en-escuela-de-arquitectura-de-la-university-of-technology-sydney\/\" \/>\n<meta property=\"og:site_name\" content=\"Facultad de Arquitectura, Dise\u00f1o y Estudios Urbanos\" \/>\n<meta property=\"article:published_time\" content=\"2019-10-14T23:56:00+00:00\" \/>\n<meta property=\"article:modified_time\" content=\"2023-10-24T15:58:09+00:00\" \/>\n<meta property=\"og:image\" content=\"https:\/\/fadeu.urantiacos.cl\/wp-content\/uploads\/2023\/09\/WhatsApp_Image_2019-10-04_at_7.48.33_AM.jpg\" \/>\n\t<meta property=\"og:image:width\" content=\"350\" \/>\n\t<meta property=\"og:image:height\" content=\"250\" \/>\n\t<meta property=\"og:image:type\" content=\"image\/jpeg\" \/>\n<meta name=\"author\" content=\"manadmin\" \/>\n<meta name=\"twitter:card\" content=\"summary_large_image\" \/>\n<meta name=\"twitter:label1\" content=\"Written by\" \/>\n\t<meta name=\"twitter:data1\" content=\"manadmin\" \/>\n\t<meta name=\"twitter:label2\" content=\"Est. reading time\" \/>\n\t<meta name=\"twitter:data2\" content=\"2 minutes\" \/>\n<script type=\"application\/ld+json\" class=\"yoast-schema-graph\">{\"@context\":\"https:\/\/schema.org\",\"@graph\":[{\"@type\":\"Article\",\"@id\":\"https:\/\/fadeu.urantiacos.cl\/en\/2019\/10\/14\/editor-de-arq-dicto-una-conferencia-en-escuela-de-arquitectura-de-la-university-of-technology-sydney\/#article\",\"isPartOf\":{\"@id\":\"https:\/\/fadeu.urantiacos.cl\/en\/2019\/10\/14\/editor-de-arq-dicto-una-conferencia-en-escuela-de-arquitectura-de-la-university-of-technology-sydney\/\"},\"author\":{\"name\":\"manadmin\",\"@id\":\"https:\/\/fadeu.urantiacos.cl\/en\/#\/schema\/person\/d203e2e84b1c40275eac77b3061a19a2\"},\"headline\":\"Editor de ARQ dict\u00f3 una conferencia en Escuela de Arquitectura de la University of Technology Sydney\",\"datePublished\":\"2019-10-14T23:56:00+00:00\",\"dateModified\":\"2023-10-24T15:58:09+00:00\",\"mainEntityOfPage\":{\"@id\":\"https:\/\/fadeu.urantiacos.cl\/en\/2019\/10\/14\/editor-de-arq-dicto-una-conferencia-en-escuela-de-arquitectura-de-la-university-of-technology-sydney\/\"},\"wordCount\":152,\"commentCount\":0,\"image\":{\"@id\":\"https:\/\/fadeu.urantiacos.cl\/en\/2019\/10\/14\/editor-de-arq-dicto-una-conferencia-en-escuela-de-arquitectura-de-la-university-of-technology-sydney\/#primaryimage\"},\"thumbnailUrl\":\"https:\/\/fadeu.urantiacos.cl\/wp-content\/uploads\/2023\/09\/WhatsApp_Image_2019-10-04_at_7.48.33_AM.jpg\",\"articleSection\":[\"Sin categorizar\"],\"inLanguage\":\"en-US\",\"potentialAction\":[{\"@type\":\"CommentAction\",\"name\":\"Comment\",\"target\":[\"https:\/\/fadeu.urantiacos.cl\/en\/2019\/10\/14\/editor-de-arq-dicto-una-conferencia-en-escuela-de-arquitectura-de-la-university-of-technology-sydney\/#respond\"]}]},{\"@type\":\"WebPage\",\"@id\":\"https:\/\/fadeu.urantiacos.cl\/en\/2019\/10\/14\/editor-de-arq-dicto-una-conferencia-en-escuela-de-arquitectura-de-la-university-of-technology-sydney\/\",\"url\":\"https:\/\/fadeu.urantiacos.cl\/en\/2019\/10\/14\/editor-de-arq-dicto-una-conferencia-en-escuela-de-arquitectura-de-la-university-of-technology-sydney\/\",\"name\":\"Editor de ARQ dict\u00f3 una conferencia en Escuela de Arquitectura de la University of Technology Sydney - Facultad de Arquitectura, Dise\u00f1o y Estudios Urbanos\",\"isPartOf\":{\"@id\":\"https:\/\/fadeu.urantiacos.cl\/en\/#website\"},\"primaryImageOfPage\":{\"@id\":\"https:\/\/fadeu.urantiacos.cl\/en\/2019\/10\/14\/editor-de-arq-dicto-una-conferencia-en-escuela-de-arquitectura-de-la-university-of-technology-sydney\/#primaryimage\"},\"image\":{\"@id\":\"https:\/\/fadeu.urantiacos.cl\/en\/2019\/10\/14\/editor-de-arq-dicto-una-conferencia-en-escuela-de-arquitectura-de-la-university-of-technology-sydney\/#primaryimage\"},\"thumbnailUrl\":\"https:\/\/fadeu.urantiacos.cl\/wp-content\/uploads\/2023\/09\/WhatsApp_Image_2019-10-04_at_7.48.33_AM.jpg\",\"datePublished\":\"2019-10-14T23:56:00+00:00\",\"dateModified\":\"2023-10-24T15:58:09+00:00\",\"author\":{\"@id\":\"https:\/\/fadeu.urantiacos.cl\/en\/#\/schema\/person\/d203e2e84b1c40275eac77b3061a19a2\"},\"description\":\"Francisco D\u00edaz, Editor General de Ediciones ARQ y Revista ARQ, dict\u00f3 la conferencia \\\"Make Public: The Contradictory Nature of Architectural Publishing\\\" el jueves 03 de octubre en la Escuela de Arquitectura de la University of Technology Sydney.\",\"breadcrumb\":{\"@id\":\"https:\/\/fadeu.urantiacos.cl\/en\/2019\/10\/14\/editor-de-arq-dicto-una-conferencia-en-escuela-de-arquitectura-de-la-university-of-technology-sydney\/#breadcrumb\"},\"inLanguage\":\"en-US\",\"potentialAction\":[{\"@type\":\"ReadAction\",\"target\":[\"https:\/\/fadeu.urantiacos.cl\/en\/2019\/10\/14\/editor-de-arq-dicto-una-conferencia-en-escuela-de-arquitectura-de-la-university-of-technology-sydney\/\"]}]},{\"@type\":\"ImageObject\",\"inLanguage\":\"en-US\",\"@id\":\"https:\/\/fadeu.urantiacos.cl\/en\/2019\/10\/14\/editor-de-arq-dicto-una-conferencia-en-escuela-de-arquitectura-de-la-university-of-technology-sydney\/#primaryimage\",\"url\":\"https:\/\/fadeu.urantiacos.cl\/wp-content\/uploads\/2023\/09\/WhatsApp_Image_2019-10-04_at_7.48.33_AM.jpg\",\"contentUrl\":\"https:\/\/fadeu.urantiacos.cl\/wp-content\/uploads\/2023\/09\/WhatsApp_Image_2019-10-04_at_7.48.33_AM.jpg\",\"width\":350,\"height\":250},{\"@type\":\"BreadcrumbList\",\"@id\":\"https:\/\/fadeu.urantiacos.cl\/en\/2019\/10\/14\/editor-de-arq-dicto-una-conferencia-en-escuela-de-arquitectura-de-la-university-of-technology-sydney\/#breadcrumb\",\"itemListElement\":[{\"@type\":\"ListItem\",\"position\":1,\"name\":\"Portada\",\"item\":\"https:\/\/fadeu.urantiacos.cl\/en\/\"},{\"@type\":\"ListItem\",\"position\":2,\"name\":\"Editor de ARQ dict\u00f3 una conferencia en Escuela de Arquitectura de la University of Technology Sydney\"}]},{\"@type\":\"WebSite\",\"@id\":\"https:\/\/fadeu.urantiacos.cl\/en\/#website\",\"url\":\"https:\/\/fadeu.urantiacos.cl\/en\/\",\"name\":\"Facultad de Arquitectura, Dise\u00f1o y Estudios Urbanos\",\"description\":\"Campus Lo Contador\",\"potentialAction\":[{\"@type\":\"SearchAction\",\"target\":{\"@type\":\"EntryPoint\",\"urlTemplate\":\"https:\/\/fadeu.urantiacos.cl\/en\/?s={search_term_string}\"},\"query-input\":{\"@type\":\"PropertyValueSpecification\",\"valueRequired\":true,\"valueName\":\"search_term_string\"}}],\"inLanguage\":\"en-US\"},{\"@type\":\"Person\",\"@id\":\"https:\/\/fadeu.urantiacos.cl\/en\/#\/schema\/person\/d203e2e84b1c40275eac77b3061a19a2\",\"name\":\"manadmin\",\"image\":{\"@type\":\"ImageObject\",\"inLanguage\":\"en-US\",\"@id\":\"https:\/\/fadeu.urantiacos.cl\/en\/#\/schema\/person\/image\/\",\"url\":\"https:\/\/secure.gravatar.com\/avatar\/4b1d8e3303b4a9d8968ac578947d8bc80d9aea359f388cdd4aac15cadc0e8447?s=96&d=mm&r=g\",\"contentUrl\":\"https:\/\/secure.gravatar.com\/avatar\/4b1d8e3303b4a9d8968ac578947d8bc80d9aea359f388cdd4aac15cadc0e8447?s=96&d=mm&r=g\",\"caption\":\"manadmin\"},\"sameAs\":[\"https:\/\/fadeu.urantiacos.cl\"]}]}<\/script>\n<!-- \/ Yoast SEO plugin. -->","yoast_head_json":{"title":"Editor de ARQ dict\u00f3 una conferencia en Escuela de Arquitectura de la University of Technology Sydney - Facultad de Arquitectura, Dise\u00f1o y Estudios Urbanos","description":"Francisco D\u00edaz, Editor General de Ediciones ARQ y Revista ARQ, dict\u00f3 la conferencia \"Make Public: The Contradictory Nature of Architectural Publishing\" el jueves 03 de octubre en la Escuela de Arquitectura de la University of Technology Sydney.","robots":{"index":"index","follow":"follow","max-snippet":"max-snippet:-1","max-image-preview":"max-image-preview:large","max-video-preview":"max-video-preview:-1"},"canonical":"https:\/\/fadeu.urantiacos.cl\/en\/2019\/10\/14\/editor-de-arq-dicto-una-conferencia-en-escuela-de-arquitectura-de-la-university-of-technology-sydney\/","og_locale":"en_US","og_type":"article","og_title":"Editor de ARQ dict\u00f3 una conferencia en Escuela de Arquitectura de la University of Technology Sydney - Facultad de Arquitectura, Dise\u00f1o y Estudios Urbanos","og_description":"Francisco D\u00edaz, Editor General de Ediciones ARQ y Revista ARQ, dict\u00f3 la conferencia \"Make Public: The Contradictory Nature of Architectural Publishing\" el jueves 03 de octubre en la Escuela de Arquitectura de la University of Technology Sydney.","og_url":"https:\/\/fadeu.urantiacos.cl\/en\/2019\/10\/14\/editor-de-arq-dicto-una-conferencia-en-escuela-de-arquitectura-de-la-university-of-technology-sydney\/","og_site_name":"Facultad de Arquitectura, Dise\u00f1o y Estudios Urbanos","article_published_time":"2019-10-14T23:56:00+00:00","article_modified_time":"2023-10-24T15:58:09+00:00","og_image":[{"width":350,"height":250,"url":"https:\/\/fadeu.urantiacos.cl\/wp-content\/uploads\/2023\/09\/WhatsApp_Image_2019-10-04_at_7.48.33_AM.jpg","type":"image\/jpeg"}],"author":"manadmin","twitter_card":"summary_large_image","twitter_misc":{"Written by":"manadmin","Est. reading time":"2 minutes"},"schema":{"@context":"https:\/\/schema.org","@graph":[{"@type":"Article","@id":"https:\/\/fadeu.urantiacos.cl\/en\/2019\/10\/14\/editor-de-arq-dicto-una-conferencia-en-escuela-de-arquitectura-de-la-university-of-technology-sydney\/#article","isPartOf":{"@id":"https:\/\/fadeu.urantiacos.cl\/en\/2019\/10\/14\/editor-de-arq-dicto-una-conferencia-en-escuela-de-arquitectura-de-la-university-of-technology-sydney\/"},"author":{"name":"manadmin","@id":"https:\/\/fadeu.urantiacos.cl\/en\/#\/schema\/person\/d203e2e84b1c40275eac77b3061a19a2"},"headline":"Editor de ARQ dict\u00f3 una conferencia en Escuela de Arquitectura de la University of Technology Sydney","datePublished":"2019-10-14T23:56:00+00:00","dateModified":"2023-10-24T15:58:09+00:00","mainEntityOfPage":{"@id":"https:\/\/fadeu.urantiacos.cl\/en\/2019\/10\/14\/editor-de-arq-dicto-una-conferencia-en-escuela-de-arquitectura-de-la-university-of-technology-sydney\/"},"wordCount":152,"commentCount":0,"image":{"@id":"https:\/\/fadeu.urantiacos.cl\/en\/2019\/10\/14\/editor-de-arq-dicto-una-conferencia-en-escuela-de-arquitectura-de-la-university-of-technology-sydney\/#primaryimage"},"thumbnailUrl":"https:\/\/fadeu.urantiacos.cl\/wp-content\/uploads\/2023\/09\/WhatsApp_Image_2019-10-04_at_7.48.33_AM.jpg","articleSection":["Sin categorizar"],"inLanguage":"en-US","potentialAction":[{"@type":"CommentAction","name":"Comment","target":["https:\/\/fadeu.urantiacos.cl\/en\/2019\/10\/14\/editor-de-arq-dicto-una-conferencia-en-escuela-de-arquitectura-de-la-university-of-technology-sydney\/#respond"]}]},{"@type":"WebPage","@id":"https:\/\/fadeu.urantiacos.cl\/en\/2019\/10\/14\/editor-de-arq-dicto-una-conferencia-en-escuela-de-arquitectura-de-la-university-of-technology-sydney\/","url":"https:\/\/fadeu.urantiacos.cl\/en\/2019\/10\/14\/editor-de-arq-dicto-una-conferencia-en-escuela-de-arquitectura-de-la-university-of-technology-sydney\/","name":"Editor de ARQ dict\u00f3 una conferencia en Escuela de Arquitectura de la University of Technology Sydney - Facultad de Arquitectura, Dise\u00f1o y Estudios Urbanos","isPartOf":{"@id":"https:\/\/fadeu.urantiacos.cl\/en\/#website"},"primaryImageOfPage":{"@id":"https:\/\/fadeu.urantiacos.cl\/en\/2019\/10\/14\/editor-de-arq-dicto-una-conferencia-en-escuela-de-arquitectura-de-la-university-of-technology-sydney\/#primaryimage"},"image":{"@id":"https:\/\/fadeu.urantiacos.cl\/en\/2019\/10\/14\/editor-de-arq-dicto-una-conferencia-en-escuela-de-arquitectura-de-la-university-of-technology-sydney\/#primaryimage"},"thumbnailUrl":"https:\/\/fadeu.urantiacos.cl\/wp-content\/uploads\/2023\/09\/WhatsApp_Image_2019-10-04_at_7.48.33_AM.jpg","datePublished":"2019-10-14T23:56:00+00:00","dateModified":"2023-10-24T15:58:09+00:00","author":{"@id":"https:\/\/fadeu.urantiacos.cl\/en\/#\/schema\/person\/d203e2e84b1c40275eac77b3061a19a2"},"description":"Francisco D\u00edaz, Editor General de Ediciones ARQ y Revista ARQ, dict\u00f3 la conferencia \"Make Public: The Contradictory Nature of Architectural Publishing\" el jueves 03 de octubre en la Escuela de Arquitectura de la University of Technology Sydney.","breadcrumb":{"@id":"https:\/\/fadeu.urantiacos.cl\/en\/2019\/10\/14\/editor-de-arq-dicto-una-conferencia-en-escuela-de-arquitectura-de-la-university-of-technology-sydney\/#breadcrumb"},"inLanguage":"en-US","potentialAction":[{"@type":"ReadAction","target":["https:\/\/fadeu.urantiacos.cl\/en\/2019\/10\/14\/editor-de-arq-dicto-una-conferencia-en-escuela-de-arquitectura-de-la-university-of-technology-sydney\/"]}]},{"@type":"ImageObject","inLanguage":"en-US","@id":"https:\/\/fadeu.urantiacos.cl\/en\/2019\/10\/14\/editor-de-arq-dicto-una-conferencia-en-escuela-de-arquitectura-de-la-university-of-technology-sydney\/#primaryimage","url":"https:\/\/fadeu.urantiacos.cl\/wp-content\/uploads\/2023\/09\/WhatsApp_Image_2019-10-04_at_7.48.33_AM.jpg","contentUrl":"https:\/\/fadeu.urantiacos.cl\/wp-content\/uploads\/2023\/09\/WhatsApp_Image_2019-10-04_at_7.48.33_AM.jpg","width":350,"height":250},{"@type":"BreadcrumbList","@id":"https:\/\/fadeu.urantiacos.cl\/en\/2019\/10\/14\/editor-de-arq-dicto-una-conferencia-en-escuela-de-arquitectura-de-la-university-of-technology-sydney\/#breadcrumb","itemListElement":[{"@type":"ListItem","position":1,"name":"Portada","item":"https:\/\/fadeu.urantiacos.cl\/en\/"},{"@type":"ListItem","position":2,"name":"Editor de ARQ dict\u00f3 una conferencia en Escuela de Arquitectura de la University of Technology Sydney"}]},{"@type":"WebSite","@id":"https:\/\/fadeu.urantiacos.cl\/en\/#website","url":"https:\/\/fadeu.urantiacos.cl\/en\/","name":"Facultad de Arquitectura, Dise\u00f1o y Estudios Urbanos","description":"Campus Lo Contador","potentialAction":[{"@type":"SearchAction","target":{"@type":"EntryPoint","urlTemplate":"https:\/\/fadeu.urantiacos.cl\/en\/?s={search_term_string}"},"query-input":{"@type":"PropertyValueSpecification","valueRequired":true,"valueName":"search_term_string"}}],"inLanguage":"en-US"},{"@type":"Person","@id":"https:\/\/fadeu.urantiacos.cl\/en\/#\/schema\/person\/d203e2e84b1c40275eac77b3061a19a2","name":"manadmin","image":{"@type":"ImageObject","inLanguage":"en-US","@id":"https:\/\/fadeu.urantiacos.cl\/en\/#\/schema\/person\/image\/","url":"https:\/\/secure.gravatar.com\/avatar\/4b1d8e3303b4a9d8968ac578947d8bc80d9aea359f388cdd4aac15cadc0e8447?s=96&d=mm&r=g","contentUrl":"https:\/\/secure.gravatar.com\/avatar\/4b1d8e3303b4a9d8968ac578947d8bc80d9aea359f388cdd4aac15cadc0e8447?s=96&d=mm&r=g","caption":"manadmin"},"sameAs":["https:\/\/fadeu.urantiacos.cl"]}]}},"_links":{"self":[{"href":"https:\/\/fadeu.urantiacos.cl\/en\/wp-json\/wp\/v2\/posts\/10136","targetHints":{"allow":["GET"]}}],"collection":[{"href":"https:\/\/fadeu.urantiacos.cl\/en\/wp-json\/wp\/v2\/posts"}],"about":[{"href":"https:\/\/fadeu.urantiacos.cl\/en\/wp-json\/wp\/v2\/types\/post"}],"author":[{"embeddable":true,"href":"https:\/\/fadeu.urantiacos.cl\/en\/wp-json\/wp\/v2\/users\/1"}],"replies":[{"embeddable":true,"href":"https:\/\/fadeu.urantiacos.cl\/en\/wp-json\/wp\/v2\/comments?post=10136"}],"version-history":[{"count":2,"href":"https:\/\/fadeu.urantiacos.cl\/en\/wp-json\/wp\/v2\/posts\/10136\/revisions"}],"predecessor-version":[{"id":17805,"href":"https:\/\/fadeu.urantiacos.cl\/en\/wp-json\/wp\/v2\/posts\/10136\/revisions\/17805"}],"wp:featuredmedia":[{"embeddable":true,"href":"https:\/\/fadeu.urantiacos.cl\/en\/wp-json\/wp\/v2\/media\/10137"}],"wp:attachment":[{"href":"https:\/\/fadeu.urantiacos.cl\/en\/wp-json\/wp\/v2\/media?parent=10136"}],"wp:term":[{"taxonomy":"category","embeddable":true,"href":"https:\/\/fadeu.urantiacos.cl\/en\/wp-json\/wp\/v2\/categories?post=10136"},{"taxonomy":"post_tag","embeddable":true,"href":"https:\/\/fadeu.urantiacos.cl\/en\/wp-json\/wp\/v2\/tags?post=10136"}],"curies":[{"name":"wp","href":"https:\/\/api.w.org\/{rel}","templated":true}]}}