{"id":10132,"date":"2019-10-14T20:53:00","date_gmt":"2019-10-14T23:53:00","guid":{"rendered":"https:\/\/fadeu.urantiacos.cl\/?p=10132"},"modified":"2023-10-23T10:41:06","modified_gmt":"2023-10-23T13:41:06","slug":"archiprix-internacional-lanza-documental-sobre-la-experiencia-del-workshop-conflicting-territories-conflicting-communities-realizado-en-barrio-matadero-franklln","status":"publish","type":"post","link":"https:\/\/fadeu.urantiacos.cl\/en\/2019\/10\/14\/archiprix-internacional-lanza-documental-sobre-la-experiencia-del-workshop-conflicting-territories-conflicting-communities-realizado-en-barrio-matadero-franklln\/","title":{"rendered":"Archiprix Internacional lanza documental sobre la experiencia del workshop &#8220;Conflicting Territories | Conflicting Communities&#8221; realizado en barrio Matadero-Franklln"},"content":{"rendered":"\n<figure class=\"wp-block-image size-full\"><img decoding=\"async\" width=\"350\" height=\"250\" src=\"https:\/\/fadeu.urantiacos.cl\/wp-content\/uploads\/2023\/09\/Documental_sobre_Archiprix_International_2019_en_Santiago_de_Chile_fue_estrenado_en_el_Architecture_Film_Festival_Rotterdam.jpg\" alt=\"\" class=\"wp-image-10133\" srcset=\"https:\/\/fadeu.urantiacos.cl\/wp-content\/uploads\/2023\/09\/Documental_sobre_Archiprix_International_2019_en_Santiago_de_Chile_fue_estrenado_en_el_Architecture_Film_Festival_Rotterdam.jpg 350w, https:\/\/fadeu.urantiacos.cl\/wp-content\/uploads\/2023\/09\/Documental_sobre_Archiprix_International_2019_en_Santiago_de_Chile_fue_estrenado_en_el_Architecture_Film_Festival_Rotterdam-300x214.jpg 300w\" sizes=\"(max-width: 350px) 100vw, 350px\" \/><\/figure>\n\n\n\n<p>Archiprix internacional Santiago de Chile 2019 fue organizado por la Escuela de Arquitectura UC y la Facultad de Arquitectura y Urbanismo de la Universidad de Chile, recibiendo 321 postulaciones de 87 pa\u00edses de los mejores proyectos de graduaci\u00f3n del mundo en arquitectura, urbanismo y arquitectura del paisaje. El jurado seleccion\u00f3 ocho proyectos, los que fueron galardonados con el Premio Hunter Douglas.<\/p>\n\n\n\n<p>En dicho contexto, se invit\u00f3 a los postulantes a participar del 23 de abril al jueves 02 de mayo de 2019 en el workshop &#8220;Conflicting Territories | Conflicting Communities&#8221;, al que viajaron 70 graduados de 36 pa\u00edses para proponer ideas para el barrio Matadero-Franklin en Santiago, un territorio en disputa entre el mercado y las fuerzas sociales. El \u00e1rea presenta todos los conflictos de los nuevos procesos de regeneraci\u00f3n urbana: reurbanizaci\u00f3n inmobiliaria de viviendas de alta densidad a precio de mercado, gentrificaci\u00f3n emergente, espacios de venta masiva e informal, infraestructuras degradadas de control de inundaciones, edificios industriales obsoletos, lotes vac\u00edos de los primeros sistemas ferroviarios, etc. En otras palabras, todas las tensiones t\u00edpicas de los sectores centrales de las ciudades latinoamericanas donde los valores culturales, sociales y econ\u00f3micos chocan, obligando a los grupos y movimientos culturales a tomar el control sobre el dise\u00f1o de estos nuevos espacios. En ese sentido, el barrio Matadero-Franklin ofreci\u00f3 m\u00faltiples capas para generar una rica discusi\u00f3n y reflexi\u00f3n sobre el dise\u00f1o de nuevos entornos de construcci\u00f3n a trav\u00e9s de propuestas y proyectos arquitect\u00f3nicos. Tambi\u00e9n permiti\u00f3 abordar el caso a trav\u00e9s de cinco \u00e1mbitos fundamentales: arquitectura, paisaje, tecnolog\u00eda y recursos, dise\u00f1o urbano y patrimonio. Al mismo tiempo, el workshop otorg\u00f3 la oportunidad de reunir a un grupo notable de recientes graduados que dise\u00f1aron los mejores proyectos de grado en el mundo, para no solo generar una conversaci\u00f3n capaz de traer una perspectiva extranjera a los problemas locales, sino tambi\u00e9n para resonar con una realidad que enfrentan otras ciudades del mundo.<\/p>\n\n\n\n<p>La pel\u00edcula Archiprix International Santiago Chile 2019 &#8220;Conflicting Territories | Conflicting Communities&#8221; informa sobre esta \u00faltima edici\u00f3n de Archiprix y las actividades en Santiago, Chile.<\/p>\n\n\n\n<p>Mayor informaci\u00f3n en este\u00a0<a href=\"https:\/\/www.archiprix.org\/2019\/?id=282\">link<\/a>\u00a0<\/p>\n\n\n\n<figure class=\"wp-block-image size-full\"><img decoding=\"async\" width=\"800\" height=\"751\" src=\"https:\/\/fadeu.urantiacos.cl\/wp-content\/uploads\/2023\/09\/Documental_sobre_Archiprix_International_2019_en_Santiago_de_Chile_fue_estrenado_en_el_Architecture_Film_Festival_Rotterdam-1.jpg\" alt=\"\" class=\"wp-image-10134\" srcset=\"https:\/\/fadeu.urantiacos.cl\/wp-content\/uploads\/2023\/09\/Documental_sobre_Archiprix_International_2019_en_Santiago_de_Chile_fue_estrenado_en_el_Architecture_Film_Festival_Rotterdam-1.jpg 800w, https:\/\/fadeu.urantiacos.cl\/wp-content\/uploads\/2023\/09\/Documental_sobre_Archiprix_International_2019_en_Santiago_de_Chile_fue_estrenado_en_el_Architecture_Film_Festival_Rotterdam-1-300x282.jpg 300w, https:\/\/fadeu.urantiacos.cl\/wp-content\/uploads\/2023\/09\/Documental_sobre_Archiprix_International_2019_en_Santiago_de_Chile_fue_estrenado_en_el_Architecture_Film_Festival_Rotterdam-1-768x721.jpg 768w\" sizes=\"(max-width: 800px) 100vw, 800px\" \/><\/figure>\n\n\n\n<p>Noticias<br>Contacto:&nbsp;<a href=\"mailto:redesarq@uc.cl\">redesarq@uc.cl<\/a>&nbsp;| +56 2 2354 7747<br>www.arquitectura.uc.cl<\/p>\n","protected":false},"excerpt":{"rendered":"<p>Archiprix internacional estrena &#8220;Conflicting Territories | Conflicting Communities&#8221;, documental que registra la experiencia de Archiprix 2019 en Santiago de Chile, evento que reuni\u00f3 a 70 j\u00f3venes arquitectos, urbanistas y arquitectos paisajistas de todo el mundo, quienes trabajaron en conjunto para desarrollar estrategias para el futuro del barrio Matadero-Franklln. La pel\u00edcula ser\u00e1 estrenada el 12 de octubre en el Architecture Film Festival Rotterdam (AFFR).<\/p>\n","protected":false},"author":1,"featured_media":10133,"comment_status":"open","ping_status":"open","sticky":false,"template":"","format":"standard","meta":{"_acf_changed":false,"footnotes":""},"categories":[1],"tags":[],"class_list":["post-10132","post","type-post","status-publish","format-standard","has-post-thumbnail","hentry","category-sin-categorizar"],"acf":[],"yoast_head":"<!-- This site is optimized with the Yoast SEO plugin v27.1.1 - https:\/\/yoast.com\/product\/yoast-seo-wordpress\/ -->\n<title>Archiprix Internacional lanza documental sobre la experiencia del workshop &quot;Conflicting Territories | Conflicting Communities&quot; realizado en barrio Matadero-Franklln - Facultad de Arquitectura, Dise\u00f1o y Estudios Urbanos<\/title>\n<meta name=\"description\" content=\"Archiprix internacional estrena &quot;Conflicting Territories | Conflicting Communities&quot;, documental que registra la experiencia de Archiprix 2019 en Santiago de Chile, evento que reuni\u00f3 a 70 j\u00f3venes arquitectos, urbanistas y arquitectos paisajistas de todo el mundo, quienes trabajaron en conjunto para desarrollar estrategias para el futuro del barrio Matadero-Franklln. La pel\u00edcula ser\u00e1 estrenada el 12 de octubre en el Architecture Film Festival Rotterdam (AFFR).\" \/>\n<meta name=\"robots\" content=\"index, follow, max-snippet:-1, max-image-preview:large, max-video-preview:-1\" \/>\n<link rel=\"canonical\" href=\"https:\/\/fadeu.urantiacos.cl\/en\/2019\/10\/14\/archiprix-internacional-lanza-documental-sobre-la-experiencia-del-workshop-conflicting-territories-conflicting-communities-realizado-en-barrio-matadero-franklln\/\" \/>\n<meta property=\"og:locale\" content=\"en_US\" \/>\n<meta property=\"og:type\" content=\"article\" \/>\n<meta property=\"og:title\" content=\"Archiprix Internacional lanza documental sobre la experiencia del workshop &quot;Conflicting Territories | Conflicting Communities&quot; realizado en barrio Matadero-Franklln - Facultad de Arquitectura, Dise\u00f1o y Estudios Urbanos\" \/>\n<meta property=\"og:description\" content=\"Archiprix internacional estrena &quot;Conflicting Territories | Conflicting Communities&quot;, documental que registra la experiencia de Archiprix 2019 en Santiago de Chile, evento que reuni\u00f3 a 70 j\u00f3venes arquitectos, urbanistas y arquitectos paisajistas de todo el mundo, quienes trabajaron en conjunto para desarrollar estrategias para el futuro del barrio Matadero-Franklln. La pel\u00edcula ser\u00e1 estrenada el 12 de octubre en el Architecture Film Festival Rotterdam (AFFR).\" \/>\n<meta property=\"og:url\" content=\"https:\/\/fadeu.urantiacos.cl\/en\/2019\/10\/14\/archiprix-internacional-lanza-documental-sobre-la-experiencia-del-workshop-conflicting-territories-conflicting-communities-realizado-en-barrio-matadero-franklln\/\" \/>\n<meta property=\"og:site_name\" content=\"Facultad de Arquitectura, Dise\u00f1o y Estudios Urbanos\" \/>\n<meta property=\"article:published_time\" content=\"2019-10-14T23:53:00+00:00\" \/>\n<meta property=\"article:modified_time\" content=\"2023-10-23T13:41:06+00:00\" \/>\n<meta property=\"og:image\" content=\"https:\/\/fadeu.urantiacos.cl\/wp-content\/uploads\/2023\/09\/Documental_sobre_Archiprix_International_2019_en_Santiago_de_Chile_fue_estrenado_en_el_Architecture_Film_Festival_Rotterdam.jpg\" \/>\n\t<meta property=\"og:image:width\" content=\"350\" \/>\n\t<meta property=\"og:image:height\" content=\"250\" \/>\n\t<meta property=\"og:image:type\" content=\"image\/jpeg\" \/>\n<meta name=\"author\" content=\"manadmin\" \/>\n<meta name=\"twitter:card\" content=\"summary_large_image\" \/>\n<meta name=\"twitter:label1\" content=\"Written by\" \/>\n\t<meta name=\"twitter:data1\" content=\"manadmin\" \/>\n\t<meta name=\"twitter:label2\" content=\"Est. reading time\" \/>\n\t<meta name=\"twitter:data2\" content=\"3 minutes\" \/>\n<script type=\"application\/ld+json\" class=\"yoast-schema-graph\">{\"@context\":\"https:\/\/schema.org\",\"@graph\":[{\"@type\":\"Article\",\"@id\":\"https:\/\/fadeu.urantiacos.cl\/en\/2019\/10\/14\/archiprix-internacional-lanza-documental-sobre-la-experiencia-del-workshop-conflicting-territories-conflicting-communities-realizado-en-barrio-matadero-franklln\/#article\",\"isPartOf\":{\"@id\":\"https:\/\/fadeu.urantiacos.cl\/en\/2019\/10\/14\/archiprix-internacional-lanza-documental-sobre-la-experiencia-del-workshop-conflicting-territories-conflicting-communities-realizado-en-barrio-matadero-franklln\/\"},\"author\":{\"name\":\"manadmin\",\"@id\":\"https:\/\/fadeu.urantiacos.cl\/en\/#\/schema\/person\/d203e2e84b1c40275eac77b3061a19a2\"},\"headline\":\"Archiprix Internacional lanza documental sobre la experiencia del workshop &#8220;Conflicting Territories | Conflicting Communities&#8221; realizado en barrio Matadero-Franklln\",\"datePublished\":\"2019-10-14T23:53:00+00:00\",\"dateModified\":\"2023-10-23T13:41:06+00:00\",\"mainEntityOfPage\":{\"@id\":\"https:\/\/fadeu.urantiacos.cl\/en\/2019\/10\/14\/archiprix-internacional-lanza-documental-sobre-la-experiencia-del-workshop-conflicting-territories-conflicting-communities-realizado-en-barrio-matadero-franklln\/\"},\"wordCount\":388,\"commentCount\":0,\"image\":{\"@id\":\"https:\/\/fadeu.urantiacos.cl\/en\/2019\/10\/14\/archiprix-internacional-lanza-documental-sobre-la-experiencia-del-workshop-conflicting-territories-conflicting-communities-realizado-en-barrio-matadero-franklln\/#primaryimage\"},\"thumbnailUrl\":\"https:\/\/fadeu.urantiacos.cl\/wp-content\/uploads\/2023\/09\/Documental_sobre_Archiprix_International_2019_en_Santiago_de_Chile_fue_estrenado_en_el_Architecture_Film_Festival_Rotterdam.jpg\",\"articleSection\":[\"Sin categorizar\"],\"inLanguage\":\"en-US\",\"potentialAction\":[{\"@type\":\"CommentAction\",\"name\":\"Comment\",\"target\":[\"https:\/\/fadeu.urantiacos.cl\/en\/2019\/10\/14\/archiprix-internacional-lanza-documental-sobre-la-experiencia-del-workshop-conflicting-territories-conflicting-communities-realizado-en-barrio-matadero-franklln\/#respond\"]}]},{\"@type\":\"WebPage\",\"@id\":\"https:\/\/fadeu.urantiacos.cl\/en\/2019\/10\/14\/archiprix-internacional-lanza-documental-sobre-la-experiencia-del-workshop-conflicting-territories-conflicting-communities-realizado-en-barrio-matadero-franklln\/\",\"url\":\"https:\/\/fadeu.urantiacos.cl\/en\/2019\/10\/14\/archiprix-internacional-lanza-documental-sobre-la-experiencia-del-workshop-conflicting-territories-conflicting-communities-realizado-en-barrio-matadero-franklln\/\",\"name\":\"Archiprix Internacional lanza documental sobre la experiencia del workshop \\\"Conflicting Territories | Conflicting Communities\\\" realizado en barrio Matadero-Franklln - Facultad de Arquitectura, Dise\u00f1o y Estudios Urbanos\",\"isPartOf\":{\"@id\":\"https:\/\/fadeu.urantiacos.cl\/en\/#website\"},\"primaryImageOfPage\":{\"@id\":\"https:\/\/fadeu.urantiacos.cl\/en\/2019\/10\/14\/archiprix-internacional-lanza-documental-sobre-la-experiencia-del-workshop-conflicting-territories-conflicting-communities-realizado-en-barrio-matadero-franklln\/#primaryimage\"},\"image\":{\"@id\":\"https:\/\/fadeu.urantiacos.cl\/en\/2019\/10\/14\/archiprix-internacional-lanza-documental-sobre-la-experiencia-del-workshop-conflicting-territories-conflicting-communities-realizado-en-barrio-matadero-franklln\/#primaryimage\"},\"thumbnailUrl\":\"https:\/\/fadeu.urantiacos.cl\/wp-content\/uploads\/2023\/09\/Documental_sobre_Archiprix_International_2019_en_Santiago_de_Chile_fue_estrenado_en_el_Architecture_Film_Festival_Rotterdam.jpg\",\"datePublished\":\"2019-10-14T23:53:00+00:00\",\"dateModified\":\"2023-10-23T13:41:06+00:00\",\"author\":{\"@id\":\"https:\/\/fadeu.urantiacos.cl\/en\/#\/schema\/person\/d203e2e84b1c40275eac77b3061a19a2\"},\"description\":\"Archiprix internacional estrena \\\"Conflicting Territories | Conflicting Communities\\\", documental que registra la experiencia de Archiprix 2019 en Santiago de Chile, evento que reuni\u00f3 a 70 j\u00f3venes arquitectos, urbanistas y arquitectos paisajistas de todo el mundo, quienes trabajaron en conjunto para desarrollar estrategias para el futuro del barrio Matadero-Franklln. La pel\u00edcula ser\u00e1 estrenada el 12 de octubre en el Architecture Film Festival Rotterdam (AFFR).\",\"breadcrumb\":{\"@id\":\"https:\/\/fadeu.urantiacos.cl\/en\/2019\/10\/14\/archiprix-internacional-lanza-documental-sobre-la-experiencia-del-workshop-conflicting-territories-conflicting-communities-realizado-en-barrio-matadero-franklln\/#breadcrumb\"},\"inLanguage\":\"en-US\",\"potentialAction\":[{\"@type\":\"ReadAction\",\"target\":[\"https:\/\/fadeu.urantiacos.cl\/en\/2019\/10\/14\/archiprix-internacional-lanza-documental-sobre-la-experiencia-del-workshop-conflicting-territories-conflicting-communities-realizado-en-barrio-matadero-franklln\/\"]}]},{\"@type\":\"ImageObject\",\"inLanguage\":\"en-US\",\"@id\":\"https:\/\/fadeu.urantiacos.cl\/en\/2019\/10\/14\/archiprix-internacional-lanza-documental-sobre-la-experiencia-del-workshop-conflicting-territories-conflicting-communities-realizado-en-barrio-matadero-franklln\/#primaryimage\",\"url\":\"https:\/\/fadeu.urantiacos.cl\/wp-content\/uploads\/2023\/09\/Documental_sobre_Archiprix_International_2019_en_Santiago_de_Chile_fue_estrenado_en_el_Architecture_Film_Festival_Rotterdam.jpg\",\"contentUrl\":\"https:\/\/fadeu.urantiacos.cl\/wp-content\/uploads\/2023\/09\/Documental_sobre_Archiprix_International_2019_en_Santiago_de_Chile_fue_estrenado_en_el_Architecture_Film_Festival_Rotterdam.jpg\",\"width\":350,\"height\":250},{\"@type\":\"BreadcrumbList\",\"@id\":\"https:\/\/fadeu.urantiacos.cl\/en\/2019\/10\/14\/archiprix-internacional-lanza-documental-sobre-la-experiencia-del-workshop-conflicting-territories-conflicting-communities-realizado-en-barrio-matadero-franklln\/#breadcrumb\",\"itemListElement\":[{\"@type\":\"ListItem\",\"position\":1,\"name\":\"Portada\",\"item\":\"https:\/\/fadeu.urantiacos.cl\/en\/\"},{\"@type\":\"ListItem\",\"position\":2,\"name\":\"Archiprix Internacional lanza documental sobre la experiencia del workshop &#8220;Conflicting Territories | Conflicting Communities&#8221; realizado en barrio Matadero-Franklln\"}]},{\"@type\":\"WebSite\",\"@id\":\"https:\/\/fadeu.urantiacos.cl\/en\/#website\",\"url\":\"https:\/\/fadeu.urantiacos.cl\/en\/\",\"name\":\"Facultad de Arquitectura, Dise\u00f1o y Estudios Urbanos\",\"description\":\"Campus Lo Contador\",\"potentialAction\":[{\"@type\":\"SearchAction\",\"target\":{\"@type\":\"EntryPoint\",\"urlTemplate\":\"https:\/\/fadeu.urantiacos.cl\/en\/?s={search_term_string}\"},\"query-input\":{\"@type\":\"PropertyValueSpecification\",\"valueRequired\":true,\"valueName\":\"search_term_string\"}}],\"inLanguage\":\"en-US\"},{\"@type\":\"Person\",\"@id\":\"https:\/\/fadeu.urantiacos.cl\/en\/#\/schema\/person\/d203e2e84b1c40275eac77b3061a19a2\",\"name\":\"manadmin\",\"image\":{\"@type\":\"ImageObject\",\"inLanguage\":\"en-US\",\"@id\":\"https:\/\/fadeu.urantiacos.cl\/en\/#\/schema\/person\/image\/\",\"url\":\"https:\/\/secure.gravatar.com\/avatar\/4b1d8e3303b4a9d8968ac578947d8bc80d9aea359f388cdd4aac15cadc0e8447?s=96&d=mm&r=g\",\"contentUrl\":\"https:\/\/secure.gravatar.com\/avatar\/4b1d8e3303b4a9d8968ac578947d8bc80d9aea359f388cdd4aac15cadc0e8447?s=96&d=mm&r=g\",\"caption\":\"manadmin\"},\"sameAs\":[\"https:\/\/fadeu.urantiacos.cl\"]}]}<\/script>\n<!-- \/ Yoast SEO plugin. -->","yoast_head_json":{"title":"Archiprix Internacional lanza documental sobre la experiencia del workshop \"Conflicting Territories | Conflicting Communities\" realizado en barrio Matadero-Franklln - Facultad de Arquitectura, Dise\u00f1o y Estudios Urbanos","description":"Archiprix internacional estrena \"Conflicting Territories | Conflicting Communities\", documental que registra la experiencia de Archiprix 2019 en Santiago de Chile, evento que reuni\u00f3 a 70 j\u00f3venes arquitectos, urbanistas y arquitectos paisajistas de todo el mundo, quienes trabajaron en conjunto para desarrollar estrategias para el futuro del barrio Matadero-Franklln. La pel\u00edcula ser\u00e1 estrenada el 12 de octubre en el Architecture Film Festival Rotterdam (AFFR).","robots":{"index":"index","follow":"follow","max-snippet":"max-snippet:-1","max-image-preview":"max-image-preview:large","max-video-preview":"max-video-preview:-1"},"canonical":"https:\/\/fadeu.urantiacos.cl\/en\/2019\/10\/14\/archiprix-internacional-lanza-documental-sobre-la-experiencia-del-workshop-conflicting-territories-conflicting-communities-realizado-en-barrio-matadero-franklln\/","og_locale":"en_US","og_type":"article","og_title":"Archiprix Internacional lanza documental sobre la experiencia del workshop \"Conflicting Territories | Conflicting Communities\" realizado en barrio Matadero-Franklln - Facultad de Arquitectura, Dise\u00f1o y Estudios Urbanos","og_description":"Archiprix internacional estrena \"Conflicting Territories | Conflicting Communities\", documental que registra la experiencia de Archiprix 2019 en Santiago de Chile, evento que reuni\u00f3 a 70 j\u00f3venes arquitectos, urbanistas y arquitectos paisajistas de todo el mundo, quienes trabajaron en conjunto para desarrollar estrategias para el futuro del barrio Matadero-Franklln. La pel\u00edcula ser\u00e1 estrenada el 12 de octubre en el Architecture Film Festival Rotterdam (AFFR).","og_url":"https:\/\/fadeu.urantiacos.cl\/en\/2019\/10\/14\/archiprix-internacional-lanza-documental-sobre-la-experiencia-del-workshop-conflicting-territories-conflicting-communities-realizado-en-barrio-matadero-franklln\/","og_site_name":"Facultad de Arquitectura, Dise\u00f1o y Estudios Urbanos","article_published_time":"2019-10-14T23:53:00+00:00","article_modified_time":"2023-10-23T13:41:06+00:00","og_image":[{"width":350,"height":250,"url":"https:\/\/fadeu.urantiacos.cl\/wp-content\/uploads\/2023\/09\/Documental_sobre_Archiprix_International_2019_en_Santiago_de_Chile_fue_estrenado_en_el_Architecture_Film_Festival_Rotterdam.jpg","type":"image\/jpeg"}],"author":"manadmin","twitter_card":"summary_large_image","twitter_misc":{"Written by":"manadmin","Est. reading time":"3 minutes"},"schema":{"@context":"https:\/\/schema.org","@graph":[{"@type":"Article","@id":"https:\/\/fadeu.urantiacos.cl\/en\/2019\/10\/14\/archiprix-internacional-lanza-documental-sobre-la-experiencia-del-workshop-conflicting-territories-conflicting-communities-realizado-en-barrio-matadero-franklln\/#article","isPartOf":{"@id":"https:\/\/fadeu.urantiacos.cl\/en\/2019\/10\/14\/archiprix-internacional-lanza-documental-sobre-la-experiencia-del-workshop-conflicting-territories-conflicting-communities-realizado-en-barrio-matadero-franklln\/"},"author":{"name":"manadmin","@id":"https:\/\/fadeu.urantiacos.cl\/en\/#\/schema\/person\/d203e2e84b1c40275eac77b3061a19a2"},"headline":"Archiprix Internacional lanza documental sobre la experiencia del workshop &#8220;Conflicting Territories | Conflicting Communities&#8221; realizado en barrio Matadero-Franklln","datePublished":"2019-10-14T23:53:00+00:00","dateModified":"2023-10-23T13:41:06+00:00","mainEntityOfPage":{"@id":"https:\/\/fadeu.urantiacos.cl\/en\/2019\/10\/14\/archiprix-internacional-lanza-documental-sobre-la-experiencia-del-workshop-conflicting-territories-conflicting-communities-realizado-en-barrio-matadero-franklln\/"},"wordCount":388,"commentCount":0,"image":{"@id":"https:\/\/fadeu.urantiacos.cl\/en\/2019\/10\/14\/archiprix-internacional-lanza-documental-sobre-la-experiencia-del-workshop-conflicting-territories-conflicting-communities-realizado-en-barrio-matadero-franklln\/#primaryimage"},"thumbnailUrl":"https:\/\/fadeu.urantiacos.cl\/wp-content\/uploads\/2023\/09\/Documental_sobre_Archiprix_International_2019_en_Santiago_de_Chile_fue_estrenado_en_el_Architecture_Film_Festival_Rotterdam.jpg","articleSection":["Sin categorizar"],"inLanguage":"en-US","potentialAction":[{"@type":"CommentAction","name":"Comment","target":["https:\/\/fadeu.urantiacos.cl\/en\/2019\/10\/14\/archiprix-internacional-lanza-documental-sobre-la-experiencia-del-workshop-conflicting-territories-conflicting-communities-realizado-en-barrio-matadero-franklln\/#respond"]}]},{"@type":"WebPage","@id":"https:\/\/fadeu.urantiacos.cl\/en\/2019\/10\/14\/archiprix-internacional-lanza-documental-sobre-la-experiencia-del-workshop-conflicting-territories-conflicting-communities-realizado-en-barrio-matadero-franklln\/","url":"https:\/\/fadeu.urantiacos.cl\/en\/2019\/10\/14\/archiprix-internacional-lanza-documental-sobre-la-experiencia-del-workshop-conflicting-territories-conflicting-communities-realizado-en-barrio-matadero-franklln\/","name":"Archiprix Internacional lanza documental sobre la experiencia del workshop \"Conflicting Territories | Conflicting Communities\" realizado en barrio Matadero-Franklln - Facultad de Arquitectura, Dise\u00f1o y Estudios Urbanos","isPartOf":{"@id":"https:\/\/fadeu.urantiacos.cl\/en\/#website"},"primaryImageOfPage":{"@id":"https:\/\/fadeu.urantiacos.cl\/en\/2019\/10\/14\/archiprix-internacional-lanza-documental-sobre-la-experiencia-del-workshop-conflicting-territories-conflicting-communities-realizado-en-barrio-matadero-franklln\/#primaryimage"},"image":{"@id":"https:\/\/fadeu.urantiacos.cl\/en\/2019\/10\/14\/archiprix-internacional-lanza-documental-sobre-la-experiencia-del-workshop-conflicting-territories-conflicting-communities-realizado-en-barrio-matadero-franklln\/#primaryimage"},"thumbnailUrl":"https:\/\/fadeu.urantiacos.cl\/wp-content\/uploads\/2023\/09\/Documental_sobre_Archiprix_International_2019_en_Santiago_de_Chile_fue_estrenado_en_el_Architecture_Film_Festival_Rotterdam.jpg","datePublished":"2019-10-14T23:53:00+00:00","dateModified":"2023-10-23T13:41:06+00:00","author":{"@id":"https:\/\/fadeu.urantiacos.cl\/en\/#\/schema\/person\/d203e2e84b1c40275eac77b3061a19a2"},"description":"Archiprix internacional estrena \"Conflicting Territories | Conflicting Communities\", documental que registra la experiencia de Archiprix 2019 en Santiago de Chile, evento que reuni\u00f3 a 70 j\u00f3venes arquitectos, urbanistas y arquitectos paisajistas de todo el mundo, quienes trabajaron en conjunto para desarrollar estrategias para el futuro del barrio Matadero-Franklln. La pel\u00edcula ser\u00e1 estrenada el 12 de octubre en el Architecture Film Festival Rotterdam (AFFR).","breadcrumb":{"@id":"https:\/\/fadeu.urantiacos.cl\/en\/2019\/10\/14\/archiprix-internacional-lanza-documental-sobre-la-experiencia-del-workshop-conflicting-territories-conflicting-communities-realizado-en-barrio-matadero-franklln\/#breadcrumb"},"inLanguage":"en-US","potentialAction":[{"@type":"ReadAction","target":["https:\/\/fadeu.urantiacos.cl\/en\/2019\/10\/14\/archiprix-internacional-lanza-documental-sobre-la-experiencia-del-workshop-conflicting-territories-conflicting-communities-realizado-en-barrio-matadero-franklln\/"]}]},{"@type":"ImageObject","inLanguage":"en-US","@id":"https:\/\/fadeu.urantiacos.cl\/en\/2019\/10\/14\/archiprix-internacional-lanza-documental-sobre-la-experiencia-del-workshop-conflicting-territories-conflicting-communities-realizado-en-barrio-matadero-franklln\/#primaryimage","url":"https:\/\/fadeu.urantiacos.cl\/wp-content\/uploads\/2023\/09\/Documental_sobre_Archiprix_International_2019_en_Santiago_de_Chile_fue_estrenado_en_el_Architecture_Film_Festival_Rotterdam.jpg","contentUrl":"https:\/\/fadeu.urantiacos.cl\/wp-content\/uploads\/2023\/09\/Documental_sobre_Archiprix_International_2019_en_Santiago_de_Chile_fue_estrenado_en_el_Architecture_Film_Festival_Rotterdam.jpg","width":350,"height":250},{"@type":"BreadcrumbList","@id":"https:\/\/fadeu.urantiacos.cl\/en\/2019\/10\/14\/archiprix-internacional-lanza-documental-sobre-la-experiencia-del-workshop-conflicting-territories-conflicting-communities-realizado-en-barrio-matadero-franklln\/#breadcrumb","itemListElement":[{"@type":"ListItem","position":1,"name":"Portada","item":"https:\/\/fadeu.urantiacos.cl\/en\/"},{"@type":"ListItem","position":2,"name":"Archiprix Internacional lanza documental sobre la experiencia del workshop &#8220;Conflicting Territories | Conflicting Communities&#8221; realizado en barrio Matadero-Franklln"}]},{"@type":"WebSite","@id":"https:\/\/fadeu.urantiacos.cl\/en\/#website","url":"https:\/\/fadeu.urantiacos.cl\/en\/","name":"Facultad de Arquitectura, Dise\u00f1o y Estudios Urbanos","description":"Campus Lo Contador","potentialAction":[{"@type":"SearchAction","target":{"@type":"EntryPoint","urlTemplate":"https:\/\/fadeu.urantiacos.cl\/en\/?s={search_term_string}"},"query-input":{"@type":"PropertyValueSpecification","valueRequired":true,"valueName":"search_term_string"}}],"inLanguage":"en-US"},{"@type":"Person","@id":"https:\/\/fadeu.urantiacos.cl\/en\/#\/schema\/person\/d203e2e84b1c40275eac77b3061a19a2","name":"manadmin","image":{"@type":"ImageObject","inLanguage":"en-US","@id":"https:\/\/fadeu.urantiacos.cl\/en\/#\/schema\/person\/image\/","url":"https:\/\/secure.gravatar.com\/avatar\/4b1d8e3303b4a9d8968ac578947d8bc80d9aea359f388cdd4aac15cadc0e8447?s=96&d=mm&r=g","contentUrl":"https:\/\/secure.gravatar.com\/avatar\/4b1d8e3303b4a9d8968ac578947d8bc80d9aea359f388cdd4aac15cadc0e8447?s=96&d=mm&r=g","caption":"manadmin"},"sameAs":["https:\/\/fadeu.urantiacos.cl"]}]}},"_links":{"self":[{"href":"https:\/\/fadeu.urantiacos.cl\/en\/wp-json\/wp\/v2\/posts\/10132","targetHints":{"allow":["GET"]}}],"collection":[{"href":"https:\/\/fadeu.urantiacos.cl\/en\/wp-json\/wp\/v2\/posts"}],"about":[{"href":"https:\/\/fadeu.urantiacos.cl\/en\/wp-json\/wp\/v2\/types\/post"}],"author":[{"embeddable":true,"href":"https:\/\/fadeu.urantiacos.cl\/en\/wp-json\/wp\/v2\/users\/1"}],"replies":[{"embeddable":true,"href":"https:\/\/fadeu.urantiacos.cl\/en\/wp-json\/wp\/v2\/comments?post=10132"}],"version-history":[{"count":2,"href":"https:\/\/fadeu.urantiacos.cl\/en\/wp-json\/wp\/v2\/posts\/10132\/revisions"}],"predecessor-version":[{"id":17329,"href":"https:\/\/fadeu.urantiacos.cl\/en\/wp-json\/wp\/v2\/posts\/10132\/revisions\/17329"}],"wp:featuredmedia":[{"embeddable":true,"href":"https:\/\/fadeu.urantiacos.cl\/en\/wp-json\/wp\/v2\/media\/10133"}],"wp:attachment":[{"href":"https:\/\/fadeu.urantiacos.cl\/en\/wp-json\/wp\/v2\/media?parent=10132"}],"wp:term":[{"taxonomy":"category","embeddable":true,"href":"https:\/\/fadeu.urantiacos.cl\/en\/wp-json\/wp\/v2\/categories?post=10132"},{"taxonomy":"post_tag","embeddable":true,"href":"https:\/\/fadeu.urantiacos.cl\/en\/wp-json\/wp\/v2\/tags?post=10132"}],"curies":[{"name":"wp","href":"https:\/\/api.w.org\/{rel}","templated":true}]}}