{"id":10127,"date":"2019-10-14T20:46:00","date_gmt":"2019-10-14T23:46:00","guid":{"rendered":"https:\/\/fadeu.urantiacos.cl\/?p=10127"},"modified":"2023-09-14T20:53:47","modified_gmt":"2023-09-14T23:53:47","slug":"comunicamos-el-sensible-fallecimiento-de-quien-fuera-profesor-de-nuestra-facultad-el-reconocido-arquitecto-urbanista-y-premio-nacional-de-urbanismo-2003-german-bannen-lay","status":"publish","type":"post","link":"https:\/\/fadeu.urantiacos.cl\/en\/2019\/10\/14\/comunicamos-el-sensible-fallecimiento-de-quien-fuera-profesor-de-nuestra-facultad-el-reconocido-arquitecto-urbanista-y-premio-nacional-de-urbanismo-2003-german-bannen-lay\/","title":{"rendered":"Comunicamos el sensible fallecimiento de quien fuera profesor de nuestra Facultad, el reconocido arquitecto, urbanista y Premio Nacional de Urbanismo 2003, Germ\u00e1n Bannen Lay"},"content":{"rendered":"\n<figure class=\"wp-block-image size-full\"><img decoding=\"async\" width=\"350\" height=\"250\" src=\"https:\/\/fadeu.urantiacos.cl\/wp-content\/uploads\/2023\/09\/german_bannen_l_chica.jpg\" alt=\"\" class=\"wp-image-10128\" srcset=\"https:\/\/fadeu.urantiacos.cl\/wp-content\/uploads\/2023\/09\/german_bannen_l_chica.jpg 350w, https:\/\/fadeu.urantiacos.cl\/wp-content\/uploads\/2023\/09\/german_bannen_l_chica-300x214.jpg 300w\" sizes=\"(max-width: 350px) 100vw, 350px\" \/><\/figure>\n\n\n\n<p>En Grecia estudi\u00f3 Desarrollo Urbano en el Centro de Estudios Ek\u00edsticos de Atenas, termin\u00e1ndolos en 1972.<\/p>\n\n\n\n<p>Desde 1962 hasta 1988 fue Asesor Urbanista y Director del Departamento de Desarrollo Urbano de la Municipalidad de Providencia. Desde 1973 ha sido Director Sociedad CORMU Providencia; y desde 1989 ha sido Asesor en Materias Urbanas de la misma Municipalidad.<\/p>\n\n\n\n<p>En 1992 fue elegido por la mayor\u00eda del Colegio de Arquitectos de Chile como Director Nacional, ejerciendo tal cargo hasta 1996.<\/p>\n\n\n\n<p>Su destacada trayectoria como urbanista, la ejerci\u00f3 principalmente en la Municipalidad de Providencia, a trav\u00e9s del proyecto Nueva Providencia, y m\u00faltiples proyectos de escala urbana y arquitect\u00f3nica, como: la creaci\u00f3n de los caf\u00e9s literarios del parque Bustamante y Balmaceda, la galer\u00eda y anfiteatro del parque de las Esculturas o el mismo, Club Providencia.<\/p>\n\n\n\n<p>Estas im\u00e1genes que acompa\u00f1an este art\u00edculo fueron tomadas en marzo del 2015, cuando el profesor Bannen visit\u00f3 la Escuela de Arquitectura, dando al Clase inaugural de los Talleres ante nuestro alumnos en el auditorio FADEU.<\/p>\n\n\n\n<figure class=\"wp-block-image size-large\"><img decoding=\"async\" width=\"1024\" height=\"683\" src=\"https:\/\/fadeu.urantiacos.cl\/wp-content\/uploads\/2023\/09\/Conferencia_German_Bannen-5992-1024x683.jpg\" alt=\"\" class=\"wp-image-10129\" srcset=\"https:\/\/fadeu.urantiacos.cl\/wp-content\/uploads\/2023\/09\/Conferencia_German_Bannen-5992-1024x683.jpg 1024w, https:\/\/fadeu.urantiacos.cl\/wp-content\/uploads\/2023\/09\/Conferencia_German_Bannen-5992-300x200.jpg 300w, https:\/\/fadeu.urantiacos.cl\/wp-content\/uploads\/2023\/09\/Conferencia_German_Bannen-5992-768x512.jpg 768w, https:\/\/fadeu.urantiacos.cl\/wp-content\/uploads\/2023\/09\/Conferencia_German_Bannen-5992-1536x1024.jpg 1536w, https:\/\/fadeu.urantiacos.cl\/wp-content\/uploads\/2023\/09\/Conferencia_German_Bannen-5992-2048x1365.jpg 2048w, https:\/\/fadeu.urantiacos.cl\/wp-content\/uploads\/2023\/09\/Conferencia_German_Bannen-5992-scaled.jpg 1600w\" sizes=\"(max-width: 1024px) 100vw, 1024px\" \/><\/figure>\n\n\n\n<figure class=\"wp-block-image size-large\"><img decoding=\"async\" width=\"1024\" height=\"683\" src=\"https:\/\/fadeu.urantiacos.cl\/wp-content\/uploads\/2023\/09\/Conferencia_German_Bannen-5970-1024x683.jpg\" alt=\"\" class=\"wp-image-10130\" srcset=\"https:\/\/fadeu.urantiacos.cl\/wp-content\/uploads\/2023\/09\/Conferencia_German_Bannen-5970-1024x683.jpg 1024w, https:\/\/fadeu.urantiacos.cl\/wp-content\/uploads\/2023\/09\/Conferencia_German_Bannen-5970-300x200.jpg 300w, https:\/\/fadeu.urantiacos.cl\/wp-content\/uploads\/2023\/09\/Conferencia_German_Bannen-5970-768x512.jpg 768w, https:\/\/fadeu.urantiacos.cl\/wp-content\/uploads\/2023\/09\/Conferencia_German_Bannen-5970-1536x1024.jpg 1536w, https:\/\/fadeu.urantiacos.cl\/wp-content\/uploads\/2023\/09\/Conferencia_German_Bannen-5970-2048x1365.jpg 2048w, https:\/\/fadeu.urantiacos.cl\/wp-content\/uploads\/2023\/09\/Conferencia_German_Bannen-5970-scaled.jpg 1600w\" sizes=\"(max-width: 1024px) 100vw, 1024px\" \/><\/figure>\n","protected":false},"excerpt":{"rendered":"<p>Germ\u00e1n Bannen Lay, ingres\u00f3 a la Pontificia Universidad Cat\u00f3lica de Chile a estudiar arquitectura, terminando los estudios y titul\u00e1ndose en 1956 en la Universidad Cat\u00f3lica de Valpara\u00edso, egresando en la primera generaci\u00f3n de arquitectos de tal casa de estudios.<\/p>\n","protected":false},"author":1,"featured_media":10128,"comment_status":"open","ping_status":"open","sticky":false,"template":"","format":"standard","meta":{"_acf_changed":false,"footnotes":""},"categories":[1],"tags":[],"class_list":["post-10127","post","type-post","status-publish","format-standard","has-post-thumbnail","hentry","category-sin-categorizar"],"acf":[],"yoast_head":"<!-- This site is optimized with the Yoast SEO plugin v27.1.1 - https:\/\/yoast.com\/product\/yoast-seo-wordpress\/ -->\n<title>Comunicamos el sensible fallecimiento de quien fuera profesor de nuestra Facultad, el reconocido arquitecto, urbanista y Premio Nacional de Urbanismo 2003, Germ\u00e1n Bannen Lay - Facultad de Arquitectura, Dise\u00f1o y Estudios Urbanos<\/title>\n<meta name=\"description\" content=\"Germ\u00e1n Bannen Lay, ingres\u00f3 a la Pontificia Universidad Cat\u00f3lica de Chile a estudiar arquitectura, terminando los estudios y titul\u00e1ndose en 1956 en la Universidad Cat\u00f3lica de Valpara\u00edso, egresando en la primera generaci\u00f3n de arquitectos de tal casa de estudios.\" \/>\n<meta name=\"robots\" content=\"index, follow, max-snippet:-1, max-image-preview:large, max-video-preview:-1\" \/>\n<link rel=\"canonical\" href=\"https:\/\/fadeu.urantiacos.cl\/en\/2019\/10\/14\/comunicamos-el-sensible-fallecimiento-de-quien-fuera-profesor-de-nuestra-facultad-el-reconocido-arquitecto-urbanista-y-premio-nacional-de-urbanismo-2003-german-bannen-lay\/\" \/>\n<meta property=\"og:locale\" content=\"en_US\" \/>\n<meta property=\"og:type\" content=\"article\" \/>\n<meta property=\"og:title\" content=\"Comunicamos el sensible fallecimiento de quien fuera profesor de nuestra Facultad, el reconocido arquitecto, urbanista y Premio Nacional de Urbanismo 2003, Germ\u00e1n Bannen Lay - Facultad de Arquitectura, Dise\u00f1o y Estudios Urbanos\" \/>\n<meta property=\"og:description\" content=\"Germ\u00e1n Bannen Lay, ingres\u00f3 a la Pontificia Universidad Cat\u00f3lica de Chile a estudiar arquitectura, terminando los estudios y titul\u00e1ndose en 1956 en la Universidad Cat\u00f3lica de Valpara\u00edso, egresando en la primera generaci\u00f3n de arquitectos de tal casa de estudios.\" \/>\n<meta property=\"og:url\" content=\"https:\/\/fadeu.urantiacos.cl\/en\/2019\/10\/14\/comunicamos-el-sensible-fallecimiento-de-quien-fuera-profesor-de-nuestra-facultad-el-reconocido-arquitecto-urbanista-y-premio-nacional-de-urbanismo-2003-german-bannen-lay\/\" \/>\n<meta property=\"og:site_name\" content=\"Facultad de Arquitectura, Dise\u00f1o y Estudios Urbanos\" \/>\n<meta property=\"article:published_time\" content=\"2019-10-14T23:46:00+00:00\" \/>\n<meta property=\"article:modified_time\" content=\"2023-09-14T23:53:47+00:00\" \/>\n<meta property=\"og:image\" content=\"https:\/\/fadeu.urantiacos.cl\/wp-content\/uploads\/2023\/09\/german_bannen_l_chica.jpg\" \/>\n\t<meta property=\"og:image:width\" content=\"350\" \/>\n\t<meta property=\"og:image:height\" content=\"250\" \/>\n\t<meta property=\"og:image:type\" content=\"image\/jpeg\" \/>\n<meta name=\"author\" content=\"manadmin\" \/>\n<meta name=\"twitter:card\" content=\"summary_large_image\" \/>\n<meta name=\"twitter:label1\" content=\"Written by\" \/>\n\t<meta name=\"twitter:data1\" content=\"manadmin\" \/>\n\t<meta name=\"twitter:label2\" content=\"Est. reading time\" \/>\n\t<meta name=\"twitter:data2\" content=\"1 minute\" \/>\n<script type=\"application\/ld+json\" class=\"yoast-schema-graph\">{\"@context\":\"https:\/\/schema.org\",\"@graph\":[{\"@type\":\"Article\",\"@id\":\"https:\/\/fadeu.urantiacos.cl\/en\/2019\/10\/14\/comunicamos-el-sensible-fallecimiento-de-quien-fuera-profesor-de-nuestra-facultad-el-reconocido-arquitecto-urbanista-y-premio-nacional-de-urbanismo-2003-german-bannen-lay\/#article\",\"isPartOf\":{\"@id\":\"https:\/\/fadeu.urantiacos.cl\/en\/2019\/10\/14\/comunicamos-el-sensible-fallecimiento-de-quien-fuera-profesor-de-nuestra-facultad-el-reconocido-arquitecto-urbanista-y-premio-nacional-de-urbanismo-2003-german-bannen-lay\/\"},\"author\":{\"name\":\"manadmin\",\"@id\":\"https:\/\/fadeu.urantiacos.cl\/en\/#\/schema\/person\/d203e2e84b1c40275eac77b3061a19a2\"},\"headline\":\"Comunicamos el sensible fallecimiento de quien fuera profesor de nuestra Facultad, el reconocido arquitecto, urbanista y Premio Nacional de Urbanismo 2003, Germ\u00e1n Bannen Lay\",\"datePublished\":\"2019-10-14T23:46:00+00:00\",\"dateModified\":\"2023-09-14T23:53:47+00:00\",\"mainEntityOfPage\":{\"@id\":\"https:\/\/fadeu.urantiacos.cl\/en\/2019\/10\/14\/comunicamos-el-sensible-fallecimiento-de-quien-fuera-profesor-de-nuestra-facultad-el-reconocido-arquitecto-urbanista-y-premio-nacional-de-urbanismo-2003-german-bannen-lay\/\"},\"wordCount\":193,\"commentCount\":0,\"image\":{\"@id\":\"https:\/\/fadeu.urantiacos.cl\/en\/2019\/10\/14\/comunicamos-el-sensible-fallecimiento-de-quien-fuera-profesor-de-nuestra-facultad-el-reconocido-arquitecto-urbanista-y-premio-nacional-de-urbanismo-2003-german-bannen-lay\/#primaryimage\"},\"thumbnailUrl\":\"https:\/\/fadeu.urantiacos.cl\/wp-content\/uploads\/2023\/09\/german_bannen_l_chica.jpg\",\"articleSection\":[\"Sin categorizar\"],\"inLanguage\":\"en-US\",\"potentialAction\":[{\"@type\":\"CommentAction\",\"name\":\"Comment\",\"target\":[\"https:\/\/fadeu.urantiacos.cl\/en\/2019\/10\/14\/comunicamos-el-sensible-fallecimiento-de-quien-fuera-profesor-de-nuestra-facultad-el-reconocido-arquitecto-urbanista-y-premio-nacional-de-urbanismo-2003-german-bannen-lay\/#respond\"]}]},{\"@type\":\"WebPage\",\"@id\":\"https:\/\/fadeu.urantiacos.cl\/en\/2019\/10\/14\/comunicamos-el-sensible-fallecimiento-de-quien-fuera-profesor-de-nuestra-facultad-el-reconocido-arquitecto-urbanista-y-premio-nacional-de-urbanismo-2003-german-bannen-lay\/\",\"url\":\"https:\/\/fadeu.urantiacos.cl\/en\/2019\/10\/14\/comunicamos-el-sensible-fallecimiento-de-quien-fuera-profesor-de-nuestra-facultad-el-reconocido-arquitecto-urbanista-y-premio-nacional-de-urbanismo-2003-german-bannen-lay\/\",\"name\":\"Comunicamos el sensible fallecimiento de quien fuera profesor de nuestra Facultad, el reconocido arquitecto, urbanista y Premio Nacional de Urbanismo 2003, Germ\u00e1n Bannen Lay - Facultad de Arquitectura, Dise\u00f1o y Estudios Urbanos\",\"isPartOf\":{\"@id\":\"https:\/\/fadeu.urantiacos.cl\/en\/#website\"},\"primaryImageOfPage\":{\"@id\":\"https:\/\/fadeu.urantiacos.cl\/en\/2019\/10\/14\/comunicamos-el-sensible-fallecimiento-de-quien-fuera-profesor-de-nuestra-facultad-el-reconocido-arquitecto-urbanista-y-premio-nacional-de-urbanismo-2003-german-bannen-lay\/#primaryimage\"},\"image\":{\"@id\":\"https:\/\/fadeu.urantiacos.cl\/en\/2019\/10\/14\/comunicamos-el-sensible-fallecimiento-de-quien-fuera-profesor-de-nuestra-facultad-el-reconocido-arquitecto-urbanista-y-premio-nacional-de-urbanismo-2003-german-bannen-lay\/#primaryimage\"},\"thumbnailUrl\":\"https:\/\/fadeu.urantiacos.cl\/wp-content\/uploads\/2023\/09\/german_bannen_l_chica.jpg\",\"datePublished\":\"2019-10-14T23:46:00+00:00\",\"dateModified\":\"2023-09-14T23:53:47+00:00\",\"author\":{\"@id\":\"https:\/\/fadeu.urantiacos.cl\/en\/#\/schema\/person\/d203e2e84b1c40275eac77b3061a19a2\"},\"description\":\"Germ\u00e1n Bannen Lay, ingres\u00f3 a la Pontificia Universidad Cat\u00f3lica de Chile a estudiar arquitectura, terminando los estudios y titul\u00e1ndose en 1956 en la Universidad Cat\u00f3lica de Valpara\u00edso, egresando en la primera generaci\u00f3n de arquitectos de tal casa de estudios.\",\"breadcrumb\":{\"@id\":\"https:\/\/fadeu.urantiacos.cl\/en\/2019\/10\/14\/comunicamos-el-sensible-fallecimiento-de-quien-fuera-profesor-de-nuestra-facultad-el-reconocido-arquitecto-urbanista-y-premio-nacional-de-urbanismo-2003-german-bannen-lay\/#breadcrumb\"},\"inLanguage\":\"en-US\",\"potentialAction\":[{\"@type\":\"ReadAction\",\"target\":[\"https:\/\/fadeu.urantiacos.cl\/en\/2019\/10\/14\/comunicamos-el-sensible-fallecimiento-de-quien-fuera-profesor-de-nuestra-facultad-el-reconocido-arquitecto-urbanista-y-premio-nacional-de-urbanismo-2003-german-bannen-lay\/\"]}]},{\"@type\":\"ImageObject\",\"inLanguage\":\"en-US\",\"@id\":\"https:\/\/fadeu.urantiacos.cl\/en\/2019\/10\/14\/comunicamos-el-sensible-fallecimiento-de-quien-fuera-profesor-de-nuestra-facultad-el-reconocido-arquitecto-urbanista-y-premio-nacional-de-urbanismo-2003-german-bannen-lay\/#primaryimage\",\"url\":\"https:\/\/fadeu.urantiacos.cl\/wp-content\/uploads\/2023\/09\/german_bannen_l_chica.jpg\",\"contentUrl\":\"https:\/\/fadeu.urantiacos.cl\/wp-content\/uploads\/2023\/09\/german_bannen_l_chica.jpg\",\"width\":350,\"height\":250},{\"@type\":\"BreadcrumbList\",\"@id\":\"https:\/\/fadeu.urantiacos.cl\/en\/2019\/10\/14\/comunicamos-el-sensible-fallecimiento-de-quien-fuera-profesor-de-nuestra-facultad-el-reconocido-arquitecto-urbanista-y-premio-nacional-de-urbanismo-2003-german-bannen-lay\/#breadcrumb\",\"itemListElement\":[{\"@type\":\"ListItem\",\"position\":1,\"name\":\"Portada\",\"item\":\"https:\/\/fadeu.urantiacos.cl\/en\/\"},{\"@type\":\"ListItem\",\"position\":2,\"name\":\"Comunicamos el sensible fallecimiento de quien fuera profesor de nuestra Facultad, el reconocido arquitecto, urbanista y Premio Nacional de Urbanismo 2003, Germ\u00e1n Bannen Lay\"}]},{\"@type\":\"WebSite\",\"@id\":\"https:\/\/fadeu.urantiacos.cl\/en\/#website\",\"url\":\"https:\/\/fadeu.urantiacos.cl\/en\/\",\"name\":\"Facultad de Arquitectura, Dise\u00f1o y Estudios Urbanos\",\"description\":\"Campus Lo Contador\",\"potentialAction\":[{\"@type\":\"SearchAction\",\"target\":{\"@type\":\"EntryPoint\",\"urlTemplate\":\"https:\/\/fadeu.urantiacos.cl\/en\/?s={search_term_string}\"},\"query-input\":{\"@type\":\"PropertyValueSpecification\",\"valueRequired\":true,\"valueName\":\"search_term_string\"}}],\"inLanguage\":\"en-US\"},{\"@type\":\"Person\",\"@id\":\"https:\/\/fadeu.urantiacos.cl\/en\/#\/schema\/person\/d203e2e84b1c40275eac77b3061a19a2\",\"name\":\"manadmin\",\"image\":{\"@type\":\"ImageObject\",\"inLanguage\":\"en-US\",\"@id\":\"https:\/\/fadeu.urantiacos.cl\/en\/#\/schema\/person\/image\/\",\"url\":\"https:\/\/secure.gravatar.com\/avatar\/4b1d8e3303b4a9d8968ac578947d8bc80d9aea359f388cdd4aac15cadc0e8447?s=96&d=mm&r=g\",\"contentUrl\":\"https:\/\/secure.gravatar.com\/avatar\/4b1d8e3303b4a9d8968ac578947d8bc80d9aea359f388cdd4aac15cadc0e8447?s=96&d=mm&r=g\",\"caption\":\"manadmin\"},\"sameAs\":[\"https:\/\/fadeu.urantiacos.cl\"]}]}<\/script>\n<!-- \/ Yoast SEO plugin. -->","yoast_head_json":{"title":"Comunicamos el sensible fallecimiento de quien fuera profesor de nuestra Facultad, el reconocido arquitecto, urbanista y Premio Nacional de Urbanismo 2003, Germ\u00e1n Bannen Lay - Facultad de Arquitectura, Dise\u00f1o y Estudios Urbanos","description":"Germ\u00e1n Bannen Lay, ingres\u00f3 a la Pontificia Universidad Cat\u00f3lica de Chile a estudiar arquitectura, terminando los estudios y titul\u00e1ndose en 1956 en la Universidad Cat\u00f3lica de Valpara\u00edso, egresando en la primera generaci\u00f3n de arquitectos de tal casa de estudios.","robots":{"index":"index","follow":"follow","max-snippet":"max-snippet:-1","max-image-preview":"max-image-preview:large","max-video-preview":"max-video-preview:-1"},"canonical":"https:\/\/fadeu.urantiacos.cl\/en\/2019\/10\/14\/comunicamos-el-sensible-fallecimiento-de-quien-fuera-profesor-de-nuestra-facultad-el-reconocido-arquitecto-urbanista-y-premio-nacional-de-urbanismo-2003-german-bannen-lay\/","og_locale":"en_US","og_type":"article","og_title":"Comunicamos el sensible fallecimiento de quien fuera profesor de nuestra Facultad, el reconocido arquitecto, urbanista y Premio Nacional de Urbanismo 2003, Germ\u00e1n Bannen Lay - Facultad de Arquitectura, Dise\u00f1o y Estudios Urbanos","og_description":"Germ\u00e1n Bannen Lay, ingres\u00f3 a la Pontificia Universidad Cat\u00f3lica de Chile a estudiar arquitectura, terminando los estudios y titul\u00e1ndose en 1956 en la Universidad Cat\u00f3lica de Valpara\u00edso, egresando en la primera generaci\u00f3n de arquitectos de tal casa de estudios.","og_url":"https:\/\/fadeu.urantiacos.cl\/en\/2019\/10\/14\/comunicamos-el-sensible-fallecimiento-de-quien-fuera-profesor-de-nuestra-facultad-el-reconocido-arquitecto-urbanista-y-premio-nacional-de-urbanismo-2003-german-bannen-lay\/","og_site_name":"Facultad de Arquitectura, Dise\u00f1o y Estudios Urbanos","article_published_time":"2019-10-14T23:46:00+00:00","article_modified_time":"2023-09-14T23:53:47+00:00","og_image":[{"width":350,"height":250,"url":"https:\/\/fadeu.urantiacos.cl\/wp-content\/uploads\/2023\/09\/german_bannen_l_chica.jpg","type":"image\/jpeg"}],"author":"manadmin","twitter_card":"summary_large_image","twitter_misc":{"Written by":"manadmin","Est. reading time":"1 minute"},"schema":{"@context":"https:\/\/schema.org","@graph":[{"@type":"Article","@id":"https:\/\/fadeu.urantiacos.cl\/en\/2019\/10\/14\/comunicamos-el-sensible-fallecimiento-de-quien-fuera-profesor-de-nuestra-facultad-el-reconocido-arquitecto-urbanista-y-premio-nacional-de-urbanismo-2003-german-bannen-lay\/#article","isPartOf":{"@id":"https:\/\/fadeu.urantiacos.cl\/en\/2019\/10\/14\/comunicamos-el-sensible-fallecimiento-de-quien-fuera-profesor-de-nuestra-facultad-el-reconocido-arquitecto-urbanista-y-premio-nacional-de-urbanismo-2003-german-bannen-lay\/"},"author":{"name":"manadmin","@id":"https:\/\/fadeu.urantiacos.cl\/en\/#\/schema\/person\/d203e2e84b1c40275eac77b3061a19a2"},"headline":"Comunicamos el sensible fallecimiento de quien fuera profesor de nuestra Facultad, el reconocido arquitecto, urbanista y Premio Nacional de Urbanismo 2003, Germ\u00e1n Bannen Lay","datePublished":"2019-10-14T23:46:00+00:00","dateModified":"2023-09-14T23:53:47+00:00","mainEntityOfPage":{"@id":"https:\/\/fadeu.urantiacos.cl\/en\/2019\/10\/14\/comunicamos-el-sensible-fallecimiento-de-quien-fuera-profesor-de-nuestra-facultad-el-reconocido-arquitecto-urbanista-y-premio-nacional-de-urbanismo-2003-german-bannen-lay\/"},"wordCount":193,"commentCount":0,"image":{"@id":"https:\/\/fadeu.urantiacos.cl\/en\/2019\/10\/14\/comunicamos-el-sensible-fallecimiento-de-quien-fuera-profesor-de-nuestra-facultad-el-reconocido-arquitecto-urbanista-y-premio-nacional-de-urbanismo-2003-german-bannen-lay\/#primaryimage"},"thumbnailUrl":"https:\/\/fadeu.urantiacos.cl\/wp-content\/uploads\/2023\/09\/german_bannen_l_chica.jpg","articleSection":["Sin categorizar"],"inLanguage":"en-US","potentialAction":[{"@type":"CommentAction","name":"Comment","target":["https:\/\/fadeu.urantiacos.cl\/en\/2019\/10\/14\/comunicamos-el-sensible-fallecimiento-de-quien-fuera-profesor-de-nuestra-facultad-el-reconocido-arquitecto-urbanista-y-premio-nacional-de-urbanismo-2003-german-bannen-lay\/#respond"]}]},{"@type":"WebPage","@id":"https:\/\/fadeu.urantiacos.cl\/en\/2019\/10\/14\/comunicamos-el-sensible-fallecimiento-de-quien-fuera-profesor-de-nuestra-facultad-el-reconocido-arquitecto-urbanista-y-premio-nacional-de-urbanismo-2003-german-bannen-lay\/","url":"https:\/\/fadeu.urantiacos.cl\/en\/2019\/10\/14\/comunicamos-el-sensible-fallecimiento-de-quien-fuera-profesor-de-nuestra-facultad-el-reconocido-arquitecto-urbanista-y-premio-nacional-de-urbanismo-2003-german-bannen-lay\/","name":"Comunicamos el sensible fallecimiento de quien fuera profesor de nuestra Facultad, el reconocido arquitecto, urbanista y Premio Nacional de Urbanismo 2003, Germ\u00e1n Bannen Lay - Facultad de Arquitectura, Dise\u00f1o y Estudios Urbanos","isPartOf":{"@id":"https:\/\/fadeu.urantiacos.cl\/en\/#website"},"primaryImageOfPage":{"@id":"https:\/\/fadeu.urantiacos.cl\/en\/2019\/10\/14\/comunicamos-el-sensible-fallecimiento-de-quien-fuera-profesor-de-nuestra-facultad-el-reconocido-arquitecto-urbanista-y-premio-nacional-de-urbanismo-2003-german-bannen-lay\/#primaryimage"},"image":{"@id":"https:\/\/fadeu.urantiacos.cl\/en\/2019\/10\/14\/comunicamos-el-sensible-fallecimiento-de-quien-fuera-profesor-de-nuestra-facultad-el-reconocido-arquitecto-urbanista-y-premio-nacional-de-urbanismo-2003-german-bannen-lay\/#primaryimage"},"thumbnailUrl":"https:\/\/fadeu.urantiacos.cl\/wp-content\/uploads\/2023\/09\/german_bannen_l_chica.jpg","datePublished":"2019-10-14T23:46:00+00:00","dateModified":"2023-09-14T23:53:47+00:00","author":{"@id":"https:\/\/fadeu.urantiacos.cl\/en\/#\/schema\/person\/d203e2e84b1c40275eac77b3061a19a2"},"description":"Germ\u00e1n Bannen Lay, ingres\u00f3 a la Pontificia Universidad Cat\u00f3lica de Chile a estudiar arquitectura, terminando los estudios y titul\u00e1ndose en 1956 en la Universidad Cat\u00f3lica de Valpara\u00edso, egresando en la primera generaci\u00f3n de arquitectos de tal casa de estudios.","breadcrumb":{"@id":"https:\/\/fadeu.urantiacos.cl\/en\/2019\/10\/14\/comunicamos-el-sensible-fallecimiento-de-quien-fuera-profesor-de-nuestra-facultad-el-reconocido-arquitecto-urbanista-y-premio-nacional-de-urbanismo-2003-german-bannen-lay\/#breadcrumb"},"inLanguage":"en-US","potentialAction":[{"@type":"ReadAction","target":["https:\/\/fadeu.urantiacos.cl\/en\/2019\/10\/14\/comunicamos-el-sensible-fallecimiento-de-quien-fuera-profesor-de-nuestra-facultad-el-reconocido-arquitecto-urbanista-y-premio-nacional-de-urbanismo-2003-german-bannen-lay\/"]}]},{"@type":"ImageObject","inLanguage":"en-US","@id":"https:\/\/fadeu.urantiacos.cl\/en\/2019\/10\/14\/comunicamos-el-sensible-fallecimiento-de-quien-fuera-profesor-de-nuestra-facultad-el-reconocido-arquitecto-urbanista-y-premio-nacional-de-urbanismo-2003-german-bannen-lay\/#primaryimage","url":"https:\/\/fadeu.urantiacos.cl\/wp-content\/uploads\/2023\/09\/german_bannen_l_chica.jpg","contentUrl":"https:\/\/fadeu.urantiacos.cl\/wp-content\/uploads\/2023\/09\/german_bannen_l_chica.jpg","width":350,"height":250},{"@type":"BreadcrumbList","@id":"https:\/\/fadeu.urantiacos.cl\/en\/2019\/10\/14\/comunicamos-el-sensible-fallecimiento-de-quien-fuera-profesor-de-nuestra-facultad-el-reconocido-arquitecto-urbanista-y-premio-nacional-de-urbanismo-2003-german-bannen-lay\/#breadcrumb","itemListElement":[{"@type":"ListItem","position":1,"name":"Portada","item":"https:\/\/fadeu.urantiacos.cl\/en\/"},{"@type":"ListItem","position":2,"name":"Comunicamos el sensible fallecimiento de quien fuera profesor de nuestra Facultad, el reconocido arquitecto, urbanista y Premio Nacional de Urbanismo 2003, Germ\u00e1n Bannen Lay"}]},{"@type":"WebSite","@id":"https:\/\/fadeu.urantiacos.cl\/en\/#website","url":"https:\/\/fadeu.urantiacos.cl\/en\/","name":"Facultad de Arquitectura, Dise\u00f1o y Estudios Urbanos","description":"Campus Lo Contador","potentialAction":[{"@type":"SearchAction","target":{"@type":"EntryPoint","urlTemplate":"https:\/\/fadeu.urantiacos.cl\/en\/?s={search_term_string}"},"query-input":{"@type":"PropertyValueSpecification","valueRequired":true,"valueName":"search_term_string"}}],"inLanguage":"en-US"},{"@type":"Person","@id":"https:\/\/fadeu.urantiacos.cl\/en\/#\/schema\/person\/d203e2e84b1c40275eac77b3061a19a2","name":"manadmin","image":{"@type":"ImageObject","inLanguage":"en-US","@id":"https:\/\/fadeu.urantiacos.cl\/en\/#\/schema\/person\/image\/","url":"https:\/\/secure.gravatar.com\/avatar\/4b1d8e3303b4a9d8968ac578947d8bc80d9aea359f388cdd4aac15cadc0e8447?s=96&d=mm&r=g","contentUrl":"https:\/\/secure.gravatar.com\/avatar\/4b1d8e3303b4a9d8968ac578947d8bc80d9aea359f388cdd4aac15cadc0e8447?s=96&d=mm&r=g","caption":"manadmin"},"sameAs":["https:\/\/fadeu.urantiacos.cl"]}]}},"_links":{"self":[{"href":"https:\/\/fadeu.urantiacos.cl\/en\/wp-json\/wp\/v2\/posts\/10127","targetHints":{"allow":["GET"]}}],"collection":[{"href":"https:\/\/fadeu.urantiacos.cl\/en\/wp-json\/wp\/v2\/posts"}],"about":[{"href":"https:\/\/fadeu.urantiacos.cl\/en\/wp-json\/wp\/v2\/types\/post"}],"author":[{"embeddable":true,"href":"https:\/\/fadeu.urantiacos.cl\/en\/wp-json\/wp\/v2\/users\/1"}],"replies":[{"embeddable":true,"href":"https:\/\/fadeu.urantiacos.cl\/en\/wp-json\/wp\/v2\/comments?post=10127"}],"version-history":[{"count":1,"href":"https:\/\/fadeu.urantiacos.cl\/en\/wp-json\/wp\/v2\/posts\/10127\/revisions"}],"predecessor-version":[{"id":10131,"href":"https:\/\/fadeu.urantiacos.cl\/en\/wp-json\/wp\/v2\/posts\/10127\/revisions\/10131"}],"wp:featuredmedia":[{"embeddable":true,"href":"https:\/\/fadeu.urantiacos.cl\/en\/wp-json\/wp\/v2\/media\/10128"}],"wp:attachment":[{"href":"https:\/\/fadeu.urantiacos.cl\/en\/wp-json\/wp\/v2\/media?parent=10127"}],"wp:term":[{"taxonomy":"category","embeddable":true,"href":"https:\/\/fadeu.urantiacos.cl\/en\/wp-json\/wp\/v2\/categories?post=10127"},{"taxonomy":"post_tag","embeddable":true,"href":"https:\/\/fadeu.urantiacos.cl\/en\/wp-json\/wp\/v2\/tags?post=10127"}],"curies":[{"name":"wp","href":"https:\/\/api.w.org\/{rel}","templated":true}]}}