{"id":10111,"date":"2019-10-15T20:38:00","date_gmt":"2019-10-15T23:38:00","guid":{"rendered":"https:\/\/fadeu.urantiacos.cl\/?p=10111"},"modified":"2023-09-14T20:40:23","modified_gmt":"2023-09-14T23:40:23","slug":"premio-service-design-award","status":"publish","type":"post","link":"https:\/\/fadeu.urantiacos.cl\/en\/2019\/10\/15\/premio-service-design-award\/","title":{"rendered":"Premio &#8220;Service Design Award&#8221;"},"content":{"rendered":"\n<figure class=\"wp-block-image size-full\"><img decoding=\"async\" width=\"350\" height=\"250\" src=\"https:\/\/fadeu.urantiacos.cl\/wp-content\/uploads\/2023\/09\/bernardita_figueroa_premiacion.jpg\" alt=\"\" class=\"wp-image-10112\" srcset=\"https:\/\/fadeu.urantiacos.cl\/wp-content\/uploads\/2023\/09\/bernardita_figueroa_premiacion.jpg 350w, https:\/\/fadeu.urantiacos.cl\/wp-content\/uploads\/2023\/09\/bernardita_figueroa_premiacion-300x214.jpg 300w\" sizes=\"(max-width: 350px) 100vw, 350px\" \/><\/figure>\n\n\n\n<p>La propuesta, consisti\u00f3 en&nbsp;proponer un enfoque metodol\u00f3gico que combin\u00f3 dise\u00f1o de servicios, dise\u00f1o de experiencia de usuario, dise\u00f1o de interiores y el an\u00e1lisis y definici\u00f3n de un modelo de gesti\u00f3n de la experiencia. Esto se hizo con el prop\u00f3sito de brindar soluciones desde el punto de vista del usuario, con un s\u00f3lido soporte para los roles, procesos y sistemas organizacionales involucrados.<\/p>\n\n\n\n<p>El proyecto se realiz\u00f3 en colaboraci\u00f3n con Brandbook y Surandina consultores.<\/p>\n\n\n\n<figure class=\"wp-block-image\"><a href=\"https:\/\/diseno.uc.cl\/wp\/wp-content\/uploads\/2019\/09\/Captura-de-pantalla-2019-09-16-a-las-16.50.15.png\"><img decoding=\"async\" src=\"https:\/\/diseno.uc.cl\/wp\/wp-content\/uploads\/2019\/09\/Captura-de-pantalla-2019-09-16-a-las-16.50.15.png\" alt=\"\"\/><\/a><\/figure>\n\n\n\n<p>Pero los reconocimientos al desarrollo del Dise\u00f1o de Servicios siguieron llegando. La ex-alumna,&nbsp;Natalia Carrasco, quien actual cursa un Master en Dise\u00f1o de Servicios en RCA, fue una de las finalistas en la categor\u00eda estudiante con su proyecto&nbsp;<a href=\"https:\/\/www.service-design-network.org\/community-knowledge\/clarify-early-guidance-service-for-separated-parents\">Clarify<\/a>, cuyo foco est\u00e1 puesto en la experiencia actual de ciudadanos brit\u00e1nicos con dificultades financieras y emocionales que requieren apoyo en casos de separaci\u00f3n familiar y custodia de los hijos, pero que no tienen derecho a beneficios.&nbsp;<\/p>\n\n\n\n<figure class=\"wp-block-image\"><a href=\"https:\/\/diseno.uc.cl\/wp\/wp-content\/uploads\/2019\/09\/Captura-de-pantalla-2019-10-14-a-las-7.12.57.png\"><img decoding=\"async\" src=\"https:\/\/diseno.uc.cl\/wp\/wp-content\/uploads\/2019\/09\/Captura-de-pantalla-2019-10-14-a-las-7.12.57.png\" alt=\"\"\/><\/a><\/figure>\n\n\n\n<p>INFORMACI\u00d3N PERIOD\u00cdSTICA<br>ESCUELA DE DISE\u00d1O<\/p>\n","protected":false},"excerpt":{"rendered":"<p>El proyecto liderado por la docente Bernardita Figueroa, \u201cExperiencia omnicanal del afiliado Caja Los Andes\u201d, fue  galardonado en la categor\u00eda profesional en los Service Design Award 2019, en donde tambi\u00e9n participaron las profesoras, Mercedes Rico, Katherine Mollenhauer y Roc\u00edo Salvatierra.<\/p>\n","protected":false},"author":1,"featured_media":10112,"comment_status":"open","ping_status":"open","sticky":false,"template":"","format":"standard","meta":{"_acf_changed":false,"footnotes":""},"categories":[1],"tags":[],"class_list":["post-10111","post","type-post","status-publish","format-standard","has-post-thumbnail","hentry","category-sin-categorizar"],"acf":[],"yoast_head":"<!-- This site is optimized with the Yoast SEO plugin v27.1.1 - https:\/\/yoast.com\/product\/yoast-seo-wordpress\/ -->\n<title>Premio &quot;Service Design Award&quot; - Facultad de Arquitectura, Dise\u00f1o y Estudios Urbanos<\/title>\n<meta name=\"description\" content=\"El proyecto liderado por la docente Bernardita Figueroa, \u201cExperiencia omnicanal del afiliado Caja Los Andes\u201d, fue galardonado en la categor\u00eda profesional en los Service Design Award 2019, en donde tambi\u00e9n participaron las profesoras, Mercedes Rico, Katherine Mollenhauer y Roc\u00edo Salvatierra.\" \/>\n<meta name=\"robots\" content=\"index, follow, max-snippet:-1, max-image-preview:large, max-video-preview:-1\" \/>\n<link rel=\"canonical\" href=\"https:\/\/fadeu.urantiacos.cl\/en\/2019\/10\/15\/premio-service-design-award\/\" \/>\n<meta property=\"og:locale\" content=\"en_US\" \/>\n<meta property=\"og:type\" content=\"article\" \/>\n<meta property=\"og:title\" content=\"Premio &quot;Service Design Award&quot; - Facultad de Arquitectura, Dise\u00f1o y Estudios Urbanos\" \/>\n<meta property=\"og:description\" content=\"El proyecto liderado por la docente Bernardita Figueroa, \u201cExperiencia omnicanal del afiliado Caja Los Andes\u201d, fue galardonado en la categor\u00eda profesional en los Service Design Award 2019, en donde tambi\u00e9n participaron las profesoras, Mercedes Rico, Katherine Mollenhauer y Roc\u00edo Salvatierra.\" \/>\n<meta property=\"og:url\" content=\"https:\/\/fadeu.urantiacos.cl\/en\/2019\/10\/15\/premio-service-design-award\/\" \/>\n<meta property=\"og:site_name\" content=\"Facultad de Arquitectura, Dise\u00f1o y Estudios Urbanos\" \/>\n<meta property=\"article:published_time\" content=\"2019-10-15T23:38:00+00:00\" \/>\n<meta property=\"article:modified_time\" content=\"2023-09-14T23:40:23+00:00\" \/>\n<meta property=\"og:image\" content=\"https:\/\/fadeu.urantiacos.cl\/wp-content\/uploads\/2023\/09\/bernardita_figueroa_premiacion.jpg\" \/>\n\t<meta property=\"og:image:width\" content=\"350\" \/>\n\t<meta property=\"og:image:height\" content=\"250\" \/>\n\t<meta property=\"og:image:type\" content=\"image\/jpeg\" \/>\n<meta name=\"author\" content=\"manadmin\" \/>\n<meta name=\"twitter:card\" content=\"summary_large_image\" \/>\n<meta name=\"twitter:label1\" content=\"Written by\" \/>\n\t<meta name=\"twitter:data1\" content=\"manadmin\" \/>\n\t<meta name=\"twitter:label2\" content=\"Est. reading time\" \/>\n\t<meta name=\"twitter:data2\" content=\"1 minute\" \/>\n<script type=\"application\/ld+json\" class=\"yoast-schema-graph\">{\"@context\":\"https:\/\/schema.org\",\"@graph\":[{\"@type\":\"Article\",\"@id\":\"https:\/\/fadeu.urantiacos.cl\/en\/2019\/10\/15\/premio-service-design-award\/#article\",\"isPartOf\":{\"@id\":\"https:\/\/fadeu.urantiacos.cl\/en\/2019\/10\/15\/premio-service-design-award\/\"},\"author\":{\"name\":\"manadmin\",\"@id\":\"https:\/\/fadeu.urantiacos.cl\/en\/#\/schema\/person\/d203e2e84b1c40275eac77b3061a19a2\"},\"headline\":\"Premio &#8220;Service Design Award&#8221;\",\"datePublished\":\"2019-10-15T23:38:00+00:00\",\"dateModified\":\"2023-09-14T23:40:23+00:00\",\"mainEntityOfPage\":{\"@id\":\"https:\/\/fadeu.urantiacos.cl\/en\/2019\/10\/15\/premio-service-design-award\/\"},\"wordCount\":178,\"commentCount\":0,\"image\":{\"@id\":\"https:\/\/fadeu.urantiacos.cl\/en\/2019\/10\/15\/premio-service-design-award\/#primaryimage\"},\"thumbnailUrl\":\"https:\/\/fadeu.urantiacos.cl\/wp-content\/uploads\/2023\/09\/bernardita_figueroa_premiacion.jpg\",\"articleSection\":[\"Sin categorizar\"],\"inLanguage\":\"en-US\",\"potentialAction\":[{\"@type\":\"CommentAction\",\"name\":\"Comment\",\"target\":[\"https:\/\/fadeu.urantiacos.cl\/en\/2019\/10\/15\/premio-service-design-award\/#respond\"]}]},{\"@type\":\"WebPage\",\"@id\":\"https:\/\/fadeu.urantiacos.cl\/en\/2019\/10\/15\/premio-service-design-award\/\",\"url\":\"https:\/\/fadeu.urantiacos.cl\/en\/2019\/10\/15\/premio-service-design-award\/\",\"name\":\"Premio \\\"Service Design Award\\\" - Facultad de Arquitectura, Dise\u00f1o y Estudios Urbanos\",\"isPartOf\":{\"@id\":\"https:\/\/fadeu.urantiacos.cl\/en\/#website\"},\"primaryImageOfPage\":{\"@id\":\"https:\/\/fadeu.urantiacos.cl\/en\/2019\/10\/15\/premio-service-design-award\/#primaryimage\"},\"image\":{\"@id\":\"https:\/\/fadeu.urantiacos.cl\/en\/2019\/10\/15\/premio-service-design-award\/#primaryimage\"},\"thumbnailUrl\":\"https:\/\/fadeu.urantiacos.cl\/wp-content\/uploads\/2023\/09\/bernardita_figueroa_premiacion.jpg\",\"datePublished\":\"2019-10-15T23:38:00+00:00\",\"dateModified\":\"2023-09-14T23:40:23+00:00\",\"author\":{\"@id\":\"https:\/\/fadeu.urantiacos.cl\/en\/#\/schema\/person\/d203e2e84b1c40275eac77b3061a19a2\"},\"description\":\"El proyecto liderado por la docente Bernardita Figueroa, \u201cExperiencia omnicanal del afiliado Caja Los Andes\u201d, fue galardonado en la categor\u00eda profesional en los Service Design Award 2019, en donde tambi\u00e9n participaron las profesoras, Mercedes Rico, Katherine Mollenhauer y Roc\u00edo Salvatierra.\",\"breadcrumb\":{\"@id\":\"https:\/\/fadeu.urantiacos.cl\/en\/2019\/10\/15\/premio-service-design-award\/#breadcrumb\"},\"inLanguage\":\"en-US\",\"potentialAction\":[{\"@type\":\"ReadAction\",\"target\":[\"https:\/\/fadeu.urantiacos.cl\/en\/2019\/10\/15\/premio-service-design-award\/\"]}]},{\"@type\":\"ImageObject\",\"inLanguage\":\"en-US\",\"@id\":\"https:\/\/fadeu.urantiacos.cl\/en\/2019\/10\/15\/premio-service-design-award\/#primaryimage\",\"url\":\"https:\/\/fadeu.urantiacos.cl\/wp-content\/uploads\/2023\/09\/bernardita_figueroa_premiacion.jpg\",\"contentUrl\":\"https:\/\/fadeu.urantiacos.cl\/wp-content\/uploads\/2023\/09\/bernardita_figueroa_premiacion.jpg\",\"width\":350,\"height\":250},{\"@type\":\"BreadcrumbList\",\"@id\":\"https:\/\/fadeu.urantiacos.cl\/en\/2019\/10\/15\/premio-service-design-award\/#breadcrumb\",\"itemListElement\":[{\"@type\":\"ListItem\",\"position\":1,\"name\":\"Portada\",\"item\":\"https:\/\/fadeu.urantiacos.cl\/en\/\"},{\"@type\":\"ListItem\",\"position\":2,\"name\":\"Premio &#8220;Service Design Award&#8221;\"}]},{\"@type\":\"WebSite\",\"@id\":\"https:\/\/fadeu.urantiacos.cl\/en\/#website\",\"url\":\"https:\/\/fadeu.urantiacos.cl\/en\/\",\"name\":\"Facultad de Arquitectura, Dise\u00f1o y Estudios Urbanos\",\"description\":\"Campus Lo Contador\",\"potentialAction\":[{\"@type\":\"SearchAction\",\"target\":{\"@type\":\"EntryPoint\",\"urlTemplate\":\"https:\/\/fadeu.urantiacos.cl\/en\/?s={search_term_string}\"},\"query-input\":{\"@type\":\"PropertyValueSpecification\",\"valueRequired\":true,\"valueName\":\"search_term_string\"}}],\"inLanguage\":\"en-US\"},{\"@type\":\"Person\",\"@id\":\"https:\/\/fadeu.urantiacos.cl\/en\/#\/schema\/person\/d203e2e84b1c40275eac77b3061a19a2\",\"name\":\"manadmin\",\"image\":{\"@type\":\"ImageObject\",\"inLanguage\":\"en-US\",\"@id\":\"https:\/\/fadeu.urantiacos.cl\/en\/#\/schema\/person\/image\/\",\"url\":\"https:\/\/secure.gravatar.com\/avatar\/4b1d8e3303b4a9d8968ac578947d8bc80d9aea359f388cdd4aac15cadc0e8447?s=96&d=mm&r=g\",\"contentUrl\":\"https:\/\/secure.gravatar.com\/avatar\/4b1d8e3303b4a9d8968ac578947d8bc80d9aea359f388cdd4aac15cadc0e8447?s=96&d=mm&r=g\",\"caption\":\"manadmin\"},\"sameAs\":[\"https:\/\/fadeu.urantiacos.cl\"]}]}<\/script>\n<!-- \/ Yoast SEO plugin. -->","yoast_head_json":{"title":"Premio \"Service Design Award\" - Facultad de Arquitectura, Dise\u00f1o y Estudios Urbanos","description":"El proyecto liderado por la docente Bernardita Figueroa, \u201cExperiencia omnicanal del afiliado Caja Los Andes\u201d, fue galardonado en la categor\u00eda profesional en los Service Design Award 2019, en donde tambi\u00e9n participaron las profesoras, Mercedes Rico, Katherine Mollenhauer y Roc\u00edo Salvatierra.","robots":{"index":"index","follow":"follow","max-snippet":"max-snippet:-1","max-image-preview":"max-image-preview:large","max-video-preview":"max-video-preview:-1"},"canonical":"https:\/\/fadeu.urantiacos.cl\/en\/2019\/10\/15\/premio-service-design-award\/","og_locale":"en_US","og_type":"article","og_title":"Premio \"Service Design Award\" - Facultad de Arquitectura, Dise\u00f1o y Estudios Urbanos","og_description":"El proyecto liderado por la docente Bernardita Figueroa, \u201cExperiencia omnicanal del afiliado Caja Los Andes\u201d, fue galardonado en la categor\u00eda profesional en los Service Design Award 2019, en donde tambi\u00e9n participaron las profesoras, Mercedes Rico, Katherine Mollenhauer y Roc\u00edo Salvatierra.","og_url":"https:\/\/fadeu.urantiacos.cl\/en\/2019\/10\/15\/premio-service-design-award\/","og_site_name":"Facultad de Arquitectura, Dise\u00f1o y Estudios Urbanos","article_published_time":"2019-10-15T23:38:00+00:00","article_modified_time":"2023-09-14T23:40:23+00:00","og_image":[{"width":350,"height":250,"url":"https:\/\/fadeu.urantiacos.cl\/wp-content\/uploads\/2023\/09\/bernardita_figueroa_premiacion.jpg","type":"image\/jpeg"}],"author":"manadmin","twitter_card":"summary_large_image","twitter_misc":{"Written by":"manadmin","Est. reading time":"1 minute"},"schema":{"@context":"https:\/\/schema.org","@graph":[{"@type":"Article","@id":"https:\/\/fadeu.urantiacos.cl\/en\/2019\/10\/15\/premio-service-design-award\/#article","isPartOf":{"@id":"https:\/\/fadeu.urantiacos.cl\/en\/2019\/10\/15\/premio-service-design-award\/"},"author":{"name":"manadmin","@id":"https:\/\/fadeu.urantiacos.cl\/en\/#\/schema\/person\/d203e2e84b1c40275eac77b3061a19a2"},"headline":"Premio &#8220;Service Design Award&#8221;","datePublished":"2019-10-15T23:38:00+00:00","dateModified":"2023-09-14T23:40:23+00:00","mainEntityOfPage":{"@id":"https:\/\/fadeu.urantiacos.cl\/en\/2019\/10\/15\/premio-service-design-award\/"},"wordCount":178,"commentCount":0,"image":{"@id":"https:\/\/fadeu.urantiacos.cl\/en\/2019\/10\/15\/premio-service-design-award\/#primaryimage"},"thumbnailUrl":"https:\/\/fadeu.urantiacos.cl\/wp-content\/uploads\/2023\/09\/bernardita_figueroa_premiacion.jpg","articleSection":["Sin categorizar"],"inLanguage":"en-US","potentialAction":[{"@type":"CommentAction","name":"Comment","target":["https:\/\/fadeu.urantiacos.cl\/en\/2019\/10\/15\/premio-service-design-award\/#respond"]}]},{"@type":"WebPage","@id":"https:\/\/fadeu.urantiacos.cl\/en\/2019\/10\/15\/premio-service-design-award\/","url":"https:\/\/fadeu.urantiacos.cl\/en\/2019\/10\/15\/premio-service-design-award\/","name":"Premio \"Service Design Award\" - Facultad de Arquitectura, Dise\u00f1o y Estudios Urbanos","isPartOf":{"@id":"https:\/\/fadeu.urantiacos.cl\/en\/#website"},"primaryImageOfPage":{"@id":"https:\/\/fadeu.urantiacos.cl\/en\/2019\/10\/15\/premio-service-design-award\/#primaryimage"},"image":{"@id":"https:\/\/fadeu.urantiacos.cl\/en\/2019\/10\/15\/premio-service-design-award\/#primaryimage"},"thumbnailUrl":"https:\/\/fadeu.urantiacos.cl\/wp-content\/uploads\/2023\/09\/bernardita_figueroa_premiacion.jpg","datePublished":"2019-10-15T23:38:00+00:00","dateModified":"2023-09-14T23:40:23+00:00","author":{"@id":"https:\/\/fadeu.urantiacos.cl\/en\/#\/schema\/person\/d203e2e84b1c40275eac77b3061a19a2"},"description":"El proyecto liderado por la docente Bernardita Figueroa, \u201cExperiencia omnicanal del afiliado Caja Los Andes\u201d, fue galardonado en la categor\u00eda profesional en los Service Design Award 2019, en donde tambi\u00e9n participaron las profesoras, Mercedes Rico, Katherine Mollenhauer y Roc\u00edo Salvatierra.","breadcrumb":{"@id":"https:\/\/fadeu.urantiacos.cl\/en\/2019\/10\/15\/premio-service-design-award\/#breadcrumb"},"inLanguage":"en-US","potentialAction":[{"@type":"ReadAction","target":["https:\/\/fadeu.urantiacos.cl\/en\/2019\/10\/15\/premio-service-design-award\/"]}]},{"@type":"ImageObject","inLanguage":"en-US","@id":"https:\/\/fadeu.urantiacos.cl\/en\/2019\/10\/15\/premio-service-design-award\/#primaryimage","url":"https:\/\/fadeu.urantiacos.cl\/wp-content\/uploads\/2023\/09\/bernardita_figueroa_premiacion.jpg","contentUrl":"https:\/\/fadeu.urantiacos.cl\/wp-content\/uploads\/2023\/09\/bernardita_figueroa_premiacion.jpg","width":350,"height":250},{"@type":"BreadcrumbList","@id":"https:\/\/fadeu.urantiacos.cl\/en\/2019\/10\/15\/premio-service-design-award\/#breadcrumb","itemListElement":[{"@type":"ListItem","position":1,"name":"Portada","item":"https:\/\/fadeu.urantiacos.cl\/en\/"},{"@type":"ListItem","position":2,"name":"Premio &#8220;Service Design Award&#8221;"}]},{"@type":"WebSite","@id":"https:\/\/fadeu.urantiacos.cl\/en\/#website","url":"https:\/\/fadeu.urantiacos.cl\/en\/","name":"Facultad de Arquitectura, Dise\u00f1o y Estudios Urbanos","description":"Campus Lo Contador","potentialAction":[{"@type":"SearchAction","target":{"@type":"EntryPoint","urlTemplate":"https:\/\/fadeu.urantiacos.cl\/en\/?s={search_term_string}"},"query-input":{"@type":"PropertyValueSpecification","valueRequired":true,"valueName":"search_term_string"}}],"inLanguage":"en-US"},{"@type":"Person","@id":"https:\/\/fadeu.urantiacos.cl\/en\/#\/schema\/person\/d203e2e84b1c40275eac77b3061a19a2","name":"manadmin","image":{"@type":"ImageObject","inLanguage":"en-US","@id":"https:\/\/fadeu.urantiacos.cl\/en\/#\/schema\/person\/image\/","url":"https:\/\/secure.gravatar.com\/avatar\/4b1d8e3303b4a9d8968ac578947d8bc80d9aea359f388cdd4aac15cadc0e8447?s=96&d=mm&r=g","contentUrl":"https:\/\/secure.gravatar.com\/avatar\/4b1d8e3303b4a9d8968ac578947d8bc80d9aea359f388cdd4aac15cadc0e8447?s=96&d=mm&r=g","caption":"manadmin"},"sameAs":["https:\/\/fadeu.urantiacos.cl"]}]}},"_links":{"self":[{"href":"https:\/\/fadeu.urantiacos.cl\/en\/wp-json\/wp\/v2\/posts\/10111","targetHints":{"allow":["GET"]}}],"collection":[{"href":"https:\/\/fadeu.urantiacos.cl\/en\/wp-json\/wp\/v2\/posts"}],"about":[{"href":"https:\/\/fadeu.urantiacos.cl\/en\/wp-json\/wp\/v2\/types\/post"}],"author":[{"embeddable":true,"href":"https:\/\/fadeu.urantiacos.cl\/en\/wp-json\/wp\/v2\/users\/1"}],"replies":[{"embeddable":true,"href":"https:\/\/fadeu.urantiacos.cl\/en\/wp-json\/wp\/v2\/comments?post=10111"}],"version-history":[{"count":1,"href":"https:\/\/fadeu.urantiacos.cl\/en\/wp-json\/wp\/v2\/posts\/10111\/revisions"}],"predecessor-version":[{"id":10113,"href":"https:\/\/fadeu.urantiacos.cl\/en\/wp-json\/wp\/v2\/posts\/10111\/revisions\/10113"}],"wp:featuredmedia":[{"embeddable":true,"href":"https:\/\/fadeu.urantiacos.cl\/en\/wp-json\/wp\/v2\/media\/10112"}],"wp:attachment":[{"href":"https:\/\/fadeu.urantiacos.cl\/en\/wp-json\/wp\/v2\/media?parent=10111"}],"wp:term":[{"taxonomy":"category","embeddable":true,"href":"https:\/\/fadeu.urantiacos.cl\/en\/wp-json\/wp\/v2\/categories?post=10111"},{"taxonomy":"post_tag","embeddable":true,"href":"https:\/\/fadeu.urantiacos.cl\/en\/wp-json\/wp\/v2\/tags?post=10111"}],"curies":[{"name":"wp","href":"https:\/\/api.w.org\/{rel}","templated":true}]}}