{"id":10098,"date":"2019-10-17T20:31:00","date_gmt":"2019-10-17T23:31:00","guid":{"rendered":"https:\/\/fadeu.urantiacos.cl\/?p=10098"},"modified":"2023-09-14T20:37:04","modified_gmt":"2023-09-14T23:37:04","slug":"visita-al-campamento-minero-de-sewell-mina-el-teniente-sitio-patrimonio-mundial-unesco","status":"publish","type":"post","link":"https:\/\/fadeu.urantiacos.cl\/en\/2019\/10\/17\/visita-al-campamento-minero-de-sewell-mina-el-teniente-sitio-patrimonio-mundial-unesco\/","title":{"rendered":"Visita al Campamento minero de Sewell, mina El Teniente, Sitio Patrimonio Mundial UNESCO"},"content":{"rendered":"\n<figure class=\"wp-block-image size-full\"><img decoding=\"async\" width=\"350\" height=\"250\" src=\"https:\/\/fadeu.urantiacos.cl\/wp-content\/uploads\/2023\/09\/Foto_de_Carlos_Silva_Pedraza_2_chica.jpg\" alt=\"\" class=\"wp-image-10099\" srcset=\"https:\/\/fadeu.urantiacos.cl\/wp-content\/uploads\/2023\/09\/Foto_de_Carlos_Silva_Pedraza_2_chica.jpg 350w, https:\/\/fadeu.urantiacos.cl\/wp-content\/uploads\/2023\/09\/Foto_de_Carlos_Silva_Pedraza_2_chica-300x214.jpg 300w\" sizes=\"(max-width: 350px) 100vw, 350px\" \/><\/figure>\n\n\n\n<p>La visita fue guiada por el arquitecto&nbsp;Felipe Ravinet, director ejecutivo de la Fundaci\u00f3n Sewell y por&nbsp;M\u00f3nica Bahamondez, profesora del programa y Subdirectora Nacional de Gesti\u00f3n Patrimonial del Servicio Nacional del Patrimonio Cultural. Junto a los estudiantes, asisti\u00f3 la jefa del Programa&nbsp;Elvira P\u00e9rez, la profesora del curso de Paisajes Culturales&nbsp;Claudia Larra\u00edn, la profesora invitada&nbsp;Celeste Olalquiaga&nbsp;y el profesor de la Escuela de Arquitectura&nbsp;Diego Arroyo.<\/p>\n\n\n\n<p>La visita inici\u00f3 en la&nbsp;Fundaci\u00f3n Sewell, Rancagua, la subida por la Carretera El Cobre permiti\u00f3 tener una vista panor\u00e1mica de las instalaciones productivas de la Divisi\u00f3n El Teniente. Llegando a la ciudad de Sewell se inici\u00f3 la visita en el Edificio Teniente Club con una clase introductoria del Director Felipe Ravinet, luego de la cual se visit\u00f3 la piscina y se realiz\u00f3 un recorrido guiada por la ciudad para conocer los edificios del campamento y ver algunos espacios recreados. La visita finaliz\u00f3 en el museo de la Gran Miner\u00eda del Cobre.<\/p>\n\n\n\n<figure class=\"wp-block-image size-large\"><img decoding=\"async\" width=\"1024\" height=\"1024\" src=\"https:\/\/fadeu.urantiacos.cl\/wp-content\/uploads\/2023\/09\/Foto_de_Carlos_Silva_Pedraza_4-1024x1024.jpg\" alt=\"\" class=\"wp-image-10100\" srcset=\"https:\/\/fadeu.urantiacos.cl\/wp-content\/uploads\/2023\/09\/Foto_de_Carlos_Silva_Pedraza_4-1024x1024.jpg 1024w, https:\/\/fadeu.urantiacos.cl\/wp-content\/uploads\/2023\/09\/Foto_de_Carlos_Silva_Pedraza_4-300x300.jpg 300w, https:\/\/fadeu.urantiacos.cl\/wp-content\/uploads\/2023\/09\/Foto_de_Carlos_Silva_Pedraza_4-150x150.jpg 150w, https:\/\/fadeu.urantiacos.cl\/wp-content\/uploads\/2023\/09\/Foto_de_Carlos_Silva_Pedraza_4-768x768.jpg 768w, https:\/\/fadeu.urantiacos.cl\/wp-content\/uploads\/2023\/09\/Foto_de_Carlos_Silva_Pedraza_4.jpg 1200w\" sizes=\"(max-width: 1024px) 100vw, 1024px\" \/><\/figure>\n\n\n\n<figure class=\"wp-block-image size-large\"><img decoding=\"async\" width=\"1024\" height=\"687\" src=\"https:\/\/fadeu.urantiacos.cl\/wp-content\/uploads\/2023\/09\/Foto_de_Carlos_Silva_Pedraza_3-1024x687.jpg\" alt=\"\" class=\"wp-image-10101\" srcset=\"https:\/\/fadeu.urantiacos.cl\/wp-content\/uploads\/2023\/09\/Foto_de_Carlos_Silva_Pedraza_3-1024x687.jpg 1024w, https:\/\/fadeu.urantiacos.cl\/wp-content\/uploads\/2023\/09\/Foto_de_Carlos_Silva_Pedraza_3-300x201.jpg 300w, https:\/\/fadeu.urantiacos.cl\/wp-content\/uploads\/2023\/09\/Foto_de_Carlos_Silva_Pedraza_3-768x515.jpg 768w, https:\/\/fadeu.urantiacos.cl\/wp-content\/uploads\/2023\/09\/Foto_de_Carlos_Silva_Pedraza_3.jpg 1280w\" sizes=\"(max-width: 1024px) 100vw, 1024px\" \/><\/figure>\n\n\n\n<figure class=\"wp-block-image size-large\"><img decoding=\"async\" width=\"1024\" height=\"1024\" src=\"https:\/\/fadeu.urantiacos.cl\/wp-content\/uploads\/2023\/09\/Foto_de_Carlos_Silva_Pedraza_8-1024x1024.jpg\" alt=\"\" class=\"wp-image-10102\" srcset=\"https:\/\/fadeu.urantiacos.cl\/wp-content\/uploads\/2023\/09\/Foto_de_Carlos_Silva_Pedraza_8-1024x1024.jpg 1024w, https:\/\/fadeu.urantiacos.cl\/wp-content\/uploads\/2023\/09\/Foto_de_Carlos_Silva_Pedraza_8-300x300.jpg 300w, https:\/\/fadeu.urantiacos.cl\/wp-content\/uploads\/2023\/09\/Foto_de_Carlos_Silva_Pedraza_8-150x150.jpg 150w, https:\/\/fadeu.urantiacos.cl\/wp-content\/uploads\/2023\/09\/Foto_de_Carlos_Silva_Pedraza_8-768x767.jpg 768w, https:\/\/fadeu.urantiacos.cl\/wp-content\/uploads\/2023\/09\/Foto_de_Carlos_Silva_Pedraza_8.jpg 1201w\" sizes=\"(max-width: 1024px) 100vw, 1024px\" \/><\/figure>\n\n\n\n<figure class=\"wp-block-image size-large\"><img decoding=\"async\" width=\"1024\" height=\"1024\" src=\"https:\/\/fadeu.urantiacos.cl\/wp-content\/uploads\/2023\/09\/Foto_de_Carlos_Silva_Pedraza_12-1024x1024.jpg\" alt=\"\" class=\"wp-image-10103\" srcset=\"https:\/\/fadeu.urantiacos.cl\/wp-content\/uploads\/2023\/09\/Foto_de_Carlos_Silva_Pedraza_12-1024x1024.jpg 1024w, https:\/\/fadeu.urantiacos.cl\/wp-content\/uploads\/2023\/09\/Foto_de_Carlos_Silva_Pedraza_12-300x300.jpg 300w, https:\/\/fadeu.urantiacos.cl\/wp-content\/uploads\/2023\/09\/Foto_de_Carlos_Silva_Pedraza_12-150x150.jpg 150w, https:\/\/fadeu.urantiacos.cl\/wp-content\/uploads\/2023\/09\/Foto_de_Carlos_Silva_Pedraza_12-768x768.jpg 768w, https:\/\/fadeu.urantiacos.cl\/wp-content\/uploads\/2023\/09\/Foto_de_Carlos_Silva_Pedraza_12.jpg 1200w\" sizes=\"(max-width: 1024px) 100vw, 1024px\" \/><\/figure>\n\n\n\n<figure class=\"wp-block-image size-large\"><img decoding=\"async\" width=\"1024\" height=\"1024\" src=\"https:\/\/fadeu.urantiacos.cl\/wp-content\/uploads\/2023\/09\/Foto_de_Carlos_Silva_Pedraza_7-1024x1024.jpg\" alt=\"\" class=\"wp-image-10104\" srcset=\"https:\/\/fadeu.urantiacos.cl\/wp-content\/uploads\/2023\/09\/Foto_de_Carlos_Silva_Pedraza_7-1024x1024.jpg 1024w, https:\/\/fadeu.urantiacos.cl\/wp-content\/uploads\/2023\/09\/Foto_de_Carlos_Silva_Pedraza_7-300x300.jpg 300w, https:\/\/fadeu.urantiacos.cl\/wp-content\/uploads\/2023\/09\/Foto_de_Carlos_Silva_Pedraza_7-150x150.jpg 150w, https:\/\/fadeu.urantiacos.cl\/wp-content\/uploads\/2023\/09\/Foto_de_Carlos_Silva_Pedraza_7-768x767.jpg 768w, https:\/\/fadeu.urantiacos.cl\/wp-content\/uploads\/2023\/09\/Foto_de_Carlos_Silva_Pedraza_7.jpg 1201w\" sizes=\"(max-width: 1024px) 100vw, 1024px\" \/><\/figure>\n\n\n\n<figure class=\"wp-block-image size-large\"><img decoding=\"async\" width=\"1024\" height=\"687\" src=\"https:\/\/fadeu.urantiacos.cl\/wp-content\/uploads\/2023\/09\/Foto_de_Carlos_Silva_Pedraza_2-1024x687.jpg\" alt=\"\" class=\"wp-image-10105\" srcset=\"https:\/\/fadeu.urantiacos.cl\/wp-content\/uploads\/2023\/09\/Foto_de_Carlos_Silva_Pedraza_2-1024x687.jpg 1024w, https:\/\/fadeu.urantiacos.cl\/wp-content\/uploads\/2023\/09\/Foto_de_Carlos_Silva_Pedraza_2-300x201.jpg 300w, https:\/\/fadeu.urantiacos.cl\/wp-content\/uploads\/2023\/09\/Foto_de_Carlos_Silva_Pedraza_2-768x515.jpg 768w, https:\/\/fadeu.urantiacos.cl\/wp-content\/uploads\/2023\/09\/Foto_de_Carlos_Silva_Pedraza_2.jpg 1280w\" sizes=\"(max-width: 1024px) 100vw, 1024px\" \/><\/figure>\n\n\n\n<p>INFORMACI\u00d3N PERIOD\u00cdSTICA<br>MAG\u00cdSTER EN PATRIMONIO CULTURAL<\/p>\n\n\n\n<p>CR\u00c9DITOS FOTOGR\u00c1FICOS<br>MONSERRAT ROJAS Y ELVIRA P\u00c9REZ<\/p>\n","protected":false},"excerpt":{"rendered":"<p>El s\u00e1bado 12 de octubre se realiz\u00f3 una visita a terreno del Programa de Magister en Patrimonio Cultural UC al Campamento minero de Sewell, mina El Teniente, sitio Patrimonio Mundial UNESCO.<\/p>\n","protected":false},"author":1,"featured_media":10099,"comment_status":"open","ping_status":"open","sticky":false,"template":"","format":"standard","meta":{"_acf_changed":false,"footnotes":""},"categories":[1],"tags":[],"class_list":["post-10098","post","type-post","status-publish","format-standard","has-post-thumbnail","hentry","category-sin-categorizar"],"acf":[],"yoast_head":"<!-- This site is optimized with the Yoast SEO plugin v27.1.1 - https:\/\/yoast.com\/product\/yoast-seo-wordpress\/ -->\n<title>Visita al Campamento minero de Sewell, mina El Teniente, Sitio Patrimonio Mundial UNESCO - Facultad de Arquitectura, Dise\u00f1o y Estudios Urbanos<\/title>\n<meta name=\"description\" content=\"El s\u00e1bado 12 de octubre se realiz\u00f3 una visita a terreno del Programa de Magister en Patrimonio Cultural UC al Campamento minero de Sewell, mina El Teniente, sitio Patrimonio Mundial UNESCO.\" \/>\n<meta name=\"robots\" content=\"index, follow, max-snippet:-1, max-image-preview:large, max-video-preview:-1\" \/>\n<link rel=\"canonical\" href=\"https:\/\/fadeu.urantiacos.cl\/en\/2019\/10\/17\/visita-al-campamento-minero-de-sewell-mina-el-teniente-sitio-patrimonio-mundial-unesco\/\" \/>\n<meta property=\"og:locale\" content=\"en_US\" \/>\n<meta property=\"og:type\" content=\"article\" \/>\n<meta property=\"og:title\" content=\"Visita al Campamento minero de Sewell, mina El Teniente, Sitio Patrimonio Mundial UNESCO - Facultad de Arquitectura, Dise\u00f1o y Estudios Urbanos\" \/>\n<meta property=\"og:description\" content=\"El s\u00e1bado 12 de octubre se realiz\u00f3 una visita a terreno del Programa de Magister en Patrimonio Cultural UC al Campamento minero de Sewell, mina El Teniente, sitio Patrimonio Mundial UNESCO.\" \/>\n<meta property=\"og:url\" content=\"https:\/\/fadeu.urantiacos.cl\/en\/2019\/10\/17\/visita-al-campamento-minero-de-sewell-mina-el-teniente-sitio-patrimonio-mundial-unesco\/\" \/>\n<meta property=\"og:site_name\" content=\"Facultad de Arquitectura, Dise\u00f1o y Estudios Urbanos\" \/>\n<meta property=\"article:published_time\" content=\"2019-10-17T23:31:00+00:00\" \/>\n<meta property=\"article:modified_time\" content=\"2023-09-14T23:37:04+00:00\" \/>\n<meta property=\"og:image\" content=\"https:\/\/fadeu.urantiacos.cl\/wp-content\/uploads\/2023\/09\/Foto_de_Carlos_Silva_Pedraza_2_chica.jpg\" \/>\n\t<meta property=\"og:image:width\" content=\"350\" \/>\n\t<meta property=\"og:image:height\" content=\"250\" \/>\n\t<meta property=\"og:image:type\" content=\"image\/jpeg\" \/>\n<meta name=\"author\" content=\"manadmin\" \/>\n<meta name=\"twitter:card\" content=\"summary_large_image\" \/>\n<meta name=\"twitter:label1\" content=\"Written by\" \/>\n\t<meta name=\"twitter:data1\" content=\"manadmin\" \/>\n\t<meta name=\"twitter:label2\" content=\"Est. reading time\" \/>\n\t<meta name=\"twitter:data2\" content=\"1 minute\" \/>\n<script type=\"application\/ld+json\" class=\"yoast-schema-graph\">{\"@context\":\"https:\/\/schema.org\",\"@graph\":[{\"@type\":\"Article\",\"@id\":\"https:\/\/fadeu.urantiacos.cl\/en\/2019\/10\/17\/visita-al-campamento-minero-de-sewell-mina-el-teniente-sitio-patrimonio-mundial-unesco\/#article\",\"isPartOf\":{\"@id\":\"https:\/\/fadeu.urantiacos.cl\/en\/2019\/10\/17\/visita-al-campamento-minero-de-sewell-mina-el-teniente-sitio-patrimonio-mundial-unesco\/\"},\"author\":{\"name\":\"manadmin\",\"@id\":\"https:\/\/fadeu.urantiacos.cl\/en\/#\/schema\/person\/d203e2e84b1c40275eac77b3061a19a2\"},\"headline\":\"Visita al Campamento minero de Sewell, mina El Teniente, Sitio Patrimonio Mundial UNESCO\",\"datePublished\":\"2019-10-17T23:31:00+00:00\",\"dateModified\":\"2023-09-14T23:37:04+00:00\",\"mainEntityOfPage\":{\"@id\":\"https:\/\/fadeu.urantiacos.cl\/en\/2019\/10\/17\/visita-al-campamento-minero-de-sewell-mina-el-teniente-sitio-patrimonio-mundial-unesco\/\"},\"wordCount\":208,\"commentCount\":0,\"image\":{\"@id\":\"https:\/\/fadeu.urantiacos.cl\/en\/2019\/10\/17\/visita-al-campamento-minero-de-sewell-mina-el-teniente-sitio-patrimonio-mundial-unesco\/#primaryimage\"},\"thumbnailUrl\":\"https:\/\/fadeu.urantiacos.cl\/wp-content\/uploads\/2023\/09\/Foto_de_Carlos_Silva_Pedraza_2_chica.jpg\",\"articleSection\":[\"Sin categorizar\"],\"inLanguage\":\"en-US\",\"potentialAction\":[{\"@type\":\"CommentAction\",\"name\":\"Comment\",\"target\":[\"https:\/\/fadeu.urantiacos.cl\/en\/2019\/10\/17\/visita-al-campamento-minero-de-sewell-mina-el-teniente-sitio-patrimonio-mundial-unesco\/#respond\"]}]},{\"@type\":\"WebPage\",\"@id\":\"https:\/\/fadeu.urantiacos.cl\/en\/2019\/10\/17\/visita-al-campamento-minero-de-sewell-mina-el-teniente-sitio-patrimonio-mundial-unesco\/\",\"url\":\"https:\/\/fadeu.urantiacos.cl\/en\/2019\/10\/17\/visita-al-campamento-minero-de-sewell-mina-el-teniente-sitio-patrimonio-mundial-unesco\/\",\"name\":\"Visita al Campamento minero de Sewell, mina El Teniente, Sitio Patrimonio Mundial UNESCO - Facultad de Arquitectura, Dise\u00f1o y Estudios Urbanos\",\"isPartOf\":{\"@id\":\"https:\/\/fadeu.urantiacos.cl\/en\/#website\"},\"primaryImageOfPage\":{\"@id\":\"https:\/\/fadeu.urantiacos.cl\/en\/2019\/10\/17\/visita-al-campamento-minero-de-sewell-mina-el-teniente-sitio-patrimonio-mundial-unesco\/#primaryimage\"},\"image\":{\"@id\":\"https:\/\/fadeu.urantiacos.cl\/en\/2019\/10\/17\/visita-al-campamento-minero-de-sewell-mina-el-teniente-sitio-patrimonio-mundial-unesco\/#primaryimage\"},\"thumbnailUrl\":\"https:\/\/fadeu.urantiacos.cl\/wp-content\/uploads\/2023\/09\/Foto_de_Carlos_Silva_Pedraza_2_chica.jpg\",\"datePublished\":\"2019-10-17T23:31:00+00:00\",\"dateModified\":\"2023-09-14T23:37:04+00:00\",\"author\":{\"@id\":\"https:\/\/fadeu.urantiacos.cl\/en\/#\/schema\/person\/d203e2e84b1c40275eac77b3061a19a2\"},\"description\":\"El s\u00e1bado 12 de octubre se realiz\u00f3 una visita a terreno del Programa de Magister en Patrimonio Cultural UC al Campamento minero de Sewell, mina El Teniente, sitio Patrimonio Mundial UNESCO.\",\"breadcrumb\":{\"@id\":\"https:\/\/fadeu.urantiacos.cl\/en\/2019\/10\/17\/visita-al-campamento-minero-de-sewell-mina-el-teniente-sitio-patrimonio-mundial-unesco\/#breadcrumb\"},\"inLanguage\":\"en-US\",\"potentialAction\":[{\"@type\":\"ReadAction\",\"target\":[\"https:\/\/fadeu.urantiacos.cl\/en\/2019\/10\/17\/visita-al-campamento-minero-de-sewell-mina-el-teniente-sitio-patrimonio-mundial-unesco\/\"]}]},{\"@type\":\"ImageObject\",\"inLanguage\":\"en-US\",\"@id\":\"https:\/\/fadeu.urantiacos.cl\/en\/2019\/10\/17\/visita-al-campamento-minero-de-sewell-mina-el-teniente-sitio-patrimonio-mundial-unesco\/#primaryimage\",\"url\":\"https:\/\/fadeu.urantiacos.cl\/wp-content\/uploads\/2023\/09\/Foto_de_Carlos_Silva_Pedraza_2_chica.jpg\",\"contentUrl\":\"https:\/\/fadeu.urantiacos.cl\/wp-content\/uploads\/2023\/09\/Foto_de_Carlos_Silva_Pedraza_2_chica.jpg\",\"width\":350,\"height\":250},{\"@type\":\"BreadcrumbList\",\"@id\":\"https:\/\/fadeu.urantiacos.cl\/en\/2019\/10\/17\/visita-al-campamento-minero-de-sewell-mina-el-teniente-sitio-patrimonio-mundial-unesco\/#breadcrumb\",\"itemListElement\":[{\"@type\":\"ListItem\",\"position\":1,\"name\":\"Portada\",\"item\":\"https:\/\/fadeu.urantiacos.cl\/en\/\"},{\"@type\":\"ListItem\",\"position\":2,\"name\":\"Visita al Campamento minero de Sewell, mina El Teniente, Sitio Patrimonio Mundial UNESCO\"}]},{\"@type\":\"WebSite\",\"@id\":\"https:\/\/fadeu.urantiacos.cl\/en\/#website\",\"url\":\"https:\/\/fadeu.urantiacos.cl\/en\/\",\"name\":\"Facultad de Arquitectura, Dise\u00f1o y Estudios Urbanos\",\"description\":\"Campus Lo Contador\",\"potentialAction\":[{\"@type\":\"SearchAction\",\"target\":{\"@type\":\"EntryPoint\",\"urlTemplate\":\"https:\/\/fadeu.urantiacos.cl\/en\/?s={search_term_string}\"},\"query-input\":{\"@type\":\"PropertyValueSpecification\",\"valueRequired\":true,\"valueName\":\"search_term_string\"}}],\"inLanguage\":\"en-US\"},{\"@type\":\"Person\",\"@id\":\"https:\/\/fadeu.urantiacos.cl\/en\/#\/schema\/person\/d203e2e84b1c40275eac77b3061a19a2\",\"name\":\"manadmin\",\"image\":{\"@type\":\"ImageObject\",\"inLanguage\":\"en-US\",\"@id\":\"https:\/\/fadeu.urantiacos.cl\/en\/#\/schema\/person\/image\/\",\"url\":\"https:\/\/secure.gravatar.com\/avatar\/4b1d8e3303b4a9d8968ac578947d8bc80d9aea359f388cdd4aac15cadc0e8447?s=96&d=mm&r=g\",\"contentUrl\":\"https:\/\/secure.gravatar.com\/avatar\/4b1d8e3303b4a9d8968ac578947d8bc80d9aea359f388cdd4aac15cadc0e8447?s=96&d=mm&r=g\",\"caption\":\"manadmin\"},\"sameAs\":[\"https:\/\/fadeu.urantiacos.cl\"]}]}<\/script>\n<!-- \/ Yoast SEO plugin. -->","yoast_head_json":{"title":"Visita al Campamento minero de Sewell, mina El Teniente, Sitio Patrimonio Mundial UNESCO - Facultad de Arquitectura, Dise\u00f1o y Estudios Urbanos","description":"El s\u00e1bado 12 de octubre se realiz\u00f3 una visita a terreno del Programa de Magister en Patrimonio Cultural UC al Campamento minero de Sewell, mina El Teniente, sitio Patrimonio Mundial UNESCO.","robots":{"index":"index","follow":"follow","max-snippet":"max-snippet:-1","max-image-preview":"max-image-preview:large","max-video-preview":"max-video-preview:-1"},"canonical":"https:\/\/fadeu.urantiacos.cl\/en\/2019\/10\/17\/visita-al-campamento-minero-de-sewell-mina-el-teniente-sitio-patrimonio-mundial-unesco\/","og_locale":"en_US","og_type":"article","og_title":"Visita al Campamento minero de Sewell, mina El Teniente, Sitio Patrimonio Mundial UNESCO - Facultad de Arquitectura, Dise\u00f1o y Estudios Urbanos","og_description":"El s\u00e1bado 12 de octubre se realiz\u00f3 una visita a terreno del Programa de Magister en Patrimonio Cultural UC al Campamento minero de Sewell, mina El Teniente, sitio Patrimonio Mundial UNESCO.","og_url":"https:\/\/fadeu.urantiacos.cl\/en\/2019\/10\/17\/visita-al-campamento-minero-de-sewell-mina-el-teniente-sitio-patrimonio-mundial-unesco\/","og_site_name":"Facultad de Arquitectura, Dise\u00f1o y Estudios Urbanos","article_published_time":"2019-10-17T23:31:00+00:00","article_modified_time":"2023-09-14T23:37:04+00:00","og_image":[{"width":350,"height":250,"url":"https:\/\/fadeu.urantiacos.cl\/wp-content\/uploads\/2023\/09\/Foto_de_Carlos_Silva_Pedraza_2_chica.jpg","type":"image\/jpeg"}],"author":"manadmin","twitter_card":"summary_large_image","twitter_misc":{"Written by":"manadmin","Est. reading time":"1 minute"},"schema":{"@context":"https:\/\/schema.org","@graph":[{"@type":"Article","@id":"https:\/\/fadeu.urantiacos.cl\/en\/2019\/10\/17\/visita-al-campamento-minero-de-sewell-mina-el-teniente-sitio-patrimonio-mundial-unesco\/#article","isPartOf":{"@id":"https:\/\/fadeu.urantiacos.cl\/en\/2019\/10\/17\/visita-al-campamento-minero-de-sewell-mina-el-teniente-sitio-patrimonio-mundial-unesco\/"},"author":{"name":"manadmin","@id":"https:\/\/fadeu.urantiacos.cl\/en\/#\/schema\/person\/d203e2e84b1c40275eac77b3061a19a2"},"headline":"Visita al Campamento minero de Sewell, mina El Teniente, Sitio Patrimonio Mundial UNESCO","datePublished":"2019-10-17T23:31:00+00:00","dateModified":"2023-09-14T23:37:04+00:00","mainEntityOfPage":{"@id":"https:\/\/fadeu.urantiacos.cl\/en\/2019\/10\/17\/visita-al-campamento-minero-de-sewell-mina-el-teniente-sitio-patrimonio-mundial-unesco\/"},"wordCount":208,"commentCount":0,"image":{"@id":"https:\/\/fadeu.urantiacos.cl\/en\/2019\/10\/17\/visita-al-campamento-minero-de-sewell-mina-el-teniente-sitio-patrimonio-mundial-unesco\/#primaryimage"},"thumbnailUrl":"https:\/\/fadeu.urantiacos.cl\/wp-content\/uploads\/2023\/09\/Foto_de_Carlos_Silva_Pedraza_2_chica.jpg","articleSection":["Sin categorizar"],"inLanguage":"en-US","potentialAction":[{"@type":"CommentAction","name":"Comment","target":["https:\/\/fadeu.urantiacos.cl\/en\/2019\/10\/17\/visita-al-campamento-minero-de-sewell-mina-el-teniente-sitio-patrimonio-mundial-unesco\/#respond"]}]},{"@type":"WebPage","@id":"https:\/\/fadeu.urantiacos.cl\/en\/2019\/10\/17\/visita-al-campamento-minero-de-sewell-mina-el-teniente-sitio-patrimonio-mundial-unesco\/","url":"https:\/\/fadeu.urantiacos.cl\/en\/2019\/10\/17\/visita-al-campamento-minero-de-sewell-mina-el-teniente-sitio-patrimonio-mundial-unesco\/","name":"Visita al Campamento minero de Sewell, mina El Teniente, Sitio Patrimonio Mundial UNESCO - Facultad de Arquitectura, Dise\u00f1o y Estudios Urbanos","isPartOf":{"@id":"https:\/\/fadeu.urantiacos.cl\/en\/#website"},"primaryImageOfPage":{"@id":"https:\/\/fadeu.urantiacos.cl\/en\/2019\/10\/17\/visita-al-campamento-minero-de-sewell-mina-el-teniente-sitio-patrimonio-mundial-unesco\/#primaryimage"},"image":{"@id":"https:\/\/fadeu.urantiacos.cl\/en\/2019\/10\/17\/visita-al-campamento-minero-de-sewell-mina-el-teniente-sitio-patrimonio-mundial-unesco\/#primaryimage"},"thumbnailUrl":"https:\/\/fadeu.urantiacos.cl\/wp-content\/uploads\/2023\/09\/Foto_de_Carlos_Silva_Pedraza_2_chica.jpg","datePublished":"2019-10-17T23:31:00+00:00","dateModified":"2023-09-14T23:37:04+00:00","author":{"@id":"https:\/\/fadeu.urantiacos.cl\/en\/#\/schema\/person\/d203e2e84b1c40275eac77b3061a19a2"},"description":"El s\u00e1bado 12 de octubre se realiz\u00f3 una visita a terreno del Programa de Magister en Patrimonio Cultural UC al Campamento minero de Sewell, mina El Teniente, sitio Patrimonio Mundial UNESCO.","breadcrumb":{"@id":"https:\/\/fadeu.urantiacos.cl\/en\/2019\/10\/17\/visita-al-campamento-minero-de-sewell-mina-el-teniente-sitio-patrimonio-mundial-unesco\/#breadcrumb"},"inLanguage":"en-US","potentialAction":[{"@type":"ReadAction","target":["https:\/\/fadeu.urantiacos.cl\/en\/2019\/10\/17\/visita-al-campamento-minero-de-sewell-mina-el-teniente-sitio-patrimonio-mundial-unesco\/"]}]},{"@type":"ImageObject","inLanguage":"en-US","@id":"https:\/\/fadeu.urantiacos.cl\/en\/2019\/10\/17\/visita-al-campamento-minero-de-sewell-mina-el-teniente-sitio-patrimonio-mundial-unesco\/#primaryimage","url":"https:\/\/fadeu.urantiacos.cl\/wp-content\/uploads\/2023\/09\/Foto_de_Carlos_Silva_Pedraza_2_chica.jpg","contentUrl":"https:\/\/fadeu.urantiacos.cl\/wp-content\/uploads\/2023\/09\/Foto_de_Carlos_Silva_Pedraza_2_chica.jpg","width":350,"height":250},{"@type":"BreadcrumbList","@id":"https:\/\/fadeu.urantiacos.cl\/en\/2019\/10\/17\/visita-al-campamento-minero-de-sewell-mina-el-teniente-sitio-patrimonio-mundial-unesco\/#breadcrumb","itemListElement":[{"@type":"ListItem","position":1,"name":"Portada","item":"https:\/\/fadeu.urantiacos.cl\/en\/"},{"@type":"ListItem","position":2,"name":"Visita al Campamento minero de Sewell, mina El Teniente, Sitio Patrimonio Mundial UNESCO"}]},{"@type":"WebSite","@id":"https:\/\/fadeu.urantiacos.cl\/en\/#website","url":"https:\/\/fadeu.urantiacos.cl\/en\/","name":"Facultad de Arquitectura, Dise\u00f1o y Estudios Urbanos","description":"Campus Lo Contador","potentialAction":[{"@type":"SearchAction","target":{"@type":"EntryPoint","urlTemplate":"https:\/\/fadeu.urantiacos.cl\/en\/?s={search_term_string}"},"query-input":{"@type":"PropertyValueSpecification","valueRequired":true,"valueName":"search_term_string"}}],"inLanguage":"en-US"},{"@type":"Person","@id":"https:\/\/fadeu.urantiacos.cl\/en\/#\/schema\/person\/d203e2e84b1c40275eac77b3061a19a2","name":"manadmin","image":{"@type":"ImageObject","inLanguage":"en-US","@id":"https:\/\/fadeu.urantiacos.cl\/en\/#\/schema\/person\/image\/","url":"https:\/\/secure.gravatar.com\/avatar\/4b1d8e3303b4a9d8968ac578947d8bc80d9aea359f388cdd4aac15cadc0e8447?s=96&d=mm&r=g","contentUrl":"https:\/\/secure.gravatar.com\/avatar\/4b1d8e3303b4a9d8968ac578947d8bc80d9aea359f388cdd4aac15cadc0e8447?s=96&d=mm&r=g","caption":"manadmin"},"sameAs":["https:\/\/fadeu.urantiacos.cl"]}]}},"_links":{"self":[{"href":"https:\/\/fadeu.urantiacos.cl\/en\/wp-json\/wp\/v2\/posts\/10098","targetHints":{"allow":["GET"]}}],"collection":[{"href":"https:\/\/fadeu.urantiacos.cl\/en\/wp-json\/wp\/v2\/posts"}],"about":[{"href":"https:\/\/fadeu.urantiacos.cl\/en\/wp-json\/wp\/v2\/types\/post"}],"author":[{"embeddable":true,"href":"https:\/\/fadeu.urantiacos.cl\/en\/wp-json\/wp\/v2\/users\/1"}],"replies":[{"embeddable":true,"href":"https:\/\/fadeu.urantiacos.cl\/en\/wp-json\/wp\/v2\/comments?post=10098"}],"version-history":[{"count":1,"href":"https:\/\/fadeu.urantiacos.cl\/en\/wp-json\/wp\/v2\/posts\/10098\/revisions"}],"predecessor-version":[{"id":10106,"href":"https:\/\/fadeu.urantiacos.cl\/en\/wp-json\/wp\/v2\/posts\/10098\/revisions\/10106"}],"wp:featuredmedia":[{"embeddable":true,"href":"https:\/\/fadeu.urantiacos.cl\/en\/wp-json\/wp\/v2\/media\/10099"}],"wp:attachment":[{"href":"https:\/\/fadeu.urantiacos.cl\/en\/wp-json\/wp\/v2\/media?parent=10098"}],"wp:term":[{"taxonomy":"category","embeddable":true,"href":"https:\/\/fadeu.urantiacos.cl\/en\/wp-json\/wp\/v2\/categories?post=10098"},{"taxonomy":"post_tag","embeddable":true,"href":"https:\/\/fadeu.urantiacos.cl\/en\/wp-json\/wp\/v2\/tags?post=10098"}],"curies":[{"name":"wp","href":"https:\/\/api.w.org\/{rel}","templated":true}]}}