{"id":10087,"date":"2019-10-18T20:23:00","date_gmt":"2019-10-18T23:23:00","guid":{"rendered":"https:\/\/fadeu.urantiacos.cl\/?p=10087"},"modified":"2023-09-14T20:27:25","modified_gmt":"2023-09-14T23:27:25","slug":"plus-chile-frederic-druot-y-trabajo-conjunto-con-la-escuela-de-arquitectura-de-la-universidad-catolica","status":"publish","type":"post","link":"https:\/\/fadeu.urantiacos.cl\/en\/2019\/10\/18\/plus-chile-frederic-druot-y-trabajo-conjunto-con-la-escuela-de-arquitectura-de-la-universidad-catolica\/","title":{"rendered":"PLUS CHILE &#8211; Frederic Druot y trabajo conjunto con la Escuela de Arquitectura de la Universidad Cat\u00f3lica"},"content":{"rendered":"\n<figure class=\"wp-block-image size-full\"><img decoding=\"async\" width=\"350\" height=\"250\" src=\"https:\/\/fadeu.urantiacos.cl\/wp-content\/uploads\/2023\/09\/PSX_20191012_203650_web.jpg\" alt=\"\" class=\"wp-image-10088\" srcset=\"https:\/\/fadeu.urantiacos.cl\/wp-content\/uploads\/2023\/09\/PSX_20191012_203650_web.jpg 350w, https:\/\/fadeu.urantiacos.cl\/wp-content\/uploads\/2023\/09\/PSX_20191012_203650_web-300x214.jpg 300w\" sizes=\"(max-width: 350px) 100vw, 350px\" \/><\/figure>\n\n\n\n<p>En ella se present\u00f3 el trabajo realizado junto a Anne Lacaton y Jean Philippe Vassal en torno a la rehabilitaci\u00f3n de edificios de vivienda colectiva en altura, exponiendo la transformaci\u00f3n de 530 viviendas en Burdeos (Premio Mies Van der Rohe, 2019), la transformaci\u00f3n del bloque de viviendas Tour Bois-le-pr\u00eatre en Paris (Mejor Dise\u00f1o del A\u00f1o, 2013), las publicaciones PLUS, La Vivienda Colectiva, Territorio de Excepci\u00f3n (2007) y PLUS Par\u00eds (2016) y el trabajo desarrollado en conjunto con la Escuela de Arquitectura de la Universidad Cat\u00f3lica de Chile, al alero de la plataforma PLUS-Chile, con los proyecto para el conjunto Marta Brunet, localizado en Bajos de Mena y la propuesta de rehabilitaci\u00f3n de edificios CORVI 1010-1020 a lo largo de todo el pa\u00eds.<\/p>\n\n\n\n<p>La conversaci\u00f3n estuvo dirigida por la arquitecta y profesora de la Escuela de Arquitectura de la Escuela, Gabriela Garc\u00eda de Cort\u00e1zar.<\/p>\n\n\n\n<figure class=\"wp-block-image size-large\"><img decoding=\"async\" width=\"1024\" height=\"723\" src=\"https:\/\/fadeu.urantiacos.cl\/wp-content\/uploads\/2023\/09\/PSX_20191012_204115-1024x723.jpg\" alt=\"\" class=\"wp-image-10089\" srcset=\"https:\/\/fadeu.urantiacos.cl\/wp-content\/uploads\/2023\/09\/PSX_20191012_204115-1024x723.jpg 1024w, https:\/\/fadeu.urantiacos.cl\/wp-content\/uploads\/2023\/09\/PSX_20191012_204115-300x212.jpg 300w, https:\/\/fadeu.urantiacos.cl\/wp-content\/uploads\/2023\/09\/PSX_20191012_204115-768x542.jpg 768w, https:\/\/fadeu.urantiacos.cl\/wp-content\/uploads\/2023\/09\/PSX_20191012_204115-1536x1085.jpg 1536w, https:\/\/fadeu.urantiacos.cl\/wp-content\/uploads\/2023\/09\/PSX_20191012_204115-2048x1446.jpg 2048w, https:\/\/fadeu.urantiacos.cl\/wp-content\/uploads\/2023\/09\/PSX_20191012_204115-scaled.jpg 1600w\" sizes=\"(max-width: 1024px) 100vw, 1024px\" \/><\/figure>\n\n\n\n<p>INFORMACI\u00d3N<\/p>\n\n\n\n<p>FRANCISCO CHATEAU G.<br>DIRECTOR LABORATORIO DE MODELOS Y PROTOTIPOS<\/p>\n","protected":false},"excerpt":{"rendered":"<p>El d\u00eda s\u00e1bado 12 de octubre, en el contexto de la Bienal de Arquitectura, el arquitecto franc\u00e9s, Frederic Druot, socio del estudio Lacaton &#038; Vassal, realiz\u00f3 una charla en el Persa V\u00edctor Manuel.<\/p>\n","protected":false},"author":1,"featured_media":10088,"comment_status":"open","ping_status":"open","sticky":false,"template":"","format":"standard","meta":{"_acf_changed":false,"footnotes":""},"categories":[1],"tags":[],"class_list":["post-10087","post","type-post","status-publish","format-standard","has-post-thumbnail","hentry","category-sin-categorizar"],"acf":[],"yoast_head":"<!-- This site is optimized with the Yoast SEO plugin v27.1.1 - https:\/\/yoast.com\/product\/yoast-seo-wordpress\/ -->\n<title>PLUS CHILE - Frederic Druot y trabajo conjunto con la Escuela de Arquitectura de la Universidad Cat\u00f3lica - Facultad de Arquitectura, Dise\u00f1o y Estudios Urbanos<\/title>\n<meta name=\"description\" content=\"El d\u00eda s\u00e1bado 12 de octubre, en el contexto de la Bienal de Arquitectura, el arquitecto franc\u00e9s, Frederic Druot, socio del estudio Lacaton &amp; Vassal, realiz\u00f3 una charla en el Persa V\u00edctor Manuel.\" \/>\n<meta name=\"robots\" content=\"index, follow, max-snippet:-1, max-image-preview:large, max-video-preview:-1\" \/>\n<link rel=\"canonical\" href=\"https:\/\/fadeu.urantiacos.cl\/en\/2019\/10\/18\/plus-chile-frederic-druot-y-trabajo-conjunto-con-la-escuela-de-arquitectura-de-la-universidad-catolica\/\" \/>\n<meta property=\"og:locale\" content=\"en_US\" \/>\n<meta property=\"og:type\" content=\"article\" \/>\n<meta property=\"og:title\" content=\"PLUS CHILE - Frederic Druot y trabajo conjunto con la Escuela de Arquitectura de la Universidad Cat\u00f3lica - Facultad de Arquitectura, Dise\u00f1o y Estudios Urbanos\" \/>\n<meta property=\"og:description\" content=\"El d\u00eda s\u00e1bado 12 de octubre, en el contexto de la Bienal de Arquitectura, el arquitecto franc\u00e9s, Frederic Druot, socio del estudio Lacaton &amp; Vassal, realiz\u00f3 una charla en el Persa V\u00edctor Manuel.\" \/>\n<meta property=\"og:url\" content=\"https:\/\/fadeu.urantiacos.cl\/en\/2019\/10\/18\/plus-chile-frederic-druot-y-trabajo-conjunto-con-la-escuela-de-arquitectura-de-la-universidad-catolica\/\" \/>\n<meta property=\"og:site_name\" content=\"Facultad de Arquitectura, Dise\u00f1o y Estudios Urbanos\" \/>\n<meta property=\"article:published_time\" content=\"2019-10-18T23:23:00+00:00\" \/>\n<meta property=\"article:modified_time\" content=\"2023-09-14T23:27:25+00:00\" \/>\n<meta property=\"og:image\" content=\"https:\/\/fadeu.urantiacos.cl\/wp-content\/uploads\/2023\/09\/PSX_20191012_203650_web.jpg\" \/>\n\t<meta property=\"og:image:width\" content=\"350\" \/>\n\t<meta property=\"og:image:height\" content=\"250\" \/>\n\t<meta property=\"og:image:type\" content=\"image\/jpeg\" \/>\n<meta name=\"author\" content=\"manadmin\" \/>\n<meta name=\"twitter:card\" content=\"summary_large_image\" \/>\n<meta name=\"twitter:label1\" content=\"Written by\" \/>\n\t<meta name=\"twitter:data1\" content=\"manadmin\" \/>\n\t<meta name=\"twitter:label2\" content=\"Est. reading time\" \/>\n\t<meta name=\"twitter:data2\" content=\"1 minute\" \/>\n<script type=\"application\/ld+json\" class=\"yoast-schema-graph\">{\"@context\":\"https:\/\/schema.org\",\"@graph\":[{\"@type\":\"Article\",\"@id\":\"https:\/\/fadeu.urantiacos.cl\/en\/2019\/10\/18\/plus-chile-frederic-druot-y-trabajo-conjunto-con-la-escuela-de-arquitectura-de-la-universidad-catolica\/#article\",\"isPartOf\":{\"@id\":\"https:\/\/fadeu.urantiacos.cl\/en\/2019\/10\/18\/plus-chile-frederic-druot-y-trabajo-conjunto-con-la-escuela-de-arquitectura-de-la-universidad-catolica\/\"},\"author\":{\"name\":\"manadmin\",\"@id\":\"https:\/\/fadeu.urantiacos.cl\/en\/#\/schema\/person\/d203e2e84b1c40275eac77b3061a19a2\"},\"headline\":\"PLUS CHILE &#8211; Frederic Druot y trabajo conjunto con la Escuela de Arquitectura de la Universidad Cat\u00f3lica\",\"datePublished\":\"2019-10-18T23:23:00+00:00\",\"dateModified\":\"2023-09-14T23:27:25+00:00\",\"mainEntityOfPage\":{\"@id\":\"https:\/\/fadeu.urantiacos.cl\/en\/2019\/10\/18\/plus-chile-frederic-druot-y-trabajo-conjunto-con-la-escuela-de-arquitectura-de-la-universidad-catolica\/\"},\"wordCount\":181,\"commentCount\":0,\"image\":{\"@id\":\"https:\/\/fadeu.urantiacos.cl\/en\/2019\/10\/18\/plus-chile-frederic-druot-y-trabajo-conjunto-con-la-escuela-de-arquitectura-de-la-universidad-catolica\/#primaryimage\"},\"thumbnailUrl\":\"https:\/\/fadeu.urantiacos.cl\/wp-content\/uploads\/2023\/09\/PSX_20191012_203650_web.jpg\",\"articleSection\":[\"Sin categorizar\"],\"inLanguage\":\"en-US\",\"potentialAction\":[{\"@type\":\"CommentAction\",\"name\":\"Comment\",\"target\":[\"https:\/\/fadeu.urantiacos.cl\/en\/2019\/10\/18\/plus-chile-frederic-druot-y-trabajo-conjunto-con-la-escuela-de-arquitectura-de-la-universidad-catolica\/#respond\"]}]},{\"@type\":\"WebPage\",\"@id\":\"https:\/\/fadeu.urantiacos.cl\/en\/2019\/10\/18\/plus-chile-frederic-druot-y-trabajo-conjunto-con-la-escuela-de-arquitectura-de-la-universidad-catolica\/\",\"url\":\"https:\/\/fadeu.urantiacos.cl\/en\/2019\/10\/18\/plus-chile-frederic-druot-y-trabajo-conjunto-con-la-escuela-de-arquitectura-de-la-universidad-catolica\/\",\"name\":\"PLUS CHILE - Frederic Druot y trabajo conjunto con la Escuela de Arquitectura de la Universidad Cat\u00f3lica - Facultad de Arquitectura, Dise\u00f1o y Estudios Urbanos\",\"isPartOf\":{\"@id\":\"https:\/\/fadeu.urantiacos.cl\/en\/#website\"},\"primaryImageOfPage\":{\"@id\":\"https:\/\/fadeu.urantiacos.cl\/en\/2019\/10\/18\/plus-chile-frederic-druot-y-trabajo-conjunto-con-la-escuela-de-arquitectura-de-la-universidad-catolica\/#primaryimage\"},\"image\":{\"@id\":\"https:\/\/fadeu.urantiacos.cl\/en\/2019\/10\/18\/plus-chile-frederic-druot-y-trabajo-conjunto-con-la-escuela-de-arquitectura-de-la-universidad-catolica\/#primaryimage\"},\"thumbnailUrl\":\"https:\/\/fadeu.urantiacos.cl\/wp-content\/uploads\/2023\/09\/PSX_20191012_203650_web.jpg\",\"datePublished\":\"2019-10-18T23:23:00+00:00\",\"dateModified\":\"2023-09-14T23:27:25+00:00\",\"author\":{\"@id\":\"https:\/\/fadeu.urantiacos.cl\/en\/#\/schema\/person\/d203e2e84b1c40275eac77b3061a19a2\"},\"description\":\"El d\u00eda s\u00e1bado 12 de octubre, en el contexto de la Bienal de Arquitectura, el arquitecto franc\u00e9s, Frederic Druot, socio del estudio Lacaton & Vassal, realiz\u00f3 una charla en el Persa V\u00edctor Manuel.\",\"breadcrumb\":{\"@id\":\"https:\/\/fadeu.urantiacos.cl\/en\/2019\/10\/18\/plus-chile-frederic-druot-y-trabajo-conjunto-con-la-escuela-de-arquitectura-de-la-universidad-catolica\/#breadcrumb\"},\"inLanguage\":\"en-US\",\"potentialAction\":[{\"@type\":\"ReadAction\",\"target\":[\"https:\/\/fadeu.urantiacos.cl\/en\/2019\/10\/18\/plus-chile-frederic-druot-y-trabajo-conjunto-con-la-escuela-de-arquitectura-de-la-universidad-catolica\/\"]}]},{\"@type\":\"ImageObject\",\"inLanguage\":\"en-US\",\"@id\":\"https:\/\/fadeu.urantiacos.cl\/en\/2019\/10\/18\/plus-chile-frederic-druot-y-trabajo-conjunto-con-la-escuela-de-arquitectura-de-la-universidad-catolica\/#primaryimage\",\"url\":\"https:\/\/fadeu.urantiacos.cl\/wp-content\/uploads\/2023\/09\/PSX_20191012_203650_web.jpg\",\"contentUrl\":\"https:\/\/fadeu.urantiacos.cl\/wp-content\/uploads\/2023\/09\/PSX_20191012_203650_web.jpg\",\"width\":350,\"height\":250},{\"@type\":\"BreadcrumbList\",\"@id\":\"https:\/\/fadeu.urantiacos.cl\/en\/2019\/10\/18\/plus-chile-frederic-druot-y-trabajo-conjunto-con-la-escuela-de-arquitectura-de-la-universidad-catolica\/#breadcrumb\",\"itemListElement\":[{\"@type\":\"ListItem\",\"position\":1,\"name\":\"Portada\",\"item\":\"https:\/\/fadeu.urantiacos.cl\/en\/\"},{\"@type\":\"ListItem\",\"position\":2,\"name\":\"PLUS CHILE &#8211; Frederic Druot y trabajo conjunto con la Escuela de Arquitectura de la Universidad Cat\u00f3lica\"}]},{\"@type\":\"WebSite\",\"@id\":\"https:\/\/fadeu.urantiacos.cl\/en\/#website\",\"url\":\"https:\/\/fadeu.urantiacos.cl\/en\/\",\"name\":\"Facultad de Arquitectura, Dise\u00f1o y Estudios Urbanos\",\"description\":\"Campus Lo Contador\",\"potentialAction\":[{\"@type\":\"SearchAction\",\"target\":{\"@type\":\"EntryPoint\",\"urlTemplate\":\"https:\/\/fadeu.urantiacos.cl\/en\/?s={search_term_string}\"},\"query-input\":{\"@type\":\"PropertyValueSpecification\",\"valueRequired\":true,\"valueName\":\"search_term_string\"}}],\"inLanguage\":\"en-US\"},{\"@type\":\"Person\",\"@id\":\"https:\/\/fadeu.urantiacos.cl\/en\/#\/schema\/person\/d203e2e84b1c40275eac77b3061a19a2\",\"name\":\"manadmin\",\"image\":{\"@type\":\"ImageObject\",\"inLanguage\":\"en-US\",\"@id\":\"https:\/\/fadeu.urantiacos.cl\/en\/#\/schema\/person\/image\/\",\"url\":\"https:\/\/secure.gravatar.com\/avatar\/4b1d8e3303b4a9d8968ac578947d8bc80d9aea359f388cdd4aac15cadc0e8447?s=96&d=mm&r=g\",\"contentUrl\":\"https:\/\/secure.gravatar.com\/avatar\/4b1d8e3303b4a9d8968ac578947d8bc80d9aea359f388cdd4aac15cadc0e8447?s=96&d=mm&r=g\",\"caption\":\"manadmin\"},\"sameAs\":[\"https:\/\/fadeu.urantiacos.cl\"]}]}<\/script>\n<!-- \/ Yoast SEO plugin. -->","yoast_head_json":{"title":"PLUS CHILE - Frederic Druot y trabajo conjunto con la Escuela de Arquitectura de la Universidad Cat\u00f3lica - Facultad de Arquitectura, Dise\u00f1o y Estudios Urbanos","description":"El d\u00eda s\u00e1bado 12 de octubre, en el contexto de la Bienal de Arquitectura, el arquitecto franc\u00e9s, Frederic Druot, socio del estudio Lacaton & Vassal, realiz\u00f3 una charla en el Persa V\u00edctor Manuel.","robots":{"index":"index","follow":"follow","max-snippet":"max-snippet:-1","max-image-preview":"max-image-preview:large","max-video-preview":"max-video-preview:-1"},"canonical":"https:\/\/fadeu.urantiacos.cl\/en\/2019\/10\/18\/plus-chile-frederic-druot-y-trabajo-conjunto-con-la-escuela-de-arquitectura-de-la-universidad-catolica\/","og_locale":"en_US","og_type":"article","og_title":"PLUS CHILE - Frederic Druot y trabajo conjunto con la Escuela de Arquitectura de la Universidad Cat\u00f3lica - Facultad de Arquitectura, Dise\u00f1o y Estudios Urbanos","og_description":"El d\u00eda s\u00e1bado 12 de octubre, en el contexto de la Bienal de Arquitectura, el arquitecto franc\u00e9s, Frederic Druot, socio del estudio Lacaton & Vassal, realiz\u00f3 una charla en el Persa V\u00edctor Manuel.","og_url":"https:\/\/fadeu.urantiacos.cl\/en\/2019\/10\/18\/plus-chile-frederic-druot-y-trabajo-conjunto-con-la-escuela-de-arquitectura-de-la-universidad-catolica\/","og_site_name":"Facultad de Arquitectura, Dise\u00f1o y Estudios Urbanos","article_published_time":"2019-10-18T23:23:00+00:00","article_modified_time":"2023-09-14T23:27:25+00:00","og_image":[{"width":350,"height":250,"url":"https:\/\/fadeu.urantiacos.cl\/wp-content\/uploads\/2023\/09\/PSX_20191012_203650_web.jpg","type":"image\/jpeg"}],"author":"manadmin","twitter_card":"summary_large_image","twitter_misc":{"Written by":"manadmin","Est. reading time":"1 minute"},"schema":{"@context":"https:\/\/schema.org","@graph":[{"@type":"Article","@id":"https:\/\/fadeu.urantiacos.cl\/en\/2019\/10\/18\/plus-chile-frederic-druot-y-trabajo-conjunto-con-la-escuela-de-arquitectura-de-la-universidad-catolica\/#article","isPartOf":{"@id":"https:\/\/fadeu.urantiacos.cl\/en\/2019\/10\/18\/plus-chile-frederic-druot-y-trabajo-conjunto-con-la-escuela-de-arquitectura-de-la-universidad-catolica\/"},"author":{"name":"manadmin","@id":"https:\/\/fadeu.urantiacos.cl\/en\/#\/schema\/person\/d203e2e84b1c40275eac77b3061a19a2"},"headline":"PLUS CHILE &#8211; Frederic Druot y trabajo conjunto con la Escuela de Arquitectura de la Universidad Cat\u00f3lica","datePublished":"2019-10-18T23:23:00+00:00","dateModified":"2023-09-14T23:27:25+00:00","mainEntityOfPage":{"@id":"https:\/\/fadeu.urantiacos.cl\/en\/2019\/10\/18\/plus-chile-frederic-druot-y-trabajo-conjunto-con-la-escuela-de-arquitectura-de-la-universidad-catolica\/"},"wordCount":181,"commentCount":0,"image":{"@id":"https:\/\/fadeu.urantiacos.cl\/en\/2019\/10\/18\/plus-chile-frederic-druot-y-trabajo-conjunto-con-la-escuela-de-arquitectura-de-la-universidad-catolica\/#primaryimage"},"thumbnailUrl":"https:\/\/fadeu.urantiacos.cl\/wp-content\/uploads\/2023\/09\/PSX_20191012_203650_web.jpg","articleSection":["Sin categorizar"],"inLanguage":"en-US","potentialAction":[{"@type":"CommentAction","name":"Comment","target":["https:\/\/fadeu.urantiacos.cl\/en\/2019\/10\/18\/plus-chile-frederic-druot-y-trabajo-conjunto-con-la-escuela-de-arquitectura-de-la-universidad-catolica\/#respond"]}]},{"@type":"WebPage","@id":"https:\/\/fadeu.urantiacos.cl\/en\/2019\/10\/18\/plus-chile-frederic-druot-y-trabajo-conjunto-con-la-escuela-de-arquitectura-de-la-universidad-catolica\/","url":"https:\/\/fadeu.urantiacos.cl\/en\/2019\/10\/18\/plus-chile-frederic-druot-y-trabajo-conjunto-con-la-escuela-de-arquitectura-de-la-universidad-catolica\/","name":"PLUS CHILE - Frederic Druot y trabajo conjunto con la Escuela de Arquitectura de la Universidad Cat\u00f3lica - Facultad de Arquitectura, Dise\u00f1o y Estudios Urbanos","isPartOf":{"@id":"https:\/\/fadeu.urantiacos.cl\/en\/#website"},"primaryImageOfPage":{"@id":"https:\/\/fadeu.urantiacos.cl\/en\/2019\/10\/18\/plus-chile-frederic-druot-y-trabajo-conjunto-con-la-escuela-de-arquitectura-de-la-universidad-catolica\/#primaryimage"},"image":{"@id":"https:\/\/fadeu.urantiacos.cl\/en\/2019\/10\/18\/plus-chile-frederic-druot-y-trabajo-conjunto-con-la-escuela-de-arquitectura-de-la-universidad-catolica\/#primaryimage"},"thumbnailUrl":"https:\/\/fadeu.urantiacos.cl\/wp-content\/uploads\/2023\/09\/PSX_20191012_203650_web.jpg","datePublished":"2019-10-18T23:23:00+00:00","dateModified":"2023-09-14T23:27:25+00:00","author":{"@id":"https:\/\/fadeu.urantiacos.cl\/en\/#\/schema\/person\/d203e2e84b1c40275eac77b3061a19a2"},"description":"El d\u00eda s\u00e1bado 12 de octubre, en el contexto de la Bienal de Arquitectura, el arquitecto franc\u00e9s, Frederic Druot, socio del estudio Lacaton & Vassal, realiz\u00f3 una charla en el Persa V\u00edctor Manuel.","breadcrumb":{"@id":"https:\/\/fadeu.urantiacos.cl\/en\/2019\/10\/18\/plus-chile-frederic-druot-y-trabajo-conjunto-con-la-escuela-de-arquitectura-de-la-universidad-catolica\/#breadcrumb"},"inLanguage":"en-US","potentialAction":[{"@type":"ReadAction","target":["https:\/\/fadeu.urantiacos.cl\/en\/2019\/10\/18\/plus-chile-frederic-druot-y-trabajo-conjunto-con-la-escuela-de-arquitectura-de-la-universidad-catolica\/"]}]},{"@type":"ImageObject","inLanguage":"en-US","@id":"https:\/\/fadeu.urantiacos.cl\/en\/2019\/10\/18\/plus-chile-frederic-druot-y-trabajo-conjunto-con-la-escuela-de-arquitectura-de-la-universidad-catolica\/#primaryimage","url":"https:\/\/fadeu.urantiacos.cl\/wp-content\/uploads\/2023\/09\/PSX_20191012_203650_web.jpg","contentUrl":"https:\/\/fadeu.urantiacos.cl\/wp-content\/uploads\/2023\/09\/PSX_20191012_203650_web.jpg","width":350,"height":250},{"@type":"BreadcrumbList","@id":"https:\/\/fadeu.urantiacos.cl\/en\/2019\/10\/18\/plus-chile-frederic-druot-y-trabajo-conjunto-con-la-escuela-de-arquitectura-de-la-universidad-catolica\/#breadcrumb","itemListElement":[{"@type":"ListItem","position":1,"name":"Portada","item":"https:\/\/fadeu.urantiacos.cl\/en\/"},{"@type":"ListItem","position":2,"name":"PLUS CHILE &#8211; Frederic Druot y trabajo conjunto con la Escuela de Arquitectura de la Universidad Cat\u00f3lica"}]},{"@type":"WebSite","@id":"https:\/\/fadeu.urantiacos.cl\/en\/#website","url":"https:\/\/fadeu.urantiacos.cl\/en\/","name":"Facultad de Arquitectura, Dise\u00f1o y Estudios Urbanos","description":"Campus Lo Contador","potentialAction":[{"@type":"SearchAction","target":{"@type":"EntryPoint","urlTemplate":"https:\/\/fadeu.urantiacos.cl\/en\/?s={search_term_string}"},"query-input":{"@type":"PropertyValueSpecification","valueRequired":true,"valueName":"search_term_string"}}],"inLanguage":"en-US"},{"@type":"Person","@id":"https:\/\/fadeu.urantiacos.cl\/en\/#\/schema\/person\/d203e2e84b1c40275eac77b3061a19a2","name":"manadmin","image":{"@type":"ImageObject","inLanguage":"en-US","@id":"https:\/\/fadeu.urantiacos.cl\/en\/#\/schema\/person\/image\/","url":"https:\/\/secure.gravatar.com\/avatar\/4b1d8e3303b4a9d8968ac578947d8bc80d9aea359f388cdd4aac15cadc0e8447?s=96&d=mm&r=g","contentUrl":"https:\/\/secure.gravatar.com\/avatar\/4b1d8e3303b4a9d8968ac578947d8bc80d9aea359f388cdd4aac15cadc0e8447?s=96&d=mm&r=g","caption":"manadmin"},"sameAs":["https:\/\/fadeu.urantiacos.cl"]}]}},"_links":{"self":[{"href":"https:\/\/fadeu.urantiacos.cl\/en\/wp-json\/wp\/v2\/posts\/10087","targetHints":{"allow":["GET"]}}],"collection":[{"href":"https:\/\/fadeu.urantiacos.cl\/en\/wp-json\/wp\/v2\/posts"}],"about":[{"href":"https:\/\/fadeu.urantiacos.cl\/en\/wp-json\/wp\/v2\/types\/post"}],"author":[{"embeddable":true,"href":"https:\/\/fadeu.urantiacos.cl\/en\/wp-json\/wp\/v2\/users\/1"}],"replies":[{"embeddable":true,"href":"https:\/\/fadeu.urantiacos.cl\/en\/wp-json\/wp\/v2\/comments?post=10087"}],"version-history":[{"count":1,"href":"https:\/\/fadeu.urantiacos.cl\/en\/wp-json\/wp\/v2\/posts\/10087\/revisions"}],"predecessor-version":[{"id":10090,"href":"https:\/\/fadeu.urantiacos.cl\/en\/wp-json\/wp\/v2\/posts\/10087\/revisions\/10090"}],"wp:featuredmedia":[{"embeddable":true,"href":"https:\/\/fadeu.urantiacos.cl\/en\/wp-json\/wp\/v2\/media\/10088"}],"wp:attachment":[{"href":"https:\/\/fadeu.urantiacos.cl\/en\/wp-json\/wp\/v2\/media?parent=10087"}],"wp:term":[{"taxonomy":"category","embeddable":true,"href":"https:\/\/fadeu.urantiacos.cl\/en\/wp-json\/wp\/v2\/categories?post=10087"},{"taxonomy":"post_tag","embeddable":true,"href":"https:\/\/fadeu.urantiacos.cl\/en\/wp-json\/wp\/v2\/tags?post=10087"}],"curies":[{"name":"wp","href":"https:\/\/api.w.org\/{rel}","templated":true}]}}