{"id":10084,"date":"2019-10-18T20:21:00","date_gmt":"2019-10-18T23:21:00","guid":{"rendered":"https:\/\/fadeu.urantiacos.cl\/?p=10084"},"modified":"2023-09-14T20:23:07","modified_gmt":"2023-09-14T23:23:07","slug":"proyecto-hacker-austral","status":"publish","type":"post","link":"https:\/\/fadeu.urantiacos.cl\/en\/2019\/10\/18\/proyecto-hacker-austral\/","title":{"rendered":"Proyecto Hacker Austral"},"content":{"rendered":"\n<figure class=\"wp-block-image size-full\"><img decoding=\"async\" width=\"350\" height=\"250\" src=\"https:\/\/fadeu.urantiacos.cl\/wp-content\/uploads\/2023\/09\/IMG_7803-1024x768_web.jpg\" alt=\"\" class=\"wp-image-10085\" srcset=\"https:\/\/fadeu.urantiacos.cl\/wp-content\/uploads\/2023\/09\/IMG_7803-1024x768_web.jpg 350w, https:\/\/fadeu.urantiacos.cl\/wp-content\/uploads\/2023\/09\/IMG_7803-1024x768_web-300x214.jpg 300w\" sizes=\"(max-width: 350px) 100vw, 350px\" \/><\/figure>\n\n\n\n<p>El evento se desarroll\u00f3 en el marco del cierre del proyecto&nbsp;Corfo&nbsp;\u201cLaboratorio de emprendimiento Austral\u201d y consisti\u00f3 en dos d\u00edas de actividades y desaf\u00edos en torno a necesidades y problem\u00e1ticas locales de&nbsp;Isla Navarino&nbsp;tales como turismo, cultura, gastronom\u00eda local y medio ambiente.<\/p>\n\n\n\n<p>El objetivo fue desarrollar habilidades de co-creaci\u00f3n e impartir conocimiento tecnol\u00f3gico a ni\u00f1os\/as de ense\u00f1anza b\u00e1sica y media por medio del desarrollo de proyectos y propuestas junto a un equipo de monitores del Fab Lab Austral (Tom\u00e1s Vivanco, acad\u00e9mico Dise\u00f1o Uc y director del Fab Lab Austral, Antonia Valencia, alumna de pregrado Dise\u00f1o UC, Sebasti\u00e1n Higuera alumno de Magister en Dise\u00f1o Avanzado, Francisca Albornoz y Anna de la Maza ex alumnas de Dise\u00f1o UC).<\/p>\n\n\n\n<p>Se cont\u00f3 adem\u00e1s con el apoyo de actores locales especializados en cada tem\u00e1tica. A la ceremonia de cierre y premiaci\u00f3n, asistieron apoderados y autoridades locales, quienes pudieron conocer el laboratorio y apreciar el potencial que \u00e9ste tiene con la comunidad de Isla Navarino.<\/p>\n\n\n\n<p>INFORMACI\u00d3N PERIOD\u00cdSTICA<br>ESCUELA DE DISE\u00d1O UC<\/p>\n","protected":false},"excerpt":{"rendered":"<p>El pasado 12 y 13 de octubre se realiz\u00f3 en Puerto Williams el \u201cHacker Austral\u201d, una marat\u00f3n de dise\u00f1o y fabricaci\u00f3n destinado a estudiantes de ense\u00f1anza b\u00e1sica y media del colegio Liceo Donald Mc Intyre.<\/p>\n","protected":false},"author":1,"featured_media":10085,"comment_status":"open","ping_status":"open","sticky":false,"template":"","format":"standard","meta":{"_acf_changed":false,"footnotes":""},"categories":[1],"tags":[],"class_list":["post-10084","post","type-post","status-publish","format-standard","has-post-thumbnail","hentry","category-sin-categorizar"],"acf":[],"yoast_head":"<!-- This site is optimized with the Yoast SEO plugin v27.1.1 - https:\/\/yoast.com\/product\/yoast-seo-wordpress\/ -->\n<title>Proyecto Hacker Austral - Facultad de Arquitectura, Dise\u00f1o y Estudios Urbanos<\/title>\n<meta name=\"description\" content=\"El pasado 12 y 13 de octubre se realiz\u00f3 en Puerto Williams el \u201cHacker Austral\u201d, una marat\u00f3n de dise\u00f1o y fabricaci\u00f3n destinado a estudiantes de ense\u00f1anza b\u00e1sica y media del colegio Liceo Donald Mc Intyre.\" \/>\n<meta name=\"robots\" content=\"index, follow, max-snippet:-1, max-image-preview:large, max-video-preview:-1\" \/>\n<link rel=\"canonical\" href=\"https:\/\/fadeu.urantiacos.cl\/en\/2019\/10\/18\/proyecto-hacker-austral\/\" \/>\n<meta property=\"og:locale\" content=\"en_US\" \/>\n<meta property=\"og:type\" content=\"article\" \/>\n<meta property=\"og:title\" content=\"Proyecto Hacker Austral - Facultad de Arquitectura, Dise\u00f1o y Estudios Urbanos\" \/>\n<meta property=\"og:description\" content=\"El pasado 12 y 13 de octubre se realiz\u00f3 en Puerto Williams el \u201cHacker Austral\u201d, una marat\u00f3n de dise\u00f1o y fabricaci\u00f3n destinado a estudiantes de ense\u00f1anza b\u00e1sica y media del colegio Liceo Donald Mc Intyre.\" \/>\n<meta property=\"og:url\" content=\"https:\/\/fadeu.urantiacos.cl\/en\/2019\/10\/18\/proyecto-hacker-austral\/\" \/>\n<meta property=\"og:site_name\" content=\"Facultad de Arquitectura, Dise\u00f1o y Estudios Urbanos\" \/>\n<meta property=\"article:published_time\" content=\"2019-10-18T23:21:00+00:00\" \/>\n<meta property=\"article:modified_time\" content=\"2023-09-14T23:23:07+00:00\" \/>\n<meta property=\"og:image\" content=\"https:\/\/fadeu.urantiacos.cl\/wp-content\/uploads\/2023\/09\/IMG_7803-1024x768_web.jpg\" \/>\n\t<meta property=\"og:image:width\" content=\"350\" \/>\n\t<meta property=\"og:image:height\" content=\"250\" \/>\n\t<meta property=\"og:image:type\" content=\"image\/jpeg\" \/>\n<meta name=\"author\" content=\"manadmin\" \/>\n<meta name=\"twitter:card\" content=\"summary_large_image\" \/>\n<meta name=\"twitter:label1\" content=\"Written by\" \/>\n\t<meta name=\"twitter:data1\" content=\"manadmin\" \/>\n\t<meta name=\"twitter:label2\" content=\"Est. reading time\" \/>\n\t<meta name=\"twitter:data2\" content=\"1 minute\" \/>\n<script type=\"application\/ld+json\" class=\"yoast-schema-graph\">{\"@context\":\"https:\/\/schema.org\",\"@graph\":[{\"@type\":\"Article\",\"@id\":\"https:\/\/fadeu.urantiacos.cl\/en\/2019\/10\/18\/proyecto-hacker-austral\/#article\",\"isPartOf\":{\"@id\":\"https:\/\/fadeu.urantiacos.cl\/en\/2019\/10\/18\/proyecto-hacker-austral\/\"},\"author\":{\"name\":\"manadmin\",\"@id\":\"https:\/\/fadeu.urantiacos.cl\/en\/#\/schema\/person\/d203e2e84b1c40275eac77b3061a19a2\"},\"headline\":\"Proyecto Hacker Austral\",\"datePublished\":\"2019-10-18T23:21:00+00:00\",\"dateModified\":\"2023-09-14T23:23:07+00:00\",\"mainEntityOfPage\":{\"@id\":\"https:\/\/fadeu.urantiacos.cl\/en\/2019\/10\/18\/proyecto-hacker-austral\/\"},\"wordCount\":196,\"commentCount\":0,\"image\":{\"@id\":\"https:\/\/fadeu.urantiacos.cl\/en\/2019\/10\/18\/proyecto-hacker-austral\/#primaryimage\"},\"thumbnailUrl\":\"https:\/\/fadeu.urantiacos.cl\/wp-content\/uploads\/2023\/09\/IMG_7803-1024x768_web.jpg\",\"articleSection\":[\"Sin categorizar\"],\"inLanguage\":\"en-US\",\"potentialAction\":[{\"@type\":\"CommentAction\",\"name\":\"Comment\",\"target\":[\"https:\/\/fadeu.urantiacos.cl\/en\/2019\/10\/18\/proyecto-hacker-austral\/#respond\"]}]},{\"@type\":\"WebPage\",\"@id\":\"https:\/\/fadeu.urantiacos.cl\/en\/2019\/10\/18\/proyecto-hacker-austral\/\",\"url\":\"https:\/\/fadeu.urantiacos.cl\/en\/2019\/10\/18\/proyecto-hacker-austral\/\",\"name\":\"Proyecto Hacker Austral - Facultad de Arquitectura, Dise\u00f1o y Estudios Urbanos\",\"isPartOf\":{\"@id\":\"https:\/\/fadeu.urantiacos.cl\/en\/#website\"},\"primaryImageOfPage\":{\"@id\":\"https:\/\/fadeu.urantiacos.cl\/en\/2019\/10\/18\/proyecto-hacker-austral\/#primaryimage\"},\"image\":{\"@id\":\"https:\/\/fadeu.urantiacos.cl\/en\/2019\/10\/18\/proyecto-hacker-austral\/#primaryimage\"},\"thumbnailUrl\":\"https:\/\/fadeu.urantiacos.cl\/wp-content\/uploads\/2023\/09\/IMG_7803-1024x768_web.jpg\",\"datePublished\":\"2019-10-18T23:21:00+00:00\",\"dateModified\":\"2023-09-14T23:23:07+00:00\",\"author\":{\"@id\":\"https:\/\/fadeu.urantiacos.cl\/en\/#\/schema\/person\/d203e2e84b1c40275eac77b3061a19a2\"},\"description\":\"El pasado 12 y 13 de octubre se realiz\u00f3 en Puerto Williams el \u201cHacker Austral\u201d, una marat\u00f3n de dise\u00f1o y fabricaci\u00f3n destinado a estudiantes de ense\u00f1anza b\u00e1sica y media del colegio Liceo Donald Mc Intyre.\",\"breadcrumb\":{\"@id\":\"https:\/\/fadeu.urantiacos.cl\/en\/2019\/10\/18\/proyecto-hacker-austral\/#breadcrumb\"},\"inLanguage\":\"en-US\",\"potentialAction\":[{\"@type\":\"ReadAction\",\"target\":[\"https:\/\/fadeu.urantiacos.cl\/en\/2019\/10\/18\/proyecto-hacker-austral\/\"]}]},{\"@type\":\"ImageObject\",\"inLanguage\":\"en-US\",\"@id\":\"https:\/\/fadeu.urantiacos.cl\/en\/2019\/10\/18\/proyecto-hacker-austral\/#primaryimage\",\"url\":\"https:\/\/fadeu.urantiacos.cl\/wp-content\/uploads\/2023\/09\/IMG_7803-1024x768_web.jpg\",\"contentUrl\":\"https:\/\/fadeu.urantiacos.cl\/wp-content\/uploads\/2023\/09\/IMG_7803-1024x768_web.jpg\",\"width\":350,\"height\":250},{\"@type\":\"BreadcrumbList\",\"@id\":\"https:\/\/fadeu.urantiacos.cl\/en\/2019\/10\/18\/proyecto-hacker-austral\/#breadcrumb\",\"itemListElement\":[{\"@type\":\"ListItem\",\"position\":1,\"name\":\"Portada\",\"item\":\"https:\/\/fadeu.urantiacos.cl\/en\/\"},{\"@type\":\"ListItem\",\"position\":2,\"name\":\"Proyecto Hacker Austral\"}]},{\"@type\":\"WebSite\",\"@id\":\"https:\/\/fadeu.urantiacos.cl\/en\/#website\",\"url\":\"https:\/\/fadeu.urantiacos.cl\/en\/\",\"name\":\"Facultad de Arquitectura, Dise\u00f1o y Estudios Urbanos\",\"description\":\"Campus Lo Contador\",\"potentialAction\":[{\"@type\":\"SearchAction\",\"target\":{\"@type\":\"EntryPoint\",\"urlTemplate\":\"https:\/\/fadeu.urantiacos.cl\/en\/?s={search_term_string}\"},\"query-input\":{\"@type\":\"PropertyValueSpecification\",\"valueRequired\":true,\"valueName\":\"search_term_string\"}}],\"inLanguage\":\"en-US\"},{\"@type\":\"Person\",\"@id\":\"https:\/\/fadeu.urantiacos.cl\/en\/#\/schema\/person\/d203e2e84b1c40275eac77b3061a19a2\",\"name\":\"manadmin\",\"image\":{\"@type\":\"ImageObject\",\"inLanguage\":\"en-US\",\"@id\":\"https:\/\/fadeu.urantiacos.cl\/en\/#\/schema\/person\/image\/\",\"url\":\"https:\/\/secure.gravatar.com\/avatar\/4b1d8e3303b4a9d8968ac578947d8bc80d9aea359f388cdd4aac15cadc0e8447?s=96&d=mm&r=g\",\"contentUrl\":\"https:\/\/secure.gravatar.com\/avatar\/4b1d8e3303b4a9d8968ac578947d8bc80d9aea359f388cdd4aac15cadc0e8447?s=96&d=mm&r=g\",\"caption\":\"manadmin\"},\"sameAs\":[\"https:\/\/fadeu.urantiacos.cl\"]}]}<\/script>\n<!-- \/ Yoast SEO plugin. -->","yoast_head_json":{"title":"Proyecto Hacker Austral - Facultad de Arquitectura, Dise\u00f1o y Estudios Urbanos","description":"El pasado 12 y 13 de octubre se realiz\u00f3 en Puerto Williams el \u201cHacker Austral\u201d, una marat\u00f3n de dise\u00f1o y fabricaci\u00f3n destinado a estudiantes de ense\u00f1anza b\u00e1sica y media del colegio Liceo Donald Mc Intyre.","robots":{"index":"index","follow":"follow","max-snippet":"max-snippet:-1","max-image-preview":"max-image-preview:large","max-video-preview":"max-video-preview:-1"},"canonical":"https:\/\/fadeu.urantiacos.cl\/en\/2019\/10\/18\/proyecto-hacker-austral\/","og_locale":"en_US","og_type":"article","og_title":"Proyecto Hacker Austral - Facultad de Arquitectura, Dise\u00f1o y Estudios Urbanos","og_description":"El pasado 12 y 13 de octubre se realiz\u00f3 en Puerto Williams el \u201cHacker Austral\u201d, una marat\u00f3n de dise\u00f1o y fabricaci\u00f3n destinado a estudiantes de ense\u00f1anza b\u00e1sica y media del colegio Liceo Donald Mc Intyre.","og_url":"https:\/\/fadeu.urantiacos.cl\/en\/2019\/10\/18\/proyecto-hacker-austral\/","og_site_name":"Facultad de Arquitectura, Dise\u00f1o y Estudios Urbanos","article_published_time":"2019-10-18T23:21:00+00:00","article_modified_time":"2023-09-14T23:23:07+00:00","og_image":[{"width":350,"height":250,"url":"https:\/\/fadeu.urantiacos.cl\/wp-content\/uploads\/2023\/09\/IMG_7803-1024x768_web.jpg","type":"image\/jpeg"}],"author":"manadmin","twitter_card":"summary_large_image","twitter_misc":{"Written by":"manadmin","Est. reading time":"1 minute"},"schema":{"@context":"https:\/\/schema.org","@graph":[{"@type":"Article","@id":"https:\/\/fadeu.urantiacos.cl\/en\/2019\/10\/18\/proyecto-hacker-austral\/#article","isPartOf":{"@id":"https:\/\/fadeu.urantiacos.cl\/en\/2019\/10\/18\/proyecto-hacker-austral\/"},"author":{"name":"manadmin","@id":"https:\/\/fadeu.urantiacos.cl\/en\/#\/schema\/person\/d203e2e84b1c40275eac77b3061a19a2"},"headline":"Proyecto Hacker Austral","datePublished":"2019-10-18T23:21:00+00:00","dateModified":"2023-09-14T23:23:07+00:00","mainEntityOfPage":{"@id":"https:\/\/fadeu.urantiacos.cl\/en\/2019\/10\/18\/proyecto-hacker-austral\/"},"wordCount":196,"commentCount":0,"image":{"@id":"https:\/\/fadeu.urantiacos.cl\/en\/2019\/10\/18\/proyecto-hacker-austral\/#primaryimage"},"thumbnailUrl":"https:\/\/fadeu.urantiacos.cl\/wp-content\/uploads\/2023\/09\/IMG_7803-1024x768_web.jpg","articleSection":["Sin categorizar"],"inLanguage":"en-US","potentialAction":[{"@type":"CommentAction","name":"Comment","target":["https:\/\/fadeu.urantiacos.cl\/en\/2019\/10\/18\/proyecto-hacker-austral\/#respond"]}]},{"@type":"WebPage","@id":"https:\/\/fadeu.urantiacos.cl\/en\/2019\/10\/18\/proyecto-hacker-austral\/","url":"https:\/\/fadeu.urantiacos.cl\/en\/2019\/10\/18\/proyecto-hacker-austral\/","name":"Proyecto Hacker Austral - Facultad de Arquitectura, Dise\u00f1o y Estudios Urbanos","isPartOf":{"@id":"https:\/\/fadeu.urantiacos.cl\/en\/#website"},"primaryImageOfPage":{"@id":"https:\/\/fadeu.urantiacos.cl\/en\/2019\/10\/18\/proyecto-hacker-austral\/#primaryimage"},"image":{"@id":"https:\/\/fadeu.urantiacos.cl\/en\/2019\/10\/18\/proyecto-hacker-austral\/#primaryimage"},"thumbnailUrl":"https:\/\/fadeu.urantiacos.cl\/wp-content\/uploads\/2023\/09\/IMG_7803-1024x768_web.jpg","datePublished":"2019-10-18T23:21:00+00:00","dateModified":"2023-09-14T23:23:07+00:00","author":{"@id":"https:\/\/fadeu.urantiacos.cl\/en\/#\/schema\/person\/d203e2e84b1c40275eac77b3061a19a2"},"description":"El pasado 12 y 13 de octubre se realiz\u00f3 en Puerto Williams el \u201cHacker Austral\u201d, una marat\u00f3n de dise\u00f1o y fabricaci\u00f3n destinado a estudiantes de ense\u00f1anza b\u00e1sica y media del colegio Liceo Donald Mc Intyre.","breadcrumb":{"@id":"https:\/\/fadeu.urantiacos.cl\/en\/2019\/10\/18\/proyecto-hacker-austral\/#breadcrumb"},"inLanguage":"en-US","potentialAction":[{"@type":"ReadAction","target":["https:\/\/fadeu.urantiacos.cl\/en\/2019\/10\/18\/proyecto-hacker-austral\/"]}]},{"@type":"ImageObject","inLanguage":"en-US","@id":"https:\/\/fadeu.urantiacos.cl\/en\/2019\/10\/18\/proyecto-hacker-austral\/#primaryimage","url":"https:\/\/fadeu.urantiacos.cl\/wp-content\/uploads\/2023\/09\/IMG_7803-1024x768_web.jpg","contentUrl":"https:\/\/fadeu.urantiacos.cl\/wp-content\/uploads\/2023\/09\/IMG_7803-1024x768_web.jpg","width":350,"height":250},{"@type":"BreadcrumbList","@id":"https:\/\/fadeu.urantiacos.cl\/en\/2019\/10\/18\/proyecto-hacker-austral\/#breadcrumb","itemListElement":[{"@type":"ListItem","position":1,"name":"Portada","item":"https:\/\/fadeu.urantiacos.cl\/en\/"},{"@type":"ListItem","position":2,"name":"Proyecto Hacker Austral"}]},{"@type":"WebSite","@id":"https:\/\/fadeu.urantiacos.cl\/en\/#website","url":"https:\/\/fadeu.urantiacos.cl\/en\/","name":"Facultad de Arquitectura, Dise\u00f1o y Estudios Urbanos","description":"Campus Lo Contador","potentialAction":[{"@type":"SearchAction","target":{"@type":"EntryPoint","urlTemplate":"https:\/\/fadeu.urantiacos.cl\/en\/?s={search_term_string}"},"query-input":{"@type":"PropertyValueSpecification","valueRequired":true,"valueName":"search_term_string"}}],"inLanguage":"en-US"},{"@type":"Person","@id":"https:\/\/fadeu.urantiacos.cl\/en\/#\/schema\/person\/d203e2e84b1c40275eac77b3061a19a2","name":"manadmin","image":{"@type":"ImageObject","inLanguage":"en-US","@id":"https:\/\/fadeu.urantiacos.cl\/en\/#\/schema\/person\/image\/","url":"https:\/\/secure.gravatar.com\/avatar\/4b1d8e3303b4a9d8968ac578947d8bc80d9aea359f388cdd4aac15cadc0e8447?s=96&d=mm&r=g","contentUrl":"https:\/\/secure.gravatar.com\/avatar\/4b1d8e3303b4a9d8968ac578947d8bc80d9aea359f388cdd4aac15cadc0e8447?s=96&d=mm&r=g","caption":"manadmin"},"sameAs":["https:\/\/fadeu.urantiacos.cl"]}]}},"_links":{"self":[{"href":"https:\/\/fadeu.urantiacos.cl\/en\/wp-json\/wp\/v2\/posts\/10084","targetHints":{"allow":["GET"]}}],"collection":[{"href":"https:\/\/fadeu.urantiacos.cl\/en\/wp-json\/wp\/v2\/posts"}],"about":[{"href":"https:\/\/fadeu.urantiacos.cl\/en\/wp-json\/wp\/v2\/types\/post"}],"author":[{"embeddable":true,"href":"https:\/\/fadeu.urantiacos.cl\/en\/wp-json\/wp\/v2\/users\/1"}],"replies":[{"embeddable":true,"href":"https:\/\/fadeu.urantiacos.cl\/en\/wp-json\/wp\/v2\/comments?post=10084"}],"version-history":[{"count":1,"href":"https:\/\/fadeu.urantiacos.cl\/en\/wp-json\/wp\/v2\/posts\/10084\/revisions"}],"predecessor-version":[{"id":10086,"href":"https:\/\/fadeu.urantiacos.cl\/en\/wp-json\/wp\/v2\/posts\/10084\/revisions\/10086"}],"wp:featuredmedia":[{"embeddable":true,"href":"https:\/\/fadeu.urantiacos.cl\/en\/wp-json\/wp\/v2\/media\/10085"}],"wp:attachment":[{"href":"https:\/\/fadeu.urantiacos.cl\/en\/wp-json\/wp\/v2\/media?parent=10084"}],"wp:term":[{"taxonomy":"category","embeddable":true,"href":"https:\/\/fadeu.urantiacos.cl\/en\/wp-json\/wp\/v2\/categories?post=10084"},{"taxonomy":"post_tag","embeddable":true,"href":"https:\/\/fadeu.urantiacos.cl\/en\/wp-json\/wp\/v2\/tags?post=10084"}],"curies":[{"name":"wp","href":"https:\/\/api.w.org\/{rel}","templated":true}]}}