{"id":10068,"date":"2019-10-18T19:40:00","date_gmt":"2019-10-18T22:40:00","guid":{"rendered":"https:\/\/fadeu.urantiacos.cl\/?p=10068"},"modified":"2023-10-23T15:40:08","modified_gmt":"2023-10-23T18:40:08","slug":"estocolmo-subdirector-de-investigacion-y-desarrollo-arq-uc-pedro-alonso-y-profesor-de-la-escuela-de-diseno-uc-hugo-palmarola-inauguraron-en-arkdes-la-exposicion-flying-panels-how-concrete-panels-c","status":"publish","type":"post","link":"https:\/\/fadeu.urantiacos.cl\/en\/2019\/10\/18\/estocolmo-subdirector-de-investigacion-y-desarrollo-arq-uc-pedro-alonso-y-profesor-de-la-escuela-de-diseno-uc-hugo-palmarola-inauguraron-en-arkdes-la-exposicion-flying-panels-how-concrete-panels-c\/","title":{"rendered":"Estocolmo: Subdirector de Investigaci\u00f3n y Desarrollo ARQ UC Pedro Alonso y profesor de la Escuela de Dise\u00f1o UC Hugo Palmarola inauguraron en ArkDes la exposici\u00f3n &#8220;Flying Panels: How Concrete Panels Changed the World&#8221;"},"content":{"rendered":"\n<figure class=\"wp-block-image size-full\"><img decoding=\"async\" width=\"350\" height=\"250\" src=\"https:\/\/fadeu.urantiacos.cl\/wp-content\/uploads\/2023\/09\/1_2_web.jpg\" alt=\"\" class=\"wp-image-10069\" srcset=\"https:\/\/fadeu.urantiacos.cl\/wp-content\/uploads\/2023\/09\/1_2_web.jpg 350w, https:\/\/fadeu.urantiacos.cl\/wp-content\/uploads\/2023\/09\/1_2_web-300x214.jpg 300w\" sizes=\"(max-width: 350px) 100vw, 350px\" \/><\/figure>\n\n\n\n<p>Flying Panels&nbsp;analiza c\u00f3mo una tecnolog\u00eda de construcci\u00f3n se convirti\u00f3 en una poderosa herramienta para la construcci\u00f3n de una sociedad nueva. Despu\u00e9s de la Segunda Guerra Mundial el desarrollo de paneles de hormig\u00f3n prefabricados transform\u00f3 dr\u00e1sticamente las t\u00e9cnicas utilizadas para construir el mundo moderno. El trabajo manual fue reemplazado por la producci\u00f3n en masa automatizada, y se utilizaron nuevos elementos de concreto en miles de millones de metros cuadrados de viviendas en todo el planeta. La impresionante imagen de un panel de concreto volando por el cielo apareci\u00f3 en todas las formas de cultura popular: desde pinturas, fotograf\u00edas, dibujos y pel\u00edculas, hasta carteles, dibujos animados, juguetes para ni\u00f1os y conjuntos de \u00f3pera.<\/p>\n\n\n\n<p>Alonso y Palmarola publicaron un libro sobre la exposici\u00f3n en ediciones en ingl\u00e9s, sueco y espa\u00f1ol, por Dom Publishers y Ediciones UC. Este cuenta con art\u00edculos originales de Michael Abrahamson, Jimena Castillo, Adrian Forty, Boris Groys, Maria Lind, Jennifer Mack, Philipp Meuser, Natalya Solopova, Erik Stenberg, y Christine Varga-Harris.<\/p>\n\n\n\n<p>A la inauguraci\u00f3n asistieron alrededor de 900 personas, y cont\u00f3 con la presencia de Luis Eduardo Bresciani L., Director de la Escuela de Arquitectura UC y Mart\u00edn Tironi, profesor de la Escuela de Dise\u00f1o UC, as\u00ed como de Hern\u00e1n Bascu\u00f1\u00e1n, Embajador de Chile en Suecia.<\/p>\n\n\n\n<p>Informaci\u00f3n sobre la exposici\u00f3n en los siguientes links_<\/p>\n\n\n\n<p><\/p>\n\n\n\n<p><a href=\"https:\/\/pressroom.arkdes.se\/posts\/pressreleases\/flying-panels-how-concrete-panels-changed-the\">https:\/\/pressroom.arkdes.se\/posts\/pressreleases\/flying-panels-how-concrete-panels-changed-the<\/a><\/p>\n\n\n\n<p><a href=\"https:\/\/www.e-flux.com\/announcements\/265854\/flying-panels\/\">https:\/\/www.e-flux.com\/announcements\/265854\/flying-panels\/<\/a><\/p>\n\n\n\n<p><\/p>\n\n\n\n<figure class=\"wp-block-image size-full\"><img decoding=\"async\" width=\"1024\" height=\"683\" src=\"https:\/\/fadeu.urantiacos.cl\/wp-content\/uploads\/2023\/09\/1_2-1.jpg\" alt=\"\" class=\"wp-image-10075\" srcset=\"https:\/\/fadeu.urantiacos.cl\/wp-content\/uploads\/2023\/09\/1_2-1.jpg 1024w, https:\/\/fadeu.urantiacos.cl\/wp-content\/uploads\/2023\/09\/1_2-1-300x200.jpg 300w, https:\/\/fadeu.urantiacos.cl\/wp-content\/uploads\/2023\/09\/1_2-1-768x512.jpg 768w\" sizes=\"(max-width: 1024px) 100vw, 1024px\" \/><\/figure>\n\n\n\n<figure class=\"wp-block-image size-full\"><img decoding=\"async\" width=\"1024\" height=\"683\" src=\"https:\/\/fadeu.urantiacos.cl\/wp-content\/uploads\/2023\/09\/Expo_Flying_Panels_en_ArkDes_Pedro_Alonso_y_Hugo_Palmarola_2_3-1.jpg\" alt=\"\" class=\"wp-image-10076\" srcset=\"https:\/\/fadeu.urantiacos.cl\/wp-content\/uploads\/2023\/09\/Expo_Flying_Panels_en_ArkDes_Pedro_Alonso_y_Hugo_Palmarola_2_3-1.jpg 1024w, https:\/\/fadeu.urantiacos.cl\/wp-content\/uploads\/2023\/09\/Expo_Flying_Panels_en_ArkDes_Pedro_Alonso_y_Hugo_Palmarola_2_3-1-300x200.jpg 300w, https:\/\/fadeu.urantiacos.cl\/wp-content\/uploads\/2023\/09\/Expo_Flying_Panels_en_ArkDes_Pedro_Alonso_y_Hugo_Palmarola_2_3-1-768x512.jpg 768w\" sizes=\"(max-width: 1024px) 100vw, 1024px\" \/><\/figure>\n\n\n\n<figure class=\"wp-block-image size-full\"><img decoding=\"async\" width=\"1024\" height=\"683\" src=\"https:\/\/fadeu.urantiacos.cl\/wp-content\/uploads\/2023\/09\/Expo_Flying_Panels_en_ArkDes_Pedro_Alonso_y_Hugo_Palmarola_3_3-1.jpg\" alt=\"\" class=\"wp-image-10077\" srcset=\"https:\/\/fadeu.urantiacos.cl\/wp-content\/uploads\/2023\/09\/Expo_Flying_Panels_en_ArkDes_Pedro_Alonso_y_Hugo_Palmarola_3_3-1.jpg 1024w, https:\/\/fadeu.urantiacos.cl\/wp-content\/uploads\/2023\/09\/Expo_Flying_Panels_en_ArkDes_Pedro_Alonso_y_Hugo_Palmarola_3_3-1-300x200.jpg 300w, https:\/\/fadeu.urantiacos.cl\/wp-content\/uploads\/2023\/09\/Expo_Flying_Panels_en_ArkDes_Pedro_Alonso_y_Hugo_Palmarola_3_3-1-768x512.jpg 768w\" sizes=\"(max-width: 1024px) 100vw, 1024px\" \/><\/figure>\n\n\n\n<figure class=\"wp-block-image size-full\"><img decoding=\"async\" width=\"768\" height=\"1024\" src=\"https:\/\/fadeu.urantiacos.cl\/wp-content\/uploads\/2023\/09\/Expo_Flying_Panels_en_ArkDes_Pedro_Alonso_y_Hugo_Palmarola_4_3-1.jpg\" alt=\"\" class=\"wp-image-10078\" srcset=\"https:\/\/fadeu.urantiacos.cl\/wp-content\/uploads\/2023\/09\/Expo_Flying_Panels_en_ArkDes_Pedro_Alonso_y_Hugo_Palmarola_4_3-1.jpg 768w, https:\/\/fadeu.urantiacos.cl\/wp-content\/uploads\/2023\/09\/Expo_Flying_Panels_en_ArkDes_Pedro_Alonso_y_Hugo_Palmarola_4_3-1-225x300.jpg 225w\" sizes=\"(max-width: 768px) 100vw, 768px\" \/><\/figure>\n\n\n\n<figure class=\"wp-block-image size-full\"><img decoding=\"async\" width=\"768\" height=\"1024\" src=\"https:\/\/fadeu.urantiacos.cl\/wp-content\/uploads\/2023\/09\/Expo_Flying_Panels_en_ArkDes_Pedro_Alonso_y_Hugo_Palmarola_5_3-1.jpg\" alt=\"\" class=\"wp-image-10079\" srcset=\"https:\/\/fadeu.urantiacos.cl\/wp-content\/uploads\/2023\/09\/Expo_Flying_Panels_en_ArkDes_Pedro_Alonso_y_Hugo_Palmarola_5_3-1.jpg 768w, https:\/\/fadeu.urantiacos.cl\/wp-content\/uploads\/2023\/09\/Expo_Flying_Panels_en_ArkDes_Pedro_Alonso_y_Hugo_Palmarola_5_3-1-225x300.jpg 225w\" sizes=\"(max-width: 768px) 100vw, 768px\" \/><\/figure>\n\n\n\n<figure class=\"wp-block-image size-full\"><img decoding=\"async\" width=\"1024\" height=\"683\" src=\"https:\/\/fadeu.urantiacos.cl\/wp-content\/uploads\/2023\/09\/S0A5314.jpg\" alt=\"\" class=\"wp-image-10080\" srcset=\"https:\/\/fadeu.urantiacos.cl\/wp-content\/uploads\/2023\/09\/S0A5314.jpg 1024w, https:\/\/fadeu.urantiacos.cl\/wp-content\/uploads\/2023\/09\/S0A5314-300x200.jpg 300w, https:\/\/fadeu.urantiacos.cl\/wp-content\/uploads\/2023\/09\/S0A5314-768x512.jpg 768w\" sizes=\"(max-width: 1024px) 100vw, 1024px\" \/><\/figure>\n\n\n\n<figure class=\"wp-block-image size-full\"><img decoding=\"async\" width=\"1024\" height=\"683\" src=\"https:\/\/fadeu.urantiacos.cl\/wp-content\/uploads\/2023\/09\/S0A5343.jpg\" alt=\"\" class=\"wp-image-10081\" srcset=\"https:\/\/fadeu.urantiacos.cl\/wp-content\/uploads\/2023\/09\/S0A5343.jpg 1024w, https:\/\/fadeu.urantiacos.cl\/wp-content\/uploads\/2023\/09\/S0A5343-300x200.jpg 300w, https:\/\/fadeu.urantiacos.cl\/wp-content\/uploads\/2023\/09\/S0A5343-768x512.jpg 768w\" sizes=\"(max-width: 1024px) 100vw, 1024px\" \/><\/figure>\n\n\n\n<figure class=\"wp-block-image size-full\"><img decoding=\"async\" width=\"1024\" height=\"683\" src=\"https:\/\/fadeu.urantiacos.cl\/wp-content\/uploads\/2023\/09\/S0A5369.jpg\" alt=\"\" class=\"wp-image-10082\" srcset=\"https:\/\/fadeu.urantiacos.cl\/wp-content\/uploads\/2023\/09\/S0A5369.jpg 1024w, https:\/\/fadeu.urantiacos.cl\/wp-content\/uploads\/2023\/09\/S0A5369-300x200.jpg 300w, https:\/\/fadeu.urantiacos.cl\/wp-content\/uploads\/2023\/09\/S0A5369-768x512.jpg 768w\" sizes=\"(max-width: 1024px) 100vw, 1024px\" \/><\/figure>\n\n\n\n<p>Installation view of the exhibition \u201cFlying Panels \u2013 How Concrete Panels Changed the World\u201d, ArkDes. October 18, 2019\u2013March 1, 2020. Photograph by Kristofer Johnsson.<\/p>\n\n\n\n<p>Noticias<\/p>\n\n\n\n<p>Contacto:&nbsp;<a href=\"mailto:redesarq@uc.cl\">redesarq@uc.cl<\/a>&nbsp;| +56 2 2354 7747<br>www.arquitectura.uc.cl<\/p>\n","protected":false},"excerpt":{"rendered":"<p>Los profesores Pedro Alonso, Escuela de Arquitectura UC, y Hugo Palmarola, Escuela de Dise\u00f1o UC, inauguraron el 17 de octubre en Estocolmo la exposici\u00f3n Flying Panels: How Concrete Panels Changed the World. La muestra se desarrolla en The Swedish Centre for Architecture and Design (ArkDes) entre el 18 de octubre 2019 y el 1 de marzo 2020.<\/p>\n","protected":false},"author":1,"featured_media":10069,"comment_status":"open","ping_status":"open","sticky":false,"template":"","format":"standard","meta":{"_acf_changed":false,"footnotes":""},"categories":[1],"tags":[],"class_list":["post-10068","post","type-post","status-publish","format-standard","has-post-thumbnail","hentry","category-sin-categorizar"],"acf":[],"yoast_head":"<!-- This site is optimized with the Yoast SEO plugin v27.1.1 - https:\/\/yoast.com\/product\/yoast-seo-wordpress\/ -->\n<title>Estocolmo: Subdirector de Investigaci\u00f3n y Desarrollo ARQ UC Pedro Alonso y profesor de la Escuela de Dise\u00f1o UC Hugo Palmarola inauguraron en ArkDes la exposici\u00f3n &quot;Flying Panels: How Concrete Panels Changed the World&quot; - Facultad de Arquitectura, Dise\u00f1o y Estudios Urbanos<\/title>\n<meta name=\"description\" content=\"Los profesores Pedro Alonso, Escuela de Arquitectura UC, y Hugo Palmarola, Escuela de Dise\u00f1o UC, inauguraron el 17 de octubre en Estocolmo la exposici\u00f3n Flying Panels: How Concrete Panels Changed the World. La muestra se desarrolla en The Swedish Centre for Architecture and Design (ArkDes) entre el 18 de octubre 2019 y el 1 de marzo 2020.\" \/>\n<meta name=\"robots\" content=\"index, follow, max-snippet:-1, max-image-preview:large, max-video-preview:-1\" \/>\n<link rel=\"canonical\" href=\"https:\/\/fadeu.urantiacos.cl\/en\/2019\/10\/18\/estocolmo-subdirector-de-investigacion-y-desarrollo-arq-uc-pedro-alonso-y-profesor-de-la-escuela-de-diseno-uc-hugo-palmarola-inauguraron-en-arkdes-la-exposicion-flying-panels-how-concrete-panels-c\/\" \/>\n<meta property=\"og:locale\" content=\"en_US\" \/>\n<meta property=\"og:type\" content=\"article\" \/>\n<meta property=\"og:title\" content=\"Estocolmo: Subdirector de Investigaci\u00f3n y Desarrollo ARQ UC Pedro Alonso y profesor de la Escuela de Dise\u00f1o UC Hugo Palmarola inauguraron en ArkDes la exposici\u00f3n &quot;Flying Panels: How Concrete Panels Changed the World&quot; - Facultad de Arquitectura, Dise\u00f1o y Estudios Urbanos\" \/>\n<meta property=\"og:description\" content=\"Los profesores Pedro Alonso, Escuela de Arquitectura UC, y Hugo Palmarola, Escuela de Dise\u00f1o UC, inauguraron el 17 de octubre en Estocolmo la exposici\u00f3n Flying Panels: How Concrete Panels Changed the World. La muestra se desarrolla en The Swedish Centre for Architecture and Design (ArkDes) entre el 18 de octubre 2019 y el 1 de marzo 2020.\" \/>\n<meta property=\"og:url\" content=\"https:\/\/fadeu.urantiacos.cl\/en\/2019\/10\/18\/estocolmo-subdirector-de-investigacion-y-desarrollo-arq-uc-pedro-alonso-y-profesor-de-la-escuela-de-diseno-uc-hugo-palmarola-inauguraron-en-arkdes-la-exposicion-flying-panels-how-concrete-panels-c\/\" \/>\n<meta property=\"og:site_name\" content=\"Facultad de Arquitectura, Dise\u00f1o y Estudios Urbanos\" \/>\n<meta property=\"article:published_time\" content=\"2019-10-18T22:40:00+00:00\" \/>\n<meta property=\"article:modified_time\" content=\"2023-10-23T18:40:08+00:00\" \/>\n<meta property=\"og:image\" content=\"https:\/\/fadeu.urantiacos.cl\/wp-content\/uploads\/2023\/09\/1_2_web.jpg\" \/>\n\t<meta property=\"og:image:width\" content=\"350\" \/>\n\t<meta property=\"og:image:height\" content=\"250\" \/>\n\t<meta property=\"og:image:type\" content=\"image\/jpeg\" \/>\n<meta name=\"author\" content=\"manadmin\" \/>\n<meta name=\"twitter:card\" content=\"summary_large_image\" \/>\n<meta name=\"twitter:label1\" content=\"Written by\" \/>\n\t<meta name=\"twitter:data1\" content=\"manadmin\" \/>\n\t<meta name=\"twitter:label2\" content=\"Est. reading time\" \/>\n\t<meta name=\"twitter:data2\" content=\"3 minutes\" \/>\n<script type=\"application\/ld+json\" class=\"yoast-schema-graph\">{\"@context\":\"https:\/\/schema.org\",\"@graph\":[{\"@type\":\"Article\",\"@id\":\"https:\/\/fadeu.urantiacos.cl\/en\/2019\/10\/18\/estocolmo-subdirector-de-investigacion-y-desarrollo-arq-uc-pedro-alonso-y-profesor-de-la-escuela-de-diseno-uc-hugo-palmarola-inauguraron-en-arkdes-la-exposicion-flying-panels-how-concrete-panels-c\/#article\",\"isPartOf\":{\"@id\":\"https:\/\/fadeu.urantiacos.cl\/en\/2019\/10\/18\/estocolmo-subdirector-de-investigacion-y-desarrollo-arq-uc-pedro-alonso-y-profesor-de-la-escuela-de-diseno-uc-hugo-palmarola-inauguraron-en-arkdes-la-exposicion-flying-panels-how-concrete-panels-c\/\"},\"author\":{\"name\":\"manadmin\",\"@id\":\"https:\/\/fadeu.urantiacos.cl\/en\/#\/schema\/person\/d203e2e84b1c40275eac77b3061a19a2\"},\"headline\":\"Estocolmo: Subdirector de Investigaci\u00f3n y Desarrollo ARQ UC Pedro Alonso y profesor de la Escuela de Dise\u00f1o UC Hugo Palmarola inauguraron en ArkDes la exposici\u00f3n &#8220;Flying Panels: How Concrete Panels Changed the World&#8221;\",\"datePublished\":\"2019-10-18T22:40:00+00:00\",\"dateModified\":\"2023-10-23T18:40:08+00:00\",\"mainEntityOfPage\":{\"@id\":\"https:\/\/fadeu.urantiacos.cl\/en\/2019\/10\/18\/estocolmo-subdirector-de-investigacion-y-desarrollo-arq-uc-pedro-alonso-y-profesor-de-la-escuela-de-diseno-uc-hugo-palmarola-inauguraron-en-arkdes-la-exposicion-flying-panels-how-concrete-panels-c\/\"},\"wordCount\":317,\"commentCount\":0,\"image\":{\"@id\":\"https:\/\/fadeu.urantiacos.cl\/en\/2019\/10\/18\/estocolmo-subdirector-de-investigacion-y-desarrollo-arq-uc-pedro-alonso-y-profesor-de-la-escuela-de-diseno-uc-hugo-palmarola-inauguraron-en-arkdes-la-exposicion-flying-panels-how-concrete-panels-c\/#primaryimage\"},\"thumbnailUrl\":\"https:\/\/fadeu.urantiacos.cl\/wp-content\/uploads\/2023\/09\/1_2_web.jpg\",\"articleSection\":[\"Sin categorizar\"],\"inLanguage\":\"en-US\",\"potentialAction\":[{\"@type\":\"CommentAction\",\"name\":\"Comment\",\"target\":[\"https:\/\/fadeu.urantiacos.cl\/en\/2019\/10\/18\/estocolmo-subdirector-de-investigacion-y-desarrollo-arq-uc-pedro-alonso-y-profesor-de-la-escuela-de-diseno-uc-hugo-palmarola-inauguraron-en-arkdes-la-exposicion-flying-panels-how-concrete-panels-c\/#respond\"]}]},{\"@type\":\"WebPage\",\"@id\":\"https:\/\/fadeu.urantiacos.cl\/en\/2019\/10\/18\/estocolmo-subdirector-de-investigacion-y-desarrollo-arq-uc-pedro-alonso-y-profesor-de-la-escuela-de-diseno-uc-hugo-palmarola-inauguraron-en-arkdes-la-exposicion-flying-panels-how-concrete-panels-c\/\",\"url\":\"https:\/\/fadeu.urantiacos.cl\/en\/2019\/10\/18\/estocolmo-subdirector-de-investigacion-y-desarrollo-arq-uc-pedro-alonso-y-profesor-de-la-escuela-de-diseno-uc-hugo-palmarola-inauguraron-en-arkdes-la-exposicion-flying-panels-how-concrete-panels-c\/\",\"name\":\"Estocolmo: Subdirector de Investigaci\u00f3n y Desarrollo ARQ UC Pedro Alonso y profesor de la Escuela de Dise\u00f1o UC Hugo Palmarola inauguraron en ArkDes la exposici\u00f3n \\\"Flying Panels: How Concrete Panels Changed the World\\\" - Facultad de Arquitectura, Dise\u00f1o y Estudios Urbanos\",\"isPartOf\":{\"@id\":\"https:\/\/fadeu.urantiacos.cl\/en\/#website\"},\"primaryImageOfPage\":{\"@id\":\"https:\/\/fadeu.urantiacos.cl\/en\/2019\/10\/18\/estocolmo-subdirector-de-investigacion-y-desarrollo-arq-uc-pedro-alonso-y-profesor-de-la-escuela-de-diseno-uc-hugo-palmarola-inauguraron-en-arkdes-la-exposicion-flying-panels-how-concrete-panels-c\/#primaryimage\"},\"image\":{\"@id\":\"https:\/\/fadeu.urantiacos.cl\/en\/2019\/10\/18\/estocolmo-subdirector-de-investigacion-y-desarrollo-arq-uc-pedro-alonso-y-profesor-de-la-escuela-de-diseno-uc-hugo-palmarola-inauguraron-en-arkdes-la-exposicion-flying-panels-how-concrete-panels-c\/#primaryimage\"},\"thumbnailUrl\":\"https:\/\/fadeu.urantiacos.cl\/wp-content\/uploads\/2023\/09\/1_2_web.jpg\",\"datePublished\":\"2019-10-18T22:40:00+00:00\",\"dateModified\":\"2023-10-23T18:40:08+00:00\",\"author\":{\"@id\":\"https:\/\/fadeu.urantiacos.cl\/en\/#\/schema\/person\/d203e2e84b1c40275eac77b3061a19a2\"},\"description\":\"Los profesores Pedro Alonso, Escuela de Arquitectura UC, y Hugo Palmarola, Escuela de Dise\u00f1o UC, inauguraron el 17 de octubre en Estocolmo la exposici\u00f3n Flying Panels: How Concrete Panels Changed the World. La muestra se desarrolla en The Swedish Centre for Architecture and Design (ArkDes) entre el 18 de octubre 2019 y el 1 de marzo 2020.\",\"breadcrumb\":{\"@id\":\"https:\/\/fadeu.urantiacos.cl\/en\/2019\/10\/18\/estocolmo-subdirector-de-investigacion-y-desarrollo-arq-uc-pedro-alonso-y-profesor-de-la-escuela-de-diseno-uc-hugo-palmarola-inauguraron-en-arkdes-la-exposicion-flying-panels-how-concrete-panels-c\/#breadcrumb\"},\"inLanguage\":\"en-US\",\"potentialAction\":[{\"@type\":\"ReadAction\",\"target\":[\"https:\/\/fadeu.urantiacos.cl\/en\/2019\/10\/18\/estocolmo-subdirector-de-investigacion-y-desarrollo-arq-uc-pedro-alonso-y-profesor-de-la-escuela-de-diseno-uc-hugo-palmarola-inauguraron-en-arkdes-la-exposicion-flying-panels-how-concrete-panels-c\/\"]}]},{\"@type\":\"ImageObject\",\"inLanguage\":\"en-US\",\"@id\":\"https:\/\/fadeu.urantiacos.cl\/en\/2019\/10\/18\/estocolmo-subdirector-de-investigacion-y-desarrollo-arq-uc-pedro-alonso-y-profesor-de-la-escuela-de-diseno-uc-hugo-palmarola-inauguraron-en-arkdes-la-exposicion-flying-panels-how-concrete-panels-c\/#primaryimage\",\"url\":\"https:\/\/fadeu.urantiacos.cl\/wp-content\/uploads\/2023\/09\/1_2_web.jpg\",\"contentUrl\":\"https:\/\/fadeu.urantiacos.cl\/wp-content\/uploads\/2023\/09\/1_2_web.jpg\",\"width\":350,\"height\":250},{\"@type\":\"BreadcrumbList\",\"@id\":\"https:\/\/fadeu.urantiacos.cl\/en\/2019\/10\/18\/estocolmo-subdirector-de-investigacion-y-desarrollo-arq-uc-pedro-alonso-y-profesor-de-la-escuela-de-diseno-uc-hugo-palmarola-inauguraron-en-arkdes-la-exposicion-flying-panels-how-concrete-panels-c\/#breadcrumb\",\"itemListElement\":[{\"@type\":\"ListItem\",\"position\":1,\"name\":\"Portada\",\"item\":\"https:\/\/fadeu.urantiacos.cl\/en\/\"},{\"@type\":\"ListItem\",\"position\":2,\"name\":\"Estocolmo: Subdirector de Investigaci\u00f3n y Desarrollo ARQ UC Pedro Alonso y profesor de la Escuela de Dise\u00f1o UC Hugo Palmarola inauguraron en ArkDes la exposici\u00f3n &#8220;Flying Panels: How Concrete Panels Changed the World&#8221;\"}]},{\"@type\":\"WebSite\",\"@id\":\"https:\/\/fadeu.urantiacos.cl\/en\/#website\",\"url\":\"https:\/\/fadeu.urantiacos.cl\/en\/\",\"name\":\"Facultad de Arquitectura, Dise\u00f1o y Estudios Urbanos\",\"description\":\"Campus Lo Contador\",\"potentialAction\":[{\"@type\":\"SearchAction\",\"target\":{\"@type\":\"EntryPoint\",\"urlTemplate\":\"https:\/\/fadeu.urantiacos.cl\/en\/?s={search_term_string}\"},\"query-input\":{\"@type\":\"PropertyValueSpecification\",\"valueRequired\":true,\"valueName\":\"search_term_string\"}}],\"inLanguage\":\"en-US\"},{\"@type\":\"Person\",\"@id\":\"https:\/\/fadeu.urantiacos.cl\/en\/#\/schema\/person\/d203e2e84b1c40275eac77b3061a19a2\",\"name\":\"manadmin\",\"image\":{\"@type\":\"ImageObject\",\"inLanguage\":\"en-US\",\"@id\":\"https:\/\/fadeu.urantiacos.cl\/en\/#\/schema\/person\/image\/\",\"url\":\"https:\/\/secure.gravatar.com\/avatar\/4b1d8e3303b4a9d8968ac578947d8bc80d9aea359f388cdd4aac15cadc0e8447?s=96&d=mm&r=g\",\"contentUrl\":\"https:\/\/secure.gravatar.com\/avatar\/4b1d8e3303b4a9d8968ac578947d8bc80d9aea359f388cdd4aac15cadc0e8447?s=96&d=mm&r=g\",\"caption\":\"manadmin\"},\"sameAs\":[\"https:\/\/fadeu.urantiacos.cl\"]}]}<\/script>\n<!-- \/ Yoast SEO plugin. -->","yoast_head_json":{"title":"Estocolmo: Subdirector de Investigaci\u00f3n y Desarrollo ARQ UC Pedro Alonso y profesor de la Escuela de Dise\u00f1o UC Hugo Palmarola inauguraron en ArkDes la exposici\u00f3n \"Flying Panels: How Concrete Panels Changed the World\" - Facultad de Arquitectura, Dise\u00f1o y Estudios Urbanos","description":"Los profesores Pedro Alonso, Escuela de Arquitectura UC, y Hugo Palmarola, Escuela de Dise\u00f1o UC, inauguraron el 17 de octubre en Estocolmo la exposici\u00f3n Flying Panels: How Concrete Panels Changed the World. La muestra se desarrolla en The Swedish Centre for Architecture and Design (ArkDes) entre el 18 de octubre 2019 y el 1 de marzo 2020.","robots":{"index":"index","follow":"follow","max-snippet":"max-snippet:-1","max-image-preview":"max-image-preview:large","max-video-preview":"max-video-preview:-1"},"canonical":"https:\/\/fadeu.urantiacos.cl\/en\/2019\/10\/18\/estocolmo-subdirector-de-investigacion-y-desarrollo-arq-uc-pedro-alonso-y-profesor-de-la-escuela-de-diseno-uc-hugo-palmarola-inauguraron-en-arkdes-la-exposicion-flying-panels-how-concrete-panels-c\/","og_locale":"en_US","og_type":"article","og_title":"Estocolmo: Subdirector de Investigaci\u00f3n y Desarrollo ARQ UC Pedro Alonso y profesor de la Escuela de Dise\u00f1o UC Hugo Palmarola inauguraron en ArkDes la exposici\u00f3n \"Flying Panels: How Concrete Panels Changed the World\" - Facultad de Arquitectura, Dise\u00f1o y Estudios Urbanos","og_description":"Los profesores Pedro Alonso, Escuela de Arquitectura UC, y Hugo Palmarola, Escuela de Dise\u00f1o UC, inauguraron el 17 de octubre en Estocolmo la exposici\u00f3n Flying Panels: How Concrete Panels Changed the World. La muestra se desarrolla en The Swedish Centre for Architecture and Design (ArkDes) entre el 18 de octubre 2019 y el 1 de marzo 2020.","og_url":"https:\/\/fadeu.urantiacos.cl\/en\/2019\/10\/18\/estocolmo-subdirector-de-investigacion-y-desarrollo-arq-uc-pedro-alonso-y-profesor-de-la-escuela-de-diseno-uc-hugo-palmarola-inauguraron-en-arkdes-la-exposicion-flying-panels-how-concrete-panels-c\/","og_site_name":"Facultad de Arquitectura, Dise\u00f1o y Estudios Urbanos","article_published_time":"2019-10-18T22:40:00+00:00","article_modified_time":"2023-10-23T18:40:08+00:00","og_image":[{"width":350,"height":250,"url":"https:\/\/fadeu.urantiacos.cl\/wp-content\/uploads\/2023\/09\/1_2_web.jpg","type":"image\/jpeg"}],"author":"manadmin","twitter_card":"summary_large_image","twitter_misc":{"Written by":"manadmin","Est. reading time":"3 minutes"},"schema":{"@context":"https:\/\/schema.org","@graph":[{"@type":"Article","@id":"https:\/\/fadeu.urantiacos.cl\/en\/2019\/10\/18\/estocolmo-subdirector-de-investigacion-y-desarrollo-arq-uc-pedro-alonso-y-profesor-de-la-escuela-de-diseno-uc-hugo-palmarola-inauguraron-en-arkdes-la-exposicion-flying-panels-how-concrete-panels-c\/#article","isPartOf":{"@id":"https:\/\/fadeu.urantiacos.cl\/en\/2019\/10\/18\/estocolmo-subdirector-de-investigacion-y-desarrollo-arq-uc-pedro-alonso-y-profesor-de-la-escuela-de-diseno-uc-hugo-palmarola-inauguraron-en-arkdes-la-exposicion-flying-panels-how-concrete-panels-c\/"},"author":{"name":"manadmin","@id":"https:\/\/fadeu.urantiacos.cl\/en\/#\/schema\/person\/d203e2e84b1c40275eac77b3061a19a2"},"headline":"Estocolmo: Subdirector de Investigaci\u00f3n y Desarrollo ARQ UC Pedro Alonso y profesor de la Escuela de Dise\u00f1o UC Hugo Palmarola inauguraron en ArkDes la exposici\u00f3n &#8220;Flying Panels: How Concrete Panels Changed the World&#8221;","datePublished":"2019-10-18T22:40:00+00:00","dateModified":"2023-10-23T18:40:08+00:00","mainEntityOfPage":{"@id":"https:\/\/fadeu.urantiacos.cl\/en\/2019\/10\/18\/estocolmo-subdirector-de-investigacion-y-desarrollo-arq-uc-pedro-alonso-y-profesor-de-la-escuela-de-diseno-uc-hugo-palmarola-inauguraron-en-arkdes-la-exposicion-flying-panels-how-concrete-panels-c\/"},"wordCount":317,"commentCount":0,"image":{"@id":"https:\/\/fadeu.urantiacos.cl\/en\/2019\/10\/18\/estocolmo-subdirector-de-investigacion-y-desarrollo-arq-uc-pedro-alonso-y-profesor-de-la-escuela-de-diseno-uc-hugo-palmarola-inauguraron-en-arkdes-la-exposicion-flying-panels-how-concrete-panels-c\/#primaryimage"},"thumbnailUrl":"https:\/\/fadeu.urantiacos.cl\/wp-content\/uploads\/2023\/09\/1_2_web.jpg","articleSection":["Sin categorizar"],"inLanguage":"en-US","potentialAction":[{"@type":"CommentAction","name":"Comment","target":["https:\/\/fadeu.urantiacos.cl\/en\/2019\/10\/18\/estocolmo-subdirector-de-investigacion-y-desarrollo-arq-uc-pedro-alonso-y-profesor-de-la-escuela-de-diseno-uc-hugo-palmarola-inauguraron-en-arkdes-la-exposicion-flying-panels-how-concrete-panels-c\/#respond"]}]},{"@type":"WebPage","@id":"https:\/\/fadeu.urantiacos.cl\/en\/2019\/10\/18\/estocolmo-subdirector-de-investigacion-y-desarrollo-arq-uc-pedro-alonso-y-profesor-de-la-escuela-de-diseno-uc-hugo-palmarola-inauguraron-en-arkdes-la-exposicion-flying-panels-how-concrete-panels-c\/","url":"https:\/\/fadeu.urantiacos.cl\/en\/2019\/10\/18\/estocolmo-subdirector-de-investigacion-y-desarrollo-arq-uc-pedro-alonso-y-profesor-de-la-escuela-de-diseno-uc-hugo-palmarola-inauguraron-en-arkdes-la-exposicion-flying-panels-how-concrete-panels-c\/","name":"Estocolmo: Subdirector de Investigaci\u00f3n y Desarrollo ARQ UC Pedro Alonso y profesor de la Escuela de Dise\u00f1o UC Hugo Palmarola inauguraron en ArkDes la exposici\u00f3n \"Flying Panels: How Concrete Panels Changed the World\" - Facultad de Arquitectura, Dise\u00f1o y Estudios Urbanos","isPartOf":{"@id":"https:\/\/fadeu.urantiacos.cl\/en\/#website"},"primaryImageOfPage":{"@id":"https:\/\/fadeu.urantiacos.cl\/en\/2019\/10\/18\/estocolmo-subdirector-de-investigacion-y-desarrollo-arq-uc-pedro-alonso-y-profesor-de-la-escuela-de-diseno-uc-hugo-palmarola-inauguraron-en-arkdes-la-exposicion-flying-panels-how-concrete-panels-c\/#primaryimage"},"image":{"@id":"https:\/\/fadeu.urantiacos.cl\/en\/2019\/10\/18\/estocolmo-subdirector-de-investigacion-y-desarrollo-arq-uc-pedro-alonso-y-profesor-de-la-escuela-de-diseno-uc-hugo-palmarola-inauguraron-en-arkdes-la-exposicion-flying-panels-how-concrete-panels-c\/#primaryimage"},"thumbnailUrl":"https:\/\/fadeu.urantiacos.cl\/wp-content\/uploads\/2023\/09\/1_2_web.jpg","datePublished":"2019-10-18T22:40:00+00:00","dateModified":"2023-10-23T18:40:08+00:00","author":{"@id":"https:\/\/fadeu.urantiacos.cl\/en\/#\/schema\/person\/d203e2e84b1c40275eac77b3061a19a2"},"description":"Los profesores Pedro Alonso, Escuela de Arquitectura UC, y Hugo Palmarola, Escuela de Dise\u00f1o UC, inauguraron el 17 de octubre en Estocolmo la exposici\u00f3n Flying Panels: How Concrete Panels Changed the World. La muestra se desarrolla en The Swedish Centre for Architecture and Design (ArkDes) entre el 18 de octubre 2019 y el 1 de marzo 2020.","breadcrumb":{"@id":"https:\/\/fadeu.urantiacos.cl\/en\/2019\/10\/18\/estocolmo-subdirector-de-investigacion-y-desarrollo-arq-uc-pedro-alonso-y-profesor-de-la-escuela-de-diseno-uc-hugo-palmarola-inauguraron-en-arkdes-la-exposicion-flying-panels-how-concrete-panels-c\/#breadcrumb"},"inLanguage":"en-US","potentialAction":[{"@type":"ReadAction","target":["https:\/\/fadeu.urantiacos.cl\/en\/2019\/10\/18\/estocolmo-subdirector-de-investigacion-y-desarrollo-arq-uc-pedro-alonso-y-profesor-de-la-escuela-de-diseno-uc-hugo-palmarola-inauguraron-en-arkdes-la-exposicion-flying-panels-how-concrete-panels-c\/"]}]},{"@type":"ImageObject","inLanguage":"en-US","@id":"https:\/\/fadeu.urantiacos.cl\/en\/2019\/10\/18\/estocolmo-subdirector-de-investigacion-y-desarrollo-arq-uc-pedro-alonso-y-profesor-de-la-escuela-de-diseno-uc-hugo-palmarola-inauguraron-en-arkdes-la-exposicion-flying-panels-how-concrete-panels-c\/#primaryimage","url":"https:\/\/fadeu.urantiacos.cl\/wp-content\/uploads\/2023\/09\/1_2_web.jpg","contentUrl":"https:\/\/fadeu.urantiacos.cl\/wp-content\/uploads\/2023\/09\/1_2_web.jpg","width":350,"height":250},{"@type":"BreadcrumbList","@id":"https:\/\/fadeu.urantiacos.cl\/en\/2019\/10\/18\/estocolmo-subdirector-de-investigacion-y-desarrollo-arq-uc-pedro-alonso-y-profesor-de-la-escuela-de-diseno-uc-hugo-palmarola-inauguraron-en-arkdes-la-exposicion-flying-panels-how-concrete-panels-c\/#breadcrumb","itemListElement":[{"@type":"ListItem","position":1,"name":"Portada","item":"https:\/\/fadeu.urantiacos.cl\/en\/"},{"@type":"ListItem","position":2,"name":"Estocolmo: Subdirector de Investigaci\u00f3n y Desarrollo ARQ UC Pedro Alonso y profesor de la Escuela de Dise\u00f1o UC Hugo Palmarola inauguraron en ArkDes la exposici\u00f3n &#8220;Flying Panels: How Concrete Panels Changed the World&#8221;"}]},{"@type":"WebSite","@id":"https:\/\/fadeu.urantiacos.cl\/en\/#website","url":"https:\/\/fadeu.urantiacos.cl\/en\/","name":"Facultad de Arquitectura, Dise\u00f1o y Estudios Urbanos","description":"Campus Lo Contador","potentialAction":[{"@type":"SearchAction","target":{"@type":"EntryPoint","urlTemplate":"https:\/\/fadeu.urantiacos.cl\/en\/?s={search_term_string}"},"query-input":{"@type":"PropertyValueSpecification","valueRequired":true,"valueName":"search_term_string"}}],"inLanguage":"en-US"},{"@type":"Person","@id":"https:\/\/fadeu.urantiacos.cl\/en\/#\/schema\/person\/d203e2e84b1c40275eac77b3061a19a2","name":"manadmin","image":{"@type":"ImageObject","inLanguage":"en-US","@id":"https:\/\/fadeu.urantiacos.cl\/en\/#\/schema\/person\/image\/","url":"https:\/\/secure.gravatar.com\/avatar\/4b1d8e3303b4a9d8968ac578947d8bc80d9aea359f388cdd4aac15cadc0e8447?s=96&d=mm&r=g","contentUrl":"https:\/\/secure.gravatar.com\/avatar\/4b1d8e3303b4a9d8968ac578947d8bc80d9aea359f388cdd4aac15cadc0e8447?s=96&d=mm&r=g","caption":"manadmin"},"sameAs":["https:\/\/fadeu.urantiacos.cl"]}]}},"_links":{"self":[{"href":"https:\/\/fadeu.urantiacos.cl\/en\/wp-json\/wp\/v2\/posts\/10068","targetHints":{"allow":["GET"]}}],"collection":[{"href":"https:\/\/fadeu.urantiacos.cl\/en\/wp-json\/wp\/v2\/posts"}],"about":[{"href":"https:\/\/fadeu.urantiacos.cl\/en\/wp-json\/wp\/v2\/types\/post"}],"author":[{"embeddable":true,"href":"https:\/\/fadeu.urantiacos.cl\/en\/wp-json\/wp\/v2\/users\/1"}],"replies":[{"embeddable":true,"href":"https:\/\/fadeu.urantiacos.cl\/en\/wp-json\/wp\/v2\/comments?post=10068"}],"version-history":[{"count":3,"href":"https:\/\/fadeu.urantiacos.cl\/en\/wp-json\/wp\/v2\/posts\/10068\/revisions"}],"predecessor-version":[{"id":17541,"href":"https:\/\/fadeu.urantiacos.cl\/en\/wp-json\/wp\/v2\/posts\/10068\/revisions\/17541"}],"wp:featuredmedia":[{"embeddable":true,"href":"https:\/\/fadeu.urantiacos.cl\/en\/wp-json\/wp\/v2\/media\/10069"}],"wp:attachment":[{"href":"https:\/\/fadeu.urantiacos.cl\/en\/wp-json\/wp\/v2\/media?parent=10068"}],"wp:term":[{"taxonomy":"category","embeddable":true,"href":"https:\/\/fadeu.urantiacos.cl\/en\/wp-json\/wp\/v2\/categories?post=10068"},{"taxonomy":"post_tag","embeddable":true,"href":"https:\/\/fadeu.urantiacos.cl\/en\/wp-json\/wp\/v2\/tags?post=10068"}],"curies":[{"name":"wp","href":"https:\/\/api.w.org\/{rel}","templated":true}]}}